{"id":76661,"date":"2025-09-02T22:25:40","date_gmt":"2025-09-03T01:25:40","guid":{"rendered":"https:\/\/noticiasribeiraopreto.com.br\/index.php\/2025\/09\/02\/comercial-bate-inter-de-limeira-nos-penaltis-e-avanca-na-copa-paulista\/"},"modified":"2025-09-02T22:25:40","modified_gmt":"2025-09-03T01:25:40","slug":"comercial-bate-inter-de-limeira-nos-penaltis-e-avanca-na-copa-paulista","status":"publish","type":"post","link":"https:\/\/noticiasribeiraopreto.com.br\/index.php\/2025\/09\/02\/comercial-bate-inter-de-limeira-nos-penaltis-e-avanca-na-copa-paulista\/","title":{"rendered":"Comercial bate Inter de Limeira nos p\u00eanaltis e avan\u00e7a na Copa Paulista"},"content":{"rendered":"<div class='code-block code-block-1' style='margin: 8px 0 8px auto; text-align: right; display: block; clear: both;'>\n<p><a href=\"https:\/\/wa.link\/vpicfd\"><img data-recalc-dims=\"1\" class=\"wp-image-4922\" style=\"aspect-ratio: 2.0253164556962027; width: 561px; height: auto;\" src=\"https:\/\/i0.wp.com\/ismaelcolosi.com.br\/wp-content\/uploads\/2023\/11\/grupo-de-empregos-whatsapp-e-facebook-ismael-colosi-vagas.jpg?ssl=1\" alt=\"\" \/><\/a><\/p>\n<!-- \/wp:image -->\n<\/div>\n<p> <br \/>\n<\/p>\n<div id=\"\">\n<h2 class=\"penci-post-subtitle\">Le\u00e3o do Norte enfrenta S\u00e3o Jos\u00e9 na pr\u00f3xima fase<\/h2>\n<p>\n\t\t\t\t\t\t\t\t\t<span class=\"entry-meta-item penci-posted-on\"><i class=\"fa fa-clock-o\"\/><time class=\"entry-date published updated\" datetime=\"2025-09-02T22:25:06-03:00\">2 de setembro de 2025 22:25<\/time><\/span><span class=\"entry-meta-item penci-post-countview\"><span class=\"entry-meta-item penci-post-countview penci_post-meta_item\"><i class=\"fa fa-eye\"\/><span class=\"penci-post-countview-number penci-post-countview-p437776\">1<\/span><\/span><\/span>\t\t\t\t\t\t\t\t<\/p>\n<p><!-- .entry-meta --><br \/>\n\t\t\t\t\t\t\t\t<span class=\"penci-social-buttons penci-social-share-footer\"><span class=\"penci-social-share-text\">Compartilhar<\/span><a href=\"#\" class=\"penci-post-like penci_post-meta_item  single-like-button penci-social-item like\" data-post_id=\"437776\" title=\"Like\" data-like=\"Like\" data-unlike=\"Unlike\"><i class=\"fa fa-thumbs-o-up\"\/><span class=\"penci-share-number\">0<\/span><\/a><i class=\"fa fa-facebook\"\/><a class=\"penci-social-item twitter\" target=\"_blank\" rel=\"noopener\" title=\"\" href=\"https:\/\/twitter.com\/intent\/tweet?text=Comercial%20bate%20Inter%20de%20Limeira%20nos%20p\u00eanaltis%20e%20avan\u00e7a%20na%20Copa%20Paulista%20-%20https:\/\/www.tribunaribeirao.com.br\/comercial-bate-inter-de-limeira-nos-penaltis-e-avanca-na-copa-paulista\/\"><i class=\"fa fa-twitter\"\/><\/a><i class=\"fa fa-linkedin\"\/><i class=\"fa fa-whatsapp\"\/><i class=\"fa fa-telegram\"\/><i class=\"fa fa-envelope\"\/><\/span>\t\t\t\t\t\t\t<\/div>\n<div>\n<p><strong><em>Por Hugo Luque<\/em><\/strong><\/p>\n<p>O Comercial fez a li\u00e7\u00e3o de casa, bateu a Inter de Limeira por 1 a 0 e avan\u00e7ou na Copa Paulista ap\u00f3s triunfar nos p\u00eanaltis, no Est\u00e1dio Palma Travassos, nesta ter\u00e7a-feira (2), pelas oitavas de final da competi\u00e7\u00e3o. Foi com emo\u00e7\u00e3o, mas o Bafo levou a melhor e continua vivo no sonho de voltar a ter calend\u00e1rio nacional.<\/p>\n<p>Principal articulador comercialino, Carlos Baj\u00e9 foi cortado da segunda partida consecutiva por conta de uma les\u00e3o no p\u00e9 sofrida na v\u00e9spera do confronto de ida. Mesmo assim, o Le\u00e3o do Norte mostrou garra e foi empurrado por sua torcida rumo \u00e0 classifica\u00e7\u00e3o.<\/p>\n<p>Derrotado por 1 a 0 em Limeira, o time de Roberval Davino precisava levar a melhor por dois gols de diferen\u00e7a para avan\u00e7ar direto. Logo de cara, o Bafo mostrou que havia entrado em campo com \u201csangue nos olhos\u201d.<\/p>\n<p>No primeiro minuto, Wellington Petuba cobrou lateral na \u00e1rea da Inter e o zagueiro Cristopher completou para abrir o placar. Toda a tens\u00e3o acumulada durante a semana foi embora em poucos segundos e o primeiro tempo foi todo dos mandantes.<\/p>\n<p>O Comercial teve chances de ampliar o placar, mas n\u00e3o aproveitou e o jogo foi para o intervalo. Na volta dos vesti\u00e1rios, o Le\u00e3o da Paulista decidiu sair mais para o ataque e o duelo passou a ficar mais truncado.<\/p>\n<p>Com o tempo, os visitantes, que dividem as aten\u00e7\u00f5es entre a Copa Paulista e a S\u00e9rie D do Campeonato Brasileiro (est\u00e3o a uma vit\u00f3ria no fim de semana do acesso \u00e0 S\u00e9rie C), come\u00e7aram a levar perigo. Nervoso, o Le\u00e3o do Norte apresentou falhas defensivas e contou com a sorte e com defesas de Jo\u00e3o Lucas para n\u00e3o ficar em desvantagem no placar agregado.<\/p>\n<p>O time da casa quase ampliou com uma finaliza\u00e7\u00e3o na trave. Poucos minutos mais tarde, foi a vez da Inter de Limeira responder com um cabeceio no travess\u00e3o. J\u00e1 nos acr\u00e9scimos, os visitantes tiveram grande chance em finaliza\u00e7\u00e3o da entrada da \u00e1rea, mas o zagueiro Sergipe entrou na rota da batida e bloqueou a bola com a barriga. O defensor salvou o Bafo e levou a disputa para os p\u00eanaltis.<\/p>\n<p>Na marca da cal, a press\u00e3o comercialina surtiu efeito e Jo\u00e3o Lucas foi her\u00f3i. O goleiro abriu as cobran\u00e7as com uma defesa na batida de Lucas Gadelha e tamb\u00e9m impediu o gol na vez de Kadu. Vinicius Leite e Wallace marcaram para os visitantes, mas o Comercial teve aproveitamento perfeito e converteu suas chances com Felipe Rodrigues, Cristopher, Arthur Mascaro e Victor Moura para passar de fase e fazer a festa da maioria dos 2.226 torcedores que estiveram na Joia.<\/p>\n<p>\u00daltimo dos classificados, o Le\u00e3o do Norte encara o S\u00e3o Jos\u00e9 nas quartas de final da Copa Paulista. Por ter campanha inferior \u00e0 do rival, o Bafo ser\u00e1 o mandante no jogo de ida e visitante na volta.<\/p>\n<\/div>\n<p><script async src=\"\/\/platform.twitter.com\/widgets.js\" charset=\"utf-8\"><\/script><br \/>\n<br \/><br \/>\n<br \/><a href=\"https:\/\/www.tribunaribeirao.com.br\/comercial-bate-inter-de-limeira-nos-penaltis-e-avanca-na-copa-paulista\/\">Source link <\/a><\/p>\n<!-- CONTENT END 1 -->\n","protected":false},"excerpt":{"rendered":"<p>Le\u00e3o do Norte enfrenta S\u00e3o Jos\u00e9 na pr\u00f3xima fase 2 de setembro de 2025 22:251 Compartilhar0 Por Hugo Luque O Comercial fez a li\u00e7\u00e3o de&#8230;<\/p>\n","protected":false},"author":1,"featured_media":76662,"comment_status":"open","ping_status":"open","sticky":false,"template":"","format":"standard","meta":{"advanced_seo_description":"","jetpack_seo_html_title":"","jetpack_seo_noindex":false,"jetpack_post_was_ever_published":false,"_jetpack_newsletter_access":"","_jetpack_dont_email_post_to_subs":false,"_jetpack_newsletter_tier_id":0,"_jetpack_memberships_contains_paywalled_content":false,"_jetpack_memberships_contains_paid_content":false,"footnotes":"","jetpack_publicize_message":"","jetpack_publicize_feature_enabled":true,"jetpack_social_post_already_shared":true,"jetpack_social_options":{"image_generator_settings":{"template":"highway","default_image_id":0,"font":"","enabled":false},"version":2}},"categories":[11],"tags":[],"class_list":["post-76661","post","type-post","status-publish","format-standard","has-post-thumbnail","hentry","category-noticias-de-ribeirao-preto-sp-e-regiao-ismael-colosi"],"jetpack_publicize_connections":[],"jetpack_featured_media_url":"https:\/\/i0.wp.com\/noticiasribeiraopreto.com.br\/wp-content\/uploads\/2025\/09\/Comercial-x-Inter-de-Limeira-oitavas-Raul-Ramos-scaled.jpg?fit=1200%2C800&ssl=1","jetpack-related-posts":[{"id":23556,"url":"https:\/\/noticiasribeiraopreto.com.br\/index.php\/2024\/01\/02\/salarios-comecam-em-4-800-francos\/","url_meta":{"origin":76661,"position":0},"title":"sal\u00e1rios come\u00e7am em 4.800 francos","author":"noticiasribeiraopreto.com.br","date":"2 de January de 2024","format":false,"excerpt":"Vagas na Su\u00ed\u00e7a para pintor \u2013 Foto: Canva. Existem centenas de vagas na Su\u00ed\u00e7a para pintor e os sal\u00e1rios iniciam em 4.800 francos su\u00ed\u00e7os. Saiba mais e veja como se candidatar! Encontrar vagas na Su\u00ed\u00e7a para pintor pode ser mais f\u00e1cil do que voc\u00ea imagina. Por isso, se voc\u00ea est\u00e1\u2026","rel":"","context":"In &quot;Vagas de Emprego em Ribeir\u00e3o Preto-SP&quot;","block_context":{"text":"Vagas de Emprego em Ribeir\u00e3o Preto-SP","link":"https:\/\/noticiasribeiraopreto.com.br\/index.php\/category\/empregos-classificados-vagas-trabalho\/vagas-de-empregos-em-ribeirao-preto-regiao-brasil\/"},"img":{"alt_text":"","src":"https:\/\/i0.wp.com\/noticiasribeiraopreto.com.br\/wp-content\/uploads\/2024\/01\/vagas-na-suica-para-pintor.jpeg?fit=660%2C360&ssl=1&resize=350%2C200","width":350,"height":200,"srcset":"https:\/\/i0.wp.com\/noticiasribeiraopreto.com.br\/wp-content\/uploads\/2024\/01\/vagas-na-suica-para-pintor.jpeg?fit=660%2C360&ssl=1&resize=350%2C200 1x, https:\/\/i0.wp.com\/noticiasribeiraopreto.com.br\/wp-content\/uploads\/2024\/01\/vagas-na-suica-para-pintor.jpeg?fit=660%2C360&ssl=1&resize=525%2C300 1.5x"},"classes":[]},{"id":15188,"url":"https:\/\/noticiasribeiraopreto.com.br\/index.php\/2023\/12\/13\/salarios-acima-dos-chf-65-mil\/","url_meta":{"origin":76661,"position":1},"title":"sal\u00e1rios acima dos CHF 6,5 mil","author":"noticiasribeiraopreto.com.br","date":"13 de December de 2023","format":false,"excerpt":"Vagas na Su\u00ed\u00e7a na constru\u00e7\u00e3o civil \u2013 Foto: Canva. Existem vagas na Su\u00ed\u00e7a na constru\u00e7\u00e3o civil para pedreiros, pintores, encanadores, mec\u00e2nicos e mais cargos. Sal\u00e1rios acima dos CHF 6,5 mil francos. Saiba como se candidatar! As vagas na Su\u00ed\u00e7a na constru\u00e7\u00e3o civil costumam pagar bem. Por isso, se voc\u00ea pretende\u2026","rel":"","context":"In &quot;Vagas de Emprego em Ribeir\u00e3o Preto-SP&quot;","block_context":{"text":"Vagas de Emprego em Ribeir\u00e3o Preto-SP","link":"https:\/\/noticiasribeiraopreto.com.br\/index.php\/category\/empregos-classificados-vagas-trabalho\/vagas-de-empregos-em-ribeirao-preto-regiao-brasil\/"},"img":{"alt_text":"","src":"https:\/\/i0.wp.com\/noticiasribeiraopreto.com.br\/wp-content\/uploads\/2023\/12\/vagas-na-suica-na-construcao-civil.jpeg?fit=660%2C360&ssl=1&resize=350%2C200","width":350,"height":200,"srcset":"https:\/\/i0.wp.com\/noticiasribeiraopreto.com.br\/wp-content\/uploads\/2023\/12\/vagas-na-suica-na-construcao-civil.jpeg?fit=660%2C360&ssl=1&resize=350%2C200 1x, https:\/\/i0.wp.com\/noticiasribeiraopreto.com.br\/wp-content\/uploads\/2023\/12\/vagas-na-suica-na-construcao-civil.jpeg?fit=660%2C360&ssl=1&resize=525%2C300 1.5x"},"classes":[]},{"id":76675,"url":"https:\/\/noticiasribeiraopreto.com.br\/index.php\/2025\/09\/03\/pm-tem-novo-comandante-na-regiao\/","url_meta":{"origin":76661,"position":2},"title":"PM tem novo comandante na regi\u00e3o","author":"noticiasribeiraopreto.com.br","date":"3 de September de 2025","format":false,"excerpt":"Coronel Rodrigo Quintino assume o comando da Pol\u00edcia Militar em 93 cidades da regi\u00e3o de Ribeir\u00e3o Preto, no lugar do coronel Beltrami 3 de setembro de 2025 11:183 Compartilhar1 Por: Adalberto Luque A Pol\u00edcia Militar est\u00e1 com um novo comandante na regi\u00e3o de Ribeir\u00e3o Preto. O coronel Rodrigo Quintino est\u00e1\u2026","rel":"","context":"In &quot;Not\u00edcias de Ribeir\u00e3o Preto-SP e Regi\u00e3o&quot;","block_context":{"text":"Not\u00edcias de Ribeir\u00e3o Preto-SP e Regi\u00e3o","link":"https:\/\/noticiasribeiraopreto.com.br\/index.php\/category\/noticias-de-ribeirao-preto-sp-e-regiao-ismael-colosi\/"},"img":{"alt_text":"","src":"https:\/\/i0.wp.com\/noticiasribeiraopreto.com.br\/wp-content\/uploads\/2025\/09\/03-set-2025-celpmquintino.jpg?fit=556%2C640&ssl=1&resize=350%2C200","width":350,"height":200,"srcset":"https:\/\/i0.wp.com\/noticiasribeiraopreto.com.br\/wp-content\/uploads\/2025\/09\/03-set-2025-celpmquintino.jpg?fit=556%2C640&ssl=1&resize=350%2C200 1x, https:\/\/i0.wp.com\/noticiasribeiraopreto.com.br\/wp-content\/uploads\/2025\/09\/03-set-2025-celpmquintino.jpg?fit=556%2C640&ssl=1&resize=525%2C300 1.5x"},"classes":[]},{"id":23610,"url":"https:\/\/noticiasribeiraopreto.com.br\/index.php\/2024\/01\/02\/scotrail-esta-contratando-no-reino-unido\/","url_meta":{"origin":76661,"position":3},"title":"ScotRail est\u00e1 contratando no Reino Unido","author":"noticiasribeiraopreto.com.br","date":"2 de January de 2024","format":false,"excerpt":"Vagas na Esc\u00f3cia \u2013 Foto:Inverness Courier. A ScotRail est\u00e1 com sua maior campanha de recrutamento e tem centenas de vagas na Esc\u00f3cia. Saiba mais e veja como se candidatar! A ScotRail, uma empresa ferrovi\u00e1ria escocesa, est\u00e1 com vagas na Esc\u00f3cia. Ali\u00e1s, a companhia inicia 2024 com centenas de vagas para\u2026","rel":"","context":"In &quot;Vagas de Emprego em Ribeir\u00e3o Preto-SP&quot;","block_context":{"text":"Vagas de Emprego em Ribeir\u00e3o Preto-SP","link":"https:\/\/noticiasribeiraopreto.com.br\/index.php\/category\/empregos-classificados-vagas-trabalho\/vagas-de-empregos-em-ribeirao-preto-regiao-brasil\/"},"img":{"alt_text":"","src":"https:\/\/i0.wp.com\/noticiasribeiraopreto.com.br\/wp-content\/uploads\/2024\/01\/vagas-na-escocia.jpeg?fit=660%2C360&ssl=1&resize=350%2C200","width":350,"height":200,"srcset":"https:\/\/i0.wp.com\/noticiasribeiraopreto.com.br\/wp-content\/uploads\/2024\/01\/vagas-na-escocia.jpeg?fit=660%2C360&ssl=1&resize=350%2C200 1x, https:\/\/i0.wp.com\/noticiasribeiraopreto.com.br\/wp-content\/uploads\/2024\/01\/vagas-na-escocia.jpeg?fit=660%2C360&ssl=1&resize=525%2C300 1.5x"},"classes":[]},{"id":49220,"url":"https:\/\/noticiasribeiraopreto.com.br\/index.php\/2024\/05\/09\/concerto-especial-da-hbo-gaga-chromatica-ball-estreia-no-dia-25-de-maio-na-max-e-na-hbo\/","url_meta":{"origin":76661,"position":4},"title":"Concerto especial da HBO &#8216;Gaga Chromatica Ball&#8217; estreia no dia 25 de maio na Max e na HBO","author":"noticiasribeiraopreto.com.br","date":"9 de May de 2024","format":false,"excerpt":"Exclusivamente na Max e na HBO, o show apresenta performances ao vivo de alguns dos maiores sucessos de Lady Gaga durante sua turn\u00ea de grande sucesso em 2022.\u00a0 Diante de um p\u00fablico de 52 mil pessoas, a vencedora de 13 pr\u00eamios GRAMMY\u00ae e do Oscar\u00ae, Lady Gaga, oferece uma performance\u2026","rel":"","context":"In &quot;Not\u00edcias de Ribeir\u00e3o Preto-SP e Regi\u00e3o&quot;","block_context":{"text":"Not\u00edcias de Ribeir\u00e3o Preto-SP e Regi\u00e3o","link":"https:\/\/noticiasribeiraopreto.com.br\/index.php\/category\/noticias-de-ribeirao-preto-sp-e-regiao-ismael-colosi\/"},"img":{"alt_text":"","src":"https:\/\/i0.wp.com\/noticiasribeiraopreto.com.br\/wp-content\/uploads\/2024\/05\/Lady-Gaga-Chromatica-Ball_KA_16X9_BRA_PL.jpg?fit=1200%2C675&ssl=1&resize=350%2C200","width":350,"height":200,"srcset":"https:\/\/i0.wp.com\/noticiasribeiraopreto.com.br\/wp-content\/uploads\/2024\/05\/Lady-Gaga-Chromatica-Ball_KA_16X9_BRA_PL.jpg?fit=1200%2C675&ssl=1&resize=350%2C200 1x, https:\/\/i0.wp.com\/noticiasribeiraopreto.com.br\/wp-content\/uploads\/2024\/05\/Lady-Gaga-Chromatica-Ball_KA_16X9_BRA_PL.jpg?fit=1200%2C675&ssl=1&resize=525%2C300 1.5x, https:\/\/i0.wp.com\/noticiasribeiraopreto.com.br\/wp-content\/uploads\/2024\/05\/Lady-Gaga-Chromatica-Ball_KA_16X9_BRA_PL.jpg?fit=1200%2C675&ssl=1&resize=700%2C400 2x, https:\/\/i0.wp.com\/noticiasribeiraopreto.com.br\/wp-content\/uploads\/2024\/05\/Lady-Gaga-Chromatica-Ball_KA_16X9_BRA_PL.jpg?fit=1200%2C675&ssl=1&resize=1050%2C600 3x"},"classes":[]},{"id":60988,"url":"https:\/\/noticiasribeiraopreto.com.br\/index.php\/2024\/12\/01\/motorista-bate-na-traseira-de-carro-estacionado-na-zona-sul-de-ribeirao\/","url_meta":{"origin":76661,"position":5},"title":"Motorista bate na traseira de carro estacionado na zona Sul de Ribeir\u00e3o","author":"noticiasribeiraopreto.com.br","date":"1 de December de 2024","format":false,"excerpt":"Na manh\u00e3 deste domingo (1\u00ba), uma motorista bateu na traseiro de um carro que estava estacionado na rua Abr\u00e3o Caixe, no Jardim Iraj\u00e1, zona Sul de Ribeir\u00e3o Preto. De acordo com os moradores, apesar do impacto, a motorista n\u00e3o ficou ferida e permaneceu no local. A pol\u00edcia foi acionada e\u2026","rel":"","context":"In &quot;Not\u00edcias de Ribeir\u00e3o Preto-SP e Regi\u00e3o&quot;","block_context":{"text":"Not\u00edcias de Ribeir\u00e3o Preto-SP e Regi\u00e3o","link":"https:\/\/noticiasribeiraopreto.com.br\/index.php\/category\/noticias-de-ribeirao-preto-sp-e-regiao-ismael-colosi\/"},"img":{"alt_text":"","src":"https:\/\/i0.wp.com\/noticiasribeiraopreto.com.br\/wp-content\/uploads\/2024\/12\/acidente-jd-iraja_2024-12-01_13-51-31_png_2024-12-01_13-51-31.webp.webp?fit=1200%2C675&ssl=1&resize=350%2C200","width":350,"height":200,"srcset":"https:\/\/i0.wp.com\/noticiasribeiraopreto.com.br\/wp-content\/uploads\/2024\/12\/acidente-jd-iraja_2024-12-01_13-51-31_png_2024-12-01_13-51-31.webp.webp?fit=1200%2C675&ssl=1&resize=350%2C200 1x, https:\/\/i0.wp.com\/noticiasribeiraopreto.com.br\/wp-content\/uploads\/2024\/12\/acidente-jd-iraja_2024-12-01_13-51-31_png_2024-12-01_13-51-31.webp.webp?fit=1200%2C675&ssl=1&resize=525%2C300 1.5x, https:\/\/i0.wp.com\/noticiasribeiraopreto.com.br\/wp-content\/uploads\/2024\/12\/acidente-jd-iraja_2024-12-01_13-51-31_png_2024-12-01_13-51-31.webp.webp?fit=1200%2C675&ssl=1&resize=700%2C400 2x, https:\/\/i0.wp.com\/noticiasribeiraopreto.com.br\/wp-content\/uploads\/2024\/12\/acidente-jd-iraja_2024-12-01_13-51-31_png_2024-12-01_13-51-31.webp.webp?fit=1200%2C675&ssl=1&resize=1050%2C600 3x"},"classes":[]}],"jetpack_sharing_enabled":true,"jetpack_shortlink":"https:\/\/wp.me\/peQAOb-jWt","_links":{"self":[{"href":"https:\/\/noticiasribeiraopreto.com.br\/index.php\/wp-json\/wp\/v2\/posts\/76661","targetHints":{"allow":["GET"]}}],"collection":[{"href":"https:\/\/noticiasribeiraopreto.com.br\/index.php\/wp-json\/wp\/v2\/posts"}],"about":[{"href":"https:\/\/noticiasribeiraopreto.com.br\/index.php\/wp-json\/wp\/v2\/types\/post"}],"author":[{"embeddable":true,"href":"https:\/\/noticiasribeiraopreto.com.br\/index.php\/wp-json\/wp\/v2\/users\/1"}],"replies":[{"embeddable":true,"href":"https:\/\/noticiasribeiraopreto.com.br\/index.php\/wp-json\/wp\/v2\/comments?post=76661"}],"version-history":[{"count":0,"href":"https:\/\/noticiasribeiraopreto.com.br\/index.php\/wp-json\/wp\/v2\/posts\/76661\/revisions"}],"wp:featuredmedia":[{"embeddable":true,"href":"https:\/\/noticiasribeiraopreto.com.br\/index.php\/wp-json\/wp\/v2\/media\/76662"}],"wp:attachment":[{"href":"https:\/\/noticiasribeiraopreto.com.br\/index.php\/wp-json\/wp\/v2\/media?parent=76661"}],"wp:term":[{"taxonomy":"category","embeddable":true,"href":"https:\/\/noticiasribeiraopreto.com.br\/index.php\/wp-json\/wp\/v2\/categories?post=76661"},{"taxonomy":"post_tag","embeddable":true,"href":"https:\/\/noticiasribeiraopreto.com.br\/index.php\/wp-json\/wp\/v2\/tags?post=76661"}],"curies":[{"name":"wp","href":"https:\/\/api.w.org\/{rel}","templated":true}]}}