{"id":76663,"date":"2025-09-02T23:40:43","date_gmt":"2025-09-03T02:40:43","guid":{"rendered":"https:\/\/noticiasribeiraopreto.com.br\/index.php\/2025\/09\/02\/comercial-avanca-na-copa-paulista-com-gol-relampago-e-brilho-do-goleiro-nos-penaltis\/"},"modified":"2025-09-02T23:40:43","modified_gmt":"2025-09-03T02:40:43","slug":"comercial-avanca-na-copa-paulista-com-gol-relampago-e-brilho-do-goleiro-nos-penaltis","status":"publish","type":"post","link":"https:\/\/noticiasribeiraopreto.com.br\/index.php\/2025\/09\/02\/comercial-avanca-na-copa-paulista-com-gol-relampago-e-brilho-do-goleiro-nos-penaltis\/","title":{"rendered":"Comercial avan\u00e7a na Copa Paulista com gol rel\u00e2mpago e brilho do goleiro nos p\u00eanaltis"},"content":{"rendered":"<div class='code-block code-block-1' style='margin: 8px 0 8px auto; text-align: right; display: block; clear: both;'>\n<p><a href=\"https:\/\/wa.link\/vpicfd\"><img data-recalc-dims=\"1\" class=\"wp-image-4922\" style=\"aspect-ratio: 2.0253164556962027; width: 561px; height: auto;\" src=\"https:\/\/i0.wp.com\/ismaelcolosi.com.br\/wp-content\/uploads\/2023\/11\/grupo-de-empregos-whatsapp-e-facebook-ismael-colosi-vagas.jpg?ssl=1\" alt=\"\" \/><\/a><\/p>\n<!-- \/wp:image -->\n<\/div>\n<p> <br \/>\n<\/p>\n<div data-td-block-uid=\"tdi_95\">\n<div class=\"tdb-block-inner td-fix-index\">\n<p>O Comercial venceu a Inter de Limeira por 1 a 0 no tempo regulamentar, na noite desta ter\u00e7a-feira (2), no est\u00e1dio Palma Travassos, em Ribeir\u00e3o Preto, pelas oitavas de final da Copa Paulista.<\/p>\n<h4 class=\"wp-block-heading\"><strong>Gol rel\u00e2mpago e penalidades <\/strong><\/h4>\n<p>O \u00fanico gol da partida saiu aos 59 segundos do primeiro tempo. O zagueiro Cristopher, camisa 4 do Bafo, aproveitou a oportunidade e abriu o placa.<\/p>\n<p>Com o resultado, o Comercial igualou o placar do jogo de ida, quando perdeu fora de casa, e levou a decis\u00e3o para as cobran\u00e7as de p\u00eanaltis.<\/p>\n<h4 class=\"wp-block-heading\"><strong>Goleiro brilha e garante classifica\u00e7\u00e3o<\/strong><\/h4>\n<p>Nas penalidades, Jo\u00e3o Lucas, goleiro do Le\u00e3o, brilhou ao defender duas cobran\u00e7as consecutivas, garantindo a classifica\u00e7\u00e3o do Comercial para as quartas de final da competi\u00e7\u00e3o.<\/p>\n<h4 class=\"wp-block-heading\"><strong>Quartas de final<\/strong><\/h4>\n<p>Na pr\u00f3xima fase, o Le\u00e3o do Norte vai enfrentar o S\u00e3o Jos\u00e9. O Comercial avan\u00e7ou com a sexta melhor campanha geral, enquanto o time do Vale do Para\u00edba terminou em terceiro. Por isso, a decis\u00e3o ser\u00e1 no Est\u00e1dio Martins Pereira, em S\u00e3o Jos\u00e9 dos Campos.<\/p>\n<hr class=\"wp-block-separator has-alpha-channel-opacity\"\/>\n<p>SAIBA MAIS<\/p>\n<p>Entenda por que as obras de revitaliza\u00e7\u00e3o da Catedral de Ribeir\u00e3o ainda n\u00e3o come\u00e7aram<\/p>\n<p><strong>FIQUE ON<\/strong><\/p>\n<p>Fique ligado em tudo que acontece em Ribeir\u00e3o Preto e regi\u00e3o. Siga os perfis do\u00a0<strong>acidade on<\/strong>\u00a0no<a href=\"https:\/\/www.instagram.com\/acidadeonribeirao\" target=\"_blank\" rel=\"noreferrer noopener\">\u00a0Instagram\u00a0<\/a>e no\u00a0<a href=\"https:\/\/www.facebook.com\/acidadeonribeirao\/\" target=\"_blank\" rel=\"noreferrer noopener\">Facebook<\/a>.<\/p>\n<p>Receba not\u00edcias do<strong>\u00a0acidade on<\/strong>\u00a0no WhatsApp. Para entrar no grupo,\u00a0basta\u00a0<a href=\"https:\/\/chat.whatsapp.com\/I4nieTEMKlf50pJ28aMemC?mode=ac_t\" target=\"_blank\" rel=\"noreferrer noopener\">clicar aqui<\/a>. Ou, acesse o nosso\u00a0Canal\u00a0<a href=\"https:\/\/whatsapp.com\/channel\/0029Vb6IQl1JENyAeS57fk2p\" target=\"_blank\" rel=\"noreferrer noopener\">clicando aqui<\/a>.<\/p>\n<p>Fa\u00e7a uma den\u00fancia ou sugira uma reportagem sobre Ribeir\u00e3o Preto e regi\u00e3o pelo WhatsApp:\u00a016 99117 7802.<\/p>\n<p>VEJA TAMB\u00c9M<\/p>\n<p>O que Virginia Fonseca falou sobre poss\u00edvel romance com Vini Jr?<\/p>\n<p><!-- AI CONTENT END 1 -->\n<\/div>\n<\/div>\n<p><script async src=\"\/\/www.instagram.com\/embed.js\"><\/script><br \/>\n<br \/><br \/>\n<br \/><a href=\"https:\/\/www.acidadeon.com\/ribeiraopreto\/esportes\/comercial-avanca-nacopa-paulista-com-gol-relampago-e-brilho-do-goleiro-nos-penaltis\/\">Source link <\/a><\/p>\n<!-- CONTENT END 1 -->\n","protected":false},"excerpt":{"rendered":"<p>O Comercial venceu a Inter de Limeira por 1 a 0 no tempo regulamentar, na noite desta ter\u00e7a-feira (2), no est\u00e1dio Palma Travassos, em Ribeir\u00e3o&#8230;<\/p>\n","protected":false},"author":1,"featured_media":76664,"comment_status":"open","ping_status":"open","sticky":false,"template":"","format":"standard","meta":{"advanced_seo_description":"","jetpack_seo_html_title":"","jetpack_seo_noindex":false,"jetpack_post_was_ever_published":false,"_jetpack_newsletter_access":"","_jetpack_dont_email_post_to_subs":false,"_jetpack_newsletter_tier_id":0,"_jetpack_memberships_contains_paywalled_content":false,"_jetpack_memberships_contains_paid_content":false,"footnotes":"","jetpack_publicize_message":"","jetpack_publicize_feature_enabled":true,"jetpack_social_post_already_shared":true,"jetpack_social_options":{"image_generator_settings":{"template":"highway","default_image_id":0,"font":"","enabled":false},"version":2}},"categories":[11],"tags":[],"class_list":["post-76663","post","type-post","status-publish","format-standard","has-post-thumbnail","hentry","category-noticias-de-ribeirao-preto-sp-e-regiao-ismael-colosi"],"jetpack_publicize_connections":[],"jetpack_featured_media_url":"https:\/\/i0.wp.com\/noticiasribeiraopreto.com.br\/wp-content\/uploads\/2025\/09\/IMG_8815_2025-09-03_01-25-16.webp.webp?fit=1200%2C800&ssl=1","jetpack-related-posts":[{"id":57448,"url":"https:\/\/noticiasribeiraopreto.com.br\/index.php\/2024\/09\/01\/marcos-defende-dois-penaltis-e-classifica-comercial-na-copa-paulista\/","url_meta":{"origin":76663,"position":0},"title":"Marcos defende dois p\u00eanaltis e classifica Comercial na Copa Paulista","author":"noticiasribeiraopreto.com.br","date":"1 de September de 2024","format":false,"excerpt":"O Comercial avan\u00e7ou \u00e0s quartas de final da Copa Paulista ao vencer do Primavera nos p\u00eanaltis em jogo na manh\u00e3 deste domingo (1\u00ba), no Est\u00e1dio \u00cdtalo M\u00e1rio Limongi, em Indaiatuba (SP). O goleiro Marcos foi o her\u00f3i do Le\u00e3o ao defender duas cobran\u00e7as. O placar ficou em 5 a 4,\u2026","rel":"","context":"In &quot;Not\u00edcias de Ribeir\u00e3o Preto-SP e Regi\u00e3o&quot;","block_context":{"text":"Not\u00edcias de Ribeir\u00e3o Preto-SP e Regi\u00e3o","link":"https:\/\/noticiasribeiraopreto.com.br\/index.php\/category\/noticias-de-ribeirao-preto-sp-e-regiao-ismael-colosi\/"},"img":{"alt_text":"","src":"https:\/\/i0.wp.com\/noticiasribeiraopreto.com.br\/wp-content\/uploads\/2024\/09\/WhatsApp-Image-2024-09-01-at-12.29.36_2024-09-01_15-43-35_jpeg_2024-09-01_15-43-36.webp.webp?fit=1200%2C800&ssl=1&resize=350%2C200","width":350,"height":200,"srcset":"https:\/\/i0.wp.com\/noticiasribeiraopreto.com.br\/wp-content\/uploads\/2024\/09\/WhatsApp-Image-2024-09-01-at-12.29.36_2024-09-01_15-43-35_jpeg_2024-09-01_15-43-36.webp.webp?fit=1200%2C800&ssl=1&resize=350%2C200 1x, https:\/\/i0.wp.com\/noticiasribeiraopreto.com.br\/wp-content\/uploads\/2024\/09\/WhatsApp-Image-2024-09-01-at-12.29.36_2024-09-01_15-43-35_jpeg_2024-09-01_15-43-36.webp.webp?fit=1200%2C800&ssl=1&resize=525%2C300 1.5x, https:\/\/i0.wp.com\/noticiasribeiraopreto.com.br\/wp-content\/uploads\/2024\/09\/WhatsApp-Image-2024-09-01-at-12.29.36_2024-09-01_15-43-35_jpeg_2024-09-01_15-43-36.webp.webp?fit=1200%2C800&ssl=1&resize=700%2C400 2x, https:\/\/i0.wp.com\/noticiasribeiraopreto.com.br\/wp-content\/uploads\/2024\/09\/WhatsApp-Image-2024-09-01-at-12.29.36_2024-09-01_15-43-35_jpeg_2024-09-01_15-43-36.webp.webp?fit=1200%2C800&ssl=1&resize=1050%2C600 3x"},"classes":[]},{"id":77202,"url":"https:\/\/noticiasribeiraopreto.com.br\/index.php\/2025\/09\/13\/comercial-vence-novamente-e-vai-a-semifinal-da-copa-paulista\/","url_meta":{"origin":76663,"position":1},"title":"Comercial vence novamente e vai \u00e0 semifinal da Copa Paulista","author":"noticiasribeiraopreto.com.br","date":"13 de September de 2025","format":false,"excerpt":"Em retorno triunfal de Carlos Baj\u00e9, Bafo supera S\u00e3o Jos\u00e9 fora de casa, mesmo com homem a menos no final 13 de setembro de 2025 18:220 Compartilhar0 Por Hugo Luque O Comercial venceu mais uma vez o S\u00e3o Jos\u00e9 por 1 a 0 neste s\u00e1bado (13), no Est\u00e1dio Martins Pereira,\u2026","rel":"","context":"In &quot;Not\u00edcias de Ribeir\u00e3o Preto-SP e Regi\u00e3o&quot;","block_context":{"text":"Not\u00edcias de Ribeir\u00e3o Preto-SP e Regi\u00e3o","link":"https:\/\/noticiasribeiraopreto.com.br\/index.php\/category\/noticias-de-ribeirao-preto-sp-e-regiao-ismael-colosi\/"},"img":{"alt_text":"","src":"https:\/\/i0.wp.com\/noticiasribeiraopreto.com.br\/wp-content\/uploads\/2025\/09\/Imagem-do-WhatsApp-de-2025-09-13-as-17.58.02_d071bd16-scaled.jpg?fit=1170%2C780&ssl=1&resize=350%2C200","width":350,"height":200,"srcset":"https:\/\/i0.wp.com\/noticiasribeiraopreto.com.br\/wp-content\/uploads\/2025\/09\/Imagem-do-WhatsApp-de-2025-09-13-as-17.58.02_d071bd16-scaled.jpg?fit=1170%2C780&ssl=1&resize=350%2C200 1x, https:\/\/i0.wp.com\/noticiasribeiraopreto.com.br\/wp-content\/uploads\/2025\/09\/Imagem-do-WhatsApp-de-2025-09-13-as-17.58.02_d071bd16-scaled.jpg?fit=1170%2C780&ssl=1&resize=525%2C300 1.5x, https:\/\/i0.wp.com\/noticiasribeiraopreto.com.br\/wp-content\/uploads\/2025\/09\/Imagem-do-WhatsApp-de-2025-09-13-as-17.58.02_d071bd16-scaled.jpg?fit=1170%2C780&ssl=1&resize=700%2C400 2x, https:\/\/i0.wp.com\/noticiasribeiraopreto.com.br\/wp-content\/uploads\/2025\/09\/Imagem-do-WhatsApp-de-2025-09-13-as-17.58.02_d071bd16-scaled.jpg?fit=1170%2C780&ssl=1&resize=1050%2C600 3x"},"classes":[]},{"id":76661,"url":"https:\/\/noticiasribeiraopreto.com.br\/index.php\/2025\/09\/02\/comercial-bate-inter-de-limeira-nos-penaltis-e-avanca-na-copa-paulista\/","url_meta":{"origin":76663,"position":2},"title":"Comercial bate Inter de Limeira nos p\u00eanaltis e avan\u00e7a na Copa Paulista","author":"noticiasribeiraopreto.com.br","date":"2 de September de 2025","format":false,"excerpt":"Le\u00e3o do Norte enfrenta S\u00e3o Jos\u00e9 na pr\u00f3xima fase 2 de setembro de 2025 22:251 Compartilhar0 Por Hugo Luque O Comercial fez a li\u00e7\u00e3o de casa, bateu a Inter de Limeira por 1 a 0 e avan\u00e7ou na Copa Paulista ap\u00f3s triunfar nos p\u00eanaltis, no Est\u00e1dio Palma Travassos, nesta ter\u00e7a-feira\u2026","rel":"","context":"In &quot;Not\u00edcias de Ribeir\u00e3o Preto-SP e Regi\u00e3o&quot;","block_context":{"text":"Not\u00edcias de Ribeir\u00e3o Preto-SP e Regi\u00e3o","link":"https:\/\/noticiasribeiraopreto.com.br\/index.php\/category\/noticias-de-ribeirao-preto-sp-e-regiao-ismael-colosi\/"},"img":{"alt_text":"","src":"https:\/\/i0.wp.com\/noticiasribeiraopreto.com.br\/wp-content\/uploads\/2025\/09\/Comercial-x-Inter-de-Limeira-oitavas-Raul-Ramos-scaled.jpg?fit=1200%2C800&ssl=1&resize=350%2C200","width":350,"height":200,"srcset":"https:\/\/i0.wp.com\/noticiasribeiraopreto.com.br\/wp-content\/uploads\/2025\/09\/Comercial-x-Inter-de-Limeira-oitavas-Raul-Ramos-scaled.jpg?fit=1200%2C800&ssl=1&resize=350%2C200 1x, https:\/\/i0.wp.com\/noticiasribeiraopreto.com.br\/wp-content\/uploads\/2025\/09\/Comercial-x-Inter-de-Limeira-oitavas-Raul-Ramos-scaled.jpg?fit=1200%2C800&ssl=1&resize=525%2C300 1.5x, https:\/\/i0.wp.com\/noticiasribeiraopreto.com.br\/wp-content\/uploads\/2025\/09\/Comercial-x-Inter-de-Limeira-oitavas-Raul-Ramos-scaled.jpg?fit=1200%2C800&ssl=1&resize=700%2C400 2x, https:\/\/i0.wp.com\/noticiasribeiraopreto.com.br\/wp-content\/uploads\/2025\/09\/Comercial-x-Inter-de-Limeira-oitavas-Raul-Ramos-scaled.jpg?fit=1200%2C800&ssl=1&resize=1050%2C600 3x"},"classes":[]},{"id":26443,"url":"https:\/\/noticiasribeiraopreto.com.br\/index.php\/2024\/01\/10\/comercial-perde-a-terceira-e-termina-a-copa-sp-sem-pontuar\/","url_meta":{"origin":76663,"position":3},"title":"Comercial perde a terceira e termina a Copa SP sem pontuar","author":"noticiasribeiraopreto.com.br","date":"10 de January de 2024","format":false,"excerpt":"O Comercial foi derrotado pela Chapecoense de virada, por 2 a 1, na tarde desta ter\u00e7a-feira (9), encerrando a participa\u00e7\u00e3o na Copa S\u00e3o Paulo de Futebol J\u00fanior. O jogo foi no est\u00e1dio Bela Vista, em Cravinhos. O time de Ribeir\u00e3o Preto sofreu tr\u00eas derrotas em tr\u00eas jogos, fechando na lanterna\u2026","rel":"","context":"In &quot;Not\u00edcias de Ribeir\u00e3o Preto-SP e Regi\u00e3o&quot;","block_context":{"text":"Not\u00edcias de Ribeir\u00e3o Preto-SP e Regi\u00e3o","link":"https:\/\/noticiasribeiraopreto.com.br\/index.php\/category\/noticias-de-ribeirao-preto-sp-e-regiao-ismael-colosi\/"},"img":{"alt_text":"","src":"https:\/\/i0.wp.com\/noticiasribeiraopreto.com.br\/wp-content\/uploads\/2024\/01\/WhatsApp-Image-2024-01-09-at-17.27.52-scaled.jpeg?fit=1200%2C800&ssl=1&resize=350%2C200","width":350,"height":200,"srcset":"https:\/\/i0.wp.com\/noticiasribeiraopreto.com.br\/wp-content\/uploads\/2024\/01\/WhatsApp-Image-2024-01-09-at-17.27.52-scaled.jpeg?fit=1200%2C800&ssl=1&resize=350%2C200 1x, https:\/\/i0.wp.com\/noticiasribeiraopreto.com.br\/wp-content\/uploads\/2024\/01\/WhatsApp-Image-2024-01-09-at-17.27.52-scaled.jpeg?fit=1200%2C800&ssl=1&resize=525%2C300 1.5x, https:\/\/i0.wp.com\/noticiasribeiraopreto.com.br\/wp-content\/uploads\/2024\/01\/WhatsApp-Image-2024-01-09-at-17.27.52-scaled.jpeg?fit=1200%2C800&ssl=1&resize=700%2C400 2x, https:\/\/i0.wp.com\/noticiasribeiraopreto.com.br\/wp-content\/uploads\/2024\/01\/WhatsApp-Image-2024-01-09-at-17.27.52-scaled.jpeg?fit=1200%2C800&ssl=1&resize=1050%2C600 3x"},"classes":[]},{"id":77889,"url":"https:\/\/noticiasribeiraopreto.com.br\/index.php\/2025\/09\/27\/comercial-perde-para-xv-de-piracicaba-e-da-adeus-a-copa-paulista\/","url_meta":{"origin":76663,"position":4},"title":"Comercial perde para XV de Piracicaba e d\u00e1 adeus \u00e0 Copa Paulista","author":"noticiasribeiraopreto.com.br","date":"27 de September de 2025","format":false,"excerpt":"Bafo sofre gol no come\u00e7o, fica com um a menos e n\u00e3o ter\u00e1 calend\u00e1rio nacional em 2026 27 de setembro de 2025 20:263 Compartilhar0 Por Hugo Luque O Comercial foi derrotado pelo XV de Piracicaba por 1 a 0 e est\u00e1 eliminado da Copa Paulista. O duelo deste s\u00e1bado (27),\u2026","rel":"","context":"In &quot;Not\u00edcias de Ribeir\u00e3o Preto-SP e Regi\u00e3o&quot;","block_context":{"text":"Not\u00edcias de Ribeir\u00e3o Preto-SP e Regi\u00e3o","link":"https:\/\/noticiasribeiraopreto.com.br\/index.php\/category\/noticias-de-ribeirao-preto-sp-e-regiao-ismael-colosi\/"},"img":{"alt_text":"","src":"https:\/\/i0.wp.com\/noticiasribeiraopreto.com.br\/wp-content\/uploads\/2025\/09\/a2f9041d-b5dd-4c36-aab5-7afd7c715ba2-scaled.jpeg?fit=1170%2C780&ssl=1&resize=350%2C200","width":350,"height":200,"srcset":"https:\/\/i0.wp.com\/noticiasribeiraopreto.com.br\/wp-content\/uploads\/2025\/09\/a2f9041d-b5dd-4c36-aab5-7afd7c715ba2-scaled.jpeg?fit=1170%2C780&ssl=1&resize=350%2C200 1x, https:\/\/i0.wp.com\/noticiasribeiraopreto.com.br\/wp-content\/uploads\/2025\/09\/a2f9041d-b5dd-4c36-aab5-7afd7c715ba2-scaled.jpeg?fit=1170%2C780&ssl=1&resize=525%2C300 1.5x, https:\/\/i0.wp.com\/noticiasribeiraopreto.com.br\/wp-content\/uploads\/2025\/09\/a2f9041d-b5dd-4c36-aab5-7afd7c715ba2-scaled.jpeg?fit=1170%2C780&ssl=1&resize=700%2C400 2x, https:\/\/i0.wp.com\/noticiasribeiraopreto.com.br\/wp-content\/uploads\/2025\/09\/a2f9041d-b5dd-4c36-aab5-7afd7c715ba2-scaled.jpeg?fit=1170%2C780&ssl=1&resize=1050%2C600 3x"},"classes":[]},{"id":73735,"url":"https:\/\/noticiasribeiraopreto.com.br\/index.php\/2025\/07\/08\/comercial-empata-com-inter-de-limeira\/","url_meta":{"origin":76663,"position":5},"title":"Comercial empata com Inter de Limeira","author":"noticiasribeiraopreto.com.br","date":"8 de July de 2025","format":false,"excerpt":"Bafo sofre primeiros gols e perde 100% na Copa Paulista, mas mant\u00e9m ponta e invencibilidade 8 de julho de 2025 21:152 Compartilhar0 Por Hugo Luque O Comercial empatou em 2 a 2 com a Inter de Limeira na noite desta ter\u00e7a-feira (8), no Est\u00e1dio Major Jos\u00e9 Levy Sobrinho, pela quarta\u2026","rel":"","context":"In &quot;Not\u00edcias de Ribeir\u00e3o Preto-SP e Regi\u00e3o&quot;","block_context":{"text":"Not\u00edcias de Ribeir\u00e3o Preto-SP e Regi\u00e3o","link":"https:\/\/noticiasribeiraopreto.com.br\/index.php\/category\/noticias-de-ribeirao-preto-sp-e-regiao-ismael-colosi\/"},"img":{"alt_text":"","src":"https:\/\/i0.wp.com\/noticiasribeiraopreto.com.br\/wp-content\/uploads\/2025\/07\/Inter-de-Limeira-x-Comercial-Barbara-Pires_Comercial-FC-scaled.jpg?fit=1200%2C800&ssl=1&resize=350%2C200","width":350,"height":200,"srcset":"https:\/\/i0.wp.com\/noticiasribeiraopreto.com.br\/wp-content\/uploads\/2025\/07\/Inter-de-Limeira-x-Comercial-Barbara-Pires_Comercial-FC-scaled.jpg?fit=1200%2C800&ssl=1&resize=350%2C200 1x, https:\/\/i0.wp.com\/noticiasribeiraopreto.com.br\/wp-content\/uploads\/2025\/07\/Inter-de-Limeira-x-Comercial-Barbara-Pires_Comercial-FC-scaled.jpg?fit=1200%2C800&ssl=1&resize=525%2C300 1.5x, https:\/\/i0.wp.com\/noticiasribeiraopreto.com.br\/wp-content\/uploads\/2025\/07\/Inter-de-Limeira-x-Comercial-Barbara-Pires_Comercial-FC-scaled.jpg?fit=1200%2C800&ssl=1&resize=700%2C400 2x, https:\/\/i0.wp.com\/noticiasribeiraopreto.com.br\/wp-content\/uploads\/2025\/07\/Inter-de-Limeira-x-Comercial-Barbara-Pires_Comercial-FC-scaled.jpg?fit=1200%2C800&ssl=1&resize=1050%2C600 3x"},"classes":[]}],"jetpack_sharing_enabled":true,"jetpack_shortlink":"https:\/\/wp.me\/peQAOb-jWv","_links":{"self":[{"href":"https:\/\/noticiasribeiraopreto.com.br\/index.php\/wp-json\/wp\/v2\/posts\/76663","targetHints":{"allow":["GET"]}}],"collection":[{"href":"https:\/\/noticiasribeiraopreto.com.br\/index.php\/wp-json\/wp\/v2\/posts"}],"about":[{"href":"https:\/\/noticiasribeiraopreto.com.br\/index.php\/wp-json\/wp\/v2\/types\/post"}],"author":[{"embeddable":true,"href":"https:\/\/noticiasribeiraopreto.com.br\/index.php\/wp-json\/wp\/v2\/users\/1"}],"replies":[{"embeddable":true,"href":"https:\/\/noticiasribeiraopreto.com.br\/index.php\/wp-json\/wp\/v2\/comments?post=76663"}],"version-history":[{"count":0,"href":"https:\/\/noticiasribeiraopreto.com.br\/index.php\/wp-json\/wp\/v2\/posts\/76663\/revisions"}],"wp:featuredmedia":[{"embeddable":true,"href":"https:\/\/noticiasribeiraopreto.com.br\/index.php\/wp-json\/wp\/v2\/media\/76664"}],"wp:attachment":[{"href":"https:\/\/noticiasribeiraopreto.com.br\/index.php\/wp-json\/wp\/v2\/media?parent=76663"}],"wp:term":[{"taxonomy":"category","embeddable":true,"href":"https:\/\/noticiasribeiraopreto.com.br\/index.php\/wp-json\/wp\/v2\/categories?post=76663"},{"taxonomy":"post_tag","embeddable":true,"href":"https:\/\/noticiasribeiraopreto.com.br\/index.php\/wp-json\/wp\/v2\/tags?post=76663"}],"curies":[{"name":"wp","href":"https:\/\/api.w.org\/{rel}","templated":true}]}}