{"id":76667,"date":"2025-09-03T08:25:49","date_gmt":"2025-09-03T11:25:49","guid":{"rendered":"https:\/\/noticiasribeiraopreto.com.br\/index.php\/2025\/09\/03\/catedral-aguarda-liberacao-oficial-tribuna-ribeirao\/"},"modified":"2025-09-03T08:25:49","modified_gmt":"2025-09-03T11:25:49","slug":"catedral-aguarda-liberacao-oficial-tribuna-ribeirao","status":"publish","type":"post","link":"https:\/\/noticiasribeiraopreto.com.br\/index.php\/2025\/09\/03\/catedral-aguarda-liberacao-oficial-tribuna-ribeirao\/","title":{"rendered":"Catedral aguarda libera\u00e7\u00e3o oficial &#8211; Tribuna Ribeir\u00e3o"},"content":{"rendered":"<div class='code-block code-block-1' style='margin: 8px 0 8px auto; text-align: right; display: block; clear: both;'>\n<p><a href=\"https:\/\/wa.link\/vpicfd\"><img data-recalc-dims=\"1\" class=\"wp-image-4922\" style=\"aspect-ratio: 2.0253164556962027; width: 561px; height: auto;\" src=\"https:\/\/i0.wp.com\/ismaelcolosi.com.br\/wp-content\/uploads\/2023\/11\/grupo-de-empregos-whatsapp-e-facebook-ismael-colosi-vagas.jpg?ssl=1\" alt=\"\" \/><\/a><\/p>\n<!-- \/wp:image -->\n<\/div>\n<p> <br \/>\n<\/p>\n<div id=\"\">\n<p>\n\t\t\t\t\t\t\t\t\t<span class=\"entry-meta-item penci-posted-on\"><i class=\"fa fa-clock-o\"\/><time class=\"entry-date published updated\" datetime=\"2025-09-03T08:21:41-03:00\">3 de setembro de 2025 08:21<\/time><\/span><span class=\"entry-meta-item penci-post-countview\"><span class=\"entry-meta-item penci-post-countview penci_post-meta_item\"><i class=\"fa fa-eye\"\/><span class=\"penci-post-countview-number penci-post-countview-p437814\">2<\/span><\/span><\/span>\t\t\t\t\t\t\t\t<\/p>\n<p><!-- .entry-meta --><br \/>\n\t\t\t\t\t\t\t\t<span class=\"penci-social-buttons penci-social-share-footer\"><span class=\"penci-social-share-text\">Compartilhar<\/span><a href=\"#\" class=\"penci-post-like penci_post-meta_item  single-like-button penci-social-item like\" data-post_id=\"437814\" title=\"Like\" data-like=\"Like\" data-unlike=\"Unlike\"><i class=\"fa fa-thumbs-o-up\"\/><span class=\"penci-share-number\">0<\/span><\/a><i class=\"fa fa-facebook\"\/><a class=\"penci-social-item twitter\" target=\"_blank\" rel=\"noopener\" title=\"\" href=\"https:\/\/twitter.com\/intent\/tweet?text=Catedral%20aguarda%20libera\u00e7\u00e3o%20oficial%20-%20https:\/\/www.tribunaribeirao.com.br\/catedral-aguarda-liberacao-oficial\/\"><i class=\"fa fa-twitter\"\/><\/a><i class=\"fa fa-linkedin\"\/><i class=\"fa fa-whatsapp\"\/><i class=\"fa fa-telegram\"\/><i class=\"fa fa-envelope\"\/><\/span>\t\t\t\t\t\t\t<\/div>\n<div>\n<p>A Comiss\u00e3o de Preserva\u00e7\u00e3o e Restaura\u00e7\u00e3o da Catedral Metropolitana de S\u00e3o Sebasti\u00e3o informa que o in\u00edcio das obras de revitaliza\u00e7\u00e3o do monumento hist\u00f3rico passa por um ajuste de cronograma em fun\u00e7\u00e3o dos tr\u00e2mites legais necess\u00e1rios para a aplica\u00e7\u00e3o de recursos p\u00fablicos.\u2028\u2028Parte significativa da arrecada\u00e7\u00e3o da campanha \u201cSalve a Catedral\u201d foi viabilizada pela Lei Federal de Incentivo \u00e0 Cultura (Lei Rouanet), o que exige etapas adicionais de an\u00e1lise e aprova\u00e7\u00e3o. Para a execu\u00e7\u00e3o das obras, \u00e9 preciso apresentar or\u00e7amentos de empresas especializadas reconhecidas pelo Instituto do Patrim\u00f4nio Hist\u00f3rico e Art\u00edstico Nacional (Iphan) e aguardar parecer t\u00e9cnico do Minist\u00e9rio da Cultura. \u2028\u2028Esse processo garante transpar\u00eancia e seguran\u00e7a ao investimento, ainda que torne o ritmo mais cuidadoso.<\/p>\n<p>Desde o lan\u00e7amento da campanha, no final de 2024, j\u00e1 foram captados mais de R$ 1,2 milh\u00e3o pela Lei Rouanet, montante suficiente para o in\u00edcio das obras de funda\u00e7\u00e3o. Em paralelo, eventos e doa\u00e7\u00f5es espont\u00e2neas da comunidade arrecadaram R$ 1,6 milh\u00e3o, recursos destinados \u00e0s obras no telhado \u2013 or\u00e7adas em R$ 2,6 milh\u00f5es.\u2028\u2028O volume arrecadado at\u00e9 agora demonstra a for\u00e7a da mobiliza\u00e7\u00e3o coletiva e garante as primeiras fases da revitaliza\u00e7\u00e3o. O valor global estimado para a restaura\u00e7\u00e3o completa da Catedral \u00e9 de cerca de R$ 14 milh\u00f5es. In\u00edcio condicionado \u00e0 autoriza\u00e7\u00e3o federalA expectativa \u00e9 que as interven\u00e7\u00f5es tenham in\u00edcio assim que o Minist\u00e9rio da Cultura concluir a an\u00e1lise e autorizar formalmente a execu\u00e7\u00e3o. \u2028\u2028As primeiras etapas contemplam a recupera\u00e7\u00e3o das funda\u00e7\u00f5es e, na sequ\u00eancia, as obras estruturais no telhado, consideradas priorit\u00e1rias diante da deteriora\u00e7\u00e3o progressiva que o edif\u00edcio hist\u00f3rico enfrenta h\u00e1 mais de uma d\u00e9cada.<\/p>\n<p>O p\u00e1roco da Catedral, padre Francisco Jaber Zanardo Moussa, o Pafdre Chico, refor\u00e7a a urg\u00eancia do projeto e pede compreens\u00e3o da comunidade diante dos procedimentos necess\u00e1rios. \u201cAcredito que n\u00e3o exista ningu\u00e9m com mais pressa de come\u00e7ar essa obra do que eu. Mas, por se tratar de recursos p\u00fablicos, as exig\u00eancias s\u00e3o maiores \u2013 o que est\u00e1 correto. Isso faz com que o processo seja mais cuidadoso, pois precisamos apresentar or\u00e7amentos de empresas reconhecidas pelo IPHAN e aguardar a an\u00e1lise final do Minist\u00e9rio da Cultura.<\/p>\n<p>\u201d\u2028\u2028Ele acrescenta que a libera\u00e7\u00e3o oficial significar\u00e1 o ponto de partida para uma nova fase. \u201cNossa igreja est\u00e1 em processo de deteriora\u00e7\u00e3o h\u00e1 mais de dez anos. Assim que tivermos a autoriza\u00e7\u00e3o, come\u00e7aremos imediatamente as interven\u00e7\u00f5es\u201d, conclui.\u2028\u2028O presidente da Comiss\u00e3o de Preserva\u00e7\u00e3o e Restauro da Catedral, Renato Aguiar, destaca que a fase atual representa um momento decisivo de transi\u00e7\u00e3o para o in\u00edcio das obras. \u201cOs recursos j\u00e1 captados nos permitem dar os primeiros passos, mas, por envolver investimentos p\u00fablicos e privados, o projeto exige etapas t\u00e9cnicas que asseguram sua transpar\u00eancia e responsabilidade. O apoio da sociedade continua sendo fundamental nesse caminho.\u201d\u2028\u2028Comiss\u00e3o em prol da preserva\u00e7\u00e3o \u2013<\/p>\n<p>Para desenvolver, gerenciar e acompanhar a restaura\u00e7\u00e3o da Catedral Metropolitana de Ribeir\u00e3o Preto, foi institu\u00edda em 25 de novembro de 2024 a Comiss\u00e3o de Preserva\u00e7\u00e3o e Restaura\u00e7\u00e3o da Catedral \u2013 data considerada um marco hist\u00f3rico para a cidade.\u2028\u2028Formada por especialistas, l\u00edderes comunit\u00e1rios e representantes da sociedade civil, a Comiss\u00e3o tem a miss\u00e3o de coordenar esfor\u00e7os para garantir a conserva\u00e7\u00e3o do edif\u00edcio, reconhecido como patrim\u00f4nio cultural e espiritual da regi\u00e3o.\u2028\u2028Desde a sua cria\u00e7\u00e3o, o grupo promoveu encontros, reuni\u00f5es e a\u00e7\u00f5es, como a Festa Junina de 2025, que ampliaram a mobiliza\u00e7\u00e3o.<\/p>\n<p>\u201cTodo o engajamento demonstrado j\u00e1 se transformou em resultados concretos. Cada recurso arrecadado aproxima a Catedral do in\u00edcio efetivo das obras e refor\u00e7a a import\u00e2ncia da uni\u00e3o entre sociedade civil, apoiadores e empresas para preservar esse marco hist\u00f3rico e comunit\u00e1rio\u201d, afirma Aguiar.\u2028\u2028Inaugurada em 1870, a Catedral \u00e9 considerada um dos principais marcos hist\u00f3ricos e arquitet\u00f4nicos de Ribeir\u00e3o Preto. Ap\u00f3s mais de um s\u00e9culo de exist\u00eancia, o edif\u00edcio apresenta sinais significativos de deteriora\u00e7\u00e3o, com riscos estruturais que demandam aten\u00e7\u00e3o urgente.\u2028\u2028As obras est\u00e3o previstas para come\u00e7ar em agosto, conforme informou Renato Aguiar, presidente da comiss\u00e3o. O or\u00e7amento total da interven\u00e7\u00e3o \u00e9 estimado em R$ 15 milh\u00f5es.<\/p>\n<\/div>\n<p><script async src=\"\/\/platform.twitter.com\/widgets.js\" charset=\"utf-8\"><\/script><br \/>\n<br \/><br \/>\n<br \/><a href=\"https:\/\/www.tribunaribeirao.com.br\/catedral-aguarda-liberacao-oficial\/\">Source link <\/a><\/p>\n<!-- CONTENT END 1 -->\n","protected":false},"excerpt":{"rendered":"<p>3 de setembro de 2025 08:212 Compartilhar0 A Comiss\u00e3o de Preserva\u00e7\u00e3o e Restaura\u00e7\u00e3o da Catedral Metropolitana de S\u00e3o Sebasti\u00e3o informa que o in\u00edcio das obras&#8230;<\/p>\n","protected":false},"author":1,"featured_media":76668,"comment_status":"open","ping_status":"open","sticky":false,"template":"","format":"standard","meta":{"advanced_seo_description":"","jetpack_seo_html_title":"","jetpack_seo_noindex":false,"jetpack_post_was_ever_published":false,"_jetpack_newsletter_access":"","_jetpack_dont_email_post_to_subs":false,"_jetpack_newsletter_tier_id":0,"_jetpack_memberships_contains_paywalled_content":false,"_jetpack_memberships_contains_paid_content":false,"footnotes":"","jetpack_publicize_message":"","jetpack_publicize_feature_enabled":true,"jetpack_social_post_already_shared":true,"jetpack_social_options":{"image_generator_settings":{"template":"highway","default_image_id":0,"font":"","enabled":false},"version":2}},"categories":[11],"tags":[],"class_list":["post-76667","post","type-post","status-publish","format-standard","has-post-thumbnail","hentry","category-noticias-de-ribeirao-preto-sp-e-regiao-ismael-colosi"],"jetpack_publicize_connections":[],"jetpack_featured_media_url":"https:\/\/i0.wp.com\/noticiasribeiraopreto.com.br\/wp-content\/uploads\/2025\/09\/Catedral-Pra-Luan-Porto-scaled.jpg?fit=1170%2C780&ssl=1","jetpack-related-posts":[{"id":39221,"url":"https:\/\/noticiasribeiraopreto.com.br\/index.php\/2024\/02\/23\/20-vagas-de-empregos-entre-e-veja-oportunidades-de-trabalho-em-ribeirao-preto-sp-19\/","url_meta":{"origin":76667,"position":0},"title":"20 vagas de empregos: entre e veja oportunidades de trabalho em Ribeir\u00e3o Preto-SP","author":"noticiasribeiraopreto.com.br","date":"23 de February de 2024","format":false,"excerpt":"Lista de Vagas em Ribeir\u00e3o Preto Ribeir\u00e3o Preto - SP Caixa Ver mais Ribeir\u00e3o Preto - SP AUXILIAR DE ALMOXARIFE Ver mais Ribeir\u00e3o Preto - SP VIGILANTE Ver mais Ribeir\u00e3o Preto - SP Operador de Rastreamento Ver mais Ribeir\u00e3o Preto - SP Almoxarife Ver mais Ribeir\u00e3o Preto - SP Vendedor(a)\u2026","rel":"","context":"In &quot;Vagas de Emprego em Ribeir\u00e3o Preto-SP&quot;","block_context":{"text":"Vagas de Emprego em Ribeir\u00e3o Preto-SP","link":"https:\/\/noticiasribeiraopreto.com.br\/index.php\/category\/empregos-classificados-vagas-trabalho\/vagas-de-empregos-em-ribeirao-preto-regiao-brasil\/"},"img":{"alt_text":"","src":"","width":0,"height":0},"classes":[]},{"id":54653,"url":"https:\/\/noticiasribeiraopreto.com.br\/index.php\/2024\/07\/15\/gerente-de-fabrica\/","url_meta":{"origin":76667,"position":1},"title":"Gerente de F\u00e1brica","author":"noticiasribeiraopreto.com.br","date":"15 de July de 2024","format":false,"excerpt":"Gerente de F\u00e1bricaCampinasView JobDiretor IndustrialS\u00e3o Jos\u00e9 dos CamposView JobGerente de MarketingRibeir\u00e3o PretoView JobDiretor de SustentabilidadeCampinas\/SPView JobDiretor de RHRibeir\u00e3o PretoView JobCoordenador de Marketing Ribeir\u00e3o PretoView JobGerente de Log\u00edsticaRibeir\u00e3o PretoView JobDiretor AdministrativoRibeir\u00e3o PretoView JobSupervisor de VendasRibeir\u00e3o Preto\/SPView JobDiretor Industrial \u2013 Agroneg\u00f3cioRibeir\u00e3o PretoView JobDiretor Geral de Unidade de Neg\u00f3cio B2B - EdtechRibeir\u00e3o PretoView\u2026","rel":"","context":"In &quot;Vagas de Emprego em Ribeir\u00e3o Preto-SP&quot;","block_context":{"text":"Vagas de Emprego em Ribeir\u00e3o Preto-SP","link":"https:\/\/noticiasribeiraopreto.com.br\/index.php\/category\/empregos-classificados-vagas-trabalho\/vagas-de-empregos-em-ribeirao-preto-regiao-brasil\/"},"img":{"alt_text":"","src":"","width":0,"height":0},"classes":[]},{"id":26325,"url":"https:\/\/noticiasribeiraopreto.com.br\/index.php\/2024\/01\/09\/20-vagas-de-empregos-entre-e-veja-oportunidades-de-trabalho-em-ribeirao-preto-sp-11\/","url_meta":{"origin":76667,"position":2},"title":"20 vagas de empregos: entre e veja oportunidades de trabalho em Ribeir\u00e3o Preto-SP","author":"noticiasribeiraopreto.com.br","date":"9 de January de 2024","format":false,"excerpt":"Lista de Vagas em Ribeir\u00e3o Preto Ribeir\u00e3o Preto - SP AMBEV \u2013 Vendas \u2013 Representante de Neg\u00f3cio II Ver mais Ribeir\u00e3o Preto - SP L\u00edder de Cart\u00e3o Ver mais Ribeir\u00e3o Preto - SP Comercial | Gerente de Neg\u00f3cios I Ver mais Ribeir\u00e3o Preto - SP Santa Casa de Ribeir\u00e3o Preto:\u2026","rel":"","context":"In &quot;Vagas de Emprego em Ribeir\u00e3o Preto-SP&quot;","block_context":{"text":"Vagas de Emprego em Ribeir\u00e3o Preto-SP","link":"https:\/\/noticiasribeiraopreto.com.br\/index.php\/category\/empregos-classificados-vagas-trabalho\/vagas-de-empregos-em-ribeirao-preto-regiao-brasil\/"},"img":{"alt_text":"","src":"https:\/\/i0.wp.com\/noticiasribeiraopreto.com.br\/wp-content\/uploads\/2024\/01\/1704839995_maxresdefault.jpg?fit=1200%2C675&ssl=1&resize=350%2C200","width":350,"height":200,"srcset":"https:\/\/i0.wp.com\/noticiasribeiraopreto.com.br\/wp-content\/uploads\/2024\/01\/1704839995_maxresdefault.jpg?fit=1200%2C675&ssl=1&resize=350%2C200 1x, https:\/\/i0.wp.com\/noticiasribeiraopreto.com.br\/wp-content\/uploads\/2024\/01\/1704839995_maxresdefault.jpg?fit=1200%2C675&ssl=1&resize=525%2C300 1.5x, https:\/\/i0.wp.com\/noticiasribeiraopreto.com.br\/wp-content\/uploads\/2024\/01\/1704839995_maxresdefault.jpg?fit=1200%2C675&ssl=1&resize=700%2C400 2x, https:\/\/i0.wp.com\/noticiasribeiraopreto.com.br\/wp-content\/uploads\/2024\/01\/1704839995_maxresdefault.jpg?fit=1200%2C675&ssl=1&resize=1050%2C600 3x"},"classes":[]},{"id":54325,"url":"https:\/\/noticiasribeiraopreto.com.br\/index.php\/2024\/07\/08\/30-novas-vagas-de-emprego-em-ribeirao-preto-sp-102\/","url_meta":{"origin":76667,"position":3},"title":"30 novas vagas de emprego em Ribeir\u00e3o Preto-SP","author":"noticiasribeiraopreto.com.br","date":"8 de July de 2024","format":false,"excerpt":"Gerente de F\u00e1bricaCampinasView JobDiretor IndustrialS\u00e3o Jos\u00e9 dos CamposView JobGerente de MarketingRibeir\u00e3o PretoView JobDiretor de SustentabilidadeCampinas\/SPView JobDiretor de RHRibeir\u00e3o PretoView JobCoordenador de Marketing Ribeir\u00e3o PretoView JobGerente de Log\u00edsticaRibeir\u00e3o PretoView JobDiretor AdministrativoRibeir\u00e3o PretoView JobSupervisor de VendasRibeir\u00e3o Preto\/SPView JobDiretor Industrial \u2013 Agroneg\u00f3cioRibeir\u00e3o PretoView JobDiretor Geral de Unidade de Neg\u00f3cio B2B - EdtechRibeir\u00e3o PretoView\u2026","rel":"","context":"In &quot;Vagas de Emprego em Ribeir\u00e3o Preto-SP&quot;","block_context":{"text":"Vagas de Emprego em Ribeir\u00e3o Preto-SP","link":"https:\/\/noticiasribeiraopreto.com.br\/index.php\/category\/empregos-classificados-vagas-trabalho\/vagas-de-empregos-em-ribeirao-preto-regiao-brasil\/"},"img":{"alt_text":"","src":"","width":0,"height":0},"classes":[]},{"id":41151,"url":"https:\/\/noticiasribeiraopreto.com.br\/index.php\/2024\/03\/06\/vagas-de-emprego-na-area-de-logistica-em-ribeirao-preto-sp\/","url_meta":{"origin":76667,"position":4},"title":"Vagas de emprego na \u00e1rea de log\u00edstica em Ribeir\u00e3o Preto-SP","author":"noticiasribeiraopreto.com.br","date":"6 de March de 2024","format":false,"excerpt":"L\u00edder de Estoque Auxiliar De Expedi\u00e7\u00e3o Auxiliar de Log\u00edstica - Ribeir\u00e3o Preto - SP Auxiliar de Logistica - Repositor Auxiliar de Logistica - Repositor Operador Log\u00edstico Operador Log\u00edstico - Com Experi\u00eancia AUXILIAR DE LOG\u00cdSTICA Get notified about new Log\u00edstica jobs in Ribeir\u00e3o Preto, SP. Sign in to create job alert\u2026","rel":"","context":"In &quot;Vagas de Emprego em Ribeir\u00e3o Preto-SP&quot;","block_context":{"text":"Vagas de Emprego em Ribeir\u00e3o Preto-SP","link":"https:\/\/noticiasribeiraopreto.com.br\/index.php\/category\/empregos-classificados-vagas-trabalho\/vagas-de-empregos-em-ribeirao-preto-regiao-brasil\/"},"img":{"alt_text":"","src":"https:\/\/i0.wp.com\/noticiasribeiraopreto.com.br\/wp-content\/uploads\/2024\/03\/1709754085_Novas-vagas-de-emprego-na-area-de-logistica-Saiba-como-enviar-seu-curriculo.jpg?fit=1199%2C675&ssl=1&resize=350%2C200","width":350,"height":200,"srcset":"https:\/\/i0.wp.com\/noticiasribeiraopreto.com.br\/wp-content\/uploads\/2024\/03\/1709754085_Novas-vagas-de-emprego-na-area-de-logistica-Saiba-como-enviar-seu-curriculo.jpg?fit=1199%2C675&ssl=1&resize=350%2C200 1x, https:\/\/i0.wp.com\/noticiasribeiraopreto.com.br\/wp-content\/uploads\/2024\/03\/1709754085_Novas-vagas-de-emprego-na-area-de-logistica-Saiba-como-enviar-seu-curriculo.jpg?fit=1199%2C675&ssl=1&resize=525%2C300 1.5x, https:\/\/i0.wp.com\/noticiasribeiraopreto.com.br\/wp-content\/uploads\/2024\/03\/1709754085_Novas-vagas-de-emprego-na-area-de-logistica-Saiba-como-enviar-seu-curriculo.jpg?fit=1199%2C675&ssl=1&resize=700%2C400 2x, https:\/\/i0.wp.com\/noticiasribeiraopreto.com.br\/wp-content\/uploads\/2024\/03\/1709754085_Novas-vagas-de-emprego-na-area-de-logistica-Saiba-como-enviar-seu-curriculo.jpg?fit=1199%2C675&ssl=1&resize=1050%2C600 3x"},"classes":[]},{"id":29993,"url":"https:\/\/noticiasribeiraopreto.com.br\/index.php\/2024\/01\/19\/20-vagas-de-empregos-entre-e-veja-oportunidades-de-trabalho-em-ribeirao-preto-sp-16\/","url_meta":{"origin":76667,"position":5},"title":"20 vagas de empregos: entre e veja oportunidades de trabalho em Ribeir\u00e3o Preto-SP","author":"noticiasribeiraopreto.com.br","date":"19 de January de 2024","format":false,"excerpt":"Lista de Vagas em Ribeir\u00e3o Preto Ribeir\u00e3o Preto - SP ASSISTENTE DE LOJA Ver mais Ribeir\u00e3o Preto - SP Terapeuta Ocupacional Ver mais Ribeir\u00e3o Preto - SP Jovem Aprendiz Administrativo Ver mais Ribeir\u00e3o Preto - SP Vendedor(a) \u00d3tica Ver mais Ribeir\u00e3o Preto - SP Auxiliar de Estoque Ver mais Ribeir\u00e3o\u2026","rel":"","context":"In &quot;Vagas de Emprego em Ribeir\u00e3o Preto-SP&quot;","block_context":{"text":"Vagas de Emprego em Ribeir\u00e3o Preto-SP","link":"https:\/\/noticiasribeiraopreto.com.br\/index.php\/category\/empregos-classificados-vagas-trabalho\/vagas-de-empregos-em-ribeirao-preto-regiao-brasil\/"},"img":{"alt_text":"","src":"https:\/\/i0.wp.com\/noticiasribeiraopreto.com.br\/wp-content\/uploads\/2024\/01\/1705707376_maxresdefault.jpg?fit=1200%2C675&ssl=1&resize=350%2C200","width":350,"height":200,"srcset":"https:\/\/i0.wp.com\/noticiasribeiraopreto.com.br\/wp-content\/uploads\/2024\/01\/1705707376_maxresdefault.jpg?fit=1200%2C675&ssl=1&resize=350%2C200 1x, https:\/\/i0.wp.com\/noticiasribeiraopreto.com.br\/wp-content\/uploads\/2024\/01\/1705707376_maxresdefault.jpg?fit=1200%2C675&ssl=1&resize=525%2C300 1.5x, https:\/\/i0.wp.com\/noticiasribeiraopreto.com.br\/wp-content\/uploads\/2024\/01\/1705707376_maxresdefault.jpg?fit=1200%2C675&ssl=1&resize=700%2C400 2x, https:\/\/i0.wp.com\/noticiasribeiraopreto.com.br\/wp-content\/uploads\/2024\/01\/1705707376_maxresdefault.jpg?fit=1200%2C675&ssl=1&resize=1050%2C600 3x"},"classes":[]}],"jetpack_sharing_enabled":true,"jetpack_shortlink":"https:\/\/wp.me\/peQAOb-jWz","_links":{"self":[{"href":"https:\/\/noticiasribeiraopreto.com.br\/index.php\/wp-json\/wp\/v2\/posts\/76667","targetHints":{"allow":["GET"]}}],"collection":[{"href":"https:\/\/noticiasribeiraopreto.com.br\/index.php\/wp-json\/wp\/v2\/posts"}],"about":[{"href":"https:\/\/noticiasribeiraopreto.com.br\/index.php\/wp-json\/wp\/v2\/types\/post"}],"author":[{"embeddable":true,"href":"https:\/\/noticiasribeiraopreto.com.br\/index.php\/wp-json\/wp\/v2\/users\/1"}],"replies":[{"embeddable":true,"href":"https:\/\/noticiasribeiraopreto.com.br\/index.php\/wp-json\/wp\/v2\/comments?post=76667"}],"version-history":[{"count":0,"href":"https:\/\/noticiasribeiraopreto.com.br\/index.php\/wp-json\/wp\/v2\/posts\/76667\/revisions"}],"wp:featuredmedia":[{"embeddable":true,"href":"https:\/\/noticiasribeiraopreto.com.br\/index.php\/wp-json\/wp\/v2\/media\/76668"}],"wp:attachment":[{"href":"https:\/\/noticiasribeiraopreto.com.br\/index.php\/wp-json\/wp\/v2\/media?parent=76667"}],"wp:term":[{"taxonomy":"category","embeddable":true,"href":"https:\/\/noticiasribeiraopreto.com.br\/index.php\/wp-json\/wp\/v2\/categories?post=76667"},{"taxonomy":"post_tag","embeddable":true,"href":"https:\/\/noticiasribeiraopreto.com.br\/index.php\/wp-json\/wp\/v2\/tags?post=76667"}],"curies":[{"name":"wp","href":"https:\/\/api.w.org\/{rel}","templated":true}]}}