{"id":76669,"date":"2025-09-03T08:49:52","date_gmt":"2025-09-03T11:49:52","guid":{"rendered":"https:\/\/noticiasribeiraopreto.com.br\/index.php\/2025\/09\/03\/acidente-de-transito-deixa-rodovia-anhanguera-parcialmente-interditada\/"},"modified":"2025-09-03T08:49:52","modified_gmt":"2025-09-03T11:49:52","slug":"acidente-de-transito-deixa-rodovia-anhanguera-parcialmente-interditada","status":"publish","type":"post","link":"https:\/\/noticiasribeiraopreto.com.br\/index.php\/2025\/09\/03\/acidente-de-transito-deixa-rodovia-anhanguera-parcialmente-interditada\/","title":{"rendered":"Acidente de tr\u00e2nsito deixa rodovia Anhanguera parcialmente interditada"},"content":{"rendered":"<div class='code-block code-block-1' style='margin: 8px 0 8px auto; text-align: right; display: block; clear: both;'>\n<p><a href=\"https:\/\/wa.link\/vpicfd\"><img data-recalc-dims=\"1\" class=\"wp-image-4922\" style=\"aspect-ratio: 2.0253164556962027; width: 561px; height: auto;\" src=\"https:\/\/i0.wp.com\/ismaelcolosi.com.br\/wp-content\/uploads\/2023\/11\/grupo-de-empregos-whatsapp-e-facebook-ismael-colosi-vagas.jpg?ssl=1\" alt=\"\" \/><\/a><\/p>\n<!-- \/wp:image -->\n<\/div>\n<p> <br \/>\n<\/p>\n<div data-td-block-uid=\"tdi_95\">\n<div class=\"tdb-block-inner td-fix-index\">\n<p>Um <strong>acidente de tr\u00e2nsito<\/strong> provocou a <strong>interdi\u00e7\u00e3o de parte da rodovia Anhanguera (SP-330)<\/strong>, pr\u00f3ximo ao km 351, em<strong> Sales Oliveira<\/strong>, regi\u00e3o de <strong>Ribeir\u00e3o Preto<\/strong>, na manh\u00e3 desta quarta-feira (3).<\/p>\n<p>De acordo com as informa\u00e7\u00f5es do <strong>CCI (Centro de Controle de Informa\u00e7\u00f5es) da Artesp<\/strong>, uma carreta seguia no sentido sul da via <mark style=\"background-color:#fcb900\" class=\"has-inline-color\">quando o condutor perdeu o controle do ve\u00edculo e tombou sobre canteiro central e faixa 1.<\/mark><\/p>\n<p>Ainda n\u00e3o se sabe quais foram as causas do acidente. Apesar do susto, <em>o motorista teve apenas ferimentos leves<\/em>.<\/p>\n<p>Conforme o <strong>CCI<\/strong>, a faixa 1 <strong>permanece interdita para os trabalho de remo\u00e7\u00e3o do caminh\u00e3o<\/strong>. Quem passa pelo local deve redobrar a aten\u00e7\u00e3o.<\/p>\n<figure class=\"wp-block-gallery has-nested-images columns-default is-cropped wp-block-gallery-1 is-layout-flex wp-block-gallery-is-layout-flex\">\n<figure class=\"wp-block-image size-large\"><img data-recalc-dims=\"1\" fetchpriority=\"high\" decoding=\"async\" width=\"1024\" height=\"576\" data-id=\"127866\" src=\"https:\/\/i0.wp.com\/cdn.media-acidadeon.com.br\/ribeiraopreto\/wp-content\/uploads\/sites\/3\/2025\/09\/download-34_2025-09-03_11-07-53-1024x576.webp?resize=1024%2C576&#038;ssl=1\" alt=\"Acidente na rodovia Anhanguera aconteceu na manh\u00e3 desta quarta-feira (3) - Foto: CCI\/ Artesp.\" class=\"wp-image-127866\" title=\"Acidente de tr\u00e2nsito deixa rodovia Anhanguera parcialmente interditada 1\" srcset=\"https:\/\/cdn.media-acidadeon.com.br\/ribeiraopreto\/wp-content\/uploads\/sites\/3\/2025\/09\/download-34_2025-09-03_11-07-53-1024x576.webp 1024w, https:\/\/cdn.media-acidadeon.com.br\/ribeiraopreto\/wp-content\/uploads\/sites\/3\/2025\/09\/download-34_2025-09-03_11-07-53-300x169.webp 300w, https:\/\/cdn.media-acidadeon.com.br\/ribeiraopreto\/wp-content\/uploads\/sites\/3\/2025\/09\/download-34_2025-09-03_11-07-53-768x432.webp 768w, https:\/\/cdn.media-acidadeon.com.br\/ribeiraopreto\/wp-content\/uploads\/sites\/3\/2025\/09\/download-34_2025-09-03_11-07-53-696x392.webp 696w, https:\/\/cdn.media-acidadeon.com.br\/ribeiraopreto\/wp-content\/uploads\/sites\/3\/2025\/09\/download-34_2025-09-03_11-07-53-1068x601.webp 1068w, https:\/\/cdn.media-acidadeon.com.br\/ribeiraopreto\/wp-content\/uploads\/sites\/3\/2025\/09\/download-34_2025-09-03_11-07-53.webp 1200w\" sizes=\"(max-width: 1024px) 100vw, 1024px\"\/><figcaption class=\"wp-element-caption\">Acidente na rodovia Anhanguera aconteceu na manh\u00e3 desta quarta-feira (3) \u2013 Foto: CCI\/ Artesp.<\/figcaption><\/figure>\n<figure class=\"wp-block-image size-large\"><img data-recalc-dims=\"1\" loading=\"lazy\" decoding=\"async\" width=\"1024\" height=\"576\" data-id=\"127867\" src=\"https:\/\/i0.wp.com\/cdn.media-acidadeon.com.br\/ribeiraopreto\/wp-content\/uploads\/sites\/3\/2025\/09\/download-33_2025-09-03_11-07-55-1024x576.webp?resize=1024%2C576&#038;ssl=1\" alt=\"Acidente na rodovia Anhanguera aconteceu na manh\u00e3 desta quarta-feira (3) - Foto: CCI\/ Artesp.\" class=\"wp-image-127867\" title=\"Acidente de tr\u00e2nsito deixa rodovia Anhanguera parcialmente interditada 2\" srcset=\"https:\/\/cdn.media-acidadeon.com.br\/ribeiraopreto\/wp-content\/uploads\/sites\/3\/2025\/09\/download-33_2025-09-03_11-07-55-1024x576.webp 1024w, https:\/\/cdn.media-acidadeon.com.br\/ribeiraopreto\/wp-content\/uploads\/sites\/3\/2025\/09\/download-33_2025-09-03_11-07-55-300x169.webp 300w, https:\/\/cdn.media-acidadeon.com.br\/ribeiraopreto\/wp-content\/uploads\/sites\/3\/2025\/09\/download-33_2025-09-03_11-07-55-768x432.webp 768w, https:\/\/cdn.media-acidadeon.com.br\/ribeiraopreto\/wp-content\/uploads\/sites\/3\/2025\/09\/download-33_2025-09-03_11-07-55-696x392.webp 696w, https:\/\/cdn.media-acidadeon.com.br\/ribeiraopreto\/wp-content\/uploads\/sites\/3\/2025\/09\/download-33_2025-09-03_11-07-55-1068x601.webp 1068w, https:\/\/cdn.media-acidadeon.com.br\/ribeiraopreto\/wp-content\/uploads\/sites\/3\/2025\/09\/download-33_2025-09-03_11-07-55.webp 1200w\" sizes=\"auto, (max-width: 1024px) 100vw, 1024px\"\/><figcaption class=\"wp-element-caption\">Acidente na rodovia Anhanguera aconteceu na manh\u00e3 desta quarta-feira (3) \u2013 Foto: CCI\/ Artesp.<\/figcaption><\/figure>\n<figure class=\"wp-block-image size-large\"><img data-recalc-dims=\"1\" loading=\"lazy\" decoding=\"async\" width=\"1024\" height=\"576\" data-id=\"127868\" src=\"https:\/\/i0.wp.com\/cdn.media-acidadeon.com.br\/ribeiraopreto\/wp-content\/uploads\/sites\/3\/2025\/09\/download-32_2025-09-03_11-08-00-1024x576.webp?resize=1024%2C576&#038;ssl=1\" alt=\"Acidente na rodovia Anhanguera aconteceu na manh\u00e3 desta quarta-feira (3) - Foto: CCI\/ Artesp.\" class=\"wp-image-127868\" title=\"Acidente de tr\u00e2nsito deixa rodovia Anhanguera parcialmente interditada 3\" srcset=\"https:\/\/cdn.media-acidadeon.com.br\/ribeiraopreto\/wp-content\/uploads\/sites\/3\/2025\/09\/download-32_2025-09-03_11-08-00-1024x576.webp 1024w, https:\/\/cdn.media-acidadeon.com.br\/ribeiraopreto\/wp-content\/uploads\/sites\/3\/2025\/09\/download-32_2025-09-03_11-08-00-300x169.webp 300w, https:\/\/cdn.media-acidadeon.com.br\/ribeiraopreto\/wp-content\/uploads\/sites\/3\/2025\/09\/download-32_2025-09-03_11-08-00-768x432.webp 768w, https:\/\/cdn.media-acidadeon.com.br\/ribeiraopreto\/wp-content\/uploads\/sites\/3\/2025\/09\/download-32_2025-09-03_11-08-00-696x392.webp 696w, https:\/\/cdn.media-acidadeon.com.br\/ribeiraopreto\/wp-content\/uploads\/sites\/3\/2025\/09\/download-32_2025-09-03_11-08-00-1068x601.webp 1068w, https:\/\/cdn.media-acidadeon.com.br\/ribeiraopreto\/wp-content\/uploads\/sites\/3\/2025\/09\/download-32_2025-09-03_11-08-00.webp 1200w\" sizes=\"auto, (max-width: 1024px) 100vw, 1024px\"\/><figcaption class=\"wp-element-caption\">Acidente na rodovia Anhanguera aconteceu na manh\u00e3 desta quarta-feira (3) \u2013 Foto: CCI\/ Artesp.<\/figcaption><\/figure>\n<\/figure>\n<hr class=\"wp-block-separator has-alpha-channel-opacity\"\/>\n<p>SAIBA MAIS<\/p>\n<p>Inc\u00eandio atinge dep\u00f3sito de recicl\u00e1veis na zona Norte de Ribeir\u00e3o Preto; veja v\u00eddeo<\/p>\n<h2 class=\"wp-block-heading\"><strong>FIQUE ON<\/strong><\/h2>\n<p>Fique ligado em tudo que acontece em Ribeir\u00e3o Preto e regi\u00e3o. Siga os perfis do\u00a0<strong>acidade on<\/strong>\u00a0no<a href=\"https:\/\/www.instagram.com\/acidadeonribeirao\" target=\"_blank\" rel=\"noreferrer noopener\">\u00a0Instagram\u00a0<\/a>e no\u00a0<a href=\"https:\/\/www.facebook.com\/acidadeonribeirao\/\" target=\"_blank\" rel=\"noreferrer noopener\">Facebook<\/a>.<\/p>\n<p>Receba not\u00edcias do<strong>\u00a0acidade on<\/strong>\u00a0no WhatsApp. Para entrar no grupo,\u00a0basta\u00a0<a href=\"https:\/\/chat.whatsapp.com\/I4nieTEMKlf50pJ28aMemC?mode=ac_t\" target=\"_blank\" rel=\"noreferrer noopener\">clicar aqui<\/a>. Ou, acesse o nosso\u00a0Canal\u00a0<a href=\"https:\/\/whatsapp.com\/channel\/0029Vb6IQl1JENyAeS57fk2p\" target=\"_blank\" rel=\"noreferrer noopener\">clicando aqui<\/a>.<\/p>\n<p>Fa\u00e7a uma den\u00fancia ou sugira uma reportagem sobre Ribeir\u00e3o Preto e regi\u00e3o pelo WhatsApp: 16 99117 7802.<\/p>\n<p>VEJA TAMB\u00c9M<\/p>\n<p>O que Virginia Fonseca falou sobre poss\u00edvel romance com Vini Jr?<\/p>\n<p><!-- AI CONTENT END 1 -->\n<\/div>\n<\/div>\n<p><script async src=\"\/\/www.instagram.com\/embed.js\"><\/script><br \/>\n<br \/><br \/>\n<br \/><a href=\"https:\/\/www.acidadeon.com\/ribeiraopreto\/cotidiano\/acidente-de-transito-deixa-rodovia-anhanguera-parcialmente-interditada\/\">Source link <\/a><\/p>\n<!-- CONTENT END 1 -->\n","protected":false},"excerpt":{"rendered":"<p>Um acidente de tr\u00e2nsito provocou a interdi\u00e7\u00e3o de parte da rodovia Anhanguera (SP-330), pr\u00f3ximo ao km 351, em Sales Oliveira, regi\u00e3o de Ribeir\u00e3o Preto, na&#8230;<\/p>\n","protected":false},"author":1,"featured_media":76670,"comment_status":"open","ping_status":"open","sticky":false,"template":"","format":"standard","meta":{"advanced_seo_description":"","jetpack_seo_html_title":"","jetpack_seo_noindex":false,"jetpack_post_was_ever_published":false,"_jetpack_newsletter_access":"","_jetpack_dont_email_post_to_subs":false,"_jetpack_newsletter_tier_id":0,"_jetpack_memberships_contains_paywalled_content":false,"_jetpack_memberships_contains_paid_content":false,"footnotes":"","jetpack_publicize_message":"","jetpack_publicize_feature_enabled":true,"jetpack_social_post_already_shared":true,"jetpack_social_options":{"image_generator_settings":{"template":"highway","default_image_id":0,"font":"","enabled":false},"version":2}},"categories":[11],"tags":[],"class_list":["post-76669","post","type-post","status-publish","format-standard","has-post-thumbnail","hentry","category-noticias-de-ribeirao-preto-sp-e-regiao-ismael-colosi"],"jetpack_publicize_connections":[],"jetpack_featured_media_url":"https:\/\/i0.wp.com\/noticiasribeiraopreto.com.br\/wp-content\/uploads\/2025\/09\/download-31_2025-09-03_11-07-05.webp.webp?fit=801%2C454&ssl=1","jetpack-related-posts":[{"id":69494,"url":"https:\/\/noticiasribeiraopreto.com.br\/index.php\/2025\/05\/06\/acidente-de-transito-deixa-rodovia-anhanguera-parcialmente-interditada-em-ribeirao\/","url_meta":{"origin":76669,"position":0},"title":"Acidente de tr\u00e2nsito deixa rodovia Anhanguera parcialmente interditada em Ribeir\u00e3o","author":"noticiasribeiraopreto.com.br","date":"6 de May de 2025","format":false,"excerpt":"Um acidente de tr\u00e2nsito provocou a interdi\u00e7\u00e3o de parte da rodovia Anhanguera (SP-330), pr\u00f3ximo ao km 308, em Ribeir\u00e3o Preto, na noite desta ter\u00e7a-feira (6). De acordo com as primeiras informa\u00e7\u00f5es do CCI (Centro de Controle de Informa\u00e7\u00f5es) da Artesp, trata-se de uma colis\u00e3o envolvendo um \u00f4nibus, uma moto, um\u2026","rel":"","context":"In &quot;Not\u00edcias de Ribeir\u00e3o Preto-SP e Regi\u00e3o&quot;","block_context":{"text":"Not\u00edcias de Ribeir\u00e3o Preto-SP e Regi\u00e3o","link":"https:\/\/noticiasribeiraopreto.com.br\/index.php\/category\/noticias-de-ribeirao-preto-sp-e-regiao-ismael-colosi\/"},"img":{"alt_text":"","src":"https:\/\/i0.wp.com\/noticiasribeiraopreto.com.br\/wp-content\/uploads\/2025\/05\/download-18_2025-05-06_21-57-06.webp.webp?fit=640%2C352&ssl=1&resize=350%2C200","width":350,"height":200,"srcset":"https:\/\/i0.wp.com\/noticiasribeiraopreto.com.br\/wp-content\/uploads\/2025\/05\/download-18_2025-05-06_21-57-06.webp.webp?fit=640%2C352&ssl=1&resize=350%2C200 1x, https:\/\/i0.wp.com\/noticiasribeiraopreto.com.br\/wp-content\/uploads\/2025\/05\/download-18_2025-05-06_21-57-06.webp.webp?fit=640%2C352&ssl=1&resize=525%2C300 1.5x"},"classes":[]},{"id":76794,"url":"https:\/\/noticiasribeiraopreto.com.br\/index.php\/2025\/09\/05\/acidente-entre-van-e-caminhao-interdita-rodovia-anhanguera\/","url_meta":{"origin":76669,"position":1},"title":"Acidente entre van e caminh\u00e3o interdita rodovia Anhanguera","author":"noticiasribeiraopreto.com.br","date":"5 de September de 2025","format":false,"excerpt":"Um acidente de tr\u00e2nsito interditou a rodovia Anhanguera (SP-330), pr\u00f3ximo ao km 270, em S\u00e3o Sim\u00e3o, cidade na regi\u00e3o de Ribeir\u00e3o Preto, na manh\u00e3 desta sexta-feira (05). De acordo com as primeiras informa\u00e7\u00f5es do Corpo de Bombeiros, uma van e um caminh\u00e3o colidiram. Uma pessoa ficou presa \u00e0s ferragens, mas\u2026","rel":"","context":"In &quot;Not\u00edcias de Ribeir\u00e3o Preto-SP e Regi\u00e3o&quot;","block_context":{"text":"Not\u00edcias de Ribeir\u00e3o Preto-SP e Regi\u00e3o","link":"https:\/\/noticiasribeiraopreto.com.br\/index.php\/category\/noticias-de-ribeirao-preto-sp-e-regiao-ismael-colosi\/"},"img":{"alt_text":"","src":"https:\/\/i0.wp.com\/noticiasribeiraopreto.com.br\/wp-content\/uploads\/2025\/09\/download-35_2025-09-05_10-21-27.webp.webp?fit=963%2C564&ssl=1&resize=350%2C200","width":350,"height":200,"srcset":"https:\/\/i0.wp.com\/noticiasribeiraopreto.com.br\/wp-content\/uploads\/2025\/09\/download-35_2025-09-05_10-21-27.webp.webp?fit=963%2C564&ssl=1&resize=350%2C200 1x, https:\/\/i0.wp.com\/noticiasribeiraopreto.com.br\/wp-content\/uploads\/2025\/09\/download-35_2025-09-05_10-21-27.webp.webp?fit=963%2C564&ssl=1&resize=525%2C300 1.5x, https:\/\/i0.wp.com\/noticiasribeiraopreto.com.br\/wp-content\/uploads\/2025\/09\/download-35_2025-09-05_10-21-27.webp.webp?fit=963%2C564&ssl=1&resize=700%2C400 2x"},"classes":[]},{"id":76218,"url":"https:\/\/noticiasribeiraopreto.com.br\/index.php\/2025\/08\/25\/acidente-entre-caminhoes-deixa-uma-pessoa-em-estado-grave-na-rodovia-anhanguera\/","url_meta":{"origin":76669,"position":2},"title":"Acidente entre caminh\u00f5es deixa uma pessoa em estado grave na rodovia Anhanguera","author":"noticiasribeiraopreto.com.br","date":"25 de August de 2025","format":false,"excerpt":"Uma pessoa foi socorrida em estado grave ap\u00f3s um acidente envolvendo dois caminh\u00f5es no final da noite deste domingo (24), na rodovia Anhanguera (SP-330), em Ribeir\u00e3o Preto. Segundo o Centro de Informa\u00e7\u00f5es (CCI) da Artesp, a colis\u00e3o aconteceu perto do km 306. Os ve\u00edculos seguiam sentido norte quando, por motivos\u2026","rel":"","context":"In &quot;Not\u00edcias de Ribeir\u00e3o Preto-SP e Regi\u00e3o&quot;","block_context":{"text":"Not\u00edcias de Ribeir\u00e3o Preto-SP e Regi\u00e3o","link":"https:\/\/noticiasribeiraopreto.com.br\/index.php\/category\/noticias-de-ribeirao-preto-sp-e-regiao-ismael-colosi\/"},"img":{"alt_text":"","src":"https:\/\/i0.wp.com\/noticiasribeiraopreto.com.br\/wp-content\/uploads\/2025\/08\/download-28_2025-08-25_11-35-48.webp.webp?fit=600%2C338&ssl=1&resize=350%2C200","width":350,"height":200,"srcset":"https:\/\/i0.wp.com\/noticiasribeiraopreto.com.br\/wp-content\/uploads\/2025\/08\/download-28_2025-08-25_11-35-48.webp.webp?fit=600%2C338&ssl=1&resize=350%2C200 1x, https:\/\/i0.wp.com\/noticiasribeiraopreto.com.br\/wp-content\/uploads\/2025\/08\/download-28_2025-08-25_11-35-48.webp.webp?fit=600%2C338&ssl=1&resize=525%2C300 1.5x"},"classes":[]},{"id":76876,"url":"https:\/\/noticiasribeiraopreto.com.br\/index.php\/2025\/09\/08\/motorista-morre-apos-bater-em-barreira-na-rodovia-anhanguera\/","url_meta":{"origin":76669,"position":3},"title":"Motorista morre ap\u00f3s bater em barreira na rodovia Anhanguera","author":"noticiasribeiraopreto.com.br","date":"8 de September de 2025","format":false,"excerpt":"Um motorista de uma carreta morreu ap\u00f3s um acidente de tr\u00e2nsito pr\u00f3ximo ao km 299 da rodovia Anhanguera (SP-330), na noite deste domingo (07), em Ribeir\u00e3o Preto. De acordo com o CCI (Centro de Controle de Informa\u00e7\u00f5es) da Artesp, por motivos ainda a serem esclarecidos, o motorista teria perdido o\u2026","rel":"","context":"In &quot;Not\u00edcias de Ribeir\u00e3o Preto-SP e Regi\u00e3o&quot;","block_context":{"text":"Not\u00edcias de Ribeir\u00e3o Preto-SP e Regi\u00e3o","link":"https:\/\/noticiasribeiraopreto.com.br\/index.php\/category\/noticias-de-ribeirao-preto-sp-e-regiao-ismael-colosi\/"},"img":{"alt_text":"","src":"https:\/\/i0.wp.com\/noticiasribeiraopreto.com.br\/wp-content\/uploads\/2025\/09\/download-38_2025-09-08_10-33-58.webp.webp?fit=600%2C270&ssl=1&resize=350%2C200","width":350,"height":200,"srcset":"https:\/\/i0.wp.com\/noticiasribeiraopreto.com.br\/wp-content\/uploads\/2025\/09\/download-38_2025-09-08_10-33-58.webp.webp?fit=600%2C270&ssl=1&resize=350%2C200 1x, https:\/\/i0.wp.com\/noticiasribeiraopreto.com.br\/wp-content\/uploads\/2025\/09\/download-38_2025-09-08_10-33-58.webp.webp?fit=600%2C270&ssl=1&resize=525%2C300 1.5x"},"classes":[]},{"id":76405,"url":"https:\/\/noticiasribeiraopreto.com.br\/index.php\/2025\/08\/28\/motociclista-morre-em-acidente-e-interdita-rodovia-anhanguera\/","url_meta":{"origin":76669,"position":4},"title":"Motociclista morre em acidente e interdita rodovia Anhanguera","author":"noticiasribeiraopreto.com.br","date":"28 de August de 2025","format":false,"excerpt":"Um motociclista morreu ap\u00f3s se envolver em um acidente de tr\u00e2nsito no km 312 da rodovia Anhanguera (SP-330), em Ribeir\u00e3o Preto, na manh\u00e3 desta quinta-feira (28). Segundo o CCI (Centro de Controle de Informa\u00e7\u00f5es) da Artesp, o condutor de um VW Gol freou bruscamente devido ao tr\u00e1fego lento na rodovia.\u2026","rel":"","context":"In &quot;Not\u00edcias de Ribeir\u00e3o Preto-SP e Regi\u00e3o&quot;","block_context":{"text":"Not\u00edcias de Ribeir\u00e3o Preto-SP e Regi\u00e3o","link":"https:\/\/noticiasribeiraopreto.com.br\/index.php\/category\/noticias-de-ribeirao-preto-sp-e-regiao-ismael-colosi\/"},"img":{"alt_text":"","src":"https:\/\/i0.wp.com\/noticiasribeiraopreto.com.br\/wp-content\/uploads\/2025\/08\/Copia-de-Copia-de-Copia-de-TAMANHO-EXATO-PARA-FOTOS-NO-SISTEMA-NOVO-2025-08-28T093924.441_2025-08-28_12-39-59.webp.webp?fit=1200%2C675&ssl=1&resize=350%2C200","width":350,"height":200,"srcset":"https:\/\/i0.wp.com\/noticiasribeiraopreto.com.br\/wp-content\/uploads\/2025\/08\/Copia-de-Copia-de-Copia-de-TAMANHO-EXATO-PARA-FOTOS-NO-SISTEMA-NOVO-2025-08-28T093924.441_2025-08-28_12-39-59.webp.webp?fit=1200%2C675&ssl=1&resize=350%2C200 1x, https:\/\/i0.wp.com\/noticiasribeiraopreto.com.br\/wp-content\/uploads\/2025\/08\/Copia-de-Copia-de-Copia-de-TAMANHO-EXATO-PARA-FOTOS-NO-SISTEMA-NOVO-2025-08-28T093924.441_2025-08-28_12-39-59.webp.webp?fit=1200%2C675&ssl=1&resize=525%2C300 1.5x, https:\/\/i0.wp.com\/noticiasribeiraopreto.com.br\/wp-content\/uploads\/2025\/08\/Copia-de-Copia-de-Copia-de-TAMANHO-EXATO-PARA-FOTOS-NO-SISTEMA-NOVO-2025-08-28T093924.441_2025-08-28_12-39-59.webp.webp?fit=1200%2C675&ssl=1&resize=700%2C400 2x, https:\/\/i0.wp.com\/noticiasribeiraopreto.com.br\/wp-content\/uploads\/2025\/08\/Copia-de-Copia-de-Copia-de-TAMANHO-EXATO-PARA-FOTOS-NO-SISTEMA-NOVO-2025-08-28T093924.441_2025-08-28_12-39-59.webp.webp?fit=1200%2C675&ssl=1&resize=1050%2C600 3x"},"classes":[]},{"id":76791,"url":"https:\/\/noticiasribeiraopreto.com.br\/index.php\/2025\/09\/05\/morre-motorista-envolvido-em-acidente-na-rodovia-anhanguera\/","url_meta":{"origin":76669,"position":5},"title":"Morre motorista envolvido em acidente na rodovia Anhanguera","author":"noticiasribeiraopreto.com.br","date":"5 de September de 2025","format":false,"excerpt":"Morreu o motorista envolvido em um acidente de tr\u00e2nsito na rodovia Anhanguera (SP-330), em S\u00e3o Sim\u00e3o, na regi\u00e3o de Ribeir\u00e3o Preto, na manh\u00e3 desta sexta-feira (05). Ainda n\u00e3o h\u00e1 informa\u00e7\u00f5es sobre a identidade da v\u00edtima. Segundo o CCI (Centro de Controle de Informa\u00e7\u00f5es) da Artesp, uma faixa de rolamento e\u2026","rel":"","context":"In &quot;Not\u00edcias de Ribeir\u00e3o Preto-SP e Regi\u00e3o&quot;","block_context":{"text":"Not\u00edcias de Ribeir\u00e3o Preto-SP e Regi\u00e3o","link":"https:\/\/noticiasribeiraopreto.com.br\/index.php\/category\/noticias-de-ribeirao-preto-sp-e-regiao-ismael-colosi\/"},"img":{"alt_text":"","src":"https:\/\/i0.wp.com\/noticiasribeiraopreto.com.br\/wp-content\/uploads\/2025\/09\/Copia-de-Copia-de-Copia-de-TAMANHO-EXATO-PARA-FOTOS-NO-SISTEMA-NOVO-2025-09-05T081412.762_2025-09-05_11-14-23.webp.webp?fit=1200%2C675&ssl=1&resize=350%2C200","width":350,"height":200,"srcset":"https:\/\/i0.wp.com\/noticiasribeiraopreto.com.br\/wp-content\/uploads\/2025\/09\/Copia-de-Copia-de-Copia-de-TAMANHO-EXATO-PARA-FOTOS-NO-SISTEMA-NOVO-2025-09-05T081412.762_2025-09-05_11-14-23.webp.webp?fit=1200%2C675&ssl=1&resize=350%2C200 1x, https:\/\/i0.wp.com\/noticiasribeiraopreto.com.br\/wp-content\/uploads\/2025\/09\/Copia-de-Copia-de-Copia-de-TAMANHO-EXATO-PARA-FOTOS-NO-SISTEMA-NOVO-2025-09-05T081412.762_2025-09-05_11-14-23.webp.webp?fit=1200%2C675&ssl=1&resize=525%2C300 1.5x, https:\/\/i0.wp.com\/noticiasribeiraopreto.com.br\/wp-content\/uploads\/2025\/09\/Copia-de-Copia-de-Copia-de-TAMANHO-EXATO-PARA-FOTOS-NO-SISTEMA-NOVO-2025-09-05T081412.762_2025-09-05_11-14-23.webp.webp?fit=1200%2C675&ssl=1&resize=700%2C400 2x, https:\/\/i0.wp.com\/noticiasribeiraopreto.com.br\/wp-content\/uploads\/2025\/09\/Copia-de-Copia-de-Copia-de-TAMANHO-EXATO-PARA-FOTOS-NO-SISTEMA-NOVO-2025-09-05T081412.762_2025-09-05_11-14-23.webp.webp?fit=1200%2C675&ssl=1&resize=1050%2C600 3x"},"classes":[]}],"jetpack_sharing_enabled":true,"jetpack_shortlink":"https:\/\/wp.me\/peQAOb-jWB","_links":{"self":[{"href":"https:\/\/noticiasribeiraopreto.com.br\/index.php\/wp-json\/wp\/v2\/posts\/76669","targetHints":{"allow":["GET"]}}],"collection":[{"href":"https:\/\/noticiasribeiraopreto.com.br\/index.php\/wp-json\/wp\/v2\/posts"}],"about":[{"href":"https:\/\/noticiasribeiraopreto.com.br\/index.php\/wp-json\/wp\/v2\/types\/post"}],"author":[{"embeddable":true,"href":"https:\/\/noticiasribeiraopreto.com.br\/index.php\/wp-json\/wp\/v2\/users\/1"}],"replies":[{"embeddable":true,"href":"https:\/\/noticiasribeiraopreto.com.br\/index.php\/wp-json\/wp\/v2\/comments?post=76669"}],"version-history":[{"count":0,"href":"https:\/\/noticiasribeiraopreto.com.br\/index.php\/wp-json\/wp\/v2\/posts\/76669\/revisions"}],"wp:featuredmedia":[{"embeddable":true,"href":"https:\/\/noticiasribeiraopreto.com.br\/index.php\/wp-json\/wp\/v2\/media\/76670"}],"wp:attachment":[{"href":"https:\/\/noticiasribeiraopreto.com.br\/index.php\/wp-json\/wp\/v2\/media?parent=76669"}],"wp:term":[{"taxonomy":"category","embeddable":true,"href":"https:\/\/noticiasribeiraopreto.com.br\/index.php\/wp-json\/wp\/v2\/categories?post=76669"},{"taxonomy":"post_tag","embeddable":true,"href":"https:\/\/noticiasribeiraopreto.com.br\/index.php\/wp-json\/wp\/v2\/tags?post=76669"}],"curies":[{"name":"wp","href":"https:\/\/api.w.org\/{rel}","templated":true}]}}