{"id":76671,"date":"2025-09-03T08:57:34","date_gmt":"2025-09-03T11:57:34","guid":{"rendered":"https:\/\/noticiasribeiraopreto.com.br\/index.php\/2025\/09\/03\/calor-e-tempo-seco-em-ribeirao-saiba-como-se-proteger-da-baixa-umidade\/"},"modified":"2025-09-03T08:57:34","modified_gmt":"2025-09-03T11:57:34","slug":"calor-e-tempo-seco-em-ribeirao-saiba-como-se-proteger-da-baixa-umidade","status":"publish","type":"post","link":"https:\/\/noticiasribeiraopreto.com.br\/index.php\/2025\/09\/03\/calor-e-tempo-seco-em-ribeirao-saiba-como-se-proteger-da-baixa-umidade\/","title":{"rendered":"Calor e tempo seco em Ribeir\u00e3o; Saiba como se proteger da baixa umidade"},"content":{"rendered":"<div class='code-block code-block-1' style='margin: 8px 0 8px auto; text-align: right; display: block; clear: both;'>\n<p><a href=\"https:\/\/wa.link\/vpicfd\"><img data-recalc-dims=\"1\" class=\"wp-image-4922\" style=\"aspect-ratio: 2.0253164556962027; width: 561px; height: auto;\" src=\"https:\/\/i0.wp.com\/ismaelcolosi.com.br\/wp-content\/uploads\/2023\/11\/grupo-de-empregos-whatsapp-e-facebook-ismael-colosi-vagas.jpg?ssl=1\" alt=\"\" \/><\/a><\/p>\n<!-- \/wp:image -->\n<\/div>\n<p> <br \/>\n<\/p>\n<div data-td-block-uid=\"tdi_95\">\n<div class=\"tdb-block-inner td-fix-index\">\n<p>A <strong>quarta-feira (3) <\/strong>come\u00e7ou com tempo ameno e c\u00e9u com algumas nuvens em <strong>Ribeir\u00e3o Preto<\/strong>. Por\u00e9m, ao longo do dia, <strong>o calor deve se intensificar e a temperatura pode chegar aos 30\u00baC<\/strong>.<\/p>\n<p>O <strong>tempo quente<\/strong> e <strong>seco <\/strong>faz com que a cidade continue em alerta. <mark style=\"background-color:#fcb900\" class=\"has-inline-color\">De acordo com o <strong>Inmet<\/strong>, a umidade relativa do ar deve variar entre <strong>30%<\/strong> e <strong>20%<\/strong>.<\/mark><\/p>\n<p>Apesar de baixo, o \u00f3rg\u00e3o n\u00e3o descarta o <strong>risco de inc\u00eandios florestais<\/strong>. O comunicado \u00e9 v\u00e1lido at\u00e9 \u00e0s 20h.<\/p>\n<div class=\"wp-block-image\">\n<figure class=\"aligncenter size-large is-resized\"><img data-recalc-dims=\"1\" fetchpriority=\"high\" decoding=\"async\" width=\"1024\" height=\"682\" src=\"https:\/\/i0.wp.com\/cdn.media-acidadeon.com.br\/ribeiraopreto\/wp-content\/uploads\/sites\/3\/2024\/03\/mulher-mais-velha-lutando-com-alta-temperatura-1024x682.jpg?resize=1024%2C682&#038;ssl=1\" alt=\"Tempo seco e quente atinge Ribeir\u00e3o Preto nesta quarta-feira (3) - Foto: Freepik.\" class=\"wp-image-73456\" style=\"width:654px\" title=\"Calor e tempo seco em Ribeir\u00e3o; Saiba como se proteger da baixa umidade 1\" srcset=\"https:\/\/cdn.media-acidadeon.com.br\/ribeiraopreto\/wp-content\/uploads\/sites\/3\/2024\/03\/mulher-mais-velha-lutando-com-alta-temperatura-1024x682.jpg 1024w, https:\/\/cdn.media-acidadeon.com.br\/ribeiraopreto\/wp-content\/uploads\/sites\/3\/2024\/03\/mulher-mais-velha-lutando-com-alta-temperatura-300x200.jpg 300w, https:\/\/cdn.media-acidadeon.com.br\/ribeiraopreto\/wp-content\/uploads\/sites\/3\/2024\/03\/mulher-mais-velha-lutando-com-alta-temperatura-768x512.jpg 768w, https:\/\/cdn.media-acidadeon.com.br\/ribeiraopreto\/wp-content\/uploads\/sites\/3\/2024\/03\/mulher-mais-velha-lutando-com-alta-temperatura-1536x1024.jpg 1536w, https:\/\/cdn.media-acidadeon.com.br\/ribeiraopreto\/wp-content\/uploads\/sites\/3\/2024\/03\/mulher-mais-velha-lutando-com-alta-temperatura-2048x1365.jpg 2048w, https:\/\/cdn.media-acidadeon.com.br\/ribeiraopreto\/wp-content\/uploads\/sites\/3\/2024\/03\/mulher-mais-velha-lutando-com-alta-temperatura-696x464.jpg 696w, https:\/\/cdn.media-acidadeon.com.br\/ribeiraopreto\/wp-content\/uploads\/sites\/3\/2024\/03\/mulher-mais-velha-lutando-com-alta-temperatura-1068x712.jpg 1068w, https:\/\/cdn.media-acidadeon.com.br\/ribeiraopreto\/wp-content\/uploads\/sites\/3\/2024\/03\/mulher-mais-velha-lutando-com-alta-temperatura-1920x1279.jpg 1920w\" sizes=\"(max-width: 1024px) 100vw, 1024px\"\/><figcaption class=\"wp-element-caption\">Tempo seco e quente atinge Ribeir\u00e3o Preto nesta quarta-feira (3) \u2013 Foto: Freepik.<\/figcaption><\/figure>\n<\/div>\n<h2 class=\"wp-block-heading\"><strong>Como se cuidar?<\/strong><\/h2>\n<p>Especialistas explicam que esse per\u00edodo de <strong>baixa umidade do ar<\/strong> representa um s\u00e9rio risco \u00e0 sa\u00fade, j\u00e1 que o ressecamento das mucosas do nariz, garganta e olhos prejudica a <strong>defesa natural do organismo<\/strong>, favorecendo irrita\u00e7\u00f5es, infec\u00e7\u00f5es respirat\u00f3rias e at\u00e9 problemas de pele.<\/p>\n<p>Por esse motivo, \u00e9 recomendado manter uma <strong>boa hidrata\u00e7\u00e3o <\/strong>e utilizar <strong>umidificadores ou recipientes com \u00e1gua nos ambientes<\/strong>, especialmente nos locais fechados.<\/p>\n<p>Al\u00e9m disso, medidas como lavar o nariz com soro fisiol\u00f3gico, manter os ambientes ventilados sem levantar poeira e evitar atividades f\u00edsicas intensas nos hor\u00e1rios mais secos tamb\u00e9m devem ser adotadas para ajudar durante este per\u00edodo.<\/p>\n<hr class=\"wp-block-separator has-alpha-channel-opacity\"\/>\n<p>SAIBA MAIS<\/p>\n<p>Comercial avan\u00e7a na Copa Paulista com gol rel\u00e2mpago e brilho do goleiro nos p\u00eanaltis<\/p>\n<h2 class=\"wp-block-heading\"><strong>FIQUE ON<\/strong><\/h2>\n<p>Fique ligado em tudo que acontece em Ribeir\u00e3o Preto e regi\u00e3o. Siga os perfis do\u00a0<strong>acidade on<\/strong>\u00a0no<a href=\"https:\/\/www.instagram.com\/acidadeonribeirao\" target=\"_blank\" rel=\"noreferrer noopener\">\u00a0Instagram\u00a0<\/a>e no\u00a0<a href=\"https:\/\/www.facebook.com\/acidadeonribeirao\/\" target=\"_blank\" rel=\"noreferrer noopener\">Facebook<\/a>.<\/p>\n<p>Receba not\u00edcias do<strong>\u00a0acidade on<\/strong>\u00a0no WhatsApp. Para entrar no grupo,\u00a0basta\u00a0<a href=\"https:\/\/chat.whatsapp.com\/I4nieTEMKlf50pJ28aMemC?mode=ac_t\" target=\"_blank\" rel=\"noreferrer noopener\">clicar aqui<\/a>. Ou, acesse o nosso\u00a0Canal\u00a0<a href=\"https:\/\/whatsapp.com\/channel\/0029Vb6IQl1JENyAeS57fk2p\" target=\"_blank\" rel=\"noreferrer noopener\">clicando aqui<\/a>.<\/p>\n<p>Fa\u00e7a uma den\u00fancia ou sugira uma reportagem sobre Ribeir\u00e3o Preto e regi\u00e3o pelo WhatsApp:\u00a016 99117 7802.<\/p>\n<p>VEJA TAMB\u00c9M<\/p>\n<p><!-- AI CONTENT END 1 -->\n<\/div>\n<\/div>\n<p><script async src=\"\/\/www.instagram.com\/embed.js\"><\/script><br \/>\n<br \/><br \/>\n<br \/><a href=\"https:\/\/www.acidadeon.com\/ribeiraopreto\/cotidiano\/calor-e-tempo-seco-em-ribeirao-saiba-como-se-proteger-da-baixa-umidade\/\">Source link <\/a><\/p>\n<!-- CONTENT END 1 -->\n","protected":false},"excerpt":{"rendered":"<p>A quarta-feira (3) come\u00e7ou com tempo ameno e c\u00e9u com algumas nuvens em Ribeir\u00e3o Preto. Por\u00e9m, ao longo do dia, o calor deve se intensificar&#8230;<\/p>\n","protected":false},"author":1,"featured_media":76672,"comment_status":"open","ping_status":"open","sticky":false,"template":"","format":"standard","meta":{"advanced_seo_description":"","jetpack_seo_html_title":"","jetpack_seo_noindex":false,"jetpack_post_was_ever_published":false,"_jetpack_newsletter_access":"","_jetpack_dont_email_post_to_subs":false,"_jetpack_newsletter_tier_id":0,"_jetpack_memberships_contains_paywalled_content":false,"_jetpack_memberships_contains_paid_content":false,"footnotes":"","jetpack_publicize_message":"","jetpack_publicize_feature_enabled":true,"jetpack_social_post_already_shared":true,"jetpack_social_options":{"image_generator_settings":{"template":"highway","default_image_id":0,"font":"","enabled":false},"version":2}},"categories":[11],"tags":[],"class_list":["post-76671","post","type-post","status-publish","format-standard","has-post-thumbnail","hentry","category-noticias-de-ribeirao-preto-sp-e-regiao-ismael-colosi"],"jetpack_publicize_connections":[],"jetpack_featured_media_url":"https:\/\/i0.wp.com\/noticiasribeiraopreto.com.br\/wp-content\/uploads\/2025\/09\/WhatsApp-Image-2025-09-03-at-07.36.20_2025-09-03_10-45-27.webp.webp?fit=1200%2C900&ssl=1","jetpack-related-posts":[{"id":60843,"url":"https:\/\/noticiasribeiraopreto.com.br\/index.php\/2024\/11\/27\/calor-e-baixa-umidade-no-interior-de-sp-veja-quando-tem-mudanca-no-tempo\/","url_meta":{"origin":76671,"position":0},"title":"Calor e baixa umidade no interior de SP; Veja quando tem mudan\u00e7a no tempo","author":"noticiasribeiraopreto.com.br","date":"27 de November de 2024","format":false,"excerpt":"Parte do interior de S\u00e3o Paulo est\u00e1 em risco para baixa umidade do ar nesta quarta-feira (27), devido a uma alta press\u00e3o que ainda mant\u00e9m o tempo seco. Segundo a Climatempo, nos hor\u00e1rios mais quentes, o n\u00edvel de umidade pode ficar abaixo de 30% na regi\u00e3o de Ribeir\u00e3o Preto. Vem\u2026","rel":"","context":"In &quot;Not\u00edcias de Ribeir\u00e3o Preto-SP e Regi\u00e3o&quot;","block_context":{"text":"Not\u00edcias de Ribeir\u00e3o Preto-SP e Regi\u00e3o","link":"https:\/\/noticiasribeiraopreto.com.br\/index.php\/category\/noticias-de-ribeirao-preto-sp-e-regiao-ismael-colosi\/"},"img":{"alt_text":"","src":"https:\/\/i0.wp.com\/noticiasribeiraopreto.com.br\/wp-content\/uploads\/2024\/11\/20230222_161620-scaled.jpg?fit=1200%2C900&ssl=1&resize=350%2C200","width":350,"height":200,"srcset":"https:\/\/i0.wp.com\/noticiasribeiraopreto.com.br\/wp-content\/uploads\/2024\/11\/20230222_161620-scaled.jpg?fit=1200%2C900&ssl=1&resize=350%2C200 1x, https:\/\/i0.wp.com\/noticiasribeiraopreto.com.br\/wp-content\/uploads\/2024\/11\/20230222_161620-scaled.jpg?fit=1200%2C900&ssl=1&resize=525%2C300 1.5x, https:\/\/i0.wp.com\/noticiasribeiraopreto.com.br\/wp-content\/uploads\/2024\/11\/20230222_161620-scaled.jpg?fit=1200%2C900&ssl=1&resize=700%2C400 2x, https:\/\/i0.wp.com\/noticiasribeiraopreto.com.br\/wp-content\/uploads\/2024\/11\/20230222_161620-scaled.jpg?fit=1200%2C900&ssl=1&resize=1050%2C600 3x"},"classes":[]},{"id":73856,"url":"https:\/\/noticiasribeiraopreto.com.br\/index.php\/2025\/07\/11\/tempo-seco-vai-ate-quando-veja-previsao-no-fim-de-semana\/","url_meta":{"origin":76671,"position":1},"title":"Tempo seco vai at\u00e9 quando? Veja previs\u00e3o no fim de semana","author":"noticiasribeiraopreto.com.br","date":"11 de July de 2025","format":false,"excerpt":"O tempo firme deve predominar sobre a regi\u00e3o de Ribeir\u00e3o Preto nesta sexta-feira (11). Segundo a Climatempo, a umidade relativa do ar pode ficar abaixo dos 30% no per\u00edodo da tarde. As temperaturas m\u00ednimas seguem mais baixas por causa da perda radiativa na madrugada. Ao longo do dia, os term\u00f4metros\u2026","rel":"","context":"In &quot;Not\u00edcias de Ribeir\u00e3o Preto-SP e Regi\u00e3o&quot;","block_context":{"text":"Not\u00edcias de Ribeir\u00e3o Preto-SP e Regi\u00e3o","link":"https:\/\/noticiasribeiraopreto.com.br\/index.php\/category\/noticias-de-ribeirao-preto-sp-e-regiao-ismael-colosi\/"},"img":{"alt_text":"","src":"https:\/\/i0.wp.com\/noticiasribeiraopreto.com.br\/wp-content\/uploads\/2025\/07\/WhatsApp-Image-2025-07-11-at-06.44.02_2025-07-11_09-53-52.webp.webp?fit=1200%2C540&ssl=1&resize=350%2C200","width":350,"height":200,"srcset":"https:\/\/i0.wp.com\/noticiasribeiraopreto.com.br\/wp-content\/uploads\/2025\/07\/WhatsApp-Image-2025-07-11-at-06.44.02_2025-07-11_09-53-52.webp.webp?fit=1200%2C540&ssl=1&resize=350%2C200 1x, https:\/\/i0.wp.com\/noticiasribeiraopreto.com.br\/wp-content\/uploads\/2025\/07\/WhatsApp-Image-2025-07-11-at-06.44.02_2025-07-11_09-53-52.webp.webp?fit=1200%2C540&ssl=1&resize=525%2C300 1.5x, https:\/\/i0.wp.com\/noticiasribeiraopreto.com.br\/wp-content\/uploads\/2025\/07\/WhatsApp-Image-2025-07-11-at-06.44.02_2025-07-11_09-53-52.webp.webp?fit=1200%2C540&ssl=1&resize=700%2C400 2x, https:\/\/i0.wp.com\/noticiasribeiraopreto.com.br\/wp-content\/uploads\/2025\/07\/WhatsApp-Image-2025-07-11-at-06.44.02_2025-07-11_09-53-52.webp.webp?fit=1200%2C540&ssl=1&resize=1050%2C600 3x"},"classes":[]},{"id":74038,"url":"https:\/\/noticiasribeiraopreto.com.br\/index.php\/2025\/07\/15\/previsao-do-tempo-acende-alerta-a-saude-no-interior-de-sp\/","url_meta":{"origin":76671,"position":2},"title":"Previs\u00e3o do tempo acende alerta \u00e0 sa\u00fade no interior de SP","author":"noticiasribeiraopreto.com.br","date":"15 de July de 2025","format":false,"excerpt":"A previs\u00e3o do tempo para os pr\u00f3ximos dias em Ribeir\u00e3o Preto indica a combina\u00e7\u00e3o de calor e baixa umidade do ar, cen\u00e1rio que eleva os riscos \u00e0 sa\u00fade da popula\u00e7\u00e3o. Segundo a Climatempo, as temperaturas devem variar entre 27\u202f\u00b0C e 30\u202f\u00b0C, com m\u00ednimas entre 11\u202f\u00b0C e 14\u202f\u00b0C. A umidade relativa\u2026","rel":"","context":"In &quot;Not\u00edcias de Ribeir\u00e3o Preto-SP e Regi\u00e3o&quot;","block_context":{"text":"Not\u00edcias de Ribeir\u00e3o Preto-SP e Regi\u00e3o","link":"https:\/\/noticiasribeiraopreto.com.br\/index.php\/category\/noticias-de-ribeirao-preto-sp-e-regiao-ismael-colosi\/"},"img":{"alt_text":"","src":"https:\/\/i0.wp.com\/noticiasribeiraopreto.com.br\/wp-content\/uploads\/2025\/07\/Copia-de-Copia-de-Copia-de-TAMANHO-EXATO-PARA-FOTOS-NO-SISTEMA-NOVO-2025-07-14T214705.107_2025-07-15_00-47-19.webp.webp?fit=1200%2C675&ssl=1&resize=350%2C200","width":350,"height":200,"srcset":"https:\/\/i0.wp.com\/noticiasribeiraopreto.com.br\/wp-content\/uploads\/2025\/07\/Copia-de-Copia-de-Copia-de-TAMANHO-EXATO-PARA-FOTOS-NO-SISTEMA-NOVO-2025-07-14T214705.107_2025-07-15_00-47-19.webp.webp?fit=1200%2C675&ssl=1&resize=350%2C200 1x, https:\/\/i0.wp.com\/noticiasribeiraopreto.com.br\/wp-content\/uploads\/2025\/07\/Copia-de-Copia-de-Copia-de-TAMANHO-EXATO-PARA-FOTOS-NO-SISTEMA-NOVO-2025-07-14T214705.107_2025-07-15_00-47-19.webp.webp?fit=1200%2C675&ssl=1&resize=525%2C300 1.5x, https:\/\/i0.wp.com\/noticiasribeiraopreto.com.br\/wp-content\/uploads\/2025\/07\/Copia-de-Copia-de-Copia-de-TAMANHO-EXATO-PARA-FOTOS-NO-SISTEMA-NOVO-2025-07-14T214705.107_2025-07-15_00-47-19.webp.webp?fit=1200%2C675&ssl=1&resize=700%2C400 2x, https:\/\/i0.wp.com\/noticiasribeiraopreto.com.br\/wp-content\/uploads\/2025\/07\/Copia-de-Copia-de-Copia-de-TAMANHO-EXATO-PARA-FOTOS-NO-SISTEMA-NOVO-2025-07-14T214705.107_2025-07-15_00-47-19.webp.webp?fit=1200%2C675&ssl=1&resize=1050%2C600 3x"},"classes":[]},{"id":73705,"url":"https:\/\/noticiasribeiraopreto.com.br\/index.php\/2025\/07\/08\/ar-seco-vem-com-forca-e-deixa-interior-de-sp-em-risco-para-baixa-umidade\/","url_meta":{"origin":76671,"position":3},"title":"Ar seco vem com for\u00e7a e deixa interior de SP em risco para baixa umidade","author":"noticiasribeiraopreto.com.br","date":"8 de July de 2025","format":false,"excerpt":"O ar seco ganha for\u00e7a ao longo desta ter\u00e7a-feia (8) e coloca parte do interior de S\u00e3o Paulo em alerta para a baixa umidade do ar. Segundo a Climatempo, munic\u00edpios que est\u00e3o em uma faixa que abrange as regi\u00f5es oeste, norte at\u00e9 o leste do estado paulista podem registrar \u00edndices\u2026","rel":"","context":"In &quot;Not\u00edcias de Ribeir\u00e3o Preto-SP e Regi\u00e3o&quot;","block_context":{"text":"Not\u00edcias de Ribeir\u00e3o Preto-SP e Regi\u00e3o","link":"https:\/\/noticiasribeiraopreto.com.br\/index.php\/category\/noticias-de-ribeirao-preto-sp-e-regiao-ismael-colosi\/"},"img":{"alt_text":"","src":"https:\/\/i0.wp.com\/noticiasribeiraopreto.com.br\/wp-content\/uploads\/2025\/07\/WhatsApp-Image-2025-07-08-at-06.47.20_2025-07-08_09-50-40.webp.webp?fit=1200%2C540&ssl=1&resize=350%2C200","width":350,"height":200,"srcset":"https:\/\/i0.wp.com\/noticiasribeiraopreto.com.br\/wp-content\/uploads\/2025\/07\/WhatsApp-Image-2025-07-08-at-06.47.20_2025-07-08_09-50-40.webp.webp?fit=1200%2C540&ssl=1&resize=350%2C200 1x, https:\/\/i0.wp.com\/noticiasribeiraopreto.com.br\/wp-content\/uploads\/2025\/07\/WhatsApp-Image-2025-07-08-at-06.47.20_2025-07-08_09-50-40.webp.webp?fit=1200%2C540&ssl=1&resize=525%2C300 1.5x, https:\/\/i0.wp.com\/noticiasribeiraopreto.com.br\/wp-content\/uploads\/2025\/07\/WhatsApp-Image-2025-07-08-at-06.47.20_2025-07-08_09-50-40.webp.webp?fit=1200%2C540&ssl=1&resize=700%2C400 2x, https:\/\/i0.wp.com\/noticiasribeiraopreto.com.br\/wp-content\/uploads\/2025\/07\/WhatsApp-Image-2025-07-08-at-06.47.20_2025-07-08_09-50-40.webp.webp?fit=1200%2C540&ssl=1&resize=1050%2C600 3x"},"classes":[]},{"id":76722,"url":"https:\/\/noticiasribeiraopreto.com.br\/index.php\/2025\/09\/04\/massa-de-ar-seco-eleva-temperaturas-e-derruba-umidade-em-sp-veja-previsao-para-ribeirao\/","url_meta":{"origin":76671,"position":4},"title":"Massa de ar seco eleva temperaturas e derruba umidade em SP; Veja previs\u00e3o para Ribeir\u00e3o","author":"noticiasribeiraopreto.com.br","date":"4 de September de 2025","format":false,"excerpt":"Uma forte massa de ar seco mant\u00e9m o tempo firme em todo o Estado de S\u00e3o Paulo, nesta quinta-feira (04). O dia come\u00e7ou mais fresco em Ribeir\u00e3o Preto, com m\u00ednima de 17\u00baC. Por\u00e9m, a chegada de ventos quentes e secos deve elevar as temperaturas ao longo do dia, segundo a\u2026","rel":"","context":"In &quot;Not\u00edcias de Ribeir\u00e3o Preto-SP e Regi\u00e3o&quot;","block_context":{"text":"Not\u00edcias de Ribeir\u00e3o Preto-SP e Regi\u00e3o","link":"https:\/\/noticiasribeiraopreto.com.br\/index.php\/category\/noticias-de-ribeirao-preto-sp-e-regiao-ismael-colosi\/"},"img":{"alt_text":"","src":"https:\/\/i0.wp.com\/noticiasribeiraopreto.com.br\/wp-content\/uploads\/2025\/09\/WhatsApp-Image-2023-11-26-at-17.35.53.jpeg?fit=1200%2C675&ssl=1&resize=350%2C200","width":350,"height":200,"srcset":"https:\/\/i0.wp.com\/noticiasribeiraopreto.com.br\/wp-content\/uploads\/2025\/09\/WhatsApp-Image-2023-11-26-at-17.35.53.jpeg?fit=1200%2C675&ssl=1&resize=350%2C200 1x, https:\/\/i0.wp.com\/noticiasribeiraopreto.com.br\/wp-content\/uploads\/2025\/09\/WhatsApp-Image-2023-11-26-at-17.35.53.jpeg?fit=1200%2C675&ssl=1&resize=525%2C300 1.5x, https:\/\/i0.wp.com\/noticiasribeiraopreto.com.br\/wp-content\/uploads\/2025\/09\/WhatsApp-Image-2023-11-26-at-17.35.53.jpeg?fit=1200%2C675&ssl=1&resize=700%2C400 2x, https:\/\/i0.wp.com\/noticiasribeiraopreto.com.br\/wp-content\/uploads\/2025\/09\/WhatsApp-Image-2023-11-26-at-17.35.53.jpeg?fit=1200%2C675&ssl=1&resize=1050%2C600 3x"},"classes":[]},{"id":81533,"url":"https:\/\/noticiasribeiraopreto.com.br\/index.php\/2026\/01\/09\/sol-ou-chuva-veja-previsao-do-tempo-no-fim-de-semana-em-ribeirao-preto\/","url_meta":{"origin":76671,"position":5},"title":"Sol ou chuva? Veja previs\u00e3o do tempo no fim de semana em Ribeir\u00e3o Preto","author":"noticiasribeiraopreto.com.br","date":"9 de January de 2026","format":false,"excerpt":"A sexta-feira (9) come\u00e7ou com sol pela manh\u00e3 e as temperaturas devem subir ao longo do dia em Ribeir\u00e3o Preto. Segundo a Climatempo, no fim da tarde e in\u00edcio da noite est\u00e3o previstas pancadas isoladas de chuva. No s\u00e1bado (10), o sol deve predominar entre poucas nuvens, com tempo est\u00e1vel.\u2026","rel":"","context":"In &quot;Not\u00edcias de Ribeir\u00e3o Preto-SP e Regi\u00e3o&quot;","block_context":{"text":"Not\u00edcias de Ribeir\u00e3o Preto-SP e Regi\u00e3o","link":"https:\/\/noticiasribeiraopreto.com.br\/index.php\/category\/noticias-de-ribeirao-preto-sp-e-regiao-ismael-colosi\/"},"img":{"alt_text":"","src":"https:\/\/i0.wp.com\/noticiasribeiraopreto.com.br\/wp-content\/uploads\/2025\/06\/WhatsApp-Image-2025-06-17-at-14.27.19_2025-06-17_17-29-48.webp.webp?fit=1200%2C540&ssl=1&resize=350%2C200","width":350,"height":200,"srcset":"https:\/\/i0.wp.com\/noticiasribeiraopreto.com.br\/wp-content\/uploads\/2025\/06\/WhatsApp-Image-2025-06-17-at-14.27.19_2025-06-17_17-29-48.webp.webp?fit=1200%2C540&ssl=1&resize=350%2C200 1x, https:\/\/i0.wp.com\/noticiasribeiraopreto.com.br\/wp-content\/uploads\/2025\/06\/WhatsApp-Image-2025-06-17-at-14.27.19_2025-06-17_17-29-48.webp.webp?fit=1200%2C540&ssl=1&resize=525%2C300 1.5x, https:\/\/i0.wp.com\/noticiasribeiraopreto.com.br\/wp-content\/uploads\/2025\/06\/WhatsApp-Image-2025-06-17-at-14.27.19_2025-06-17_17-29-48.webp.webp?fit=1200%2C540&ssl=1&resize=700%2C400 2x, https:\/\/i0.wp.com\/noticiasribeiraopreto.com.br\/wp-content\/uploads\/2025\/06\/WhatsApp-Image-2025-06-17-at-14.27.19_2025-06-17_17-29-48.webp.webp?fit=1200%2C540&ssl=1&resize=1050%2C600 3x"},"classes":[]}],"jetpack_sharing_enabled":true,"jetpack_shortlink":"https:\/\/wp.me\/peQAOb-jWD","_links":{"self":[{"href":"https:\/\/noticiasribeiraopreto.com.br\/index.php\/wp-json\/wp\/v2\/posts\/76671","targetHints":{"allow":["GET"]}}],"collection":[{"href":"https:\/\/noticiasribeiraopreto.com.br\/index.php\/wp-json\/wp\/v2\/posts"}],"about":[{"href":"https:\/\/noticiasribeiraopreto.com.br\/index.php\/wp-json\/wp\/v2\/types\/post"}],"author":[{"embeddable":true,"href":"https:\/\/noticiasribeiraopreto.com.br\/index.php\/wp-json\/wp\/v2\/users\/1"}],"replies":[{"embeddable":true,"href":"https:\/\/noticiasribeiraopreto.com.br\/index.php\/wp-json\/wp\/v2\/comments?post=76671"}],"version-history":[{"count":0,"href":"https:\/\/noticiasribeiraopreto.com.br\/index.php\/wp-json\/wp\/v2\/posts\/76671\/revisions"}],"wp:featuredmedia":[{"embeddable":true,"href":"https:\/\/noticiasribeiraopreto.com.br\/index.php\/wp-json\/wp\/v2\/media\/76672"}],"wp:attachment":[{"href":"https:\/\/noticiasribeiraopreto.com.br\/index.php\/wp-json\/wp\/v2\/media?parent=76671"}],"wp:term":[{"taxonomy":"category","embeddable":true,"href":"https:\/\/noticiasribeiraopreto.com.br\/index.php\/wp-json\/wp\/v2\/categories?post=76671"},{"taxonomy":"post_tag","embeddable":true,"href":"https:\/\/noticiasribeiraopreto.com.br\/index.php\/wp-json\/wp\/v2\/tags?post=76671"}],"curies":[{"name":"wp","href":"https:\/\/api.w.org\/{rel}","templated":true}]}}