{"id":76675,"date":"2025-09-03T11:22:50","date_gmt":"2025-09-03T14:22:50","guid":{"rendered":"https:\/\/noticiasribeiraopreto.com.br\/index.php\/2025\/09\/03\/pm-tem-novo-comandante-na-regiao\/"},"modified":"2025-09-03T11:22:50","modified_gmt":"2025-09-03T14:22:50","slug":"pm-tem-novo-comandante-na-regiao","status":"publish","type":"post","link":"https:\/\/noticiasribeiraopreto.com.br\/index.php\/2025\/09\/03\/pm-tem-novo-comandante-na-regiao\/","title":{"rendered":"PM tem novo comandante na regi\u00e3o"},"content":{"rendered":"<div class='code-block code-block-1' style='margin: 8px 0 8px auto; text-align: right; display: block; clear: both;'>\n<p><a href=\"https:\/\/wa.link\/vpicfd\"><img data-recalc-dims=\"1\" class=\"wp-image-4922\" style=\"aspect-ratio: 2.0253164556962027; width: 561px; height: auto;\" src=\"https:\/\/i0.wp.com\/ismaelcolosi.com.br\/wp-content\/uploads\/2023\/11\/grupo-de-empregos-whatsapp-e-facebook-ismael-colosi-vagas.jpg?ssl=1\" alt=\"\" \/><\/a><\/p>\n<!-- \/wp:image -->\n<\/div>\n<p> <br \/>\n<\/p>\n<div id=\"\">\n<h2 class=\"penci-post-subtitle\">Coronel Rodrigo Quintino assume o comando da Pol\u00edcia Militar em 93 cidades da regi\u00e3o de Ribeir\u00e3o Preto, no lugar do coronel Beltrami<\/h2>\n<p>\n\t\t\t\t\t\t\t\t\t<span class=\"entry-meta-item penci-posted-on\"><i class=\"fa fa-clock-o\"\/><time class=\"entry-date published updated\" datetime=\"2025-09-03T11:18:42-03:00\">3 de setembro de 2025 11:18<\/time><\/span><span class=\"entry-meta-item penci-post-countview\"><span class=\"entry-meta-item penci-post-countview penci_post-meta_item\"><i class=\"fa fa-eye\"\/><span class=\"penci-post-countview-number penci-post-countview-p437893\">3<\/span><\/span><\/span>\t\t\t\t\t\t\t\t<\/p>\n<p><!-- .entry-meta --><br \/>\n\t\t\t\t\t\t\t\t<span class=\"penci-social-buttons penci-social-share-footer\"><span class=\"penci-social-share-text\">Compartilhar<\/span><a href=\"#\" class=\"penci-post-like penci_post-meta_item  single-like-button penci-social-item like\" data-post_id=\"437893\" title=\"Like\" data-like=\"Like\" data-unlike=\"Unlike\"><i class=\"fa fa-thumbs-o-up\"\/><span class=\"penci-share-number\">1<\/span><\/a><i class=\"fa fa-facebook\"\/><a class=\"penci-social-item twitter\" target=\"_blank\" rel=\"noopener\" title=\"\" href=\"https:\/\/twitter.com\/intent\/tweet?text=PM%20tem%20novo%20comandante%20na%20regi\u00e3o%20-%20https:\/\/www.tribunaribeirao.com.br\/pm-tem-novo-comandante-na-regiao\/\"><i class=\"fa fa-twitter\"\/><\/a><i class=\"fa fa-linkedin\"\/><i class=\"fa fa-whatsapp\"\/><i class=\"fa fa-telegram\"\/><i class=\"fa fa-envelope\"\/><\/span>\t\t\t\t\t\t\t<\/div>\n<div>\n<p>Por: Adalberto Luque<\/p>\n<p>A Pol\u00edcia Militar est\u00e1 com um novo comandante na regi\u00e3o de Ribeir\u00e3o Preto. O coronel Rodrigo Quintino est\u00e1 \u00e0 frente do Comando de Policiamento do Interior (CPI-3). Sua nomea\u00e7\u00e3o foi publicada no dia 22 de agosto.<\/p>\n<p>Ele assume o posto antes ocupado pelo coronel Paulo Henrique Beltrami, que assumiu o CPI-5, que coordena a PM na regi\u00e3o de S\u00e3o Jos\u00e9 do Rio Preto. Nascido em Ribeir\u00e3o Preto, coronel Quintino tem 52 anos. Ingressou na Pol\u00edcia Militar no dia 15 de janeiro de 1992, na Academia de Pol\u00edcia Militar do Barro Branco, na Capital, onde fez curso de Bacharelado em Ci\u00eancias Policiais de Seguran\u00e7a e Ordem P\u00fablica \u2013 Curso de Forma\u00e7\u00e3o de Oficiais.<\/p>\n<p>Em 33 anos na Corpora\u00e7\u00e3o, atuou como comandante operacional de policiamento na regi\u00e3o central da Capital; no Corpo de Bombeiros e Defesa Civil, tamb\u00e9m na \u00e1rea central de S\u00e3o Paulo; passou pelo 13\u00ba Grupamento de Bombeiros (GB) de S\u00e3o Jos\u00e9 do Rio Preto e regi\u00e3o; na Casa Militar do Gabinete do Governador; foi comandante operacional do 9\u00ba GB, de Ribeir\u00e3o Preto e regi\u00e3o; foi chefe da \u00e1rea t\u00e9cnica de bombeiros militares no Minist\u00e9rio da Justi\u00e7a e comandou o 3\u00ba Batalh\u00e3o de Ca\u00e7adores, em Ribeir\u00e3o Preto.<\/p>\n<p>Como coronel, esteve \u00e0 frente nas regi\u00f5es de Ara\u00e7atuba e Mogi das Cruzes e chefiou o Escrit\u00f3rio de Representa\u00e7\u00e3o Institucional da PM em Bras\u00edlia (DF).<\/p>\n<p>\u00c0 frente do CPI-3, Coronel Quintino vai coordenar as a\u00e7\u00f5es da Pol\u00edcia Militar em 93 cidades, com sede em Ribeir\u00e3o Preto. Sob seu comando est\u00e3o oito batalh\u00f5es: 3\u00ba Batalh\u00e3o de Ca\u00e7adores (BP), de Ribeir\u00e3o Preto e regi\u00e3o; 51\u00ba Batalh\u00e3o de Pol\u00edcia Militar do Interior (BPM\/I), de Ribeir\u00e3o Preto e regi\u00e3o; 13\u00ba BPM\/I, de Araraquara e regi\u00e3o; 15\u00ba BPM\/I, Franca e regi\u00e3o; 33\u00ba BPM\/I, de Barretos e regi\u00e3o; 38\u00ba BPM\/I, de S\u00e3o Carlos e regi\u00e3o; 43\u00ba BPM\/I, de Sert\u00e3ozinho e regi\u00e3o, al\u00e9m do 11\u00ba Batalh\u00e3o de A\u00e7\u00f5es Especiais de Pol\u00edcia (BAEP), que atua nas 93 cidades da \u00e1rea do CPI-3.<\/p>\n<\/div>\n<p><script async src=\"\/\/platform.twitter.com\/widgets.js\" charset=\"utf-8\"><\/script><br \/>\n<br \/><br \/>\n<br \/><a href=\"https:\/\/www.tribunaribeirao.com.br\/pm-tem-novo-comandante-na-regiao\/\">Source link <\/a><\/p>\n<!-- CONTENT END 1 -->\n","protected":false},"excerpt":{"rendered":"<p>Coronel Rodrigo Quintino assume o comando da Pol\u00edcia Militar em 93 cidades da regi\u00e3o de Ribeir\u00e3o Preto, no lugar do coronel Beltrami 3 de setembro&#8230;<\/p>\n","protected":false},"author":1,"featured_media":76676,"comment_status":"open","ping_status":"open","sticky":false,"template":"","format":"standard","meta":{"advanced_seo_description":"","jetpack_seo_html_title":"","jetpack_seo_noindex":false,"jetpack_post_was_ever_published":false,"_jetpack_newsletter_access":"","_jetpack_dont_email_post_to_subs":false,"_jetpack_newsletter_tier_id":0,"_jetpack_memberships_contains_paywalled_content":false,"_jetpack_memberships_contains_paid_content":false,"footnotes":"","jetpack_publicize_message":"","jetpack_publicize_feature_enabled":true,"jetpack_social_post_already_shared":true,"jetpack_social_options":{"image_generator_settings":{"template":"highway","default_image_id":0,"font":"","enabled":false},"version":2}},"categories":[11],"tags":[],"class_list":["post-76675","post","type-post","status-publish","format-standard","has-post-thumbnail","hentry","category-noticias-de-ribeirao-preto-sp-e-regiao-ismael-colosi"],"jetpack_publicize_connections":[],"jetpack_featured_media_url":"https:\/\/i0.wp.com\/noticiasribeiraopreto.com.br\/wp-content\/uploads\/2025\/09\/03-set-2025-celpmquintino.jpg?fit=556%2C640&ssl=1","jetpack-related-posts":[{"id":77474,"url":"https:\/\/noticiasribeiraopreto.com.br\/index.php\/2025\/09\/19\/coronel-quintino-assume-oficialmente-comando-do-cpi-3\/","url_meta":{"origin":76675,"position":0},"title":"Coronel Quintino assume oficialmente comando do CPI-3","author":"noticiasribeiraopreto.com.br","date":"19 de September de 2025","format":false,"excerpt":"Por: Adalberto Luque O coronel Rodrigo Quintino foi oficialmente empossado \u00e0 frente do Comando de Policiamento do Interior-3 (CPI-3). A solenidade de assun\u00e7\u00e3o ocorreu na manh\u00e3 desta sexta-feira (19), na sede do CPI-3, avenida Paschoal Innechi, Jardim Independ\u00eancia, zona Norte de Ribeir\u00e3o Preto. O secret\u00e1rio Guilherme Derrite, da Seguran\u00e7a P\u00fablica,\u2026","rel":"","context":"In &quot;Not\u00edcias de Ribeir\u00e3o Preto-SP e Regi\u00e3o&quot;","block_context":{"text":"Not\u00edcias de Ribeir\u00e3o Preto-SP e Regi\u00e3o","link":"https:\/\/noticiasribeiraopreto.com.br\/index.php\/category\/noticias-de-ribeirao-preto-sp-e-regiao-ismael-colosi\/"},"img":{"alt_text":"","src":"https:\/\/i0.wp.com\/noticiasribeiraopreto.com.br\/wp-content\/uploads\/2025\/09\/19-set-2025-possecomandante1-scaled.jpg?fit=1170%2C780&ssl=1&resize=350%2C200","width":350,"height":200,"srcset":"https:\/\/i0.wp.com\/noticiasribeiraopreto.com.br\/wp-content\/uploads\/2025\/09\/19-set-2025-possecomandante1-scaled.jpg?fit=1170%2C780&ssl=1&resize=350%2C200 1x, https:\/\/i0.wp.com\/noticiasribeiraopreto.com.br\/wp-content\/uploads\/2025\/09\/19-set-2025-possecomandante1-scaled.jpg?fit=1170%2C780&ssl=1&resize=525%2C300 1.5x, https:\/\/i0.wp.com\/noticiasribeiraopreto.com.br\/wp-content\/uploads\/2025\/09\/19-set-2025-possecomandante1-scaled.jpg?fit=1170%2C780&ssl=1&resize=700%2C400 2x, https:\/\/i0.wp.com\/noticiasribeiraopreto.com.br\/wp-content\/uploads\/2025\/09\/19-set-2025-possecomandante1-scaled.jpg?fit=1170%2C780&ssl=1&resize=1050%2C600 3x"},"classes":[]},{"id":76369,"url":"https:\/\/noticiasribeiraopreto.com.br\/index.php\/2025\/08\/27\/comando-da-policia-militar-tem-mudanca-em-ribeirao-preto\/","url_meta":{"origin":76675,"position":1},"title":"Comando da Pol\u00edcia Militar tem mudan\u00e7a em Ribeir\u00e3o Preto","author":"noticiasribeiraopreto.com.br","date":"27 de August de 2025","format":false,"excerpt":"O coronel de Pol\u00edcia Militar Rodrigo Quintino foi nomeado o novo comandante do CPI-3 (Comando de Policiamento do Interior-3), respons\u00e1vel por Ribeir\u00e3o Preto. Quintino substitui o coronel Paulo Henrique Beltrami, que estava no cargo desde fevereiro. A nomea\u00e7\u00e3o, assinada pelo governador Tarc\u00edsio de Freitas (REP), foi publicada no DOE (Di\u00e1rio\u2026","rel":"","context":"In &quot;Not\u00edcias de Ribeir\u00e3o Preto-SP e Regi\u00e3o&quot;","block_context":{"text":"Not\u00edcias de Ribeir\u00e3o Preto-SP e Regi\u00e3o","link":"https:\/\/noticiasribeiraopreto.com.br\/index.php\/category\/noticias-de-ribeirao-preto-sp-e-regiao-ismael-colosi\/"},"img":{"alt_text":"","src":"https:\/\/i0.wp.com\/noticiasribeiraopreto.com.br\/wp-content\/uploads\/2025\/08\/rodrigo-quintino_2025-08-27_20-49-41.webp.webp?fit=1200%2C701&ssl=1&resize=350%2C200","width":350,"height":200,"srcset":"https:\/\/i0.wp.com\/noticiasribeiraopreto.com.br\/wp-content\/uploads\/2025\/08\/rodrigo-quintino_2025-08-27_20-49-41.webp.webp?fit=1200%2C701&ssl=1&resize=350%2C200 1x, https:\/\/i0.wp.com\/noticiasribeiraopreto.com.br\/wp-content\/uploads\/2025\/08\/rodrigo-quintino_2025-08-27_20-49-41.webp.webp?fit=1200%2C701&ssl=1&resize=525%2C300 1.5x, https:\/\/i0.wp.com\/noticiasribeiraopreto.com.br\/wp-content\/uploads\/2025\/08\/rodrigo-quintino_2025-08-27_20-49-41.webp.webp?fit=1200%2C701&ssl=1&resize=700%2C400 2x, https:\/\/i0.wp.com\/noticiasribeiraopreto.com.br\/wp-content\/uploads\/2025\/08\/rodrigo-quintino_2025-08-27_20-49-41.webp.webp?fit=1200%2C701&ssl=1&resize=1050%2C600 3x"},"classes":[]},{"id":59123,"url":"https:\/\/noticiasribeiraopreto.com.br\/index.php\/2024\/10\/15\/feira-de-orquideas-e-suculentas-chega-a-ribeirao-preto-no-fim-de-semana\/","url_meta":{"origin":76675,"position":2},"title":"Feira de Orqu\u00eddeas e Suculentas chega a Ribeir\u00e3o Preto no fim de semana","author":"noticiasribeiraopreto.com.br","date":"15 de October de 2024","format":false,"excerpt":"Ribeir\u00e3o Preto recebe no pr\u00f3ximo fim de semana a quarta edi\u00e7\u00e3o da Feira de Orqu\u00eddeas e Suculentas. O evento tem entrada gratuita e acontece no Dan Inn Hotel nos dias 19 e 20 de outubro. A feira \u00e9 organizada pela Associa\u00e7\u00e3o dos Orquid\u00f3filos de Ribeir\u00e3o Preto e contar\u00e1 com expositores\u2026","rel":"","context":"In &quot;Not\u00edcias de Ribeir\u00e3o Preto-SP e Regi\u00e3o&quot;","block_context":{"text":"Not\u00edcias de Ribeir\u00e3o Preto-SP e Regi\u00e3o","link":"https:\/\/noticiasribeiraopreto.com.br\/index.php\/category\/noticias-de-ribeirao-preto-sp-e-regiao-ismael-colosi\/"},"img":{"alt_text":"","src":"https:\/\/i0.wp.com\/noticiasribeiraopreto.com.br\/wp-content\/uploads\/2024\/10\/Copia-de-Copia-de-Copia-de-TAMANHO-EXATO-PARA-FOTOS-NO-SISTEMA-NOVO-20_2024-10-15_14-56-38_jpg_2024-10-15_14-56-38.webp.webp?fit=1200%2C675&ssl=1&resize=350%2C200","width":350,"height":200,"srcset":"https:\/\/i0.wp.com\/noticiasribeiraopreto.com.br\/wp-content\/uploads\/2024\/10\/Copia-de-Copia-de-Copia-de-TAMANHO-EXATO-PARA-FOTOS-NO-SISTEMA-NOVO-20_2024-10-15_14-56-38_jpg_2024-10-15_14-56-38.webp.webp?fit=1200%2C675&ssl=1&resize=350%2C200 1x, https:\/\/i0.wp.com\/noticiasribeiraopreto.com.br\/wp-content\/uploads\/2024\/10\/Copia-de-Copia-de-Copia-de-TAMANHO-EXATO-PARA-FOTOS-NO-SISTEMA-NOVO-20_2024-10-15_14-56-38_jpg_2024-10-15_14-56-38.webp.webp?fit=1200%2C675&ssl=1&resize=525%2C300 1.5x, https:\/\/i0.wp.com\/noticiasribeiraopreto.com.br\/wp-content\/uploads\/2024\/10\/Copia-de-Copia-de-Copia-de-TAMANHO-EXATO-PARA-FOTOS-NO-SISTEMA-NOVO-20_2024-10-15_14-56-38_jpg_2024-10-15_14-56-38.webp.webp?fit=1200%2C675&ssl=1&resize=700%2C400 2x, https:\/\/i0.wp.com\/noticiasribeiraopreto.com.br\/wp-content\/uploads\/2024\/10\/Copia-de-Copia-de-Copia-de-TAMANHO-EXATO-PARA-FOTOS-NO-SISTEMA-NOVO-20_2024-10-15_14-56-38_jpg_2024-10-15_14-56-38.webp.webp?fit=1200%2C675&ssl=1&resize=1050%2C600 3x"},"classes":[]},{"id":77493,"url":"https:\/\/noticiasribeiraopreto.com.br\/index.php\/2025\/09\/19\/coronel-assume-oficialmente-comando-da-pm-em-ribeirao-preto-veja-imagens\/","url_meta":{"origin":76675,"position":3},"title":"Coronel assume oficialmente comando da PM em Ribeir\u00e3o Preto; Veja imagens","author":"noticiasribeiraopreto.com.br","date":"19 de September de 2025","format":false,"excerpt":"O coronel Rodrigo Quintino, de 52 anos, assumiu oficialmente nesta sexta-feira (19) o comando da PM (Pol\u00edcia Militar) na regi\u00e3o de Ribeir\u00e3o Preto. Veja v\u00eddeo e galeria de fotos abaixo. A cerim\u00f4nia, realizada na sede do Comando de Policiamento do Interior (CPI) 3, no Jardim Independ\u00eancia, zona Norte de Ribeir\u00e3o,\u2026","rel":"","context":"In &quot;Not\u00edcias de Ribeir\u00e3o Preto-SP e Regi\u00e3o&quot;","block_context":{"text":"Not\u00edcias de Ribeir\u00e3o Preto-SP e Regi\u00e3o","link":"https:\/\/noticiasribeiraopreto.com.br\/index.php\/category\/noticias-de-ribeirao-preto-sp-e-regiao-ismael-colosi\/"},"img":{"alt_text":"","src":"https:\/\/i0.wp.com\/noticiasribeiraopreto.com.br\/wp-content\/uploads\/2025\/09\/WhatsApp-Image-2025-09-19-at-12.30.44-1_2025-09-19_16-27-59.webp.webp?fit=1200%2C900&ssl=1&resize=350%2C200","width":350,"height":200,"srcset":"https:\/\/i0.wp.com\/noticiasribeiraopreto.com.br\/wp-content\/uploads\/2025\/09\/WhatsApp-Image-2025-09-19-at-12.30.44-1_2025-09-19_16-27-59.webp.webp?fit=1200%2C900&ssl=1&resize=350%2C200 1x, https:\/\/i0.wp.com\/noticiasribeiraopreto.com.br\/wp-content\/uploads\/2025\/09\/WhatsApp-Image-2025-09-19-at-12.30.44-1_2025-09-19_16-27-59.webp.webp?fit=1200%2C900&ssl=1&resize=525%2C300 1.5x, https:\/\/i0.wp.com\/noticiasribeiraopreto.com.br\/wp-content\/uploads\/2025\/09\/WhatsApp-Image-2025-09-19-at-12.30.44-1_2025-09-19_16-27-59.webp.webp?fit=1200%2C900&ssl=1&resize=700%2C400 2x, https:\/\/i0.wp.com\/noticiasribeiraopreto.com.br\/wp-content\/uploads\/2025\/09\/WhatsApp-Image-2025-09-19-at-12.30.44-1_2025-09-19_16-27-59.webp.webp?fit=1200%2C900&ssl=1&resize=1050%2C600 3x"},"classes":[]},{"id":34045,"url":"https:\/\/noticiasribeiraopreto.com.br\/index.php\/2024\/01\/31\/carnaval-cidade-na-regiao-de-ribeirao-tem-programacao-especial-durante-folia\/","url_meta":{"origin":76675,"position":4},"title":"Carnaval: Cidade na regi\u00e3o de Ribeir\u00e3o tem programa\u00e7\u00e3o especial durante folia","author":"noticiasribeiraopreto.com.br","date":"31 de January de 2024","format":false,"excerpt":"A Prefeitura de Sert\u00e3ozinho, cidade a 22 quil\u00f4metros de Ribeir\u00e3o Preto, informou que entre os dias 10 e 13 de fevereiro, acontece \u00e0s apresenta\u00e7\u00f5es do \u201cCarnafolia 2024\u201d no munic\u00edpio. O evento \u00e9 gratuito e acontece em diferentes locais da cidade, com programa\u00e7\u00e3o para toda fam\u00edlia. O distrito de Cruz das\u2026","rel":"","context":"In &quot;Not\u00edcias de Ribeir\u00e3o Preto-SP e Regi\u00e3o&quot;","block_context":{"text":"Not\u00edcias de Ribeir\u00e3o Preto-SP e Regi\u00e3o","link":"https:\/\/noticiasribeiraopreto.com.br\/index.php\/category\/noticias-de-ribeirao-preto-sp-e-regiao-ismael-colosi\/"},"img":{"alt_text":"","src":"https:\/\/i0.wp.com\/noticiasribeiraopreto.com.br\/wp-content\/uploads\/2024\/01\/mask-g2f67fbdfe_1920.jpg?fit=1200%2C800&ssl=1&resize=350%2C200","width":350,"height":200,"srcset":"https:\/\/i0.wp.com\/noticiasribeiraopreto.com.br\/wp-content\/uploads\/2024\/01\/mask-g2f67fbdfe_1920.jpg?fit=1200%2C800&ssl=1&resize=350%2C200 1x, https:\/\/i0.wp.com\/noticiasribeiraopreto.com.br\/wp-content\/uploads\/2024\/01\/mask-g2f67fbdfe_1920.jpg?fit=1200%2C800&ssl=1&resize=525%2C300 1.5x, https:\/\/i0.wp.com\/noticiasribeiraopreto.com.br\/wp-content\/uploads\/2024\/01\/mask-g2f67fbdfe_1920.jpg?fit=1200%2C800&ssl=1&resize=700%2C400 2x, https:\/\/i0.wp.com\/noticiasribeiraopreto.com.br\/wp-content\/uploads\/2024\/01\/mask-g2f67fbdfe_1920.jpg?fit=1200%2C800&ssl=1&resize=1050%2C600 3x"},"classes":[]},{"id":77434,"url":"https:\/\/noticiasribeiraopreto.com.br\/index.php\/2025\/09\/18\/contribuir-para-uma-policia-mais-proxima-da-populacao-diz-novo-comandante-da-pm\/","url_meta":{"origin":76675,"position":5},"title":"&#8216;Contribuir para uma pol\u00edcia mais pr\u00f3xima da popula\u00e7\u00e3o&#8217;, diz novo comandante da PM","author":"noticiasribeiraopreto.com.br","date":"18 de September de 2025","format":false,"excerpt":"O coronel Rodrigo Quintino, de 52 anos, \u00e9 o novo comandante da PM (Pol\u00edcia Militar) na regi\u00e3o de Ribeir\u00e3o Preto. Ele assume oficialmente o cargo durante cerim\u00f4nia de passagem de comando com o coronel Paulo Henrique Beltrami, marcada para esta sexta-feira (19). Natural de Ribeir\u00e3o Preto, o coronel Quintino agora\u2026","rel":"","context":"In &quot;Not\u00edcias de Ribeir\u00e3o Preto-SP e Regi\u00e3o&quot;","block_context":{"text":"Not\u00edcias de Ribeir\u00e3o Preto-SP e Regi\u00e3o","link":"https:\/\/noticiasribeiraopreto.com.br\/index.php\/category\/noticias-de-ribeirao-preto-sp-e-regiao-ismael-colosi\/"},"img":{"alt_text":"","src":"https:\/\/i0.wp.com\/noticiasribeiraopreto.com.br\/wp-content\/uploads\/2025\/09\/coronel-quintino_2025-09-18_13-47-05.webp.webp?fit=1200%2C900&ssl=1&resize=350%2C200","width":350,"height":200,"srcset":"https:\/\/i0.wp.com\/noticiasribeiraopreto.com.br\/wp-content\/uploads\/2025\/09\/coronel-quintino_2025-09-18_13-47-05.webp.webp?fit=1200%2C900&ssl=1&resize=350%2C200 1x, https:\/\/i0.wp.com\/noticiasribeiraopreto.com.br\/wp-content\/uploads\/2025\/09\/coronel-quintino_2025-09-18_13-47-05.webp.webp?fit=1200%2C900&ssl=1&resize=525%2C300 1.5x, https:\/\/i0.wp.com\/noticiasribeiraopreto.com.br\/wp-content\/uploads\/2025\/09\/coronel-quintino_2025-09-18_13-47-05.webp.webp?fit=1200%2C900&ssl=1&resize=700%2C400 2x, https:\/\/i0.wp.com\/noticiasribeiraopreto.com.br\/wp-content\/uploads\/2025\/09\/coronel-quintino_2025-09-18_13-47-05.webp.webp?fit=1200%2C900&ssl=1&resize=1050%2C600 3x"},"classes":[]}],"jetpack_sharing_enabled":true,"jetpack_shortlink":"https:\/\/wp.me\/peQAOb-jWH","_links":{"self":[{"href":"https:\/\/noticiasribeiraopreto.com.br\/index.php\/wp-json\/wp\/v2\/posts\/76675","targetHints":{"allow":["GET"]}}],"collection":[{"href":"https:\/\/noticiasribeiraopreto.com.br\/index.php\/wp-json\/wp\/v2\/posts"}],"about":[{"href":"https:\/\/noticiasribeiraopreto.com.br\/index.php\/wp-json\/wp\/v2\/types\/post"}],"author":[{"embeddable":true,"href":"https:\/\/noticiasribeiraopreto.com.br\/index.php\/wp-json\/wp\/v2\/users\/1"}],"replies":[{"embeddable":true,"href":"https:\/\/noticiasribeiraopreto.com.br\/index.php\/wp-json\/wp\/v2\/comments?post=76675"}],"version-history":[{"count":0,"href":"https:\/\/noticiasribeiraopreto.com.br\/index.php\/wp-json\/wp\/v2\/posts\/76675\/revisions"}],"wp:featuredmedia":[{"embeddable":true,"href":"https:\/\/noticiasribeiraopreto.com.br\/index.php\/wp-json\/wp\/v2\/media\/76676"}],"wp:attachment":[{"href":"https:\/\/noticiasribeiraopreto.com.br\/index.php\/wp-json\/wp\/v2\/media?parent=76675"}],"wp:term":[{"taxonomy":"category","embeddable":true,"href":"https:\/\/noticiasribeiraopreto.com.br\/index.php\/wp-json\/wp\/v2\/categories?post=76675"},{"taxonomy":"post_tag","embeddable":true,"href":"https:\/\/noticiasribeiraopreto.com.br\/index.php\/wp-json\/wp\/v2\/tags?post=76675"}],"curies":[{"name":"wp","href":"https:\/\/api.w.org\/{rel}","templated":true}]}}