{"id":76677,"date":"2025-09-03T11:49:47","date_gmt":"2025-09-03T14:49:47","guid":{"rendered":"https:\/\/noticiasribeiraopreto.com.br\/index.php\/2025\/09\/03\/sesc-ribeirao-promove-mostra-com-shows-gratuitos-de-artistas-da-regiao-veja-programacao\/"},"modified":"2025-09-03T11:49:47","modified_gmt":"2025-09-03T14:49:47","slug":"sesc-ribeirao-promove-mostra-com-shows-gratuitos-de-artistas-da-regiao-veja-programacao","status":"publish","type":"post","link":"https:\/\/noticiasribeiraopreto.com.br\/index.php\/2025\/09\/03\/sesc-ribeirao-promove-mostra-com-shows-gratuitos-de-artistas-da-regiao-veja-programacao\/","title":{"rendered":"Sesc Ribeir\u00e3o promove mostra com shows gratuitos de artistas da regi\u00e3o; Veja programa\u00e7\u00e3o"},"content":{"rendered":"<div class='code-block code-block-1' style='margin: 8px 0 8px auto; text-align: right; display: block; clear: both;'>\n<p><a href=\"https:\/\/wa.link\/vpicfd\"><img data-recalc-dims=\"1\" class=\"wp-image-4922\" style=\"aspect-ratio: 2.0253164556962027; width: 561px; height: auto;\" src=\"https:\/\/i0.wp.com\/ismaelcolosi.com.br\/wp-content\/uploads\/2023\/11\/grupo-de-empregos-whatsapp-e-facebook-ismael-colosi-vagas.jpg?ssl=1\" alt=\"\" \/><\/a><\/p>\n<!-- \/wp:image -->\n<\/div>\n<p> <br \/>\n<\/p>\n<div data-td-block-uid=\"tdi_95\">\n<div class=\"tdb-block-inner td-fix-index\">\n<p>O <strong>Sesc Ribeir\u00e3o Preto<\/strong> promove, durante o m\u00eas de <strong>setembro<\/strong>, a segunda edi\u00e7\u00e3o da<strong> Mostra Local Total<\/strong>, que conta com shows de diferentes g\u00eaneros musicais de artistas de <strong>Ribeir\u00e3o Preto e regi\u00e3o<\/strong>. Todos os shows s\u00e3o <strong>gratuitos<\/strong> e com <strong>acesso livre<\/strong>.<\/p>\n<p>A mostra conta com shows todas as <strong>quintas-feiras<\/strong>, durante todo o m\u00eas, na unidade do <strong>Sesc<\/strong>, localizada na <strong>rua Tibiri\u00e7\u00e1, 50<\/strong>, no <strong>Centro<\/strong>.<\/p>\n<p>Nomes como <strong>Maria Orfina, Morgana Kurman, Sandra Leite, Danilo Teoro<\/strong> e outros passam pela programa\u00e7\u00e3o da mostra. Confira agenda completa abaixo:<\/p>\n<h2 class=\"wp-block-heading\"><strong>Agenda<\/strong><\/h2>\n<ul class=\"wp-block-list\">\n<li><strong>Morgana Kurman<\/strong>: 4 de setembro, \u00e0s 20h<\/li>\n<li><strong>M\u00f3dulo Lunar<\/strong>: 4 de setembro, \u00e0s 20h50<\/li>\n<li><strong>Sandra Leite<\/strong>: 11 de setembro, 20h<\/li>\n<li><strong>Rafaela Vaz<\/strong>: 11 de setembro, 20h50<\/li>\n<li><strong>Danilo Teoro<\/strong>: 18 de setembro, 20h<\/li>\n<li><strong>Amaral<\/strong>: 18 de setembro, \u00e0s 20h50<\/li>\n<li><strong>Maria Orfina<\/strong>: 25 de setembro, 20h<\/li>\n<li><strong>Hibysco<\/strong>: 25 de setembro, 20h50<\/li>\n<\/ul>\n<hr class=\"wp-block-separator has-alpha-channel-opacity\"\/>\n<p>SAIBA MAIS<br \/>FBC apresenta show no Teatro de Arena no fim de semana<\/p>\n<h2 class=\"wp-block-heading\"><strong>FIQUE ON<\/strong><\/h2>\n<p>Fique ligado em tudo que acontece em Ribeir\u00e3o Preto e regi\u00e3o. Siga os perfis do\u00a0<strong>acidade on<\/strong>\u00a0no<a href=\"https:\/\/www.instagram.com\/acidadeonribeirao\" target=\"_blank\" rel=\"noreferrer noopener\">\u00a0Instagram\u00a0<\/a>e no\u00a0<a href=\"https:\/\/www.facebook.com\/acidadeonribeirao\/\" target=\"_blank\" rel=\"noreferrer noopener\">Facebook<\/a>.<\/p>\n<p>Receba not\u00edcias do<strong>\u00a0acidade on<\/strong>\u00a0no WhatsApp. Para entrar no grupo,\u00a0basta\u00a0<a href=\"https:\/\/chat.whatsapp.com\/I4nieTEMKlf50pJ28aMemC?mode=ac_t\" target=\"_blank\" rel=\"noreferrer noopener\">clicar aqui<\/a>. Ou, acesse o nosso\u00a0Canal\u00a0<a href=\"https:\/\/whatsapp.com\/channel\/0029Vb6IQl1JENyAeS57fk2p\" target=\"_blank\" rel=\"noreferrer noopener\">clicando aqui<\/a>.<\/p>\n<p>Fa\u00e7a uma den\u00fancia ou sugira uma reportagem sobre Ribeir\u00e3o Preto e regi\u00e3o pelo WhatsApp: 16 99117 7802.<\/p>\n<p>VEJA TAMB\u00c9M<br \/>Por onde anda \u00c2ngela Vieira, a Janete de \u2018Terra Nostra\u2019?<\/p>\n<p><!-- AI CONTENT END 1 -->\n<\/div>\n<\/div>\n<p><script async src=\"\/\/www.instagram.com\/embed.js\"><\/script><br \/>\n<br \/><br \/>\n<br \/><a href=\"https:\/\/www.acidadeon.com\/ribeiraopreto\/lazer-e-cultura\/sesc-ribeirao-promove-mostra-com-shows-gratuitos-de-artistas-da-regiao-veja-programacao\/\">Source link <\/a><\/p>\n<!-- CONTENT END 1 -->\n","protected":false},"excerpt":{"rendered":"<p>O Sesc Ribeir\u00e3o Preto promove, durante o m\u00eas de setembro, a segunda edi\u00e7\u00e3o da Mostra Local Total, que conta com shows de diferentes g\u00eaneros musicais&#8230;<\/p>\n","protected":false},"author":1,"featured_media":76678,"comment_status":"open","ping_status":"open","sticky":false,"template":"","format":"standard","meta":{"advanced_seo_description":"","jetpack_seo_html_title":"","jetpack_seo_noindex":false,"jetpack_post_was_ever_published":false,"_jetpack_newsletter_access":"","_jetpack_dont_email_post_to_subs":false,"_jetpack_newsletter_tier_id":0,"_jetpack_memberships_contains_paywalled_content":false,"_jetpack_memberships_contains_paid_content":false,"footnotes":"","jetpack_publicize_message":"","jetpack_publicize_feature_enabled":true,"jetpack_social_post_already_shared":true,"jetpack_social_options":{"image_generator_settings":{"template":"highway","default_image_id":0,"font":"","enabled":false},"version":2}},"categories":[11],"tags":[],"class_list":["post-76677","post","type-post","status-publish","format-standard","has-post-thumbnail","hentry","category-noticias-de-ribeirao-preto-sp-e-regiao-ismael-colosi"],"jetpack_publicize_connections":[],"jetpack_featured_media_url":"https:\/\/i0.wp.com\/noticiasribeiraopreto.com.br\/wp-content\/uploads\/2025\/09\/Copia-de-Copia-de-Copia-de-TAMANHO-EXATO-PARA-FOTOS-NO-SISTEMA-NOVO-73_2025-09-03_13-06-23.webp.webp?fit=1200%2C675&ssl=1","jetpack-related-posts":[{"id":77176,"url":"https:\/\/noticiasribeiraopreto.com.br\/index.php\/2025\/09\/12\/usp-ribeirao-preto-inaugura-1a-mostra-de-arte-contemporanea-no-iea\/","url_meta":{"origin":76677,"position":0},"title":"USP Ribeir\u00e3o Preto inaugura 1\u00aa Mostra de Arte Contempor\u00e2nea no IEA","author":"noticiasribeiraopreto.com.br","date":"12 de September de 2025","format":false,"excerpt":"O Espa\u00e7o Cultural localizado no Instituto de Estudos Avan\u00e7ados da USP Ribeir\u00e3o Preto recebe a partir do dia 16 de setembro a 1\u00aa Mostra de Arte Contempor\u00e2nea. A abertura oficial acontece \u00e0s 18h30 e conta com entrada gratuita. A mostra ficar\u00e1 dispon\u00edvel para visita\u00e7\u00e3o de 17 de setembro a 24\u2026","rel":"","context":"In &quot;Not\u00edcias de Ribeir\u00e3o Preto-SP e Regi\u00e3o&quot;","block_context":{"text":"Not\u00edcias de Ribeir\u00e3o Preto-SP e Regi\u00e3o","link":"https:\/\/noticiasribeiraopreto.com.br\/index.php\/category\/noticias-de-ribeirao-preto-sp-e-regiao-ismael-colosi\/"},"img":{"alt_text":"","src":"https:\/\/i0.wp.com\/noticiasribeiraopreto.com.br\/wp-content\/uploads\/2025\/09\/sede_800x530_2025-09-12_15-28-08.webp.webp?fit=800%2C530&ssl=1&resize=350%2C200","width":350,"height":200,"srcset":"https:\/\/i0.wp.com\/noticiasribeiraopreto.com.br\/wp-content\/uploads\/2025\/09\/sede_800x530_2025-09-12_15-28-08.webp.webp?fit=800%2C530&ssl=1&resize=350%2C200 1x, https:\/\/i0.wp.com\/noticiasribeiraopreto.com.br\/wp-content\/uploads\/2025\/09\/sede_800x530_2025-09-12_15-28-08.webp.webp?fit=800%2C530&ssl=1&resize=525%2C300 1.5x, https:\/\/i0.wp.com\/noticiasribeiraopreto.com.br\/wp-content\/uploads\/2025\/09\/sede_800x530_2025-09-12_15-28-08.webp.webp?fit=800%2C530&ssl=1&resize=700%2C400 2x"},"classes":[]},{"id":76694,"url":"https:\/\/noticiasribeiraopreto.com.br\/index.php\/2025\/09\/03\/programacao-do-fim-de-semana-do-sesi-ribeirao-conta-com-yoga-literatura-e-artes-visuais\/","url_meta":{"origin":76677,"position":1},"title":"Programa\u00e7\u00e3o do fim de semana do Sesi Ribeir\u00e3o conta com yoga, literatura e artes visuais","author":"noticiasribeiraopreto.com.br","date":"3 de September de 2025","format":false,"excerpt":"A programa\u00e7\u00e3o deste fim de semana no Sesi Ribeir\u00e3o Preto conta com atividades gratuitas e para curtir com a fam\u00edlia. Nos dias 6 e 7 de setembro, a institui\u00e7\u00e3o oferece aul\u00e3o de yoga, oficina, feira de troca de livros e conta\u00e7\u00e3o de hist\u00f3rias infantis. Confira a programa\u00e7\u00e3o: Aul\u00e3o de Yoga\u2026","rel":"","context":"In &quot;Not\u00edcias de Ribeir\u00e3o Preto-SP e Regi\u00e3o&quot;","block_context":{"text":"Not\u00edcias de Ribeir\u00e3o Preto-SP e Regi\u00e3o","link":"https:\/\/noticiasribeiraopreto.com.br\/index.php\/category\/noticias-de-ribeirao-preto-sp-e-regiao-ismael-colosi\/"},"img":{"alt_text":"","src":"https:\/\/i0.wp.com\/noticiasribeiraopreto.com.br\/wp-content\/uploads\/2025\/09\/WhatsApp-Image-2025-09-03-at-10.41.12_2025-09-03_14-47-59.webp.webp?fit=1200%2C801&ssl=1&resize=350%2C200","width":350,"height":200,"srcset":"https:\/\/i0.wp.com\/noticiasribeiraopreto.com.br\/wp-content\/uploads\/2025\/09\/WhatsApp-Image-2025-09-03-at-10.41.12_2025-09-03_14-47-59.webp.webp?fit=1200%2C801&ssl=1&resize=350%2C200 1x, https:\/\/i0.wp.com\/noticiasribeiraopreto.com.br\/wp-content\/uploads\/2025\/09\/WhatsApp-Image-2025-09-03-at-10.41.12_2025-09-03_14-47-59.webp.webp?fit=1200%2C801&ssl=1&resize=525%2C300 1.5x, https:\/\/i0.wp.com\/noticiasribeiraopreto.com.br\/wp-content\/uploads\/2025\/09\/WhatsApp-Image-2025-09-03-at-10.41.12_2025-09-03_14-47-59.webp.webp?fit=1200%2C801&ssl=1&resize=700%2C400 2x, https:\/\/i0.wp.com\/noticiasribeiraopreto.com.br\/wp-content\/uploads\/2025\/09\/WhatsApp-Image-2025-09-03-at-10.41.12_2025-09-03_14-47-59.webp.webp?fit=1200%2C801&ssl=1&resize=1050%2C600 3x"},"classes":[]},{"id":61126,"url":"https:\/\/noticiasribeiraopreto.com.br\/index.php\/2024\/12\/04\/sesc-ribeirao-preto-recebe-mostra-de-artes-da-juventude-veja-quando\/","url_meta":{"origin":76677,"position":2},"title":"Sesc Ribeir\u00e3o Preto recebe Mostra de Artes da Juventude; Veja quando","author":"noticiasribeiraopreto.com.br","date":"4 de December de 2024","format":false,"excerpt":"A partir desta sexta-feira (6), o Sesc Ribeir\u00e3o Preto recebe a 31\u00aa Mostra de Artes da Juventude, que segue aberta para visita\u00e7\u00e3o at\u00e9 dia 8 de junho de 2025. Nesta edi\u00e7\u00e3o, a mostra bateu o recorde de inscri\u00e7\u00f5es e apresenta trabalhos de 46 novos talentos das artes visuais do Brasil.\u2026","rel":"","context":"In &quot;Not\u00edcias de Ribeir\u00e3o Preto-SP e Regi\u00e3o&quot;","block_context":{"text":"Not\u00edcias de Ribeir\u00e3o Preto-SP e Regi\u00e3o","link":"https:\/\/noticiasribeiraopreto.com.br\/index.php\/category\/noticias-de-ribeirao-preto-sp-e-regiao-ismael-colosi\/"},"img":{"alt_text":"","src":"https:\/\/i0.wp.com\/noticiasribeiraopreto.com.br\/wp-content\/uploads\/2024\/12\/Felipe-Rezende-R_FlavioFreire_low_2_2024-12-04_12-15-44_jpg_2024-12-04_12-15-44.webp.webp?fit=1181%2C787&ssl=1&resize=350%2C200","width":350,"height":200,"srcset":"https:\/\/i0.wp.com\/noticiasribeiraopreto.com.br\/wp-content\/uploads\/2024\/12\/Felipe-Rezende-R_FlavioFreire_low_2_2024-12-04_12-15-44_jpg_2024-12-04_12-15-44.webp.webp?fit=1181%2C787&ssl=1&resize=350%2C200 1x, https:\/\/i0.wp.com\/noticiasribeiraopreto.com.br\/wp-content\/uploads\/2024\/12\/Felipe-Rezende-R_FlavioFreire_low_2_2024-12-04_12-15-44_jpg_2024-12-04_12-15-44.webp.webp?fit=1181%2C787&ssl=1&resize=525%2C300 1.5x, https:\/\/i0.wp.com\/noticiasribeiraopreto.com.br\/wp-content\/uploads\/2024\/12\/Felipe-Rezende-R_FlavioFreire_low_2_2024-12-04_12-15-44_jpg_2024-12-04_12-15-44.webp.webp?fit=1181%2C787&ssl=1&resize=700%2C400 2x, https:\/\/i0.wp.com\/noticiasribeiraopreto.com.br\/wp-content\/uploads\/2024\/12\/Felipe-Rezende-R_FlavioFreire_low_2_2024-12-04_12-15-44_jpg_2024-12-04_12-15-44.webp.webp?fit=1181%2C787&ssl=1&resize=1050%2C600 3x"},"classes":[]},{"id":61143,"url":"https:\/\/noticiasribeiraopreto.com.br\/index.php\/2024\/12\/04\/sesc-ribeirao-preto-recebe-mostra-de-artes-da-juventude-veja-quando-2\/","url_meta":{"origin":76677,"position":3},"title":"Sesc Ribeir\u00e3o Preto recebe Mostra de Artes da Juventude; Veja quando","author":"noticiasribeiraopreto.com.br","date":"4 de December de 2024","format":false,"excerpt":"A partir desta quinta-feira (5), o Sesc Ribeir\u00e3o Preto recebe a 31\u00aa Mostra de Artes da Juventude, que segue aberta para visita\u00e7\u00e3o at\u00e9 dia 8 de junho de 2025. Nesta edi\u00e7\u00e3o, a mostra bateu o recorde de inscri\u00e7\u00f5es e apresenta trabalhos de 46 novos talentos das artes visuais do Brasil.\u2026","rel":"","context":"In &quot;Not\u00edcias de Ribeir\u00e3o Preto-SP e Regi\u00e3o&quot;","block_context":{"text":"Not\u00edcias de Ribeir\u00e3o Preto-SP e Regi\u00e3o","link":"https:\/\/noticiasribeiraopreto.com.br\/index.php\/category\/noticias-de-ribeirao-preto-sp-e-regiao-ismael-colosi\/"},"img":{"alt_text":"","src":"https:\/\/i0.wp.com\/noticiasribeiraopreto.com.br\/wp-content\/uploads\/2024\/12\/Felipe-Rezende-R_FlavioFreire_low_2_2024-12-04_12-15-44_jpg_2024-12-04_12-15-44.webp.webp?fit=1181%2C787&ssl=1&resize=350%2C200","width":350,"height":200,"srcset":"https:\/\/i0.wp.com\/noticiasribeiraopreto.com.br\/wp-content\/uploads\/2024\/12\/Felipe-Rezende-R_FlavioFreire_low_2_2024-12-04_12-15-44_jpg_2024-12-04_12-15-44.webp.webp?fit=1181%2C787&ssl=1&resize=350%2C200 1x, https:\/\/i0.wp.com\/noticiasribeiraopreto.com.br\/wp-content\/uploads\/2024\/12\/Felipe-Rezende-R_FlavioFreire_low_2_2024-12-04_12-15-44_jpg_2024-12-04_12-15-44.webp.webp?fit=1181%2C787&ssl=1&resize=525%2C300 1.5x, https:\/\/i0.wp.com\/noticiasribeiraopreto.com.br\/wp-content\/uploads\/2024\/12\/Felipe-Rezende-R_FlavioFreire_low_2_2024-12-04_12-15-44_jpg_2024-12-04_12-15-44.webp.webp?fit=1181%2C787&ssl=1&resize=700%2C400 2x, https:\/\/i0.wp.com\/noticiasribeiraopreto.com.br\/wp-content\/uploads\/2024\/12\/Felipe-Rezende-R_FlavioFreire_low_2_2024-12-04_12-15-44_jpg_2024-12-04_12-15-44.webp.webp?fit=1181%2C787&ssl=1&resize=1050%2C600 3x"},"classes":[]},{"id":61337,"url":"https:\/\/noticiasribeiraopreto.com.br\/index.php\/2024\/12\/10\/abdias-nascimento-sesc-franca-realiza-exposicao-com-70-obras-do-artista\/","url_meta":{"origin":76677,"position":4},"title":"Abdias Nascimento: Sesc Franca realiza exposi\u00e7\u00e3o com 70 obras do artista","author":"noticiasribeiraopreto.com.br","date":"10 de December de 2024","format":false,"excerpt":"O Sesc Franca promove a exposi\u00e7\u00e3o \u201cAbdias Nascimento \u2013 O Quilombismo: Documentos de uma Milit\u00e2ncia Pan-Africanista\u201c, em comemora\u00e7\u00e3o aos 110 anos do artista visual, poeta, escritor, dramaturgo, pol\u00edtico e ativista pan-africanista francano. Abdias Nascimento possui obras que integram museus como o Tate Modern, da Gr\u00e3-Bretanha, o Los Angeles Country Museum\u2026","rel":"","context":"In &quot;Not\u00edcias de Ribeir\u00e3o Preto-SP e Regi\u00e3o&quot;","block_context":{"text":"Not\u00edcias de Ribeir\u00e3o Preto-SP e Regi\u00e3o","link":"https:\/\/noticiasribeiraopreto.com.br\/index.php\/category\/noticias-de-ribeirao-preto-sp-e-regiao-ismael-colosi\/"},"img":{"alt_text":"","src":"https:\/\/i0.wp.com\/noticiasribeiraopreto.com.br\/wp-content\/uploads\/2024\/12\/ABDIAS-NASCIMENTO_-teologia-afro-brasileira_2024-11-25_13-23-30_jpg_2024-11-25_13-23-30.webp.webp?fit=1200%2C675&ssl=1&resize=350%2C200","width":350,"height":200,"srcset":"https:\/\/i0.wp.com\/noticiasribeiraopreto.com.br\/wp-content\/uploads\/2024\/12\/ABDIAS-NASCIMENTO_-teologia-afro-brasileira_2024-11-25_13-23-30_jpg_2024-11-25_13-23-30.webp.webp?fit=1200%2C675&ssl=1&resize=350%2C200 1x, https:\/\/i0.wp.com\/noticiasribeiraopreto.com.br\/wp-content\/uploads\/2024\/12\/ABDIAS-NASCIMENTO_-teologia-afro-brasileira_2024-11-25_13-23-30_jpg_2024-11-25_13-23-30.webp.webp?fit=1200%2C675&ssl=1&resize=525%2C300 1.5x, https:\/\/i0.wp.com\/noticiasribeiraopreto.com.br\/wp-content\/uploads\/2024\/12\/ABDIAS-NASCIMENTO_-teologia-afro-brasileira_2024-11-25_13-23-30_jpg_2024-11-25_13-23-30.webp.webp?fit=1200%2C675&ssl=1&resize=700%2C400 2x, https:\/\/i0.wp.com\/noticiasribeiraopreto.com.br\/wp-content\/uploads\/2024\/12\/ABDIAS-NASCIMENTO_-teologia-afro-brasileira_2024-11-25_13-23-30_jpg_2024-11-25_13-23-30.webp.webp?fit=1200%2C675&ssl=1&resize=1050%2C600 3x"},"classes":[]},{"id":57649,"url":"https:\/\/noticiasribeiraopreto.com.br\/index.php\/2024\/09\/06\/desfile-de-7-de-setembro-samba-cerveja-e-morango-veja-programacao-do-fim-de-semana-em-ribeirao\/","url_meta":{"origin":76677,"position":5},"title":"Desfile de 7 de Setembro, samba, cerveja e morango: Veja programa\u00e7\u00e3o do fim de semana em Ribeir\u00e3o","author":"noticiasribeiraopreto.com.br","date":"6 de September de 2024","format":false,"excerpt":"A agenda cultural deste fim de semana est\u00e1 recheada de atividades para curtir com os amigos e fam\u00edlia, afinal, este s\u00e1bado \u00e9 feriado em todo territ\u00f3rio nacional. Os destaques da programa\u00e7\u00e3o s\u00e3o o desfile c\u00edvico de 7 de Setembro, Champions Beer, Festa do Morango, feira de vinil no Sesc Ribeir\u00e3o\u2026","rel":"","context":"In &quot;Not\u00edcias de Ribeir\u00e3o Preto-SP e Regi\u00e3o&quot;","block_context":{"text":"Not\u00edcias de Ribeir\u00e3o Preto-SP e Regi\u00e3o","link":"https:\/\/noticiasribeiraopreto.com.br\/index.php\/category\/noticias-de-ribeirao-preto-sp-e-regiao-ismael-colosi\/"},"img":{"alt_text":"","src":"https:\/\/i0.wp.com\/noticiasribeiraopreto.com.br\/wp-content\/uploads\/2024\/09\/agenda-fim-de-semana_2024-09-06_13-50-46_jpeg_2024-09-06_13-50-46.webp.webp?fit=1200%2C675&ssl=1&resize=350%2C200","width":350,"height":200,"srcset":"https:\/\/i0.wp.com\/noticiasribeiraopreto.com.br\/wp-content\/uploads\/2024\/09\/agenda-fim-de-semana_2024-09-06_13-50-46_jpeg_2024-09-06_13-50-46.webp.webp?fit=1200%2C675&ssl=1&resize=350%2C200 1x, https:\/\/i0.wp.com\/noticiasribeiraopreto.com.br\/wp-content\/uploads\/2024\/09\/agenda-fim-de-semana_2024-09-06_13-50-46_jpeg_2024-09-06_13-50-46.webp.webp?fit=1200%2C675&ssl=1&resize=525%2C300 1.5x, https:\/\/i0.wp.com\/noticiasribeiraopreto.com.br\/wp-content\/uploads\/2024\/09\/agenda-fim-de-semana_2024-09-06_13-50-46_jpeg_2024-09-06_13-50-46.webp.webp?fit=1200%2C675&ssl=1&resize=700%2C400 2x, https:\/\/i0.wp.com\/noticiasribeiraopreto.com.br\/wp-content\/uploads\/2024\/09\/agenda-fim-de-semana_2024-09-06_13-50-46_jpeg_2024-09-06_13-50-46.webp.webp?fit=1200%2C675&ssl=1&resize=1050%2C600 3x"},"classes":[]}],"jetpack_sharing_enabled":true,"jetpack_shortlink":"https:\/\/wp.me\/peQAOb-jWJ","_links":{"self":[{"href":"https:\/\/noticiasribeiraopreto.com.br\/index.php\/wp-json\/wp\/v2\/posts\/76677","targetHints":{"allow":["GET"]}}],"collection":[{"href":"https:\/\/noticiasribeiraopreto.com.br\/index.php\/wp-json\/wp\/v2\/posts"}],"about":[{"href":"https:\/\/noticiasribeiraopreto.com.br\/index.php\/wp-json\/wp\/v2\/types\/post"}],"author":[{"embeddable":true,"href":"https:\/\/noticiasribeiraopreto.com.br\/index.php\/wp-json\/wp\/v2\/users\/1"}],"replies":[{"embeddable":true,"href":"https:\/\/noticiasribeiraopreto.com.br\/index.php\/wp-json\/wp\/v2\/comments?post=76677"}],"version-history":[{"count":0,"href":"https:\/\/noticiasribeiraopreto.com.br\/index.php\/wp-json\/wp\/v2\/posts\/76677\/revisions"}],"wp:featuredmedia":[{"embeddable":true,"href":"https:\/\/noticiasribeiraopreto.com.br\/index.php\/wp-json\/wp\/v2\/media\/76678"}],"wp:attachment":[{"href":"https:\/\/noticiasribeiraopreto.com.br\/index.php\/wp-json\/wp\/v2\/media?parent=76677"}],"wp:term":[{"taxonomy":"category","embeddable":true,"href":"https:\/\/noticiasribeiraopreto.com.br\/index.php\/wp-json\/wp\/v2\/categories?post=76677"},{"taxonomy":"post_tag","embeddable":true,"href":"https:\/\/noticiasribeiraopreto.com.br\/index.php\/wp-json\/wp\/v2\/tags?post=76677"}],"curies":[{"name":"wp","href":"https:\/\/api.w.org\/{rel}","templated":true}]}}