{"id":76679,"date":"2025-09-03T11:58:02","date_gmt":"2025-09-03T14:58:02","guid":{"rendered":"https:\/\/noticiasribeiraopreto.com.br\/index.php\/2025\/09\/03\/ribeirao-preto-inicia-vacinacao-contra-febre-amarela-em-campus-da-usp\/"},"modified":"2025-09-03T11:58:02","modified_gmt":"2025-09-03T14:58:02","slug":"ribeirao-preto-inicia-vacinacao-contra-febre-amarela-em-campus-da-usp","status":"publish","type":"post","link":"https:\/\/noticiasribeiraopreto.com.br\/index.php\/2025\/09\/03\/ribeirao-preto-inicia-vacinacao-contra-febre-amarela-em-campus-da-usp\/","title":{"rendered":"Ribeir\u00e3o Preto inicia vacina\u00e7\u00e3o contra febre amarela em campus da USP"},"content":{"rendered":"<div class='code-block code-block-1' style='margin: 8px 0 8px auto; text-align: right; display: block; clear: both;'>\n<p><a href=\"https:\/\/wa.link\/vpicfd\"><img data-recalc-dims=\"1\" class=\"wp-image-4922\" style=\"aspect-ratio: 2.0253164556962027; width: 561px; height: auto;\" src=\"https:\/\/i0.wp.com\/ismaelcolosi.com.br\/wp-content\/uploads\/2023\/11\/grupo-de-empregos-whatsapp-e-facebook-ismael-colosi-vagas.jpg?ssl=1\" alt=\"\" \/><\/a><\/p>\n<!-- \/wp:image -->\n<\/div>\n<p> <br \/>\n<\/p>\n<div>\n<p>A <strong>Secretaria da Sa\u00fade de Ribeir\u00e3o Preto<\/strong> come\u00e7ou, nesta ter\u00e7a-feira (3), a <strong>vacina\u00e7\u00e3o <\/strong>contra a <strong>febre amarela <\/strong>na <strong>UBAS (Unidade B\u00e1sica de Sa\u00fade) <\/strong>do campus da <strong>USP (Universidade de S\u00e3o Paulo)<\/strong>.<\/p>\n<p>A medida foi adotada ap\u00f3s a <strong>confirma\u00e7\u00e3o da doen\u00e7a em um<\/strong> <strong>sagui <\/strong>encontrado morto em <strong>julho<\/strong>. <mark style=\"background-color:#fcb900\" class=\"has-inline-color\">O animal foi encaminhado ao <strong>Instituto Adolfo Lutz<\/strong>, que confirmou a <strong>febre amarela<\/strong> no final da semana passada.<\/mark><\/p>\n<p>Vale lembrar <strong>que os macacos n\u00e3o transmitem a febre amarela<\/strong>. O cont\u00e1gio em humanos acontece atrav\u00e9s do mosquito transmissor, assim como os animais \u2013 saiba mais abaixo.<\/p>\n<h2 class=\"wp-block-heading\"><strong>Quem pode se vacinar?<\/strong><\/h2>\n<p>Al\u00e9m da <strong>comunidade universit\u00e1ria<\/strong>, a <strong>vacina\u00e7\u00e3o <\/strong>tamb\u00e9m <strong>vai atender visitantes<\/strong> das 8h30 \u00e0s 16h, de segunda a sexta. Al\u00e9m disso, a vacina segue dispon\u00edvel em todas as 47 salas de vacinas de Ribeir\u00e3o.<\/p>\n<p>De acordo com a <strong>Prefeitura de Ribeir\u00e3o Preto<\/strong>, paralelamente \u00e0 vacina\u00e7\u00e3o, as equipes de agentes de vetores seguem nas a\u00e7\u00f5es de bloqueio e controle do mosquito Aedes aegypti, transmissor da febre amarela e tamb\u00e9m da dengue, Chikungunya e Zika v\u00edrus.<\/p>\n<h3 class=\"wp-block-heading\"><strong>Alerta precoce<\/strong><\/h3>\n<p>Conforme explica\u00e7\u00e3o de <strong>Luzia M\u00e1rcia Romanholi Passos<\/strong>, diretora do<strong> Devisa (Departamento de Vigil\u00e2ncia em Sa\u00fade)<\/strong>, a detec\u00e7\u00e3o do v\u00edrus no sagui funciona como um <strong>alerta precoce<\/strong> para a circula\u00e7\u00e3o da febre amarela, <mark style=\"background-color:#fcb900\" class=\"has-inline-color\">mas n\u00e3o representa risco de transmiss\u00e3o direta dos animais para os humanos<\/mark>.<\/p>\n<figure class=\"wp-block-pullquote\">\n<blockquote>\n<p>Os macacos n\u00e3o transmitem a doen\u00e7a. Eles s\u00e3o v\u00edtimas e ajudam a identificar a circula\u00e7\u00e3o do v\u00edrus, por isso jamais devem ser agredidos<\/p>\n<\/blockquote>\n<\/figure>\n<p>O munic\u00edpio n\u00e3o registra, at\u00e9 o momento, <strong>nenhum caso de febre amarela em humanos<\/strong>.<\/p>\n<hr class=\"wp-block-separator has-alpha-channel-opacity\"\/>\n<p>SAIBA MAIS<\/p>\n<p>Pol\u00edcia Civil cumpre mandados em Ribeir\u00e3o e regi\u00e3o contra quadrilha de fraudes eletr\u00f4nicas<\/p>\n<h2 class=\"wp-block-heading\"><strong>FIQUE ON<\/strong><\/h2>\n<p>Fique ligado em tudo que acontece em Ribeir\u00e3o Preto e regi\u00e3o. Siga os perfis do\u00a0<strong>acidade on<\/strong>\u00a0no<a href=\"https:\/\/www.instagram.com\/acidadeonribeirao\" target=\"_blank\" rel=\"noreferrer noopener\">\u00a0Instagram\u00a0<\/a>e no\u00a0<a href=\"https:\/\/www.facebook.com\/acidadeonribeirao\/\" target=\"_blank\" rel=\"noreferrer noopener\">Facebook<\/a>.<\/p>\n<p>Receba not\u00edcias do<strong>\u00a0acidade on<\/strong>\u00a0no WhatsApp. Para entrar no grupo,\u00a0basta\u00a0<a href=\"https:\/\/chat.whatsapp.com\/I4nieTEMKlf50pJ28aMemC?mode=ac_t\" target=\"_blank\" rel=\"noreferrer noopener\">clicar aqui<\/a>. Ou, acesse o nosso\u00a0Canal\u00a0<a href=\"https:\/\/whatsapp.com\/channel\/0029Vb6IQl1JENyAeS57fk2p\" target=\"_blank\" rel=\"noreferrer noopener\">clicando aqui<\/a>.<\/p>\n<p>Fa\u00e7a uma den\u00fancia ou sugira uma reportagem sobre Ribeir\u00e3o Preto e regi\u00e3o pelo WhatsApp: 16 99117 7802.<\/p>\n<p>VEJA TAMB\u00c9M<\/p>\n<p>Por que Sex Pistols cancelou o show no The Town?<\/p>\n<p><!-- AI CONTENT END 1 -->\n<\/div>\n<p><script async src=\"\/\/www.instagram.com\/embed.js\"><\/script><br \/>\n<br \/><br \/>\n<br \/><a href=\"https:\/\/www.acidadeon.com\/ribeiraopreto\/cotidiano\/ribeirao-preto-inicia-vacinacao-contra-febre-amarela-em-campus-da-usp\/\">Source link <\/a><\/p>\n<!-- CONTENT END 1 -->\n","protected":false},"excerpt":{"rendered":"<p>A Secretaria da Sa\u00fade de Ribeir\u00e3o Preto come\u00e7ou, nesta ter\u00e7a-feira (3), a vacina\u00e7\u00e3o contra a febre amarela na UBAS (Unidade B\u00e1sica de Sa\u00fade) do campus&#8230;<\/p>\n","protected":false},"author":1,"featured_media":76680,"comment_status":"open","ping_status":"open","sticky":false,"template":"","format":"standard","meta":{"advanced_seo_description":"","jetpack_seo_html_title":"","jetpack_seo_noindex":false,"jetpack_post_was_ever_published":false,"_jetpack_newsletter_access":"","_jetpack_dont_email_post_to_subs":false,"_jetpack_newsletter_tier_id":0,"_jetpack_memberships_contains_paywalled_content":false,"_jetpack_memberships_contains_paid_content":false,"footnotes":"","jetpack_publicize_message":"","jetpack_publicize_feature_enabled":true,"jetpack_social_post_already_shared":true,"jetpack_social_options":{"image_generator_settings":{"template":"highway","default_image_id":0,"font":"","enabled":false},"version":2}},"categories":[11],"tags":[],"class_list":["post-76679","post","type-post","status-publish","format-standard","has-post-thumbnail","hentry","category-noticias-de-ribeirao-preto-sp-e-regiao-ismael-colosi"],"jetpack_publicize_connections":[],"jetpack_featured_media_url":"https:\/\/i0.wp.com\/noticiasribeiraopreto.com.br\/wp-content\/uploads\/2025\/09\/1112114-rj_tmazs_abr_031420188964.webp.webp?fit=1170%2C700&ssl=1","jetpack-related-posts":[{"id":62112,"url":"https:\/\/noticiasribeiraopreto.com.br\/index.php\/2025\/01\/03\/ribeirao-preto-comeca-vacinacao-contra-febre-amarela-em-area-de-risco\/","url_meta":{"origin":76679,"position":0},"title":"Ribeir\u00e3o Preto come\u00e7a vacina\u00e7\u00e3o contra febre amarela em \u00e1rea de risco","author":"noticiasribeiraopreto.com.br","date":"3 de January de 2025","format":false,"excerpt":"A Secretaria da Sa\u00fade de Ribeir\u00e3o Preto come\u00e7ou, nesta sexta-feira (3), a vacina\u00e7\u00e3o contra a febre amarela na popula\u00e7\u00e3o que vive em \u00e1reas no entorno do campus da USP (Universidade de S\u00e3o Paulo). No final de 2024, quatro macacos foram encontrados mortos em uma \u00e1rea de vegeta\u00e7\u00e3o da universidade e\u2026","rel":"","context":"In &quot;Not\u00edcias de Ribeir\u00e3o Preto-SP e Regi\u00e3o&quot;","block_context":{"text":"Not\u00edcias de Ribeir\u00e3o Preto-SP e Regi\u00e3o","link":"https:\/\/noticiasribeiraopreto.com.br\/index.php\/category\/noticias-de-ribeirao-preto-sp-e-regiao-ismael-colosi\/"},"img":{"alt_text":"","src":"https:\/\/i0.wp.com\/noticiasribeiraopreto.com.br\/wp-content\/uploads\/2025\/01\/vacina-febre-amarela_2025-01-03_19-16-33.webp.webp?fit=1200%2C675&ssl=1&resize=350%2C200","width":350,"height":200,"srcset":"https:\/\/i0.wp.com\/noticiasribeiraopreto.com.br\/wp-content\/uploads\/2025\/01\/vacina-febre-amarela_2025-01-03_19-16-33.webp.webp?fit=1200%2C675&ssl=1&resize=350%2C200 1x, https:\/\/i0.wp.com\/noticiasribeiraopreto.com.br\/wp-content\/uploads\/2025\/01\/vacina-febre-amarela_2025-01-03_19-16-33.webp.webp?fit=1200%2C675&ssl=1&resize=525%2C300 1.5x, https:\/\/i0.wp.com\/noticiasribeiraopreto.com.br\/wp-content\/uploads\/2025\/01\/vacina-febre-amarela_2025-01-03_19-16-33.webp.webp?fit=1200%2C675&ssl=1&resize=700%2C400 2x, https:\/\/i0.wp.com\/noticiasribeiraopreto.com.br\/wp-content\/uploads\/2025\/01\/vacina-febre-amarela_2025-01-03_19-16-33.webp.webp?fit=1200%2C675&ssl=1&resize=1050%2C600 3x"},"classes":[]},{"id":63801,"url":"https:\/\/noticiasribeiraopreto.com.br\/index.php\/2025\/02\/22\/volta-as-aulas-alunos-da-usp-ribeirao-serao-recebidos-com-vacinacao-contra-febre-amarela\/","url_meta":{"origin":76679,"position":1},"title":"Volta \u00e0s aulas: Alunos da USP Ribeir\u00e3o ser\u00e3o recebidos com vacina\u00e7\u00e3o contra febre amarela","author":"noticiasribeiraopreto.com.br","date":"22 de February de 2025","format":false,"excerpt":"Alunos da USP Ribeir\u00e3o Preto poder\u00e3o ser imunizados na pr\u00f3xima segunda-feira (24), no retorno \u00e0s aulas. A a\u00e7\u00e3o da Secretaria Municipal de Sa\u00fade tem como objetivo vacinar aqueles que n\u00e3o possuem registro da vacina contra febre amarela ou que t\u00eam d\u00favidas se j\u00e1 foram imunizados. A campanha ser\u00e1 realizada em\u2026","rel":"","context":"In &quot;Not\u00edcias de Ribeir\u00e3o Preto-SP e Regi\u00e3o&quot;","block_context":{"text":"Not\u00edcias de Ribeir\u00e3o Preto-SP e Regi\u00e3o","link":"https:\/\/noticiasribeiraopreto.com.br\/index.php\/category\/noticias-de-ribeirao-preto-sp-e-regiao-ismael-colosi\/"},"img":{"alt_text":"","src":"https:\/\/i0.wp.com\/noticiasribeiraopreto.com.br\/wp-content\/uploads\/2025\/01\/vacina-febre-amarela_2025-01-03_19-16-33.webp.webp?fit=1200%2C675&ssl=1&resize=350%2C200","width":350,"height":200,"srcset":"https:\/\/i0.wp.com\/noticiasribeiraopreto.com.br\/wp-content\/uploads\/2025\/01\/vacina-febre-amarela_2025-01-03_19-16-33.webp.webp?fit=1200%2C675&ssl=1&resize=350%2C200 1x, https:\/\/i0.wp.com\/noticiasribeiraopreto.com.br\/wp-content\/uploads\/2025\/01\/vacina-febre-amarela_2025-01-03_19-16-33.webp.webp?fit=1200%2C675&ssl=1&resize=525%2C300 1.5x, https:\/\/i0.wp.com\/noticiasribeiraopreto.com.br\/wp-content\/uploads\/2025\/01\/vacina-febre-amarela_2025-01-03_19-16-33.webp.webp?fit=1200%2C675&ssl=1&resize=700%2C400 2x, https:\/\/i0.wp.com\/noticiasribeiraopreto.com.br\/wp-content\/uploads\/2025\/01\/vacina-febre-amarela_2025-01-03_19-16-33.webp.webp?fit=1200%2C675&ssl=1&resize=1050%2C600 3x"},"classes":[]},{"id":62168,"url":"https:\/\/noticiasribeiraopreto.com.br\/index.php\/2025\/01\/06\/instituto-adolfo-lutz-confirma-febre-amarela-em-macacos-achados-mortos-em-ribeirao-preto\/","url_meta":{"origin":76679,"position":2},"title":"Instituto Adolfo Lutz confirma febre amarela em macacos achados mortos em Ribeir\u00e3o Preto","author":"noticiasribeiraopreto.com.br","date":"6 de January de 2025","format":false,"excerpt":"A Secretaria de Estado da Sa\u00fade de S\u00e3o Paulo confirmou, nesta segunda-feira (6), que os exames realizados em quatro macacos encontrados mortos em Ribeir\u00e3o Preto testaram positivo para febre amarela. A an\u00e1lise foi feita pelo Instituto Adolfo Lutz. Os animais foram achados sem vida no fim do m\u00eas passado, em\u2026","rel":"","context":"In &quot;Not\u00edcias de Ribeir\u00e3o Preto-SP e Regi\u00e3o&quot;","block_context":{"text":"Not\u00edcias de Ribeir\u00e3o Preto-SP e Regi\u00e3o","link":"https:\/\/noticiasribeiraopreto.com.br\/index.php\/category\/noticias-de-ribeirao-preto-sp-e-regiao-ismael-colosi\/"},"img":{"alt_text":"","src":"https:\/\/i0.wp.com\/noticiasribeiraopreto.com.br\/wp-content\/uploads\/2025\/01\/Copia-de-Copia-de-Copia-de-TAMANHO-EXATO-PARA-FOTOS-NO-SISTEMA-NOVO-2025-01-02T214236.204_2025-01-03_00-42-41_png_2025-01-03_00-42-41.webp.webp?fit=1200%2C675&ssl=1&resize=350%2C200","width":350,"height":200,"srcset":"https:\/\/i0.wp.com\/noticiasribeiraopreto.com.br\/wp-content\/uploads\/2025\/01\/Copia-de-Copia-de-Copia-de-TAMANHO-EXATO-PARA-FOTOS-NO-SISTEMA-NOVO-2025-01-02T214236.204_2025-01-03_00-42-41_png_2025-01-03_00-42-41.webp.webp?fit=1200%2C675&ssl=1&resize=350%2C200 1x, https:\/\/i0.wp.com\/noticiasribeiraopreto.com.br\/wp-content\/uploads\/2025\/01\/Copia-de-Copia-de-Copia-de-TAMANHO-EXATO-PARA-FOTOS-NO-SISTEMA-NOVO-2025-01-02T214236.204_2025-01-03_00-42-41_png_2025-01-03_00-42-41.webp.webp?fit=1200%2C675&ssl=1&resize=525%2C300 1.5x, https:\/\/i0.wp.com\/noticiasribeiraopreto.com.br\/wp-content\/uploads\/2025\/01\/Copia-de-Copia-de-Copia-de-TAMANHO-EXATO-PARA-FOTOS-NO-SISTEMA-NOVO-2025-01-02T214236.204_2025-01-03_00-42-41_png_2025-01-03_00-42-41.webp.webp?fit=1200%2C675&ssl=1&resize=700%2C400 2x, https:\/\/i0.wp.com\/noticiasribeiraopreto.com.br\/wp-content\/uploads\/2025\/01\/Copia-de-Copia-de-Copia-de-TAMANHO-EXATO-PARA-FOTOS-NO-SISTEMA-NOVO-2025-01-02T214236.204_2025-01-03_00-42-41_png_2025-01-03_00-42-41.webp.webp?fit=1200%2C675&ssl=1&resize=1050%2C600 3x"},"classes":[]},{"id":62083,"url":"https:\/\/noticiasribeiraopreto.com.br\/index.php\/2025\/01\/02\/saude-aguarda-contraprova-sobre-morte-de-macacos-por-febre-amarela-em-ribeirao\/","url_meta":{"origin":76679,"position":3},"title":"Sa\u00fade aguarda contraprova sobre morte de macacos por febre amarela em Ribeir\u00e3o","author":"noticiasribeiraopreto.com.br","date":"2 de January de 2025","format":false,"excerpt":"A Secretaria de Sa\u00fade de Ribeir\u00e3o Preto informou nesta quinta-feira (2), que est\u00e1 aguardando a contraprova da an\u00e1lise das amostras dos quatro macacos infectados por febre amarela, contudo, j\u00e1 come\u00e7ou a tra\u00e7ar um plano de vacina\u00e7\u00e3o para a popula\u00e7\u00e3o. \u201cN\u00f3s fizemos um planejamento, a secretaria fez um planejamento, para que\u2026","rel":"","context":"In &quot;Not\u00edcias de Ribeir\u00e3o Preto-SP e Regi\u00e3o&quot;","block_context":{"text":"Not\u00edcias de Ribeir\u00e3o Preto-SP e Regi\u00e3o","link":"https:\/\/noticiasribeiraopreto.com.br\/index.php\/category\/noticias-de-ribeirao-preto-sp-e-regiao-ismael-colosi\/"},"img":{"alt_text":"","src":"https:\/\/i0.wp.com\/noticiasribeiraopreto.com.br\/wp-content\/uploads\/2025\/01\/Copia-de-Copia-de-Copia-de-TAMANHO-EXATO-PARA-FOTOS-NO-SISTEMA-NOVO-2025-01-02T214236.204_2025-01-03_00-42-41_png_2025-01-03_00-42-41.webp.webp?fit=1200%2C675&ssl=1&resize=350%2C200","width":350,"height":200,"srcset":"https:\/\/i0.wp.com\/noticiasribeiraopreto.com.br\/wp-content\/uploads\/2025\/01\/Copia-de-Copia-de-Copia-de-TAMANHO-EXATO-PARA-FOTOS-NO-SISTEMA-NOVO-2025-01-02T214236.204_2025-01-03_00-42-41_png_2025-01-03_00-42-41.webp.webp?fit=1200%2C675&ssl=1&resize=350%2C200 1x, https:\/\/i0.wp.com\/noticiasribeiraopreto.com.br\/wp-content\/uploads\/2025\/01\/Copia-de-Copia-de-Copia-de-TAMANHO-EXATO-PARA-FOTOS-NO-SISTEMA-NOVO-2025-01-02T214236.204_2025-01-03_00-42-41_png_2025-01-03_00-42-41.webp.webp?fit=1200%2C675&ssl=1&resize=525%2C300 1.5x, https:\/\/i0.wp.com\/noticiasribeiraopreto.com.br\/wp-content\/uploads\/2025\/01\/Copia-de-Copia-de-Copia-de-TAMANHO-EXATO-PARA-FOTOS-NO-SISTEMA-NOVO-2025-01-02T214236.204_2025-01-03_00-42-41_png_2025-01-03_00-42-41.webp.webp?fit=1200%2C675&ssl=1&resize=700%2C400 2x, https:\/\/i0.wp.com\/noticiasribeiraopreto.com.br\/wp-content\/uploads\/2025\/01\/Copia-de-Copia-de-Copia-de-TAMANHO-EXATO-PARA-FOTOS-NO-SISTEMA-NOVO-2025-01-02T214236.204_2025-01-03_00-42-41_png_2025-01-03_00-42-41.webp.webp?fit=1200%2C675&ssl=1&resize=1050%2C600 3x"},"classes":[]},{"id":62435,"url":"https:\/\/noticiasribeiraopreto.com.br\/index.php\/2025\/01\/14\/sp-confirma-primeiro-caso-de-febre-amarela-em-humanos-em-2025\/","url_meta":{"origin":76679,"position":4},"title":"SP confirma primeiro caso de febre amarela em humanos em 2025","author":"noticiasribeiraopreto.com.br","date":"14 de January de 2025","format":false,"excerpt":"A Secretaria de Estado da Sa\u00fade de S\u00e3o Paulo confirmou nesta segunda-feira (13) o primeiro caso de febre amarela em humanos de 2025. O paciente \u00e9 um homem de 27 anos, morador da capital paulista, que esteve recentemente em uma \u00e1rea rural no munic\u00edpio de Socorro, no interior de S\u00e3o\u2026","rel":"","context":"In &quot;Not\u00edcias de Ribeir\u00e3o Preto-SP e Regi\u00e3o&quot;","block_context":{"text":"Not\u00edcias de Ribeir\u00e3o Preto-SP e Regi\u00e3o","link":"https:\/\/noticiasribeiraopreto.com.br\/index.php\/category\/noticias-de-ribeirao-preto-sp-e-regiao-ismael-colosi\/"},"img":{"alt_text":"","src":"https:\/\/i0.wp.com\/noticiasribeiraopreto.com.br\/wp-content\/uploads\/2025\/01\/vacina-febre-amarela_2025-01-03_19-16-33.webp.webp?fit=1200%2C675&ssl=1&resize=350%2C200","width":350,"height":200,"srcset":"https:\/\/i0.wp.com\/noticiasribeiraopreto.com.br\/wp-content\/uploads\/2025\/01\/vacina-febre-amarela_2025-01-03_19-16-33.webp.webp?fit=1200%2C675&ssl=1&resize=350%2C200 1x, https:\/\/i0.wp.com\/noticiasribeiraopreto.com.br\/wp-content\/uploads\/2025\/01\/vacina-febre-amarela_2025-01-03_19-16-33.webp.webp?fit=1200%2C675&ssl=1&resize=525%2C300 1.5x, https:\/\/i0.wp.com\/noticiasribeiraopreto.com.br\/wp-content\/uploads\/2025\/01\/vacina-febre-amarela_2025-01-03_19-16-33.webp.webp?fit=1200%2C675&ssl=1&resize=700%2C400 2x, https:\/\/i0.wp.com\/noticiasribeiraopreto.com.br\/wp-content\/uploads\/2025\/01\/vacina-febre-amarela_2025-01-03_19-16-33.webp.webp?fit=1200%2C675&ssl=1&resize=1050%2C600 3x"},"classes":[]},{"id":63022,"url":"https:\/\/noticiasribeiraopreto.com.br\/index.php\/2025\/01\/31\/ribeirao-preto-tem-vacinacao-contra-febre-amarela-neste-sabado-veja-os-locais\/","url_meta":{"origin":76679,"position":5},"title":"Ribeir\u00e3o Preto tem vacina\u00e7\u00e3o contra febre amarela neste s\u00e1bado; Veja os locais","author":"noticiasribeiraopreto.com.br","date":"31 de January de 2025","format":false,"excerpt":"As unidades de sa\u00fade de Ribeir\u00e3o Preto ficar\u00e3o abertas neste s\u00e1bado (1\u00ba de fevereiro) para vacina\u00e7\u00e3o contra a febre amarela \u2013 veja os endere\u00e7os abaixo. A vacina integra o calend\u00e1rio vacinal e crian\u00e7as devem tomar a primeira dose aos 9 meses e depois, aos 4 anos. Ap\u00f3s esta idade, apenas\u2026","rel":"","context":"In &quot;Not\u00edcias de Ribeir\u00e3o Preto-SP e Regi\u00e3o&quot;","block_context":{"text":"Not\u00edcias de Ribeir\u00e3o Preto-SP e Regi\u00e3o","link":"https:\/\/noticiasribeiraopreto.com.br\/index.php\/category\/noticias-de-ribeirao-preto-sp-e-regiao-ismael-colosi\/"},"img":{"alt_text":"","src":"https:\/\/i0.wp.com\/noticiasribeiraopreto.com.br\/wp-content\/uploads\/2025\/01\/vacina-febre-amarela_2025-01-03_19-16-33.webp.webp?fit=1200%2C675&ssl=1&resize=350%2C200","width":350,"height":200,"srcset":"https:\/\/i0.wp.com\/noticiasribeiraopreto.com.br\/wp-content\/uploads\/2025\/01\/vacina-febre-amarela_2025-01-03_19-16-33.webp.webp?fit=1200%2C675&ssl=1&resize=350%2C200 1x, https:\/\/i0.wp.com\/noticiasribeiraopreto.com.br\/wp-content\/uploads\/2025\/01\/vacina-febre-amarela_2025-01-03_19-16-33.webp.webp?fit=1200%2C675&ssl=1&resize=525%2C300 1.5x, https:\/\/i0.wp.com\/noticiasribeiraopreto.com.br\/wp-content\/uploads\/2025\/01\/vacina-febre-amarela_2025-01-03_19-16-33.webp.webp?fit=1200%2C675&ssl=1&resize=700%2C400 2x, https:\/\/i0.wp.com\/noticiasribeiraopreto.com.br\/wp-content\/uploads\/2025\/01\/vacina-febre-amarela_2025-01-03_19-16-33.webp.webp?fit=1200%2C675&ssl=1&resize=1050%2C600 3x"},"classes":[]}],"jetpack_sharing_enabled":true,"jetpack_shortlink":"https:\/\/wp.me\/peQAOb-jWL","_links":{"self":[{"href":"https:\/\/noticiasribeiraopreto.com.br\/index.php\/wp-json\/wp\/v2\/posts\/76679","targetHints":{"allow":["GET"]}}],"collection":[{"href":"https:\/\/noticiasribeiraopreto.com.br\/index.php\/wp-json\/wp\/v2\/posts"}],"about":[{"href":"https:\/\/noticiasribeiraopreto.com.br\/index.php\/wp-json\/wp\/v2\/types\/post"}],"author":[{"embeddable":true,"href":"https:\/\/noticiasribeiraopreto.com.br\/index.php\/wp-json\/wp\/v2\/users\/1"}],"replies":[{"embeddable":true,"href":"https:\/\/noticiasribeiraopreto.com.br\/index.php\/wp-json\/wp\/v2\/comments?post=76679"}],"version-history":[{"count":0,"href":"https:\/\/noticiasribeiraopreto.com.br\/index.php\/wp-json\/wp\/v2\/posts\/76679\/revisions"}],"wp:featuredmedia":[{"embeddable":true,"href":"https:\/\/noticiasribeiraopreto.com.br\/index.php\/wp-json\/wp\/v2\/media\/76680"}],"wp:attachment":[{"href":"https:\/\/noticiasribeiraopreto.com.br\/index.php\/wp-json\/wp\/v2\/media?parent=76679"}],"wp:term":[{"taxonomy":"category","embeddable":true,"href":"https:\/\/noticiasribeiraopreto.com.br\/index.php\/wp-json\/wp\/v2\/categories?post=76679"},{"taxonomy":"post_tag","embeddable":true,"href":"https:\/\/noticiasribeiraopreto.com.br\/index.php\/wp-json\/wp\/v2\/tags?post=76679"}],"curies":[{"name":"wp","href":"https:\/\/api.w.org\/{rel}","templated":true}]}}