{"id":76681,"date":"2025-09-03T12:07:57","date_gmt":"2025-09-03T15:07:57","guid":{"rendered":"https:\/\/noticiasribeiraopreto.com.br\/index.php\/2025\/09\/03\/fbc-apresenta-show-no-teatro-de-arena-no-fim-de-semana\/"},"modified":"2025-09-03T12:07:57","modified_gmt":"2025-09-03T15:07:57","slug":"fbc-apresenta-show-no-teatro-de-arena-no-fim-de-semana","status":"publish","type":"post","link":"https:\/\/noticiasribeiraopreto.com.br\/index.php\/2025\/09\/03\/fbc-apresenta-show-no-teatro-de-arena-no-fim-de-semana\/","title":{"rendered":"FBC apresenta show no Teatro de Arena no fim de semana"},"content":{"rendered":"<div class='code-block code-block-1' style='margin: 8px 0 8px auto; text-align: right; display: block; clear: both;'>\n<p><a href=\"https:\/\/wa.link\/vpicfd\"><img data-recalc-dims=\"1\" class=\"wp-image-4922\" style=\"aspect-ratio: 2.0253164556962027; width: 561px; height: auto;\" src=\"https:\/\/i0.wp.com\/ismaelcolosi.com.br\/wp-content\/uploads\/2023\/11\/grupo-de-empregos-whatsapp-e-facebook-ismael-colosi-vagas.jpg?ssl=1\" alt=\"\" \/><\/a><\/p>\n<!-- \/wp:image -->\n<\/div>\n<p> <br \/>\n<\/p>\n<div data-td-block-uid=\"tdi_95\">\n<div class=\"tdb-block-inner td-fix-index\">\n<p>O rapper <strong>FBC<\/strong> apresenta, ao lado de <strong>Fernanda Valadares<\/strong> (backing), <strong>Sarah Reis<\/strong> (DJ) e <strong>DJ Cost<\/strong>, o show \u201c<strong>Assaltos e Batidas<\/strong>\u201d, nesta <strong>sexta-feira (5)<\/strong>, no <strong>Teatro de Arena de Ribeir\u00e3o Preto<\/strong>, a partir das <strong>20h<\/strong>. O evento \u00e9 realizado pelo <strong>Sesc Ribeir\u00e3o Preto<\/strong>.<\/p>\n<p>A apresenta\u00e7\u00e3o conta com can\u00e7\u00f5es do novo \u00e1lbum do artista, intitulado \u201c<strong>Assaltos &amp; Batidas<\/strong>\u201d, onde <strong>FBC<\/strong> une <mark style=\"background-color:#fcb900\" class=\"has-inline-color\">rap, cinema, literatura e cr\u00edtica social em uma narrativa que reflete a realidade de milh\u00f5es nas periferias brasileiras.<\/mark><\/p>\n<p>O espet\u00e1culo contar\u00e1 com banda completa e trar\u00e1 influencias de <strong>jazz, metal, funk, MPB e do rap cl\u00e1ssico<\/strong> dos anos <strong>90<\/strong>.<\/p>\n<div class=\"wp-block-image\">\n<figure class=\"aligncenter size-full\"><img data-recalc-dims=\"1\" fetchpriority=\"high\" decoding=\"async\" width=\"640\" height=\"366\" src=\"https:\/\/i0.wp.com\/cdn.media-acidadeon.com.br\/ribeiraopreto\/wp-content\/uploads\/sites\/3\/2025\/09\/Design-sem-nome-3_2025-09-03_12-04-54.webp?resize=640%2C366&#038;ssl=1\" alt=\"Design sem nome 3 2025 09 03 12 04 54\" class=\"wp-image-127874\" title=\"FBC apresenta show no Teatro de Arena no fim de semana 1\" srcset=\"https:\/\/cdn.media-acidadeon.com.br\/ribeiraopreto\/wp-content\/uploads\/sites\/3\/2025\/09\/Design-sem-nome-3_2025-09-03_12-04-54.webp 640w, https:\/\/cdn.media-acidadeon.com.br\/ribeiraopreto\/wp-content\/uploads\/sites\/3\/2025\/09\/Design-sem-nome-3_2025-09-03_12-04-54-300x172.webp 300w\" sizes=\"(max-width: 640px) 100vw, 640px\"\/><figcaption class=\"wp-element-caption\">Novo \u00e1lbum \u201cAssaltos &amp; Batidas\u201d conta com 11 faixas. <\/figcaption><\/figure>\n<\/div>\n<h2 class=\"wp-block-heading\"><strong>Ingressos<\/strong><\/h2>\n<p>Os ingressos podem ser adquiridos <strong>on-line <a href=\"https:\/\/www.sescsp.org.br\/programacao\/fbc-8\/\" target=\"_blank\" rel=\"noopener\">(clique aqui)<\/a><\/strong>, ou ent\u00e3o, na bilheteria oficial do <strong>Sesc Ribeir\u00e3o Preto<\/strong>. Os pre\u00e7os variam entre: <strong>R$ 15<\/strong> (credencial plena), <strong>R$ 25<\/strong> (meia-entrada) e <strong>R$ 50<\/strong> (inteira).<\/p>\n<h2 class=\"wp-block-heading\"><strong>Servi\u00e7o<\/strong><\/h2>\n<p><strong><em>FBC \u2013 Assaltos e Batidas<\/em><\/strong><\/p>\n<p><strong>Quando:<\/strong> 5 de setembro, sexta-feira <br \/><strong>Hor\u00e1rio:<\/strong> 20h<br \/><strong>Local:<\/strong> Teatro de Arena | Jardim Mosteiro <br \/><strong>Ingressos:<\/strong> A partir de R$ 15<\/p>\n<hr class=\"wp-block-separator has-alpha-channel-opacity\"\/>\n<p>SAIBA MAIS<br \/>Casacor Ribeir\u00e3o apresenta 5 tend\u00eancias que traduzem o \u2018morar contempor\u00e2neo\u2019<\/p>\n<h2 class=\"wp-block-heading\"><strong>FIQUE ON<\/strong><\/h2>\n<p>Fique ligado em tudo que acontece em Ribeir\u00e3o Preto e regi\u00e3o. Siga os perfis do\u00a0<strong>acidade on<\/strong>\u00a0no<a href=\"https:\/\/www.instagram.com\/acidadeonribeirao\" target=\"_blank\" rel=\"noreferrer noopener\">\u00a0Instagram\u00a0<\/a>e no\u00a0<a href=\"https:\/\/www.facebook.com\/acidadeonribeirao\/\" target=\"_blank\" rel=\"noreferrer noopener\">Facebook<\/a>.<\/p>\n<p>Receba not\u00edcias do<strong>\u00a0acidade on<\/strong>\u00a0no WhatsApp. Para entrar no grupo,\u00a0basta\u00a0<a href=\"https:\/\/chat.whatsapp.com\/I4nieTEMKlf50pJ28aMemC?mode=ac_t\" target=\"_blank\" rel=\"noreferrer noopener\">clicar aqui<\/a>. Ou, acesse o nosso\u00a0Canal\u00a0<a href=\"https:\/\/whatsapp.com\/channel\/0029Vb6IQl1JENyAeS57fk2p\" target=\"_blank\" rel=\"noreferrer noopener\">clicando aqui<\/a>.<\/p>\n<p>Fa\u00e7a uma den\u00fancia ou sugira uma reportagem sobre Ribeir\u00e3o Preto e regi\u00e3o pelo WhatsApp: 16 99117 7802.<\/p>\n<p>VEJA TAMB\u00c9M<br \/>Ticiane Pinheiro fez qual personagem em \u2018Terra Nostra\u2019?<\/p>\n<p><!-- AI CONTENT END 1 -->\n<\/div>\n<\/div>\n<p><script async src=\"\/\/www.instagram.com\/embed.js\"><\/script><br \/>\n<br \/><br \/>\n<br \/><a href=\"https:\/\/www.acidadeon.com\/ribeiraopreto\/lazer-e-cultura\/fbc-apresenta-show-no-teatro-de-arena-no-fim-de-semana\/\">Source link <\/a><\/p>\n<!-- CONTENT END 1 -->\n","protected":false},"excerpt":{"rendered":"<p>O rapper FBC apresenta, ao lado de Fernanda Valadares (backing), Sarah Reis (DJ) e DJ Cost, o show \u201cAssaltos e Batidas\u201d, nesta sexta-feira (5), no&#8230;<\/p>\n","protected":false},"author":1,"featured_media":76682,"comment_status":"open","ping_status":"open","sticky":false,"template":"","format":"standard","meta":{"advanced_seo_description":"","jetpack_seo_html_title":"","jetpack_seo_noindex":false,"jetpack_post_was_ever_published":false,"_jetpack_newsletter_access":"","_jetpack_dont_email_post_to_subs":false,"_jetpack_newsletter_tier_id":0,"_jetpack_memberships_contains_paywalled_content":false,"_jetpack_memberships_contains_paid_content":false,"footnotes":"","jetpack_publicize_message":"","jetpack_publicize_feature_enabled":true,"jetpack_social_post_already_shared":true,"jetpack_social_options":{"image_generator_settings":{"template":"highway","default_image_id":0,"font":"","enabled":false},"version":2}},"categories":[11],"tags":[],"class_list":["post-76681","post","type-post","status-publish","format-standard","has-post-thumbnail","hentry","category-noticias-de-ribeirao-preto-sp-e-regiao-ismael-colosi"],"jetpack_publicize_connections":[],"jetpack_featured_media_url":"https:\/\/i0.wp.com\/noticiasribeiraopreto.com.br\/wp-content\/uploads\/2025\/09\/fabricio-fbc-rapper-album-assaltos-e-batidas-fotos-renan-1rg_widemd_2025-09-03_12-03-53.webp.webp?fit=390%2C219&ssl=1","jetpack-related-posts":[{"id":76800,"url":"https:\/\/noticiasribeiraopreto.com.br\/index.php\/2025\/09\/05\/shows-teatro-e-feira-onde-aproveitar-o-fim-de-semana-em-ribeirao\/","url_meta":{"origin":76681,"position":0},"title":"Shows, teatro e feira: onde aproveitar o fim de semana em Ribeir\u00e3o?","author":"noticiasribeiraopreto.com.br","date":"5 de September de 2025","format":false,"excerpt":"O fim de semana em Ribeir\u00e3o Preto conta com op\u00e7\u00f5es culturais para aproveitar com toda fam\u00edlia. Entre as op\u00e7\u00f5es, a cidade recebe show do rapper FBC, no Teatro de Arena, a segunda montagem da Mostra de Teatro da Alma (Academia Livre de M\u00fasica e Artes) e a feira especial aos\u2026","rel":"","context":"In &quot;Not\u00edcias de Ribeir\u00e3o Preto-SP e Regi\u00e3o&quot;","block_context":{"text":"Not\u00edcias de Ribeir\u00e3o Preto-SP e Regi\u00e3o","link":"https:\/\/noticiasribeiraopreto.com.br\/index.php\/category\/noticias-de-ribeirao-preto-sp-e-regiao-ismael-colosi\/"},"img":{"alt_text":"","src":"https:\/\/i0.wp.com\/noticiasribeiraopreto.com.br\/wp-content\/uploads\/2025\/09\/Copia-de-Copia-de-Copia-de-TAMANHO-EXATO-PARA-FOTOS-NO-SISTEMA-NOVO-2025-09-05T105334.705_2025-09-05_13-53-44.webp.webp?fit=1200%2C675&ssl=1&resize=350%2C200","width":350,"height":200,"srcset":"https:\/\/i0.wp.com\/noticiasribeiraopreto.com.br\/wp-content\/uploads\/2025\/09\/Copia-de-Copia-de-Copia-de-TAMANHO-EXATO-PARA-FOTOS-NO-SISTEMA-NOVO-2025-09-05T105334.705_2025-09-05_13-53-44.webp.webp?fit=1200%2C675&ssl=1&resize=350%2C200 1x, https:\/\/i0.wp.com\/noticiasribeiraopreto.com.br\/wp-content\/uploads\/2025\/09\/Copia-de-Copia-de-Copia-de-TAMANHO-EXATO-PARA-FOTOS-NO-SISTEMA-NOVO-2025-09-05T105334.705_2025-09-05_13-53-44.webp.webp?fit=1200%2C675&ssl=1&resize=525%2C300 1.5x, https:\/\/i0.wp.com\/noticiasribeiraopreto.com.br\/wp-content\/uploads\/2025\/09\/Copia-de-Copia-de-Copia-de-TAMANHO-EXATO-PARA-FOTOS-NO-SISTEMA-NOVO-2025-09-05T105334.705_2025-09-05_13-53-44.webp.webp?fit=1200%2C675&ssl=1&resize=700%2C400 2x, https:\/\/i0.wp.com\/noticiasribeiraopreto.com.br\/wp-content\/uploads\/2025\/09\/Copia-de-Copia-de-Copia-de-TAMANHO-EXATO-PARA-FOTOS-NO-SISTEMA-NOVO-2025-09-05T105334.705_2025-09-05_13-53-44.webp.webp?fit=1200%2C675&ssl=1&resize=1050%2C600 3x"},"classes":[]},{"id":66913,"url":"https:\/\/noticiasribeiraopreto.com.br\/index.php\/2025\/04\/07\/banda-lamparina-se-apresenta-no-teatro-de-arena-de-ribeirao-preto\/","url_meta":{"origin":76681,"position":1},"title":"Banda Lamparina se apresenta no Teatro de Arena de Ribeir\u00e3o Preto","author":"noticiasribeiraopreto.com.br","date":"7 de April de 2025","format":false,"excerpt":"O grupo mineiro Lamparina se apresenta no Teatro de Arena \u201cJaime Zeiger\u201d, em Ribeir\u00e3o Preto, na pr\u00f3xima quinta-feira (10), \u00e0s 20h. Os ingressos j\u00e1 est\u00e3o \u00e0 venda. \u2013 veja como adquirir abaixo. O repert\u00f3rio faz uma ode \u00e0 m\u00fasica brasileira, com suingue e batidas eletr\u00f4nicas. Al\u00e9m de trazer elementos org\u00e2nicos,\u2026","rel":"","context":"In &quot;Not\u00edcias de Ribeir\u00e3o Preto-SP e Regi\u00e3o&quot;","block_context":{"text":"Not\u00edcias de Ribeir\u00e3o Preto-SP e Regi\u00e3o","link":"https:\/\/noticiasribeiraopreto.com.br\/index.php\/category\/noticias-de-ribeirao-preto-sp-e-regiao-ismael-colosi\/"},"img":{"alt_text":"","src":"https:\/\/i0.wp.com\/noticiasribeiraopreto.com.br\/wp-content\/uploads\/2025\/04\/banda-lamparina_2025-04-07_15-49-39_jpg_2025-04-07_15-49-39.webp.webp?fit=1000%2C733&ssl=1&resize=350%2C200","width":350,"height":200,"srcset":"https:\/\/i0.wp.com\/noticiasribeiraopreto.com.br\/wp-content\/uploads\/2025\/04\/banda-lamparina_2025-04-07_15-49-39_jpg_2025-04-07_15-49-39.webp.webp?fit=1000%2C733&ssl=1&resize=350%2C200 1x, https:\/\/i0.wp.com\/noticiasribeiraopreto.com.br\/wp-content\/uploads\/2025\/04\/banda-lamparina_2025-04-07_15-49-39_jpg_2025-04-07_15-49-39.webp.webp?fit=1000%2C733&ssl=1&resize=525%2C300 1.5x, https:\/\/i0.wp.com\/noticiasribeiraopreto.com.br\/wp-content\/uploads\/2025\/04\/banda-lamparina_2025-04-07_15-49-39_jpg_2025-04-07_15-49-39.webp.webp?fit=1000%2C733&ssl=1&resize=700%2C400 2x"},"classes":[]},{"id":65652,"url":"https:\/\/noticiasribeiraopreto.com.br\/index.php\/2025\/03\/22\/tutu-fest-teatro-de-arena-de-ribeirao-preto-recebe-festival-de-djs\/","url_meta":{"origin":76681,"position":2},"title":"Tutu Fest: Teatro de Arena de Ribeir\u00e3o Preto recebe festival de DJs","author":"noticiasribeiraopreto.com.br","date":"22 de March de 2025","format":false,"excerpt":"O Teatro de Arena de Ribeir\u00e3o Preto ser\u00e1 palco da 2\u00aa edi\u00e7\u00e3o do Tutu Djs Fest, que acontece no dia 5 de abril, das 15h \u00e0s 22h. O evento re\u00fane DJs que exploram diferentes t\u00e9cnicas e formatos de reprodu\u00e7\u00e3o musical e variados g\u00eaneros musicais. Realizado pelo coletivo Tutu DJs, que\u2026","rel":"","context":"In &quot;Not\u00edcias de Ribeir\u00e3o Preto-SP e Regi\u00e3o&quot;","block_context":{"text":"Not\u00edcias de Ribeir\u00e3o Preto-SP e Regi\u00e3o","link":"https:\/\/noticiasribeiraopreto.com.br\/index.php\/category\/noticias-de-ribeirao-preto-sp-e-regiao-ismael-colosi\/"},"img":{"alt_text":"","src":"https:\/\/i0.wp.com\/noticiasribeiraopreto.com.br\/wp-content\/uploads\/2025\/03\/Copia-de-Copia-de-Copia-de-TAMANHO-EXATO-PARA-FOTOS-NO-SISTEMA-NOVO-31_2025-03-22_17-39-52_jpg_2025-03-22_17-39-52.webp.webp?fit=1200%2C675&ssl=1&resize=350%2C200","width":350,"height":200,"srcset":"https:\/\/i0.wp.com\/noticiasribeiraopreto.com.br\/wp-content\/uploads\/2025\/03\/Copia-de-Copia-de-Copia-de-TAMANHO-EXATO-PARA-FOTOS-NO-SISTEMA-NOVO-31_2025-03-22_17-39-52_jpg_2025-03-22_17-39-52.webp.webp?fit=1200%2C675&ssl=1&resize=350%2C200 1x, https:\/\/i0.wp.com\/noticiasribeiraopreto.com.br\/wp-content\/uploads\/2025\/03\/Copia-de-Copia-de-Copia-de-TAMANHO-EXATO-PARA-FOTOS-NO-SISTEMA-NOVO-31_2025-03-22_17-39-52_jpg_2025-03-22_17-39-52.webp.webp?fit=1200%2C675&ssl=1&resize=525%2C300 1.5x, https:\/\/i0.wp.com\/noticiasribeiraopreto.com.br\/wp-content\/uploads\/2025\/03\/Copia-de-Copia-de-Copia-de-TAMANHO-EXATO-PARA-FOTOS-NO-SISTEMA-NOVO-31_2025-03-22_17-39-52_jpg_2025-03-22_17-39-52.webp.webp?fit=1200%2C675&ssl=1&resize=700%2C400 2x, https:\/\/i0.wp.com\/noticiasribeiraopreto.com.br\/wp-content\/uploads\/2025\/03\/Copia-de-Copia-de-Copia-de-TAMANHO-EXATO-PARA-FOTOS-NO-SISTEMA-NOVO-31_2025-03-22_17-39-52_jpg_2025-03-22_17-39-52.webp.webp?fit=1200%2C675&ssl=1&resize=1050%2C600 3x"},"classes":[]},{"id":38539,"url":"https:\/\/noticiasribeiraopreto.com.br\/index.php\/2024\/02\/20\/teatro-de-arena-de-ribeirao-recebe-festival-de-djs-veja-data-e-como-comprar-ingressos\/","url_meta":{"origin":76681,"position":3},"title":"Teatro de Arena de Ribeir\u00e3o recebe festival de DJs; Veja data e como comprar ingressos","author":"noticiasribeiraopreto.com.br","date":"20 de February de 2024","format":false,"excerpt":"A 1\u00aa edi\u00e7\u00e3o do Tutu DJs Fest ser\u00e1 realizada no Teatro de Arena de Ribeir\u00e3o Preto, em mar\u00e7o. Em comemora\u00e7\u00e3o ao Dia Mundial do DJ, em 9 de mar\u00e7o, o festival ir\u00e1 reunir nesta data v\u00e1rios DJs atuantes, com m\u00fasica das 15h \u00e0s 22h. Os ingressos j\u00e1 est\u00e3o dispon\u00edveis por\u2026","rel":"","context":"In &quot;Not\u00edcias de Ribeir\u00e3o Preto-SP e Regi\u00e3o&quot;","block_context":{"text":"Not\u00edcias de Ribeir\u00e3o Preto-SP e Regi\u00e3o","link":"https:\/\/noticiasribeiraopreto.com.br\/index.php\/category\/noticias-de-ribeirao-preto-sp-e-regiao-ismael-colosi\/"},"img":{"alt_text":"","src":"https:\/\/i0.wp.com\/noticiasribeiraopreto.com.br\/wp-content\/uploads\/2024\/02\/Foto-DJ-Taui.jpg?fit=1200%2C800&ssl=1&resize=350%2C200","width":350,"height":200,"srcset":"https:\/\/i0.wp.com\/noticiasribeiraopreto.com.br\/wp-content\/uploads\/2024\/02\/Foto-DJ-Taui.jpg?fit=1200%2C800&ssl=1&resize=350%2C200 1x, https:\/\/i0.wp.com\/noticiasribeiraopreto.com.br\/wp-content\/uploads\/2024\/02\/Foto-DJ-Taui.jpg?fit=1200%2C800&ssl=1&resize=525%2C300 1.5x, https:\/\/i0.wp.com\/noticiasribeiraopreto.com.br\/wp-content\/uploads\/2024\/02\/Foto-DJ-Taui.jpg?fit=1200%2C800&ssl=1&resize=700%2C400 2x, https:\/\/i0.wp.com\/noticiasribeiraopreto.com.br\/wp-content\/uploads\/2024\/02\/Foto-DJ-Taui.jpg?fit=1200%2C800&ssl=1&resize=1050%2C600 3x"},"classes":[]},{"id":76677,"url":"https:\/\/noticiasribeiraopreto.com.br\/index.php\/2025\/09\/03\/sesc-ribeirao-promove-mostra-com-shows-gratuitos-de-artistas-da-regiao-veja-programacao\/","url_meta":{"origin":76681,"position":4},"title":"Sesc Ribeir\u00e3o promove mostra com shows gratuitos de artistas da regi\u00e3o; Veja programa\u00e7\u00e3o","author":"noticiasribeiraopreto.com.br","date":"3 de September de 2025","format":false,"excerpt":"O Sesc Ribeir\u00e3o Preto promove, durante o m\u00eas de setembro, a segunda edi\u00e7\u00e3o da Mostra Local Total, que conta com shows de diferentes g\u00eaneros musicais de artistas de Ribeir\u00e3o Preto e regi\u00e3o. Todos os shows s\u00e3o gratuitos e com acesso livre. A mostra conta com shows todas as quintas-feiras, durante\u2026","rel":"","context":"In &quot;Not\u00edcias de Ribeir\u00e3o Preto-SP e Regi\u00e3o&quot;","block_context":{"text":"Not\u00edcias de Ribeir\u00e3o Preto-SP e Regi\u00e3o","link":"https:\/\/noticiasribeiraopreto.com.br\/index.php\/category\/noticias-de-ribeirao-preto-sp-e-regiao-ismael-colosi\/"},"img":{"alt_text":"","src":"https:\/\/i0.wp.com\/noticiasribeiraopreto.com.br\/wp-content\/uploads\/2025\/09\/Copia-de-Copia-de-Copia-de-TAMANHO-EXATO-PARA-FOTOS-NO-SISTEMA-NOVO-73_2025-09-03_13-06-23.webp.webp?fit=1200%2C675&ssl=1&resize=350%2C200","width":350,"height":200,"srcset":"https:\/\/i0.wp.com\/noticiasribeiraopreto.com.br\/wp-content\/uploads\/2025\/09\/Copia-de-Copia-de-Copia-de-TAMANHO-EXATO-PARA-FOTOS-NO-SISTEMA-NOVO-73_2025-09-03_13-06-23.webp.webp?fit=1200%2C675&ssl=1&resize=350%2C200 1x, https:\/\/i0.wp.com\/noticiasribeiraopreto.com.br\/wp-content\/uploads\/2025\/09\/Copia-de-Copia-de-Copia-de-TAMANHO-EXATO-PARA-FOTOS-NO-SISTEMA-NOVO-73_2025-09-03_13-06-23.webp.webp?fit=1200%2C675&ssl=1&resize=525%2C300 1.5x, https:\/\/i0.wp.com\/noticiasribeiraopreto.com.br\/wp-content\/uploads\/2025\/09\/Copia-de-Copia-de-Copia-de-TAMANHO-EXATO-PARA-FOTOS-NO-SISTEMA-NOVO-73_2025-09-03_13-06-23.webp.webp?fit=1200%2C675&ssl=1&resize=700%2C400 2x, https:\/\/i0.wp.com\/noticiasribeiraopreto.com.br\/wp-content\/uploads\/2025\/09\/Copia-de-Copia-de-Copia-de-TAMANHO-EXATO-PARA-FOTOS-NO-SISTEMA-NOVO-73_2025-09-03_13-06-23.webp.webp?fit=1200%2C675&ssl=1&resize=1050%2C600 3x"},"classes":[]},{"id":50273,"url":"https:\/\/noticiasribeiraopreto.com.br\/index.php\/2024\/05\/15\/dj-kl-jay-do-racionais-mcs-se-apresenta-em-ribeirao-preto\/","url_meta":{"origin":76681,"position":5},"title":"DJ KL Jay, do Racionais MCs, se apresenta em Ribeir\u00e3o Preto","author":"noticiasribeiraopreto.com.br","date":"15 de May de 2024","format":false,"excerpt":"O DJ KL Jay, do Racionais MCs, ir\u00e1 se apresentar no Festival Nugroove, edi\u00e7\u00e3o \u201cNois Por Nois\u201c, que acontece nesta sexta-feira (17), a partir das 22h, na Esta\u00e7\u00e3o Mangueira, em Ribeir\u00e3o Preto. KL Jay \u00e9 o respons\u00e1vel pela cria\u00e7\u00e3o das batidas das m\u00fasicas do maior grupo de rap do Brasil.\u2026","rel":"","context":"In &quot;Not\u00edcias de Ribeir\u00e3o Preto-SP e Regi\u00e3o&quot;","block_context":{"text":"Not\u00edcias de Ribeir\u00e3o Preto-SP e Regi\u00e3o","link":"https:\/\/noticiasribeiraopreto.com.br\/index.php\/category\/noticias-de-ribeirao-preto-sp-e-regiao-ismael-colosi\/"},"img":{"alt_text":"","src":"https:\/\/i0.wp.com\/noticiasribeiraopreto.com.br\/wp-content\/uploads\/2024\/05\/KL-JAY_2024-05-15_14-40-01_jpg_2024-05-15_14-40-01.webp.webp?fit=950%2C627&ssl=1&resize=350%2C200","width":350,"height":200,"srcset":"https:\/\/i0.wp.com\/noticiasribeiraopreto.com.br\/wp-content\/uploads\/2024\/05\/KL-JAY_2024-05-15_14-40-01_jpg_2024-05-15_14-40-01.webp.webp?fit=950%2C627&ssl=1&resize=350%2C200 1x, https:\/\/i0.wp.com\/noticiasribeiraopreto.com.br\/wp-content\/uploads\/2024\/05\/KL-JAY_2024-05-15_14-40-01_jpg_2024-05-15_14-40-01.webp.webp?fit=950%2C627&ssl=1&resize=525%2C300 1.5x, https:\/\/i0.wp.com\/noticiasribeiraopreto.com.br\/wp-content\/uploads\/2024\/05\/KL-JAY_2024-05-15_14-40-01_jpg_2024-05-15_14-40-01.webp.webp?fit=950%2C627&ssl=1&resize=700%2C400 2x"},"classes":[]}],"jetpack_sharing_enabled":true,"jetpack_shortlink":"https:\/\/wp.me\/peQAOb-jWN","_links":{"self":[{"href":"https:\/\/noticiasribeiraopreto.com.br\/index.php\/wp-json\/wp\/v2\/posts\/76681","targetHints":{"allow":["GET"]}}],"collection":[{"href":"https:\/\/noticiasribeiraopreto.com.br\/index.php\/wp-json\/wp\/v2\/posts"}],"about":[{"href":"https:\/\/noticiasribeiraopreto.com.br\/index.php\/wp-json\/wp\/v2\/types\/post"}],"author":[{"embeddable":true,"href":"https:\/\/noticiasribeiraopreto.com.br\/index.php\/wp-json\/wp\/v2\/users\/1"}],"replies":[{"embeddable":true,"href":"https:\/\/noticiasribeiraopreto.com.br\/index.php\/wp-json\/wp\/v2\/comments?post=76681"}],"version-history":[{"count":0,"href":"https:\/\/noticiasribeiraopreto.com.br\/index.php\/wp-json\/wp\/v2\/posts\/76681\/revisions"}],"wp:featuredmedia":[{"embeddable":true,"href":"https:\/\/noticiasribeiraopreto.com.br\/index.php\/wp-json\/wp\/v2\/media\/76682"}],"wp:attachment":[{"href":"https:\/\/noticiasribeiraopreto.com.br\/index.php\/wp-json\/wp\/v2\/media?parent=76681"}],"wp:term":[{"taxonomy":"category","embeddable":true,"href":"https:\/\/noticiasribeiraopreto.com.br\/index.php\/wp-json\/wp\/v2\/categories?post=76681"},{"taxonomy":"post_tag","embeddable":true,"href":"https:\/\/noticiasribeiraopreto.com.br\/index.php\/wp-json\/wp\/v2\/tags?post=76681"}],"curies":[{"name":"wp","href":"https:\/\/api.w.org\/{rel}","templated":true}]}}