{"id":76685,"date":"2025-09-03T12:33:43","date_gmt":"2025-09-03T15:33:43","guid":{"rendered":"https:\/\/noticiasribeiraopreto.com.br\/index.php\/2025\/09\/03\/policia-do-parana-realiza-operacao-em-rp\/"},"modified":"2025-09-03T12:33:43","modified_gmt":"2025-09-03T15:33:43","slug":"policia-do-parana-realiza-operacao-em-rp","status":"publish","type":"post","link":"https:\/\/noticiasribeiraopreto.com.br\/index.php\/2025\/09\/03\/policia-do-parana-realiza-operacao-em-rp\/","title":{"rendered":"Pol\u00edcia do Paran\u00e1 realiza opera\u00e7\u00e3o em RP"},"content":{"rendered":"<div class='code-block code-block-1' style='margin: 8px 0 8px auto; text-align: right; display: block; clear: both;'>\n<p><a href=\"https:\/\/wa.link\/vpicfd\"><img data-recalc-dims=\"1\" class=\"wp-image-4922\" style=\"aspect-ratio: 2.0253164556962027; width: 561px; height: auto;\" src=\"https:\/\/i0.wp.com\/ismaelcolosi.com.br\/wp-content\/uploads\/2023\/11\/grupo-de-empregos-whatsapp-e-facebook-ismael-colosi-vagas.jpg?ssl=1\" alt=\"\" \/><\/a><\/p>\n<!-- \/wp:image -->\n<\/div>\n<p> <br \/>\n<\/p>\n<div id=\"\">\n<h2 class=\"penci-post-subtitle\">Regi\u00e3o foi alvo do cumprimento de 20 mandados de busca e apreens\u00e3o e de pris\u00e3o; quatro foram presos<\/h2>\n<p>\n\t\t\t\t\t\t\t\t\t<span class=\"entry-meta-item penci-posted-on\"><i class=\"fa fa-clock-o\"\/><time class=\"entry-date published updated\" datetime=\"2025-09-03T12:30:37-03:00\">3 de setembro de 2025 12:30<\/time><\/span><span class=\"entry-meta-item penci-post-countview\"><span class=\"entry-meta-item penci-post-countview penci_post-meta_item\"><i class=\"fa fa-eye\"\/><span class=\"penci-post-countview-number penci-post-countview-p437902\">4<\/span><\/span><\/span>\t\t\t\t\t\t\t\t<\/p>\n<p><!-- .entry-meta --><br \/>\n\t\t\t\t\t\t\t\t<span class=\"penci-social-buttons penci-social-share-footer\"><span class=\"penci-social-share-text\">Compartilhar<\/span><a href=\"#\" class=\"penci-post-like penci_post-meta_item  single-like-button penci-social-item like\" data-post_id=\"437902\" title=\"Like\" data-like=\"Like\" data-unlike=\"Unlike\"><i class=\"fa fa-thumbs-o-up\"\/><span class=\"penci-share-number\">1<\/span><\/a><i class=\"fa fa-facebook\"\/><a class=\"penci-social-item twitter\" target=\"_blank\" rel=\"noopener\" title=\"\" href=\"https:\/\/twitter.com\/intent\/tweet?text=Pol\u00edcia%20do%20Paran\u00e1%20realiza%20opera\u00e7\u00e3o%20em%20RP%20-%20https:\/\/www.tribunaribeirao.com.br\/policia-do-parana-realiza-operacao-em-rp\/\"><i class=\"fa fa-twitter\"\/><\/a><i class=\"fa fa-linkedin\"\/><i class=\"fa fa-whatsapp\"\/><i class=\"fa fa-telegram\"\/><i class=\"fa fa-envelope\"\/><\/span>\t\t\t\t\t\t\t<\/div>\n<div>\n<p>Por: Adalberto Luque<\/p>\n<p>Uma opera\u00e7\u00e3o conjunta, realizada pela Pol\u00edcia Civil do Paran\u00e1, com apoio de policiais civis da regi\u00e3o, foi realizada, na manh\u00e3 desta quarta-feira (3), em Ribeir\u00e3o Preto e outras 29 cidades, de oito estados e Distrito Federal.<\/p>\n<p>Agindo de forma simult\u00e2nea em todo o Pa\u00eds, 500 policiais civis cumpriram 57 mandados de pris\u00e3o e 132 de busca e apreens\u00e3o. O alvo foi uma organiza\u00e7\u00e3o criminosa especializada em golpes eletr\u00f4nicos e lavagem de dinheiro.<\/p>\n<p>Os policiais civis percorreram as 30 cidades nos estados de S\u00e3o Paulo, Rio Grande do Sul, Santa Catarina, Rio de Janeiro, Goi\u00e1s, Par\u00e1, Tocantins, Maranh\u00e3o e Distrito Federal. Na regi\u00e3o, 50 policiais civis de Ribeir\u00e3o e Curitiba estiveram envolvidos no cumprimento dos mandados.<\/p>\n<p>O grupo teria desviado mais de R$ 5 milh\u00f5es de uma rede de postos de combust\u00edveis com sede no Paran\u00e1. A regi\u00e3o de Ribeir\u00e3o Preto seria o n\u00facleo financeiro do esquema. De acordo com o delegado Gabriel Fontoura, da Pol\u00edcia Civil do Paran\u00e1, dois dos presos em Ribeir\u00e3o Preto invadiam as contas da rede de postos de combust\u00edveis.<\/p>\n<p>Eles usavam contas de laranja, para transferir o dinheiro em diversas contas. Eles desviavam valores entre R$ 10 mil e R$ 30 mil a cada vez, tentando evitar serem notados pela rede de postos e por ag\u00eancias banc\u00e1rias.<\/p>\n<p>Depois, segundo o delegado, usavam contas de laranja, que recebiam valores irris\u00f3rios para continuar transferindo para outras contas, por todo o Pa\u00eds. Fontana explicou que essas transfer\u00eancias constantes tinham por objetivo atrapalhar a identifica\u00e7\u00e3o dos reais respons\u00e1veis pelo esquema.<\/p>\n<p><strong>Na regi\u00e3o<\/strong><\/p>\n<p>Os mandados de pris\u00e3o e de busca e apreens\u00e3o foram cumpridos nas cidades de Ribeir\u00e3o Preto, Orl\u00e2ndia e Serrana. O suspeito procurado em Serrana n\u00e3o foi encontrado. Uma pessoa foi presa em Orl\u00e2ndia e tr\u00eas em Ribeir\u00e3o Preto, duas das quais no Ipiranga (zona Norte) e outra no Parque dos Lagos (zona Leste).<\/p>\n<p>O delegado explicou que um dos presos no Ipiranga e o outro de Orl\u00e2ndia seriam os respons\u00e1veis pela invas\u00e3o das contas banc\u00e1rias e desvio dos valores. Os outros dois s\u00e3o laranjas que emprestavam suas contas correntes.<\/p>\n<figure id=\"attachment_437904\" aria-describedby=\"caption-attachment-437904\" style=\"width: 1170px\" class=\"wp-caption alignnone\"><img data-recalc-dims=\"1\" loading=\"lazy\" decoding=\"async\" class=\"size-full wp-image-437904 lazyload\" src=\"https:\/\/i0.wp.com\/www.tribunaribeirao.com.br\/wp-content\/uploads\/2025\/09\/03-set-2025-operacaopcpr2-scaled.jpg?resize=1170%2C780&#038;ssl=1\" alt=\"\" width=\"1170\" height=\"780\" srcset=\"https:\/\/www.tribunaribeirao.com.br\/wp-content\/uploads\/2025\/09\/03-set-2025-operacaopcpr2-scaled.jpg 1170w, https:\/\/www.tribunaribeirao.com.br\/wp-content\/uploads\/2025\/09\/03-set-2025-operacaopcpr2-300x200.jpg 300w, https:\/\/www.tribunaribeirao.com.br\/wp-content\/uploads\/2025\/09\/03-set-2025-operacaopcpr2-1024x683.jpg 1024w, https:\/\/www.tribunaribeirao.com.br\/wp-content\/uploads\/2025\/09\/03-set-2025-operacaopcpr2-768x512.jpg 768w, https:\/\/www.tribunaribeirao.com.br\/wp-content\/uploads\/2025\/09\/03-set-2025-operacaopcpr2-1536x1024.jpg 1536w, https:\/\/www.tribunaribeirao.com.br\/wp-content\/uploads\/2025\/09\/03-set-2025-operacaopcpr2-480x320.jpg 480w, https:\/\/www.tribunaribeirao.com.br\/wp-content\/uploads\/2025\/09\/03-set-2025-operacaopcpr2-280x186.jpg 280w, https:\/\/www.tribunaribeirao.com.br\/wp-content\/uploads\/2025\/09\/03-set-2025-operacaopcpr2-960x640.jpg 960w, https:\/\/www.tribunaribeirao.com.br\/wp-content\/uploads\/2025\/09\/03-set-2025-operacaopcpr2-600x400.jpg 600w, https:\/\/www.tribunaribeirao.com.br\/wp-content\/uploads\/2025\/09\/03-set-2025-operacaopcpr2-585x390.jpg 585w\" data-sizes=\"(max-width: 1170px) 100vw, 1170px\" style=\"--smush-placeholder-width: 1170px; --smush-placeholder-aspect-ratio: 1170\/780;\"\/><figcaption id=\"caption-attachment-437904\" class=\"wp-caption-text\">O delegado paranaense Gabriel Fontana explicou que Ribeir\u00e3o Preto seria o n\u00facleo financeiro do golpe que desviou mais de R$ 5 milh\u00f5es de rede de postos de combust\u00edveis (Foto: Alfredo Risk)<\/figcaption><\/figure>\n<p>Os agentes tamb\u00e9m cumpriram 15 mandados de busca e apreens\u00e3o na regi\u00e3o. Os presos foram levados para a Central de Pol\u00edcia Judici\u00e1ria (CPJ), onde permaneceram \u00e0 disposi\u00e7\u00e3o da Justi\u00e7a.<\/p>\n<p>Os celulares, computadores, notebooks e outras m\u00eddias, apreendidos nos 132 mandados de busca e apreens\u00e3o cumpridos em todo o Pa\u00eds foram encaminhados para a per\u00edcia da Pol\u00edcia Civil do Paran\u00e1. N\u00e3o est\u00e3o descartadas novas opera\u00e7\u00f5es, inclusive na regi\u00e3o. As investiga\u00e7\u00f5es prosseguem.<\/p>\n<p><strong>Especializada em finan\u00e7as<\/strong><\/p>\n<p>Cidades da regi\u00e3o t\u00eam, com certa frequ\u00eancia, sido alvo de opera\u00e7\u00f5es locais, regionais, estaduais e at\u00e9 nacionais onde os n\u00facleos financeiros atuam a partir de Ribeir\u00e3o Preto e outras cidades pr\u00f3ximas.<\/p>\n<figure id=\"attachment_437137\" aria-describedby=\"caption-attachment-437137\" style=\"width: 800px\" class=\"wp-caption alignnone\"><img data-recalc-dims=\"1\" loading=\"lazy\" decoding=\"async\" class=\"size-full wp-image-437137 lazyload\" src=\"https:\/\/i0.wp.com\/www.tribunaribeirao.com.br\/wp-content\/uploads\/2025\/08\/28-ago-2025-operacaocarbono3.jpg?resize=800%2C600&#038;ssl=1\" alt=\"\" width=\"800\" height=\"600\" srcset=\"https:\/\/www.tribunaribeirao.com.br\/wp-content\/uploads\/2025\/08\/28-ago-2025-operacaocarbono3.jpg 800w, https:\/\/www.tribunaribeirao.com.br\/wp-content\/uploads\/2025\/08\/28-ago-2025-operacaocarbono3-300x225.jpg 300w, https:\/\/www.tribunaribeirao.com.br\/wp-content\/uploads\/2025\/08\/28-ago-2025-operacaocarbono3-768x576.jpg 768w, https:\/\/www.tribunaribeirao.com.br\/wp-content\/uploads\/2025\/08\/28-ago-2025-operacaocarbono3-760x570.jpg 760w, https:\/\/www.tribunaribeirao.com.br\/wp-content\/uploads\/2025\/08\/28-ago-2025-operacaocarbono3-533x400.jpg 533w, https:\/\/www.tribunaribeirao.com.br\/wp-content\/uploads\/2025\/08\/28-ago-2025-operacaocarbono3-585x439.jpg 585w\" data-sizes=\"(max-width: 800px) 100vw, 800px\" style=\"--smush-placeholder-width: 800px; --smush-placeholder-aspect-ratio: 800\/600;\"\/><figcaption id=\"caption-attachment-437137\" class=\"wp-caption-text\">Ribeir\u00e3o Preto tem sido alvo de constantes opera\u00e7\u00f5es por sediar n\u00facleos financeiros de diversas organiza\u00e7\u00f5es criminosas (Foto: Divulga\u00e7\u00e3o)<\/figcaption><\/figure>\n<p>No dia 28 de agosto, tr\u00eas megaopera\u00e7\u00f5es foram realizadas contra o Primeiro Comando da Capital (PCC). Em duas delas, Ribeir\u00e3o Preto era um dos alvos num esquema da cadeia de produ\u00e7\u00e3o e abastecimento de combust\u00edveis. O n\u00facleo financeiro tamb\u00e9m operava na regi\u00e3o.<\/p>\n<\/div>\n<p><script async src=\"\/\/platform.twitter.com\/widgets.js\" charset=\"utf-8\"><\/script><br \/>\n<br \/><br \/>\n<br \/><a href=\"https:\/\/www.tribunaribeirao.com.br\/policia-do-parana-realiza-operacao-em-rp\/\">Source link <\/a><\/p>\n<!-- CONTENT END 1 -->\n","protected":false},"excerpt":{"rendered":"<p>Regi\u00e3o foi alvo do cumprimento de 20 mandados de busca e apreens\u00e3o e de pris\u00e3o; quatro foram presos 3 de setembro de 2025 12:304 Compartilhar1&#8230;<\/p>\n","protected":false},"author":1,"featured_media":76686,"comment_status":"open","ping_status":"open","sticky":false,"template":"","format":"standard","meta":{"advanced_seo_description":"","jetpack_seo_html_title":"","jetpack_seo_noindex":false,"jetpack_post_was_ever_published":false,"_jetpack_newsletter_access":"","_jetpack_dont_email_post_to_subs":false,"_jetpack_newsletter_tier_id":0,"_jetpack_memberships_contains_paywalled_content":false,"_jetpack_memberships_contains_paid_content":false,"footnotes":"","jetpack_publicize_message":"","jetpack_publicize_feature_enabled":true,"jetpack_social_post_already_shared":true,"jetpack_social_options":{"image_generator_settings":{"template":"highway","default_image_id":0,"font":"","enabled":false},"version":2}},"categories":[11],"tags":[],"class_list":["post-76685","post","type-post","status-publish","format-standard","has-post-thumbnail","hentry","category-noticias-de-ribeirao-preto-sp-e-regiao-ismael-colosi"],"jetpack_publicize_connections":[],"jetpack_featured_media_url":"https:\/\/i0.wp.com\/noticiasribeiraopreto.com.br\/wp-content\/uploads\/2025\/09\/03-set-2025-operacaopcpr1-scaled.jpg?fit=1200%2C670&ssl=1","jetpack-related-posts":[{"id":76675,"url":"https:\/\/noticiasribeiraopreto.com.br\/index.php\/2025\/09\/03\/pm-tem-novo-comandante-na-regiao\/","url_meta":{"origin":76685,"position":0},"title":"PM tem novo comandante na regi\u00e3o","author":"noticiasribeiraopreto.com.br","date":"3 de September de 2025","format":false,"excerpt":"Coronel Rodrigo Quintino assume o comando da Pol\u00edcia Militar em 93 cidades da regi\u00e3o de Ribeir\u00e3o Preto, no lugar do coronel Beltrami 3 de setembro de 2025 11:183 Compartilhar1 Por: Adalberto Luque A Pol\u00edcia Militar est\u00e1 com um novo comandante na regi\u00e3o de Ribeir\u00e3o Preto. O coronel Rodrigo Quintino est\u00e1\u2026","rel":"","context":"In &quot;Not\u00edcias de Ribeir\u00e3o Preto-SP e Regi\u00e3o&quot;","block_context":{"text":"Not\u00edcias de Ribeir\u00e3o Preto-SP e Regi\u00e3o","link":"https:\/\/noticiasribeiraopreto.com.br\/index.php\/category\/noticias-de-ribeirao-preto-sp-e-regiao-ismael-colosi\/"},"img":{"alt_text":"","src":"https:\/\/i0.wp.com\/noticiasribeiraopreto.com.br\/wp-content\/uploads\/2025\/09\/03-set-2025-celpmquintino.jpg?fit=556%2C640&ssl=1&resize=350%2C200","width":350,"height":200,"srcset":"https:\/\/i0.wp.com\/noticiasribeiraopreto.com.br\/wp-content\/uploads\/2025\/09\/03-set-2025-celpmquintino.jpg?fit=556%2C640&ssl=1&resize=350%2C200 1x, https:\/\/i0.wp.com\/noticiasribeiraopreto.com.br\/wp-content\/uploads\/2025\/09\/03-set-2025-celpmquintino.jpg?fit=556%2C640&ssl=1&resize=525%2C300 1.5x"},"classes":[]},{"id":62000,"url":"https:\/\/noticiasribeiraopreto.com.br\/index.php\/2024\/12\/31\/virada-do-ano-sera-marcada-por-calor-e-pancadas-de-chuva-para-todo-estado-de-sp\/","url_meta":{"origin":76685,"position":1},"title":"Virada do ano ser\u00e1 marcada por calor e pancadas de chuva para todo estado de SP","author":"noticiasribeiraopreto.com.br","date":"31 de December de 2024","format":false,"excerpt":"A virada de ano entre 31 de dezembro e 1\u00ba de janeiro de 2025 ser\u00e1 marcada por caracter\u00edsticas t\u00edpicas do ver\u00e3o em todo o estado de S\u00e3o Paulo, segundo a Defesa Civil. O sol predominar\u00e1 durante boa parte do dia, garantindo altas temperaturas e sensa\u00e7\u00e3o de abafamento. Contudo, o calor\u2026","rel":"","context":"In &quot;Not\u00edcias de Ribeir\u00e3o Preto-SP e Regi\u00e3o&quot;","block_context":{"text":"Not\u00edcias de Ribeir\u00e3o Preto-SP e Regi\u00e3o","link":"https:\/\/noticiasribeiraopreto.com.br\/index.php\/category\/noticias-de-ribeirao-preto-sp-e-regiao-ismael-colosi\/"},"img":{"alt_text":"","src":"https:\/\/i0.wp.com\/noticiasribeiraopreto.com.br\/wp-content\/uploads\/2024\/12\/RIBEIRAO-PRETO-1.jpg?fit=1200%2C656&ssl=1&resize=350%2C200","width":350,"height":200,"srcset":"https:\/\/i0.wp.com\/noticiasribeiraopreto.com.br\/wp-content\/uploads\/2024\/12\/RIBEIRAO-PRETO-1.jpg?fit=1200%2C656&ssl=1&resize=350%2C200 1x, https:\/\/i0.wp.com\/noticiasribeiraopreto.com.br\/wp-content\/uploads\/2024\/12\/RIBEIRAO-PRETO-1.jpg?fit=1200%2C656&ssl=1&resize=525%2C300 1.5x, https:\/\/i0.wp.com\/noticiasribeiraopreto.com.br\/wp-content\/uploads\/2024\/12\/RIBEIRAO-PRETO-1.jpg?fit=1200%2C656&ssl=1&resize=700%2C400 2x, https:\/\/i0.wp.com\/noticiasribeiraopreto.com.br\/wp-content\/uploads\/2024\/12\/RIBEIRAO-PRETO-1.jpg?fit=1200%2C656&ssl=1&resize=1050%2C600 3x"},"classes":[]},{"id":34632,"url":"https:\/\/noticiasribeiraopreto.com.br\/index.php\/2024\/02\/02\/ribeirao-preto-e-regiao-tem-previsao-de-chuva-no-fim-de-semana-de-pre-carnaval\/","url_meta":{"origin":76685,"position":2},"title":"Ribeir\u00e3o Preto e regi\u00e3o tem previs\u00e3o de chuva no fim de semana de pr\u00e9-carnaval","author":"noticiasribeiraopreto.com.br","date":"2 de February de 2024","format":false,"excerpt":"O fim de semana de pr\u00e9-carnaval em Ribeir\u00e3o Preto, Barretos e Franca tem previs\u00e3o de chuva, segundo o Climatempo. Em Ribeir\u00e3o Preto, no s\u00e1bado (3), as chances de chover durante o dia e \u00e0 noite \u00e9 de 80%, sendo que a previs\u00e3o \u00e9 de que o dia seja de sol\u2026","rel":"","context":"In &quot;Not\u00edcias de Ribeir\u00e3o Preto-SP e Regi\u00e3o&quot;","block_context":{"text":"Not\u00edcias de Ribeir\u00e3o Preto-SP e Regi\u00e3o","link":"https:\/\/noticiasribeiraopreto.com.br\/index.php\/category\/noticias-de-ribeirao-preto-sp-e-regiao-ismael-colosi\/"},"img":{"alt_text":"","src":"https:\/\/i0.wp.com\/noticiasribeiraopreto.com.br\/wp-content\/uploads\/2024\/02\/Capturar-2.jpg?fit=732%2C440&ssl=1&resize=350%2C200","width":350,"height":200,"srcset":"https:\/\/i0.wp.com\/noticiasribeiraopreto.com.br\/wp-content\/uploads\/2024\/02\/Capturar-2.jpg?fit=732%2C440&ssl=1&resize=350%2C200 1x, https:\/\/i0.wp.com\/noticiasribeiraopreto.com.br\/wp-content\/uploads\/2024\/02\/Capturar-2.jpg?fit=732%2C440&ssl=1&resize=525%2C300 1.5x, https:\/\/i0.wp.com\/noticiasribeiraopreto.com.br\/wp-content\/uploads\/2024\/02\/Capturar-2.jpg?fit=732%2C440&ssl=1&resize=700%2C400 2x"},"classes":[]},{"id":81287,"url":"https:\/\/noticiasribeiraopreto.com.br\/index.php\/2025\/12\/31\/cidade-na-regiao-de-ribeirao-preto-comemora-titulo-de-estancia-turistica-e-projeta-empregos\/","url_meta":{"origin":76685,"position":3},"title":"Cidade na regi\u00e3o de Ribeir\u00e3o Preto comemora t\u00edtulo de est\u00e2ncia tur\u00edstica e projeta empregos","author":"noticiasribeiraopreto.com.br","date":"31 de December de 2025","format":false,"excerpt":"A cidade de Sert\u00e3ozinho, na regi\u00e3o de Ribeir\u00e3o Preto, conquistou oficialmente o t\u00edtulo de est\u00e2ncia tur\u00edstica com a publica\u00e7\u00e3o no Di\u00e1rio Oficial do Estado, no \u00faltimo dia 26 de dezembro. Ap\u00f3s o projeto de lei do Governo de S\u00e3o Paulo ser aprovado pela Assembleia Legislativa, a cidade passa a integrar\u2026","rel":"","context":"In &quot;Not\u00edcias de Ribeir\u00e3o Preto-SP e Regi\u00e3o&quot;","block_context":{"text":"Not\u00edcias de Ribeir\u00e3o Preto-SP e Regi\u00e3o","link":"https:\/\/noticiasribeiraopreto.com.br\/index.php\/category\/noticias-de-ribeirao-preto-sp-e-regiao-ismael-colosi\/"},"img":{"alt_text":"","src":"https:\/\/i0.wp.com\/noticiasribeiraopreto.com.br\/wp-content\/uploads\/2025\/12\/WhatsApp-Image-2025-12-30-at-14.26.57_2025-12-30_18-58-40.webp.webp?fit=1200%2C675&ssl=1&resize=350%2C200","width":350,"height":200,"srcset":"https:\/\/i0.wp.com\/noticiasribeiraopreto.com.br\/wp-content\/uploads\/2025\/12\/WhatsApp-Image-2025-12-30-at-14.26.57_2025-12-30_18-58-40.webp.webp?fit=1200%2C675&ssl=1&resize=350%2C200 1x, https:\/\/i0.wp.com\/noticiasribeiraopreto.com.br\/wp-content\/uploads\/2025\/12\/WhatsApp-Image-2025-12-30-at-14.26.57_2025-12-30_18-58-40.webp.webp?fit=1200%2C675&ssl=1&resize=525%2C300 1.5x, https:\/\/i0.wp.com\/noticiasribeiraopreto.com.br\/wp-content\/uploads\/2025\/12\/WhatsApp-Image-2025-12-30-at-14.26.57_2025-12-30_18-58-40.webp.webp?fit=1200%2C675&ssl=1&resize=700%2C400 2x, https:\/\/i0.wp.com\/noticiasribeiraopreto.com.br\/wp-content\/uploads\/2025\/12\/WhatsApp-Image-2025-12-30-at-14.26.57_2025-12-30_18-58-40.webp.webp?fit=1200%2C675&ssl=1&resize=1050%2C600 3x"},"classes":[]},{"id":71355,"url":"https:\/\/noticiasribeiraopreto.com.br\/index.php\/2025\/06\/05\/jornal-da-franca-regiao-de-franca-registra-saldo-negativo-de-467-empregos-formais-em-abril-de-2025\/","url_meta":{"origin":76685,"position":4},"title":"Jornal da Franca &#8211; Regi\u00e3o de Franca registra saldo negativo de 467 empregos formais em abril de 2025","author":"noticiasribeiraopreto.com.br","date":"5 de June de 2025","format":false,"excerpt":"compartilhar no whatsapp compartilhar no telegram compartilhar no facebook compartilhar no linkedin Os setores que apresentaram resultados positivos na gera\u00e7\u00e3o de empregos na regi\u00e3o de Franca foram o com\u00e9rcio (180) e servi\u00e7os (138). Divulga\u00e7\u00e3o da Funda\u00e7\u00e3o Seade sobre o emprego com carteira assinada no Estado de S\u00e3o Paulo, com base\u2026","rel":"","context":"In &quot;Not\u00edcias de Franca-SP&quot;","block_context":{"text":"Not\u00edcias de Franca-SP","link":"https:\/\/noticiasribeiraopreto.com.br\/index.php\/category\/noticias-de-ribeirao-preto-sp-e-regiao-ismael-colosi\/noticias-franca-sp\/"},"img":{"alt_text":"","src":"https:\/\/i0.wp.com\/noticiasribeiraopreto.com.br\/wp-content\/uploads\/2025\/06\/carteira_de_trabalho_07122000711.jpg?fit=1170%2C700&ssl=1&resize=350%2C200","width":350,"height":200,"srcset":"https:\/\/i0.wp.com\/noticiasribeiraopreto.com.br\/wp-content\/uploads\/2025\/06\/carteira_de_trabalho_07122000711.jpg?fit=1170%2C700&ssl=1&resize=350%2C200 1x, https:\/\/i0.wp.com\/noticiasribeiraopreto.com.br\/wp-content\/uploads\/2025\/06\/carteira_de_trabalho_07122000711.jpg?fit=1170%2C700&ssl=1&resize=525%2C300 1.5x, https:\/\/i0.wp.com\/noticiasribeiraopreto.com.br\/wp-content\/uploads\/2025\/06\/carteira_de_trabalho_07122000711.jpg?fit=1170%2C700&ssl=1&resize=700%2C400 2x, https:\/\/i0.wp.com\/noticiasribeiraopreto.com.br\/wp-content\/uploads\/2025\/06\/carteira_de_trabalho_07122000711.jpg?fit=1170%2C700&ssl=1&resize=1050%2C600 3x"},"classes":[]},{"id":77232,"url":"https:\/\/noticiasribeiraopreto.com.br\/index.php\/2025\/09\/14\/incendio-em-area-de-preservacao-e-extinto-na-regiao-de-ribeirao-preto-video\/","url_meta":{"origin":76685,"position":5},"title":"Inc\u00eandio em \u00e1rea de preserva\u00e7\u00e3o \u00e9 extinto na regi\u00e3o de Ribeir\u00e3o Preto; V\u00eddeo","author":"noticiasribeiraopreto.com.br","date":"14 de September de 2025","format":false,"excerpt":"*Not\u00edcia atualizada \u00e0s 14h50 de 14 de setembro de 2025.A Defesa Civil de S\u00e3o Paulo informou que neste domingo (14) seguem as ocorr\u00eancias de inc\u00eandio em vegeta\u00e7\u00e3o no estado. Mas, as chamas em uma APP (\u00c1rea de Preserva\u00e7\u00e3o Permanente) de Cajuru, na regi\u00e3o de Ribeir\u00e3o Preto, foram extintas por volta\u2026","rel":"","context":"In &quot;Not\u00edcias de Ribeir\u00e3o Preto-SP e Regi\u00e3o&quot;","block_context":{"text":"Not\u00edcias de Ribeir\u00e3o Preto-SP e Regi\u00e3o","link":"https:\/\/noticiasribeiraopreto.com.br\/index.php\/category\/noticias-de-ribeirao-preto-sp-e-regiao-ismael-colosi\/"},"img":{"alt_text":"","src":"https:\/\/i0.wp.com\/noticiasribeiraopreto.com.br\/wp-content\/uploads\/2025\/09\/app-cajuru_2025-09-14_16-57-56.webp.webp?fit=1200%2C774&ssl=1&resize=350%2C200","width":350,"height":200,"srcset":"https:\/\/i0.wp.com\/noticiasribeiraopreto.com.br\/wp-content\/uploads\/2025\/09\/app-cajuru_2025-09-14_16-57-56.webp.webp?fit=1200%2C774&ssl=1&resize=350%2C200 1x, https:\/\/i0.wp.com\/noticiasribeiraopreto.com.br\/wp-content\/uploads\/2025\/09\/app-cajuru_2025-09-14_16-57-56.webp.webp?fit=1200%2C774&ssl=1&resize=525%2C300 1.5x, https:\/\/i0.wp.com\/noticiasribeiraopreto.com.br\/wp-content\/uploads\/2025\/09\/app-cajuru_2025-09-14_16-57-56.webp.webp?fit=1200%2C774&ssl=1&resize=700%2C400 2x, https:\/\/i0.wp.com\/noticiasribeiraopreto.com.br\/wp-content\/uploads\/2025\/09\/app-cajuru_2025-09-14_16-57-56.webp.webp?fit=1200%2C774&ssl=1&resize=1050%2C600 3x"},"classes":[]}],"jetpack_sharing_enabled":true,"jetpack_shortlink":"https:\/\/wp.me\/peQAOb-jWR","_links":{"self":[{"href":"https:\/\/noticiasribeiraopreto.com.br\/index.php\/wp-json\/wp\/v2\/posts\/76685","targetHints":{"allow":["GET"]}}],"collection":[{"href":"https:\/\/noticiasribeiraopreto.com.br\/index.php\/wp-json\/wp\/v2\/posts"}],"about":[{"href":"https:\/\/noticiasribeiraopreto.com.br\/index.php\/wp-json\/wp\/v2\/types\/post"}],"author":[{"embeddable":true,"href":"https:\/\/noticiasribeiraopreto.com.br\/index.php\/wp-json\/wp\/v2\/users\/1"}],"replies":[{"embeddable":true,"href":"https:\/\/noticiasribeiraopreto.com.br\/index.php\/wp-json\/wp\/v2\/comments?post=76685"}],"version-history":[{"count":0,"href":"https:\/\/noticiasribeiraopreto.com.br\/index.php\/wp-json\/wp\/v2\/posts\/76685\/revisions"}],"wp:featuredmedia":[{"embeddable":true,"href":"https:\/\/noticiasribeiraopreto.com.br\/index.php\/wp-json\/wp\/v2\/media\/76686"}],"wp:attachment":[{"href":"https:\/\/noticiasribeiraopreto.com.br\/index.php\/wp-json\/wp\/v2\/media?parent=76685"}],"wp:term":[{"taxonomy":"category","embeddable":true,"href":"https:\/\/noticiasribeiraopreto.com.br\/index.php\/wp-json\/wp\/v2\/categories?post=76685"},{"taxonomy":"post_tag","embeddable":true,"href":"https:\/\/noticiasribeiraopreto.com.br\/index.php\/wp-json\/wp\/v2\/tags?post=76685"}],"curies":[{"name":"wp","href":"https:\/\/api.w.org\/{rel}","templated":true}]}}