{"id":76687,"date":"2025-09-03T12:37:16","date_gmt":"2025-09-03T15:37:16","guid":{"rendered":"https:\/\/noticiasribeiraopreto.com.br\/index.php\/2025\/09\/03\/policia-civil-cumpre-mandados-em-ribeirao-e-regiao-contra-quadrilha-de-fraudes-eletronicas\/"},"modified":"2025-09-03T12:37:16","modified_gmt":"2025-09-03T15:37:16","slug":"policia-civil-cumpre-mandados-em-ribeirao-e-regiao-contra-quadrilha-de-fraudes-eletronicas","status":"publish","type":"post","link":"https:\/\/noticiasribeiraopreto.com.br\/index.php\/2025\/09\/03\/policia-civil-cumpre-mandados-em-ribeirao-e-regiao-contra-quadrilha-de-fraudes-eletronicas\/","title":{"rendered":"Pol\u00edcia Civil cumpre mandados em Ribeir\u00e3o e regi\u00e3o contra quadrilha de fraudes eletr\u00f4nicas"},"content":{"rendered":"<div class='code-block code-block-1' style='margin: 8px 0 8px auto; text-align: right; display: block; clear: both;'>\n<p><a href=\"https:\/\/wa.link\/vpicfd\"><img data-recalc-dims=\"1\" class=\"wp-image-4922\" style=\"aspect-ratio: 2.0253164556962027; width: 561px; height: auto;\" src=\"https:\/\/i0.wp.com\/ismaelcolosi.com.br\/wp-content\/uploads\/2023\/11\/grupo-de-empregos-whatsapp-e-facebook-ismael-colosi-vagas.jpg?ssl=1\" alt=\"\" \/><\/a><\/p>\n<!-- \/wp:image -->\n<\/div>\n<p> <br \/>\n<\/p>\n<div>\n<p>A<strong> Pol\u00edcia Civil do Paran\u00e1<\/strong> cumpre, nesta quarta-feira (3), 189 mandados judiciais contra uma organiza\u00e7\u00e3o <strong>criminosa especializada em golpes eletr\u00f4nicos<\/strong> e <strong>lavagem de dinheiro<\/strong>.<\/p>\n<p><mark style=\"background-color:#fcb900\" class=\"has-inline-color\">Na regi\u00e3o, est\u00e3o sendo cumpridos <strong>14 mandados de busca e apreens\u00e3o<\/strong> e <strong>seis mandados de pris\u00e3o<\/strong> em <strong>Ribeir\u00e3o Preto<\/strong>, <strong>Serrana <\/strong>e <strong>Orl\u00e2ndia<\/strong>.<\/mark> De acordo com as investiga\u00e7\u00f5es, os criminosos s\u00e3o respons\u00e1veis por causar um preju\u00edzo de <strong>R$ 5,4 milh\u00f5es<\/strong> \u00e0s v\u00edtimas.<\/p>\n<p>Todo o material apreendido deve fundamental para novas etapas da investiga\u00e7\u00e3o. As ordens judiciais foram expedidas ap\u00f3s <strong>dois anos de investiga\u00e7\u00e3o<\/strong> conduzida pela <strong>PCPR<\/strong>.<\/p>\n<h2 class=\"wp-block-heading\"><strong>Como era o golpe?<\/strong><\/h2>\n<p>De acordo com as informa\u00e7\u00f5es, o grupo utilizava diferentes m\u00e9todos para obter <strong>acesso a contas banc\u00e1rias<\/strong> e, em seguida, pulverizava os valores em v\u00e1rias contas, numa pr\u00e1tica de lavagem conhecida por <strong>dificultar o bloqueio e o rastreamento<\/strong>.<\/p>\n<p><mark style=\"background-color:#fcb900\" class=\"has-inline-color\">Em <strong>Ribeir\u00e3o Preto<\/strong>, por exemplo, era onde funcionava o <strong>n\u00facleo financeiro da organiza\u00e7\u00e3o<\/strong><\/mark>. Eles acessavam as contas banc\u00e1rias de duas redes de postos de combust\u00edveis do Paran\u00e1 e transferiam o dinheiro para laranjas, que distribu\u00edam os valores entre outros laranjas, dificultando o rastreamento e a investiga\u00e7\u00e3o.<\/p>\n<h2 class=\"wp-block-heading\"><strong>L\u00edderes do estado S\u00e3o Paulo<\/strong><\/h2>\n<p>A investiga\u00e7\u00e3o ainda apontou l\u00edderes do estado de S\u00e3o Paulo como <strong>autores intelectuais dos golpes<\/strong>, respons\u00e1veis por <strong>coordenar <\/strong>a atua\u00e7\u00e3o nacional da quadrilha.<\/p>\n<p>Al\u00e9m disso, a <strong>PCPR <\/strong>identificou dezenas de pessoas envolvidas na associa\u00e7\u00e3o criminosa, respons\u00e1veis por <strong>ocultar <\/strong>e <strong>dissimular valores<\/strong>.<\/p>\n<p>Al\u00e9m do <strong>Paran\u00e1 <\/strong>e de <strong>S\u00e3o Paulo<\/strong>, a opera\u00e7\u00e3o tamb\u00e9m ocorre no <strong>Rio Grande do Sul<\/strong>, <strong>Santa Catarina<\/strong>, <strong>Rio de Janeiro<\/strong>, <strong>Distrito Federal<\/strong>, <strong>Goi\u00e1s<\/strong>, <strong>Par\u00e1<\/strong>, <strong>Tocantins <\/strong>e<strong> Maranh\u00e3o<\/strong>. A a\u00e7\u00e3o mobiliza mais de 500 policiais civis em todo o pa\u00eds.<\/p>\n<p><em>*Com informa\u00e7\u00f5es de F\u00e1bio Marchiselli, da CBN Ribeir\u00e3o<\/em><\/p>\n<hr class=\"wp-block-separator has-alpha-channel-opacity\"\/>\n<p>SAIBA MAIS<\/p>\n<p>Acidente de tr\u00e2nsito deixa rodovia Anhanguera parcialmente interditada<\/p>\n<h2 class=\"wp-block-heading\"><strong>FIQUE ON<\/strong><\/h2>\n<p>Fique ligado em tudo que acontece em Ribeir\u00e3o Preto e regi\u00e3o. Siga os perfis do\u00a0<strong>acidade on<\/strong>\u00a0no<a href=\"https:\/\/www.instagram.com\/acidadeonribeirao\" target=\"_blank\" rel=\"noreferrer noopener\">\u00a0Instagram\u00a0<\/a>e no\u00a0<a href=\"https:\/\/www.facebook.com\/acidadeonribeirao\/\" target=\"_blank\" rel=\"noreferrer noopener\">Facebook<\/a>.<\/p>\n<p>Receba not\u00edcias do<strong>\u00a0acidade on<\/strong>\u00a0no WhatsApp. Para entrar no grupo,\u00a0basta\u00a0<a href=\"https:\/\/chat.whatsapp.com\/I4nieTEMKlf50pJ28aMemC?mode=ac_t\" target=\"_blank\" rel=\"noreferrer noopener\">clicar aqui<\/a>. Ou, acesse o nosso\u00a0Canal\u00a0<a href=\"https:\/\/whatsapp.com\/channel\/0029Vb6IQl1JENyAeS57fk2p\" target=\"_blank\" rel=\"noreferrer noopener\">clicando aqui<\/a>.<\/p>\n<p>Fa\u00e7a uma den\u00fancia ou sugira uma reportagem sobre Ribeir\u00e3o Preto e regi\u00e3o pelo WhatsApp: 16 99117 7802.<\/p>\n<p>VEJA TAMB\u00c9M<\/p>\n<p>Ticiane Pinheiro fez qual personagem em \u2018Terra Nostra\u2019?<\/p>\n<p><!-- AI CONTENT END 1 -->\n<\/div>\n<p><script async src=\"\/\/www.instagram.com\/embed.js\"><\/script><br \/>\n<br \/><br \/>\n<br \/><a href=\"https:\/\/www.acidadeon.com\/ribeiraopreto\/cotidiano\/policia-civil-cumpre-mandados-em-ribeirao-e-regiao-contra-quadrilha-de-fraudes-eletronicas\/\">Source link <\/a><\/p>\n<!-- CONTENT END 1 -->\n","protected":false},"excerpt":{"rendered":"<p>A Pol\u00edcia Civil do Paran\u00e1 cumpre, nesta quarta-feira (3), 189 mandados judiciais contra uma organiza\u00e7\u00e3o criminosa especializada em golpes eletr\u00f4nicos e lavagem de dinheiro. Na&#8230;<\/p>\n","protected":false},"author":1,"featured_media":76688,"comment_status":"open","ping_status":"open","sticky":false,"template":"","format":"standard","meta":{"advanced_seo_description":"","jetpack_seo_html_title":"","jetpack_seo_noindex":false,"jetpack_post_was_ever_published":false,"_jetpack_newsletter_access":"","_jetpack_dont_email_post_to_subs":false,"_jetpack_newsletter_tier_id":0,"_jetpack_memberships_contains_paywalled_content":false,"_jetpack_memberships_contains_paid_content":false,"footnotes":"","jetpack_publicize_message":"","jetpack_publicize_feature_enabled":true,"jetpack_social_post_already_shared":true,"jetpack_social_options":{"image_generator_settings":{"template":"highway","default_image_id":0,"font":"","enabled":false},"version":2}},"categories":[11],"tags":[],"class_list":["post-76687","post","type-post","status-publish","format-standard","has-post-thumbnail","hentry","category-noticias-de-ribeirao-preto-sp-e-regiao-ismael-colosi"],"jetpack_publicize_connections":[],"jetpack_featured_media_url":"https:\/\/i0.wp.com\/noticiasribeiraopreto.com.br\/wp-content\/uploads\/2025\/09\/Copia-de-Copia-de-Copia-de-TAMANHO-EXATO-PARA-FOTOS-NO-SISTEMA-NOVO-2025-09-03T085902.829_2025-09-03_11-59-22.webp.webp?fit=1200%2C675&ssl=1","jetpack-related-posts":[{"id":75642,"url":"https:\/\/noticiasribeiraopreto.com.br\/index.php\/2025\/08\/13\/policia-civil-cumpre-7-mandados-de-prisao-contra-o-trafico-em-ribeirao-preto\/","url_meta":{"origin":76687,"position":0},"title":"Pol\u00edcia Civil cumpre 7 mandados de pris\u00e3o contra o tr\u00e1fico em Ribeir\u00e3o Preto","author":"noticiasribeiraopreto.com.br","date":"13 de August de 2025","format":false,"excerpt":"A Pol\u00edcia Civil deflagrou nesta quarta-feira (13) uma opera\u00e7\u00e3o contra o tr\u00e1fico de drogas e lavagem de dinheiro em Ribeir\u00e3o Preto. A a\u00e7\u00e3o da 2\u00aa Delegacia de Investiga\u00e7\u00f5es Sobre Entorpecentes, chamada Ribeir\u00e3o contra o Tr\u00e1fico, cumpre 17 mandados de busca e apreens\u00e3o e sete pris\u00f5es tempor\u00e1rias. At\u00e9 por volta das\u2026","rel":"","context":"In &quot;Not\u00edcias de Ribeir\u00e3o Preto-SP e Regi\u00e3o&quot;","block_context":{"text":"Not\u00edcias de Ribeir\u00e3o Preto-SP e Regi\u00e3o","link":"https:\/\/noticiasribeiraopreto.com.br\/index.php\/category\/noticias-de-ribeirao-preto-sp-e-regiao-ismael-colosi\/"},"img":{"alt_text":"","src":"https:\/\/i0.wp.com\/noticiasribeiraopreto.com.br\/wp-content\/uploads\/2025\/08\/WhatsApp-Image-2025-08-13-at-07.20.05-1_2025-08-13_10-56-26.webp.webp?fit=1200%2C900&ssl=1&resize=350%2C200","width":350,"height":200,"srcset":"https:\/\/i0.wp.com\/noticiasribeiraopreto.com.br\/wp-content\/uploads\/2025\/08\/WhatsApp-Image-2025-08-13-at-07.20.05-1_2025-08-13_10-56-26.webp.webp?fit=1200%2C900&ssl=1&resize=350%2C200 1x, https:\/\/i0.wp.com\/noticiasribeiraopreto.com.br\/wp-content\/uploads\/2025\/08\/WhatsApp-Image-2025-08-13-at-07.20.05-1_2025-08-13_10-56-26.webp.webp?fit=1200%2C900&ssl=1&resize=525%2C300 1.5x, https:\/\/i0.wp.com\/noticiasribeiraopreto.com.br\/wp-content\/uploads\/2025\/08\/WhatsApp-Image-2025-08-13-at-07.20.05-1_2025-08-13_10-56-26.webp.webp?fit=1200%2C900&ssl=1&resize=700%2C400 2x, https:\/\/i0.wp.com\/noticiasribeiraopreto.com.br\/wp-content\/uploads\/2025\/08\/WhatsApp-Image-2025-08-13-at-07.20.05-1_2025-08-13_10-56-26.webp.webp?fit=1200%2C900&ssl=1&resize=1050%2C600 3x"},"classes":[]},{"id":1204,"url":"https:\/\/noticiasribeiraopreto.com.br\/index.php\/2023\/11\/10\/policia-cumpre-mandado-contra-suspeito-de-roubo-em-joalheria-de-ribeirao-preto\/","url_meta":{"origin":76687,"position":1},"title":"Pol\u00edcia cumpre mandado contra suspeito de roubo em joalheria de Ribeir\u00e3o Preto","author":"noticiasribeiraopreto.com.br","date":"10 de November de 2023","format":false,"excerpt":"A Pol\u00edcia Civil cumpriu tr\u00eas mandados de busca e apreens\u00e3o nesta sexta-feira (10), na resid\u00eancia dos acusados de um roubo em uma joalheria no Centro de Ribeir\u00e3o Preto, em outubro deste ano. De acordo com a pol\u00edcia, as ordens judiciais foram cumpridas em um com\u00e9rcio que possivelmente teria recebido \u00e0s\u2026","rel":"","context":"In &quot;Not\u00edcias de Ribeir\u00e3o Preto-SP e Regi\u00e3o&quot;","block_context":{"text":"Not\u00edcias de Ribeir\u00e3o Preto-SP e Regi\u00e3o","link":"https:\/\/noticiasribeiraopreto.com.br\/index.php\/category\/noticias-de-ribeirao-preto-sp-e-regiao-ismael-colosi\/"},"img":{"alt_text":"","src":"https:\/\/i0.wp.com\/noticiasribeiraopreto.com.br\/wp-content\/uploads\/2023\/11\/coxpia_de_tamanho_exato_para_fotos_no_sistema_novo.png?fit=1200%2C675&ssl=1&resize=350%2C200","width":350,"height":200,"srcset":"https:\/\/i0.wp.com\/noticiasribeiraopreto.com.br\/wp-content\/uploads\/2023\/11\/coxpia_de_tamanho_exato_para_fotos_no_sistema_novo.png?fit=1200%2C675&ssl=1&resize=350%2C200 1x, https:\/\/i0.wp.com\/noticiasribeiraopreto.com.br\/wp-content\/uploads\/2023\/11\/coxpia_de_tamanho_exato_para_fotos_no_sistema_novo.png?fit=1200%2C675&ssl=1&resize=525%2C300 1.5x, https:\/\/i0.wp.com\/noticiasribeiraopreto.com.br\/wp-content\/uploads\/2023\/11\/coxpia_de_tamanho_exato_para_fotos_no_sistema_novo.png?fit=1200%2C675&ssl=1&resize=700%2C400 2x, https:\/\/i0.wp.com\/noticiasribeiraopreto.com.br\/wp-content\/uploads\/2023\/11\/coxpia_de_tamanho_exato_para_fotos_no_sistema_novo.png?fit=1200%2C675&ssl=1&resize=1050%2C600 3x"},"classes":[]},{"id":76692,"url":"https:\/\/noticiasribeiraopreto.com.br\/index.php\/2025\/09\/03\/quadrilha-que-desviou-r-5-milhoes-tinha-nucleo-em-ribeirao-diz-policia\/","url_meta":{"origin":76687,"position":2},"title":"Quadrilha que desviou R$ 5 milh\u00f5es tinha n\u00facleo em Ribeir\u00e3o, diz pol\u00edcia","author":"noticiasribeiraopreto.com.br","date":"3 de September de 2025","format":false,"excerpt":"De acordo com a Pol\u00edcia Civil, o n\u00facleo financeiro do grupo alvo de uma megaopera\u00e7\u00e3o nesta quarta-feira, suspeito de aplicar golpes eletr\u00f4nicos e lavar dinheiro, ficava em Ribeir\u00e3o Preto. A quadrilha teria causado um preju\u00edzo de R$ 5 milh\u00f5es \u00e0s v\u00edtimas. No total, a opera\u00e7\u00e3o cumpre 189 mandados judiciais, sendo\u2026","rel":"","context":"In &quot;Not\u00edcias de Ribeir\u00e3o Preto-SP e Regi\u00e3o&quot;","block_context":{"text":"Not\u00edcias de Ribeir\u00e3o Preto-SP e Regi\u00e3o","link":"https:\/\/noticiasribeiraopreto.com.br\/index.php\/category\/noticias-de-ribeirao-preto-sp-e-regiao-ismael-colosi\/"},"img":{"alt_text":"","src":"https:\/\/i0.wp.com\/noticiasribeiraopreto.com.br\/wp-content\/uploads\/2025\/09\/Copia-de-Copia-de-Copia-de-TAMANHO-EXATO-PARA-FOTOS-NO-SISTEMA-NOVO-2025-09-03T125241.926_2025-09-03_15-52-47.webp.webp?fit=1200%2C675&ssl=1&resize=350%2C200","width":350,"height":200,"srcset":"https:\/\/i0.wp.com\/noticiasribeiraopreto.com.br\/wp-content\/uploads\/2025\/09\/Copia-de-Copia-de-Copia-de-TAMANHO-EXATO-PARA-FOTOS-NO-SISTEMA-NOVO-2025-09-03T125241.926_2025-09-03_15-52-47.webp.webp?fit=1200%2C675&ssl=1&resize=350%2C200 1x, https:\/\/i0.wp.com\/noticiasribeiraopreto.com.br\/wp-content\/uploads\/2025\/09\/Copia-de-Copia-de-Copia-de-TAMANHO-EXATO-PARA-FOTOS-NO-SISTEMA-NOVO-2025-09-03T125241.926_2025-09-03_15-52-47.webp.webp?fit=1200%2C675&ssl=1&resize=525%2C300 1.5x, https:\/\/i0.wp.com\/noticiasribeiraopreto.com.br\/wp-content\/uploads\/2025\/09\/Copia-de-Copia-de-Copia-de-TAMANHO-EXATO-PARA-FOTOS-NO-SISTEMA-NOVO-2025-09-03T125241.926_2025-09-03_15-52-47.webp.webp?fit=1200%2C675&ssl=1&resize=700%2C400 2x, https:\/\/i0.wp.com\/noticiasribeiraopreto.com.br\/wp-content\/uploads\/2025\/09\/Copia-de-Copia-de-Copia-de-TAMANHO-EXATO-PARA-FOTOS-NO-SISTEMA-NOVO-2025-09-03T125241.926_2025-09-03_15-52-47.webp.webp?fit=1200%2C675&ssl=1&resize=1050%2C600 3x"},"classes":[]},{"id":34199,"url":"https:\/\/noticiasribeiraopreto.com.br\/index.php\/2024\/02\/01\/utm_sourcerssutm_mediumrssutm_campaignoperacao-hades-em-ribeirao-preto-cumpre-mandados-contra-organizacao-criminosa-investigada-pela-policia-de-alagoas\/","url_meta":{"origin":76687,"position":3},"title":"Opera\u00e7\u00e3o Hades em Ribeir\u00e3o Preto cumpre mandados contra organiza\u00e7\u00e3o criminosa investigada pela Pol\u00edcia de Alagoas \u2013 X Tudo Ribeir\u00e3o","author":"noticiasribeiraopreto.com.br","date":"1 de February de 2024","format":false,"excerpt":"A Pol\u00edcia Civil atrav\u00e9s do DEIC do Deinter 3 com apoio da PM cumpre na manh\u00e3 desta quinta-feira (1\/2), mandados de buscas e de pris\u00f5es contra uma organiza\u00e7\u00e3o criminosa investigada no estado de Alagoas.\u00a0 Segundo informa\u00e7\u00f5es da Pol\u00edcia, Opera\u00e7\u00e3o batizada como \u201cHades\u201d, chefiada pelo Departamento de Repress\u00e3o ao Crime Organizado\u2026","rel":"","context":"In &quot;Not\u00edcias de Ribeir\u00e3o Preto-SP e Regi\u00e3o&quot;","block_context":{"text":"Not\u00edcias de Ribeir\u00e3o Preto-SP e Regi\u00e3o","link":"https:\/\/noticiasribeiraopreto.com.br\/index.php\/category\/noticias-de-ribeirao-preto-sp-e-regiao-ismael-colosi\/"},"img":{"alt_text":"","src":"https:\/\/i0.wp.com\/noticiasribeiraopreto.com.br\/wp-content\/uploads\/2024\/02\/WhatsApp-Image-2024-02-01-at-07.36.56.jpeg?fit=1200%2C675&ssl=1&resize=350%2C200","width":350,"height":200,"srcset":"https:\/\/i0.wp.com\/noticiasribeiraopreto.com.br\/wp-content\/uploads\/2024\/02\/WhatsApp-Image-2024-02-01-at-07.36.56.jpeg?fit=1200%2C675&ssl=1&resize=350%2C200 1x, https:\/\/i0.wp.com\/noticiasribeiraopreto.com.br\/wp-content\/uploads\/2024\/02\/WhatsApp-Image-2024-02-01-at-07.36.56.jpeg?fit=1200%2C675&ssl=1&resize=525%2C300 1.5x, https:\/\/i0.wp.com\/noticiasribeiraopreto.com.br\/wp-content\/uploads\/2024\/02\/WhatsApp-Image-2024-02-01-at-07.36.56.jpeg?fit=1200%2C675&ssl=1&resize=700%2C400 2x, https:\/\/i0.wp.com\/noticiasribeiraopreto.com.br\/wp-content\/uploads\/2024\/02\/WhatsApp-Image-2024-02-01-at-07.36.56.jpeg?fit=1200%2C675&ssl=1&resize=1050%2C600 3x"},"classes":[]},{"id":48087,"url":"https:\/\/noticiasribeiraopreto.com.br\/index.php\/2024\/04\/30\/pf-de-ribeirao-cumpre-mandados-na-regiao-contra-crime-de-abuso-sexual-infantojuvenil\/","url_meta":{"origin":76687,"position":4},"title":"PF de Ribeir\u00e3o cumpre mandados na regi\u00e3o contra crime de abuso sexual infantojuvenil","author":"noticiasribeiraopreto.com.br","date":"30 de April de 2024","format":false,"excerpt":"A Pol\u00edcia Federal de Ribeir\u00e3o Preto cumpriu dois mandados de busca e apreens\u00e3o na casa de um homem investigado de praticar crime de abuso sexual infantojuvenil em Bebedouro. A a\u00e7\u00e3o aconteceu na manh\u00e3 desta ter\u00e7a-feira (30). Segundo a PF, os cumprimentos dos mandados ocorreu durante a Opera\u00e7\u00e3o \u201cHorus\u201d, que investiga\u2026","rel":"","context":"In &quot;Not\u00edcias de Ribeir\u00e3o Preto-SP e Regi\u00e3o&quot;","block_context":{"text":"Not\u00edcias de Ribeir\u00e3o Preto-SP e Regi\u00e3o","link":"https:\/\/noticiasribeiraopreto.com.br\/index.php\/category\/noticias-de-ribeirao-preto-sp-e-regiao-ismael-colosi\/"},"img":{"alt_text":"","src":"https:\/\/i0.wp.com\/noticiasribeiraopreto.com.br\/wp-content\/uploads\/2024\/04\/Copia-de-Copia-de-TAMANHO-EXATO-PARA-FOTOS-NO-SISTEMA-NOVO-3-2_2024-04-30_18-58-07_png.webp.webp?fit=1200%2C675&ssl=1&resize=350%2C200","width":350,"height":200,"srcset":"https:\/\/i0.wp.com\/noticiasribeiraopreto.com.br\/wp-content\/uploads\/2024\/04\/Copia-de-Copia-de-TAMANHO-EXATO-PARA-FOTOS-NO-SISTEMA-NOVO-3-2_2024-04-30_18-58-07_png.webp.webp?fit=1200%2C675&ssl=1&resize=350%2C200 1x, https:\/\/i0.wp.com\/noticiasribeiraopreto.com.br\/wp-content\/uploads\/2024\/04\/Copia-de-Copia-de-TAMANHO-EXATO-PARA-FOTOS-NO-SISTEMA-NOVO-3-2_2024-04-30_18-58-07_png.webp.webp?fit=1200%2C675&ssl=1&resize=525%2C300 1.5x, https:\/\/i0.wp.com\/noticiasribeiraopreto.com.br\/wp-content\/uploads\/2024\/04\/Copia-de-Copia-de-TAMANHO-EXATO-PARA-FOTOS-NO-SISTEMA-NOVO-3-2_2024-04-30_18-58-07_png.webp.webp?fit=1200%2C675&ssl=1&resize=700%2C400 2x, https:\/\/i0.wp.com\/noticiasribeiraopreto.com.br\/wp-content\/uploads\/2024\/04\/Copia-de-Copia-de-TAMANHO-EXATO-PARA-FOTOS-NO-SISTEMA-NOVO-3-2_2024-04-30_18-58-07_png.webp.webp?fit=1200%2C675&ssl=1&resize=1050%2C600 3x"},"classes":[]},{"id":58914,"url":"https:\/\/noticiasribeiraopreto.com.br\/index.php\/2024\/10\/09\/operacoes-contra-lavagem-de-dinheiro-miram-faccoes-na-regiao-de-ribeirao\/","url_meta":{"origin":76687,"position":5},"title":"Opera\u00e7\u00f5es contra lavagem de dinheiro miram fac\u00e7\u00f5es na regi\u00e3o de Ribeir\u00e3o","author":"noticiasribeiraopreto.com.br","date":"9 de October de 2024","format":false,"excerpt":"Duas opera\u00e7\u00f5es nacionais deflagradas nesta quarta-feira (9) cumprem mandados de pris\u00e3o e de busca e apreens\u00e3o em Franca, cidade a aproximadamente 80 quil\u00f4metros de Ribeir\u00e3o Preto. As a\u00e7\u00f5es, batizadas Privilege e Alca\u00e7aria, t\u00eam o objetivo de desarticular uma rede de lavagem de dinheiro ligada a fac\u00e7\u00f5es criminosas. A For\u00e7a-Tarefa de\u2026","rel":"","context":"In &quot;Not\u00edcias de Ribeir\u00e3o Preto-SP e Regi\u00e3o&quot;","block_context":{"text":"Not\u00edcias de Ribeir\u00e3o Preto-SP e Regi\u00e3o","link":"https:\/\/noticiasribeiraopreto.com.br\/index.php\/category\/noticias-de-ribeirao-preto-sp-e-regiao-ismael-colosi\/"},"img":{"alt_text":"","src":"https:\/\/i0.wp.com\/noticiasribeiraopreto.com.br\/wp-content\/uploads\/2024\/10\/OPERACAO_2024-10-09_13-24-29_jpg_2024-10-09_13-24-29.webp.webp?fit=1200%2C774&ssl=1&resize=350%2C200","width":350,"height":200,"srcset":"https:\/\/i0.wp.com\/noticiasribeiraopreto.com.br\/wp-content\/uploads\/2024\/10\/OPERACAO_2024-10-09_13-24-29_jpg_2024-10-09_13-24-29.webp.webp?fit=1200%2C774&ssl=1&resize=350%2C200 1x, https:\/\/i0.wp.com\/noticiasribeiraopreto.com.br\/wp-content\/uploads\/2024\/10\/OPERACAO_2024-10-09_13-24-29_jpg_2024-10-09_13-24-29.webp.webp?fit=1200%2C774&ssl=1&resize=525%2C300 1.5x, https:\/\/i0.wp.com\/noticiasribeiraopreto.com.br\/wp-content\/uploads\/2024\/10\/OPERACAO_2024-10-09_13-24-29_jpg_2024-10-09_13-24-29.webp.webp?fit=1200%2C774&ssl=1&resize=700%2C400 2x, https:\/\/i0.wp.com\/noticiasribeiraopreto.com.br\/wp-content\/uploads\/2024\/10\/OPERACAO_2024-10-09_13-24-29_jpg_2024-10-09_13-24-29.webp.webp?fit=1200%2C774&ssl=1&resize=1050%2C600 3x"},"classes":[]}],"jetpack_sharing_enabled":true,"jetpack_shortlink":"https:\/\/wp.me\/peQAOb-jWT","_links":{"self":[{"href":"https:\/\/noticiasribeiraopreto.com.br\/index.php\/wp-json\/wp\/v2\/posts\/76687","targetHints":{"allow":["GET"]}}],"collection":[{"href":"https:\/\/noticiasribeiraopreto.com.br\/index.php\/wp-json\/wp\/v2\/posts"}],"about":[{"href":"https:\/\/noticiasribeiraopreto.com.br\/index.php\/wp-json\/wp\/v2\/types\/post"}],"author":[{"embeddable":true,"href":"https:\/\/noticiasribeiraopreto.com.br\/index.php\/wp-json\/wp\/v2\/users\/1"}],"replies":[{"embeddable":true,"href":"https:\/\/noticiasribeiraopreto.com.br\/index.php\/wp-json\/wp\/v2\/comments?post=76687"}],"version-history":[{"count":0,"href":"https:\/\/noticiasribeiraopreto.com.br\/index.php\/wp-json\/wp\/v2\/posts\/76687\/revisions"}],"wp:featuredmedia":[{"embeddable":true,"href":"https:\/\/noticiasribeiraopreto.com.br\/index.php\/wp-json\/wp\/v2\/media\/76688"}],"wp:attachment":[{"href":"https:\/\/noticiasribeiraopreto.com.br\/index.php\/wp-json\/wp\/v2\/media?parent=76687"}],"wp:term":[{"taxonomy":"category","embeddable":true,"href":"https:\/\/noticiasribeiraopreto.com.br\/index.php\/wp-json\/wp\/v2\/categories?post=76687"},{"taxonomy":"post_tag","embeddable":true,"href":"https:\/\/noticiasribeiraopreto.com.br\/index.php\/wp-json\/wp\/v2\/tags?post=76687"}],"curies":[{"name":"wp","href":"https:\/\/api.w.org\/{rel}","templated":true}]}}