{"id":76692,"date":"2025-09-03T15:00:55","date_gmt":"2025-09-03T18:00:55","guid":{"rendered":"https:\/\/noticiasribeiraopreto.com.br\/index.php\/2025\/09\/03\/quadrilha-que-desviou-r-5-milhoes-tinha-nucleo-em-ribeirao-diz-policia\/"},"modified":"2025-09-03T15:00:55","modified_gmt":"2025-09-03T18:00:55","slug":"quadrilha-que-desviou-r-5-milhoes-tinha-nucleo-em-ribeirao-diz-policia","status":"publish","type":"post","link":"https:\/\/noticiasribeiraopreto.com.br\/index.php\/2025\/09\/03\/quadrilha-que-desviou-r-5-milhoes-tinha-nucleo-em-ribeirao-diz-policia\/","title":{"rendered":"Quadrilha que desviou R$ 5 milh\u00f5es tinha n\u00facleo em Ribeir\u00e3o, diz pol\u00edcia"},"content":{"rendered":"<div class='code-block code-block-1' style='margin: 8px 0 8px auto; text-align: right; display: block; clear: both;'>\n<p><a href=\"https:\/\/wa.link\/vpicfd\"><img data-recalc-dims=\"1\" class=\"wp-image-4922\" style=\"aspect-ratio: 2.0253164556962027; width: 561px; height: auto;\" src=\"https:\/\/i0.wp.com\/ismaelcolosi.com.br\/wp-content\/uploads\/2023\/11\/grupo-de-empregos-whatsapp-e-facebook-ismael-colosi-vagas.jpg?ssl=1\" alt=\"\" \/><\/a><\/p>\n<!-- \/wp:image -->\n<\/div>\n<p> <br \/>\n<\/p>\n<div>\n<p>De acordo com a Pol\u00edcia Civil, <strong>o n\u00facleo financeiro <\/strong>do grupo alvo de uma megaopera\u00e7\u00e3o nesta quarta-feira, suspeito de aplicar golpes eletr\u00f4nicos e lavar dinheiro, <strong>ficava em Ribeir\u00e3o Preto<\/strong>. A quadrilha teria causado um preju\u00edzo de <strong>R$ 5 milh\u00f5es \u00e0s v\u00edtimas<\/strong>.<\/p>\n<p>No total, a opera\u00e7\u00e3o cumpre <strong>189 mandados judiciais<\/strong>, sendo 57 de pris\u00e3o e 132 de busca e apreens\u00e3o no Rio Grande do Sul, Santa Catarina, <strong>S\u00e3o Paulo<\/strong>, Rio de Janeiro, Distrito Federal, Goi\u00e1s, Par\u00e1, Tocantins e Maranh\u00e3o.<\/p>\n<p>Em <strong>Ribeir\u00e3o Preto<\/strong>, <strong>Serrana <\/strong>e <strong>Orl\u00e2ndia<\/strong>, foram cumpridos <strong>14 mandados de busca e apreens\u00e3o<\/strong> e <strong>seis mandados de pris\u00e3o<\/strong>. <mark style=\"background-color:#fcb900\" class=\"has-inline-color\">De acordo com as informa\u00e7\u00f5es da EPTV, <strong>quatro pessoas foram presas at\u00e9 o momento<\/strong> <strong>na regi\u00e3o<\/strong>.<\/mark><\/p>\n<h2 class=\"wp-block-heading\"><strong>N\u00facleo financeiro<\/strong><\/h2>\n<p><mark style=\"background-color:#fcb900\" class=\"has-inline-color\"><strong>Conforme a Pol\u00edcia Civil, o n\u00facleo financeiro dessa quadrilha ficava em Ribeir\u00e3o Preto<\/strong><\/mark>. O esquema funcionava pelo menos desde <strong>2023<\/strong>.  As investiga\u00e7\u00f5es apontaram que os criminosos acessavam as contas banc\u00e1rias de <strong>duas redes de postos de combust\u00edveis do Paran\u00e1 <\/strong>para desviar o dinheiro.<\/p>\n<p>Segundo o delegado Emmanoel David, os criminosos utilizavam diferentes m\u00e9todos para obter acesso a essas contas e pulverizavam os valores, \u201cnuma pr\u00e1tica de lavagem conhecida por dificultar o bloqueio e o rastreamento\u201d.<\/p>\n<figure class=\"wp-block-pullquote\">\n<blockquote>\n<p>Esses valores subtra\u00eddos das redes de postos de combust\u00edveis, eles eram transferidos para diversas contas e essas contas, por sua vez, continuavam com a rede de transfer\u00eancias, afim de atrapalhar a identifica\u00e7\u00e3o dos reais destinat\u00e1rios<\/p>\n<\/blockquote>\n<\/figure>\n<p>Emmanoel informou que os chefes da quadrilha, <strong>apontados como os \u2018autores intelectuais\u2019 do golpe<\/strong>, j\u00e1 foram presos. Ele destacou ainda que a pol\u00edcia conseguiu mapear toda a estrutura do grupo criminoso.<\/p>\n<p><em>*Com informa\u00e7\u00f5es de Patr\u00edcia Bonelli, da EPTV<\/em><\/p>\n<div class=\"wp-block-image\">\n<figure class=\"aligncenter size-large is-resized\"><img data-recalc-dims=\"1\" fetchpriority=\"high\" decoding=\"async\" width=\"1024\" height=\"475\" src=\"https:\/\/i0.wp.com\/cdn.media-acidadeon.com.br\/ribeiraopreto\/wp-content\/uploads\/sites\/3\/2025\/09\/WhatsApp-Image-2025-09-03-at-12.56.40-1_2025-09-03_15-58-20-1024x475.webp?resize=1024%2C475&#038;ssl=1\" alt=\"Pol\u00edcia Civil do Paran\u00e1 cumpriu mandado em Ribeir\u00e3o Preto - Foto: F\u00e1bio Marchiselli\/ CBN Ribeir\u00e3o.\" class=\"wp-image-127905\" style=\"width:654px\" title=\"Quadrilha que desviou R$ 5 milh\u00f5es tinha n\u00facleo em Ribeir\u00e3o, diz pol\u00edcia 1\" srcset=\"https:\/\/cdn.media-acidadeon.com.br\/ribeiraopreto\/wp-content\/uploads\/sites\/3\/2025\/09\/WhatsApp-Image-2025-09-03-at-12.56.40-1_2025-09-03_15-58-20-1024x475.webp 1024w, https:\/\/cdn.media-acidadeon.com.br\/ribeiraopreto\/wp-content\/uploads\/sites\/3\/2025\/09\/WhatsApp-Image-2025-09-03-at-12.56.40-1_2025-09-03_15-58-20-300x139.webp 300w, https:\/\/cdn.media-acidadeon.com.br\/ribeiraopreto\/wp-content\/uploads\/sites\/3\/2025\/09\/WhatsApp-Image-2025-09-03-at-12.56.40-1_2025-09-03_15-58-20-768x356.webp 768w, https:\/\/cdn.media-acidadeon.com.br\/ribeiraopreto\/wp-content\/uploads\/sites\/3\/2025\/09\/WhatsApp-Image-2025-09-03-at-12.56.40-1_2025-09-03_15-58-20-696x323.webp 696w, https:\/\/cdn.media-acidadeon.com.br\/ribeiraopreto\/wp-content\/uploads\/sites\/3\/2025\/09\/WhatsApp-Image-2025-09-03-at-12.56.40-1_2025-09-03_15-58-20-1068x496.webp 1068w, https:\/\/cdn.media-acidadeon.com.br\/ribeiraopreto\/wp-content\/uploads\/sites\/3\/2025\/09\/WhatsApp-Image-2025-09-03-at-12.56.40-1_2025-09-03_15-58-20.webp 1200w\" sizes=\"(max-width: 1024px) 100vw, 1024px\"\/><figcaption class=\"wp-element-caption\">Pol\u00edcia Civil do Paran\u00e1 cumpriu mandado em Ribeir\u00e3o Preto \u2013 Foto: F\u00e1bio Marchiselli\/ CBN Ribeir\u00e3o.<\/figcaption><\/figure>\n<\/div>\n<hr class=\"wp-block-separator has-alpha-channel-opacity\"\/>\n<p>SAIBA MAIS<\/p>\n<p>Pre\u00e7o do etanol sobe e deve pesar no bolso do consumidor, alerta ANPRP<\/p>\n<h2 class=\"wp-block-heading\"><strong>FIQUE ON<\/strong><\/h2>\n<p>Fique ligado em tudo que acontece em Ribeir\u00e3o Preto e regi\u00e3o. Siga os perfis do\u00a0<strong>acidade on<\/strong>\u00a0no<a href=\"https:\/\/www.instagram.com\/acidadeonribeirao\" target=\"_blank\" rel=\"noreferrer noopener\">\u00a0Instagram\u00a0<\/a>e no\u00a0<a href=\"https:\/\/www.facebook.com\/acidadeonribeirao\/\" target=\"_blank\" rel=\"noreferrer noopener\">Facebook<\/a>.<\/p>\n<p>Receba not\u00edcias do<strong>\u00a0acidade on<\/strong>\u00a0no WhatsApp. Para entrar no grupo,\u00a0basta\u00a0<a href=\"https:\/\/chat.whatsapp.com\/I4nieTEMKlf50pJ28aMemC?mode=ac_t\" target=\"_blank\" rel=\"noreferrer noopener\">clicar aqui<\/a>. Ou, acesse o nosso\u00a0Canal\u00a0<a href=\"https:\/\/whatsapp.com\/channel\/0029Vb6IQl1JENyAeS57fk2p\" target=\"_blank\" rel=\"noreferrer noopener\">clicando aqui<\/a>.<\/p>\n<p>Fa\u00e7a uma den\u00fancia ou sugira uma reportagem sobre Ribeir\u00e3o Preto e regi\u00e3o pelo WhatsApp: 16 99117 7802.<\/p>\n<p>VEJA TAMB\u00c9M<\/p>\n<p><!-- AI CONTENT END 1 -->\n<\/div>\n<p><script async src=\"\/\/www.instagram.com\/embed.js\"><\/script><br \/>\n<br \/><br \/>\n<br \/><a href=\"https:\/\/www.acidadeon.com\/ribeiraopreto\/cotidiano\/quadrilha-que-desviou-r-5-milhoes-tinha-nucleo-em-ribeirao-diz-policia\/\">Source link <\/a><\/p>\n<!-- CONTENT END 1 -->\n","protected":false},"excerpt":{"rendered":"<p>De acordo com a Pol\u00edcia Civil, o n\u00facleo financeiro do grupo alvo de uma megaopera\u00e7\u00e3o nesta quarta-feira, suspeito de aplicar golpes eletr\u00f4nicos e lavar dinheiro,&#8230;<\/p>\n","protected":false},"author":1,"featured_media":76693,"comment_status":"open","ping_status":"open","sticky":false,"template":"","format":"standard","meta":{"advanced_seo_description":"","jetpack_seo_html_title":"","jetpack_seo_noindex":false,"jetpack_post_was_ever_published":false,"_jetpack_newsletter_access":"","_jetpack_dont_email_post_to_subs":false,"_jetpack_newsletter_tier_id":0,"_jetpack_memberships_contains_paywalled_content":false,"_jetpack_memberships_contains_paid_content":false,"footnotes":"","jetpack_publicize_message":"","jetpack_publicize_feature_enabled":true,"jetpack_social_post_already_shared":true,"jetpack_social_options":{"image_generator_settings":{"template":"highway","default_image_id":0,"font":"","enabled":false},"version":2}},"categories":[11],"tags":[],"class_list":["post-76692","post","type-post","status-publish","format-standard","has-post-thumbnail","hentry","category-noticias-de-ribeirao-preto-sp-e-regiao-ismael-colosi"],"jetpack_publicize_connections":[],"jetpack_featured_media_url":"https:\/\/i0.wp.com\/noticiasribeiraopreto.com.br\/wp-content\/uploads\/2025\/09\/Copia-de-Copia-de-Copia-de-TAMANHO-EXATO-PARA-FOTOS-NO-SISTEMA-NOVO-2025-09-03T125241.926_2025-09-03_15-52-47.webp.webp?fit=1200%2C675&ssl=1","jetpack-related-posts":[{"id":76685,"url":"https:\/\/noticiasribeiraopreto.com.br\/index.php\/2025\/09\/03\/policia-do-parana-realiza-operacao-em-rp\/","url_meta":{"origin":76692,"position":0},"title":"Pol\u00edcia do Paran\u00e1 realiza opera\u00e7\u00e3o em RP","author":"noticiasribeiraopreto.com.br","date":"3 de September de 2025","format":false,"excerpt":"Regi\u00e3o foi alvo do cumprimento de 20 mandados de busca e apreens\u00e3o e de pris\u00e3o; quatro foram presos 3 de setembro de 2025 12:304 Compartilhar1 Por: Adalberto Luque Uma opera\u00e7\u00e3o conjunta, realizada pela Pol\u00edcia Civil do Paran\u00e1, com apoio de policiais civis da regi\u00e3o, foi realizada, na manh\u00e3 desta quarta-feira\u2026","rel":"","context":"In &quot;Not\u00edcias de Ribeir\u00e3o Preto-SP e Regi\u00e3o&quot;","block_context":{"text":"Not\u00edcias de Ribeir\u00e3o Preto-SP e Regi\u00e3o","link":"https:\/\/noticiasribeiraopreto.com.br\/index.php\/category\/noticias-de-ribeirao-preto-sp-e-regiao-ismael-colosi\/"},"img":{"alt_text":"","src":"https:\/\/i0.wp.com\/noticiasribeiraopreto.com.br\/wp-content\/uploads\/2025\/09\/03-set-2025-operacaopcpr1-scaled.jpg?fit=1200%2C670&ssl=1&resize=350%2C200","width":350,"height":200,"srcset":"https:\/\/i0.wp.com\/noticiasribeiraopreto.com.br\/wp-content\/uploads\/2025\/09\/03-set-2025-operacaopcpr1-scaled.jpg?fit=1200%2C670&ssl=1&resize=350%2C200 1x, https:\/\/i0.wp.com\/noticiasribeiraopreto.com.br\/wp-content\/uploads\/2025\/09\/03-set-2025-operacaopcpr1-scaled.jpg?fit=1200%2C670&ssl=1&resize=525%2C300 1.5x, https:\/\/i0.wp.com\/noticiasribeiraopreto.com.br\/wp-content\/uploads\/2025\/09\/03-set-2025-operacaopcpr1-scaled.jpg?fit=1200%2C670&ssl=1&resize=700%2C400 2x, https:\/\/i0.wp.com\/noticiasribeiraopreto.com.br\/wp-content\/uploads\/2025\/09\/03-set-2025-operacaopcpr1-scaled.jpg?fit=1200%2C670&ssl=1&resize=1050%2C600 3x"},"classes":[]},{"id":34440,"url":"https:\/\/noticiasribeiraopreto.com.br\/index.php\/2024\/02\/02\/rp-tem-nove-presos-em-operacao-nacional-contra-trafico\/","url_meta":{"origin":76692,"position":1},"title":"RP tem nove presos em opera\u00e7\u00e3o nacional contra tr\u00e1fico","author":"noticiasribeiraopreto.com.br","date":"2 de February de 2024","format":false,"excerpt":"Por: Adalberto Luque e Alfredo RiskPol\u00edcias Civil e Militar deflagraram, no final da madrugada desta quinta-feira (01), uma megaopera\u00e7\u00e3o contra organiza\u00e7\u00e3o criminosa. O grupo \u00e9 investigado por tr\u00e1fico de drogas e lavagem de dinheiro. A opera\u00e7\u00e3o \u201cHades\u201d foi realizada em diversos estados brasileiros.Para a a\u00e7\u00e3o foram mobilizadas equipes da Divis\u00e3o\u2026","rel":"","context":"In &quot;Not\u00edcias de Ribeir\u00e3o Preto-SP e Regi\u00e3o&quot;","block_context":{"text":"Not\u00edcias de Ribeir\u00e3o Preto-SP e Regi\u00e3o","link":"https:\/\/noticiasribeiraopreto.com.br\/index.php\/category\/noticias-de-ribeirao-preto-sp-e-regiao-ismael-colosi\/"},"img":{"alt_text":"","src":"https:\/\/i0.wp.com\/noticiasribeiraopreto.com.br\/wp-content\/uploads\/2024\/02\/00-01-fev-2024-crime-org-alagoas-05-foto-Alfredo-Risk-scaled.jpg?fit=967%2C645&ssl=1&resize=350%2C200","width":350,"height":200,"srcset":"https:\/\/i0.wp.com\/noticiasribeiraopreto.com.br\/wp-content\/uploads\/2024\/02\/00-01-fev-2024-crime-org-alagoas-05-foto-Alfredo-Risk-scaled.jpg?fit=967%2C645&ssl=1&resize=350%2C200 1x, https:\/\/i0.wp.com\/noticiasribeiraopreto.com.br\/wp-content\/uploads\/2024\/02\/00-01-fev-2024-crime-org-alagoas-05-foto-Alfredo-Risk-scaled.jpg?fit=967%2C645&ssl=1&resize=525%2C300 1.5x, https:\/\/i0.wp.com\/noticiasribeiraopreto.com.br\/wp-content\/uploads\/2024\/02\/00-01-fev-2024-crime-org-alagoas-05-foto-Alfredo-Risk-scaled.jpg?fit=967%2C645&ssl=1&resize=700%2C400 2x"},"classes":[]},{"id":76687,"url":"https:\/\/noticiasribeiraopreto.com.br\/index.php\/2025\/09\/03\/policia-civil-cumpre-mandados-em-ribeirao-e-regiao-contra-quadrilha-de-fraudes-eletronicas\/","url_meta":{"origin":76692,"position":2},"title":"Pol\u00edcia Civil cumpre mandados em Ribeir\u00e3o e regi\u00e3o contra quadrilha de fraudes eletr\u00f4nicas","author":"noticiasribeiraopreto.com.br","date":"3 de September de 2025","format":false,"excerpt":"A Pol\u00edcia Civil do Paran\u00e1 cumpre, nesta quarta-feira (3), 189 mandados judiciais contra uma organiza\u00e7\u00e3o criminosa especializada em golpes eletr\u00f4nicos e lavagem de dinheiro. Na regi\u00e3o, est\u00e3o sendo cumpridos 14 mandados de busca e apreens\u00e3o e seis mandados de pris\u00e3o em Ribeir\u00e3o Preto, Serrana e Orl\u00e2ndia. De acordo com as\u2026","rel":"","context":"In &quot;Not\u00edcias de Ribeir\u00e3o Preto-SP e Regi\u00e3o&quot;","block_context":{"text":"Not\u00edcias de Ribeir\u00e3o Preto-SP e Regi\u00e3o","link":"https:\/\/noticiasribeiraopreto.com.br\/index.php\/category\/noticias-de-ribeirao-preto-sp-e-regiao-ismael-colosi\/"},"img":{"alt_text":"","src":"https:\/\/i0.wp.com\/noticiasribeiraopreto.com.br\/wp-content\/uploads\/2025\/09\/Copia-de-Copia-de-Copia-de-TAMANHO-EXATO-PARA-FOTOS-NO-SISTEMA-NOVO-2025-09-03T085902.829_2025-09-03_11-59-22.webp.webp?fit=1200%2C675&ssl=1&resize=350%2C200","width":350,"height":200,"srcset":"https:\/\/i0.wp.com\/noticiasribeiraopreto.com.br\/wp-content\/uploads\/2025\/09\/Copia-de-Copia-de-Copia-de-TAMANHO-EXATO-PARA-FOTOS-NO-SISTEMA-NOVO-2025-09-03T085902.829_2025-09-03_11-59-22.webp.webp?fit=1200%2C675&ssl=1&resize=350%2C200 1x, https:\/\/i0.wp.com\/noticiasribeiraopreto.com.br\/wp-content\/uploads\/2025\/09\/Copia-de-Copia-de-Copia-de-TAMANHO-EXATO-PARA-FOTOS-NO-SISTEMA-NOVO-2025-09-03T085902.829_2025-09-03_11-59-22.webp.webp?fit=1200%2C675&ssl=1&resize=525%2C300 1.5x, https:\/\/i0.wp.com\/noticiasribeiraopreto.com.br\/wp-content\/uploads\/2025\/09\/Copia-de-Copia-de-Copia-de-TAMANHO-EXATO-PARA-FOTOS-NO-SISTEMA-NOVO-2025-09-03T085902.829_2025-09-03_11-59-22.webp.webp?fit=1200%2C675&ssl=1&resize=700%2C400 2x, https:\/\/i0.wp.com\/noticiasribeiraopreto.com.br\/wp-content\/uploads\/2025\/09\/Copia-de-Copia-de-Copia-de-TAMANHO-EXATO-PARA-FOTOS-NO-SISTEMA-NOVO-2025-09-03T085902.829_2025-09-03_11-59-22.webp.webp?fit=1200%2C675&ssl=1&resize=1050%2C600 3x"},"classes":[]},{"id":82876,"url":"https:\/\/noticiasribeiraopreto.com.br\/index.php\/2026\/03\/02\/operacao-contra-quadrilha-de-furto-de-combustiveis-prende-dois-suspeitos-em-ribeirao-preto\/","url_meta":{"origin":76692,"position":3},"title":"Opera\u00e7\u00e3o contra quadrilha de furto de combust\u00edveis prende dois suspeitos em Ribeir\u00e3o Preto","author":"noticiasribeiraopreto.com.br","date":"2 de March de 2026","format":false,"excerpt":"A Pol\u00edcia Civil prendeu dois suspeitos em Ribeir\u00e3o Preto, durante a opera\u00e7\u00e3o Sangria deflagrada na manh\u00e3 desta segunda-feira (2) contra uma quadrilha apontada por furtar combust\u00edveis em dutos da empresa Transpetro e causar preju\u00edzo de mais de R$ 5 milh\u00f5es. As pris\u00f5es em Ribeir\u00e3o foram realizadas nos bairros Planalto Verde\u2026","rel":"","context":"In &quot;Not\u00edcias de Ribeir\u00e3o Preto-SP e Regi\u00e3o&quot;","block_context":{"text":"Not\u00edcias de Ribeir\u00e3o Preto-SP e Regi\u00e3o","link":"https:\/\/noticiasribeiraopreto.com.br\/index.php\/category\/noticias-de-ribeirao-preto-sp-e-regiao-ismael-colosi\/"},"img":{"alt_text":"","src":"https:\/\/i0.wp.com\/noticiasribeiraopreto.com.br\/wp-content\/uploads\/2026\/03\/POLICIA_2026-03-02_11-15-33.webp.webp?fit=1200%2C735&ssl=1&resize=350%2C200","width":350,"height":200,"srcset":"https:\/\/i0.wp.com\/noticiasribeiraopreto.com.br\/wp-content\/uploads\/2026\/03\/POLICIA_2026-03-02_11-15-33.webp.webp?fit=1200%2C735&ssl=1&resize=350%2C200 1x, https:\/\/i0.wp.com\/noticiasribeiraopreto.com.br\/wp-content\/uploads\/2026\/03\/POLICIA_2026-03-02_11-15-33.webp.webp?fit=1200%2C735&ssl=1&resize=525%2C300 1.5x, https:\/\/i0.wp.com\/noticiasribeiraopreto.com.br\/wp-content\/uploads\/2026\/03\/POLICIA_2026-03-02_11-15-33.webp.webp?fit=1200%2C735&ssl=1&resize=700%2C400 2x, https:\/\/i0.wp.com\/noticiasribeiraopreto.com.br\/wp-content\/uploads\/2026\/03\/POLICIA_2026-03-02_11-15-33.webp.webp?fit=1200%2C735&ssl=1&resize=1050%2C600 3x"},"classes":[]},{"id":82891,"url":"https:\/\/noticiasribeiraopreto.com.br\/index.php\/2026\/03\/02\/policia-desarticula-quadrilha-especializada-em-furto-de-combustiveis\/","url_meta":{"origin":76692,"position":4},"title":"Pol\u00edcia desarticula quadrilha especializada em furto de combust\u00edveis","author":"noticiasribeiraopreto.com.br","date":"2 de March de 2026","format":false,"excerpt":"\r A\u00e7\u00e3o foi realizada simultaneamente em sete cidades contra grupo que furtava combust\u00edvel de dutos da Transpetro S.A.; dois foram presos em RP\r \r 2 de mar\u00e7o de 2026 11:032 de mar\u00e7o de 2026 11:05 \r Compartilhar1 Por: Adalberto Luque A Pol\u00edcia Civil deflagrou nas primeiras horas da manh\u00e3 desta\u2026","rel":"","context":"In &quot;Not\u00edcias de Ribeir\u00e3o Preto-SP e Regi\u00e3o&quot;","block_context":{"text":"Not\u00edcias de Ribeir\u00e3o Preto-SP e Regi\u00e3o","link":"https:\/\/noticiasribeiraopreto.com.br\/index.php\/category\/noticias-de-ribeirao-preto-sp-e-regiao-ismael-colosi\/"},"img":{"alt_text":"","src":"https:\/\/i0.wp.com\/noticiasribeiraopreto.com.br\/wp-content\/uploads\/2026\/03\/02-mar-2026-furtocombustiveis1-scaled.jpg?fit=1200%2C675&ssl=1&resize=350%2C200","width":350,"height":200,"srcset":"https:\/\/i0.wp.com\/noticiasribeiraopreto.com.br\/wp-content\/uploads\/2026\/03\/02-mar-2026-furtocombustiveis1-scaled.jpg?fit=1200%2C675&ssl=1&resize=350%2C200 1x, https:\/\/i0.wp.com\/noticiasribeiraopreto.com.br\/wp-content\/uploads\/2026\/03\/02-mar-2026-furtocombustiveis1-scaled.jpg?fit=1200%2C675&ssl=1&resize=525%2C300 1.5x, https:\/\/i0.wp.com\/noticiasribeiraopreto.com.br\/wp-content\/uploads\/2026\/03\/02-mar-2026-furtocombustiveis1-scaled.jpg?fit=1200%2C675&ssl=1&resize=700%2C400 2x, https:\/\/i0.wp.com\/noticiasribeiraopreto.com.br\/wp-content\/uploads\/2026\/03\/02-mar-2026-furtocombustiveis1-scaled.jpg?fit=1200%2C675&ssl=1&resize=1050%2C600 3x"},"classes":[]},{"id":79096,"url":"https:\/\/noticiasribeiraopreto.com.br\/index.php\/2025\/10\/24\/policia-civil-faz-operacao-contra-quadrilha-que-assaltou-predio-no-centro-de-ribeirao-preto\/","url_meta":{"origin":76692,"position":5},"title":"Pol\u00edcia Civil faz opera\u00e7\u00e3o contra quadrilha que assaltou pr\u00e9dio no Centro de Ribeir\u00e3o Preto","author":"noticiasribeiraopreto.com.br","date":"24 de October de 2025","format":false,"excerpt":"A Pol\u00edcia Civil deflagrou nesta sexta-feira (24) a opera\u00e7\u00e3o Cercado contra suspeitos de integrarem uma quadrilha que assaltou moradores de um pr\u00e9dio residencial, no Centro de Ribeir\u00e3o Preto. O crime ocorreu h\u00e1 um m\u00eas, no \u00faltimo dia 24 de setembro. Est\u00e3o sendo cumpridos seis mandados de pris\u00e3o tempor\u00e1ria e 14\u2026","rel":"","context":"In &quot;Not\u00edcias de Ribeir\u00e3o Preto-SP e Regi\u00e3o&quot;","block_context":{"text":"Not\u00edcias de Ribeir\u00e3o Preto-SP e Regi\u00e3o","link":"https:\/\/noticiasribeiraopreto.com.br\/index.php\/category\/noticias-de-ribeirao-preto-sp-e-regiao-ismael-colosi\/"},"img":{"alt_text":"","src":"https:\/\/i0.wp.com\/noticiasribeiraopreto.com.br\/wp-content\/uploads\/2025\/10\/POLICIA-CIVIL_2025-10-24_09-40-54.webp.webp?fit=1200%2C836&ssl=1&resize=350%2C200","width":350,"height":200,"srcset":"https:\/\/i0.wp.com\/noticiasribeiraopreto.com.br\/wp-content\/uploads\/2025\/10\/POLICIA-CIVIL_2025-10-24_09-40-54.webp.webp?fit=1200%2C836&ssl=1&resize=350%2C200 1x, https:\/\/i0.wp.com\/noticiasribeiraopreto.com.br\/wp-content\/uploads\/2025\/10\/POLICIA-CIVIL_2025-10-24_09-40-54.webp.webp?fit=1200%2C836&ssl=1&resize=525%2C300 1.5x, https:\/\/i0.wp.com\/noticiasribeiraopreto.com.br\/wp-content\/uploads\/2025\/10\/POLICIA-CIVIL_2025-10-24_09-40-54.webp.webp?fit=1200%2C836&ssl=1&resize=700%2C400 2x, https:\/\/i0.wp.com\/noticiasribeiraopreto.com.br\/wp-content\/uploads\/2025\/10\/POLICIA-CIVIL_2025-10-24_09-40-54.webp.webp?fit=1200%2C836&ssl=1&resize=1050%2C600 3x"},"classes":[]}],"jetpack_sharing_enabled":true,"jetpack_shortlink":"https:\/\/wp.me\/peQAOb-jWY","_links":{"self":[{"href":"https:\/\/noticiasribeiraopreto.com.br\/index.php\/wp-json\/wp\/v2\/posts\/76692","targetHints":{"allow":["GET"]}}],"collection":[{"href":"https:\/\/noticiasribeiraopreto.com.br\/index.php\/wp-json\/wp\/v2\/posts"}],"about":[{"href":"https:\/\/noticiasribeiraopreto.com.br\/index.php\/wp-json\/wp\/v2\/types\/post"}],"author":[{"embeddable":true,"href":"https:\/\/noticiasribeiraopreto.com.br\/index.php\/wp-json\/wp\/v2\/users\/1"}],"replies":[{"embeddable":true,"href":"https:\/\/noticiasribeiraopreto.com.br\/index.php\/wp-json\/wp\/v2\/comments?post=76692"}],"version-history":[{"count":0,"href":"https:\/\/noticiasribeiraopreto.com.br\/index.php\/wp-json\/wp\/v2\/posts\/76692\/revisions"}],"wp:featuredmedia":[{"embeddable":true,"href":"https:\/\/noticiasribeiraopreto.com.br\/index.php\/wp-json\/wp\/v2\/media\/76693"}],"wp:attachment":[{"href":"https:\/\/noticiasribeiraopreto.com.br\/index.php\/wp-json\/wp\/v2\/media?parent=76692"}],"wp:term":[{"taxonomy":"category","embeddable":true,"href":"https:\/\/noticiasribeiraopreto.com.br\/index.php\/wp-json\/wp\/v2\/categories?post=76692"},{"taxonomy":"post_tag","embeddable":true,"href":"https:\/\/noticiasribeiraopreto.com.br\/index.php\/wp-json\/wp\/v2\/tags?post=76692"}],"curies":[{"name":"wp","href":"https:\/\/api.w.org\/{rel}","templated":true}]}}