{"id":76694,"date":"2025-09-03T15:07:08","date_gmt":"2025-09-03T18:07:08","guid":{"rendered":"https:\/\/noticiasribeiraopreto.com.br\/index.php\/2025\/09\/03\/programacao-do-fim-de-semana-do-sesi-ribeirao-conta-com-yoga-literatura-e-artes-visuais\/"},"modified":"2025-09-03T15:07:08","modified_gmt":"2025-09-03T18:07:08","slug":"programacao-do-fim-de-semana-do-sesi-ribeirao-conta-com-yoga-literatura-e-artes-visuais","status":"publish","type":"post","link":"https:\/\/noticiasribeiraopreto.com.br\/index.php\/2025\/09\/03\/programacao-do-fim-de-semana-do-sesi-ribeirao-conta-com-yoga-literatura-e-artes-visuais\/","title":{"rendered":"Programa\u00e7\u00e3o do fim de semana do Sesi Ribeir\u00e3o conta com yoga, literatura e artes visuais"},"content":{"rendered":"<div class='code-block code-block-1' style='margin: 8px 0 8px auto; text-align: right; display: block; clear: both;'>\n<p><a href=\"https:\/\/wa.link\/vpicfd\"><img data-recalc-dims=\"1\" class=\"wp-image-4922\" style=\"aspect-ratio: 2.0253164556962027; width: 561px; height: auto;\" src=\"https:\/\/i0.wp.com\/ismaelcolosi.com.br\/wp-content\/uploads\/2023\/11\/grupo-de-empregos-whatsapp-e-facebook-ismael-colosi-vagas.jpg?ssl=1\" alt=\"\" \/><\/a><\/p>\n<!-- \/wp:image -->\n<\/div>\n<p> <br \/>\n<\/p>\n<div data-td-block-uid=\"tdi_95\">\n<div class=\"tdb-block-inner td-fix-index\">\n<p>A programa\u00e7\u00e3o deste fim de semana no<strong> Sesi Ribeir\u00e3o Preto<\/strong> conta com atividades gratuitas e para curtir com a fam\u00edlia. Nos dias <strong>6 e 7 de setembro<\/strong>, a institui\u00e7\u00e3o oferece <mark style=\"background-color:#fcb900\" class=\"has-inline-color\">aul\u00e3o de yoga, oficina, feira de troca de livros e conta\u00e7\u00e3o de hist\u00f3rias infantis<\/mark>.<\/p>\n<h2 class=\"wp-block-heading\"><strong>Confira a programa\u00e7\u00e3o:<\/strong><\/h2>\n<h2 class=\"wp-block-heading\"><strong>Aul\u00e3o de Yoga<\/strong><\/h2>\n<ul class=\"wp-block-list\">\n<li><strong>S\u00e1bado (6), \u00e0s 9h, no Campo | rua Arthur Jos\u00e9 Suzana, S\/N<\/strong><\/li>\n<\/ul>\n<p>Para participar n\u00e3o \u00e9 necess\u00e1rio ter experi\u00eancia na pr\u00e1tica, basta vestir roupas confort\u00e1veis e levar uma canga, toalha ou tapete de yoga. \u00c9 importante ter uma garrafa de \u00e1gua para manter a hidrata\u00e7\u00e3o durante a atividade.<\/p>\n<h2 class=\"wp-block-heading\"><strong>Oficina \u2013 Frottage: impress\u00f5es do espa\u00e7o<\/strong><\/h2>\n<ul class=\"wp-block-list\">\n<li><strong>S\u00e1bado (6), \u00e0s 16h | rua Jo\u00e3o Ignacchitti, S\/N<\/strong><\/li>\n<\/ul>\n<p>A oficina tem o intuito de explorar a t\u00e9cnica da <strong><em>frottage<\/em><\/strong> (ou<strong><em> frotagem<\/em><\/strong>) para revelar as texturas ocultas da arquitetura e dos elementos que comp\u00f5em o exterior do <strong>Sesi<\/strong> a partir da fric\u00e7\u00e3o de um papel com giz de cera, transformando superf\u00edcies em imagens.<\/p>\n<h2 class=\"wp-block-heading\"><strong>Literatura \u2013 Feira de Troca de livro<\/strong><\/h2>\n<ul class=\"wp-block-list\">\n<li><strong>Domingo (7), das 14h \u00e0s 18h, no Centro Cultural | rua Jo\u00e3o Ignacchitti, S\/N<\/strong><\/li>\n<\/ul>\n<p>Para participar basta levar um livro usado e em boas condi\u00e7\u00f5es de conserva\u00e7\u00e3o. Cada livro d\u00e1 direito a um exemplar. N\u00e3o s\u00e3o aceitos livros did\u00e1ticos, de idiomas, dicion\u00e1rios, manuais e revistas. <mark style=\"background-color:#fcb900\" class=\"has-inline-color\">O evento ainda conta com um cantinho da leitura.<\/mark><\/p>\n<h2 class=\"wp-block-heading\"><strong>Conta\u00e7\u00e3o de hist\u00f3rias \u2013 Cursos, contos e lendas do Brasil<\/strong><\/h2>\n<ul class=\"wp-block-list\">\n<li><strong>Domingo (7), \u00e0s 16h, no Centro Cultural | rua Jo\u00e3o Ignacchitti, S\/N<\/strong><\/li>\n<\/ul>\n<p>A <strong>Cia Tricotando Palavras<\/strong> apresenta um repert\u00f3rio de contos populares do <strong>Brasil<\/strong>, como o surgimento do <strong>Guaran\u00e1<\/strong>, a rela\u00e7\u00e3o do <strong>Saci Perer\u00ea<\/strong> com o <strong>Tio Barnab\u00e9<\/strong> e o encanto da morena <strong>Iara<\/strong>.<\/p>\n<hr class=\"wp-block-separator has-alpha-channel-opacity\"\/>\n<p>SAIBA MAIS<br \/>Sesc Ribeir\u00e3o promove mostra com shows gratuitos de artistas da regi\u00e3o; Veja programa\u00e7\u00e3o<\/p>\n<h2 class=\"wp-block-heading\"><strong>FIQUE ON<\/strong><\/h2>\n<p>Fique ligado em tudo que acontece em Ribeir\u00e3o Preto e regi\u00e3o. Siga os perfis do\u00a0<strong>acidade on<\/strong>\u00a0no<a href=\"https:\/\/www.instagram.com\/acidadeonribeirao\" target=\"_blank\" rel=\"noreferrer noopener\">\u00a0Instagram\u00a0<\/a>e no\u00a0<a href=\"https:\/\/www.facebook.com\/acidadeonribeirao\/\" target=\"_blank\" rel=\"noreferrer noopener\">Facebook<\/a>.<\/p>\n<p>Receba not\u00edcias do<strong>\u00a0acidade on<\/strong>\u00a0no WhatsApp. Para entrar no grupo,\u00a0basta\u00a0<a href=\"https:\/\/chat.whatsapp.com\/I4nieTEMKlf50pJ28aMemC?mode=ac_t\" target=\"_blank\" rel=\"noreferrer noopener\">clicar aqui<\/a>. Ou, acesse o nosso\u00a0Canal\u00a0<a href=\"https:\/\/whatsapp.com\/channel\/0029Vb6IQl1JENyAeS57fk2p\" target=\"_blank\" rel=\"noreferrer noopener\">clicando aqui<\/a>.<\/p>\n<p>Fa\u00e7a uma den\u00fancia ou sugira uma reportagem sobre Ribeir\u00e3o Preto e regi\u00e3o pelo WhatsApp: 16 99117 7802.<\/p>\n<p>VEJA TAMB\u00c9M<\/p>\n<p>Por onde anda \u00c2ngela Vieira, a Janete de \u2018Terra Nostra\u2019?<\/p>\n<p><!-- AI CONTENT END 1 -->\n<\/div>\n<\/div>\n<p><script async src=\"\/\/www.instagram.com\/embed.js\"><\/script><br \/>\n<br \/><br \/>\n<br \/><a href=\"https:\/\/www.acidadeon.com\/ribeiraopreto\/lazer-e-cultura\/programacao-do-fim-de-semana-do-sesi-ribeirao-conta-com-yoga-literatura-e-artes-visuais\/\">Source link <\/a><\/p>\n<!-- CONTENT END 1 -->\n","protected":false},"excerpt":{"rendered":"<p>A programa\u00e7\u00e3o deste fim de semana no Sesi Ribeir\u00e3o Preto conta com atividades gratuitas e para curtir com a fam\u00edlia. Nos dias 6 e 7&#8230;<\/p>\n","protected":false},"author":1,"featured_media":76695,"comment_status":"open","ping_status":"open","sticky":false,"template":"","format":"standard","meta":{"advanced_seo_description":"","jetpack_seo_html_title":"","jetpack_seo_noindex":false,"jetpack_post_was_ever_published":false,"_jetpack_newsletter_access":"","_jetpack_dont_email_post_to_subs":false,"_jetpack_newsletter_tier_id":0,"_jetpack_memberships_contains_paywalled_content":false,"_jetpack_memberships_contains_paid_content":false,"footnotes":"","jetpack_publicize_message":"","jetpack_publicize_feature_enabled":true,"jetpack_social_post_already_shared":true,"jetpack_social_options":{"image_generator_settings":{"template":"highway","default_image_id":0,"font":"","enabled":false},"version":2}},"categories":[11],"tags":[],"class_list":["post-76694","post","type-post","status-publish","format-standard","has-post-thumbnail","hentry","category-noticias-de-ribeirao-preto-sp-e-regiao-ismael-colosi"],"jetpack_publicize_connections":[],"jetpack_featured_media_url":"https:\/\/i0.wp.com\/noticiasribeiraopreto.com.br\/wp-content\/uploads\/2025\/09\/WhatsApp-Image-2025-09-03-at-10.41.12_2025-09-03_14-47-59.webp.webp?fit=1200%2C801&ssl=1","jetpack-related-posts":[{"id":76800,"url":"https:\/\/noticiasribeiraopreto.com.br\/index.php\/2025\/09\/05\/shows-teatro-e-feira-onde-aproveitar-o-fim-de-semana-em-ribeirao\/","url_meta":{"origin":76694,"position":0},"title":"Shows, teatro e feira: onde aproveitar o fim de semana em Ribeir\u00e3o?","author":"noticiasribeiraopreto.com.br","date":"5 de September de 2025","format":false,"excerpt":"O fim de semana em Ribeir\u00e3o Preto conta com op\u00e7\u00f5es culturais para aproveitar com toda fam\u00edlia. Entre as op\u00e7\u00f5es, a cidade recebe show do rapper FBC, no Teatro de Arena, a segunda montagem da Mostra de Teatro da Alma (Academia Livre de M\u00fasica e Artes) e a feira especial aos\u2026","rel":"","context":"In &quot;Not\u00edcias de Ribeir\u00e3o Preto-SP e Regi\u00e3o&quot;","block_context":{"text":"Not\u00edcias de Ribeir\u00e3o Preto-SP e Regi\u00e3o","link":"https:\/\/noticiasribeiraopreto.com.br\/index.php\/category\/noticias-de-ribeirao-preto-sp-e-regiao-ismael-colosi\/"},"img":{"alt_text":"","src":"https:\/\/i0.wp.com\/noticiasribeiraopreto.com.br\/wp-content\/uploads\/2025\/09\/Copia-de-Copia-de-Copia-de-TAMANHO-EXATO-PARA-FOTOS-NO-SISTEMA-NOVO-2025-09-05T105334.705_2025-09-05_13-53-44.webp.webp?fit=1200%2C675&ssl=1&resize=350%2C200","width":350,"height":200,"srcset":"https:\/\/i0.wp.com\/noticiasribeiraopreto.com.br\/wp-content\/uploads\/2025\/09\/Copia-de-Copia-de-Copia-de-TAMANHO-EXATO-PARA-FOTOS-NO-SISTEMA-NOVO-2025-09-05T105334.705_2025-09-05_13-53-44.webp.webp?fit=1200%2C675&ssl=1&resize=350%2C200 1x, https:\/\/i0.wp.com\/noticiasribeiraopreto.com.br\/wp-content\/uploads\/2025\/09\/Copia-de-Copia-de-Copia-de-TAMANHO-EXATO-PARA-FOTOS-NO-SISTEMA-NOVO-2025-09-05T105334.705_2025-09-05_13-53-44.webp.webp?fit=1200%2C675&ssl=1&resize=525%2C300 1.5x, https:\/\/i0.wp.com\/noticiasribeiraopreto.com.br\/wp-content\/uploads\/2025\/09\/Copia-de-Copia-de-Copia-de-TAMANHO-EXATO-PARA-FOTOS-NO-SISTEMA-NOVO-2025-09-05T105334.705_2025-09-05_13-53-44.webp.webp?fit=1200%2C675&ssl=1&resize=700%2C400 2x, https:\/\/i0.wp.com\/noticiasribeiraopreto.com.br\/wp-content\/uploads\/2025\/09\/Copia-de-Copia-de-Copia-de-TAMANHO-EXATO-PARA-FOTOS-NO-SISTEMA-NOVO-2025-09-05T105334.705_2025-09-05_13-53-44.webp.webp?fit=1200%2C675&ssl=1&resize=1050%2C600 3x"},"classes":[]},{"id":52952,"url":"https:\/\/noticiasribeiraopreto.com.br\/index.php\/2024\/06\/14\/orquideas-parada-lgbt-e-tributo-a-michael-jackson-veja-a-agenda-do-fim-semana-em-ribeirao\/","url_meta":{"origin":76694,"position":1},"title":"Orqu\u00eddeas, Parada LGBT e tributo a Michael Jackson: Veja a agenda do fim semana em Ribeir\u00e3o","author":"noticiasribeiraopreto.com.br","date":"14 de June de 2024","format":false,"excerpt":"Ribeir\u00e3o Preto conta com uma programa\u00e7\u00e3o de eventos culturais e de lazer gratuitos e pagos neste fim de semana. Entre os destaques, est\u00e3o: Exposi\u00e7\u00e3o de Orqu\u00eddeas, Parada LGBTQIAP+ e Tributo ao Rei do Pop com Rodrigo Teaser. Confira: A tradicional Exposi\u00e7\u00e3o de Orqu\u00eddeas retorna a Ribeir\u00e3o a partir desta sexta-feira\u2026","rel":"","context":"In &quot;Not\u00edcias de Ribeir\u00e3o Preto-SP e Regi\u00e3o&quot;","block_context":{"text":"Not\u00edcias de Ribeir\u00e3o Preto-SP e Regi\u00e3o","link":"https:\/\/noticiasribeiraopreto.com.br\/index.php\/category\/noticias-de-ribeirao-preto-sp-e-regiao-ismael-colosi\/"},"img":{"alt_text":"","src":"https:\/\/i0.wp.com\/noticiasribeiraopreto.com.br\/wp-content\/uploads\/2024\/06\/Copia-de-Copia-de-TAMANHO-EXATO-PARA-FOTOS-NO-SISTEMA-NOVO-12_2024-06-14_12-24-00_jpg_2024-06-14_12-24-00.webp.webp?fit=1200%2C675&ssl=1&resize=350%2C200","width":350,"height":200,"srcset":"https:\/\/i0.wp.com\/noticiasribeiraopreto.com.br\/wp-content\/uploads\/2024\/06\/Copia-de-Copia-de-TAMANHO-EXATO-PARA-FOTOS-NO-SISTEMA-NOVO-12_2024-06-14_12-24-00_jpg_2024-06-14_12-24-00.webp.webp?fit=1200%2C675&ssl=1&resize=350%2C200 1x, https:\/\/i0.wp.com\/noticiasribeiraopreto.com.br\/wp-content\/uploads\/2024\/06\/Copia-de-Copia-de-TAMANHO-EXATO-PARA-FOTOS-NO-SISTEMA-NOVO-12_2024-06-14_12-24-00_jpg_2024-06-14_12-24-00.webp.webp?fit=1200%2C675&ssl=1&resize=525%2C300 1.5x, https:\/\/i0.wp.com\/noticiasribeiraopreto.com.br\/wp-content\/uploads\/2024\/06\/Copia-de-Copia-de-TAMANHO-EXATO-PARA-FOTOS-NO-SISTEMA-NOVO-12_2024-06-14_12-24-00_jpg_2024-06-14_12-24-00.webp.webp?fit=1200%2C675&ssl=1&resize=700%2C400 2x, https:\/\/i0.wp.com\/noticiasribeiraopreto.com.br\/wp-content\/uploads\/2024\/06\/Copia-de-Copia-de-TAMANHO-EXATO-PARA-FOTOS-NO-SISTEMA-NOVO-12_2024-06-14_12-24-00_jpg_2024-06-14_12-24-00.webp.webp?fit=1200%2C675&ssl=1&resize=1050%2C600 3x"},"classes":[]},{"id":75493,"url":"https:\/\/noticiasribeiraopreto.com.br\/index.php\/2025\/08\/09\/sesi-ribeirao-preto-oferece-aulas-gratuitas-de-yoga-veja-como-participar\/","url_meta":{"origin":76694,"position":2},"title":"Sesi Ribeir\u00e3o Preto oferece aulas gratuitas de yoga; Veja como participar","author":"noticiasribeiraopreto.com.br","date":"9 de August de 2025","format":false,"excerpt":"O Sesi Ribeir\u00e3o Preto, em parceria com o Yoga Club, realiza aulas gratuitas de yoga ao livre quinzenalmente aos s\u00e1bados, \u00e0s 9h, no campo da unidade, localizado na rua Artur Jos\u00e9 Suzana, no Jardim Castelo Branco, zona Leste. A yoga \u00e9 recomendada para pessoas de todas as idades condicionamentos f\u00edsicos.\u2026","rel":"","context":"In &quot;Not\u00edcias de Ribeir\u00e3o Preto-SP e Regi\u00e3o&quot;","block_context":{"text":"Not\u00edcias de Ribeir\u00e3o Preto-SP e Regi\u00e3o","link":"https:\/\/noticiasribeiraopreto.com.br\/index.php\/category\/noticias-de-ribeirao-preto-sp-e-regiao-ismael-colosi\/"},"img":{"alt_text":"","src":"https:\/\/i0.wp.com\/noticiasribeiraopreto.com.br\/wp-content\/uploads\/2025\/08\/c1a83ad3-c8ba-49c9-9169-38d1986082c6_2025-08-09_16-10-54.webp.webp?fit=1200%2C554&ssl=1&resize=350%2C200","width":350,"height":200,"srcset":"https:\/\/i0.wp.com\/noticiasribeiraopreto.com.br\/wp-content\/uploads\/2025\/08\/c1a83ad3-c8ba-49c9-9169-38d1986082c6_2025-08-09_16-10-54.webp.webp?fit=1200%2C554&ssl=1&resize=350%2C200 1x, https:\/\/i0.wp.com\/noticiasribeiraopreto.com.br\/wp-content\/uploads\/2025\/08\/c1a83ad3-c8ba-49c9-9169-38d1986082c6_2025-08-09_16-10-54.webp.webp?fit=1200%2C554&ssl=1&resize=525%2C300 1.5x, https:\/\/i0.wp.com\/noticiasribeiraopreto.com.br\/wp-content\/uploads\/2025\/08\/c1a83ad3-c8ba-49c9-9169-38d1986082c6_2025-08-09_16-10-54.webp.webp?fit=1200%2C554&ssl=1&resize=700%2C400 2x, https:\/\/i0.wp.com\/noticiasribeiraopreto.com.br\/wp-content\/uploads\/2025\/08\/c1a83ad3-c8ba-49c9-9169-38d1986082c6_2025-08-09_16-10-54.webp.webp?fit=1200%2C554&ssl=1&resize=1050%2C600 3x"},"classes":[]},{"id":83270,"url":"https:\/\/noticiasribeiraopreto.com.br\/index.php\/2026\/03\/14\/feira-celebra-protagonismo-feminino-com-40-marcas-e-programacao-gratuita-em-ribeirao-preto\/","url_meta":{"origin":76694,"position":3},"title":"Feira celebra protagonismo feminino com 40 marcas e programa\u00e7\u00e3o gratuita em Ribeir\u00e3o Preto","author":"noticiasribeiraopreto.com.br","date":"14 de March de 2026","format":false,"excerpt":"Ribeir\u00e3o Preto recebe neste domingo (15) uma edi\u00e7\u00e3o especial da Feira do Coletivo, evento que destaca o protagonismo feminino e valoriza a economia criativa local. A programa\u00e7\u00e3o acontece das 15h \u00e0s 21h, na Pra\u00e7a 7 de Setembro, com entrada gratuita. Protagonismo feminino Nesta edi\u00e7\u00e3o, as mulheres lideram todos os setores\u2026","rel":"","context":"In &quot;Not\u00edcias de Ribeir\u00e3o Preto-SP e Regi\u00e3o&quot;","block_context":{"text":"Not\u00edcias de Ribeir\u00e3o Preto-SP e Regi\u00e3o","link":"https:\/\/noticiasribeiraopreto.com.br\/index.php\/category\/noticias-de-ribeirao-preto-sp-e-regiao-ismael-colosi\/"},"img":{"alt_text":"","src":"https:\/\/i0.wp.com\/noticiasribeiraopreto.com.br\/wp-content\/uploads\/2025\/09\/Imagem-do-WhatsApp-de-2025-07-29-as-16.05.01_1d53c35a_2025-09-03_22-01-07.webp.webp?fit=1181%2C787&ssl=1&resize=350%2C200","width":350,"height":200,"srcset":"https:\/\/i0.wp.com\/noticiasribeiraopreto.com.br\/wp-content\/uploads\/2025\/09\/Imagem-do-WhatsApp-de-2025-07-29-as-16.05.01_1d53c35a_2025-09-03_22-01-07.webp.webp?fit=1181%2C787&ssl=1&resize=350%2C200 1x, https:\/\/i0.wp.com\/noticiasribeiraopreto.com.br\/wp-content\/uploads\/2025\/09\/Imagem-do-WhatsApp-de-2025-07-29-as-16.05.01_1d53c35a_2025-09-03_22-01-07.webp.webp?fit=1181%2C787&ssl=1&resize=525%2C300 1.5x, https:\/\/i0.wp.com\/noticiasribeiraopreto.com.br\/wp-content\/uploads\/2025\/09\/Imagem-do-WhatsApp-de-2025-07-29-as-16.05.01_1d53c35a_2025-09-03_22-01-07.webp.webp?fit=1181%2C787&ssl=1&resize=700%2C400 2x, https:\/\/i0.wp.com\/noticiasribeiraopreto.com.br\/wp-content\/uploads\/2025\/09\/Imagem-do-WhatsApp-de-2025-07-29-as-16.05.01_1d53c35a_2025-09-03_22-01-07.webp.webp?fit=1181%2C787&ssl=1&resize=1050%2C600 3x"},"classes":[]},{"id":73832,"url":"https:\/\/noticiasribeiraopreto.com.br\/index.php\/2025\/07\/10\/teatro-literatura-e-oficinas-confira-programacao-de-ferias-do-sesi-ribeirao-preto\/","url_meta":{"origin":76694,"position":4},"title":"Teatro, literatura e oficinas: Confira programa\u00e7\u00e3o de f\u00e9rias do Sesi Ribeir\u00e3o Preto","author":"noticiasribeiraopreto.com.br","date":"10 de July de 2025","format":false,"excerpt":"O Sesi Ribeir\u00e3o Preto oferece durante o m\u00eas de julho uma programa\u00e7\u00e3o especial de f\u00e9rias, com teatro, conta\u00e7\u00e3o de hist\u00f3rias e oficinas para as crian\u00e7as e jovens de todas as idades. Os ingressos s\u00e3o gratuitos e devem ser reservados antecipadamente pelo site oficial do Sesi (clique aqui). O que mora\u2026","rel":"","context":"In &quot;Not\u00edcias de Ribeir\u00e3o Preto-SP e Regi\u00e3o&quot;","block_context":{"text":"Not\u00edcias de Ribeir\u00e3o Preto-SP e Regi\u00e3o","link":"https:\/\/noticiasribeiraopreto.com.br\/index.php\/category\/noticias-de-ribeirao-preto-sp-e-regiao-ismael-colosi\/"},"img":{"alt_text":"","src":"https:\/\/i0.wp.com\/noticiasribeiraopreto.com.br\/wp-content\/uploads\/2025\/07\/california-volks-1_2025-07-10_16-12-12.webp.webp?fit=1200%2C675&ssl=1&resize=350%2C200","width":350,"height":200,"srcset":"https:\/\/i0.wp.com\/noticiasribeiraopreto.com.br\/wp-content\/uploads\/2025\/07\/california-volks-1_2025-07-10_16-12-12.webp.webp?fit=1200%2C675&ssl=1&resize=350%2C200 1x, https:\/\/i0.wp.com\/noticiasribeiraopreto.com.br\/wp-content\/uploads\/2025\/07\/california-volks-1_2025-07-10_16-12-12.webp.webp?fit=1200%2C675&ssl=1&resize=525%2C300 1.5x, https:\/\/i0.wp.com\/noticiasribeiraopreto.com.br\/wp-content\/uploads\/2025\/07\/california-volks-1_2025-07-10_16-12-12.webp.webp?fit=1200%2C675&ssl=1&resize=700%2C400 2x, https:\/\/i0.wp.com\/noticiasribeiraopreto.com.br\/wp-content\/uploads\/2025\/07\/california-volks-1_2025-07-10_16-12-12.webp.webp?fit=1200%2C675&ssl=1&resize=1050%2C600 3x"},"classes":[]},{"id":61443,"url":"https:\/\/noticiasribeiraopreto.com.br\/index.php\/2024\/12\/12\/feira-com-food-truck-chope-e-musica-ao-vivo-acontece-em-ribeirao-veja-quando\/","url_meta":{"origin":76694,"position":5},"title":"Feira com food truck, chope e m\u00fasica ao vivo acontece em Ribeir\u00e3o; Veja quando","author":"noticiasribeiraopreto.com.br","date":"12 de December de 2024","format":false,"excerpt":"Ribeir\u00e3o Preto recebe neste domingo (15), a edi\u00e7\u00e3o de Natal da Feira do Coletivo na pra\u00e7a 7 de Setembro, regi\u00e3o Central do munic\u00edpio, com entrada gratuita. O evento acontece das 15h \u00e0s 21h e conta com m\u00fasica ao vivo, food trucks, cervejas e chopes artesanais, comidas t\u00edpicas, expositores, oficinas, atividades\u2026","rel":"","context":"In &quot;Not\u00edcias de Ribeir\u00e3o Preto-SP e Regi\u00e3o&quot;","block_context":{"text":"Not\u00edcias de Ribeir\u00e3o Preto-SP e Regi\u00e3o","link":"https:\/\/noticiasribeiraopreto.com.br\/index.php\/category\/noticias-de-ribeirao-preto-sp-e-regiao-ismael-colosi\/"},"img":{"alt_text":"","src":"https:\/\/i0.wp.com\/noticiasribeiraopreto.com.br\/wp-content\/uploads\/2024\/12\/WhatsApp-Image-2024-12-09-at-14.19.58_2024-12-12_18-44-18_jpeg_2024-12-12_18-44-19.webp.webp?fit=1181%2C787&ssl=1&resize=350%2C200","width":350,"height":200,"srcset":"https:\/\/i0.wp.com\/noticiasribeiraopreto.com.br\/wp-content\/uploads\/2024\/12\/WhatsApp-Image-2024-12-09-at-14.19.58_2024-12-12_18-44-18_jpeg_2024-12-12_18-44-19.webp.webp?fit=1181%2C787&ssl=1&resize=350%2C200 1x, https:\/\/i0.wp.com\/noticiasribeiraopreto.com.br\/wp-content\/uploads\/2024\/12\/WhatsApp-Image-2024-12-09-at-14.19.58_2024-12-12_18-44-18_jpeg_2024-12-12_18-44-19.webp.webp?fit=1181%2C787&ssl=1&resize=525%2C300 1.5x, https:\/\/i0.wp.com\/noticiasribeiraopreto.com.br\/wp-content\/uploads\/2024\/12\/WhatsApp-Image-2024-12-09-at-14.19.58_2024-12-12_18-44-18_jpeg_2024-12-12_18-44-19.webp.webp?fit=1181%2C787&ssl=1&resize=700%2C400 2x, https:\/\/i0.wp.com\/noticiasribeiraopreto.com.br\/wp-content\/uploads\/2024\/12\/WhatsApp-Image-2024-12-09-at-14.19.58_2024-12-12_18-44-18_jpeg_2024-12-12_18-44-19.webp.webp?fit=1181%2C787&ssl=1&resize=1050%2C600 3x"},"classes":[]}],"jetpack_sharing_enabled":true,"jetpack_shortlink":"https:\/\/wp.me\/peQAOb-jX0","_links":{"self":[{"href":"https:\/\/noticiasribeiraopreto.com.br\/index.php\/wp-json\/wp\/v2\/posts\/76694","targetHints":{"allow":["GET"]}}],"collection":[{"href":"https:\/\/noticiasribeiraopreto.com.br\/index.php\/wp-json\/wp\/v2\/posts"}],"about":[{"href":"https:\/\/noticiasribeiraopreto.com.br\/index.php\/wp-json\/wp\/v2\/types\/post"}],"author":[{"embeddable":true,"href":"https:\/\/noticiasribeiraopreto.com.br\/index.php\/wp-json\/wp\/v2\/users\/1"}],"replies":[{"embeddable":true,"href":"https:\/\/noticiasribeiraopreto.com.br\/index.php\/wp-json\/wp\/v2\/comments?post=76694"}],"version-history":[{"count":0,"href":"https:\/\/noticiasribeiraopreto.com.br\/index.php\/wp-json\/wp\/v2\/posts\/76694\/revisions"}],"wp:featuredmedia":[{"embeddable":true,"href":"https:\/\/noticiasribeiraopreto.com.br\/index.php\/wp-json\/wp\/v2\/media\/76695"}],"wp:attachment":[{"href":"https:\/\/noticiasribeiraopreto.com.br\/index.php\/wp-json\/wp\/v2\/media?parent=76694"}],"wp:term":[{"taxonomy":"category","embeddable":true,"href":"https:\/\/noticiasribeiraopreto.com.br\/index.php\/wp-json\/wp\/v2\/categories?post=76694"},{"taxonomy":"post_tag","embeddable":true,"href":"https:\/\/noticiasribeiraopreto.com.br\/index.php\/wp-json\/wp\/v2\/tags?post=76694"}],"curies":[{"name":"wp","href":"https:\/\/api.w.org\/{rel}","templated":true}]}}