{"id":76696,"date":"2025-09-03T15:14:06","date_gmt":"2025-09-03T18:14:06","guid":{"rendered":"https:\/\/noticiasribeiraopreto.com.br\/index.php\/2025\/09\/03\/preco-do-etanol-sobe-e-deve-pesar-no-bolso-do-consumidor-alerta-anprp\/"},"modified":"2025-09-03T15:14:06","modified_gmt":"2025-09-03T18:14:06","slug":"preco-do-etanol-sobe-e-deve-pesar-no-bolso-do-consumidor-alerta-anprp","status":"publish","type":"post","link":"https:\/\/noticiasribeiraopreto.com.br\/index.php\/2025\/09\/03\/preco-do-etanol-sobe-e-deve-pesar-no-bolso-do-consumidor-alerta-anprp\/","title":{"rendered":"Pre\u00e7o do etanol sobe e deve pesar no bolso do consumidor, alerta ANPRP"},"content":{"rendered":"<div class='code-block code-block-1' style='margin: 8px 0 8px auto; text-align: right; display: block; clear: both;'>\n<p><a href=\"https:\/\/wa.link\/vpicfd\"><img data-recalc-dims=\"1\" class=\"wp-image-4922\" style=\"aspect-ratio: 2.0253164556962027; width: 561px; height: auto;\" src=\"https:\/\/i0.wp.com\/ismaelcolosi.com.br\/wp-content\/uploads\/2023\/11\/grupo-de-empregos-whatsapp-e-facebook-ismael-colosi-vagas.jpg?ssl=1\" alt=\"\" \/><\/a><\/p>\n<!-- \/wp:image -->\n<\/div>\n<p> <br \/>\n<\/p>\n<div>\n<p>Com alta demanda e produ\u00e7\u00e3o reduzida, o <strong>pre\u00e7o do litro do etanol<\/strong> <strong>tende a subir das distribuidoras para os postos<\/strong>. Esse aumento deve <strong>refletir no consumidor<\/strong>, que poder\u00e1 pagar mais caro pelo combust\u00edvel nas bombas.<\/p>\n<p>De acordo com a <strong>ANPRP (Associa\u00e7\u00e3o N\u00facleo de Postos Ribeir\u00e3o Preto)<\/strong>, o <strong>\u00cdndice Esalq\/USP<\/strong> \u00e9 um dos indicadores que mostram a tend\u00eancia de aumento.<\/p>\n<p><mark style=\"background-color:#fcb900\" class=\"has-inline-color\">Em <strong>agosto<\/strong>, o \u00edndice registrou <strong>alta de 10%<\/strong> no pre\u00e7o do litro de <strong>etanol <\/strong>vendido das usinas para as distribuidoras, passando de <strong>R$ 2,6239 em 1\u00ba de agosto<\/strong> para <strong>R$ 2,884 em 1\u00ba de setembro<\/strong>.<\/mark><\/p>\n<p>\u201cIsso cria um efeito cascata. A distribuidora paga mais caro \u00e0s usinas e repassa a diferen\u00e7a aos postos. E os postos, por sua vez, pagam mais caro pelo litro de etanol e tendem a aplicar o reajuste, na mesma propor\u00e7\u00e3o, ao consumidor final, conforme novas remessas chegam com o valor a maior\u201d, explica <strong>Fernando Roca<\/strong>, presidente da <strong>ANPRP<\/strong>.<\/p>\n<h2 class=\"wp-block-heading\"><strong>Outros fatores<\/strong><\/h2>\n<p>Outro fator que influencia o <strong>pre\u00e7o do etanol<\/strong> \u00e9 o aumento da <strong>porcentagem de etanol na gasolina C<\/strong>, que passou de 27% para 30% desde 1\u00ba de agosto. A medida foi determinada pelo governo federal na tentativa de conter a alta do pre\u00e7o da gasolina.<\/p>\n<figure class=\"wp-block-pullquote\">\n<blockquote>\n<p>S\u00f3 que o efeito desejado pelo governo n\u00e3o aconteceu, na pr\u00e1tica. O pre\u00e7o da gasolina n\u00e3o caiu porque o pre\u00e7o do etanol, em vez de diminuir, acabou subindo. E isso se d\u00e1 justamente porque a produ\u00e7\u00e3o do biocombust\u00edvel diminuiu. Os estoques reguladores est\u00e3o mais baixos.\u00a0 Com mais demanda e menos oferta, o pre\u00e7o disparou<\/p>\n<\/blockquote>\n<\/figure>\n<p>Al\u00e9m disso, a<strong> moagem de cana <\/strong>na regi\u00e3o Centro-Sul do pa\u00eds <strong>caiu 8,57% no acumulado at\u00e9 1\u00ba de agosto na safra 2025\/26<\/strong>, segundo dados da <strong>UNICA (Uni\u00e3o da Ind\u00fastria de Cana-de-A\u00e7\u00facar e Bioenergia)<\/strong>.<\/p>\n<p>Um levantamento da <strong>SCA<\/strong>, publicado recentemente pela <strong>Canaoeste (Associa\u00e7\u00e3o dos Plantadores de Cana do Oeste do Estado de S\u00e3o Paulo)<\/strong>, o Brasil projeta <strong>redu\u00e7\u00e3o de 5% na moagem<\/strong> em rela\u00e7\u00e3o \u00e0 safra anterior, que processou 621,9 milh\u00f5es de toneladas.<\/p>\n<h2 class=\"wp-block-heading\"><strong>O que fazer?<\/strong><\/h2>\n<p>Diante desse cen\u00e1rio, o presidente da <strong>ANPRP <\/strong>refor\u00e7a a necessidade de <mark style=\"background-color:#fcb900\" class=\"has-inline-color\">pesquisar pre\u00e7os e sempre abastecer em um posto de confian\u00e7a.<\/mark><\/p>\n<p>\u201c\u00c9 importante usar a regra de paridade, ou seja, se o pre\u00e7o do litro de etanol equivaler a, no m\u00e1ximo 70% do pre\u00e7o do litro de gasolina, compensar\u00e1 abastecer com etanol\u201d, explica Roca.<\/p>\n<hr class=\"wp-block-separator has-alpha-channel-opacity\"\/>\n<p>SAIBA MAIS<\/p>\n<p>Ribeir\u00e3o Preto inicia vacina\u00e7\u00e3o contra febre amarela em campus da USP<\/p>\n<h2 class=\"wp-block-heading\"><strong>FIQUE ON<\/strong><\/h2>\n<p>Fique ligado em tudo que acontece em Ribeir\u00e3o Preto e regi\u00e3o. Siga os perfis do\u00a0<strong>acidade on<\/strong>\u00a0no<a href=\"https:\/\/www.instagram.com\/acidadeonribeirao\" target=\"_blank\" rel=\"noreferrer noopener\">\u00a0Instagram\u00a0<\/a>e no\u00a0<a href=\"https:\/\/www.facebook.com\/acidadeonribeirao\/\" target=\"_blank\" rel=\"noreferrer noopener\">Facebook<\/a>.<\/p>\n<p>Receba not\u00edcias do<strong>\u00a0acidade on<\/strong>\u00a0no WhatsApp. Para entrar no grupo,\u00a0basta\u00a0<a href=\"https:\/\/chat.whatsapp.com\/I4nieTEMKlf50pJ28aMemC?mode=ac_t\" target=\"_blank\" rel=\"noreferrer noopener\">clicar aqui<\/a>. Ou, acesse o nosso\u00a0Canal\u00a0<a href=\"https:\/\/whatsapp.com\/channel\/0029Vb6IQl1JENyAeS57fk2p\" target=\"_blank\" rel=\"noreferrer noopener\">clicando aqui<\/a>.<\/p>\n<p>Fa\u00e7a uma den\u00fancia ou sugira uma reportagem sobre Ribeir\u00e3o Preto e regi\u00e3o pelo WhatsApp: 16 99117 7802.<\/p>\n<p>VEJA TAMB\u00c9M<\/p>\n<p>Quantos filhos Ded\u00e9 Santana teve com Ana Rosa?<\/p>\n<p><!-- AI CONTENT END 1 -->\n<\/div>\n<p><script async src=\"\/\/www.instagram.com\/embed.js\"><\/script><br \/>\n<br \/><br \/>\n<br \/><a href=\"https:\/\/www.acidadeon.com\/ribeiraopreto\/economia\/preco-do-etanol-sobe-e-deve-pesar-no-bolso-do-consumidor\/\">Source link <\/a><\/p>\n<!-- CONTENT END 1 -->\n","protected":false},"excerpt":{"rendered":"<p>Com alta demanda e produ\u00e7\u00e3o reduzida, o pre\u00e7o do litro do etanol tende a subir das distribuidoras para os postos. Esse aumento deve refletir no&#8230;<\/p>\n","protected":false},"author":1,"featured_media":76697,"comment_status":"open","ping_status":"open","sticky":false,"template":"","format":"standard","meta":{"advanced_seo_description":"","jetpack_seo_html_title":"","jetpack_seo_noindex":false,"jetpack_post_was_ever_published":false,"_jetpack_newsletter_access":"","_jetpack_dont_email_post_to_subs":false,"_jetpack_newsletter_tier_id":0,"_jetpack_memberships_contains_paywalled_content":false,"_jetpack_memberships_contains_paid_content":false,"footnotes":"","jetpack_publicize_message":"","jetpack_publicize_feature_enabled":true,"jetpack_social_post_already_shared":true,"jetpack_social_options":{"image_generator_settings":{"template":"highway","default_image_id":0,"font":"","enabled":false},"version":2}},"categories":[11],"tags":[],"class_list":["post-76696","post","type-post","status-publish","format-standard","has-post-thumbnail","hentry","category-noticias-de-ribeirao-preto-sp-e-regiao-ismael-colosi"],"jetpack_publicize_connections":[],"jetpack_featured_media_url":"https:\/\/i0.wp.com\/noticiasribeiraopreto.com.br\/wp-content\/uploads\/2025\/09\/posto_de_1024x576_09092021164726-1_2025-09-03_14-55-50.webp.webp?fit=1024%2C576&ssl=1","jetpack-related-posts":[{"id":79772,"url":"https:\/\/noticiasribeiraopreto.com.br\/index.php\/2025\/11\/07\/preco-do-etanol-sobe-em-postos-de-ribeirao-preto-entenda-o-motivo\/","url_meta":{"origin":76696,"position":0},"title":"Pre\u00e7o do etanol sobe em postos de Ribeir\u00e3o Preto; Entenda o motivo","author":"noticiasribeiraopreto.com.br","date":"7 de November de 2025","format":false,"excerpt":"O consumidor paga mais caro pelo litro do etanol nesta sexta-feira (7), em postos de Ribeir\u00e3o Preto. Em alguns estabelecimentos, o aumento chega a R$ 0,20 por litro do combust\u00edvel. A Associa\u00e7\u00e3o N\u00facleo Postos Ribeir\u00e3o Preto disse, em um comunicado divulgado nesta quinta-feira (6), que havia uma tend\u00eancia de aumento\u2026","rel":"","context":"In &quot;Not\u00edcias de Ribeir\u00e3o Preto-SP e Regi\u00e3o&quot;","block_context":{"text":"Not\u00edcias de Ribeir\u00e3o Preto-SP e Regi\u00e3o","link":"https:\/\/noticiasribeiraopreto.com.br\/index.php\/category\/noticias-de-ribeirao-preto-sp-e-regiao-ismael-colosi\/"},"img":{"alt_text":"","src":"https:\/\/i0.wp.com\/noticiasribeiraopreto.com.br\/wp-content\/uploads\/2025\/11\/WhatsApp-Image-2025-11-07-at-08.14.12_2025-11-07_11-14-38.webp.webp?fit=855%2C500&ssl=1&resize=350%2C200","width":350,"height":200,"srcset":"https:\/\/i0.wp.com\/noticiasribeiraopreto.com.br\/wp-content\/uploads\/2025\/11\/WhatsApp-Image-2025-11-07-at-08.14.12_2025-11-07_11-14-38.webp.webp?fit=855%2C500&ssl=1&resize=350%2C200 1x, https:\/\/i0.wp.com\/noticiasribeiraopreto.com.br\/wp-content\/uploads\/2025\/11\/WhatsApp-Image-2025-11-07-at-08.14.12_2025-11-07_11-14-38.webp.webp?fit=855%2C500&ssl=1&resize=525%2C300 1.5x, https:\/\/i0.wp.com\/noticiasribeiraopreto.com.br\/wp-content\/uploads\/2025\/11\/WhatsApp-Image-2025-11-07-at-08.14.12_2025-11-07_11-14-38.webp.webp?fit=855%2C500&ssl=1&resize=700%2C400 2x"},"classes":[]},{"id":74930,"url":"https:\/\/noticiasribeiraopreto.com.br\/index.php\/2025\/07\/31\/entenda-o-aumento-no-preco-do-etanol-em-ribeirao-preto\/","url_meta":{"origin":76696,"position":1},"title":"Entenda o aumento no pre\u00e7o do etanol em Ribeir\u00e3o Preto","author":"noticiasribeiraopreto.com.br","date":"31 de July de 2025","format":false,"excerpt":"A Associa\u00e7\u00e3o N\u00facleo Postos Ribeir\u00e3o Preto emitiu um alerta para tend\u00eancia de alta no pre\u00e7o do etanol na bomba. Segundo a entidade, que re\u00fane 100 revendedores da cidade e regi\u00e3o, desde a \u00faltima semana at\u00e9 agora o pre\u00e7o do litro do biocombust\u00edvel subiu, em m\u00e9dia, R$ 0,12 das distribuidoras para\u2026","rel":"","context":"In &quot;Not\u00edcias de Ribeir\u00e3o Preto-SP e Regi\u00e3o&quot;","block_context":{"text":"Not\u00edcias de Ribeir\u00e3o Preto-SP e Regi\u00e3o","link":"https:\/\/noticiasribeiraopreto.com.br\/index.php\/category\/noticias-de-ribeirao-preto-sp-e-regiao-ismael-colosi\/"},"img":{"alt_text":"","src":"","width":0,"height":0},"classes":[]},{"id":19699,"url":"https:\/\/noticiasribeiraopreto.com.br\/index.php\/2023\/12\/22\/preco-do-etanol-dispara-nas-distribuidoras\/","url_meta":{"origin":76696,"position":2},"title":"Pre\u00e7o do etanol dispara nas distribuidoras\u00a0","author":"noticiasribeiraopreto.com.br","date":"22 de December de 2023","format":false,"excerpt":"22 de dezembro de 2023 | 16:0022 de dezembro de 2023 | 15:24 0Segundo a Central de Monitoramento do N\u00facleo Postos Ribeir\u00e3o Preto, associa\u00e7\u00e3o independente que re\u00fane 85 revendedores de postos de combust\u00edveis da cidade e regi\u00e3o, nas \u00faltimas 24 horas (contando desde a tarde desta quinta-feira, dia 21), o\u2026","rel":"","context":"In &quot;Not\u00edcias de Ribeir\u00e3o Preto-SP e Regi\u00e3o&quot;","block_context":{"text":"Not\u00edcias de Ribeir\u00e3o Preto-SP e Regi\u00e3o","link":"https:\/\/noticiasribeiraopreto.com.br\/index.php\/category\/noticias-de-ribeirao-preto-sp-e-regiao-ismael-colosi\/"},"img":{"alt_text":"","src":"https:\/\/i0.wp.com\/noticiasribeiraopreto.com.br\/wp-content\/uploads\/2023\/12\/1-etanol-scaled.jpg?fit=967%2C645&ssl=1&resize=350%2C200","width":350,"height":200,"srcset":"https:\/\/i0.wp.com\/noticiasribeiraopreto.com.br\/wp-content\/uploads\/2023\/12\/1-etanol-scaled.jpg?fit=967%2C645&ssl=1&resize=350%2C200 1x, https:\/\/i0.wp.com\/noticiasribeiraopreto.com.br\/wp-content\/uploads\/2023\/12\/1-etanol-scaled.jpg?fit=967%2C645&ssl=1&resize=525%2C300 1.5x, https:\/\/i0.wp.com\/noticiasribeiraopreto.com.br\/wp-content\/uploads\/2023\/12\/1-etanol-scaled.jpg?fit=967%2C645&ssl=1&resize=700%2C400 2x"},"classes":[]},{"id":79790,"url":"https:\/\/noticiasribeiraopreto.com.br\/index.php\/2025\/11\/07\/preco-do-etanol-deve-avancar-5\/","url_meta":{"origin":76696,"position":3},"title":"Pre\u00e7o do etanol deve avan\u00e7ar 5%","author":"noticiasribeiraopreto.com.br","date":"7 de November de 2025","format":false,"excerpt":"No \u00faltimo m\u00eas, o pre\u00e7o praticado pelas distribuidoras para os postos revendedores acumulou alta de mais de 5%; gasolina tamb\u00e9m deve sofrer impacto \u2028\u2028A Associa\u00e7\u00e3o N\u00facleo Postos Ribeir\u00e3o Preto, que re\u00fane 100 revendedores da cidade e regi\u00e3o, alerta para tend\u00eancia de aumento no pre\u00e7o do etanol nos pr\u00f3ximos dias. Desde\u2026","rel":"","context":"In &quot;Not\u00edcias de Ribeir\u00e3o Preto-SP e Regi\u00e3o&quot;","block_context":{"text":"Not\u00edcias de Ribeir\u00e3o Preto-SP e Regi\u00e3o","link":"https:\/\/noticiasribeiraopreto.com.br\/index.php\/category\/noticias-de-ribeirao-preto-sp-e-regiao-ismael-colosi\/"},"img":{"alt_text":"","src":"https:\/\/i0.wp.com\/noticiasribeiraopreto.com.br\/wp-content\/uploads\/2025\/11\/EtanolRP-Marcelo-Camargo-Ag.Br_.jpg?fit=1170%2C700&ssl=1&resize=350%2C200","width":350,"height":200,"srcset":"https:\/\/i0.wp.com\/noticiasribeiraopreto.com.br\/wp-content\/uploads\/2025\/11\/EtanolRP-Marcelo-Camargo-Ag.Br_.jpg?fit=1170%2C700&ssl=1&resize=350%2C200 1x, https:\/\/i0.wp.com\/noticiasribeiraopreto.com.br\/wp-content\/uploads\/2025\/11\/EtanolRP-Marcelo-Camargo-Ag.Br_.jpg?fit=1170%2C700&ssl=1&resize=525%2C300 1.5x, https:\/\/i0.wp.com\/noticiasribeiraopreto.com.br\/wp-content\/uploads\/2025\/11\/EtanolRP-Marcelo-Camargo-Ag.Br_.jpg?fit=1170%2C700&ssl=1&resize=700%2C400 2x, https:\/\/i0.wp.com\/noticiasribeiraopreto.com.br\/wp-content\/uploads\/2025\/11\/EtanolRP-Marcelo-Camargo-Ag.Br_.jpg?fit=1170%2C700&ssl=1&resize=1050%2C600 3x"},"classes":[]},{"id":81572,"url":"https:\/\/noticiasribeiraopreto.com.br\/index.php\/2026\/01\/10\/preco-medio-do-etanol-dispara-25-centavos-nos-ultimos-40-dias\/","url_meta":{"origin":76696,"position":4},"title":"Pre\u00e7o m\u00e9dio do etanol dispara 25 centavos nos \u00faltimos 40 dias","author":"noticiasribeiraopreto.com.br","date":"10 de January de 2026","format":false,"excerpt":"\r \r \r 10 de janeiro de 2026 08:059 de janeiro de 2026 23:39 \r Compartilhar0 A Central de Monitoramento da Associa\u00e7\u00e3o N\u00facleo Postos Ribeir\u00e3o Preto, que re\u00fane 100 revendedores da cidade e regi\u00e3o, detectou nova disparada do pre\u00e7o do litro de etanol que j\u00e1 acumula alta m\u00e9dia de R$\u2026","rel":"","context":"In &quot;Not\u00edcias de Ribeir\u00e3o Preto-SP e Regi\u00e3o&quot;","block_context":{"text":"Not\u00edcias de Ribeir\u00e3o Preto-SP e Regi\u00e3o","link":"https:\/\/noticiasribeiraopreto.com.br\/index.php\/category\/noticias-de-ribeirao-preto-sp-e-regiao-ismael-colosi\/"},"img":{"alt_text":"","src":"https:\/\/i0.wp.com\/noticiasribeiraopreto.com.br\/wp-content\/uploads\/2026\/01\/1-etanol-scaled.jpeg?fit=1170%2C780&ssl=1&resize=350%2C200","width":350,"height":200,"srcset":"https:\/\/i0.wp.com\/noticiasribeiraopreto.com.br\/wp-content\/uploads\/2026\/01\/1-etanol-scaled.jpeg?fit=1170%2C780&ssl=1&resize=350%2C200 1x, https:\/\/i0.wp.com\/noticiasribeiraopreto.com.br\/wp-content\/uploads\/2026\/01\/1-etanol-scaled.jpeg?fit=1170%2C780&ssl=1&resize=525%2C300 1.5x, https:\/\/i0.wp.com\/noticiasribeiraopreto.com.br\/wp-content\/uploads\/2026\/01\/1-etanol-scaled.jpeg?fit=1170%2C780&ssl=1&resize=700%2C400 2x, https:\/\/i0.wp.com\/noticiasribeiraopreto.com.br\/wp-content\/uploads\/2026\/01\/1-etanol-scaled.jpeg?fit=1170%2C780&ssl=1&resize=1050%2C600 3x"},"classes":[]},{"id":74916,"url":"https:\/\/noticiasribeiraopreto.com.br\/index.php\/2025\/07\/31\/etanol-pode-subir-r-012\/","url_meta":{"origin":76696,"position":5},"title":"Etanol pode subir R$ 0,12","author":"noticiasribeiraopreto.com.br","date":"31 de July de 2025","format":false,"excerpt":"A Associa\u00e7\u00e3o N\u00facleo Postos Ribeir\u00e3o Preto, que re\u00fane 100 revendedores da cidade e regi\u00e3o, alerta para tend\u00eancia de alta no pre\u00e7o do etanol para os pr\u00f3ximos dias. Da \u00faltima semana para c\u00e1, o pre\u00e7o do litro do biocombust\u00edvel disparou, em m\u00e9dia, R$ 0,12 das distribuidoras para os postos revendedores. \u201cCom\u2026","rel":"","context":"In &quot;Not\u00edcias de Ribeir\u00e3o Preto-SP e Regi\u00e3o&quot;","block_context":{"text":"Not\u00edcias de Ribeir\u00e3o Preto-SP e Regi\u00e3o","link":"https:\/\/noticiasribeiraopreto.com.br\/index.php\/category\/noticias-de-ribeirao-preto-sp-e-regiao-ismael-colosi\/"},"img":{"alt_text":"","src":"https:\/\/i0.wp.com\/noticiasribeiraopreto.com.br\/wp-content\/uploads\/2025\/07\/EtanolRP-Divulgacao-scaled.png?fit=1200%2C675&ssl=1&resize=350%2C200","width":350,"height":200,"srcset":"https:\/\/i0.wp.com\/noticiasribeiraopreto.com.br\/wp-content\/uploads\/2025\/07\/EtanolRP-Divulgacao-scaled.png?fit=1200%2C675&ssl=1&resize=350%2C200 1x, https:\/\/i0.wp.com\/noticiasribeiraopreto.com.br\/wp-content\/uploads\/2025\/07\/EtanolRP-Divulgacao-scaled.png?fit=1200%2C675&ssl=1&resize=525%2C300 1.5x, https:\/\/i0.wp.com\/noticiasribeiraopreto.com.br\/wp-content\/uploads\/2025\/07\/EtanolRP-Divulgacao-scaled.png?fit=1200%2C675&ssl=1&resize=700%2C400 2x, https:\/\/i0.wp.com\/noticiasribeiraopreto.com.br\/wp-content\/uploads\/2025\/07\/EtanolRP-Divulgacao-scaled.png?fit=1200%2C675&ssl=1&resize=1050%2C600 3x"},"classes":[]}],"jetpack_sharing_enabled":true,"jetpack_shortlink":"https:\/\/wp.me\/peQAOb-jX2","_links":{"self":[{"href":"https:\/\/noticiasribeiraopreto.com.br\/index.php\/wp-json\/wp\/v2\/posts\/76696","targetHints":{"allow":["GET"]}}],"collection":[{"href":"https:\/\/noticiasribeiraopreto.com.br\/index.php\/wp-json\/wp\/v2\/posts"}],"about":[{"href":"https:\/\/noticiasribeiraopreto.com.br\/index.php\/wp-json\/wp\/v2\/types\/post"}],"author":[{"embeddable":true,"href":"https:\/\/noticiasribeiraopreto.com.br\/index.php\/wp-json\/wp\/v2\/users\/1"}],"replies":[{"embeddable":true,"href":"https:\/\/noticiasribeiraopreto.com.br\/index.php\/wp-json\/wp\/v2\/comments?post=76696"}],"version-history":[{"count":0,"href":"https:\/\/noticiasribeiraopreto.com.br\/index.php\/wp-json\/wp\/v2\/posts\/76696\/revisions"}],"wp:featuredmedia":[{"embeddable":true,"href":"https:\/\/noticiasribeiraopreto.com.br\/index.php\/wp-json\/wp\/v2\/media\/76697"}],"wp:attachment":[{"href":"https:\/\/noticiasribeiraopreto.com.br\/index.php\/wp-json\/wp\/v2\/media?parent=76696"}],"wp:term":[{"taxonomy":"category","embeddable":true,"href":"https:\/\/noticiasribeiraopreto.com.br\/index.php\/wp-json\/wp\/v2\/categories?post=76696"},{"taxonomy":"post_tag","embeddable":true,"href":"https:\/\/noticiasribeiraopreto.com.br\/index.php\/wp-json\/wp\/v2\/tags?post=76696"}],"curies":[{"name":"wp","href":"https:\/\/api.w.org\/{rel}","templated":true}]}}