{"id":76698,"date":"2025-09-03T18:00:27","date_gmt":"2025-09-03T21:00:27","guid":{"rendered":"https:\/\/noticiasribeiraopreto.com.br\/index.php\/2025\/09\/03\/ribeirao-preto-rescinde-contrato-com-empresa-de-limpeza-publica-veja-o-motivo\/"},"modified":"2025-09-03T18:00:27","modified_gmt":"2025-09-03T21:00:27","slug":"ribeirao-preto-rescinde-contrato-com-empresa-de-limpeza-publica-veja-o-motivo","status":"publish","type":"post","link":"https:\/\/noticiasribeiraopreto.com.br\/index.php\/2025\/09\/03\/ribeirao-preto-rescinde-contrato-com-empresa-de-limpeza-publica-veja-o-motivo\/","title":{"rendered":"Ribeir\u00e3o Preto rescinde contrato com empresa de limpeza p\u00fablica; veja o motivo"},"content":{"rendered":"<div class='code-block code-block-1' style='margin: 8px 0 8px auto; text-align: right; display: block; clear: both;'>\n<p><a href=\"https:\/\/wa.link\/vpicfd\"><img data-recalc-dims=\"1\" class=\"wp-image-4922\" style=\"aspect-ratio: 2.0253164556962027; width: 561px; height: auto;\" src=\"https:\/\/i0.wp.com\/ismaelcolosi.com.br\/wp-content\/uploads\/2023\/11\/grupo-de-empregos-whatsapp-e-facebook-ismael-colosi-vagas.jpg?ssl=1\" alt=\"\" \/><\/a><\/p>\n<!-- \/wp:image -->\n<\/div>\n<p> <br \/>\n<\/p>\n<div data-td-block-uid=\"tdi_95\">\n<div class=\"tdb-block-inner td-fix-index\">\n<p>A <strong>Prefeitura de Ribeir\u00e3o Preto <\/strong>rescindiu o contrato com a <strong>empresa respons\u00e1vel pela limpeza dos banheiros p\u00fablicos municipais.<\/strong> A decis\u00e3o ocorreu ap\u00f3s <strong>descumprimentos contratuais reiterados<\/strong>, incluindo irregularidades trabalhistas com os funcion\u00e1rios. <mark style=\"background-color:#fcb900\" class=\"has-inline-color\">A empresa tamb\u00e9m desistiu de continuar executando o servi\u00e7o<\/mark>.<\/p>\n<p>De acordo com administra\u00e7\u00e3o p\u00fablica, a partir de 3 de setembro, <strong>os banheiros das pra\u00e7as XV de Novembro <\/strong>e <strong>da Bandeira permanecem fechados.<\/strong> Para atender a popula\u00e7\u00e3o, a Prefeitura mant\u00e9m os banheiros dos oito parques p\u00fablicos da cidade em funcionamento normal.<\/p>\n<div class=\"wp-block-image\">\n<figure class=\"aligncenter size-large is-resized\"><img data-recalc-dims=\"1\" fetchpriority=\"high\" decoding=\"async\" width=\"1024\" height=\"683\" src=\"https:\/\/i0.wp.com\/cdn.media-acidadeon.com.br\/ribeiraopreto\/wp-content\/uploads\/sites\/3\/2025\/09\/image_2025-09-03_20-35-01-1024x683.webp?resize=1024%2C683&#038;ssl=1\" alt=\"image 2025 09 03 20 35 01\" class=\"wp-image-127936\" style=\"width:684px;height:auto\" title=\"Ribeir\u00e3o Preto rescinde contrato com empresa de limpeza p\u00fablica; veja o motivo 1\" srcset=\"https:\/\/cdn.media-acidadeon.com.br\/ribeiraopreto\/wp-content\/uploads\/sites\/3\/2025\/09\/image_2025-09-03_20-35-01-1024x683.webp 1024w, https:\/\/cdn.media-acidadeon.com.br\/ribeiraopreto\/wp-content\/uploads\/sites\/3\/2025\/09\/image_2025-09-03_20-35-01-300x200.webp 300w, https:\/\/cdn.media-acidadeon.com.br\/ribeiraopreto\/wp-content\/uploads\/sites\/3\/2025\/09\/image_2025-09-03_20-35-01-768x512.webp 768w, https:\/\/cdn.media-acidadeon.com.br\/ribeiraopreto\/wp-content\/uploads\/sites\/3\/2025\/09\/image_2025-09-03_20-35-01-696x464.webp 696w, https:\/\/cdn.media-acidadeon.com.br\/ribeiraopreto\/wp-content\/uploads\/sites\/3\/2025\/09\/image_2025-09-03_20-35-01-1068x712.webp 1068w, https:\/\/cdn.media-acidadeon.com.br\/ribeiraopreto\/wp-content\/uploads\/sites\/3\/2025\/09\/image_2025-09-03_20-35-01.webp 1200w\" sizes=\"(max-width: 1024px) 100vw, 1024px\"\/><figcaption class=\"wp-element-caption\">Foto: Fernando Gonzaga<br \/><\/figcaption><\/figure>\n<\/div>\n<p>Ainda segundo a pasta, os tr\u00e2mites legais para contratar emergencialmente uma nova empresa j\u00e1 foram iniciados. O objetivo \u00e9 retomar a manuten\u00e7\u00e3o dos banheiros p\u00fablicos e reabrir os espa\u00e7os atualmente fechados o quanto antes.<\/p>\n<hr class=\"wp-block-separator has-alpha-channel-opacity\"\/>\n<p>SAIBA MAIS<\/p>\n<p>Pol\u00edcia Civil cumpre mandados em Ribeir\u00e3o e regi\u00e3o contra quadrilha de fraudes eletr\u00f4nicas<\/p>\n<h2 class=\"wp-block-heading\"><strong>FIQUE ON<\/strong><\/h2>\n<p>Fique ligado em tudo que acontece em Ribeir\u00e3o Preto e regi\u00e3o. Siga os perfis do\u00a0<strong>acidade on<\/strong>\u00a0no<a href=\"https:\/\/www.instagram.com\/acidadeonribeirao\" target=\"_blank\" rel=\"noreferrer noopener\">\u00a0Instagram\u00a0<\/a>e no\u00a0<a href=\"https:\/\/www.facebook.com\/acidadeonribeirao\/\" target=\"_blank\" rel=\"noreferrer noopener\">Facebook<\/a>.<\/p>\n<p>Receba not\u00edcias do<strong>\u00a0acidade on<\/strong>\u00a0no WhatsApp. Para entrar no grupo,\u00a0basta\u00a0<a href=\"https:\/\/chat.whatsapp.com\/I4nieTEMKlf50pJ28aMemC?mode=ac_t\" target=\"_blank\" rel=\"noreferrer noopener\">clicar aqui<\/a>. Ou, acesse o nosso\u00a0Canal\u00a0<a href=\"https:\/\/whatsapp.com\/channel\/0029Vb6IQl1JENyAeS57fk2p\" target=\"_blank\" rel=\"noreferrer noopener\">clicando aqui<\/a>.<\/p>\n<p>Fa\u00e7a uma den\u00fancia ou sugira uma reportagem sobre Ribeir\u00e3o Preto e regi\u00e3o pelo WhatsApp: 16 99117 7802.<\/p>\n<p>VEJA TAMB\u00c9M<\/p>\n<p>Por que Sex Pistols cancelou o show no The Town?<\/p>\n<p><!-- AI CONTENT END 1 -->\n<\/div>\n<\/div>\n<p><script async src=\"\/\/www.instagram.com\/embed.js\"><\/script><br \/>\n<br \/><br \/>\n<br \/><a href=\"https:\/\/www.acidadeon.com\/ribeiraopreto\/politica\/ribeirao-preto-rescinde-contrato-com-empresa-de-limpeza-publica-veja-o-motivo\/\">Source link <\/a><\/p>\n<!-- CONTENT END 1 -->\n","protected":false},"excerpt":{"rendered":"<p>A Prefeitura de Ribeir\u00e3o Preto rescindiu o contrato com a empresa respons\u00e1vel pela limpeza dos banheiros p\u00fablicos municipais. A decis\u00e3o ocorreu ap\u00f3s descumprimentos contratuais reiterados,&#8230;<\/p>\n","protected":false},"author":1,"featured_media":76699,"comment_status":"open","ping_status":"open","sticky":false,"template":"","format":"standard","meta":{"advanced_seo_description":"","jetpack_seo_html_title":"","jetpack_seo_noindex":false,"jetpack_post_was_ever_published":false,"_jetpack_newsletter_access":"","_jetpack_dont_email_post_to_subs":false,"_jetpack_newsletter_tier_id":0,"_jetpack_memberships_contains_paywalled_content":false,"_jetpack_memberships_contains_paid_content":false,"footnotes":"","jetpack_publicize_message":"","jetpack_publicize_feature_enabled":true,"jetpack_social_post_already_shared":true,"jetpack_social_options":{"image_generator_settings":{"template":"highway","default_image_id":0,"font":"","enabled":false},"version":2}},"categories":[11],"tags":[],"class_list":["post-76698","post","type-post","status-publish","format-standard","has-post-thumbnail","hentry","category-noticias-de-ribeirao-preto-sp-e-regiao-ismael-colosi"],"jetpack_publicize_connections":[],"jetpack_featured_media_url":"https:\/\/i0.wp.com\/noticiasribeiraopreto.com.br\/wp-content\/uploads\/2025\/09\/Copia-de-Copia-de-Copia-de-TAMANHO-EXATO-PARA-FOTOS-NO-SISTEMA-NOVO-2025-09-03T173753.463_2025-09-03_20-38-49.webp.webp?fit=1200%2C675&ssl=1","jetpack-related-posts":[{"id":79635,"url":"https:\/\/noticiasribeiraopreto.com.br\/index.php\/2025\/11\/05\/mp-investiga-contrato-da-iluminacao-publica\/","url_meta":{"origin":76698,"position":0},"title":"MP investiga contrato\u2028 da ilumina\u00e7\u00e3o p\u00fablica","author":"noticiasribeiraopreto.com.br","date":"5 de November de 2025","format":false,"excerpt":"5 de novembro de 2025 06:595 de novembro de 2025 07:060 Compartilhar0 Documento indica o Cons\u00f3rcio Conecta Ribeir\u00e3o Preto como poss\u00edvel investigado; manifesta\u00e7\u00e3o do MP tem por base relat\u00f3rio da C\u00e2mara\u2028\u2028 O Minist\u00e9rio P\u00fablico de S\u00e3o Paulo (MPSP), por meio da Promotoria do Patrim\u00f4nio P\u00fablico e Social, instaurou procedimento administrativo\u2026","rel":"","context":"In &quot;Not\u00edcias de Ribeir\u00e3o Preto-SP e Regi\u00e3o&quot;","block_context":{"text":"Not\u00edcias de Ribeir\u00e3o Preto-SP e Regi\u00e3o","link":"https:\/\/noticiasribeiraopreto.com.br\/index.php\/category\/noticias-de-ribeirao-preto-sp-e-regiao-ismael-colosi\/"},"img":{"alt_text":"","src":"https:\/\/i0.wp.com\/noticiasribeiraopreto.com.br\/wp-content\/uploads\/2025\/11\/Iluminacao-Alfredo-Risk-Arquivo-scaled.jpg?fit=1170%2C780&ssl=1&resize=350%2C200","width":350,"height":200,"srcset":"https:\/\/i0.wp.com\/noticiasribeiraopreto.com.br\/wp-content\/uploads\/2025\/11\/Iluminacao-Alfredo-Risk-Arquivo-scaled.jpg?fit=1170%2C780&ssl=1&resize=350%2C200 1x, https:\/\/i0.wp.com\/noticiasribeiraopreto.com.br\/wp-content\/uploads\/2025\/11\/Iluminacao-Alfredo-Risk-Arquivo-scaled.jpg?fit=1170%2C780&ssl=1&resize=525%2C300 1.5x, https:\/\/i0.wp.com\/noticiasribeiraopreto.com.br\/wp-content\/uploads\/2025\/11\/Iluminacao-Alfredo-Risk-Arquivo-scaled.jpg?fit=1170%2C780&ssl=1&resize=700%2C400 2x, https:\/\/i0.wp.com\/noticiasribeiraopreto.com.br\/wp-content\/uploads\/2025\/11\/Iluminacao-Alfredo-Risk-Arquivo-scaled.jpg?fit=1170%2C780&ssl=1&resize=1050%2C600 3x"},"classes":[]},{"id":83385,"url":"https:\/\/noticiasribeiraopreto.com.br\/index.php\/2026\/03\/17\/rocada-em-ribeirao-preto-vira-alvo-de-impasse-entre-empresa-e-prefeitura\/","url_meta":{"origin":76698,"position":1},"title":"Ro\u00e7ada em Ribeir\u00e3o Preto vira alvo de impasse entre empresa e Prefeitura","author":"noticiasribeiraopreto.com.br","date":"17 de March de 2026","format":false,"excerpt":"A execu\u00e7\u00e3o dos servi\u00e7os de ro\u00e7ada em vias e canteiros de Ribeir\u00e3o Preto entrou no centro de um impasse entre a empresa C. Brasil Servi\u00e7os de Limpeza, Conserva\u00e7\u00e3o e Transporte Ltda e a Prefeitura. Enquanto moradores relatam mato alto em diferentes regi\u00f5es da cidade, empresa e administra\u00e7\u00e3o municipal apresentam vers\u00f5es\u2026","rel":"","context":"In &quot;Not\u00edcias de Ribeir\u00e3o Preto-SP e Regi\u00e3o&quot;","block_context":{"text":"Not\u00edcias de Ribeir\u00e3o Preto-SP e Regi\u00e3o","link":"https:\/\/noticiasribeiraopreto.com.br\/index.php\/category\/noticias-de-ribeirao-preto-sp-e-regiao-ismael-colosi\/"},"img":{"alt_text":"","src":"https:\/\/i0.wp.com\/noticiasribeiraopreto.com.br\/wp-content\/uploads\/2026\/03\/curupira_mato_x1x_2026-03-17_18-53-58.webp.webp?fit=1200%2C675&ssl=1&resize=350%2C200","width":350,"height":200,"srcset":"https:\/\/i0.wp.com\/noticiasribeiraopreto.com.br\/wp-content\/uploads\/2026\/03\/curupira_mato_x1x_2026-03-17_18-53-58.webp.webp?fit=1200%2C675&ssl=1&resize=350%2C200 1x, https:\/\/i0.wp.com\/noticiasribeiraopreto.com.br\/wp-content\/uploads\/2026\/03\/curupira_mato_x1x_2026-03-17_18-53-58.webp.webp?fit=1200%2C675&ssl=1&resize=525%2C300 1.5x, https:\/\/i0.wp.com\/noticiasribeiraopreto.com.br\/wp-content\/uploads\/2026\/03\/curupira_mato_x1x_2026-03-17_18-53-58.webp.webp?fit=1200%2C675&ssl=1&resize=700%2C400 2x, https:\/\/i0.wp.com\/noticiasribeiraopreto.com.br\/wp-content\/uploads\/2026\/03\/curupira_mato_x1x_2026-03-17_18-53-58.webp.webp?fit=1200%2C675&ssl=1&resize=1050%2C600 3x"},"classes":[]},{"id":34137,"url":"https:\/\/noticiasribeiraopreto.com.br\/index.php\/2024\/02\/01\/comeca-limpeza-na-nove-de-julho\/","url_meta":{"origin":76698,"position":2},"title":"Come\u00e7a limpeza na Nove de Julho \u00a0","author":"noticiasribeiraopreto.com.br","date":"1 de February de 2024","format":false,"excerpt":"31 de janeiro de 2024 | 16:0031 de janeiro de 2024 | 9:41 0A Secretaria Municipal de Infraestrutura iniciou, nesta ter\u00e7a-feira, 30 de janeiro, uma for\u00e7a tarefa de manuten\u00e7\u00e3o e zeladoria na avenida Nove de Julho. As medidas s\u00e3o para amenizar os transtornos causados aos comerciantes e pedestres, devido \u00e0\u2026","rel":"","context":"In &quot;Not\u00edcias de Ribeir\u00e3o Preto-SP e Regi\u00e3o&quot;","block_context":{"text":"Not\u00edcias de Ribeir\u00e3o Preto-SP e Regi\u00e3o","link":"https:\/\/noticiasribeiraopreto.com.br\/index.php\/category\/noticias-de-ribeirao-preto-sp-e-regiao-ismael-colosi\/"},"img":{"alt_text":"","src":"https:\/\/i0.wp.com\/noticiasribeiraopreto.com.br\/wp-content\/uploads\/2024\/02\/NoveRP-Fernando-Gonzaga-02-scaled.jpg?fit=967%2C645&ssl=1&resize=350%2C200","width":350,"height":200,"srcset":"https:\/\/i0.wp.com\/noticiasribeiraopreto.com.br\/wp-content\/uploads\/2024\/02\/NoveRP-Fernando-Gonzaga-02-scaled.jpg?fit=967%2C645&ssl=1&resize=350%2C200 1x, https:\/\/i0.wp.com\/noticiasribeiraopreto.com.br\/wp-content\/uploads\/2024\/02\/NoveRP-Fernando-Gonzaga-02-scaled.jpg?fit=967%2C645&ssl=1&resize=525%2C300 1.5x, https:\/\/i0.wp.com\/noticiasribeiraopreto.com.br\/wp-content\/uploads\/2024\/02\/NoveRP-Fernando-Gonzaga-02-scaled.jpg?fit=967%2C645&ssl=1&resize=700%2C400 2x"},"classes":[]},{"id":79685,"url":"https:\/\/noticiasribeiraopreto.com.br\/index.php\/2025\/11\/05\/ppp-da-iluminacao-publica-de-ribeirao-preto-entra-na-mira-do-mp-sp\/","url_meta":{"origin":76698,"position":3},"title":"PPP da Ilumina\u00e7\u00e3o P\u00fablica de Ribeir\u00e3o Preto entra na mira do MP-SP","author":"noticiasribeiraopreto.com.br","date":"5 de November de 2025","format":false,"excerpt":"O MP-SP (Minist\u00e9rio P\u00fablico do Estado de S\u00e3o Paulo) instaurou um procedimento administrativo de acompanhamento, na \u00faltima semana, para apurar a execu\u00e7\u00e3o do contrato da PPP (Parceria P\u00fablico-Privada) da ilumina\u00e7\u00e3o p\u00fablica de Ribeir\u00e3o Preto. O procedimento foi instalado pelo promotor Alexandre Padilha, da Promotoria de Justi\u00e7a do Patrim\u00f4nio P\u00fablico e\u2026","rel":"","context":"In &quot;Not\u00edcias de Ribeir\u00e3o Preto-SP e Regi\u00e3o&quot;","block_context":{"text":"Not\u00edcias de Ribeir\u00e3o Preto-SP e Regi\u00e3o","link":"https:\/\/noticiasribeiraopreto.com.br\/index.php\/category\/noticias-de-ribeirao-preto-sp-e-regiao-ismael-colosi\/"},"img":{"alt_text":"","src":"https:\/\/i0.wp.com\/noticiasribeiraopreto.com.br\/wp-content\/uploads\/2025\/08\/iluminacao-publica-ribeirao-preto_2024-07-23_18-16-43_jpeg_2024-07-23_18-16-44.webp.webp?fit=1200%2C900&ssl=1&resize=350%2C200","width":350,"height":200,"srcset":"https:\/\/i0.wp.com\/noticiasribeiraopreto.com.br\/wp-content\/uploads\/2025\/08\/iluminacao-publica-ribeirao-preto_2024-07-23_18-16-43_jpeg_2024-07-23_18-16-44.webp.webp?fit=1200%2C900&ssl=1&resize=350%2C200 1x, https:\/\/i0.wp.com\/noticiasribeiraopreto.com.br\/wp-content\/uploads\/2025\/08\/iluminacao-publica-ribeirao-preto_2024-07-23_18-16-43_jpeg_2024-07-23_18-16-44.webp.webp?fit=1200%2C900&ssl=1&resize=525%2C300 1.5x, https:\/\/i0.wp.com\/noticiasribeiraopreto.com.br\/wp-content\/uploads\/2025\/08\/iluminacao-publica-ribeirao-preto_2024-07-23_18-16-43_jpeg_2024-07-23_18-16-44.webp.webp?fit=1200%2C900&ssl=1&resize=700%2C400 2x, https:\/\/i0.wp.com\/noticiasribeiraopreto.com.br\/wp-content\/uploads\/2025\/08\/iluminacao-publica-ribeirao-preto_2024-07-23_18-16-43_jpeg_2024-07-23_18-16-44.webp.webp?fit=1200%2C900&ssl=1&resize=1050%2C600 3x"},"classes":[]},{"id":44628,"url":"https:\/\/noticiasribeiraopreto.com.br\/index.php\/2024\/03\/28\/definida-empresa-da-coleta-de-lixo-em-rp\/","url_meta":{"origin":76698,"position":4},"title":"Definida empresa da coleta de lixo em RP","author":"noticiasribeiraopreto.com.br","date":"28 de March de 2024","format":false,"excerpt":"A prefeitura de Ribeir\u00e3o Preto conseguiu derrubar a liminar concedida a Ecco Liberty Solu\u00e7\u00f5es Ambientais Ltda. pelo juiz Gustavo M\u00fcller Lorenzato, da 1\u00aa Vara da Fazenda P\u00fablica, e concluiu o preg\u00e3o eletr\u00f4nico para contrata\u00e7\u00e3o de empresa respons\u00e1vel pela coleta, gerenciamento e destina\u00e7\u00e3o de res\u00edduos s\u00f3lidos na cidade. A Ecco Liberty\u2026","rel":"","context":"In &quot;Not\u00edcias de Ribeir\u00e3o Preto-SP e Regi\u00e3o&quot;","block_context":{"text":"Not\u00edcias de Ribeir\u00e3o Preto-SP e Regi\u00e3o","link":"https:\/\/noticiasribeiraopreto.com.br\/index.php\/category\/noticias-de-ribeirao-preto-sp-e-regiao-ismael-colosi\/"},"img":{"alt_text":"","src":"https:\/\/i0.wp.com\/noticiasribeiraopreto.com.br\/wp-content\/uploads\/2024\/03\/coleta-de-lixo-Rodrigo-Nagafuti-2.jpg?fit=750%2C500&ssl=1&resize=350%2C200","width":350,"height":200,"srcset":"https:\/\/i0.wp.com\/noticiasribeiraopreto.com.br\/wp-content\/uploads\/2024\/03\/coleta-de-lixo-Rodrigo-Nagafuti-2.jpg?fit=750%2C500&ssl=1&resize=350%2C200 1x, https:\/\/i0.wp.com\/noticiasribeiraopreto.com.br\/wp-content\/uploads\/2024\/03\/coleta-de-lixo-Rodrigo-Nagafuti-2.jpg?fit=750%2C500&ssl=1&resize=525%2C300 1.5x, https:\/\/i0.wp.com\/noticiasribeiraopreto.com.br\/wp-content\/uploads\/2024\/03\/coleta-de-lixo-Rodrigo-Nagafuti-2.jpg?fit=750%2C500&ssl=1&resize=700%2C400 2x"},"classes":[]},{"id":33016,"url":"https:\/\/noticiasribeiraopreto.com.br\/index.php\/2024\/01\/27\/liminar-suspende-julgamento-de-licitacao-para-coleta-de-lixo-em-rp\/","url_meta":{"origin":76698,"position":5},"title":"Liminar suspende julgamento de licita\u00e7\u00e3o para coleta de lixo em RP","author":"noticiasribeiraopreto.com.br","date":"27 de January de 2024","format":false,"excerpt":"Liminar concedida a Ecco Liberty Solu\u00e7\u00f5es Ambientais Ltda. pelo juiz Gustavo M\u00fcller Lorenzato, da 1\u00aa Vara da Fazenda P\u00fablica, suspendeu o preg\u00e3o eletr\u00f4nico lan\u00e7ado pela prefeitura de Ribeir\u00e3o Preto para contrata\u00e7\u00e3o de empresa respons\u00e1vel pela coleta, gerenciamento e destina\u00e7\u00e3o de res\u00edduos s\u00f3lidos na cidade.A Ecco Liberty entrou com mandado de\u2026","rel":"","context":"In &quot;Not\u00edcias de Ribeir\u00e3o Preto-SP e Regi\u00e3o&quot;","block_context":{"text":"Not\u00edcias de Ribeir\u00e3o Preto-SP e Regi\u00e3o","link":"https:\/\/noticiasribeiraopreto.com.br\/index.php\/category\/noticias-de-ribeirao-preto-sp-e-regiao-ismael-colosi\/"},"img":{"alt_text":"","src":"https:\/\/i0.wp.com\/noticiasribeiraopreto.com.br\/wp-content\/uploads\/2024\/01\/LixoRP-Max-Gallao-Mesquita-scaled.jpg?fit=1000%2C517&ssl=1&resize=350%2C200","width":350,"height":200,"srcset":"https:\/\/i0.wp.com\/noticiasribeiraopreto.com.br\/wp-content\/uploads\/2024\/01\/LixoRP-Max-Gallao-Mesquita-scaled.jpg?fit=1000%2C517&ssl=1&resize=350%2C200 1x, https:\/\/i0.wp.com\/noticiasribeiraopreto.com.br\/wp-content\/uploads\/2024\/01\/LixoRP-Max-Gallao-Mesquita-scaled.jpg?fit=1000%2C517&ssl=1&resize=525%2C300 1.5x, https:\/\/i0.wp.com\/noticiasribeiraopreto.com.br\/wp-content\/uploads\/2024\/01\/LixoRP-Max-Gallao-Mesquita-scaled.jpg?fit=1000%2C517&ssl=1&resize=700%2C400 2x"},"classes":[]}],"jetpack_sharing_enabled":true,"jetpack_shortlink":"https:\/\/wp.me\/peQAOb-jX4","_links":{"self":[{"href":"https:\/\/noticiasribeiraopreto.com.br\/index.php\/wp-json\/wp\/v2\/posts\/76698","targetHints":{"allow":["GET"]}}],"collection":[{"href":"https:\/\/noticiasribeiraopreto.com.br\/index.php\/wp-json\/wp\/v2\/posts"}],"about":[{"href":"https:\/\/noticiasribeiraopreto.com.br\/index.php\/wp-json\/wp\/v2\/types\/post"}],"author":[{"embeddable":true,"href":"https:\/\/noticiasribeiraopreto.com.br\/index.php\/wp-json\/wp\/v2\/users\/1"}],"replies":[{"embeddable":true,"href":"https:\/\/noticiasribeiraopreto.com.br\/index.php\/wp-json\/wp\/v2\/comments?post=76698"}],"version-history":[{"count":0,"href":"https:\/\/noticiasribeiraopreto.com.br\/index.php\/wp-json\/wp\/v2\/posts\/76698\/revisions"}],"wp:featuredmedia":[{"embeddable":true,"href":"https:\/\/noticiasribeiraopreto.com.br\/index.php\/wp-json\/wp\/v2\/media\/76699"}],"wp:attachment":[{"href":"https:\/\/noticiasribeiraopreto.com.br\/index.php\/wp-json\/wp\/v2\/media?parent=76698"}],"wp:term":[{"taxonomy":"category","embeddable":true,"href":"https:\/\/noticiasribeiraopreto.com.br\/index.php\/wp-json\/wp\/v2\/categories?post=76698"},{"taxonomy":"post_tag","embeddable":true,"href":"https:\/\/noticiasribeiraopreto.com.br\/index.php\/wp-json\/wp\/v2\/tags?post=76698"}],"curies":[{"name":"wp","href":"https:\/\/api.w.org\/{rel}","templated":true}]}}