{"id":76700,"date":"2025-09-03T18:07:22","date_gmt":"2025-09-03T21:07:22","guid":{"rendered":"https:\/\/noticiasribeiraopreto.com.br\/index.php\/2025\/09\/03\/novo-programa-alerta-sobre-celulares-com-queixa-de-roubo-saiba-como-funciona\/"},"modified":"2025-09-03T18:07:22","modified_gmt":"2025-09-03T21:07:22","slug":"novo-programa-alerta-sobre-celulares-com-queixa-de-roubo-saiba-como-funciona","status":"publish","type":"post","link":"https:\/\/noticiasribeiraopreto.com.br\/index.php\/2025\/09\/03\/novo-programa-alerta-sobre-celulares-com-queixa-de-roubo-saiba-como-funciona\/","title":{"rendered":"Novo programa alerta sobre celulares com queixa de roubo; saiba como funciona"},"content":{"rendered":"<div class='code-block code-block-1' style='margin: 8px 0 8px auto; text-align: right; display: block; clear: both;'>\n<p><a href=\"https:\/\/wa.link\/vpicfd\"><img data-recalc-dims=\"1\" class=\"wp-image-4922\" style=\"aspect-ratio: 2.0253164556962027; width: 561px; height: auto;\" src=\"https:\/\/i0.wp.com\/ismaelcolosi.com.br\/wp-content\/uploads\/2023\/11\/grupo-de-empregos-whatsapp-e-facebook-ismael-colosi-vagas.jpg?ssl=1\" alt=\"\" \/><\/a><\/p>\n<!-- \/wp:image -->\n<\/div>\n<p> <br \/>\n<\/p>\n<div data-td-block-uid=\"tdi_95\">\n<div class=\"tdb-block-inner td-fix-index\">\n<p>A <strong>Secretaria da Seguran\u00e7a P\u00fablica (SSP) <\/strong>come\u00e7ou nesta ter\u00e7a-feira (2) a notificar cerca de <strong>700 pessoas que est\u00e3o em posse de celulares com queixa de roubo ou furto<\/strong>. A medida integra a nova fase do programa <strong>SP Mobile<\/strong>, que busca identificar aparelhos roubados reativados por terceiros.<\/p>\n<p>Desde junho, quando o projeto come\u00e7ou, as for\u00e7as de seguran\u00e7a recuperaram aproximadamente<strong> 3,5 mil celulares. <\/strong><\/p>\n<h3 class=\"wp-block-heading\"><strong>Como o programa funciona?<\/strong><\/h3>\n<p>O <strong>SP Mobile<\/strong> cruza informa\u00e7\u00f5es de boletins de ocorr\u00eancia com dados fornecidos pelas operadoras de telefonia. Com isso, as autoridades conseguem identificar receptadores, cumprir mandados e desarticular redes de revenda de celulares furtados.<\/p>\n<p>O processo acontece em<strong> duas etapas<\/strong>:<\/p>\n<ul class=\"wp-block-list\">\n<li><strong>Primeira etapa:<\/strong> 700 notifica\u00e7\u00f5es foram enviadas para pessoas com celulares identificados como furtados ou roubados e que foram reativados. Os notificados t\u00eam tr\u00eas dias \u00fateis para entregar o aparelho voluntariamente no endere\u00e7o indicado.<\/li>\n<li><strong>Segunda etapa:<\/strong> quem n\u00e3o entregar o celular no prazo ter\u00e1 o caso encaminhado \u00e0 Pol\u00edcia Civil. A pol\u00edcia realizar\u00e1 dilig\u00eancias de busca e apreens\u00e3o. O portador do celular pode ser levado \u00e0 delegacia e responder por recepta\u00e7\u00e3o.<\/li>\n<\/ul>\n<p>O coordenador do programa, <strong>delegado Rodolfo Latif Sebba<\/strong>, refor\u00e7a que registrar boletim de ocorr\u00eancia \u00e9 fundamental. O registro do BO, incluindo o n\u00famero do IMEI do aparelho, permite que o <strong>SP Mobile<\/strong> identifique e devolva o celular ao dono leg\u00edtimo.<\/p>\n<p><em><sup><sub>Com informa\u00e7\u00f5es do G1<\/sub><\/sup><\/em><\/p>\n<hr class=\"wp-block-separator has-alpha-channel-opacity\"\/>\n<p>SAIBA MAIS<\/p>\n<p>Pol\u00edcia Civil cumpre mandados em Ribeir\u00e3o e regi\u00e3o contra quadrilha de fraudes eletr\u00f4nicas<\/p>\n<h2 class=\"wp-block-heading\"><strong>FIQUE ON<\/strong><\/h2>\n<p>Fique ligado em tudo que acontece em Ribeir\u00e3o Preto e regi\u00e3o. Siga os perfis do\u00a0<strong>acidade on<\/strong>\u00a0no<a href=\"https:\/\/www.instagram.com\/acidadeonribeirao\" target=\"_blank\" rel=\"noreferrer noopener\">\u00a0Instagram\u00a0<\/a>e no\u00a0<a href=\"https:\/\/www.facebook.com\/acidadeonribeirao\/\" target=\"_blank\" rel=\"noreferrer noopener\">Facebook<\/a>.<\/p>\n<p>Receba not\u00edcias do<strong>\u00a0acidade on<\/strong>\u00a0no WhatsApp. Para entrar no grupo,\u00a0basta\u00a0<a href=\"https:\/\/chat.whatsapp.com\/I4nieTEMKlf50pJ28aMemC?mode=ac_t\" target=\"_blank\" rel=\"noreferrer noopener\">clicar aqui<\/a>. Ou, acesse o nosso\u00a0Canal\u00a0<a href=\"https:\/\/whatsapp.com\/channel\/0029Vb6IQl1JENyAeS57fk2p\" target=\"_blank\" rel=\"noreferrer noopener\">clicando aqui<\/a>.<\/p>\n<p>Fa\u00e7a uma den\u00fancia ou sugira uma reportagem sobre Ribeir\u00e3o Preto e regi\u00e3o pelo WhatsApp: 16 99117 7802.<\/p>\n<p>VEJA TAMB\u00c9M<\/p>\n<p>Por que Sex Pistols cancelou o show no The Town?<\/p>\n<p><!-- AI CONTENT END 1 -->\n<\/div>\n<\/div>\n<p><script async src=\"\/\/www.instagram.com\/embed.js\"><\/script><br \/>\n<br \/><br \/>\n<br \/><a href=\"https:\/\/www.acidadeon.com\/ribeiraopreto\/cotidiano\/novo-programa-alerta-sobre-celulares-com-queixa-de-roubo-saiba-como-funciona\/\">Source link <\/a><\/p>\n<!-- CONTENT END 1 -->\n","protected":false},"excerpt":{"rendered":"<p>A Secretaria da Seguran\u00e7a P\u00fablica (SSP) come\u00e7ou nesta ter\u00e7a-feira (2) a notificar cerca de 700 pessoas que est\u00e3o em posse de celulares com queixa de&#8230;<\/p>\n","protected":false},"author":1,"featured_media":76701,"comment_status":"open","ping_status":"open","sticky":false,"template":"","format":"standard","meta":{"advanced_seo_description":"","jetpack_seo_html_title":"","jetpack_seo_noindex":false,"jetpack_post_was_ever_published":false,"_jetpack_newsletter_access":"","_jetpack_dont_email_post_to_subs":false,"_jetpack_newsletter_tier_id":0,"_jetpack_memberships_contains_paywalled_content":false,"_jetpack_memberships_contains_paid_content":false,"footnotes":"","jetpack_publicize_message":"","jetpack_publicize_feature_enabled":true,"jetpack_social_post_already_shared":true,"jetpack_social_options":{"image_generator_settings":{"template":"highway","default_image_id":0,"font":"","enabled":false},"version":2}},"categories":[11],"tags":[],"class_list":["post-76700","post","type-post","status-publish","format-standard","has-post-thumbnail","hentry","category-noticias-de-ribeirao-preto-sp-e-regiao-ismael-colosi"],"jetpack_publicize_connections":[],"jetpack_featured_media_url":"https:\/\/i0.wp.com\/noticiasribeiraopreto.com.br\/wp-content\/uploads\/2025\/09\/Copia-de-Copia-de-Copia-de-TAMANHO-EXATO-PARA-FOTOS-NO-SISTEMA-NOVO-2025-09-03T161622.974_2025-09-03_19-43-23.webp.webp?fit=1200%2C675&ssl=1","jetpack-related-posts":[{"id":76724,"url":"https:\/\/noticiasribeiraopreto.com.br\/index.php\/2025\/09\/04\/policia-vai-emitir-alerta-para-celulares-roubados-no-estado\/","url_meta":{"origin":76700,"position":0},"title":"Pol\u00edcia vai emitir alerta para celulares roubados no Estado","author":"noticiasribeiraopreto.com.br","date":"4 de September de 2025","format":false,"excerpt":"Cerca de 700 celulares estar\u00e3o recebendo alertas na nova fase do programa SP Mobile; Pol\u00edcia Civil tamb\u00e9m far\u00e1 dilig\u00eancias para localizar aparelhos 4 de setembro de 2025 10:135 Compartilhar1 Por: Adalberto Luque A Secretaria da Seguran\u00e7a P\u00fablica de S\u00e3o Paulo iniciou nesta ter\u00e7a-feira (2) a notifica\u00e7\u00e3o de cerca de 700\u2026","rel":"","context":"In &quot;Not\u00edcias de Ribeir\u00e3o Preto-SP e Regi\u00e3o&quot;","block_context":{"text":"Not\u00edcias de Ribeir\u00e3o Preto-SP e Regi\u00e3o","link":"https:\/\/noticiasribeiraopreto.com.br\/index.php\/category\/noticias-de-ribeirao-preto-sp-e-regiao-ismael-colosi\/"},"img":{"alt_text":"","src":"https:\/\/i0.wp.com\/noticiasribeiraopreto.com.br\/wp-content\/uploads\/2025\/09\/04-set-2025-spmobile.jpg?fit=798%2C600&ssl=1&resize=350%2C200","width":350,"height":200,"srcset":"https:\/\/i0.wp.com\/noticiasribeiraopreto.com.br\/wp-content\/uploads\/2025\/09\/04-set-2025-spmobile.jpg?fit=798%2C600&ssl=1&resize=350%2C200 1x, https:\/\/i0.wp.com\/noticiasribeiraopreto.com.br\/wp-content\/uploads\/2025\/09\/04-set-2025-spmobile.jpg?fit=798%2C600&ssl=1&resize=525%2C300 1.5x, https:\/\/i0.wp.com\/noticiasribeiraopreto.com.br\/wp-content\/uploads\/2025\/09\/04-set-2025-spmobile.jpg?fit=798%2C600&ssl=1&resize=700%2C400 2x"},"classes":[]},{"id":36958,"url":"https:\/\/noticiasribeiraopreto.com.br\/index.php\/2024\/02\/13\/celular-seguro-20-mil-aparelhos-sao-bloqueados-apos-envio-de-alertas\/","url_meta":{"origin":76700,"position":1},"title":"Celular Seguro: 20 mil aparelhos s\u00e3o bloqueados ap\u00f3s envio de alertas","author":"noticiasribeiraopreto.com.br","date":"13 de February de 2024","format":false,"excerpt":"13 de fevereiro de 2024 | 8:0012 de fevereiro de 2024 | 11:55 0O Programa Celular Seguro j\u00e1 recebeu 20.055 mil alertas de bloqueios de usu\u00e1rios que j\u00e1 instalaram o aplicativo em seus telefones m\u00f3veis. Lan\u00e7ado em dezembro do ano passado pelo Minist\u00e9rio da Justi\u00e7a e Seguran\u00e7a P\u00fablica (MJSP), o\u2026","rel":"","context":"In &quot;Not\u00edcias de Ribeir\u00e3o Preto-SP e Regi\u00e3o&quot;","block_context":{"text":"Not\u00edcias de Ribeir\u00e3o Preto-SP e Regi\u00e3o","link":"https:\/\/noticiasribeiraopreto.com.br\/index.php\/category\/noticias-de-ribeirao-preto-sp-e-regiao-ismael-colosi\/"},"img":{"alt_text":"","src":"https:\/\/i0.wp.com\/noticiasribeiraopreto.com.br\/wp-content\/uploads\/2024\/02\/1f02933a-5080-43fd-a7e7-33da3367fedf-scaled.jpg?fit=1000%2C598&ssl=1&resize=350%2C200","width":350,"height":200,"srcset":"https:\/\/i0.wp.com\/noticiasribeiraopreto.com.br\/wp-content\/uploads\/2024\/02\/1f02933a-5080-43fd-a7e7-33da3367fedf-scaled.jpg?fit=1000%2C598&ssl=1&resize=350%2C200 1x, https:\/\/i0.wp.com\/noticiasribeiraopreto.com.br\/wp-content\/uploads\/2024\/02\/1f02933a-5080-43fd-a7e7-33da3367fedf-scaled.jpg?fit=1000%2C598&ssl=1&resize=525%2C300 1.5x, https:\/\/i0.wp.com\/noticiasribeiraopreto.com.br\/wp-content\/uploads\/2024\/02\/1f02933a-5080-43fd-a7e7-33da3367fedf-scaled.jpg?fit=1000%2C598&ssl=1&resize=700%2C400 2x"},"classes":[]},{"id":41683,"url":"https:\/\/noticiasribeiraopreto.com.br\/index.php\/2024\/03\/10\/ribeirao-e-a-8a-de-sp-com-mais-furtos-e-roubos-de-celular\/","url_meta":{"origin":76700,"position":2},"title":"Ribeir\u00e3o \u00e9 a 8\u00aa de SP com mais furtos e roubos de celular\u00a0","author":"noticiasribeiraopreto.com.br","date":"10 de March de 2024","format":false,"excerpt":"Por Adalberto Luque\u00a0Um levantamento realizado pelo Departamento de Economia do Crime da Funda\u00e7\u00e3o Escola de Com\u00e9rcio \u00c1lvares Penteado (FECAP) a partir da compila\u00e7\u00e3o de boletins de ocorr\u00eancia registrados pela Secretaria da Seguran\u00e7a P\u00fablica (SSP) aponta que o n\u00famero de casos de furto e roubo de celulares foi 10% menor em\u2026","rel":"","context":"In &quot;Not\u00edcias de Ribeir\u00e3o Preto-SP e Regi\u00e3o&quot;","block_context":{"text":"Not\u00edcias de Ribeir\u00e3o Preto-SP e Regi\u00e3o","link":"https:\/\/noticiasribeiraopreto.com.br\/index.php\/category\/noticias-de-ribeirao-preto-sp-e-regiao-ismael-colosi\/"},"img":{"alt_text":"","src":"https:\/\/i0.wp.com\/noticiasribeiraopreto.com.br\/wp-content\/uploads\/2024\/03\/FOTO-01-Roubo-de-Celular-a-Foto-Reproducao-Internet.jpg?fit=650%2C433&ssl=1&resize=350%2C200","width":350,"height":200,"srcset":"https:\/\/i0.wp.com\/noticiasribeiraopreto.com.br\/wp-content\/uploads\/2024\/03\/FOTO-01-Roubo-de-Celular-a-Foto-Reproducao-Internet.jpg?fit=650%2C433&ssl=1&resize=350%2C200 1x, https:\/\/i0.wp.com\/noticiasribeiraopreto.com.br\/wp-content\/uploads\/2024\/03\/FOTO-01-Roubo-de-Celular-a-Foto-Reproducao-Internet.jpg?fit=650%2C433&ssl=1&resize=525%2C300 1.5x"},"classes":[]},{"id":75504,"url":"https:\/\/noticiasribeiraopreto.com.br\/index.php\/2025\/08\/10\/a-industria-do-furto-de-celulares-em-shows\/","url_meta":{"origin":76700,"position":3},"title":"A ind\u00fastria do furto de celulares em shows","author":"noticiasribeiraopreto.com.br","date":"10 de August de 2025","format":false,"excerpt":"Criminosos de outras cidades se deslocam, em grupo, para eventos realizados em Ribeir\u00e3o Preto com o objetivo de furtar celulares. Por Adalberto Luque A manicure Carla (nome fict\u00edcio) contou os dias e as horas para realizar seu grande sonho: assistir ao show da cantora Anitta em Ribeir\u00e3o Preto. Ela comprou\u2026","rel":"","context":"In &quot;Not\u00edcias de Ribeir\u00e3o Preto-SP e Regi\u00e3o&quot;","block_context":{"text":"Not\u00edcias de Ribeir\u00e3o Preto-SP e Regi\u00e3o","link":"https:\/\/noticiasribeiraopreto.com.br\/index.php\/category\/noticias-de-ribeirao-preto-sp-e-regiao-ismael-colosi\/"},"img":{"alt_text":"","src":"https:\/\/i0.wp.com\/noticiasribeiraopreto.com.br\/wp-content\/uploads\/2025\/08\/celular_capa.jpg?fit=800%2C500&ssl=1&resize=350%2C200","width":350,"height":200,"srcset":"https:\/\/i0.wp.com\/noticiasribeiraopreto.com.br\/wp-content\/uploads\/2025\/08\/celular_capa.jpg?fit=800%2C500&ssl=1&resize=350%2C200 1x, https:\/\/i0.wp.com\/noticiasribeiraopreto.com.br\/wp-content\/uploads\/2025\/08\/celular_capa.jpg?fit=800%2C500&ssl=1&resize=525%2C300 1.5x, https:\/\/i0.wp.com\/noticiasribeiraopreto.com.br\/wp-content\/uploads\/2025\/08\/celular_capa.jpg?fit=800%2C500&ssl=1&resize=700%2C400 2x"},"classes":[]},{"id":25501,"url":"https:\/\/noticiasribeiraopreto.com.br\/index.php\/2024\/01\/07\/entenda-como-funciona-a-terapia-celular-car-t-cell-contra-o-cancer\/","url_meta":{"origin":76700,"position":4},"title":"Entenda como funciona a terapia celular CAR-T Cell contra o c\u00e2ncer\u00a0","author":"noticiasribeiraopreto.com.br","date":"7 de January de 2024","format":false,"excerpt":"A terapia celular CAR-T Cell tem obtido resultado importante no tratamento de alguns tipos de c\u00e2ncer, por meio da reprograma\u00e7\u00e3o das c\u00e9lulas de defesa do corpo. A tecnologia celular CAR-T \u00e9 um tipo de imunoterapia que utiliza linf\u00f3citos T, c\u00e9lulas do sistema imunol\u00f3gico respons\u00e1veis por combater agentes patog\u00eanicos e c\u00e9lulas\u2026","rel":"","context":"In &quot;Not\u00edcias de Ribeir\u00e3o Preto-SP e Regi\u00e3o&quot;","block_context":{"text":"Not\u00edcias de Ribeir\u00e3o Preto-SP e Regi\u00e3o","link":"https:\/\/noticiasribeiraopreto.com.br\/index.php\/category\/noticias-de-ribeirao-preto-sp-e-regiao-ismael-colosi\/"},"img":{"alt_text":"","src":"https:\/\/i0.wp.com\/noticiasribeiraopreto.com.br\/wp-content\/uploads\/2024\/01\/2-cancer-foto-2-antes_depois-scaled.jpg?fit=1000%2C598&ssl=1&resize=350%2C200","width":350,"height":200,"srcset":"https:\/\/i0.wp.com\/noticiasribeiraopreto.com.br\/wp-content\/uploads\/2024\/01\/2-cancer-foto-2-antes_depois-scaled.jpg?fit=1000%2C598&ssl=1&resize=350%2C200 1x, https:\/\/i0.wp.com\/noticiasribeiraopreto.com.br\/wp-content\/uploads\/2024\/01\/2-cancer-foto-2-antes_depois-scaled.jpg?fit=1000%2C598&ssl=1&resize=525%2C300 1.5x, https:\/\/i0.wp.com\/noticiasribeiraopreto.com.br\/wp-content\/uploads\/2024\/01\/2-cancer-foto-2-antes_depois-scaled.jpg?fit=1000%2C598&ssl=1&resize=700%2C400 2x"},"classes":[]},{"id":42294,"url":"https:\/\/noticiasribeiraopreto.com.br\/index.php\/2024\/03\/13\/entenda-como-funciona-a-terapia-celular-contra-o-cancer-do-hc-de-ribeirao\/","url_meta":{"origin":76700,"position":5},"title":"Entenda como funciona a terapia celular contra o c\u00e2ncer do HC de Ribeir\u00e3o","author":"noticiasribeiraopreto.com.br","date":"13 de March de 2024","format":false,"excerpt":"O Hospital das Cl\u00ednicas de Ribeir\u00e3o Preto come\u00e7a nesta sexta-feira (15) os testes sobre o tratamento celular contra o c\u00e2ncer. Na primeira etapa, o tratamento com c\u00e9lulas CAR-T ser\u00e1 aplicado em quatro pacientes com linfoma e leucemia. O tratamento com c\u00e9lulas CAR-T foi desenvolvido em 2017 nos Estados Unidos e,\u2026","rel":"","context":"In &quot;Not\u00edcias de Ribeir\u00e3o Preto-SP e Regi\u00e3o&quot;","block_context":{"text":"Not\u00edcias de Ribeir\u00e3o Preto-SP e Regi\u00e3o","link":"https:\/\/noticiasribeiraopreto.com.br\/index.php\/category\/noticias-de-ribeirao-preto-sp-e-regiao-ismael-colosi\/"},"img":{"alt_text":"","src":"https:\/\/i0.wp.com\/noticiasribeiraopreto.com.br\/wp-content\/uploads\/2024\/03\/AnyConv.com__celula-cart.webp.webp?fit=1200%2C630&ssl=1&resize=350%2C200","width":350,"height":200,"srcset":"https:\/\/i0.wp.com\/noticiasribeiraopreto.com.br\/wp-content\/uploads\/2024\/03\/AnyConv.com__celula-cart.webp.webp?fit=1200%2C630&ssl=1&resize=350%2C200 1x, https:\/\/i0.wp.com\/noticiasribeiraopreto.com.br\/wp-content\/uploads\/2024\/03\/AnyConv.com__celula-cart.webp.webp?fit=1200%2C630&ssl=1&resize=525%2C300 1.5x, https:\/\/i0.wp.com\/noticiasribeiraopreto.com.br\/wp-content\/uploads\/2024\/03\/AnyConv.com__celula-cart.webp.webp?fit=1200%2C630&ssl=1&resize=700%2C400 2x, https:\/\/i0.wp.com\/noticiasribeiraopreto.com.br\/wp-content\/uploads\/2024\/03\/AnyConv.com__celula-cart.webp.webp?fit=1200%2C630&ssl=1&resize=1050%2C600 3x"},"classes":[]}],"jetpack_sharing_enabled":true,"jetpack_shortlink":"https:\/\/wp.me\/peQAOb-jX6","_links":{"self":[{"href":"https:\/\/noticiasribeiraopreto.com.br\/index.php\/wp-json\/wp\/v2\/posts\/76700","targetHints":{"allow":["GET"]}}],"collection":[{"href":"https:\/\/noticiasribeiraopreto.com.br\/index.php\/wp-json\/wp\/v2\/posts"}],"about":[{"href":"https:\/\/noticiasribeiraopreto.com.br\/index.php\/wp-json\/wp\/v2\/types\/post"}],"author":[{"embeddable":true,"href":"https:\/\/noticiasribeiraopreto.com.br\/index.php\/wp-json\/wp\/v2\/users\/1"}],"replies":[{"embeddable":true,"href":"https:\/\/noticiasribeiraopreto.com.br\/index.php\/wp-json\/wp\/v2\/comments?post=76700"}],"version-history":[{"count":0,"href":"https:\/\/noticiasribeiraopreto.com.br\/index.php\/wp-json\/wp\/v2\/posts\/76700\/revisions"}],"wp:featuredmedia":[{"embeddable":true,"href":"https:\/\/noticiasribeiraopreto.com.br\/index.php\/wp-json\/wp\/v2\/media\/76701"}],"wp:attachment":[{"href":"https:\/\/noticiasribeiraopreto.com.br\/index.php\/wp-json\/wp\/v2\/media?parent=76700"}],"wp:term":[{"taxonomy":"category","embeddable":true,"href":"https:\/\/noticiasribeiraopreto.com.br\/index.php\/wp-json\/wp\/v2\/categories?post=76700"},{"taxonomy":"post_tag","embeddable":true,"href":"https:\/\/noticiasribeiraopreto.com.br\/index.php\/wp-json\/wp\/v2\/tags?post=76700"}],"curies":[{"name":"wp","href":"https:\/\/api.w.org\/{rel}","templated":true}]}}