{"id":76702,"date":"2025-09-03T18:15:52","date_gmt":"2025-09-03T21:15:52","guid":{"rendered":"https:\/\/noticiasribeiraopreto.com.br\/index.php\/2025\/09\/03\/ribeirao-preto-cria-selo-para-supermercados-amigos-dos-pets-entenda\/"},"modified":"2025-09-03T18:15:52","modified_gmt":"2025-09-03T21:15:52","slug":"ribeirao-preto-cria-selo-para-supermercados-amigos-dos-pets-entenda","status":"publish","type":"post","link":"https:\/\/noticiasribeiraopreto.com.br\/index.php\/2025\/09\/03\/ribeirao-preto-cria-selo-para-supermercados-amigos-dos-pets-entenda\/","title":{"rendered":"Ribeir\u00e3o Preto cria selo para supermercados &#8216;amigos dos pets&#8217;; entenda"},"content":{"rendered":"<div class='code-block code-block-1' style='margin: 8px 0 8px auto; text-align: right; display: block; clear: both;'>\n<p><a href=\"https:\/\/wa.link\/vpicfd\"><img data-recalc-dims=\"1\" class=\"wp-image-4922\" style=\"aspect-ratio: 2.0253164556962027; width: 561px; height: auto;\" src=\"https:\/\/i0.wp.com\/ismaelcolosi.com.br\/wp-content\/uploads\/2023\/11\/grupo-de-empregos-whatsapp-e-facebook-ismael-colosi-vagas.jpg?ssl=1\" alt=\"\" \/><\/a><\/p>\n<!-- \/wp:image -->\n<\/div>\n<p> <br \/>\n<\/p>\n<div data-td-block-uid=\"tdi_95\">\n<div class=\"tdb-block-inner td-fix-index\">\n<p>A <strong>Prefeitura de Ribeir\u00e3o Preto <\/strong>sancionou, nesta ter\u00e7a-feira (2), a <strong>Lei n\u00ba 15.121<\/strong>, de autoria do vereador Bigodini, que institui o <strong>Selo Municipal \u201cSupermercado Amigo do Pet\u201d<\/strong>. A iniciativa reconhece estabelecimentos que oferecem <strong>\u00e1reas externas seguras para c\u00e3es e gatos<\/strong> durante as compras de seus tutores.<\/p>\n<p>Com a nova lei, <strong>hipermercados<\/strong>, <strong>supermercados <\/strong>e <strong>mercados <\/strong>que aderirem dever\u00e3o instalar<strong> casinhas pr\u00f3ximas \u00e0s entradas principais<\/strong>, com <strong>sombra<\/strong>, <strong>higieniza\u00e7\u00e3o <\/strong>e <strong>seguran\u00e7a<\/strong>, para acolher temporariamente os pets.<\/p>\n<div class=\"wp-block-image\">\n<figure class=\"aligncenter size-full\"><img data-recalc-dims=\"1\" fetchpriority=\"high\" decoding=\"async\" width=\"684\" height=\"454\" src=\"https:\/\/i0.wp.com\/cdn.media-acidadeon.com.br\/ribeiraopreto\/wp-content\/uploads\/sites\/3\/2025\/09\/c266e97d07913bbd9b4d757a560f11a1_2025-09-03_19-01-15.webp?resize=684%2C454&#038;ssl=1\" alt=\"c266e97d07913bbd9b4d757a560f11a1 2025 09 03 19 01 15\" class=\"wp-image-127926\" title=\"Ribeir\u00e3o Preto cria selo para supermercados 'amigos dos pets'; entenda 1\" srcset=\"https:\/\/cdn.media-acidadeon.com.br\/ribeiraopreto\/wp-content\/uploads\/sites\/3\/2025\/09\/c266e97d07913bbd9b4d757a560f11a1_2025-09-03_19-01-15.webp 684w, https:\/\/cdn.media-acidadeon.com.br\/ribeiraopreto\/wp-content\/uploads\/sites\/3\/2025\/09\/c266e97d07913bbd9b4d757a560f11a1_2025-09-03_19-01-15-300x199.webp 300w\" sizes=\"(max-width: 684px) 100vw, 684px\"\/><figcaption class=\"wp-element-caption\">Imagem ilustrativa<\/figcaption><\/figure>\n<\/div>\n<p>Al\u00e9m da instala\u00e7\u00e3o das \u00e1reas apropriadas, os estabelecimentos dever\u00e3o fixar <strong>placas informativas<\/strong> alertando sobre os riscos de deixar animais dentro de carros. A sinaliza\u00e7\u00e3o tamb\u00e9m dever\u00e1 indicar que a perman\u00eancia \u00e9 <strong>tempor\u00e1ria<\/strong> e que a <strong>responsabilidade pelo pet \u00e9 do tutor<\/strong>.<\/p>\n<p>O selo ter\u00e1 <strong>validade de um ano<\/strong>, podendo ser renovado, e poder\u00e1 ser utilizado em <strong>campanhas institucionais e promocionais<\/strong> pelos supermercados certificados, incentivando a ades\u00e3o e promovendo cuidados com os animais de estima\u00e7\u00e3o.<\/p>\n<hr class=\"wp-block-separator has-alpha-channel-opacity\"\/>\n<p>SAIBA MAIS<\/p>\n<p>Pol\u00edcia Civil cumpre mandados em Ribeir\u00e3o e regi\u00e3o contra quadrilha de fraudes eletr\u00f4nicas<\/p>\n<h2 class=\"wp-block-heading\"><strong>FIQUE ON<\/strong><\/h2>\n<p>Fique ligado em tudo que acontece em Ribeir\u00e3o Preto e regi\u00e3o. Siga os perfis do\u00a0<strong>acidade on<\/strong>\u00a0no<a href=\"https:\/\/www.instagram.com\/acidadeonribeirao\" target=\"_blank\" rel=\"noreferrer noopener\">\u00a0Instagram\u00a0<\/a>e no\u00a0<a href=\"https:\/\/www.facebook.com\/acidadeonribeirao\/\" target=\"_blank\" rel=\"noreferrer noopener\">Facebook<\/a>.<\/p>\n<p>Receba not\u00edcias do<strong>\u00a0acidade on<\/strong>\u00a0no WhatsApp. Para entrar no grupo,\u00a0basta\u00a0<a href=\"https:\/\/chat.whatsapp.com\/I4nieTEMKlf50pJ28aMemC?mode=ac_t\" target=\"_blank\" rel=\"noreferrer noopener\">clicar aqui<\/a>. Ou, acesse o nosso\u00a0Canal\u00a0<a href=\"https:\/\/whatsapp.com\/channel\/0029Vb6IQl1JENyAeS57fk2p\" target=\"_blank\" rel=\"noreferrer noopener\">clicando aqui<\/a>.<\/p>\n<p>Fa\u00e7a uma den\u00fancia ou sugira uma reportagem sobre Ribeir\u00e3o Preto e regi\u00e3o pelo WhatsApp: 16 99117 7802.<\/p>\n<p>VEJA TAMB\u00c9M<\/p>\n<p>Por que Sex Pistols cancelou o show no The Town?<\/p>\n<p><!-- AI CONTENT END 1 -->\n<\/div>\n<\/div>\n<p><script async src=\"\/\/www.instagram.com\/embed.js\"><\/script><br \/>\n<br \/><br \/>\n<br \/><a href=\"https:\/\/www.acidadeon.com\/ribeiraopreto\/politica\/ribeirao-preto-cria-selo-para-supermercados-amigos-dos-pets-entenda\/\">Source link <\/a><\/p>\n<!-- CONTENT END 1 -->\n","protected":false},"excerpt":{"rendered":"<p>A Prefeitura de Ribeir\u00e3o Preto sancionou, nesta ter\u00e7a-feira (2), a Lei n\u00ba 15.121, de autoria do vereador Bigodini, que institui o Selo Municipal \u201cSupermercado Amigo&#8230;<\/p>\n","protected":false},"author":1,"featured_media":76703,"comment_status":"open","ping_status":"open","sticky":false,"template":"","format":"standard","meta":{"advanced_seo_description":"","jetpack_seo_html_title":"","jetpack_seo_noindex":false,"jetpack_post_was_ever_published":false,"_jetpack_newsletter_access":"","_jetpack_dont_email_post_to_subs":false,"_jetpack_newsletter_tier_id":0,"_jetpack_memberships_contains_paywalled_content":false,"_jetpack_memberships_contains_paid_content":false,"footnotes":"","jetpack_publicize_message":"","jetpack_publicize_feature_enabled":true,"jetpack_social_post_already_shared":true,"jetpack_social_options":{"image_generator_settings":{"template":"highway","default_image_id":0,"font":"","enabled":false},"version":2}},"categories":[11],"tags":[],"class_list":["post-76702","post","type-post","status-publish","format-standard","has-post-thumbnail","hentry","category-noticias-de-ribeirao-preto-sp-e-regiao-ismael-colosi"],"jetpack_publicize_connections":[],"jetpack_featured_media_url":"https:\/\/i0.wp.com\/noticiasribeiraopreto.com.br\/wp-content\/uploads\/2025\/09\/Copia-de-Copia-de-Copia-de-TAMANHO-EXATO-PARA-FOTOS-NO-SISTEMA-NOVO-2025-09-03T171425.498_2025-09-03_20-14-29.webp.webp?fit=1200%2C675&ssl=1","jetpack-related-posts":[{"id":11743,"url":"https:\/\/noticiasribeiraopreto.com.br\/index.php\/2023\/12\/06\/rede-de-supermercados-realiza-feirao-do-emprego-em-ribeirao-preto-veja-quando\/","url_meta":{"origin":76702,"position":0},"title":"Rede de supermercados realiza Feir\u00e3o do Emprego em Ribeir\u00e3o Preto; Veja quando","author":"noticiasribeiraopreto.com.br","date":"6 de December de 2023","format":false,"excerpt":"O Sincovarp (Sindicato do Com\u00e9rcio Varejista de Ribeir\u00e3o Preto) e a rede de Supermercados Savegnago, realizam na ter\u00e7a-feira (12), das 10h \u00e0s 14h, um Feir\u00e3o do Emprego, na rua Lafaiate, 394, no Centro. Ser\u00e3o diversas oportunidades de trabalho para as cidades de Ribeir\u00e3o Preto, Sert\u00e3ozinho, Monte Alto, Franca, Barretos e\u2026","rel":"","context":"In &quot;Not\u00edcias de Ribeir\u00e3o Preto-SP e Regi\u00e3o&quot;","block_context":{"text":"Not\u00edcias de Ribeir\u00e3o Preto-SP e Regi\u00e3o","link":"https:\/\/noticiasribeiraopreto.com.br\/index.php\/category\/noticias-de-ribeirao-preto-sp-e-regiao-ismael-colosi\/"},"img":{"alt_text":"","src":"https:\/\/i0.wp.com\/noticiasribeiraopreto.com.br\/wp-content\/uploads\/2023\/12\/Atacado.jpg?fit=1200%2C730&ssl=1&resize=350%2C200","width":350,"height":200,"srcset":"https:\/\/i0.wp.com\/noticiasribeiraopreto.com.br\/wp-content\/uploads\/2023\/12\/Atacado.jpg?fit=1200%2C730&ssl=1&resize=350%2C200 1x, https:\/\/i0.wp.com\/noticiasribeiraopreto.com.br\/wp-content\/uploads\/2023\/12\/Atacado.jpg?fit=1200%2C730&ssl=1&resize=525%2C300 1.5x, https:\/\/i0.wp.com\/noticiasribeiraopreto.com.br\/wp-content\/uploads\/2023\/12\/Atacado.jpg?fit=1200%2C730&ssl=1&resize=700%2C400 2x, https:\/\/i0.wp.com\/noticiasribeiraopreto.com.br\/wp-content\/uploads\/2023\/12\/Atacado.jpg?fit=1200%2C730&ssl=1&resize=1050%2C600 3x"},"classes":[]},{"id":83729,"url":"https:\/\/noticiasribeiraopreto.com.br\/index.php\/2026\/03\/24\/venda-de-medicamentos-em-supermercados-ja-esta-liberada-entenda\/","url_meta":{"origin":76702,"position":1},"title":"Venda de medicamentos em supermercados j\u00e1 est\u00e1 liberada; entenda","author":"noticiasribeiraopreto.com.br","date":"24 de March de 2026","format":false,"excerpt":"O presidente Luiz In\u00e1cio Lula da Silva (PT) sancionou a lei que autoriza a instala\u00e7\u00e3o de farm\u00e1cia ou drogaria em \u00e1reas de venda de supermercados. O texto foi publicado nesta segunda-feira (23) no Di\u00e1rio Oficial da Uni\u00e3o. A norma tem origem no Projeto de Lei n\u00ba 2.158\/2023, aprovado pelo Congresso\u2026","rel":"","context":"In &quot;Not\u00edcias de Ribeir\u00e3o Preto-SP e Regi\u00e3o&quot;","block_context":{"text":"Not\u00edcias de Ribeir\u00e3o Preto-SP e Regi\u00e3o","link":"https:\/\/noticiasribeiraopreto.com.br\/index.php\/category\/noticias-de-ribeirao-preto-sp-e-regiao-ismael-colosi\/"},"img":{"alt_text":"","src":"https:\/\/i0.wp.com\/noticiasribeiraopreto.com.br\/wp-content\/uploads\/2026\/03\/farmacia_2026-03-03_14-31-29.webp.webp?fit=1200%2C800&ssl=1&resize=350%2C200","width":350,"height":200,"srcset":"https:\/\/i0.wp.com\/noticiasribeiraopreto.com.br\/wp-content\/uploads\/2026\/03\/farmacia_2026-03-03_14-31-29.webp.webp?fit=1200%2C800&ssl=1&resize=350%2C200 1x, https:\/\/i0.wp.com\/noticiasribeiraopreto.com.br\/wp-content\/uploads\/2026\/03\/farmacia_2026-03-03_14-31-29.webp.webp?fit=1200%2C800&ssl=1&resize=525%2C300 1.5x, https:\/\/i0.wp.com\/noticiasribeiraopreto.com.br\/wp-content\/uploads\/2026\/03\/farmacia_2026-03-03_14-31-29.webp.webp?fit=1200%2C800&ssl=1&resize=700%2C400 2x, https:\/\/i0.wp.com\/noticiasribeiraopreto.com.br\/wp-content\/uploads\/2026\/03\/farmacia_2026-03-03_14-31-29.webp.webp?fit=1200%2C800&ssl=1&resize=1050%2C600 3x"},"classes":[]},{"id":28268,"url":"https:\/\/noticiasribeiraopreto.com.br\/index.php\/2024\/01\/15\/supermercado-anuncia-50-vagas-de-emprego-em-ribeirao-preto-saiba-como-participar\/","url_meta":{"origin":76702,"position":2},"title":"Supermercado anuncia 50 vagas de emprego em Ribeir\u00e3o Preto; Saiba como participar","author":"noticiasribeiraopreto.com.br","date":"15 de January de 2024","format":false,"excerpt":"A rede de supermercados Big Compra anunciou nesta segunda-feira (15) a disponibilidade de 50 vagas de emprego em quatro lojas de Ribeir\u00e3o Preto. As vagas dispon\u00edveis s\u00e3o para as \u00e1reas de multidepartamentos, repositores de mercadorias, a\u00e7ougueiros, entre outras. Para candidatar-se, os interessados devem comparecer pessoalmente no dia 19 de janeiro,\u2026","rel":"","context":"In &quot;Not\u00edcias de Ribeir\u00e3o Preto-SP e Regi\u00e3o&quot;","block_context":{"text":"Not\u00edcias de Ribeir\u00e3o Preto-SP e Regi\u00e3o","link":"https:\/\/noticiasribeiraopreto.com.br\/index.php\/category\/noticias-de-ribeirao-preto-sp-e-regiao-ismael-colosi\/"},"img":{"alt_text":"","src":"https:\/\/i0.wp.com\/noticiasribeiraopreto.com.br\/wp-content\/uploads\/2024\/01\/Vagas-de-emprego-supermercado.jpg?fit=864%2C478&ssl=1&resize=350%2C200","width":350,"height":200,"srcset":"https:\/\/i0.wp.com\/noticiasribeiraopreto.com.br\/wp-content\/uploads\/2024\/01\/Vagas-de-emprego-supermercado.jpg?fit=864%2C478&ssl=1&resize=350%2C200 1x, https:\/\/i0.wp.com\/noticiasribeiraopreto.com.br\/wp-content\/uploads\/2024\/01\/Vagas-de-emprego-supermercado.jpg?fit=864%2C478&ssl=1&resize=525%2C300 1.5x, https:\/\/i0.wp.com\/noticiasribeiraopreto.com.br\/wp-content\/uploads\/2024\/01\/Vagas-de-emprego-supermercado.jpg?fit=864%2C478&ssl=1&resize=700%2C400 2x"},"classes":[]},{"id":56858,"url":"https:\/\/noticiasribeiraopreto.com.br\/index.php\/2024\/08\/15\/rede-de-supermercados-realiza-feirao-com-150-vagas-em-ribeirao-preto\/","url_meta":{"origin":76702,"position":3},"title":"Rede de supermercados realiza feir\u00e3o com 150 vagas em Ribeir\u00e3o Preto","author":"noticiasribeiraopreto.com.br","date":"15 de August de 2024","format":false,"excerpt":"O Savegnago Supermercados vai promover um feir\u00e3o on-line de empregos no dia 22 de agosto, para preencher 150 vagas destinadas a sua loja no Novo Shopping, zona Leste de Ribeir\u00e3o Preto. O an\u00fancio da nova loja aconteceu no m\u00eas passado, contudo, n\u00e3o foi informada a data para inaugura\u00e7\u00e3o do supermercado.\u2026","rel":"","context":"In &quot;Not\u00edcias de Ribeir\u00e3o Preto-SP e Regi\u00e3o&quot;","block_context":{"text":"Not\u00edcias de Ribeir\u00e3o Preto-SP e Regi\u00e3o","link":"https:\/\/noticiasribeiraopreto.com.br\/index.php\/category\/noticias-de-ribeirao-preto-sp-e-regiao-ismael-colosi\/"},"img":{"alt_text":"","src":"https:\/\/i0.wp.com\/noticiasribeiraopreto.com.br\/wp-content\/uploads\/2024\/06\/Copia-de-Copia-de-TAMANHO-EXATO-PARA-FOTOS-NO-SISTEMA-NOVO-6_2024-06-17_13-45-48_jpg_2024-06-17_13-45-48.webp.webp?fit=1200%2C675&ssl=1&resize=350%2C200","width":350,"height":200,"srcset":"https:\/\/i0.wp.com\/noticiasribeiraopreto.com.br\/wp-content\/uploads\/2024\/06\/Copia-de-Copia-de-TAMANHO-EXATO-PARA-FOTOS-NO-SISTEMA-NOVO-6_2024-06-17_13-45-48_jpg_2024-06-17_13-45-48.webp.webp?fit=1200%2C675&ssl=1&resize=350%2C200 1x, https:\/\/i0.wp.com\/noticiasribeiraopreto.com.br\/wp-content\/uploads\/2024\/06\/Copia-de-Copia-de-TAMANHO-EXATO-PARA-FOTOS-NO-SISTEMA-NOVO-6_2024-06-17_13-45-48_jpg_2024-06-17_13-45-48.webp.webp?fit=1200%2C675&ssl=1&resize=525%2C300 1.5x, https:\/\/i0.wp.com\/noticiasribeiraopreto.com.br\/wp-content\/uploads\/2024\/06\/Copia-de-Copia-de-TAMANHO-EXATO-PARA-FOTOS-NO-SISTEMA-NOVO-6_2024-06-17_13-45-48_jpg_2024-06-17_13-45-48.webp.webp?fit=1200%2C675&ssl=1&resize=700%2C400 2x, https:\/\/i0.wp.com\/noticiasribeiraopreto.com.br\/wp-content\/uploads\/2024\/06\/Copia-de-Copia-de-TAMANHO-EXATO-PARA-FOTOS-NO-SISTEMA-NOVO-6_2024-06-17_13-45-48_jpg_2024-06-17_13-45-48.webp.webp?fit=1200%2C675&ssl=1&resize=1050%2C600 3x"},"classes":[]},{"id":58734,"url":"https:\/\/noticiasribeiraopreto.com.br\/index.php\/2024\/10\/04\/supermercado-em-ribeirao-preto-anuncia-fim-das-atividades\/","url_meta":{"origin":76702,"position":4},"title":"Supermercado em Ribeir\u00e3o Preto anuncia fim das atividades","author":"noticiasribeiraopreto.com.br","date":"4 de October de 2024","format":false,"excerpt":"O\u00a0Grupo Solar Supermercados, propriet\u00e1rio do\u00a0Alma Julia, em\u00a0Ribeir\u00e3o Preto, divulgou o fim das atividades na cidade. O an\u00fancio foi feito por meio das redes sociais do grupo, na tarde desta sexta-feira (4). De acordo com o setor de comunica\u00e7\u00e3o do Grupo Solar, uma nova rede vai assumir o fundo de com\u00e9rcio\u2026","rel":"","context":"In &quot;Not\u00edcias de Ribeir\u00e3o Preto-SP e Regi\u00e3o&quot;","block_context":{"text":"Not\u00edcias de Ribeir\u00e3o Preto-SP e Regi\u00e3o","link":"https:\/\/noticiasribeiraopreto.com.br\/index.php\/category\/noticias-de-ribeirao-preto-sp-e-regiao-ismael-colosi\/"},"img":{"alt_text":"","src":"https:\/\/i0.wp.com\/noticiasribeiraopreto.com.br\/wp-content\/uploads\/2024\/10\/alma-julia-ribeirao-preto_2024-07-31_15-00-40_jpg_2024-07-31_15-00-40-1024x643-1_2024-10-04_22-32-37.webp.webp?fit=1024%2C643&ssl=1&resize=350%2C200","width":350,"height":200,"srcset":"https:\/\/i0.wp.com\/noticiasribeiraopreto.com.br\/wp-content\/uploads\/2024\/10\/alma-julia-ribeirao-preto_2024-07-31_15-00-40_jpg_2024-07-31_15-00-40-1024x643-1_2024-10-04_22-32-37.webp.webp?fit=1024%2C643&ssl=1&resize=350%2C200 1x, https:\/\/i0.wp.com\/noticiasribeiraopreto.com.br\/wp-content\/uploads\/2024\/10\/alma-julia-ribeirao-preto_2024-07-31_15-00-40_jpg_2024-07-31_15-00-40-1024x643-1_2024-10-04_22-32-37.webp.webp?fit=1024%2C643&ssl=1&resize=525%2C300 1.5x, https:\/\/i0.wp.com\/noticiasribeiraopreto.com.br\/wp-content\/uploads\/2024\/10\/alma-julia-ribeirao-preto_2024-07-31_15-00-40_jpg_2024-07-31_15-00-40-1024x643-1_2024-10-04_22-32-37.webp.webp?fit=1024%2C643&ssl=1&resize=700%2C400 2x"},"classes":[]},{"id":77671,"url":"https:\/\/noticiasribeiraopreto.com.br\/index.php\/2025\/09\/23\/saiba-qual-e-a-estrategia-dos-supermercados-para-suprir-vagas-abertas-em-ribeirao-preto\/","url_meta":{"origin":76702,"position":5},"title":"Saiba qual \u00e9 a estrat\u00e9gia dos supermercados para suprir vagas abertas em Ribeir\u00e3o Preto","author":"noticiasribeiraopreto.com.br","date":"23 de September de 2025","format":false,"excerpt":"De acordo com a Apas (Associa\u00e7\u00e3o Paulista de Supermercados), a regi\u00e3o de Ribeir\u00e3o Preto tem 2 mil estabelecimentos no setor, que movimenta mais de R$ 23,4 bilh\u00f5es. Contudo, os supermercados da regi\u00e3o enfrentam a falta de m\u00e3o de obra, j\u00e1 que 2,6 mil vagas de emprego est\u00e3o abertas. O presidente\u2026","rel":"","context":"In &quot;Not\u00edcias de Ribeir\u00e3o Preto-SP e Regi\u00e3o&quot;","block_context":{"text":"Not\u00edcias de Ribeir\u00e3o Preto-SP e Regi\u00e3o","link":"https:\/\/noticiasribeiraopreto.com.br\/index.php\/category\/noticias-de-ribeirao-preto-sp-e-regiao-ismael-colosi\/"},"img":{"alt_text":"","src":"https:\/\/i0.wp.com\/noticiasribeiraopreto.com.br\/wp-content\/uploads\/2025\/09\/erlon-godoy-ortega_2025-09-23_15-47-22.webp.webp?fit=1200%2C800&ssl=1&resize=350%2C200","width":350,"height":200,"srcset":"https:\/\/i0.wp.com\/noticiasribeiraopreto.com.br\/wp-content\/uploads\/2025\/09\/erlon-godoy-ortega_2025-09-23_15-47-22.webp.webp?fit=1200%2C800&ssl=1&resize=350%2C200 1x, https:\/\/i0.wp.com\/noticiasribeiraopreto.com.br\/wp-content\/uploads\/2025\/09\/erlon-godoy-ortega_2025-09-23_15-47-22.webp.webp?fit=1200%2C800&ssl=1&resize=525%2C300 1.5x, https:\/\/i0.wp.com\/noticiasribeiraopreto.com.br\/wp-content\/uploads\/2025\/09\/erlon-godoy-ortega_2025-09-23_15-47-22.webp.webp?fit=1200%2C800&ssl=1&resize=700%2C400 2x, https:\/\/i0.wp.com\/noticiasribeiraopreto.com.br\/wp-content\/uploads\/2025\/09\/erlon-godoy-ortega_2025-09-23_15-47-22.webp.webp?fit=1200%2C800&ssl=1&resize=1050%2C600 3x"},"classes":[]}],"jetpack_sharing_enabled":true,"jetpack_shortlink":"https:\/\/wp.me\/peQAOb-jX8","_links":{"self":[{"href":"https:\/\/noticiasribeiraopreto.com.br\/index.php\/wp-json\/wp\/v2\/posts\/76702","targetHints":{"allow":["GET"]}}],"collection":[{"href":"https:\/\/noticiasribeiraopreto.com.br\/index.php\/wp-json\/wp\/v2\/posts"}],"about":[{"href":"https:\/\/noticiasribeiraopreto.com.br\/index.php\/wp-json\/wp\/v2\/types\/post"}],"author":[{"embeddable":true,"href":"https:\/\/noticiasribeiraopreto.com.br\/index.php\/wp-json\/wp\/v2\/users\/1"}],"replies":[{"embeddable":true,"href":"https:\/\/noticiasribeiraopreto.com.br\/index.php\/wp-json\/wp\/v2\/comments?post=76702"}],"version-history":[{"count":0,"href":"https:\/\/noticiasribeiraopreto.com.br\/index.php\/wp-json\/wp\/v2\/posts\/76702\/revisions"}],"wp:featuredmedia":[{"embeddable":true,"href":"https:\/\/noticiasribeiraopreto.com.br\/index.php\/wp-json\/wp\/v2\/media\/76703"}],"wp:attachment":[{"href":"https:\/\/noticiasribeiraopreto.com.br\/index.php\/wp-json\/wp\/v2\/media?parent=76702"}],"wp:term":[{"taxonomy":"category","embeddable":true,"href":"https:\/\/noticiasribeiraopreto.com.br\/index.php\/wp-json\/wp\/v2\/categories?post=76702"},{"taxonomy":"post_tag","embeddable":true,"href":"https:\/\/noticiasribeiraopreto.com.br\/index.php\/wp-json\/wp\/v2\/tags?post=76702"}],"curies":[{"name":"wp","href":"https:\/\/api.w.org\/{rel}","templated":true}]}}