{"id":76704,"date":"2025-09-03T18:23:08","date_gmt":"2025-09-03T21:23:08","guid":{"rendered":"https:\/\/noticiasribeiraopreto.com.br\/index.php\/2025\/09\/03\/cge-sp-abre-concurso-com-200-vagas-e-salario-de-r-178-mil-veja-como-se-inscrever\/"},"modified":"2025-09-03T18:23:08","modified_gmt":"2025-09-03T21:23:08","slug":"cge-sp-abre-concurso-com-200-vagas-e-salario-de-r-178-mil-veja-como-se-inscrever","status":"publish","type":"post","link":"https:\/\/noticiasribeiraopreto.com.br\/index.php\/2025\/09\/03\/cge-sp-abre-concurso-com-200-vagas-e-salario-de-r-178-mil-veja-como-se-inscrever\/","title":{"rendered":"CGE-SP abre concurso com 200 vagas e sal\u00e1rio de R$ 17,8 mil; veja como se inscrever"},"content":{"rendered":"<div class='code-block code-block-1' style='margin: 8px 0 8px auto; text-align: right; display: block; clear: both;'>\n<p><a href=\"https:\/\/wa.link\/vpicfd\"><img data-recalc-dims=\"1\" class=\"wp-image-4922\" style=\"aspect-ratio: 2.0253164556962027; width: 561px; height: auto;\" src=\"https:\/\/i0.wp.com\/ismaelcolosi.com.br\/wp-content\/uploads\/2023\/11\/grupo-de-empregos-whatsapp-e-facebook-ismael-colosi-vagas.jpg?ssl=1\" alt=\"\" \/><\/a><\/p>\n<!-- \/wp:image -->\n<\/div>\n<p> <br \/>\n<\/p>\n<div data-td-block-uid=\"tdi_95\">\n<div class=\"tdb-block-inner td-fix-index\">\n<p>A <strong>Controladoria Geral do Estado de S\u00e3o Paulo (CGE-SP)<\/strong> publicou nesta quarta-feira (3) o edital que abre <strong>200 vagas para o cargo de auditor estadual de controle<\/strong>, com remunera\u00e7\u00e3o inicial de <strong>R$ 17.850<\/strong>.<\/p>\n<p>Os interessados podem se inscrever entre <strong>15 de setembro e 16 de outubro<\/strong> no site da <strong>Funda\u00e7\u00e3o Get\u00falio Vargas (FGV)<\/strong>, organizadora do certame \u2013<a href=\"http:\/\/conhecimento.fgv.br\/concursos\" data-type=\"link\" data-id=\"conhecimento.fgv.br\/concursos\" target=\"_blank\" rel=\"noopener\"> clique aqui.<\/a> O valor da taxa de inscri\u00e7\u00e3o \u00e9 de <strong>R$ 170<\/strong>.<\/p>\n<p>As avalia\u00e7\u00f5es ser\u00e3o aplicadas na cidade de <strong>S\u00e3o Paulo<\/strong>, em <strong>14 de dezembro<\/strong>, e contar\u00e3o com:<\/p>\n<ul class=\"wp-block-list\">\n<li><strong>Prova objetiva<\/strong> (eliminat\u00f3ria e classificat\u00f3ria)<\/li>\n<li><strong>Prova discursiva<\/strong> (eliminat\u00f3ria e classificat\u00f3ria)<\/li>\n<\/ul>\n<h3 class=\"wp-block-heading\"><strong>\u00c1reas de atua\u00e7\u00e3o e requisitos<\/strong><\/h3>\n<p><strong>As vagas est\u00e3o distribu\u00eddas entre as \u00e1reas de:<\/strong><\/p>\n<ul class=\"wp-block-list\">\n<li>Auditoria<\/li>\n<li>Contabilidade P\u00fablica e Finan\u00e7as<\/li>\n<li>Correi\u00e7\u00e3o e Combate \u00e0 Corrup\u00e7\u00e3o<\/li>\n<li>Obras e Concess\u00f5es<\/li>\n<li>Tecnologia da Informa\u00e7\u00e3o<\/li>\n<\/ul>\n<p>Para concorrer, \u00e9 necess\u00e1rio <strong>ensino superior completo<\/strong> em qualquer \u00e1rea, com diploma de licenciatura ou bacharelado, em curso de dura\u00e7\u00e3o plena. O Auditor Estadual de Controle ter\u00e1 <strong>carga hor\u00e1ria de 40 horas semanais<\/strong> e ficar\u00e1 sujeito ao regime da Lei n\u00ba 10.261\/1968. <\/p>\n<p><strong>Entre as fun\u00e7\u00f5es est\u00e3o:<\/strong><\/p>\n<ul class=\"wp-block-list\">\n<li>Auditoria e fiscaliza\u00e7\u00e3o governamental<\/li>\n<li>Correi\u00e7\u00e3o e apura\u00e7\u00e3o de irregularidades<\/li>\n<li>Avalia\u00e7\u00e3o do gasto p\u00fablico<\/li>\n<li>Acompanhamento do cumprimento de metas do plano plurianual<\/li>\n<li>Promo\u00e7\u00e3o da integridade, transpar\u00eancia e combate \u00e0 corrup\u00e7\u00e3o<\/li>\n<\/ul>\n<hr class=\"wp-block-separator has-alpha-channel-opacity\"\/>\n<p>SAIBA MAIS<\/p>\n<p>Pol\u00edcia Civil cumpre mandados em Ribeir\u00e3o e regi\u00e3o contra quadrilha de fraudes eletr\u00f4nicas<\/p>\n<h2 class=\"wp-block-heading\"><strong>FIQUE ON<\/strong><\/h2>\n<p>Fique ligado em tudo que acontece em Ribeir\u00e3o Preto e regi\u00e3o. Siga os perfis do\u00a0<strong>acidade on<\/strong>\u00a0no<a href=\"https:\/\/www.instagram.com\/acidadeonribeirao\" target=\"_blank\" rel=\"noreferrer noopener\">\u00a0Instagram\u00a0<\/a>e no\u00a0<a href=\"https:\/\/www.facebook.com\/acidadeonribeirao\/\" target=\"_blank\" rel=\"noreferrer noopener\">Facebook<\/a>.<\/p>\n<p>Receba not\u00edcias do<strong>\u00a0acidade on<\/strong>\u00a0no WhatsApp. Para entrar no grupo,\u00a0basta\u00a0<a href=\"https:\/\/chat.whatsapp.com\/I4nieTEMKlf50pJ28aMemC?mode=ac_t\" target=\"_blank\" rel=\"noreferrer noopener\">clicar aqui<\/a>. Ou, acesse o nosso\u00a0Canal\u00a0<a href=\"https:\/\/whatsapp.com\/channel\/0029Vb6IQl1JENyAeS57fk2p\" target=\"_blank\" rel=\"noreferrer noopener\">clicando aqui<\/a>.<\/p>\n<p>Fa\u00e7a uma den\u00fancia ou sugira uma reportagem sobre Ribeir\u00e3o Preto e regi\u00e3o pelo WhatsApp: 16 99117 7802.<\/p>\n<p>VEJA TAMB\u00c9M<\/p>\n<p>Por que Sex Pistols cancelou o show no The Town?<\/p>\n<p><!-- AI CONTENT END 1 -->\n<\/div>\n<\/div>\n<p><script async src=\"\/\/www.instagram.com\/embed.js\"><\/script><br \/>\n<br \/><br \/>\n<br \/><a href=\"https:\/\/www.acidadeon.com\/ribeiraopreto\/economia\/cge-sp-abre-concurso-com-200-vagas-e-salario-de-r-178-mil-veja-como-se-inscrever\/\">Source link <\/a><\/p>\n<!-- CONTENT END 1 -->\n","protected":false},"excerpt":{"rendered":"<p>A Controladoria Geral do Estado de S\u00e3o Paulo (CGE-SP) publicou nesta quarta-feira (3) o edital que abre 200 vagas para o cargo de auditor estadual&#8230;<\/p>\n","protected":false},"author":1,"featured_media":76705,"comment_status":"open","ping_status":"open","sticky":false,"template":"","format":"standard","meta":{"advanced_seo_description":"","jetpack_seo_html_title":"","jetpack_seo_noindex":false,"jetpack_post_was_ever_published":false,"_jetpack_newsletter_access":"","_jetpack_dont_email_post_to_subs":false,"_jetpack_newsletter_tier_id":0,"_jetpack_memberships_contains_paywalled_content":false,"_jetpack_memberships_contains_paid_content":false,"footnotes":"","jetpack_publicize_message":"","jetpack_publicize_feature_enabled":true,"jetpack_social_post_already_shared":true,"jetpack_social_options":{"image_generator_settings":{"template":"highway","default_image_id":0,"font":"","enabled":false},"version":2}},"categories":[11],"tags":[],"class_list":["post-76704","post","type-post","status-publish","format-standard","has-post-thumbnail","hentry","category-noticias-de-ribeirao-preto-sp-e-regiao-ismael-colosi"],"jetpack_publicize_connections":[],"jetpack_featured_media_url":"https:\/\/i0.wp.com\/noticiasribeiraopreto.com.br\/wp-content\/uploads\/2025\/09\/Copia-de-Copia-de-Copia-de-TAMANHO-EXATO-PARA-FOTOS-NO-SISTEMA-NOVO-2025-09-03T151155.168_2025-09-03_18-12-15.webp.webp?fit=1200%2C675&ssl=1","jetpack-related-posts":[{"id":14482,"url":"https:\/\/noticiasribeiraopreto.com.br\/index.php\/2023\/12\/12\/urgente-publicados-editais-para-o-preenchimento-de-300-vagas-em-11-estados\/","url_meta":{"origin":76704,"position":0},"title":"Urgente! Publicados editais para o preenchimento de 300 vagas em 11 estados","author":"noticiasribeiraopreto.com.br","date":"12 de December de 2023","format":false,"excerpt":"Foram publicados, no di\u00e1rio oficial da Uni\u00e3o desta ter\u00e7a-feira, 12 de dezembro, os editais de abertura de inscri\u00e7\u00f5es do concurso Fiocruz (Funda\u00e7\u00e3o Oswaldo Cruz) para o preenchimento de 300 vagas, distribu\u00eddas por tr\u00eas cargos, com exig\u00eancia de n\u00edvel superior e exig\u00eancias espec\u00edficas de acordo com a \u00e1rea. As remunera\u00e7\u00f5es iniciais\u2026","rel":"","context":"In &quot;Vagas de Emprego em Ribeir\u00e3o Preto-SP&quot;","block_context":{"text":"Vagas de Emprego em Ribeir\u00e3o Preto-SP","link":"https:\/\/noticiasribeiraopreto.com.br\/index.php\/category\/empregos-classificados-vagas-trabalho\/vagas-de-empregos-em-ribeirao-preto-regiao-brasil\/"},"img":{"alt_text":"","src":"https:\/\/i0.wp.com\/noticiasribeiraopreto.com.br\/wp-content\/uploads\/2023\/12\/fiocruz.jpg?fit=755%2C572&ssl=1&resize=350%2C200","width":350,"height":200,"srcset":"https:\/\/i0.wp.com\/noticiasribeiraopreto.com.br\/wp-content\/uploads\/2023\/12\/fiocruz.jpg?fit=755%2C572&ssl=1&resize=350%2C200 1x, https:\/\/i0.wp.com\/noticiasribeiraopreto.com.br\/wp-content\/uploads\/2023\/12\/fiocruz.jpg?fit=755%2C572&ssl=1&resize=525%2C300 1.5x, https:\/\/i0.wp.com\/noticiasribeiraopreto.com.br\/wp-content\/uploads\/2023\/12\/fiocruz.jpg?fit=755%2C572&ssl=1&resize=700%2C400 2x"},"classes":[]},{"id":14990,"url":"https:\/\/noticiasribeiraopreto.com.br\/index.php\/2023\/12\/12\/definida-oferta-de-vagas-edital-iminente-veja\/","url_meta":{"origin":76704,"position":1},"title":"definida oferta de vagas; edital iminente, veja","author":"noticiasribeiraopreto.com.br","date":"12 de December de 2023","format":false,"excerpt":"O concurso Cefet RJ (Centro Federal de Educa\u00e7\u00e3o Tecnol\u00f3gica Celso Suckow da Fonseca) deve contar com uma oferta de 92 vagas, distribu\u00eddas por diversos cargos de n\u00edveis m\u00e9dio, t\u00e9cnico e superior, com iniciais de at\u00e9 R$ 5.214,92, de acordo com as \u00faltimas informa\u00e7\u00f5es. Vale lembrar que o certame j\u00e1 conta,\u2026","rel":"","context":"In &quot;Vagas de Emprego em Ribeir\u00e3o Preto-SP&quot;","block_context":{"text":"Vagas de Emprego em Ribeir\u00e3o Preto-SP","link":"https:\/\/noticiasribeiraopreto.com.br\/index.php\/category\/empregos-classificados-vagas-trabalho\/vagas-de-empregos-em-ribeirao-preto-regiao-brasil\/"},"img":{"alt_text":"","src":"https:\/\/i0.wp.com\/noticiasribeiraopreto.com.br\/wp-content\/uploads\/2023\/12\/concurso-cefet-rj-1.jpg?fit=1200%2C675&ssl=1&resize=350%2C200","width":350,"height":200,"srcset":"https:\/\/i0.wp.com\/noticiasribeiraopreto.com.br\/wp-content\/uploads\/2023\/12\/concurso-cefet-rj-1.jpg?fit=1200%2C675&ssl=1&resize=350%2C200 1x, https:\/\/i0.wp.com\/noticiasribeiraopreto.com.br\/wp-content\/uploads\/2023\/12\/concurso-cefet-rj-1.jpg?fit=1200%2C675&ssl=1&resize=525%2C300 1.5x, https:\/\/i0.wp.com\/noticiasribeiraopreto.com.br\/wp-content\/uploads\/2023\/12\/concurso-cefet-rj-1.jpg?fit=1200%2C675&ssl=1&resize=700%2C400 2x, https:\/\/i0.wp.com\/noticiasribeiraopreto.com.br\/wp-content\/uploads\/2023\/12\/concurso-cefet-rj-1.jpg?fit=1200%2C675&ssl=1&resize=1050%2C600 3x"},"classes":[]},{"id":20828,"url":"https:\/\/noticiasribeiraopreto.com.br\/index.php\/2023\/12\/26\/publicacao-do-edital-deve-ocorrer-em-janeiro\/","url_meta":{"origin":76704,"position":2},"title":"publica\u00e7\u00e3o do edital deve ocorrer em janeiro","author":"noticiasribeiraopreto.com.br","date":"26 de December de 2023","format":false,"excerpt":"A publica\u00e7\u00e3o do edital do novo concurso Cefet RJ (Centro Federal de Educa\u00e7\u00e3o Tecnol\u00f3gica Celso Suckow da Fonseca) est\u00e1 prevista para ocorrer em janeiro, de acordo com as \u00faltimas informa\u00e7\u00f5es da institui\u00e7\u00e3o. O certame j\u00e1 conta, inclusive, com contrato assinado com a banca desde o \u00faltimo dia 4. A escolhida\u2026","rel":"","context":"In &quot;Vagas de Emprego em Ribeir\u00e3o Preto-SP&quot;","block_context":{"text":"Vagas de Emprego em Ribeir\u00e3o Preto-SP","link":"https:\/\/noticiasribeiraopreto.com.br\/index.php\/category\/empregos-classificados-vagas-trabalho\/vagas-de-empregos-em-ribeirao-preto-regiao-brasil\/"},"img":{"alt_text":"","src":"https:\/\/i0.wp.com\/noticiasribeiraopreto.com.br\/wp-content\/uploads\/2023\/12\/1703616794_concurso-cefet-rj-1.jpg?fit=1200%2C675&ssl=1&resize=350%2C200","width":350,"height":200,"srcset":"https:\/\/i0.wp.com\/noticiasribeiraopreto.com.br\/wp-content\/uploads\/2023\/12\/1703616794_concurso-cefet-rj-1.jpg?fit=1200%2C675&ssl=1&resize=350%2C200 1x, https:\/\/i0.wp.com\/noticiasribeiraopreto.com.br\/wp-content\/uploads\/2023\/12\/1703616794_concurso-cefet-rj-1.jpg?fit=1200%2C675&ssl=1&resize=525%2C300 1.5x, https:\/\/i0.wp.com\/noticiasribeiraopreto.com.br\/wp-content\/uploads\/2023\/12\/1703616794_concurso-cefet-rj-1.jpg?fit=1200%2C675&ssl=1&resize=700%2C400 2x, https:\/\/i0.wp.com\/noticiasribeiraopreto.com.br\/wp-content\/uploads\/2023\/12\/1703616794_concurso-cefet-rj-1.jpg?fit=1200%2C675&ssl=1&resize=1050%2C600 3x"},"classes":[]},{"id":77275,"url":"https:\/\/noticiasribeiraopreto.com.br\/index.php\/2025\/09\/15\/tj-sp-abre-concurso-com-220-vagas-e-salarios-de-r-34-mil-saiba-como-se-inscrever\/","url_meta":{"origin":76704,"position":3},"title":"TJ-SP abre concurso com 220 vagas e sal\u00e1rios de R$ 34 mil; Saiba como se inscrever","author":"noticiasribeiraopreto.com.br","date":"15 de September de 2025","format":false,"excerpt":"O TJ-SP (Tribunal de Justi\u00e7a de S\u00e3o Paulo) publicou um novo edital de concurso p\u00fablico para o cargo de juiz substituto com sal\u00e1rio de R$ 34.083,14. O concurso tem como objetivo preencher 220 vagas, distribu\u00eddas da seguinte forma: 143 para ampla concorr\u00eancia; 11 para pessoas com defici\u00eancia; 55 para pessoas\u2026","rel":"","context":"In &quot;Not\u00edcias de Ribeir\u00e3o Preto-SP e Regi\u00e3o&quot;","block_context":{"text":"Not\u00edcias de Ribeir\u00e3o Preto-SP e Regi\u00e3o","link":"https:\/\/noticiasribeiraopreto.com.br\/index.php\/category\/noticias-de-ribeirao-preto-sp-e-regiao-ismael-colosi\/"},"img":{"alt_text":"","src":"https:\/\/i0.wp.com\/noticiasribeiraopreto.com.br\/wp-content\/uploads\/2025\/09\/concurso_publico_1-1024x683-1_2024-05-09_19-38-33_jpeg_2024-05-09_19-38-33.webp.webp?fit=1024%2C683&ssl=1&resize=350%2C200","width":350,"height":200,"srcset":"https:\/\/i0.wp.com\/noticiasribeiraopreto.com.br\/wp-content\/uploads\/2025\/09\/concurso_publico_1-1024x683-1_2024-05-09_19-38-33_jpeg_2024-05-09_19-38-33.webp.webp?fit=1024%2C683&ssl=1&resize=350%2C200 1x, https:\/\/i0.wp.com\/noticiasribeiraopreto.com.br\/wp-content\/uploads\/2025\/09\/concurso_publico_1-1024x683-1_2024-05-09_19-38-33_jpeg_2024-05-09_19-38-33.webp.webp?fit=1024%2C683&ssl=1&resize=525%2C300 1.5x, https:\/\/i0.wp.com\/noticiasribeiraopreto.com.br\/wp-content\/uploads\/2025\/09\/concurso_publico_1-1024x683-1_2024-05-09_19-38-33_jpeg_2024-05-09_19-38-33.webp.webp?fit=1024%2C683&ssl=1&resize=700%2C400 2x"},"classes":[]},{"id":20050,"url":"https:\/\/noticiasribeiraopreto.com.br\/index.php\/2023\/12\/24\/concurso-controladoria-descubra-os-5-editais-previstos-para-2024-e-ganhe-salarios-de-r-20-mil\/","url_meta":{"origin":76704,"position":4},"title":"Concurso Controladoria: Descubra os 5 editais previstos para 2024 e ganhe sal\u00e1rios de R$ 20 mil","author":"noticiasribeiraopreto.com.br","date":"24 de December de 2023","format":false,"excerpt":"O concurso Controladoria ser\u00e1 para v\u00e1rios locais do Brasil Muitos editais est\u00e3o previstos para 2024. O concurso Controladoria ser\u00e1 para v\u00e1rios cargos e locais. Vale lembrar que \u00e9 importante se preparar o quanto antes. Confira a seguir todos os detalhes. Concursos em \u00d3rg\u00e3os de Controle para 2024 Em meio \u00e0s\u2026","rel":"","context":"In &quot;Vagas de Emprego em Ribeir\u00e3o Preto-SP&quot;","block_context":{"text":"Vagas de Emprego em Ribeir\u00e3o Preto-SP","link":"https:\/\/noticiasribeiraopreto.com.br\/index.php\/category\/empregos-classificados-vagas-trabalho\/vagas-de-empregos-em-ribeirao-preto-regiao-brasil\/"},"img":{"alt_text":"","src":"https:\/\/i0.wp.com\/noticiasribeiraopreto.com.br\/wp-content\/uploads\/2023\/12\/noticiasconcursos.com_.br-concurso-controladoria-descubra-os-5-editais-previstos-para-2024-e-ganhe-salarios-de-r-20-mil-pexels-fauxels-3184639-1.jpg?fit=1200%2C800&ssl=1&resize=350%2C200","width":350,"height":200,"srcset":"https:\/\/i0.wp.com\/noticiasribeiraopreto.com.br\/wp-content\/uploads\/2023\/12\/noticiasconcursos.com_.br-concurso-controladoria-descubra-os-5-editais-previstos-para-2024-e-ganhe-salarios-de-r-20-mil-pexels-fauxels-3184639-1.jpg?fit=1200%2C800&ssl=1&resize=350%2C200 1x, https:\/\/i0.wp.com\/noticiasribeiraopreto.com.br\/wp-content\/uploads\/2023\/12\/noticiasconcursos.com_.br-concurso-controladoria-descubra-os-5-editais-previstos-para-2024-e-ganhe-salarios-de-r-20-mil-pexels-fauxels-3184639-1.jpg?fit=1200%2C800&ssl=1&resize=525%2C300 1.5x, https:\/\/i0.wp.com\/noticiasribeiraopreto.com.br\/wp-content\/uploads\/2023\/12\/noticiasconcursos.com_.br-concurso-controladoria-descubra-os-5-editais-previstos-para-2024-e-ganhe-salarios-de-r-20-mil-pexels-fauxels-3184639-1.jpg?fit=1200%2C800&ssl=1&resize=700%2C400 2x, https:\/\/i0.wp.com\/noticiasribeiraopreto.com.br\/wp-content\/uploads\/2023\/12\/noticiasconcursos.com_.br-concurso-controladoria-descubra-os-5-editais-previstos-para-2024-e-ganhe-salarios-de-r-20-mil-pexels-fauxels-3184639-1.jpg?fit=1200%2C800&ssl=1&resize=1050%2C600 3x"},"classes":[]},{"id":76729,"url":"https:\/\/noticiasribeiraopreto.com.br\/index.php\/2025\/09\/04\/sp-abre-concurso-para-policia-militar-com-2-200-vagas-e-salario-inicial-de-r-5-mil\/","url_meta":{"origin":76704,"position":5},"title":"SP abre concurso para Pol\u00edcia Militar com 2.200 vagas e sal\u00e1rio inicial de R$ 5 mil","author":"noticiasribeiraopreto.com.br","date":"4 de September de 2025","format":false,"excerpt":"O Governo de S\u00e3o Paulo publicou nesta quarta-feira (03) o edital do concurso p\u00fablico com 2.200 vagas para Pol\u00edcia Militar no cargo de soldado PM de 2\u00aa classe. Os sal\u00e1rios para o cargo s\u00e3o de R$ 5.055,53. Os interessados podem optar por fazer a prova em 51 cidades espalhadas pelo\u2026","rel":"","context":"In &quot;Not\u00edcias de Ribeir\u00e3o Preto-SP e Regi\u00e3o&quot;","block_context":{"text":"Not\u00edcias de Ribeir\u00e3o Preto-SP e Regi\u00e3o","link":"https:\/\/noticiasribeiraopreto.com.br\/index.php\/category\/noticias-de-ribeirao-preto-sp-e-regiao-ismael-colosi\/"},"img":{"alt_text":"","src":"https:\/\/i0.wp.com\/noticiasribeiraopreto.com.br\/wp-content\/uploads\/2025\/09\/foto_governo_estado_sp.jpg_1839041271-e1718132748781.webp.webp?fit=404%2C318&ssl=1&resize=350%2C200","width":350,"height":200},"classes":[]}],"jetpack_sharing_enabled":true,"jetpack_shortlink":"https:\/\/wp.me\/peQAOb-jXa","_links":{"self":[{"href":"https:\/\/noticiasribeiraopreto.com.br\/index.php\/wp-json\/wp\/v2\/posts\/76704","targetHints":{"allow":["GET"]}}],"collection":[{"href":"https:\/\/noticiasribeiraopreto.com.br\/index.php\/wp-json\/wp\/v2\/posts"}],"about":[{"href":"https:\/\/noticiasribeiraopreto.com.br\/index.php\/wp-json\/wp\/v2\/types\/post"}],"author":[{"embeddable":true,"href":"https:\/\/noticiasribeiraopreto.com.br\/index.php\/wp-json\/wp\/v2\/users\/1"}],"replies":[{"embeddable":true,"href":"https:\/\/noticiasribeiraopreto.com.br\/index.php\/wp-json\/wp\/v2\/comments?post=76704"}],"version-history":[{"count":0,"href":"https:\/\/noticiasribeiraopreto.com.br\/index.php\/wp-json\/wp\/v2\/posts\/76704\/revisions"}],"wp:featuredmedia":[{"embeddable":true,"href":"https:\/\/noticiasribeiraopreto.com.br\/index.php\/wp-json\/wp\/v2\/media\/76705"}],"wp:attachment":[{"href":"https:\/\/noticiasribeiraopreto.com.br\/index.php\/wp-json\/wp\/v2\/media?parent=76704"}],"wp:term":[{"taxonomy":"category","embeddable":true,"href":"https:\/\/noticiasribeiraopreto.com.br\/index.php\/wp-json\/wp\/v2\/categories?post=76704"},{"taxonomy":"post_tag","embeddable":true,"href":"https:\/\/noticiasribeiraopreto.com.br\/index.php\/wp-json\/wp\/v2\/tags?post=76704"}],"curies":[{"name":"wp","href":"https:\/\/api.w.org\/{rel}","templated":true}]}}