{"id":76707,"date":"2025-09-03T21:01:11","date_gmt":"2025-09-04T00:01:11","guid":{"rendered":"https:\/\/noticiasribeiraopreto.com.br\/index.php\/2025\/09\/03\/camara-municipal-de-ribeirao-preto-aprova-reforma-administrativa\/"},"modified":"2025-09-03T21:01:11","modified_gmt":"2025-09-04T00:01:11","slug":"camara-municipal-de-ribeirao-preto-aprova-reforma-administrativa","status":"publish","type":"post","link":"https:\/\/noticiasribeiraopreto.com.br\/index.php\/2025\/09\/03\/camara-municipal-de-ribeirao-preto-aprova-reforma-administrativa\/","title":{"rendered":"C\u00e2mara Municipal de Ribeir\u00e3o Preto aprova reforma administrativa"},"content":{"rendered":"<div class='code-block code-block-1' style='margin: 8px 0 8px auto; text-align: right; display: block; clear: both;'>\n<p><a href=\"https:\/\/wa.link\/vpicfd\"><img data-recalc-dims=\"1\" class=\"wp-image-4922\" style=\"aspect-ratio: 2.0253164556962027; width: 561px; height: auto;\" src=\"https:\/\/i0.wp.com\/ismaelcolosi.com.br\/wp-content\/uploads\/2023\/11\/grupo-de-empregos-whatsapp-e-facebook-ismael-colosi-vagas.jpg?ssl=1\" alt=\"\" \/><\/a><\/p>\n<!-- \/wp:image -->\n<\/div>\n<p> <br \/>\n<\/p>\n<div data-td-block-uid=\"tdi_95\">\n<div class=\"tdb-block-inner td-fix-index\">\n<p>A <strong>C\u00e2mara Municipal de Ribeir\u00e3o Preto<\/strong> aprovou nesta quarta-feira (3) tr\u00eas Projetos de Lei Complementar (PLC) que fazem parte da <strong>reforma administrativa proposta pelo Executivo.<\/strong> As mat\u00e9rias passaram em vota\u00e7\u00e3o definitiva e seguem agora para san\u00e7\u00e3o do prefeito.<\/p>\n<h3 class=\"wp-block-heading\"><strong>Projeto de Lei Complementar<\/strong><\/h3>\n<p>O <strong>PLC n\u00ba 35\/2025<\/strong> cria a <strong>Controladoria Geral do Munic\u00edpio<\/strong>, \u00f3rg\u00e3o que ficar\u00e1 respons\u00e1vel pelo controle interno, auditoria e acompanhamento das a\u00e7\u00f5es de transpar\u00eancia.<\/p>\n<p>O <strong>PLC n\u00ba 36\/2025<\/strong> trata da reorganiza\u00e7\u00e3o da <strong>Secretaria Municipal de \u00c1gua e Esgoto (SAE)<\/strong>, com mudan\u00e7as voltadas \u00e0 adequa\u00e7\u00e3o da estrutura administrativa.<\/p>\n<p>J\u00e1 o <strong>PLC n\u00ba 37\/2025<\/strong> prev\u00ea uma <strong>reestrutura\u00e7\u00e3o mais ampla da administra\u00e7\u00e3o municipal<\/strong>, com altera\u00e7\u00f5es em secretarias e fluxos internos.<\/p>\n<p>Os tr\u00eas projetos j\u00e1 haviam sido discutidos e aprovados em primeira vota\u00e7\u00e3o no m\u00eas passado. Com a aprova\u00e7\u00e3o em reda\u00e7\u00e3o final, o texto segue agora da san\u00e7\u00e3o do Executivo para entrar em vigor.<\/p>\n<h3 class=\"wp-block-heading\"><strong>Assista:<\/strong><\/h3>\n<figure class=\"wp-block-embed is-type-video is-provider-youtube wp-block-embed-youtube wp-embed-aspect-4-3 wp-has-aspect-ratio\">\n<div class=\"wp-block-embed__wrapper\">\n<p><iframe loading=\"lazy\" title=\"SESS\u00c3O ORDIN\u00c1RIA - 03\/09\/2025\" width=\"500\" height=\"375\" src=\"https:\/\/www.youtube.com\/embed\/g5-AgjbO0JI?feature=oembed\" frameborder=\"0\" allow=\"accelerometer; autoplay; clipboard-write; encrypted-media; gyroscope; picture-in-picture; web-share\" referrerpolicy=\"strict-origin-when-cross-origin\" allowfullscreen><\/iframe><\/p>\n<\/div>\n<\/figure>\n<hr class=\"wp-block-separator has-alpha-channel-opacity\"\/>\n<p>SAIBA MAIS<\/p>\n<p>Pol\u00edcia Civil cumpre mandados em Ribeir\u00e3o e regi\u00e3o contra quadrilha de fraudes eletr\u00f4nicas<\/p>\n<h2 class=\"wp-block-heading\"><strong>FIQUE ON<\/strong><\/h2>\n<p>Fique ligado em tudo que acontece em Ribeir\u00e3o Preto e regi\u00e3o. Siga os perfis do\u00a0<strong>acidade on<\/strong>\u00a0no<a href=\"https:\/\/www.instagram.com\/acidadeonribeirao\" target=\"_blank\" rel=\"noreferrer noopener\">\u00a0Instagram\u00a0<\/a>e no\u00a0<a href=\"https:\/\/www.facebook.com\/acidadeonribeirao\/\" target=\"_blank\" rel=\"noreferrer noopener\">Facebook<\/a>.<\/p>\n<p>Receba not\u00edcias do<strong>\u00a0acidade on<\/strong>\u00a0no WhatsApp. Para entrar no grupo,\u00a0basta\u00a0<a href=\"https:\/\/chat.whatsapp.com\/I4nieTEMKlf50pJ28aMemC?mode=ac_t\" target=\"_blank\" rel=\"noreferrer noopener\">clicar aqui<\/a>. Ou, acesse o nosso\u00a0Canal\u00a0<a href=\"https:\/\/whatsapp.com\/channel\/0029Vb6IQl1JENyAeS57fk2p\" target=\"_blank\" rel=\"noreferrer noopener\">clicando aqui<\/a>.<\/p>\n<p>Fa\u00e7a uma den\u00fancia ou sugira uma reportagem sobre Ribeir\u00e3o Preto e regi\u00e3o pelo WhatsApp: 16 99117 7802.<\/p>\n<p>VEJA TAMB\u00c9M<\/p>\n<p>Por que Sex Pistols cancelou o show no The Town?<\/p>\n<p><!-- AI CONTENT END 1 -->\n<\/div>\n<\/div>\n<p><script async src=\"\/\/www.instagram.com\/embed.js\"><\/script><br \/>\n<br \/><br \/>\n<br \/><a href=\"https:\/\/www.acidadeon.com\/ribeiraopreto\/politica\/camara-municipal-de-ribeirao-preto-aprova-reforma-administrativa\/\">Source link <\/a><\/p>\n<!-- CONTENT END 1 -->\n","protected":false},"excerpt":{"rendered":"<p>A C\u00e2mara Municipal de Ribeir\u00e3o Preto aprovou nesta quarta-feira (3) tr\u00eas Projetos de Lei Complementar (PLC) que fazem parte da reforma administrativa proposta pelo Executivo&#8230;.<\/p>\n","protected":false},"author":1,"featured_media":76709,"comment_status":"open","ping_status":"open","sticky":false,"template":"","format":"standard","meta":{"advanced_seo_description":"","jetpack_seo_html_title":"","jetpack_seo_noindex":false,"jetpack_post_was_ever_published":false,"_jetpack_newsletter_access":"","_jetpack_dont_email_post_to_subs":false,"_jetpack_newsletter_tier_id":0,"_jetpack_memberships_contains_paywalled_content":false,"_jetpack_memberships_contains_paid_content":false,"footnotes":"","jetpack_publicize_message":"","jetpack_publicize_feature_enabled":true,"jetpack_social_post_already_shared":true,"jetpack_social_options":{"image_generator_settings":{"template":"highway","default_image_id":0,"font":"","enabled":false},"version":2}},"categories":[11],"tags":[],"class_list":["post-76707","post","type-post","status-publish","format-standard","has-post-thumbnail","hentry","category-noticias-de-ribeirao-preto-sp-e-regiao-ismael-colosi"],"jetpack_publicize_connections":[],"jetpack_featured_media_url":"https:\/\/i0.wp.com\/noticiasribeiraopreto.com.br\/wp-content\/uploads\/2025\/09\/Copia-de-Copia-de-Copia-de-TAMANHO-EXATO-PARA-FOTOS-NO-SISTEMA-NOVO-2025-09-03T202018.549_2025-09-03_23-20-31.webp.webp?fit=1200%2C675&ssl=1","jetpack-related-posts":[{"id":75881,"url":"https:\/\/noticiasribeiraopreto.com.br\/index.php\/2025\/08\/17\/menos-cargos-e-novas-secretarias-entenda-o-projeto-de-reforma-administrativa-de-ribeirao\/","url_meta":{"origin":76707,"position":0},"title":"Menos cargos e novas secretarias: entenda o projeto de reforma administrativa de Ribeir\u00e3o","author":"noticiasribeiraopreto.com.br","date":"17 de August de 2025","format":false,"excerpt":"A Prefeitura de Ribeir\u00e3o Preto finalizou o processo de reestrutura\u00e7\u00e3o administrativa, reduzindo em 98 o n\u00famero de cargos comissionados, fun\u00e7\u00f5es de confian\u00e7a e atividades gratificadas. Conforme proposta encaminhada \u00e0 C\u00e2mara Municipal na \u00faltima quarta-feira (13), o quadro passou de 882 para 784 cargos, mesmo com a cria\u00e7\u00e3o de tr\u00eas novas\u2026","rel":"","context":"In &quot;Not\u00edcias de Ribeir\u00e3o Preto-SP e Regi\u00e3o&quot;","block_context":{"text":"Not\u00edcias de Ribeir\u00e3o Preto-SP e Regi\u00e3o","link":"https:\/\/noticiasribeiraopreto.com.br\/index.php\/category\/noticias-de-ribeirao-preto-sp-e-regiao-ismael-colosi\/"},"img":{"alt_text":"","src":"https:\/\/i0.wp.com\/noticiasribeiraopreto.com.br\/wp-content\/uploads\/2025\/08\/Copia-de-Copia-de-Copia-de-TAMANHO-EXATO-PARA-FOTOS-NO-SISTEMA-NOVO-44_2024-10-25_18-13-32_png_2024-10-25_18-13-32.webp.webp?fit=1200%2C675&ssl=1&resize=350%2C200","width":350,"height":200,"srcset":"https:\/\/i0.wp.com\/noticiasribeiraopreto.com.br\/wp-content\/uploads\/2025\/08\/Copia-de-Copia-de-Copia-de-TAMANHO-EXATO-PARA-FOTOS-NO-SISTEMA-NOVO-44_2024-10-25_18-13-32_png_2024-10-25_18-13-32.webp.webp?fit=1200%2C675&ssl=1&resize=350%2C200 1x, https:\/\/i0.wp.com\/noticiasribeiraopreto.com.br\/wp-content\/uploads\/2025\/08\/Copia-de-Copia-de-Copia-de-TAMANHO-EXATO-PARA-FOTOS-NO-SISTEMA-NOVO-44_2024-10-25_18-13-32_png_2024-10-25_18-13-32.webp.webp?fit=1200%2C675&ssl=1&resize=525%2C300 1.5x, https:\/\/i0.wp.com\/noticiasribeiraopreto.com.br\/wp-content\/uploads\/2025\/08\/Copia-de-Copia-de-Copia-de-TAMANHO-EXATO-PARA-FOTOS-NO-SISTEMA-NOVO-44_2024-10-25_18-13-32_png_2024-10-25_18-13-32.webp.webp?fit=1200%2C675&ssl=1&resize=700%2C400 2x, https:\/\/i0.wp.com\/noticiasribeiraopreto.com.br\/wp-content\/uploads\/2025\/08\/Copia-de-Copia-de-Copia-de-TAMANHO-EXATO-PARA-FOTOS-NO-SISTEMA-NOVO-44_2024-10-25_18-13-32_png_2024-10-25_18-13-32.webp.webp?fit=1200%2C675&ssl=1&resize=1050%2C600 3x"},"classes":[]},{"id":77692,"url":"https:\/\/noticiasribeiraopreto.com.br\/index.php\/2025\/09\/24\/prefeito-sanciona-reforma-administrativa-tribuna-ribeirao\/","url_meta":{"origin":76707,"position":1},"title":"Prefeito sanciona reforma administrativa\u2028 &#8211; Tribuna Ribeir\u00e3o","author":"noticiasribeiraopreto.com.br","date":"24 de September de 2025","format":false,"excerpt":"San\u00e7\u00e3o da lei foi publicada em edi\u00e7\u00e3o suplementar do Di\u00e1rio Oficial do Munic\u00edpio de segunda-feira; documento tem 364 p\u00e1ginas\u2028\u2028 O prefeito Ricardo Silva (PSD) sancionou as leis municipais que tratam da reforma administrativa na prefeitura de Ribeir\u00e3o Preto, exigidas pelo Tribunal de Justi\u00e7a de S\u00e3o Paulo (TJSP). A C\u00e2mara de\u2026","rel":"","context":"In &quot;Not\u00edcias de Ribeir\u00e3o Preto-SP e Regi\u00e3o&quot;","block_context":{"text":"Not\u00edcias de Ribeir\u00e3o Preto-SP e Regi\u00e3o","link":"https:\/\/noticiasribeiraopreto.com.br\/index.php\/category\/noticias-de-ribeirao-preto-sp-e-regiao-ismael-colosi\/"},"img":{"alt_text":"","src":"https:\/\/i0.wp.com\/noticiasribeiraopreto.com.br\/wp-content\/uploads\/2025\/09\/Reforma-Sil-Alfredo-Risk-scaled.jpg?fit=1170%2C780&ssl=1&resize=350%2C200","width":350,"height":200,"srcset":"https:\/\/i0.wp.com\/noticiasribeiraopreto.com.br\/wp-content\/uploads\/2025\/09\/Reforma-Sil-Alfredo-Risk-scaled.jpg?fit=1170%2C780&ssl=1&resize=350%2C200 1x, https:\/\/i0.wp.com\/noticiasribeiraopreto.com.br\/wp-content\/uploads\/2025\/09\/Reforma-Sil-Alfredo-Risk-scaled.jpg?fit=1170%2C780&ssl=1&resize=525%2C300 1.5x, https:\/\/i0.wp.com\/noticiasribeiraopreto.com.br\/wp-content\/uploads\/2025\/09\/Reforma-Sil-Alfredo-Risk-scaled.jpg?fit=1170%2C780&ssl=1&resize=700%2C400 2x, https:\/\/i0.wp.com\/noticiasribeiraopreto.com.br\/wp-content\/uploads\/2025\/09\/Reforma-Sil-Alfredo-Risk-scaled.jpg?fit=1170%2C780&ssl=1&resize=1050%2C600 3x"},"classes":[]},{"id":76402,"url":"https:\/\/noticiasribeiraopreto.com.br\/index.php\/2025\/08\/28\/camara-aprova-em-primeira-discussao-a-reforma-administrativa-de-ribeirao-preto\/","url_meta":{"origin":76707,"position":2},"title":"C\u00e2mara aprova, em primeira discuss\u00e3o, a reforma administrativa de Ribeir\u00e3o Preto","author":"noticiasribeiraopreto.com.br","date":"28 de August de 2025","format":false,"excerpt":"A C\u00e2mara de Ribeir\u00e3o Preto aprovou na noite de quarta-feira (27), em primeira discuss\u00e3o, os tr\u00eas projetos de lei da reforma administrativa proposta pelo prefeito Ricardo Silva (PSD). Os projetos preveem o corte de 98 cargos comissionados, fun\u00e7\u00f5es de confian\u00e7a e atividades gratificadas, por\u00e9m criam tr\u00eas novas secretarias. A sess\u00e3o\u2026","rel":"","context":"In &quot;Not\u00edcias de Ribeir\u00e3o Preto-SP e Regi\u00e3o&quot;","block_context":{"text":"Not\u00edcias de Ribeir\u00e3o Preto-SP e Regi\u00e3o","link":"https:\/\/noticiasribeiraopreto.com.br\/index.php\/category\/noticias-de-ribeirao-preto-sp-e-regiao-ismael-colosi\/"},"img":{"alt_text":"","src":"https:\/\/i0.wp.com\/noticiasribeiraopreto.com.br\/wp-content\/uploads\/2025\/08\/camara-sessao-1_2025-08-28_12-54-39.webp.webp?fit=1200%2C800&ssl=1&resize=350%2C200","width":350,"height":200,"srcset":"https:\/\/i0.wp.com\/noticiasribeiraopreto.com.br\/wp-content\/uploads\/2025\/08\/camara-sessao-1_2025-08-28_12-54-39.webp.webp?fit=1200%2C800&ssl=1&resize=350%2C200 1x, https:\/\/i0.wp.com\/noticiasribeiraopreto.com.br\/wp-content\/uploads\/2025\/08\/camara-sessao-1_2025-08-28_12-54-39.webp.webp?fit=1200%2C800&ssl=1&resize=525%2C300 1.5x, https:\/\/i0.wp.com\/noticiasribeiraopreto.com.br\/wp-content\/uploads\/2025\/08\/camara-sessao-1_2025-08-28_12-54-39.webp.webp?fit=1200%2C800&ssl=1&resize=700%2C400 2x, https:\/\/i0.wp.com\/noticiasribeiraopreto.com.br\/wp-content\/uploads\/2025\/08\/camara-sessao-1_2025-08-28_12-54-39.webp.webp?fit=1200%2C800&ssl=1&resize=1050%2C600 3x"},"classes":[]},{"id":75732,"url":"https:\/\/noticiasribeiraopreto.com.br\/index.php\/2025\/08\/14\/reforma-administrativa-de-ribeirao-preve-novas-secretarias-e-corte-de-98-cargos\/","url_meta":{"origin":76707,"position":3},"title":"Reforma administrativa de Ribeir\u00e3o prev\u00ea novas secretarias e corte de 98 cargos","author":"noticiasribeiraopreto.com.br","date":"14 de August de 2025","format":false,"excerpt":"A Prefeitura de Ribeir\u00e3o Preto encaminhou para C\u00e2mara, na \u00faltima quarta-feira (13), os tr\u00eas projetos de lei da nova reforma administrativa. Segundo a proposta do Executivo, ser\u00e3o reduzidos 98 cargos, incluindo comissionados, fun\u00e7\u00f5es de confian\u00e7a e atividades gratificadas. Com isso, essas fun\u00e7\u00f5es passam de 882 para 784. Al\u00e9m disso, a\u2026","rel":"","context":"In &quot;Not\u00edcias de Ribeir\u00e3o Preto-SP e Regi\u00e3o&quot;","block_context":{"text":"Not\u00edcias de Ribeir\u00e3o Preto-SP e Regi\u00e3o","link":"https:\/\/noticiasribeiraopreto.com.br\/index.php\/category\/noticias-de-ribeirao-preto-sp-e-regiao-ismael-colosi\/"},"img":{"alt_text":"","src":"https:\/\/i0.wp.com\/noticiasribeiraopreto.com.br\/wp-content\/uploads\/2025\/08\/centroa-administrativo-ribeirao-preto.jpg?fit=1200%2C606&ssl=1&resize=350%2C200","width":350,"height":200,"srcset":"https:\/\/i0.wp.com\/noticiasribeiraopreto.com.br\/wp-content\/uploads\/2025\/08\/centroa-administrativo-ribeirao-preto.jpg?fit=1200%2C606&ssl=1&resize=350%2C200 1x, https:\/\/i0.wp.com\/noticiasribeiraopreto.com.br\/wp-content\/uploads\/2025\/08\/centroa-administrativo-ribeirao-preto.jpg?fit=1200%2C606&ssl=1&resize=525%2C300 1.5x, https:\/\/i0.wp.com\/noticiasribeiraopreto.com.br\/wp-content\/uploads\/2025\/08\/centroa-administrativo-ribeirao-preto.jpg?fit=1200%2C606&ssl=1&resize=700%2C400 2x, https:\/\/i0.wp.com\/noticiasribeiraopreto.com.br\/wp-content\/uploads\/2025\/08\/centroa-administrativo-ribeirao-preto.jpg?fit=1200%2C606&ssl=1&resize=1050%2C600 3x"},"classes":[]},{"id":76339,"url":"https:\/\/noticiasribeiraopreto.com.br\/index.php\/2025\/08\/27\/reforma-administrativa-vai-a-votacao\/","url_meta":{"origin":76707,"position":4},"title":"Reforma administrativa vai \u00e0 vota\u00e7\u00e3o","author":"noticiasribeiraopreto.com.br","date":"27 de August de 2025","format":false,"excerpt":"A C\u00e2mara de Vereadores vota nesta quarta-feira, 27 de agosto, em primeira discuss\u00e3o, os tr\u00eas projetos de lei do Executivo que tratam da reforma administrativa da prefeitura de Ribeir\u00e3o Preto. As propostas preveem um novo desenho organizacional com a redu\u00e7\u00e3o de 98 cargos comissionados, otimizando a utiliza\u00e7\u00e3o de fun\u00e7\u00f5es de\u2026","rel":"","context":"In &quot;Not\u00edcias de Ribeir\u00e3o Preto-SP e Regi\u00e3o&quot;","block_context":{"text":"Not\u00edcias de Ribeir\u00e3o Preto-SP e Regi\u00e3o","link":"https:\/\/noticiasribeiraopreto.com.br\/index.php\/category\/noticias-de-ribeirao-preto-sp-e-regiao-ismael-colosi\/"},"img":{"alt_text":"","src":"https:\/\/i0.wp.com\/noticiasribeiraopreto.com.br\/wp-content\/uploads\/2025\/08\/Reforma-Alfredo-Risk-scaled.jpg?fit=1170%2C780&ssl=1&resize=350%2C200","width":350,"height":200,"srcset":"https:\/\/i0.wp.com\/noticiasribeiraopreto.com.br\/wp-content\/uploads\/2025\/08\/Reforma-Alfredo-Risk-scaled.jpg?fit=1170%2C780&ssl=1&resize=350%2C200 1x, https:\/\/i0.wp.com\/noticiasribeiraopreto.com.br\/wp-content\/uploads\/2025\/08\/Reforma-Alfredo-Risk-scaled.jpg?fit=1170%2C780&ssl=1&resize=525%2C300 1.5x, https:\/\/i0.wp.com\/noticiasribeiraopreto.com.br\/wp-content\/uploads\/2025\/08\/Reforma-Alfredo-Risk-scaled.jpg?fit=1170%2C780&ssl=1&resize=700%2C400 2x, https:\/\/i0.wp.com\/noticiasribeiraopreto.com.br\/wp-content\/uploads\/2025\/08\/Reforma-Alfredo-Risk-scaled.jpg?fit=1170%2C780&ssl=1&resize=1050%2C600 3x"},"classes":[]},{"id":76129,"url":"https:\/\/noticiasribeiraopreto.com.br\/index.php\/2025\/08\/22\/sindicato-dos-servidores-critica-proposta-da-reforma-administrativa-em-ribeirao-preto\/","url_meta":{"origin":76707,"position":5},"title":"Sindicato dos Servidores critica proposta da reforma administrativa em Ribeir\u00e3o Preto","author":"noticiasribeiraopreto.com.br","date":"22 de August de 2025","format":false,"excerpt":"O Sindicato dos Servidores Municipais de Ribeir\u00e3o Preto publicou um comunicado nesta sexta-feira (22) criticando a reforma administrativa proposta pelo prefeito Ricardo Silva (PSD). Os tr\u00eas projetos enviados pelo Executivo ao Legislativo preveem o corte de 98 cargos comissionados, fun\u00e7\u00f5es de confian\u00e7a e atividades gratificadas, mas prev\u00ea a cria\u00e7\u00e3o de\u2026","rel":"","context":"In &quot;Not\u00edcias de Ribeir\u00e3o Preto-SP e Regi\u00e3o&quot;","block_context":{"text":"Not\u00edcias de Ribeir\u00e3o Preto-SP e Regi\u00e3o","link":"https:\/\/noticiasribeiraopreto.com.br\/index.php\/category\/noticias-de-ribeirao-preto-sp-e-regiao-ismael-colosi\/"},"img":{"alt_text":"","src":"https:\/\/i0.wp.com\/noticiasribeiraopreto.com.br\/wp-content\/uploads\/2025\/08\/ricardo-silva-prefeito_2025-08-22_15-28-38.webp.webp?fit=1200%2C800&ssl=1&resize=350%2C200","width":350,"height":200,"srcset":"https:\/\/i0.wp.com\/noticiasribeiraopreto.com.br\/wp-content\/uploads\/2025\/08\/ricardo-silva-prefeito_2025-08-22_15-28-38.webp.webp?fit=1200%2C800&ssl=1&resize=350%2C200 1x, https:\/\/i0.wp.com\/noticiasribeiraopreto.com.br\/wp-content\/uploads\/2025\/08\/ricardo-silva-prefeito_2025-08-22_15-28-38.webp.webp?fit=1200%2C800&ssl=1&resize=525%2C300 1.5x, https:\/\/i0.wp.com\/noticiasribeiraopreto.com.br\/wp-content\/uploads\/2025\/08\/ricardo-silva-prefeito_2025-08-22_15-28-38.webp.webp?fit=1200%2C800&ssl=1&resize=700%2C400 2x, https:\/\/i0.wp.com\/noticiasribeiraopreto.com.br\/wp-content\/uploads\/2025\/08\/ricardo-silva-prefeito_2025-08-22_15-28-38.webp.webp?fit=1200%2C800&ssl=1&resize=1050%2C600 3x"},"classes":[]}],"jetpack_sharing_enabled":true,"jetpack_shortlink":"https:\/\/wp.me\/peQAOb-jXd","_links":{"self":[{"href":"https:\/\/noticiasribeiraopreto.com.br\/index.php\/wp-json\/wp\/v2\/posts\/76707","targetHints":{"allow":["GET"]}}],"collection":[{"href":"https:\/\/noticiasribeiraopreto.com.br\/index.php\/wp-json\/wp\/v2\/posts"}],"about":[{"href":"https:\/\/noticiasribeiraopreto.com.br\/index.php\/wp-json\/wp\/v2\/types\/post"}],"author":[{"embeddable":true,"href":"https:\/\/noticiasribeiraopreto.com.br\/index.php\/wp-json\/wp\/v2\/users\/1"}],"replies":[{"embeddable":true,"href":"https:\/\/noticiasribeiraopreto.com.br\/index.php\/wp-json\/wp\/v2\/comments?post=76707"}],"version-history":[{"count":0,"href":"https:\/\/noticiasribeiraopreto.com.br\/index.php\/wp-json\/wp\/v2\/posts\/76707\/revisions"}],"wp:featuredmedia":[{"embeddable":true,"href":"https:\/\/noticiasribeiraopreto.com.br\/index.php\/wp-json\/wp\/v2\/media\/76709"}],"wp:attachment":[{"href":"https:\/\/noticiasribeiraopreto.com.br\/index.php\/wp-json\/wp\/v2\/media?parent=76707"}],"wp:term":[{"taxonomy":"category","embeddable":true,"href":"https:\/\/noticiasribeiraopreto.com.br\/index.php\/wp-json\/wp\/v2\/categories?post=76707"},{"taxonomy":"post_tag","embeddable":true,"href":"https:\/\/noticiasribeiraopreto.com.br\/index.php\/wp-json\/wp\/v2\/tags?post=76707"}],"curies":[{"name":"wp","href":"https:\/\/api.w.org\/{rel}","templated":true}]}}