{"id":76710,"date":"2025-09-03T21:08:52","date_gmt":"2025-09-04T00:08:52","guid":{"rendered":"https:\/\/noticiasribeiraopreto.com.br\/index.php\/2025\/09\/03\/feira-em-ribeirao-preto-celebra-7-anos-com-musica-gastronomia-e-chope-veja-quando\/"},"modified":"2025-09-03T21:08:52","modified_gmt":"2025-09-04T00:08:52","slug":"feira-em-ribeirao-preto-celebra-7-anos-com-musica-gastronomia-e-chope-veja-quando","status":"publish","type":"post","link":"https:\/\/noticiasribeiraopreto.com.br\/index.php\/2025\/09\/03\/feira-em-ribeirao-preto-celebra-7-anos-com-musica-gastronomia-e-chope-veja-quando\/","title":{"rendered":"Feira em Ribeir\u00e3o Preto celebra 7 anos com m\u00fasica, gastronomia e chope; veja quando"},"content":{"rendered":"<div class='code-block code-block-1' style='margin: 8px 0 8px auto; text-align: right; display: block; clear: both;'>\n<p><a href=\"https:\/\/wa.link\/vpicfd\"><img data-recalc-dims=\"1\" class=\"wp-image-4922\" style=\"aspect-ratio: 2.0253164556962027; width: 561px; height: auto;\" src=\"https:\/\/i0.wp.com\/ismaelcolosi.com.br\/wp-content\/uploads\/2023\/11\/grupo-de-empregos-whatsapp-e-facebook-ismael-colosi-vagas.jpg?ssl=1\" alt=\"\" \/><\/a><\/p>\n<!-- \/wp:image -->\n<\/div>\n<p> <br \/>\n<\/p>\n<div data-td-block-uid=\"tdi_95\">\n<div class=\"tdb-block-inner td-fix-index\">\n<p>A <strong>Feira do Coletivo celebra sete anos<\/strong> em Ribeir\u00e3o Preto com uma edi\u00e7\u00e3o especial na <strong>Pra\u00e7a 7 de Setembro<\/strong>. Neste domingo (7), o evento re\u00fane <strong>artistas, artes\u00e3os e pequenos produtores<\/strong> e oferece <strong>arte, cultura, gastronomia e atividades<\/strong>, com <strong>entrada gratuita<\/strong>.<\/p>\n<h3 class=\"wp-block-heading\"><strong>M\u00fasica e gastronomia<\/strong><\/h3>\n<p>A programa\u00e7\u00e3o inclui <strong>50 marcas autorais<\/strong>, m\u00fasica ao vivo com <strong>Camila Kerr e Paulinho Zambianchi \u00e0s 15h30<\/strong> e a <strong>Banda Bluezilla \u00e0s 18h<\/strong>. Os visitantes poder\u00e3o participar de oficinas de modelagem e confec\u00e7\u00e3o de tiaras, aul\u00e3o de yoga, leitura de tar\u00f4 e atividades infantis, como recrea\u00e7\u00e3o e brinqued\u00e3o.<\/p>\n<figure class=\"wp-block-gallery has-nested-images columns-default is-cropped wp-block-gallery-1 is-layout-flex wp-block-gallery-is-layout-flex\">\n<figure class=\"wp-block-image size-large\"><img data-recalc-dims=\"1\" fetchpriority=\"high\" decoding=\"async\" width=\"1024\" height=\"682\" data-id=\"127946\" src=\"https:\/\/i0.wp.com\/cdn.media-acidadeon.com.br\/ribeiraopreto\/wp-content\/uploads\/sites\/3\/2025\/09\/Imagem-do-WhatsApp-de-2025-07-29-as-16.05.00_ea693c18_2025-09-03_21-57-10-1024x682.webp?resize=1024%2C682&#038;ssl=1\" alt=\"Imagem do WhatsApp de 2025 07 29 as 16.05.00 ea693c18 2025 09 03 21 57 10\" class=\"wp-image-127946\" title=\"Feira em Ribeir\u00e3o Preto celebra 7 anos com m\u00fasica, gastronomia e chope; veja quando 1\" srcset=\"https:\/\/cdn.media-acidadeon.com.br\/ribeiraopreto\/wp-content\/uploads\/sites\/3\/2025\/09\/Imagem-do-WhatsApp-de-2025-07-29-as-16.05.00_ea693c18_2025-09-03_21-57-10-1024x682.webp 1024w, https:\/\/cdn.media-acidadeon.com.br\/ribeiraopreto\/wp-content\/uploads\/sites\/3\/2025\/09\/Imagem-do-WhatsApp-de-2025-07-29-as-16.05.00_ea693c18_2025-09-03_21-57-10-300x200.webp 300w, https:\/\/cdn.media-acidadeon.com.br\/ribeiraopreto\/wp-content\/uploads\/sites\/3\/2025\/09\/Imagem-do-WhatsApp-de-2025-07-29-as-16.05.00_ea693c18_2025-09-03_21-57-10-768x512.webp 768w, https:\/\/cdn.media-acidadeon.com.br\/ribeiraopreto\/wp-content\/uploads\/sites\/3\/2025\/09\/Imagem-do-WhatsApp-de-2025-07-29-as-16.05.00_ea693c18_2025-09-03_21-57-10-696x464.webp 696w, https:\/\/cdn.media-acidadeon.com.br\/ribeiraopreto\/wp-content\/uploads\/sites\/3\/2025\/09\/Imagem-do-WhatsApp-de-2025-07-29-as-16.05.00_ea693c18_2025-09-03_21-57-10-1068x712.webp 1068w, https:\/\/cdn.media-acidadeon.com.br\/ribeiraopreto\/wp-content\/uploads\/sites\/3\/2025\/09\/Imagem-do-WhatsApp-de-2025-07-29-as-16.05.00_ea693c18_2025-09-03_21-57-10.webp 1181w\" sizes=\"(max-width: 1024px) 100vw, 1024px\"\/><\/figure>\n<figure class=\"wp-block-image size-large\"><img data-recalc-dims=\"1\" loading=\"lazy\" decoding=\"async\" width=\"1024\" height=\"682\" data-id=\"127948\" src=\"https:\/\/i0.wp.com\/cdn.media-acidadeon.com.br\/ribeiraopreto\/wp-content\/uploads\/sites\/3\/2025\/09\/Imagem-do-WhatsApp-de-2025-07-29-as-16.05.01_a18941b8_2025-09-03_21-57-16-1024x682.webp?resize=1024%2C682&#038;ssl=1\" alt=\"Imagem do WhatsApp de 2025 07 29 as 16.05.01 a18941b8 2025 09 03 21 57 16\" class=\"wp-image-127948\" title=\"Feira em Ribeir\u00e3o Preto celebra 7 anos com m\u00fasica, gastronomia e chope; veja quando 2\" srcset=\"https:\/\/cdn.media-acidadeon.com.br\/ribeiraopreto\/wp-content\/uploads\/sites\/3\/2025\/09\/Imagem-do-WhatsApp-de-2025-07-29-as-16.05.01_a18941b8_2025-09-03_21-57-16-1024x682.webp 1024w, https:\/\/cdn.media-acidadeon.com.br\/ribeiraopreto\/wp-content\/uploads\/sites\/3\/2025\/09\/Imagem-do-WhatsApp-de-2025-07-29-as-16.05.01_a18941b8_2025-09-03_21-57-16-300x200.webp 300w, https:\/\/cdn.media-acidadeon.com.br\/ribeiraopreto\/wp-content\/uploads\/sites\/3\/2025\/09\/Imagem-do-WhatsApp-de-2025-07-29-as-16.05.01_a18941b8_2025-09-03_21-57-16-768x512.webp 768w, https:\/\/cdn.media-acidadeon.com.br\/ribeiraopreto\/wp-content\/uploads\/sites\/3\/2025\/09\/Imagem-do-WhatsApp-de-2025-07-29-as-16.05.01_a18941b8_2025-09-03_21-57-16-696x464.webp 696w, https:\/\/cdn.media-acidadeon.com.br\/ribeiraopreto\/wp-content\/uploads\/sites\/3\/2025\/09\/Imagem-do-WhatsApp-de-2025-07-29-as-16.05.01_a18941b8_2025-09-03_21-57-16-1068x712.webp 1068w, https:\/\/cdn.media-acidadeon.com.br\/ribeiraopreto\/wp-content\/uploads\/sites\/3\/2025\/09\/Imagem-do-WhatsApp-de-2025-07-29-as-16.05.01_a18941b8_2025-09-03_21-57-16.webp 1181w\" sizes=\"auto, (max-width: 1024px) 100vw, 1024px\"\/><\/figure>\n<figure class=\"wp-block-image size-large\"><img data-recalc-dims=\"1\" loading=\"lazy\" decoding=\"async\" width=\"1024\" height=\"682\" data-id=\"127947\" src=\"https:\/\/i0.wp.com\/cdn.media-acidadeon.com.br\/ribeiraopreto\/wp-content\/uploads\/sites\/3\/2025\/09\/Imagem-do-WhatsApp-de-2025-07-29-as-16.05.00_82348cf4_2025-09-03_21-57-13-1024x682.webp?resize=1024%2C682&#038;ssl=1\" alt=\"Imagem do WhatsApp de 2025 07 29 as 16.05.00 82348cf4 2025 09 03 21 57 13\" class=\"wp-image-127947\" title=\"Feira em Ribeir\u00e3o Preto celebra 7 anos com m\u00fasica, gastronomia e chope; veja quando 3\" srcset=\"https:\/\/cdn.media-acidadeon.com.br\/ribeiraopreto\/wp-content\/uploads\/sites\/3\/2025\/09\/Imagem-do-WhatsApp-de-2025-07-29-as-16.05.00_82348cf4_2025-09-03_21-57-13-1024x682.webp 1024w, https:\/\/cdn.media-acidadeon.com.br\/ribeiraopreto\/wp-content\/uploads\/sites\/3\/2025\/09\/Imagem-do-WhatsApp-de-2025-07-29-as-16.05.00_82348cf4_2025-09-03_21-57-13-300x200.webp 300w, https:\/\/cdn.media-acidadeon.com.br\/ribeiraopreto\/wp-content\/uploads\/sites\/3\/2025\/09\/Imagem-do-WhatsApp-de-2025-07-29-as-16.05.00_82348cf4_2025-09-03_21-57-13-768x512.webp 768w, https:\/\/cdn.media-acidadeon.com.br\/ribeiraopreto\/wp-content\/uploads\/sites\/3\/2025\/09\/Imagem-do-WhatsApp-de-2025-07-29-as-16.05.00_82348cf4_2025-09-03_21-57-13-696x464.webp 696w, https:\/\/cdn.media-acidadeon.com.br\/ribeiraopreto\/wp-content\/uploads\/sites\/3\/2025\/09\/Imagem-do-WhatsApp-de-2025-07-29-as-16.05.00_82348cf4_2025-09-03_21-57-13-1068x712.webp 1068w, https:\/\/cdn.media-acidadeon.com.br\/ribeiraopreto\/wp-content\/uploads\/sites\/3\/2025\/09\/Imagem-do-WhatsApp-de-2025-07-29-as-16.05.00_82348cf4_2025-09-03_21-57-13.webp 1181w\" sizes=\"auto, (max-width: 1024px) 100vw, 1024px\"\/><\/figure>\n<\/figure>\n<p>Os <strong>food trucks<\/strong> oferecem op\u00e7\u00f5es vegetarianas e veganas e<strong> chopes artesanais<\/strong>. O evento ainda promove uma <strong>feira de ado\u00e7\u00e3o de c\u00e3es<\/strong>. <\/p>\n<p>A <strong>Feira do Coletivo<\/strong> acontece das <strong>15h \u00e0s 21h<\/strong>, na <strong>Pra\u00e7a 7 de Setembro<\/strong>, com <strong>entrada gratuita<\/strong>. <\/p>\n<h3 class=\"wp-block-heading\"><strong>Servi\u00e7o:<\/strong><\/h3>\n<p><strong>Quando<\/strong>: 7 de setembro de 2025<br \/><strong>Onde:<\/strong> Pra\u00e7a 7 de Setembro \u2013 Ribeir\u00e3o Preto<br \/><strong>Hor\u00e1rio: <\/strong>15h \u00e0s 21h<br \/><strong>Entrada gratuita<\/strong><\/p>\n<hr class=\"wp-block-separator has-alpha-channel-opacity\"\/>\n<p>SAIBA MAIS<\/p>\n<p>Pol\u00edcia Civil cumpre mandados em Ribeir\u00e3o e regi\u00e3o contra quadrilha de fraudes eletr\u00f4nicas<\/p>\n<h2 class=\"wp-block-heading\"><strong>FIQUE ON<\/strong><\/h2>\n<p>Fique ligado em tudo que acontece em Ribeir\u00e3o Preto e regi\u00e3o. Siga os perfis do\u00a0<strong>acidade on<\/strong>\u00a0no<a href=\"https:\/\/www.instagram.com\/acidadeonribeirao\" target=\"_blank\" rel=\"noreferrer noopener\">\u00a0Instagram\u00a0<\/a>e no\u00a0<a href=\"https:\/\/www.facebook.com\/acidadeonribeirao\/\" target=\"_blank\" rel=\"noreferrer noopener\">Facebook<\/a>.<\/p>\n<p>Receba not\u00edcias do<strong>\u00a0acidade on<\/strong>\u00a0no WhatsApp. Para entrar no grupo,\u00a0basta\u00a0<a href=\"https:\/\/chat.whatsapp.com\/I4nieTEMKlf50pJ28aMemC?mode=ac_t\" target=\"_blank\" rel=\"noreferrer noopener\">clicar aqui<\/a>. Ou, acesse o nosso\u00a0Canal\u00a0<a href=\"https:\/\/whatsapp.com\/channel\/0029Vb6IQl1JENyAeS57fk2p\" target=\"_blank\" rel=\"noreferrer noopener\">clicando aqui<\/a>.<\/p>\n<p>Fa\u00e7a uma den\u00fancia ou sugira uma reportagem sobre Ribeir\u00e3o Preto e regi\u00e3o pelo WhatsApp: 16 99117 7802.<\/p>\n<p>VEJA TAMB\u00c9M<\/p>\n<p>Por que Sex Pistols cancelou o show no The Town?<\/p>\n<p><!-- AI CONTENT END 1 -->\n<\/div>\n<\/div>\n<p><script async src=\"\/\/www.instagram.com\/embed.js\"><\/script><br \/>\n<br \/><br \/>\n<br \/><a href=\"https:\/\/www.acidadeon.com\/ribeiraopreto\/lazer-e-cultura\/feira-em-ribeirao-preto-celebra-7-anos-com-musica-gastronomia-e-chope-veja-quando\/\">Source link <\/a><\/p>\n<!-- CONTENT END 1 -->\n","protected":false},"excerpt":{"rendered":"<p>A Feira do Coletivo celebra sete anos em Ribeir\u00e3o Preto com uma edi\u00e7\u00e3o especial na Pra\u00e7a 7 de Setembro. Neste domingo (7), o evento re\u00fane&#8230;<\/p>\n","protected":false},"author":1,"featured_media":76711,"comment_status":"open","ping_status":"open","sticky":false,"template":"","format":"standard","meta":{"advanced_seo_description":"","jetpack_seo_html_title":"","jetpack_seo_noindex":false,"jetpack_post_was_ever_published":false,"_jetpack_newsletter_access":"","_jetpack_dont_email_post_to_subs":false,"_jetpack_newsletter_tier_id":0,"_jetpack_memberships_contains_paywalled_content":false,"_jetpack_memberships_contains_paid_content":false,"footnotes":"","jetpack_publicize_message":"","jetpack_publicize_feature_enabled":true,"jetpack_social_post_already_shared":true,"jetpack_social_options":{"image_generator_settings":{"template":"highway","default_image_id":0,"font":"","enabled":false},"version":2}},"categories":[11],"tags":[],"class_list":["post-76710","post","type-post","status-publish","format-standard","has-post-thumbnail","hentry","category-noticias-de-ribeirao-preto-sp-e-regiao-ismael-colosi"],"jetpack_publicize_connections":[],"jetpack_featured_media_url":"https:\/\/i0.wp.com\/noticiasribeiraopreto.com.br\/wp-content\/uploads\/2025\/09\/Imagem-do-WhatsApp-de-2025-07-29-as-16.05.01_1d53c35a_2025-09-03_22-01-07.webp.webp?fit=1181%2C787&ssl=1","jetpack-related-posts":[{"id":80085,"url":"https:\/\/noticiasribeiraopreto.com.br\/index.php\/2025\/11\/14\/ribeirao-preto-recebe-edicao-especial-de-feira-vegana-no-feriado\/","url_meta":{"origin":76710,"position":0},"title":"Ribeir\u00e3o Preto recebe edi\u00e7\u00e3o especial de feira vegana no feriado","author":"noticiasribeiraopreto.com.br","date":"14 de November de 2025","format":false,"excerpt":"Ribeir\u00e3o Preto recebe neste s\u00e1bado (15) uma edi\u00e7\u00e3o especial da Feira Veg, com op\u00e7\u00f5es de gastronomia vegana, cosm\u00e9ticos naturais, moda, artesanato, plantas e marcas autorais de diversos segmentos. Esta edi\u00e7\u00e3o celebra os 13 anos do movimento que deu origem ao evento. A feira, que acontece a partir das 16h na\u2026","rel":"","context":"In &quot;Not\u00edcias de Ribeir\u00e3o Preto-SP e Regi\u00e3o&quot;","block_context":{"text":"Not\u00edcias de Ribeir\u00e3o Preto-SP e Regi\u00e3o","link":"https:\/\/noticiasribeiraopreto.com.br\/index.php\/category\/noticias-de-ribeirao-preto-sp-e-regiao-ismael-colosi\/"},"img":{"alt_text":"","src":"https:\/\/i0.wp.com\/noticiasribeiraopreto.com.br\/wp-content\/uploads\/2025\/11\/Veg-19-11-92_2025-11-14_12-29-40.webp.webp?fit=1200%2C801&ssl=1&resize=350%2C200","width":350,"height":200,"srcset":"https:\/\/i0.wp.com\/noticiasribeiraopreto.com.br\/wp-content\/uploads\/2025\/11\/Veg-19-11-92_2025-11-14_12-29-40.webp.webp?fit=1200%2C801&ssl=1&resize=350%2C200 1x, https:\/\/i0.wp.com\/noticiasribeiraopreto.com.br\/wp-content\/uploads\/2025\/11\/Veg-19-11-92_2025-11-14_12-29-40.webp.webp?fit=1200%2C801&ssl=1&resize=525%2C300 1.5x, https:\/\/i0.wp.com\/noticiasribeiraopreto.com.br\/wp-content\/uploads\/2025\/11\/Veg-19-11-92_2025-11-14_12-29-40.webp.webp?fit=1200%2C801&ssl=1&resize=700%2C400 2x, https:\/\/i0.wp.com\/noticiasribeiraopreto.com.br\/wp-content\/uploads\/2025\/11\/Veg-19-11-92_2025-11-14_12-29-40.webp.webp?fit=1200%2C801&ssl=1&resize=1050%2C600 3x"},"classes":[]},{"id":76731,"url":"https:\/\/noticiasribeiraopreto.com.br\/index.php\/2025\/09\/04\/mostra-de-teatro-alma-apresenta-espetaculo-gratuito-alice-no-pais-das-maravilhas\/","url_meta":{"origin":76710,"position":1},"title":"Mostra de Teatro Alma apresenta espet\u00e1culo gratuito \u2018Alice no Pa\u00eds das Maravilhas\u2019","author":"noticiasribeiraopreto.com.br","date":"4 de September de 2025","format":false,"excerpt":"Ribeir\u00e3o Preto recebe neste fim de semana a segunda montagem da Mostra de Teatro da Alma (Academia Livre de M\u00fasica e Artes). S\u00e3o dois dias de apresenta\u00e7\u00e3o do espet\u00e1culo \u201cAlice no Pa\u00eds das Maravilhas\u201d, no s\u00e1bado (6), \u00e0s 19h30, e no domingo (7), \u00e0s 17h, no Teatro Auxiliadora. A entrada\u2026","rel":"","context":"In &quot;Not\u00edcias de Ribeir\u00e3o Preto-SP e Regi\u00e3o&quot;","block_context":{"text":"Not\u00edcias de Ribeir\u00e3o Preto-SP e Regi\u00e3o","link":"https:\/\/noticiasribeiraopreto.com.br\/index.php\/category\/noticias-de-ribeirao-preto-sp-e-regiao-ismael-colosi\/"},"img":{"alt_text":"","src":"https:\/\/i0.wp.com\/noticiasribeiraopreto.com.br\/wp-content\/uploads\/2025\/09\/Mostra-de-teatro-Alma-5_2025-09-04_12-28-43.webp.webp?fit=1200%2C491&ssl=1&resize=350%2C200","width":350,"height":200,"srcset":"https:\/\/i0.wp.com\/noticiasribeiraopreto.com.br\/wp-content\/uploads\/2025\/09\/Mostra-de-teatro-Alma-5_2025-09-04_12-28-43.webp.webp?fit=1200%2C491&ssl=1&resize=350%2C200 1x, https:\/\/i0.wp.com\/noticiasribeiraopreto.com.br\/wp-content\/uploads\/2025\/09\/Mostra-de-teatro-Alma-5_2025-09-04_12-28-43.webp.webp?fit=1200%2C491&ssl=1&resize=525%2C300 1.5x, https:\/\/i0.wp.com\/noticiasribeiraopreto.com.br\/wp-content\/uploads\/2025\/09\/Mostra-de-teatro-Alma-5_2025-09-04_12-28-43.webp.webp?fit=1200%2C491&ssl=1&resize=700%2C400 2x, https:\/\/i0.wp.com\/noticiasribeiraopreto.com.br\/wp-content\/uploads\/2025\/09\/Mostra-de-teatro-Alma-5_2025-09-04_12-28-43.webp.webp?fit=1200%2C491&ssl=1&resize=1050%2C600 3x"},"classes":[]},{"id":77059,"url":"https:\/\/noticiasribeiraopreto.com.br\/index.php\/2025\/09\/10\/festa-italiana-reune-gastronomia-e-musica-em-ribeirao-preto-veja-quando\/","url_meta":{"origin":76710,"position":2},"title":"Festa Italiana re\u00fane gastronomia e m\u00fasica em Ribeir\u00e3o Preto; veja quando","author":"noticiasribeiraopreto.com.br","date":"10 de September de 2025","format":false,"excerpt":"O Shopping Iguatemi Ribeir\u00e3o Preto recebe nos dias 12, 13 e 14 de setembro a Festa \u00cdtalo-Brasileira, promovida pela Par\u00f3quia Sant\u2019Anna e S\u00e3o Joaquim. O evento, com entrada gratuita, acontece no estacionamento do shopping, pr\u00f3ximo \u00e0 Tok&Stok, e re\u00fane m\u00fasica ao vivo, pratos t\u00edpicos e atividades para crian\u00e7as. Divulga\u00e7\u00e3o Gastronomia\u2026","rel":"","context":"In &quot;Not\u00edcias de Ribeir\u00e3o Preto-SP e Regi\u00e3o&quot;","block_context":{"text":"Not\u00edcias de Ribeir\u00e3o Preto-SP e Regi\u00e3o","link":"https:\/\/noticiasribeiraopreto.com.br\/index.php\/category\/noticias-de-ribeirao-preto-sp-e-regiao-ismael-colosi\/"},"img":{"alt_text":"","src":"https:\/\/i0.wp.com\/noticiasribeiraopreto.com.br\/wp-content\/uploads\/2025\/09\/Copia-de-Copia-de-Copia-de-TAMANHO-EXATO-PARA-FOTOS-NO-SISTEMA-NOVO-2025-09-10T161847.663_2025-09-10_19-19-07.webp.webp?fit=1200%2C675&ssl=1&resize=350%2C200","width":350,"height":200,"srcset":"https:\/\/i0.wp.com\/noticiasribeiraopreto.com.br\/wp-content\/uploads\/2025\/09\/Copia-de-Copia-de-Copia-de-TAMANHO-EXATO-PARA-FOTOS-NO-SISTEMA-NOVO-2025-09-10T161847.663_2025-09-10_19-19-07.webp.webp?fit=1200%2C675&ssl=1&resize=350%2C200 1x, https:\/\/i0.wp.com\/noticiasribeiraopreto.com.br\/wp-content\/uploads\/2025\/09\/Copia-de-Copia-de-Copia-de-TAMANHO-EXATO-PARA-FOTOS-NO-SISTEMA-NOVO-2025-09-10T161847.663_2025-09-10_19-19-07.webp.webp?fit=1200%2C675&ssl=1&resize=525%2C300 1.5x, https:\/\/i0.wp.com\/noticiasribeiraopreto.com.br\/wp-content\/uploads\/2025\/09\/Copia-de-Copia-de-Copia-de-TAMANHO-EXATO-PARA-FOTOS-NO-SISTEMA-NOVO-2025-09-10T161847.663_2025-09-10_19-19-07.webp.webp?fit=1200%2C675&ssl=1&resize=700%2C400 2x, https:\/\/i0.wp.com\/noticiasribeiraopreto.com.br\/wp-content\/uploads\/2025\/09\/Copia-de-Copia-de-Copia-de-TAMANHO-EXATO-PARA-FOTOS-NO-SISTEMA-NOVO-2025-09-10T161847.663_2025-09-10_19-19-07.webp.webp?fit=1200%2C675&ssl=1&resize=1050%2C600 3x"},"classes":[]},{"id":78210,"url":"https:\/\/noticiasribeiraopreto.com.br\/index.php\/2025\/10\/04\/ribeirao-preto-recebe-feira-com-gastronomia-vegana-artesanato-e-atividades-gratuitas\/","url_meta":{"origin":76710,"position":3},"title":"Ribeir\u00e3o Preto recebe feira com gastronomia vegana, artesanato e atividades gratuitas","author":"noticiasribeiraopreto.com.br","date":"4 de October de 2025","format":false,"excerpt":"Em parceria com o Sesc Ribeir\u00e3o acontece mais uma edi\u00e7\u00e3o da Feira Veg, em Ribeir\u00e3o Preto, neste domingo (5), das 9h \u00e0s 12h. O evento conta expositores locais oferecendo uma ampla variedade de produtos veganos. Esta edi\u00e7\u00e3o d\u00e1 in\u00edcio oficial das atividades do Sesc Ribeir\u00e3o na nova unidade, localizada na\u2026","rel":"","context":"In &quot;Not\u00edcias de Ribeir\u00e3o Preto-SP e Regi\u00e3o&quot;","block_context":{"text":"Not\u00edcias de Ribeir\u00e3o Preto-SP e Regi\u00e3o","link":"https:\/\/noticiasribeiraopreto.com.br\/index.php\/category\/noticias-de-ribeirao-preto-sp-e-regiao-ismael-colosi\/"},"img":{"alt_text":"","src":"https:\/\/i0.wp.com\/noticiasribeiraopreto.com.br\/wp-content\/uploads\/2025\/10\/feira-veg_2025-10-04_15-05-37.webp.webp?fit=1200%2C675&ssl=1&resize=350%2C200","width":350,"height":200,"srcset":"https:\/\/i0.wp.com\/noticiasribeiraopreto.com.br\/wp-content\/uploads\/2025\/10\/feira-veg_2025-10-04_15-05-37.webp.webp?fit=1200%2C675&ssl=1&resize=350%2C200 1x, https:\/\/i0.wp.com\/noticiasribeiraopreto.com.br\/wp-content\/uploads\/2025\/10\/feira-veg_2025-10-04_15-05-37.webp.webp?fit=1200%2C675&ssl=1&resize=525%2C300 1.5x, https:\/\/i0.wp.com\/noticiasribeiraopreto.com.br\/wp-content\/uploads\/2025\/10\/feira-veg_2025-10-04_15-05-37.webp.webp?fit=1200%2C675&ssl=1&resize=700%2C400 2x, https:\/\/i0.wp.com\/noticiasribeiraopreto.com.br\/wp-content\/uploads\/2025\/10\/feira-veg_2025-10-04_15-05-37.webp.webp?fit=1200%2C675&ssl=1&resize=1050%2C600 3x"},"classes":[]},{"id":83268,"url":"https:\/\/noticiasribeiraopreto.com.br\/index.php\/2026\/03\/14\/avenida-nove-de-julho-recebe-evento-gratuito-com-musica-gastronomia-e-artesanato\/","url_meta":{"origin":76710,"position":4},"title":"Avenida Nove de Julho recebe evento gratuito com m\u00fasica, gastronomia e artesanato","author":"noticiasribeiraopreto.com.br","date":"14 de March de 2026","format":false,"excerpt":"A avenida Nove de Julho, em Ribeir\u00e3o Preto, recebe neste domingo (15), das 15h \u00e0s 19h, a 6\u00aa edi\u00e7\u00e3o do Viva a Nove. O evento gratuito re\u00fane atividades culturais, esportivas e gastron\u00f4micas ao longo da via. A programa\u00e7\u00e3o prev\u00ea apresenta\u00e7\u00f5es musicais, oficinas, brincadeiras, incentivo \u00e0 leitura, feira de artesanato, a\u00e7\u00f5es\u2026","rel":"","context":"In &quot;Not\u00edcias de Ribeir\u00e3o Preto-SP e Regi\u00e3o&quot;","block_context":{"text":"Not\u00edcias de Ribeir\u00e3o Preto-SP e Regi\u00e3o","link":"https:\/\/noticiasribeiraopreto.com.br\/index.php\/category\/noticias-de-ribeirao-preto-sp-e-regiao-ismael-colosi\/"},"img":{"alt_text":"","src":"https:\/\/i0.wp.com\/noticiasribeiraopreto.com.br\/wp-content\/uploads\/2025\/11\/encontro-de-brechos_2025-11-15_17-57-25.webp.webp?fit=1200%2C889&ssl=1&resize=350%2C200","width":350,"height":200,"srcset":"https:\/\/i0.wp.com\/noticiasribeiraopreto.com.br\/wp-content\/uploads\/2025\/11\/encontro-de-brechos_2025-11-15_17-57-25.webp.webp?fit=1200%2C889&ssl=1&resize=350%2C200 1x, https:\/\/i0.wp.com\/noticiasribeiraopreto.com.br\/wp-content\/uploads\/2025\/11\/encontro-de-brechos_2025-11-15_17-57-25.webp.webp?fit=1200%2C889&ssl=1&resize=525%2C300 1.5x, https:\/\/i0.wp.com\/noticiasribeiraopreto.com.br\/wp-content\/uploads\/2025\/11\/encontro-de-brechos_2025-11-15_17-57-25.webp.webp?fit=1200%2C889&ssl=1&resize=700%2C400 2x, https:\/\/i0.wp.com\/noticiasribeiraopreto.com.br\/wp-content\/uploads\/2025\/11\/encontro-de-brechos_2025-11-15_17-57-25.webp.webp?fit=1200%2C889&ssl=1&resize=1050%2C600 3x"},"classes":[]},{"id":77709,"url":"https:\/\/noticiasribeiraopreto.com.br\/index.php\/2025\/09\/24\/brinquedo-rock-em-ribeirao-preto-une-musica-gastronomia-e-solidariedade\/","url_meta":{"origin":76710,"position":5},"title":"Brinquedo Rock em Ribeir\u00e3o Preto une m\u00fasica, gastronomia e solidariedade","author":"noticiasribeiraopreto.com.br","date":"24 de September de 2025","format":false,"excerpt":"Ribeir\u00e3o Preto recebe no dia 4 de outubro, a partir das 10h, a 5\u00aa edi\u00e7\u00e3o do Brinquedo Rock, evento beneficente que une m\u00fasica ao vivo, gastronomia e solidariedade. A programa\u00e7\u00e3o acontece no Espa\u00e7o Pantanal, no bairro Recreio das Ac\u00e1cias. Idealizada pelo Insanos Moto Clube, a iniciativa arrecada brinquedos novos ou\u2026","rel":"","context":"In &quot;Not\u00edcias de Ribeir\u00e3o Preto-SP e Regi\u00e3o&quot;","block_context":{"text":"Not\u00edcias de Ribeir\u00e3o Preto-SP e Regi\u00e3o","link":"https:\/\/noticiasribeiraopreto.com.br\/index.php\/category\/noticias-de-ribeirao-preto-sp-e-regiao-ismael-colosi\/"},"img":{"alt_text":"","src":"https:\/\/noticiasribeiraopreto.com.br\/wp-content\/uploads\/2025\/09\/vista-lateral-mulheres-trocando-itens_23-2150323431.avif.avif","width":350,"height":200,"srcset":"https:\/\/noticiasribeiraopreto.com.br\/wp-content\/uploads\/2025\/09\/vista-lateral-mulheres-trocando-itens_23-2150323431.avif.avif 1x, https:\/\/noticiasribeiraopreto.com.br\/wp-content\/uploads\/2025\/09\/vista-lateral-mulheres-trocando-itens_23-2150323431.avif.avif 1.5x, https:\/\/noticiasribeiraopreto.com.br\/wp-content\/uploads\/2025\/09\/vista-lateral-mulheres-trocando-itens_23-2150323431.avif.avif 2x"},"classes":[]}],"jetpack_sharing_enabled":true,"jetpack_shortlink":"https:\/\/wp.me\/peQAOb-jXg","_links":{"self":[{"href":"https:\/\/noticiasribeiraopreto.com.br\/index.php\/wp-json\/wp\/v2\/posts\/76710","targetHints":{"allow":["GET"]}}],"collection":[{"href":"https:\/\/noticiasribeiraopreto.com.br\/index.php\/wp-json\/wp\/v2\/posts"}],"about":[{"href":"https:\/\/noticiasribeiraopreto.com.br\/index.php\/wp-json\/wp\/v2\/types\/post"}],"author":[{"embeddable":true,"href":"https:\/\/noticiasribeiraopreto.com.br\/index.php\/wp-json\/wp\/v2\/users\/1"}],"replies":[{"embeddable":true,"href":"https:\/\/noticiasribeiraopreto.com.br\/index.php\/wp-json\/wp\/v2\/comments?post=76710"}],"version-history":[{"count":0,"href":"https:\/\/noticiasribeiraopreto.com.br\/index.php\/wp-json\/wp\/v2\/posts\/76710\/revisions"}],"wp:featuredmedia":[{"embeddable":true,"href":"https:\/\/noticiasribeiraopreto.com.br\/index.php\/wp-json\/wp\/v2\/media\/76711"}],"wp:attachment":[{"href":"https:\/\/noticiasribeiraopreto.com.br\/index.php\/wp-json\/wp\/v2\/media?parent=76710"}],"wp:term":[{"taxonomy":"category","embeddable":true,"href":"https:\/\/noticiasribeiraopreto.com.br\/index.php\/wp-json\/wp\/v2\/categories?post=76710"},{"taxonomy":"post_tag","embeddable":true,"href":"https:\/\/noticiasribeiraopreto.com.br\/index.php\/wp-json\/wp\/v2\/tags?post=76710"}],"curies":[{"name":"wp","href":"https:\/\/api.w.org\/{rel}","templated":true}]}}