{"id":76712,"date":"2025-09-03T21:16:18","date_gmt":"2025-09-04T00:16:18","guid":{"rendered":"https:\/\/noticiasribeiraopreto.com.br\/index.php\/2025\/09\/03\/gemeas-siamesas-tem-alta-apos-primeira-cirurgia-de-separacao-craniana-em-ribeirao\/"},"modified":"2025-09-03T21:16:18","modified_gmt":"2025-09-04T00:16:18","slug":"gemeas-siamesas-tem-alta-apos-primeira-cirurgia-de-separacao-craniana-em-ribeirao","status":"publish","type":"post","link":"https:\/\/noticiasribeiraopreto.com.br\/index.php\/2025\/09\/03\/gemeas-siamesas-tem-alta-apos-primeira-cirurgia-de-separacao-craniana-em-ribeirao\/","title":{"rendered":"G\u00eameas siamesas t\u00eam alta ap\u00f3s primeira cirurgia de separa\u00e7\u00e3o craniana em Ribeir\u00e3o"},"content":{"rendered":"<div class='code-block code-block-1' style='margin: 8px 0 8px auto; text-align: right; display: block; clear: both;'>\n<p><a href=\"https:\/\/wa.link\/vpicfd\"><img data-recalc-dims=\"1\" class=\"wp-image-4922\" style=\"aspect-ratio: 2.0253164556962027; width: 561px; height: auto;\" src=\"https:\/\/i0.wp.com\/ismaelcolosi.com.br\/wp-content\/uploads\/2023\/11\/grupo-de-empregos-whatsapp-e-facebook-ismael-colosi-vagas.jpg?ssl=1\" alt=\"\" \/><\/a><\/p>\n<!-- \/wp:image -->\n<\/div>\n<p> <br \/>\n<\/p>\n<div data-td-block-uid=\"tdi_95\">\n<div class=\"tdb-block-inner td-fix-index\">\n<p>As <strong>g\u00eameas siamesas Helo\u00edsa e Helena receberam alta hospitalar<\/strong> nesta quarta-feira (3), 11 dias ap\u00f3s a primeira cirurgia programada para a separa\u00e7\u00e3o dos cr\u00e2nios. O procedimento ocorreu no dia 23 de agosto, no <strong>Hospital das Cl\u00ednicas de Ribeir\u00e3o Preto.<\/strong><\/p>\n<p>As meninas, de <strong>1 ano e 8 meses<\/strong>, s\u00e3o de <strong>S\u00e3o Jos\u00e9 dos Campos e permanecer\u00e3o em Ribeir\u00e3o Preto<\/strong> para acompanhamento com a equipe multidisciplinar. <strong>Os retornos regulares ir\u00e3o monitorar a recupera\u00e7\u00e3o at\u00e9 a pr\u00f3xima cirurgia<\/strong>, prevista para novembro.<\/p>\n<p>De acordo com os m\u00e9dicos, a <strong>equipe conseguiu realizar 25% do que estava projetado na cirurgia<\/strong>, sem intercorr\u00eancias. As meninas est\u00e3o bem, respirando normalmente e com bom n\u00edvel de cicatriza\u00e7\u00e3o.<\/p>\n<p><strong>A separa\u00e7\u00e3o completa dos cr\u00e2nios deve ocorrer at\u00e9 o meio do pr\u00f3ximo ano<\/strong>. Desde 2024, as g\u00eameas passam por exames que auxiliaram no planejamento das cirurgias.<\/p>\n<div class=\"wp-block-image\">\n<figure class=\"aligncenter size-large is-resized\"><img data-recalc-dims=\"1\" fetchpriority=\"high\" decoding=\"async\" width=\"1024\" height=\"578\" src=\"https:\/\/i0.wp.com\/cdn.media-acidadeon.com.br\/ribeiraopreto\/wp-content\/uploads\/sites\/3\/2025\/08\/WhatsApp-Image-2025-08-23-at-18.36.25_2025-08-24_15-18-42-1024x578.webp?resize=1024%2C578&#038;ssl=1\" alt=\"cirurgia siamesas\" class=\"wp-image-126893\" style=\"width:684px;height:auto\" title=\"G\u00eameas siamesas t\u00eam alta ap\u00f3s primeira cirurgia de separa\u00e7\u00e3o craniana em Ribeir\u00e3o 1\" srcset=\"https:\/\/cdn.media-acidadeon.com.br\/ribeiraopreto\/wp-content\/uploads\/sites\/3\/2025\/08\/WhatsApp-Image-2025-08-23-at-18.36.25_2025-08-24_15-18-42-1024x578.webp 1024w, https:\/\/cdn.media-acidadeon.com.br\/ribeiraopreto\/wp-content\/uploads\/sites\/3\/2025\/08\/WhatsApp-Image-2025-08-23-at-18.36.25_2025-08-24_15-18-42-300x169.webp 300w, https:\/\/cdn.media-acidadeon.com.br\/ribeiraopreto\/wp-content\/uploads\/sites\/3\/2025\/08\/WhatsApp-Image-2025-08-23-at-18.36.25_2025-08-24_15-18-42-768x433.webp 768w, https:\/\/cdn.media-acidadeon.com.br\/ribeiraopreto\/wp-content\/uploads\/sites\/3\/2025\/08\/WhatsApp-Image-2025-08-23-at-18.36.25_2025-08-24_15-18-42-696x393.webp 696w, https:\/\/cdn.media-acidadeon.com.br\/ribeiraopreto\/wp-content\/uploads\/sites\/3\/2025\/08\/WhatsApp-Image-2025-08-23-at-18.36.25_2025-08-24_15-18-42-1068x603.webp 1068w, https:\/\/cdn.media-acidadeon.com.br\/ribeiraopreto\/wp-content\/uploads\/sites\/3\/2025\/08\/WhatsApp-Image-2025-08-23-at-18.36.25_2025-08-24_15-18-42.webp 1200w\" sizes=\"(max-width: 1024px) 100vw, 1024px\"\/><figcaption class=\"wp-element-caption\">Primeira cirurgias das g\u00eameas siamesas foi realizada no s\u00e1bado (23), no HC de Ribeir\u00e3o Preto \u2013 Foto: Divulga\u00e7\u00e3o \/ HC de Ribeir\u00e3o Preto<\/figcaption><\/figure>\n<\/div>\n<h3 class=\"wp-block-heading\"><strong>Medo e confian\u00e7a<\/strong><\/h3>\n<p>Amarildo Batista da Silva, pai de Helo\u00edsa e Helena, <strong>acompanhou a primeira cirurgia das filhas<\/strong>. Ele relatou o medo que sentiu durante o procedimento, mas destacou a confian\u00e7a na equipe m\u00e9dica. <\/p>\n<figure class=\"wp-block-pullquote\">\n<blockquote>\n<p>Eu estava apavorado e pensei em levar minhas filhas para casa, sem permitir a cirurgia. Mas os doutores passam grande confian\u00e7a. Agora seguimos com mais f\u00e9 e s\u00f3 tenho a agradecer por tudo isso que est\u00e1 acontecendo na minha vida e na vida das minhas filhas. O foco principal da hist\u00f3ria s\u00e3o elas.<\/p>\n<p><cite>disse Amarildo<\/cite><\/p><\/blockquote>\n<\/figure>\n<hr class=\"wp-block-separator has-alpha-channel-opacity\"\/>\n<p>SAIBA MAIS<\/p>\n<p>Pol\u00edcia Civil cumpre mandados em Ribeir\u00e3o e regi\u00e3o contra quadrilha de fraudes eletr\u00f4nicas<\/p>\n<h2 class=\"wp-block-heading\"><strong>FIQUE ON<\/strong><\/h2>\n<p>Fique ligado em tudo que acontece em Ribeir\u00e3o Preto e regi\u00e3o. Siga os perfis do\u00a0<strong>acidade on<\/strong>\u00a0no<a href=\"https:\/\/www.instagram.com\/acidadeonribeirao\" target=\"_blank\" rel=\"noreferrer noopener\">\u00a0Instagram\u00a0<\/a>e no\u00a0<a href=\"https:\/\/www.facebook.com\/acidadeonribeirao\/\" target=\"_blank\" rel=\"noreferrer noopener\">Facebook<\/a>.<\/p>\n<p>Receba not\u00edcias do<strong>\u00a0acidade on<\/strong>\u00a0no WhatsApp. Para entrar no grupo,\u00a0basta\u00a0<a href=\"https:\/\/chat.whatsapp.com\/I4nieTEMKlf50pJ28aMemC?mode=ac_t\" target=\"_blank\" rel=\"noreferrer noopener\">clicar aqui<\/a>. Ou, acesse o nosso\u00a0Canal\u00a0<a href=\"https:\/\/whatsapp.com\/channel\/0029Vb6IQl1JENyAeS57fk2p\" target=\"_blank\" rel=\"noreferrer noopener\">clicando aqui<\/a>.<\/p>\n<p>Fa\u00e7a uma den\u00fancia ou sugira uma reportagem sobre Ribeir\u00e3o Preto e regi\u00e3o pelo WhatsApp: 16 99117 7802.<\/p>\n<p>VEJA TAMB\u00c9M<\/p>\n<p>Por que Sex Pistols cancelou o show no The Town?<\/p>\n<p><!-- AI CONTENT END 1 -->\n<\/div>\n<\/div>\n<p><script async src=\"\/\/www.instagram.com\/embed.js\"><\/script><br \/>\n<br \/><br \/>\n<br \/><a href=\"https:\/\/www.acidadeon.com\/ribeiraopreto\/cotidiano\/gemeas-siamesas-tem-alta-apos-primeira-cirurgia-de-separacao-craniana-em-ribeirao\/\">Source link <\/a><\/p>\n<!-- CONTENT END 1 -->\n","protected":false},"excerpt":{"rendered":"<p>As g\u00eameas siamesas Helo\u00edsa e Helena receberam alta hospitalar nesta quarta-feira (3), 11 dias ap\u00f3s a primeira cirurgia programada para a separa\u00e7\u00e3o dos cr\u00e2nios. O&#8230;<\/p>\n","protected":false},"author":1,"featured_media":76713,"comment_status":"open","ping_status":"open","sticky":false,"template":"","format":"standard","meta":{"advanced_seo_description":"","jetpack_seo_html_title":"","jetpack_seo_noindex":false,"jetpack_post_was_ever_published":false,"_jetpack_newsletter_access":"","_jetpack_dont_email_post_to_subs":false,"_jetpack_newsletter_tier_id":0,"_jetpack_memberships_contains_paywalled_content":false,"_jetpack_memberships_contains_paid_content":false,"footnotes":"","jetpack_publicize_message":"","jetpack_publicize_feature_enabled":true,"jetpack_social_post_already_shared":true,"jetpack_social_options":{"image_generator_settings":{"template":"highway","default_image_id":0,"font":"","enabled":false},"version":2}},"categories":[11],"tags":[],"class_list":["post-76712","post","type-post","status-publish","format-standard","has-post-thumbnail","hentry","category-noticias-de-ribeirao-preto-sp-e-regiao-ismael-colosi"],"jetpack_publicize_connections":[],"jetpack_featured_media_url":"https:\/\/i0.wp.com\/noticiasribeiraopreto.com.br\/wp-content\/uploads\/2025\/09\/Copia-de-Copia-de-Copia-de-TAMANHO-EXATO-PARA-FOTOS-NO-SISTEMA-NOVO-2025-09-03T182031.115_2025-09-03_21-20-42.webp.webp?fit=1200%2C675&ssl=1","jetpack-related-posts":[{"id":76714,"url":"https:\/\/noticiasribeiraopreto.com.br\/index.php\/2025\/09\/04\/siamesas-recebem-alta-hospitalar-tribuna-ribeirao\/","url_meta":{"origin":76712,"position":0},"title":"Siamesas recebem \u2028alta hospitalar &#8211; Tribuna Ribeir\u00e3o","author":"noticiasribeiraopreto.com.br","date":"4 de September de 2025","format":false,"excerpt":"4 de setembro de 2025 07:470 Compartilhar0 As irm\u00e3s siamesas unidas pela cabe\u00e7a Helo\u00edsa e Helena, nascidas em S\u00e3o Jos\u00e9 dos Campos em janeiro de 2024 (um ano e oito meses), no Vale do Para\u00edba (SP), receberam alta hospitalar nesta quarta-feira, 3 de setembro. Elas foram para casa e ser\u00e3o\u2026","rel":"","context":"In &quot;Not\u00edcias de Ribeir\u00e3o Preto-SP e Regi\u00e3o&quot;","block_context":{"text":"Not\u00edcias de Ribeir\u00e3o Preto-SP e Regi\u00e3o","link":"https:\/\/noticiasribeiraopreto.com.br\/index.php\/category\/noticias-de-ribeirao-preto-sp-e-regiao-ismael-colosi\/"},"img":{"alt_text":"","src":"https:\/\/i0.wp.com\/noticiasribeiraopreto.com.br\/wp-content\/uploads\/2025\/09\/Siamesas-Reproducao-Assessoria-do-HC.jpg?fit=1200%2C750&ssl=1&resize=350%2C200","width":350,"height":200,"srcset":"https:\/\/i0.wp.com\/noticiasribeiraopreto.com.br\/wp-content\/uploads\/2025\/09\/Siamesas-Reproducao-Assessoria-do-HC.jpg?fit=1200%2C750&ssl=1&resize=350%2C200 1x, https:\/\/i0.wp.com\/noticiasribeiraopreto.com.br\/wp-content\/uploads\/2025\/09\/Siamesas-Reproducao-Assessoria-do-HC.jpg?fit=1200%2C750&ssl=1&resize=525%2C300 1.5x, https:\/\/i0.wp.com\/noticiasribeiraopreto.com.br\/wp-content\/uploads\/2025\/09\/Siamesas-Reproducao-Assessoria-do-HC.jpg?fit=1200%2C750&ssl=1&resize=700%2C400 2x, https:\/\/i0.wp.com\/noticiasribeiraopreto.com.br\/wp-content\/uploads\/2025\/09\/Siamesas-Reproducao-Assessoria-do-HC.jpg?fit=1200%2C750&ssl=1&resize=1050%2C600 3x"},"classes":[]},{"id":82904,"url":"https:\/\/noticiasribeiraopreto.com.br\/index.php\/2026\/03\/03\/cirurgia-de-siamesas-dura-sete-horas-no-hc\/","url_meta":{"origin":76712,"position":1},"title":"Cirurgia de siamesas dura sete horas no HC","author":"noticiasribeiraopreto.com.br","date":"3 de March de 2026","format":false,"excerpt":"G\u00eameas crani\u00f3pagas Helo\u00edsa e Helena passar\u00e3o pela terceira cirurgia neste s\u00e1bado (28); separa\u00e7\u00e3o completa deve ocorrer ainda este ano As irm\u00e3s g\u00eameas crani\u00f3pagas \u2013 unidas pela cabe\u00e7a \u2013 Helo\u00edsa e Helena, nascidas em S\u00e3o Jos\u00e9 dos Campos em janeiro de 2024 (dois anos e um m\u00eas), no Vale do Para\u00edba\u2026","rel":"","context":"In &quot;Not\u00edcias de Ribeir\u00e3o Preto-SP e Regi\u00e3o&quot;","block_context":{"text":"Not\u00edcias de Ribeir\u00e3o Preto-SP e Regi\u00e3o","link":"https:\/\/noticiasribeiraopreto.com.br\/index.php\/category\/noticias-de-ribeirao-preto-sp-e-regiao-ismael-colosi\/"},"img":{"alt_text":"","src":"https:\/\/i0.wp.com\/noticiasribeiraopreto.com.br\/wp-content\/uploads\/2026\/03\/Siamesas-Assessoria-HC-02-scaled.jpg?fit=585%2C780&ssl=1&resize=350%2C200","width":350,"height":200,"srcset":"https:\/\/i0.wp.com\/noticiasribeiraopreto.com.br\/wp-content\/uploads\/2026\/03\/Siamesas-Assessoria-HC-02-scaled.jpg?fit=585%2C780&ssl=1&resize=350%2C200 1x, https:\/\/i0.wp.com\/noticiasribeiraopreto.com.br\/wp-content\/uploads\/2026\/03\/Siamesas-Assessoria-HC-02-scaled.jpg?fit=585%2C780&ssl=1&resize=525%2C300 1.5x"},"classes":[]},{"id":76335,"url":"https:\/\/noticiasribeiraopreto.com.br\/index.php\/2025\/08\/27\/primeira-cirurgia-cumpre-25-da-meta\/","url_meta":{"origin":76712,"position":2},"title":"Primeira cirurgia cumpre 25% da meta","author":"noticiasribeiraopreto.com.br","date":"27 de August de 2025","format":false,"excerpt":"27 de agosto de 2025 07:5027 de agosto de 2025 07:412 Compartilhar0 A primeira de uma s\u00e9rie de cinco cirurgias para separa\u00e7\u00e3o das irm\u00e3s siamesas unidas pela cabe\u00e7a Helo\u00edsa e Helena, nascidas em S\u00e3o Jos\u00e9 dos Campos, no Vale do Para\u00edba (SP), durou oito horas e foi bem sucedida, segundo\u2026","rel":"","context":"In &quot;Not\u00edcias de Ribeir\u00e3o Preto-SP e Regi\u00e3o&quot;","block_context":{"text":"Not\u00edcias de Ribeir\u00e3o Preto-SP e Regi\u00e3o","link":"https:\/\/noticiasribeiraopreto.com.br\/index.php\/category\/noticias-de-ribeirao-preto-sp-e-regiao-ismael-colosi\/"},"img":{"alt_text":"","src":"https:\/\/i0.wp.com\/noticiasribeiraopreto.com.br\/wp-content\/uploads\/2025\/08\/Siamesas-Cir-Divulgacao-Assessoria-do-HC-scaled.jpg?fit=1200%2C674&ssl=1&resize=350%2C200","width":350,"height":200,"srcset":"https:\/\/i0.wp.com\/noticiasribeiraopreto.com.br\/wp-content\/uploads\/2025\/08\/Siamesas-Cir-Divulgacao-Assessoria-do-HC-scaled.jpg?fit=1200%2C674&ssl=1&resize=350%2C200 1x, https:\/\/i0.wp.com\/noticiasribeiraopreto.com.br\/wp-content\/uploads\/2025\/08\/Siamesas-Cir-Divulgacao-Assessoria-do-HC-scaled.jpg?fit=1200%2C674&ssl=1&resize=525%2C300 1.5x, https:\/\/i0.wp.com\/noticiasribeiraopreto.com.br\/wp-content\/uploads\/2025\/08\/Siamesas-Cir-Divulgacao-Assessoria-do-HC-scaled.jpg?fit=1200%2C674&ssl=1&resize=700%2C400 2x, https:\/\/i0.wp.com\/noticiasribeiraopreto.com.br\/wp-content\/uploads\/2025\/08\/Siamesas-Cir-Divulgacao-Assessoria-do-HC-scaled.jpg?fit=1200%2C674&ssl=1&resize=1050%2C600 3x"},"classes":[]},{"id":79996,"url":"https:\/\/noticiasribeiraopreto.com.br\/index.php\/2025\/11\/12\/gemeas-serao-separadas-em-2026\/","url_meta":{"origin":76712,"position":3},"title":"G\u00eameas ser\u00e3o separadas em 2026","author":"noticiasribeiraopreto.com.br","date":"12 de November de 2025","format":false,"excerpt":"G\u00eameas crani\u00f3pagas Helo\u00edsa e Helena passaram por segunda cirurgia no \u00faltimo s\u00e1bado (8); as pr\u00f3ximas ser\u00e3o em fevereiro e mar\u00e7o, e a definitiva em meados de 2026As irm\u00e3s g\u00eameas crani\u00f3pagas \u2013 unidas pela cabe\u00e7a \u2013 Helo\u00edsa e Helena, nascidas em S\u00e3o Jos\u00e9 dos Campos em janeiro de 2024 (um ano\u2026","rel":"","context":"In &quot;Not\u00edcias de Ribeir\u00e3o Preto-SP e Regi\u00e3o&quot;","block_context":{"text":"Not\u00edcias de Ribeir\u00e3o Preto-SP e Regi\u00e3o","link":"https:\/\/noticiasribeiraopreto.com.br\/index.php\/category\/noticias-de-ribeirao-preto-sp-e-regiao-ismael-colosi\/"},"img":{"alt_text":"","src":"https:\/\/i0.wp.com\/noticiasribeiraopreto.com.br\/wp-content\/uploads\/2025\/11\/Siamesas-Cir-Assessoria-de-Imprensa-do-HC-scaled.jpg?fit=585%2C780&ssl=1&resize=350%2C200","width":350,"height":200,"srcset":"https:\/\/i0.wp.com\/noticiasribeiraopreto.com.br\/wp-content\/uploads\/2025\/11\/Siamesas-Cir-Assessoria-de-Imprensa-do-HC-scaled.jpg?fit=585%2C780&ssl=1&resize=350%2C200 1x, https:\/\/i0.wp.com\/noticiasribeiraopreto.com.br\/wp-content\/uploads\/2025\/11\/Siamesas-Cir-Assessoria-de-Imprensa-do-HC-scaled.jpg?fit=585%2C780&ssl=1&resize=525%2C300 1.5x"},"classes":[]},{"id":32778,"url":"https:\/\/noticiasribeiraopreto.com.br\/index.php\/2024\/01\/26\/hc-ribeirao-preto-tem-terceiro-caso-de-gemeas-siamesas-unidas-pela-cabeca\/","url_meta":{"origin":76712,"position":4},"title":"HC Ribeir\u00e3o Preto tem terceiro caso de g\u00eameas siamesas unidas pela cabe\u00e7a","author":"noticiasribeiraopreto.com.br","date":"26 de January de 2024","format":false,"excerpt":"O Hospital das Cl\u00ednicas de Ribeir\u00e3o Preto recebeu h\u00e1 uma semana duas meninas g\u00eameas siamesas que nasceram unidas pela cabe\u00e7a e que devem passar pelo procedimento cir\u00fargico para separa\u00e7\u00e3o. Este \u00e9 o terceiro caso no hospital (veja abaixo). As irm\u00e3s, que s\u00e3o de S\u00e3o Jos\u00e9 dos Campos, nasceram prematuras e,\u2026","rel":"","context":"In &quot;Not\u00edcias de Ribeir\u00e3o Preto-SP e Regi\u00e3o&quot;","block_context":{"text":"Not\u00edcias de Ribeir\u00e3o Preto-SP e Regi\u00e3o","link":"https:\/\/noticiasribeiraopreto.com.br\/index.php\/category\/noticias-de-ribeirao-preto-sp-e-regiao-ismael-colosi\/"},"img":{"alt_text":"","src":"https:\/\/i0.wp.com\/noticiasribeiraopreto.com.br\/wp-content\/uploads\/2024\/01\/WhatsApp-Image-2024-01-26-at-11.40.48.jpeg?fit=909%2C864&ssl=1&resize=350%2C200","width":350,"height":200,"srcset":"https:\/\/i0.wp.com\/noticiasribeiraopreto.com.br\/wp-content\/uploads\/2024\/01\/WhatsApp-Image-2024-01-26-at-11.40.48.jpeg?fit=909%2C864&ssl=1&resize=350%2C200 1x, https:\/\/i0.wp.com\/noticiasribeiraopreto.com.br\/wp-content\/uploads\/2024\/01\/WhatsApp-Image-2024-01-26-at-11.40.48.jpeg?fit=909%2C864&ssl=1&resize=525%2C300 1.5x, https:\/\/i0.wp.com\/noticiasribeiraopreto.com.br\/wp-content\/uploads\/2024\/01\/WhatsApp-Image-2024-01-26-at-11.40.48.jpeg?fit=909%2C864&ssl=1&resize=700%2C400 2x"},"classes":[]},{"id":79839,"url":"https:\/\/noticiasribeiraopreto.com.br\/index.php\/2025\/11\/08\/apos-10-horas-termina-segunda-cirurgia-de-separacao-das-gemeas-siamesas\/","url_meta":{"origin":76712,"position":5},"title":"Ap\u00f3s 10 horas, termina segunda cirurgia de separa\u00e7\u00e3o das g\u00eameas siamesas","author":"noticiasribeiraopreto.com.br","date":"8 de November de 2025","format":false,"excerpt":"O Hospital das Cl\u00ednicas (HC) de Ribeir\u00e3o Preto informou ter conclu\u00eddo ap\u00f3s dez horas, \u00e0s 17h deste s\u00e1bado (8), a segunda cirurgia de separa\u00e7\u00e3o das g\u00eameas siamesas unidas pela cabe\u00e7a Helo\u00edsa e Helena. Segundo o hospital, as g\u00eameas j\u00e1 est\u00e3o acordadas e seguem para cuidados na Unidade de Terapia Intensiva\u2026","rel":"","context":"In &quot;Not\u00edcias de Ribeir\u00e3o Preto-SP e Regi\u00e3o&quot;","block_context":{"text":"Not\u00edcias de Ribeir\u00e3o Preto-SP e Regi\u00e3o","link":"https:\/\/noticiasribeiraopreto.com.br\/index.php\/category\/noticias-de-ribeirao-preto-sp-e-regiao-ismael-colosi\/"},"img":{"alt_text":"","src":"https:\/\/i0.wp.com\/noticiasribeiraopreto.com.br\/wp-content\/uploads\/2025\/11\/WhatsApp-Image-2025-11-08-at-17.07.29-1_2025-11-08_20-48-04-e1762634915873.webp.webp?fit=1125%2C720&ssl=1&resize=350%2C200","width":350,"height":200,"srcset":"https:\/\/i0.wp.com\/noticiasribeiraopreto.com.br\/wp-content\/uploads\/2025\/11\/WhatsApp-Image-2025-11-08-at-17.07.29-1_2025-11-08_20-48-04-e1762634915873.webp.webp?fit=1125%2C720&ssl=1&resize=350%2C200 1x, https:\/\/i0.wp.com\/noticiasribeiraopreto.com.br\/wp-content\/uploads\/2025\/11\/WhatsApp-Image-2025-11-08-at-17.07.29-1_2025-11-08_20-48-04-e1762634915873.webp.webp?fit=1125%2C720&ssl=1&resize=525%2C300 1.5x, https:\/\/i0.wp.com\/noticiasribeiraopreto.com.br\/wp-content\/uploads\/2025\/11\/WhatsApp-Image-2025-11-08-at-17.07.29-1_2025-11-08_20-48-04-e1762634915873.webp.webp?fit=1125%2C720&ssl=1&resize=700%2C400 2x, https:\/\/i0.wp.com\/noticiasribeiraopreto.com.br\/wp-content\/uploads\/2025\/11\/WhatsApp-Image-2025-11-08-at-17.07.29-1_2025-11-08_20-48-04-e1762634915873.webp.webp?fit=1125%2C720&ssl=1&resize=1050%2C600 3x"},"classes":[]}],"jetpack_sharing_enabled":true,"jetpack_shortlink":"https:\/\/wp.me\/peQAOb-jXi","_links":{"self":[{"href":"https:\/\/noticiasribeiraopreto.com.br\/index.php\/wp-json\/wp\/v2\/posts\/76712","targetHints":{"allow":["GET"]}}],"collection":[{"href":"https:\/\/noticiasribeiraopreto.com.br\/index.php\/wp-json\/wp\/v2\/posts"}],"about":[{"href":"https:\/\/noticiasribeiraopreto.com.br\/index.php\/wp-json\/wp\/v2\/types\/post"}],"author":[{"embeddable":true,"href":"https:\/\/noticiasribeiraopreto.com.br\/index.php\/wp-json\/wp\/v2\/users\/1"}],"replies":[{"embeddable":true,"href":"https:\/\/noticiasribeiraopreto.com.br\/index.php\/wp-json\/wp\/v2\/comments?post=76712"}],"version-history":[{"count":0,"href":"https:\/\/noticiasribeiraopreto.com.br\/index.php\/wp-json\/wp\/v2\/posts\/76712\/revisions"}],"wp:featuredmedia":[{"embeddable":true,"href":"https:\/\/noticiasribeiraopreto.com.br\/index.php\/wp-json\/wp\/v2\/media\/76713"}],"wp:attachment":[{"href":"https:\/\/noticiasribeiraopreto.com.br\/index.php\/wp-json\/wp\/v2\/media?parent=76712"}],"wp:term":[{"taxonomy":"category","embeddable":true,"href":"https:\/\/noticiasribeiraopreto.com.br\/index.php\/wp-json\/wp\/v2\/categories?post=76712"},{"taxonomy":"post_tag","embeddable":true,"href":"https:\/\/noticiasribeiraopreto.com.br\/index.php\/wp-json\/wp\/v2\/tags?post=76712"}],"curies":[{"name":"wp","href":"https:\/\/api.w.org\/{rel}","templated":true}]}}