{"id":76720,"date":"2025-09-04T09:31:44","date_gmt":"2025-09-04T12:31:44","guid":{"rendered":"https:\/\/noticiasribeiraopreto.com.br\/index.php\/2025\/09\/04\/aprovado-texto-final-da-reforma\/"},"modified":"2025-09-04T09:31:44","modified_gmt":"2025-09-04T12:31:44","slug":"aprovado-texto-final-da-reforma","status":"publish","type":"post","link":"https:\/\/noticiasribeiraopreto.com.br\/index.php\/2025\/09\/04\/aprovado-texto-final-da-reforma\/","title":{"rendered":"Aprovado texto \u2028final da reforma"},"content":{"rendered":"<div class='code-block code-block-1' style='margin: 8px 0 8px auto; text-align: right; display: block; clear: both;'>\n<p><a href=\"https:\/\/wa.link\/vpicfd\"><img data-recalc-dims=\"1\" class=\"wp-image-4922\" style=\"aspect-ratio: 2.0253164556962027; width: 561px; height: auto;\" src=\"https:\/\/i0.wp.com\/ismaelcolosi.com.br\/wp-content\/uploads\/2023\/11\/grupo-de-empregos-whatsapp-e-facebook-ismael-colosi-vagas.jpg?ssl=1\" alt=\"\" \/><\/a><\/p>\n<!-- \/wp:image -->\n<\/div>\n<p> <br \/>\n<\/p>\n<div id=\"\">\n<p>\n\t\t\t\t\t\t\t\t\t<span class=\"entry-meta-item penci-posted-on\"><i class=\"fa fa-clock-o\"\/><time class=\"entry-date published\" datetime=\"2025-09-04T09:15:24-03:00\">4 de setembro de 2025 09:15<\/time><time class=\"updated\" datetime=\"2025-09-04T09:20:57-03:00\">4 de setembro de 2025 09:20<\/time><\/span><span class=\"entry-meta-item penci-post-countview\"><span class=\"entry-meta-item penci-post-countview penci_post-meta_item\"><i class=\"fa fa-eye\"\/><span class=\"penci-post-countview-number penci-post-countview-p438003\">12<\/span><\/span><\/span>\t\t\t\t\t\t\t\t<\/p>\n<p><!-- .entry-meta --><br \/>\n\t\t\t\t\t\t\t\t<span class=\"penci-social-buttons penci-social-share-footer\"><span class=\"penci-social-share-text\">Compartilhar<\/span><a href=\"#\" class=\"penci-post-like penci_post-meta_item  single-like-button penci-social-item like\" data-post_id=\"438003\" title=\"Like\" data-like=\"Like\" data-unlike=\"Unlike\"><i class=\"fa fa-thumbs-o-up\"\/><span class=\"penci-share-number\">0<\/span><\/a><i class=\"fa fa-facebook\"\/><a class=\"penci-social-item twitter\" target=\"_blank\" rel=\"noopener\" title=\"\" href=\"https:\/\/twitter.com\/intent\/tweet?text=Aprovado%20texto%20\u2028final%20da%20reforma%20-%20https:\/\/www.tribunaribeirao.com.br\/aprovado-texto-final-da-reforma\/\"><i class=\"fa fa-twitter\"\/><\/a><i class=\"fa fa-linkedin\"\/><i class=\"fa fa-whatsapp\"\/><i class=\"fa fa-telegram\"\/><i class=\"fa fa-envelope\"\/><\/span>\t\t\t\t\t\t\t<\/div>\n<div>\n<p>A C\u00e2mara de Vereadores aprovou, nesta quarta-feira, 3 de setembro, a reda\u00e7\u00e3o final dos tr\u00eas projetos de lei do Executivo que tratam da reforma administrativa da prefeitura de Ribeir\u00e3o Preto. A<\/p>\n<p>s propostas preveem redu\u00e7\u00e3o de 98 cargos comissionados para atender \u00e0s determina\u00e7\u00f5es do Tribunal de Justi\u00e7a de S\u00e3o Paulo (TJSP), estabelecidas em decis\u00f5es judiciais. \u2028\u2028Foram apresentadas 109 emendas, mas duas foram retiradas antes da vota\u00e7\u00e3o. Das 107 que sobraram, apenas 29 acabaram aprovadas.<\/p>\n<p>As demais 78 ca\u00edram. Atualmente, a administra\u00e7\u00e3o municipal conta com 882 cargos \u2013 entre comissionados, fun\u00e7\u00f5es de confian\u00e7a e atividades gratificadas. \u2028\u2028Com a nova estrutura, o total ser\u00e1 reduzido para 784, mesmo com a cria\u00e7\u00e3o de tr\u00eas novas secretarias. Ser\u00e3o criadas as secretarias de Cidadania e das Pessoas com Defici\u00eancia, do Governo Digital e de Comunica\u00e7\u00e3o.<\/p>\n<\/div>\n<p><script async src=\"\/\/platform.twitter.com\/widgets.js\" charset=\"utf-8\"><\/script><br \/>\n<br \/><br \/>\n<br \/><a href=\"https:\/\/www.tribunaribeirao.com.br\/aprovado-texto-final-da-reforma\/\">Source link <\/a><\/p>\n<!-- CONTENT END 1 -->\n","protected":false},"excerpt":{"rendered":"<p>4 de setembro de 2025 09:154 de setembro de 2025 09:2012 Compartilhar0 A C\u00e2mara de Vereadores aprovou, nesta quarta-feira, 3 de setembro, a reda\u00e7\u00e3o final&#8230;<\/p>\n","protected":false},"author":1,"featured_media":76721,"comment_status":"open","ping_status":"open","sticky":false,"template":"","format":"standard","meta":{"advanced_seo_description":"","jetpack_seo_html_title":"","jetpack_seo_noindex":false,"jetpack_post_was_ever_published":false,"_jetpack_newsletter_access":"","_jetpack_dont_email_post_to_subs":false,"_jetpack_newsletter_tier_id":0,"_jetpack_memberships_contains_paywalled_content":false,"_jetpack_memberships_contains_paid_content":false,"footnotes":"","jetpack_publicize_message":"","jetpack_publicize_feature_enabled":true,"jetpack_social_post_already_shared":true,"jetpack_social_options":{"image_generator_settings":{"template":"highway","default_image_id":0,"font":"","enabled":false},"version":2}},"categories":[11],"tags":[],"class_list":["post-76720","post","type-post","status-publish","format-standard","has-post-thumbnail","hentry","category-noticias-de-ribeirao-preto-sp-e-regiao-ismael-colosi"],"jetpack_publicize_connections":[],"jetpack_featured_media_url":"https:\/\/i0.wp.com\/noticiasribeiraopreto.com.br\/wp-content\/uploads\/2025\/09\/CamaraRP-Alfredo-Risk.jpg?fit=300%2C200&ssl=1","jetpack-related-posts":[{"id":76951,"url":"https:\/\/noticiasribeiraopreto.com.br\/index.php\/2025\/09\/09\/ribeirao-preto-recebe-9a-edicao-de-festival-nacional-de-teatro-sao-mais-de-20-pecas\/","url_meta":{"origin":76720,"position":0},"title":"Ribeir\u00e3o Preto recebe 9\u00aa edi\u00e7\u00e3o de Festival Nacional de Teatro; s\u00e3o mais de 20 pe\u00e7as","author":"noticiasribeiraopreto.com.br","date":"9 de September de 2025","format":false,"excerpt":"Ribeir\u00e3o Preto recebe entre os dias 12 a 21 de setembro a 9\u00aa edi\u00e7\u00e3o de Festival Nacional de Teatro, que traz 23 apresenta\u00e7\u00f5es gratuitas distribu\u00eddas por diversos espa\u00e7os da cidade. A curadoria deste ano \u00e9 assinada por Diego Ferreira (Porto Alegre), Viccy Ferrari (Araraquara) e Maira Cibele Lima (Rio de\u2026","rel":"","context":"In &quot;Not\u00edcias de Ribeir\u00e3o Preto-SP e Regi\u00e3o&quot;","block_context":{"text":"Not\u00edcias de Ribeir\u00e3o Preto-SP e Regi\u00e3o","link":"https:\/\/noticiasribeiraopreto.com.br\/index.php\/category\/noticias-de-ribeirao-preto-sp-e-regiao-ismael-colosi\/"},"img":{"alt_text":"","src":"https:\/\/i0.wp.com\/noticiasribeiraopreto.com.br\/wp-content\/uploads\/2025\/09\/festivalteatro_2_2025-09-09_13-39-54.webp.webp?fit=1200%2C800&ssl=1&resize=350%2C200","width":350,"height":200,"srcset":"https:\/\/i0.wp.com\/noticiasribeiraopreto.com.br\/wp-content\/uploads\/2025\/09\/festivalteatro_2_2025-09-09_13-39-54.webp.webp?fit=1200%2C800&ssl=1&resize=350%2C200 1x, https:\/\/i0.wp.com\/noticiasribeiraopreto.com.br\/wp-content\/uploads\/2025\/09\/festivalteatro_2_2025-09-09_13-39-54.webp.webp?fit=1200%2C800&ssl=1&resize=525%2C300 1.5x, https:\/\/i0.wp.com\/noticiasribeiraopreto.com.br\/wp-content\/uploads\/2025\/09\/festivalteatro_2_2025-09-09_13-39-54.webp.webp?fit=1200%2C800&ssl=1&resize=700%2C400 2x, https:\/\/i0.wp.com\/noticiasribeiraopreto.com.br\/wp-content\/uploads\/2025\/09\/festivalteatro_2_2025-09-09_13-39-54.webp.webp?fit=1200%2C800&ssl=1&resize=1050%2C600 3x"},"classes":[]},{"id":76677,"url":"https:\/\/noticiasribeiraopreto.com.br\/index.php\/2025\/09\/03\/sesc-ribeirao-promove-mostra-com-shows-gratuitos-de-artistas-da-regiao-veja-programacao\/","url_meta":{"origin":76720,"position":1},"title":"Sesc Ribeir\u00e3o promove mostra com shows gratuitos de artistas da regi\u00e3o; Veja programa\u00e7\u00e3o","author":"noticiasribeiraopreto.com.br","date":"3 de September de 2025","format":false,"excerpt":"O Sesc Ribeir\u00e3o Preto promove, durante o m\u00eas de setembro, a segunda edi\u00e7\u00e3o da Mostra Local Total, que conta com shows de diferentes g\u00eaneros musicais de artistas de Ribeir\u00e3o Preto e regi\u00e3o. Todos os shows s\u00e3o gratuitos e com acesso livre. A mostra conta com shows todas as quintas-feiras, durante\u2026","rel":"","context":"In &quot;Not\u00edcias de Ribeir\u00e3o Preto-SP e Regi\u00e3o&quot;","block_context":{"text":"Not\u00edcias de Ribeir\u00e3o Preto-SP e Regi\u00e3o","link":"https:\/\/noticiasribeiraopreto.com.br\/index.php\/category\/noticias-de-ribeirao-preto-sp-e-regiao-ismael-colosi\/"},"img":{"alt_text":"","src":"https:\/\/i0.wp.com\/noticiasribeiraopreto.com.br\/wp-content\/uploads\/2025\/09\/Copia-de-Copia-de-Copia-de-TAMANHO-EXATO-PARA-FOTOS-NO-SISTEMA-NOVO-73_2025-09-03_13-06-23.webp.webp?fit=1200%2C675&ssl=1&resize=350%2C200","width":350,"height":200,"srcset":"https:\/\/i0.wp.com\/noticiasribeiraopreto.com.br\/wp-content\/uploads\/2025\/09\/Copia-de-Copia-de-Copia-de-TAMANHO-EXATO-PARA-FOTOS-NO-SISTEMA-NOVO-73_2025-09-03_13-06-23.webp.webp?fit=1200%2C675&ssl=1&resize=350%2C200 1x, https:\/\/i0.wp.com\/noticiasribeiraopreto.com.br\/wp-content\/uploads\/2025\/09\/Copia-de-Copia-de-Copia-de-TAMANHO-EXATO-PARA-FOTOS-NO-SISTEMA-NOVO-73_2025-09-03_13-06-23.webp.webp?fit=1200%2C675&ssl=1&resize=525%2C300 1.5x, https:\/\/i0.wp.com\/noticiasribeiraopreto.com.br\/wp-content\/uploads\/2025\/09\/Copia-de-Copia-de-Copia-de-TAMANHO-EXATO-PARA-FOTOS-NO-SISTEMA-NOVO-73_2025-09-03_13-06-23.webp.webp?fit=1200%2C675&ssl=1&resize=700%2C400 2x, https:\/\/i0.wp.com\/noticiasribeiraopreto.com.br\/wp-content\/uploads\/2025\/09\/Copia-de-Copia-de-Copia-de-TAMANHO-EXATO-PARA-FOTOS-NO-SISTEMA-NOVO-73_2025-09-03_13-06-23.webp.webp?fit=1200%2C675&ssl=1&resize=1050%2C600 3x"},"classes":[]},{"id":77413,"url":"https:\/\/noticiasribeiraopreto.com.br\/index.php\/2025\/09\/18\/repasse-do-bolsa-familia-para-rp-sobe-a-r-136-mi\/","url_meta":{"origin":76720,"position":2},"title":"Repasse do Bolsa Fam\u00edlia para RP \u2028sobe a R$ 13,6 mi","author":"noticiasribeiraopreto.com.br","date":"18 de September de 2025","format":false,"excerpt":"Em setembro deste ano, 19.861 fam\u00edlias est\u00e3o sendo atendidas pelo programa de transfer\u00eancia de renda em Ribeir\u00e3o Preto \u2028\u2028Os pagamentos do Programa Bolsa Fam\u00edlia come\u00e7aram nesta quarta-feira, 17 de setembro, e seguem at\u00e9 o dia 3, conforme o \u00faltimo d\u00edgito do N\u00famero de Identifica\u00e7\u00e3o Social (NIS) de cada benefici\u00e1rio. Neste\u2026","rel":"","context":"In &quot;Not\u00edcias de Ribeir\u00e3o Preto-SP e Regi\u00e3o&quot;","block_context":{"text":"Not\u00edcias de Ribeir\u00e3o Preto-SP e Regi\u00e3o","link":"https:\/\/noticiasribeiraopreto.com.br\/index.php\/category\/noticias-de-ribeirao-preto-sp-e-regiao-ismael-colosi\/"},"img":{"alt_text":"","src":"https:\/\/i0.wp.com\/noticiasribeiraopreto.com.br\/wp-content\/uploads\/2025\/09\/672536e9-f803-457f-88a4-bff3b0b6d4b2-scaled.jpeg?fit=800%2C479&ssl=1&resize=350%2C200","width":350,"height":200,"srcset":"https:\/\/i0.wp.com\/noticiasribeiraopreto.com.br\/wp-content\/uploads\/2025\/09\/672536e9-f803-457f-88a4-bff3b0b6d4b2-scaled.jpeg?fit=800%2C479&ssl=1&resize=350%2C200 1x, https:\/\/i0.wp.com\/noticiasribeiraopreto.com.br\/wp-content\/uploads\/2025\/09\/672536e9-f803-457f-88a4-bff3b0b6d4b2-scaled.jpeg?fit=800%2C479&ssl=1&resize=525%2C300 1.5x, https:\/\/i0.wp.com\/noticiasribeiraopreto.com.br\/wp-content\/uploads\/2025\/09\/672536e9-f803-457f-88a4-bff3b0b6d4b2-scaled.jpeg?fit=800%2C479&ssl=1&resize=700%2C400 2x"},"classes":[]},{"id":57623,"url":"https:\/\/noticiasribeiraopreto.com.br\/index.php\/2024\/09\/05\/ribeirao-tera-desfile-civico-de-7-de-setembro-neste-sabado-veja-detalhes\/","url_meta":{"origin":76720,"position":3},"title":"Ribeir\u00e3o ter\u00e1 desfile c\u00edvico de 7 de setembro neste s\u00e1bado; veja detalhes","author":"noticiasribeiraopreto.com.br","date":"5 de September de 2024","format":false,"excerpt":"O tradicional desfile c\u00edvico de 7 de setembro, em Ribeir\u00e3o Preto, acontece neste s\u00e1bado (7) a partir das 7h, na avenida Cavalheiro Paschoal Inecchi, no Jardim Independ\u00eancia, zona Norte da cidade. Devido as condi\u00e7\u00f5es clim\u00e1ticas, o evento que sempre aconteceu \u00e0s 8h foi adiantado em uma hora e acontecer\u00e1 \u00e0s\u2026","rel":"","context":"In &quot;Not\u00edcias de Ribeir\u00e3o Preto-SP e Regi\u00e3o&quot;","block_context":{"text":"Not\u00edcias de Ribeir\u00e3o Preto-SP e Regi\u00e3o","link":"https:\/\/noticiasribeiraopreto.com.br\/index.php\/category\/noticias-de-ribeirao-preto-sp-e-regiao-ismael-colosi\/"},"img":{"alt_text":"","src":"https:\/\/i0.wp.com\/noticiasribeiraopreto.com.br\/wp-content\/uploads\/2024\/09\/WhatsApp-Image-2023-09-07-at-09.39.45_2024-09-05_19-27-19_jpeg_2024-09-05_19-27-19.webp.webp?fit=1200%2C675&ssl=1&resize=350%2C200","width":350,"height":200,"srcset":"https:\/\/i0.wp.com\/noticiasribeiraopreto.com.br\/wp-content\/uploads\/2024\/09\/WhatsApp-Image-2023-09-07-at-09.39.45_2024-09-05_19-27-19_jpeg_2024-09-05_19-27-19.webp.webp?fit=1200%2C675&ssl=1&resize=350%2C200 1x, https:\/\/i0.wp.com\/noticiasribeiraopreto.com.br\/wp-content\/uploads\/2024\/09\/WhatsApp-Image-2023-09-07-at-09.39.45_2024-09-05_19-27-19_jpeg_2024-09-05_19-27-19.webp.webp?fit=1200%2C675&ssl=1&resize=525%2C300 1.5x, https:\/\/i0.wp.com\/noticiasribeiraopreto.com.br\/wp-content\/uploads\/2024\/09\/WhatsApp-Image-2023-09-07-at-09.39.45_2024-09-05_19-27-19_jpeg_2024-09-05_19-27-19.webp.webp?fit=1200%2C675&ssl=1&resize=700%2C400 2x, https:\/\/i0.wp.com\/noticiasribeiraopreto.com.br\/wp-content\/uploads\/2024\/09\/WhatsApp-Image-2023-09-07-at-09.39.45_2024-09-05_19-27-19_jpeg_2024-09-05_19-27-19.webp.webp?fit=1200%2C675&ssl=1&resize=1050%2C600 3x"},"classes":[]},{"id":57691,"url":"https:\/\/noticiasribeiraopreto.com.br\/index.php\/2024\/09\/07\/regiao-de-ribeirao-preto-recebe-festival-gastronomico-di-san-gennaro\/","url_meta":{"origin":76720,"position":4},"title":"Regi\u00e3o de Ribeir\u00e3o Preto recebe Festival Gastron\u00f4mico di San Gennaro","author":"noticiasribeiraopreto.com.br","date":"7 de September de 2024","format":false,"excerpt":"Come\u00e7ou neste final de semana em Batatais, na regi\u00e3o de Ribeir\u00e3o Preto, o Festival Gastron\u00f4mico di San Gennaro. A 30\u00aa edi\u00e7\u00e3o do evento acontece em duas etapas: no final de semana entre 6 e 8 e de 13 a 15 de setembro. A festa \u00e9 realizada no Centro de Eventos\u2026","rel":"","context":"In &quot;Not\u00edcias de Ribeir\u00e3o Preto-SP e Regi\u00e3o&quot;","block_context":{"text":"Not\u00edcias de Ribeir\u00e3o Preto-SP e Regi\u00e3o","link":"https:\/\/noticiasribeiraopreto.com.br\/index.php\/category\/noticias-de-ribeirao-preto-sp-e-regiao-ismael-colosi\/"},"img":{"alt_text":"","src":"https:\/\/i0.wp.com\/noticiasribeiraopreto.com.br\/wp-content\/uploads\/2024\/09\/san-gennaro_2024-09-07_15-29-38_jpg_2024-09-07_15-29-38.webp.webp?fit=1200%2C798&ssl=1&resize=350%2C200","width":350,"height":200,"srcset":"https:\/\/i0.wp.com\/noticiasribeiraopreto.com.br\/wp-content\/uploads\/2024\/09\/san-gennaro_2024-09-07_15-29-38_jpg_2024-09-07_15-29-38.webp.webp?fit=1200%2C798&ssl=1&resize=350%2C200 1x, https:\/\/i0.wp.com\/noticiasribeiraopreto.com.br\/wp-content\/uploads\/2024\/09\/san-gennaro_2024-09-07_15-29-38_jpg_2024-09-07_15-29-38.webp.webp?fit=1200%2C798&ssl=1&resize=525%2C300 1.5x, https:\/\/i0.wp.com\/noticiasribeiraopreto.com.br\/wp-content\/uploads\/2024\/09\/san-gennaro_2024-09-07_15-29-38_jpg_2024-09-07_15-29-38.webp.webp?fit=1200%2C798&ssl=1&resize=700%2C400 2x, https:\/\/i0.wp.com\/noticiasribeiraopreto.com.br\/wp-content\/uploads\/2024\/09\/san-gennaro_2024-09-07_15-29-38_jpg_2024-09-07_15-29-38.webp.webp?fit=1200%2C798&ssl=1&resize=1050%2C600 3x"},"classes":[]},{"id":77236,"url":"https:\/\/noticiasribeiraopreto.com.br\/index.php\/2025\/09\/14\/semana-comeca-com-possibilidade-de-chuva-em-ribeirao-preto-veja-a-previsao\/","url_meta":{"origin":76720,"position":5},"title":"Semana come\u00e7a com possibilidade de chuva em Ribeir\u00e3o Preto; Veja a previs\u00e3o","author":"noticiasribeiraopreto.com.br","date":"14 de September de 2025","format":false,"excerpt":"Mesmo com temperaturas elevadas e tempo seco, a semana come\u00e7a com possibilidade de chuva em Ribeir\u00e3o Preto, de acordo com a Climatempo. Segundo os meteorologistas, existem 41% de chances de chuva na pr\u00f3xima ter\u00e7a-feira (16). Veja a previs\u00e3o do tempo Segunda-feira, 15 de setembroM\u00e1xima: 34\u00b0CM\u00ednima: 18\u00b0CSol com algumas nuvens. N\u00e3o\u2026","rel":"","context":"In &quot;Not\u00edcias de Ribeir\u00e3o Preto-SP e Regi\u00e3o&quot;","block_context":{"text":"Not\u00edcias de Ribeir\u00e3o Preto-SP e Regi\u00e3o","link":"https:\/\/noticiasribeiraopreto.com.br\/index.php\/category\/noticias-de-ribeirao-preto-sp-e-regiao-ismael-colosi\/"},"img":{"alt_text":"","src":"https:\/\/i0.wp.com\/noticiasribeiraopreto.com.br\/wp-content\/uploads\/2025\/06\/WhatsApp-Image-2025-06-27-at-07.57.23_2025-06-27_10-59-33.webp.webp?fit=1200%2C553&ssl=1&resize=350%2C200","width":350,"height":200,"srcset":"https:\/\/i0.wp.com\/noticiasribeiraopreto.com.br\/wp-content\/uploads\/2025\/06\/WhatsApp-Image-2025-06-27-at-07.57.23_2025-06-27_10-59-33.webp.webp?fit=1200%2C553&ssl=1&resize=350%2C200 1x, https:\/\/i0.wp.com\/noticiasribeiraopreto.com.br\/wp-content\/uploads\/2025\/06\/WhatsApp-Image-2025-06-27-at-07.57.23_2025-06-27_10-59-33.webp.webp?fit=1200%2C553&ssl=1&resize=525%2C300 1.5x, https:\/\/i0.wp.com\/noticiasribeiraopreto.com.br\/wp-content\/uploads\/2025\/06\/WhatsApp-Image-2025-06-27-at-07.57.23_2025-06-27_10-59-33.webp.webp?fit=1200%2C553&ssl=1&resize=700%2C400 2x, https:\/\/i0.wp.com\/noticiasribeiraopreto.com.br\/wp-content\/uploads\/2025\/06\/WhatsApp-Image-2025-06-27-at-07.57.23_2025-06-27_10-59-33.webp.webp?fit=1200%2C553&ssl=1&resize=1050%2C600 3x"},"classes":[]}],"jetpack_sharing_enabled":true,"jetpack_shortlink":"https:\/\/wp.me\/peQAOb-jXq","_links":{"self":[{"href":"https:\/\/noticiasribeiraopreto.com.br\/index.php\/wp-json\/wp\/v2\/posts\/76720","targetHints":{"allow":["GET"]}}],"collection":[{"href":"https:\/\/noticiasribeiraopreto.com.br\/index.php\/wp-json\/wp\/v2\/posts"}],"about":[{"href":"https:\/\/noticiasribeiraopreto.com.br\/index.php\/wp-json\/wp\/v2\/types\/post"}],"author":[{"embeddable":true,"href":"https:\/\/noticiasribeiraopreto.com.br\/index.php\/wp-json\/wp\/v2\/users\/1"}],"replies":[{"embeddable":true,"href":"https:\/\/noticiasribeiraopreto.com.br\/index.php\/wp-json\/wp\/v2\/comments?post=76720"}],"version-history":[{"count":0,"href":"https:\/\/noticiasribeiraopreto.com.br\/index.php\/wp-json\/wp\/v2\/posts\/76720\/revisions"}],"wp:featuredmedia":[{"embeddable":true,"href":"https:\/\/noticiasribeiraopreto.com.br\/index.php\/wp-json\/wp\/v2\/media\/76721"}],"wp:attachment":[{"href":"https:\/\/noticiasribeiraopreto.com.br\/index.php\/wp-json\/wp\/v2\/media?parent=76720"}],"wp:term":[{"taxonomy":"category","embeddable":true,"href":"https:\/\/noticiasribeiraopreto.com.br\/index.php\/wp-json\/wp\/v2\/categories?post=76720"},{"taxonomy":"post_tag","embeddable":true,"href":"https:\/\/noticiasribeiraopreto.com.br\/index.php\/wp-json\/wp\/v2\/tags?post=76720"}],"curies":[{"name":"wp","href":"https:\/\/api.w.org\/{rel}","templated":true}]}}