{"id":76722,"date":"2025-09-04T09:36:18","date_gmt":"2025-09-04T12:36:18","guid":{"rendered":"https:\/\/noticiasribeiraopreto.com.br\/index.php\/2025\/09\/04\/massa-de-ar-seco-eleva-temperaturas-e-derruba-umidade-em-sp-veja-previsao-para-ribeirao\/"},"modified":"2025-09-04T09:36:18","modified_gmt":"2025-09-04T12:36:18","slug":"massa-de-ar-seco-eleva-temperaturas-e-derruba-umidade-em-sp-veja-previsao-para-ribeirao","status":"publish","type":"post","link":"https:\/\/noticiasribeiraopreto.com.br\/index.php\/2025\/09\/04\/massa-de-ar-seco-eleva-temperaturas-e-derruba-umidade-em-sp-veja-previsao-para-ribeirao\/","title":{"rendered":"Massa de ar seco eleva temperaturas e derruba umidade em SP; Veja previs\u00e3o para Ribeir\u00e3o"},"content":{"rendered":"<div class='code-block code-block-1' style='margin: 8px 0 8px auto; text-align: right; display: block; clear: both;'>\n<p><a href=\"https:\/\/wa.link\/vpicfd\"><img data-recalc-dims=\"1\" class=\"wp-image-4922\" style=\"aspect-ratio: 2.0253164556962027; width: 561px; height: auto;\" src=\"https:\/\/i0.wp.com\/ismaelcolosi.com.br\/wp-content\/uploads\/2023\/11\/grupo-de-empregos-whatsapp-e-facebook-ismael-colosi-vagas.jpg?ssl=1\" alt=\"\" \/><\/a><\/p>\n<!-- \/wp:image -->\n<\/div>\n<p> <br \/>\n<\/p>\n<div data-td-block-uid=\"tdi_95\">\n<div class=\"tdb-block-inner td-fix-index\">\n<p>Uma <strong>forte massa de ar seco<\/strong> mant\u00e9m o tempo firme em todo o Estado de S\u00e3o Paulo, nesta <strong>quinta-feira (04)<\/strong>.<\/p>\n<p>O dia come\u00e7ou mais fresco em <strong>Ribeir\u00e3o Preto<\/strong>, com m\u00ednima de <strong>17\u00baC<\/strong>. Por\u00e9m, <mark style=\"background-color:#fcb900\" class=\"has-inline-color\">a chegada de ventos quentes e secos deve elevar as temperaturas ao longo do dia<\/mark>, segundo a <a href=\"https:\/\/www.climatempo.com.br\/\" data-type=\"link\" data-id=\"https:\/\/www.climatempo.com.br\/\" target=\"_blank\" rel=\"noopener\"><strong>Climatempo<\/strong><\/a>.<\/p>\n<p><strong>Ao longo do dia os term\u00f4metros podem atingir os 30\u00baC no munic\u00edpio<\/strong>. Al\u00e9m disso, a <strong>baixa umidade relativa do ar<\/strong> continua sendo destaque no interior paulista.<\/p>\n<p>Conforme a<strong> Defesa Civil<\/strong>, os valores podem chegar pr\u00f3ximos, ou at\u00e9 abaixo, dos <strong>20%<\/strong>. Apenas a faixa leste deve escapar desse cen\u00e1rio mais seco.<\/p>\n<p>A recomenda\u00e7\u00e3o dos especialistas para este per\u00edodo \u00e9 <strong>ficar bem hidratado<\/strong>, <strong>evitar exerc\u00edcios ao ar livre \u00e0 tarde<\/strong> e <strong>n\u00e3o realizar queimadas nem usar fogo para limpar terrenos ou descartar lixo<\/strong>.<\/p>\n<div class=\"wp-block-image\">\n<figure class=\"aligncenter size-large is-resized\"><img data-recalc-dims=\"1\" fetchpriority=\"high\" decoding=\"async\" width=\"1024\" height=\"682\" src=\"https:\/\/i0.wp.com\/cdn.media-acidadeon.com.br\/ribeiraopreto\/wp-content\/uploads\/sites\/3\/2024\/02\/onda-de-calor-2-1024x682.jpg?resize=1024%2C682&#038;ssl=1\" alt=\"Hidrata\u00e7\u00e3o \u00e9 fundamental nesse per\u00edodo de baixa umidade do ar - Foto: Reprodu\u00e7\u00e3o \/ Freepik.\" class=\"wp-image-69327\" style=\"width:654px\" title=\"Massa de ar seco eleva temperaturas e derruba umidade em SP; Veja previs\u00e3o para Ribeir\u00e3o 1\" srcset=\"https:\/\/cdn.media-acidadeon.com.br\/ribeiraopreto\/wp-content\/uploads\/sites\/3\/2024\/02\/onda-de-calor-2-1024x682.jpg 1024w, https:\/\/cdn.media-acidadeon.com.br\/ribeiraopreto\/wp-content\/uploads\/sites\/3\/2024\/02\/onda-de-calor-2-300x200.jpg 300w, https:\/\/cdn.media-acidadeon.com.br\/ribeiraopreto\/wp-content\/uploads\/sites\/3\/2024\/02\/onda-de-calor-2-768x512.jpg 768w, https:\/\/cdn.media-acidadeon.com.br\/ribeiraopreto\/wp-content\/uploads\/sites\/3\/2024\/02\/onda-de-calor-2-1536x1024.jpg 1536w, https:\/\/cdn.media-acidadeon.com.br\/ribeiraopreto\/wp-content\/uploads\/sites\/3\/2024\/02\/onda-de-calor-2-696x464.jpg 696w, https:\/\/cdn.media-acidadeon.com.br\/ribeiraopreto\/wp-content\/uploads\/sites\/3\/2024\/02\/onda-de-calor-2-1068x712.jpg 1068w, https:\/\/cdn.media-acidadeon.com.br\/ribeiraopreto\/wp-content\/uploads\/sites\/3\/2024\/02\/onda-de-calor-2-1920x1280.jpg 1920w, https:\/\/cdn.media-acidadeon.com.br\/ribeiraopreto\/wp-content\/uploads\/sites\/3\/2024\/02\/onda-de-calor-2.jpg 2000w\" sizes=\"(max-width: 1024px) 100vw, 1024px\"\/><figcaption class=\"wp-element-caption\">Hidrata\u00e7\u00e3o \u00e9 fundamental nesse per\u00edodo de baixa umidade do ar \u2013 Foto: Reprodu\u00e7\u00e3o\/ Freepik.<\/figcaption><\/figure>\n<\/div>\n<h2 class=\"wp-block-heading\"><strong>Veja mais detalhes da previs\u00e3o do tempo<\/strong><\/h2>\n<h3 class=\"wp-block-heading\"><strong>Quinta-feira (04)<\/strong><\/h3>\n<ul class=\"wp-block-list\">\n<li>Sol com algumas nuvens durante o dia. \u00c0 noite o c\u00e9u fica com muitas nuvens, mas n\u00e3o chove.<\/li>\n<li>Temperatura: 17\u00b0C \/ 30\u00b0C<\/li>\n<li>Chuva: 0.0mm \u2013 0%<\/li>\n<li>Umidade: 28% \/ 65%<\/li>\n<\/ul>\n<hr class=\"wp-block-separator has-alpha-channel-opacity\"\/>\n<p>SAIBA MAIS<\/p>\n<p>C\u00e2mara Municipal de Ribeir\u00e3o Preto aprova reforma administrativa<\/p>\n<h2 class=\"wp-block-heading\"><strong>FIQUE ON<\/strong><\/h2>\n<p>Fique ligado em tudo que acontece em Ribeir\u00e3o Preto e regi\u00e3o. Siga os perfis do\u00a0<strong>acidade on<\/strong>\u00a0no<a href=\"https:\/\/www.instagram.com\/acidadeonribeirao\" target=\"_blank\" rel=\"noreferrer noopener\">\u00a0Instagram\u00a0<\/a>e no\u00a0<a href=\"https:\/\/www.facebook.com\/acidadeonribeirao\/\" target=\"_blank\" rel=\"noreferrer noopener\">Facebook<\/a>.<\/p>\n<p>Receba not\u00edcias do<strong>\u00a0acidade on<\/strong>\u00a0no WhatsApp. Para entrar no grupo,\u00a0basta\u00a0<a href=\"https:\/\/chat.whatsapp.com\/I4nieTEMKlf50pJ28aMemC?mode=ac_t\" target=\"_blank\" rel=\"noreferrer noopener\">clicar aqui<\/a>. Ou, acesse o nosso\u00a0Canal\u00a0<a href=\"https:\/\/whatsapp.com\/channel\/0029Vb6IQl1JENyAeS57fk2p\" target=\"_blank\" rel=\"noreferrer noopener\">clicando aqui<\/a>.<\/p>\n<p>Fa\u00e7a uma den\u00fancia ou sugira uma reportagem sobre Ribeir\u00e3o Preto e regi\u00e3o pelo WhatsApp: 16 99117 7802.<\/p>\n<p>VEJA TAMB\u00c9M<\/p>\n<p>Hor\u00f3scopo: confira a previs\u00e3o para os signos nesta quinta (4)<\/p>\n<p><!-- AI CONTENT END 1 -->\n<\/div>\n<\/div>\n<p><script async src=\"\/\/www.instagram.com\/embed.js\"><\/script><br \/>\n<br \/><br \/>\n<br \/><a href=\"https:\/\/www.acidadeon.com\/ribeiraopreto\/cotidiano\/massa-de-ar-seco-eleva-temperaturas-e-derruba-umidade-em-sp-veja-previsao-para-ribeirao\/\">Source link <\/a><\/p>\n<!-- CONTENT END 1 -->\n","protected":false},"excerpt":{"rendered":"<p>Uma forte massa de ar seco mant\u00e9m o tempo firme em todo o Estado de S\u00e3o Paulo, nesta quinta-feira (04). O dia come\u00e7ou mais fresco&#8230;<\/p>\n","protected":false},"author":1,"featured_media":76723,"comment_status":"open","ping_status":"open","sticky":false,"template":"","format":"standard","meta":{"advanced_seo_description":"","jetpack_seo_html_title":"","jetpack_seo_noindex":false,"jetpack_post_was_ever_published":false,"_jetpack_newsletter_access":"","_jetpack_dont_email_post_to_subs":false,"_jetpack_newsletter_tier_id":0,"_jetpack_memberships_contains_paywalled_content":false,"_jetpack_memberships_contains_paid_content":false,"footnotes":"","jetpack_publicize_message":"","jetpack_publicize_feature_enabled":true,"jetpack_social_post_already_shared":true,"jetpack_social_options":{"image_generator_settings":{"template":"highway","default_image_id":0,"font":"","enabled":false},"version":2}},"categories":[11],"tags":[],"class_list":["post-76722","post","type-post","status-publish","format-standard","has-post-thumbnail","hentry","category-noticias-de-ribeirao-preto-sp-e-regiao-ismael-colosi"],"jetpack_publicize_connections":[],"jetpack_featured_media_url":"https:\/\/i0.wp.com\/noticiasribeiraopreto.com.br\/wp-content\/uploads\/2025\/09\/WhatsApp-Image-2023-11-26-at-17.35.53.jpeg?fit=1600%2C900&ssl=1","jetpack-related-posts":[{"id":73705,"url":"https:\/\/noticiasribeiraopreto.com.br\/index.php\/2025\/07\/08\/ar-seco-vem-com-forca-e-deixa-interior-de-sp-em-risco-para-baixa-umidade\/","url_meta":{"origin":76722,"position":0},"title":"Ar seco vem com for\u00e7a e deixa interior de SP em risco para baixa umidade","author":"noticiasribeiraopreto.com.br","date":"8 de July de 2025","format":false,"excerpt":"O ar seco ganha for\u00e7a ao longo desta ter\u00e7a-feia (8) e coloca parte do interior de S\u00e3o Paulo em alerta para a baixa umidade do ar. Segundo a Climatempo, munic\u00edpios que est\u00e3o em uma faixa que abrange as regi\u00f5es oeste, norte at\u00e9 o leste do estado paulista podem registrar \u00edndices\u2026","rel":"","context":"In &quot;Not\u00edcias de Ribeir\u00e3o Preto-SP e Regi\u00e3o&quot;","block_context":{"text":"Not\u00edcias de Ribeir\u00e3o Preto-SP e Regi\u00e3o","link":"https:\/\/noticiasribeiraopreto.com.br\/index.php\/category\/noticias-de-ribeirao-preto-sp-e-regiao-ismael-colosi\/"},"img":{"alt_text":"","src":"https:\/\/i0.wp.com\/noticiasribeiraopreto.com.br\/wp-content\/uploads\/2025\/07\/WhatsApp-Image-2025-07-08-at-06.47.20_2025-07-08_09-50-40.webp.webp?fit=1200%2C540&ssl=1&resize=350%2C200","width":350,"height":200,"srcset":"https:\/\/i0.wp.com\/noticiasribeiraopreto.com.br\/wp-content\/uploads\/2025\/07\/WhatsApp-Image-2025-07-08-at-06.47.20_2025-07-08_09-50-40.webp.webp?fit=1200%2C540&ssl=1&resize=350%2C200 1x, https:\/\/i0.wp.com\/noticiasribeiraopreto.com.br\/wp-content\/uploads\/2025\/07\/WhatsApp-Image-2025-07-08-at-06.47.20_2025-07-08_09-50-40.webp.webp?fit=1200%2C540&ssl=1&resize=525%2C300 1.5x, https:\/\/i0.wp.com\/noticiasribeiraopreto.com.br\/wp-content\/uploads\/2025\/07\/WhatsApp-Image-2025-07-08-at-06.47.20_2025-07-08_09-50-40.webp.webp?fit=1200%2C540&ssl=1&resize=700%2C400 2x, https:\/\/i0.wp.com\/noticiasribeiraopreto.com.br\/wp-content\/uploads\/2025\/07\/WhatsApp-Image-2025-07-08-at-06.47.20_2025-07-08_09-50-40.webp.webp?fit=1200%2C540&ssl=1&resize=1050%2C600 3x"},"classes":[]},{"id":76855,"url":"https:\/\/noticiasribeiraopreto.com.br\/index.php\/2025\/09\/07\/clima-quente-e-seco-marca-o-feriado-de-independencia-em-ribeirao-veja-previsao\/","url_meta":{"origin":76722,"position":1},"title":"Clima quente e seco marca o feriado de Independ\u00eancia em Ribeir\u00e3o; Veja previs\u00e3o","author":"noticiasribeiraopreto.com.br","date":"7 de September de 2025","format":false,"excerpt":"O domingo (07) em Ribeir\u00e3o Preto, feriado da Independ\u00eancia do Brasil, ser\u00e1 de sol e muitas nuvens \u00e0 tarde. O c\u00e9u fica com muita nebulosidade no per\u00edodo da noite, contudo, n\u00e3o h\u00e1 expectativa de chuva. As temperaturas devem variar entre 18\u00baC e 33\u00baC. De acordo com a Defesa Civil de\u2026","rel":"","context":"In &quot;Not\u00edcias de Ribeir\u00e3o Preto-SP e Regi\u00e3o&quot;","block_context":{"text":"Not\u00edcias de Ribeir\u00e3o Preto-SP e Regi\u00e3o","link":"https:\/\/noticiasribeiraopreto.com.br\/index.php\/category\/noticias-de-ribeirao-preto-sp-e-regiao-ismael-colosi\/"},"img":{"alt_text":"","src":"https:\/\/i0.wp.com\/noticiasribeiraopreto.com.br\/wp-content\/uploads\/2025\/08\/Imagem-do-WhatsApp-de-2025-08-10-as-09.21.15_9b79cfee_2025-08-10_12-29-12.webp.webp?fit=1200%2C675&ssl=1&resize=350%2C200","width":350,"height":200,"srcset":"https:\/\/i0.wp.com\/noticiasribeiraopreto.com.br\/wp-content\/uploads\/2025\/08\/Imagem-do-WhatsApp-de-2025-08-10-as-09.21.15_9b79cfee_2025-08-10_12-29-12.webp.webp?fit=1200%2C675&ssl=1&resize=350%2C200 1x, https:\/\/i0.wp.com\/noticiasribeiraopreto.com.br\/wp-content\/uploads\/2025\/08\/Imagem-do-WhatsApp-de-2025-08-10-as-09.21.15_9b79cfee_2025-08-10_12-29-12.webp.webp?fit=1200%2C675&ssl=1&resize=525%2C300 1.5x, https:\/\/i0.wp.com\/noticiasribeiraopreto.com.br\/wp-content\/uploads\/2025\/08\/Imagem-do-WhatsApp-de-2025-08-10-as-09.21.15_9b79cfee_2025-08-10_12-29-12.webp.webp?fit=1200%2C675&ssl=1&resize=700%2C400 2x, https:\/\/i0.wp.com\/noticiasribeiraopreto.com.br\/wp-content\/uploads\/2025\/08\/Imagem-do-WhatsApp-de-2025-08-10-as-09.21.15_9b79cfee_2025-08-10_12-29-12.webp.webp?fit=1200%2C675&ssl=1&resize=1050%2C600 3x"},"classes":[]},{"id":84669,"url":"https:\/\/noticiasribeiraopreto.com.br\/index.php\/2026\/04\/14\/tempo-firme-predomina-nesta-terca-em-ribeirao-preto-veja-previsao\/","url_meta":{"origin":76722,"position":2},"title":"Tempo firme\u00a0predomina nesta ter\u00e7a em Ribeir\u00e3o Preto; Veja previs\u00e3o","author":"noticiasribeiraopreto.com.br","date":"14 de April de 2026","format":false,"excerpt":"Ler o resumo da not\u00edcia Massa de ar seco e sistema de alta press\u00e3o deixam o tempo firme em Ribeir\u00e3o Preto nesta ter\u00e7a-feira (14). N\u00e3o h\u00e1 expectativa de chuva, com sol entre algumas nuvens durante o dia. Temperaturas variam entre 14\u00b0C e 18\u00b0C pela manh\u00e3 e chegam a 28\u00b0C a\u2026","rel":"","context":"In &quot;Not\u00edcias de Ribeir\u00e3o Preto-SP e Regi\u00e3o&quot;","block_context":{"text":"Not\u00edcias de Ribeir\u00e3o Preto-SP e Regi\u00e3o","link":"https:\/\/noticiasribeiraopreto.com.br\/index.php\/category\/noticias-de-ribeirao-preto-sp-e-regiao-ismael-colosi\/"},"img":{"alt_text":"","src":"https:\/\/i0.wp.com\/noticiasribeiraopreto.com.br\/wp-content\/uploads\/2026\/04\/WhatsApp-Image-2025-11-19-at-06.53.12_2025-11-20_11-27-41-e1763638097782.webp.webp?fit=1200%2C754&ssl=1&resize=350%2C200","width":350,"height":200,"srcset":"https:\/\/i0.wp.com\/noticiasribeiraopreto.com.br\/wp-content\/uploads\/2026\/04\/WhatsApp-Image-2025-11-19-at-06.53.12_2025-11-20_11-27-41-e1763638097782.webp.webp?fit=1200%2C754&ssl=1&resize=350%2C200 1x, https:\/\/i0.wp.com\/noticiasribeiraopreto.com.br\/wp-content\/uploads\/2026\/04\/WhatsApp-Image-2025-11-19-at-06.53.12_2025-11-20_11-27-41-e1763638097782.webp.webp?fit=1200%2C754&ssl=1&resize=525%2C300 1.5x, https:\/\/i0.wp.com\/noticiasribeiraopreto.com.br\/wp-content\/uploads\/2026\/04\/WhatsApp-Image-2025-11-19-at-06.53.12_2025-11-20_11-27-41-e1763638097782.webp.webp?fit=1200%2C754&ssl=1&resize=700%2C400 2x, https:\/\/i0.wp.com\/noticiasribeiraopreto.com.br\/wp-content\/uploads\/2026\/04\/WhatsApp-Image-2025-11-19-at-06.53.12_2025-11-20_11-27-41-e1763638097782.webp.webp?fit=1200%2C754&ssl=1&resize=1050%2C600 3x"},"classes":[]},{"id":73856,"url":"https:\/\/noticiasribeiraopreto.com.br\/index.php\/2025\/07\/11\/tempo-seco-vai-ate-quando-veja-previsao-no-fim-de-semana\/","url_meta":{"origin":76722,"position":3},"title":"Tempo seco vai at\u00e9 quando? Veja previs\u00e3o no fim de semana","author":"noticiasribeiraopreto.com.br","date":"11 de July de 2025","format":false,"excerpt":"O tempo firme deve predominar sobre a regi\u00e3o de Ribeir\u00e3o Preto nesta sexta-feira (11). Segundo a Climatempo, a umidade relativa do ar pode ficar abaixo dos 30% no per\u00edodo da tarde. As temperaturas m\u00ednimas seguem mais baixas por causa da perda radiativa na madrugada. Ao longo do dia, os term\u00f4metros\u2026","rel":"","context":"In &quot;Not\u00edcias de Ribeir\u00e3o Preto-SP e Regi\u00e3o&quot;","block_context":{"text":"Not\u00edcias de Ribeir\u00e3o Preto-SP e Regi\u00e3o","link":"https:\/\/noticiasribeiraopreto.com.br\/index.php\/category\/noticias-de-ribeirao-preto-sp-e-regiao-ismael-colosi\/"},"img":{"alt_text":"","src":"https:\/\/i0.wp.com\/noticiasribeiraopreto.com.br\/wp-content\/uploads\/2025\/07\/WhatsApp-Image-2025-07-11-at-06.44.02_2025-07-11_09-53-52.webp.webp?fit=1200%2C540&ssl=1&resize=350%2C200","width":350,"height":200,"srcset":"https:\/\/i0.wp.com\/noticiasribeiraopreto.com.br\/wp-content\/uploads\/2025\/07\/WhatsApp-Image-2025-07-11-at-06.44.02_2025-07-11_09-53-52.webp.webp?fit=1200%2C540&ssl=1&resize=350%2C200 1x, https:\/\/i0.wp.com\/noticiasribeiraopreto.com.br\/wp-content\/uploads\/2025\/07\/WhatsApp-Image-2025-07-11-at-06.44.02_2025-07-11_09-53-52.webp.webp?fit=1200%2C540&ssl=1&resize=525%2C300 1.5x, https:\/\/i0.wp.com\/noticiasribeiraopreto.com.br\/wp-content\/uploads\/2025\/07\/WhatsApp-Image-2025-07-11-at-06.44.02_2025-07-11_09-53-52.webp.webp?fit=1200%2C540&ssl=1&resize=700%2C400 2x, https:\/\/i0.wp.com\/noticiasribeiraopreto.com.br\/wp-content\/uploads\/2025\/07\/WhatsApp-Image-2025-07-11-at-06.44.02_2025-07-11_09-53-52.webp.webp?fit=1200%2C540&ssl=1&resize=1050%2C600 3x"},"classes":[]},{"id":76753,"url":"https:\/\/noticiasribeiraopreto.com.br\/index.php\/2025\/09\/04\/tempo-seco-predomina-em-sp-mas-frente-fria-pode-trazer-mudancas-veja-onde\/","url_meta":{"origin":76722,"position":4},"title":"Tempo seco predomina em SP, mas frente fria pode trazer mudan\u00e7as; Veja onde","author":"noticiasribeiraopreto.com.br","date":"4 de September de 2025","format":false,"excerpt":"Uma massa de ar seco mant\u00e9m temperaturas elevadas e baixa umidade do ar na maior parte do estado de S\u00e3o Paulo. Mas uma frente fria pode trazer mudan\u00e7as e provocar pancadas de chuva em \u00e1reas pr\u00f3ximas ao litoral no s\u00e1bado (6) e domingo (7). A Defesa Civil do Estado informa\u2026","rel":"","context":"In &quot;Not\u00edcias de Ribeir\u00e3o Preto-SP e Regi\u00e3o&quot;","block_context":{"text":"Not\u00edcias de Ribeir\u00e3o Preto-SP e Regi\u00e3o","link":"https:\/\/noticiasribeiraopreto.com.br\/index.php\/category\/noticias-de-ribeirao-preto-sp-e-regiao-ismael-colosi\/"},"img":{"alt_text":"","src":"https:\/\/i0.wp.com\/noticiasribeiraopreto.com.br\/wp-content\/uploads\/2025\/08\/ceu-azul_2025-08-31_12-37-03.webp.webp?fit=1200%2C900&ssl=1&resize=350%2C200","width":350,"height":200,"srcset":"https:\/\/i0.wp.com\/noticiasribeiraopreto.com.br\/wp-content\/uploads\/2025\/08\/ceu-azul_2025-08-31_12-37-03.webp.webp?fit=1200%2C900&ssl=1&resize=350%2C200 1x, https:\/\/i0.wp.com\/noticiasribeiraopreto.com.br\/wp-content\/uploads\/2025\/08\/ceu-azul_2025-08-31_12-37-03.webp.webp?fit=1200%2C900&ssl=1&resize=525%2C300 1.5x, https:\/\/i0.wp.com\/noticiasribeiraopreto.com.br\/wp-content\/uploads\/2025\/08\/ceu-azul_2025-08-31_12-37-03.webp.webp?fit=1200%2C900&ssl=1&resize=700%2C400 2x, https:\/\/i0.wp.com\/noticiasribeiraopreto.com.br\/wp-content\/uploads\/2025\/08\/ceu-azul_2025-08-31_12-37-03.webp.webp?fit=1200%2C900&ssl=1&resize=1050%2C600 3x"},"classes":[]},{"id":75644,"url":"https:\/\/noticiasribeiraopreto.com.br\/index.php\/2025\/08\/13\/ar-seco-chega-com-forca-e-deixa-estado-de-sp-em-risco-para-baixa-umidade\/","url_meta":{"origin":76722,"position":5},"title":"Ar seco chega com for\u00e7a e deixa estado de SP em risco para baixa umidade","author":"noticiasribeiraopreto.com.br","date":"13 de August de 2025","format":false,"excerpt":"Uma massa de ar seco atua sobre o interior do pa\u00eds e mant\u00e9m o tempo firme e as temperaturas mais elevadas nos pr\u00f3ximos dias. Segundo a Climatempo, o padr\u00e3o de ar muito seco se estende a grande parte do estado de S\u00e3o Paulo nesta quarta-feira (13). Veja o mapa abaixo.\u2026","rel":"","context":"In &quot;Not\u00edcias de Ribeir\u00e3o Preto-SP e Regi\u00e3o&quot;","block_context":{"text":"Not\u00edcias de Ribeir\u00e3o Preto-SP e Regi\u00e3o","link":"https:\/\/noticiasribeiraopreto.com.br\/index.php\/category\/noticias-de-ribeirao-preto-sp-e-regiao-ismael-colosi\/"},"img":{"alt_text":"","src":"https:\/\/i0.wp.com\/noticiasribeiraopreto.com.br\/wp-content\/uploads\/2025\/08\/WhatsApp-Image-2025-08-13-at-06.37.43_2025-08-13_09-59-13.webp.webp?fit=1200%2C540&ssl=1&resize=350%2C200","width":350,"height":200,"srcset":"https:\/\/i0.wp.com\/noticiasribeiraopreto.com.br\/wp-content\/uploads\/2025\/08\/WhatsApp-Image-2025-08-13-at-06.37.43_2025-08-13_09-59-13.webp.webp?fit=1200%2C540&ssl=1&resize=350%2C200 1x, https:\/\/i0.wp.com\/noticiasribeiraopreto.com.br\/wp-content\/uploads\/2025\/08\/WhatsApp-Image-2025-08-13-at-06.37.43_2025-08-13_09-59-13.webp.webp?fit=1200%2C540&ssl=1&resize=525%2C300 1.5x, https:\/\/i0.wp.com\/noticiasribeiraopreto.com.br\/wp-content\/uploads\/2025\/08\/WhatsApp-Image-2025-08-13-at-06.37.43_2025-08-13_09-59-13.webp.webp?fit=1200%2C540&ssl=1&resize=700%2C400 2x, https:\/\/i0.wp.com\/noticiasribeiraopreto.com.br\/wp-content\/uploads\/2025\/08\/WhatsApp-Image-2025-08-13-at-06.37.43_2025-08-13_09-59-13.webp.webp?fit=1200%2C540&ssl=1&resize=1050%2C600 3x"},"classes":[]}],"jetpack_sharing_enabled":true,"jetpack_shortlink":"https:\/\/wp.me\/peQAOb-jXs","_links":{"self":[{"href":"https:\/\/noticiasribeiraopreto.com.br\/index.php\/wp-json\/wp\/v2\/posts\/76722","targetHints":{"allow":["GET"]}}],"collection":[{"href":"https:\/\/noticiasribeiraopreto.com.br\/index.php\/wp-json\/wp\/v2\/posts"}],"about":[{"href":"https:\/\/noticiasribeiraopreto.com.br\/index.php\/wp-json\/wp\/v2\/types\/post"}],"author":[{"embeddable":true,"href":"https:\/\/noticiasribeiraopreto.com.br\/index.php\/wp-json\/wp\/v2\/users\/1"}],"replies":[{"embeddable":true,"href":"https:\/\/noticiasribeiraopreto.com.br\/index.php\/wp-json\/wp\/v2\/comments?post=76722"}],"version-history":[{"count":0,"href":"https:\/\/noticiasribeiraopreto.com.br\/index.php\/wp-json\/wp\/v2\/posts\/76722\/revisions"}],"wp:featuredmedia":[{"embeddable":true,"href":"https:\/\/noticiasribeiraopreto.com.br\/index.php\/wp-json\/wp\/v2\/media\/76723"}],"wp:attachment":[{"href":"https:\/\/noticiasribeiraopreto.com.br\/index.php\/wp-json\/wp\/v2\/media?parent=76722"}],"wp:term":[{"taxonomy":"category","embeddable":true,"href":"https:\/\/noticiasribeiraopreto.com.br\/index.php\/wp-json\/wp\/v2\/categories?post=76722"},{"taxonomy":"post_tag","embeddable":true,"href":"https:\/\/noticiasribeiraopreto.com.br\/index.php\/wp-json\/wp\/v2\/tags?post=76722"}],"curies":[{"name":"wp","href":"https:\/\/api.w.org\/{rel}","templated":true}]}}