{"id":76724,"date":"2025-09-04T10:17:00","date_gmt":"2025-09-04T13:17:00","guid":{"rendered":"https:\/\/noticiasribeiraopreto.com.br\/index.php\/2025\/09\/04\/policia-vai-emitir-alerta-para-celulares-roubados-no-estado\/"},"modified":"2025-09-04T10:17:00","modified_gmt":"2025-09-04T13:17:00","slug":"policia-vai-emitir-alerta-para-celulares-roubados-no-estado","status":"publish","type":"post","link":"https:\/\/noticiasribeiraopreto.com.br\/index.php\/2025\/09\/04\/policia-vai-emitir-alerta-para-celulares-roubados-no-estado\/","title":{"rendered":"Pol\u00edcia vai emitir alerta para celulares roubados no Estado"},"content":{"rendered":"<div class='code-block code-block-1' style='margin: 8px 0 8px auto; text-align: right; display: block; clear: both;'>\n<p><a href=\"https:\/\/wa.link\/vpicfd\"><img data-recalc-dims=\"1\" class=\"wp-image-4922\" style=\"aspect-ratio: 2.0253164556962027; width: 561px; height: auto;\" src=\"https:\/\/i0.wp.com\/ismaelcolosi.com.br\/wp-content\/uploads\/2023\/11\/grupo-de-empregos-whatsapp-e-facebook-ismael-colosi-vagas.jpg?ssl=1\" alt=\"\" \/><\/a><\/p>\n<!-- \/wp:image -->\n<\/div>\n<p> <br \/>\n<\/p>\n<div id=\"\">\n<h2 class=\"penci-post-subtitle\">Cerca de 700 celulares estar\u00e3o recebendo alertas na nova fase do programa SP Mobile; Pol\u00edcia Civil tamb\u00e9m far\u00e1 dilig\u00eancias para localizar aparelhos<\/h2>\n<p>\n\t\t\t\t\t\t\t\t\t<span class=\"entry-meta-item penci-posted-on\"><i class=\"fa fa-clock-o\"\/><time class=\"entry-date published updated\" datetime=\"2025-09-04T10:13:38-03:00\">4 de setembro de 2025 10:13<\/time><\/span><span class=\"entry-meta-item penci-post-countview\"><span class=\"entry-meta-item penci-post-countview penci_post-meta_item\"><i class=\"fa fa-eye\"\/><span class=\"penci-post-countview-number penci-post-countview-p438063\">5<\/span><\/span><\/span>\t\t\t\t\t\t\t\t<\/p>\n<p><!-- .entry-meta --><br \/>\n\t\t\t\t\t\t\t\t<span class=\"penci-social-buttons penci-social-share-footer\"><span class=\"penci-social-share-text\">Compartilhar<\/span><a href=\"#\" class=\"penci-post-like penci_post-meta_item  single-like-button penci-social-item like\" data-post_id=\"438063\" title=\"Like\" data-like=\"Like\" data-unlike=\"Unlike\"><i class=\"fa fa-thumbs-o-up\"\/><span class=\"penci-share-number\">1<\/span><\/a><i class=\"fa fa-facebook\"\/><a class=\"penci-social-item twitter\" target=\"_blank\" rel=\"noopener\" title=\"\" href=\"https:\/\/twitter.com\/intent\/tweet?text=Pol\u00edcia%20vai%20emitir%20alerta%20para%20celulares%20roubados%20no%20Estado%20-%20https:\/\/www.tribunaribeirao.com.br\/policia-vai-emitir-alerta-para-celulares-roubados-no-estado\/\"><i class=\"fa fa-twitter\"\/><\/a><i class=\"fa fa-linkedin\"\/><i class=\"fa fa-whatsapp\"\/><i class=\"fa fa-telegram\"\/><i class=\"fa fa-envelope\"\/><\/span>\t\t\t\t\t\t\t<\/div>\n<div>\n<p>Por: Adalberto Luque<\/p>\n<p>A Secretaria da Seguran\u00e7a P\u00fablica de S\u00e3o Paulo iniciou nesta ter\u00e7a-feira (2) a notifica\u00e7\u00e3o de cerca de 700 pessoas que est\u00e3o em posse de celulares com restri\u00e7\u00e3o criminal. A medida integra uma nova fase do Programa SP Mobile, que tamb\u00e9m prev\u00ea dilig\u00eancias em diversos endere\u00e7os do estado.<\/p>\n<p>De acordo com o N\u00facleo Estrat\u00e9gico Interdisciplinar do Sistema SP Mobile, a iniciativa tem como objetivo recuperar aparelhos roubados ou furtados que voltaram a ser ativados por terceiros, em sua maioria sem conhecimento da origem il\u00edcita.<\/p>\n<p>\u201cAp\u00f3s o sucesso dos projetos-piloto realizados em junho e julho, que comprovaram a efic\u00e1cia do sistema, esta nova fase levar\u00e1 a opera\u00e7\u00e3o a todas as regi\u00f5es do estado, incluindo a Grande S\u00e3o Paulo, o interior e a capital, intensificando o combate \u00e0 recepta\u00e7\u00e3o de aparelhos roubados e furtados\u201d, afirmou o coordenador do SP Mobile, delegado Rodolfo Latif Seba, que j\u00e1 integrou a Delegacia de Homic\u00eddios da Divis\u00e3o Especializada de Investiga\u00e7\u00f5es Criminais (DEIC) de Ribeir\u00e3o Preto por v\u00e1rios anos.<\/p>\n<p>Desde o in\u00edcio do projeto, em junho, cerca de 3,5 mil celulares foram recuperados pelas for\u00e7as de seguran\u00e7a do estado. Pouco mais da metade dos aparelhos, 52%, foi devolvida \u00e0s v\u00edtimas no per\u00edodo.<\/p>\n<p>O SP Mobile funciona por meio do cruzamento de dados de boletins de ocorr\u00eancia com apoio das operadoras de telefonia, permitindo identificar receptadores, cumprir mandados e desarticular redes criminosas de revenda de celulares.<\/p>\n<p>Na fase iniciada nesta ter\u00e7a, a primeira etapa prev\u00ea o envio de 700 intima\u00e7\u00f5es a pessoas que reativaram aparelhos com queixa criminal. Os notificados ter\u00e3o tr\u00eas dias \u00fateis para comparecer ao endere\u00e7o indicado e realizar a devolu\u00e7\u00e3o volunt\u00e1ria.<\/p>\n<p>Quem n\u00e3o atender ao chamado passar\u00e1 \u00e0 segunda fase da opera\u00e7\u00e3o, que envolve o envio dos dados \u00e0 Pol\u00edcia Civil. Nessas situa\u00e7\u00f5es, equipes realizar\u00e3o dilig\u00eancias para busca e apreens\u00e3o dos celulares. A pessoa localizada com o aparelho ser\u00e1 conduzida \u00e0 delegacia e poder\u00e1 responder por recepta\u00e7\u00e3o, conforme as circunst\u00e2ncias apuradas.<\/p>\n<figure id=\"attachment_415178\" aria-describedby=\"caption-attachment-415178\" style=\"width: 750px\" class=\"wp-caption alignnone\"><img data-recalc-dims=\"1\" loading=\"lazy\" decoding=\"async\" class=\"size-full wp-image-415178 lazyload\" src=\"https:\/\/i0.wp.com\/www.tribunaribeirao.com.br\/wp-content\/uploads\/2025\/01\/16-jan-2025-prisaojoias2-scaled.jpg?resize=750%2C500&#038;ssl=1\" alt=\"\" width=\"750\" height=\"500\" srcset=\"https:\/\/www.tribunaribeirao.com.br\/wp-content\/uploads\/2025\/01\/16-jan-2025-prisaojoias2-scaled.jpg 750w, https:\/\/www.tribunaribeirao.com.br\/wp-content\/uploads\/2025\/01\/16-jan-2025-prisaojoias2-300x200.jpg 300w, https:\/\/www.tribunaribeirao.com.br\/wp-content\/uploads\/2025\/01\/16-jan-2025-prisaojoias2-1024x682.jpg 1024w, https:\/\/www.tribunaribeirao.com.br\/wp-content\/uploads\/2025\/01\/16-jan-2025-prisaojoias2-768x512.jpg 768w, https:\/\/www.tribunaribeirao.com.br\/wp-content\/uploads\/2025\/01\/16-jan-2025-prisaojoias2-1536x1023.jpg 1536w, https:\/\/www.tribunaribeirao.com.br\/wp-content\/uploads\/2025\/01\/16-jan-2025-prisaojoias2-480x320.jpg 480w, https:\/\/www.tribunaribeirao.com.br\/wp-content\/uploads\/2025\/01\/16-jan-2025-prisaojoias2-280x186.jpg 280w, https:\/\/www.tribunaribeirao.com.br\/wp-content\/uploads\/2025\/01\/16-jan-2025-prisaojoias2-960x640.jpg 960w, https:\/\/www.tribunaribeirao.com.br\/wp-content\/uploads\/2025\/01\/16-jan-2025-prisaojoias2-600x400.jpg 600w, https:\/\/www.tribunaribeirao.com.br\/wp-content\/uploads\/2025\/01\/16-jan-2025-prisaojoias2-585x390.jpg 585w\" data-sizes=\"(max-width: 750px) 100vw, 750px\" style=\"--smush-placeholder-width: 750px; --smush-placeholder-aspect-ratio: 750\/500;\"\/><figcaption id=\"caption-attachment-415178\" class=\"wp-caption-text\">O delegado Rodolfo Latif Seba, que j\u00e1 integrou a DEIC de Ribeir\u00e3o Preto, \u00e9 o coordenador do SP Mobile, projeto que j\u00e1 recuperou 3,5 mil celulares desde junho (Foto: Alfredo Risk)<\/figcaption><\/figure>\n<p>Seba destacou que a a\u00e7\u00e3o, desta vez, ocorre em maior escala. \u201cPela primeira vez, a a\u00e7\u00e3o de notifica\u00e7\u00e3o e recupera\u00e7\u00e3o de aparelhos deixa de ser pontual e passa a abranger todo o territ\u00f3rio paulista de forma simult\u00e2nea\u201d, disse. \u201cAl\u00e9m disso, o aprimoramento cont\u00ednuo do sistema SP Mobile permite uma identifica\u00e7\u00e3o em massa e muito mais precisa dos atuais possuidores, tornando a opera\u00e7\u00e3o mais eficiente e assertiva\u201d, completou.<\/p>\n<p>O SP Mobile \u00e9 o primeiro sistema do Estado a integrar de forma organizada as a\u00e7\u00f5es de preven\u00e7\u00e3o e repress\u00e3o a furtos e roubos de celulares, com o objetivo de fortalecer o enfrentamento ao crime organizado.<\/p>\n<p>\u201cRefor\u00e7amos a import\u00e2ncia de sempre registrar o boletim de ocorr\u00eancia em caso de furto ou roubo, incluindo o n\u00famero do IMEI do celular. \u00c9 esse registro que alimenta nosso sistema e possibilita que o aparelho seja encontrado e devolvido ao seu leg\u00edtimo dono\u201d, concluiu Seba.<\/p>\n<\/div>\n<p><script async src=\"\/\/platform.twitter.com\/widgets.js\" charset=\"utf-8\"><\/script><br \/>\n<br \/><br \/>\n<br \/><a href=\"https:\/\/www.tribunaribeirao.com.br\/policia-vai-emitir-alerta-para-celulares-roubados-no-estado\/\">Source link <\/a><\/p>\n<!-- CONTENT END 1 -->\n","protected":false},"excerpt":{"rendered":"<p>Cerca de 700 celulares estar\u00e3o recebendo alertas na nova fase do programa SP Mobile; Pol\u00edcia Civil tamb\u00e9m far\u00e1 dilig\u00eancias para localizar aparelhos 4 de setembro&#8230;<\/p>\n","protected":false},"author":1,"featured_media":76725,"comment_status":"open","ping_status":"open","sticky":false,"template":"","format":"standard","meta":{"advanced_seo_description":"","jetpack_seo_html_title":"","jetpack_seo_noindex":false,"jetpack_post_was_ever_published":false,"_jetpack_newsletter_access":"","_jetpack_dont_email_post_to_subs":false,"_jetpack_newsletter_tier_id":0,"_jetpack_memberships_contains_paywalled_content":false,"_jetpack_memberships_contains_paid_content":false,"footnotes":"","jetpack_publicize_message":"","jetpack_publicize_feature_enabled":true,"jetpack_social_post_already_shared":true,"jetpack_social_options":{"image_generator_settings":{"template":"highway","default_image_id":0,"font":"","enabled":false},"version":2}},"categories":[11],"tags":[],"class_list":["post-76724","post","type-post","status-publish","format-standard","has-post-thumbnail","hentry","category-noticias-de-ribeirao-preto-sp-e-regiao-ismael-colosi"],"jetpack_publicize_connections":[],"jetpack_featured_media_url":"https:\/\/i0.wp.com\/noticiasribeiraopreto.com.br\/wp-content\/uploads\/2025\/09\/04-set-2025-spmobile.jpg?fit=798%2C600&ssl=1","jetpack-related-posts":[{"id":76700,"url":"https:\/\/noticiasribeiraopreto.com.br\/index.php\/2025\/09\/03\/novo-programa-alerta-sobre-celulares-com-queixa-de-roubo-saiba-como-funciona\/","url_meta":{"origin":76724,"position":0},"title":"Novo programa alerta sobre celulares com queixa de roubo; saiba como funciona","author":"noticiasribeiraopreto.com.br","date":"3 de September de 2025","format":false,"excerpt":"A Secretaria da Seguran\u00e7a P\u00fablica (SSP) come\u00e7ou nesta ter\u00e7a-feira (2) a notificar cerca de 700 pessoas que est\u00e3o em posse de celulares com queixa de roubo ou furto. A medida integra a nova fase do programa SP Mobile, que busca identificar aparelhos roubados reativados por terceiros. Desde junho, quando o\u2026","rel":"","context":"In &quot;Not\u00edcias de Ribeir\u00e3o Preto-SP e Regi\u00e3o&quot;","block_context":{"text":"Not\u00edcias de Ribeir\u00e3o Preto-SP e Regi\u00e3o","link":"https:\/\/noticiasribeiraopreto.com.br\/index.php\/category\/noticias-de-ribeirao-preto-sp-e-regiao-ismael-colosi\/"},"img":{"alt_text":"","src":"https:\/\/i0.wp.com\/noticiasribeiraopreto.com.br\/wp-content\/uploads\/2025\/09\/Copia-de-Copia-de-Copia-de-TAMANHO-EXATO-PARA-FOTOS-NO-SISTEMA-NOVO-2025-09-03T161622.974_2025-09-03_19-43-23.webp.webp?fit=1200%2C675&ssl=1&resize=350%2C200","width":350,"height":200,"srcset":"https:\/\/i0.wp.com\/noticiasribeiraopreto.com.br\/wp-content\/uploads\/2025\/09\/Copia-de-Copia-de-Copia-de-TAMANHO-EXATO-PARA-FOTOS-NO-SISTEMA-NOVO-2025-09-03T161622.974_2025-09-03_19-43-23.webp.webp?fit=1200%2C675&ssl=1&resize=350%2C200 1x, https:\/\/i0.wp.com\/noticiasribeiraopreto.com.br\/wp-content\/uploads\/2025\/09\/Copia-de-Copia-de-Copia-de-TAMANHO-EXATO-PARA-FOTOS-NO-SISTEMA-NOVO-2025-09-03T161622.974_2025-09-03_19-43-23.webp.webp?fit=1200%2C675&ssl=1&resize=525%2C300 1.5x, https:\/\/i0.wp.com\/noticiasribeiraopreto.com.br\/wp-content\/uploads\/2025\/09\/Copia-de-Copia-de-Copia-de-TAMANHO-EXATO-PARA-FOTOS-NO-SISTEMA-NOVO-2025-09-03T161622.974_2025-09-03_19-43-23.webp.webp?fit=1200%2C675&ssl=1&resize=700%2C400 2x, https:\/\/i0.wp.com\/noticiasribeiraopreto.com.br\/wp-content\/uploads\/2025\/09\/Copia-de-Copia-de-Copia-de-TAMANHO-EXATO-PARA-FOTOS-NO-SISTEMA-NOVO-2025-09-03T161622.974_2025-09-03_19-43-23.webp.webp?fit=1200%2C675&ssl=1&resize=1050%2C600 3x"},"classes":[]},{"id":61977,"url":"https:\/\/noticiasribeiraopreto.com.br\/index.php\/2024\/12\/30\/defesa-civil-emite-alerta-sonoro-para-o-litoral-de-sp-veja-regioes\/","url_meta":{"origin":76724,"position":1},"title":"Defesa Civil emite alerta sonoro para o litoral de SP; Veja regi\u00f5es","author":"noticiasribeiraopreto.com.br","date":"30 de December de 2024","format":false,"excerpt":"A Defesa Civil do Estado de S\u00e3o Paulo emitiu um alerta sonoro nos celulares dos moradores do litoral paulista na manh\u00e3 desta segunda-feira (30). Classificado como risco alto, o sistema Cell Broadcast foi utilizado de forma preventiva para alertar a popula\u00e7\u00e3o sobre o risco de enxurradas e inunda\u00e7\u00f5es. De acordo\u2026","rel":"","context":"In &quot;Not\u00edcias de Ribeir\u00e3o Preto-SP e Regi\u00e3o&quot;","block_context":{"text":"Not\u00edcias de Ribeir\u00e3o Preto-SP e Regi\u00e3o","link":"https:\/\/noticiasribeiraopreto.com.br\/index.php\/category\/noticias-de-ribeirao-preto-sp-e-regiao-ismael-colosi\/"},"img":{"alt_text":"","src":"https:\/\/i0.wp.com\/noticiasribeiraopreto.com.br\/wp-content\/uploads\/2024\/12\/WhatsApp-Image-2023-10-11-at-13.40.59-1.jpeg?fit=1200%2C658&ssl=1&resize=350%2C200","width":350,"height":200,"srcset":"https:\/\/i0.wp.com\/noticiasribeiraopreto.com.br\/wp-content\/uploads\/2024\/12\/WhatsApp-Image-2023-10-11-at-13.40.59-1.jpeg?fit=1200%2C658&ssl=1&resize=350%2C200 1x, https:\/\/i0.wp.com\/noticiasribeiraopreto.com.br\/wp-content\/uploads\/2024\/12\/WhatsApp-Image-2023-10-11-at-13.40.59-1.jpeg?fit=1200%2C658&ssl=1&resize=525%2C300 1.5x, https:\/\/i0.wp.com\/noticiasribeiraopreto.com.br\/wp-content\/uploads\/2024\/12\/WhatsApp-Image-2023-10-11-at-13.40.59-1.jpeg?fit=1200%2C658&ssl=1&resize=700%2C400 2x, https:\/\/i0.wp.com\/noticiasribeiraopreto.com.br\/wp-content\/uploads\/2024\/12\/WhatsApp-Image-2023-10-11-at-13.40.59-1.jpeg?fit=1200%2C658&ssl=1&resize=1050%2C600 3x"},"classes":[]},{"id":61981,"url":"https:\/\/noticiasribeiraopreto.com.br\/index.php\/2024\/12\/30\/litoral-de-sp-tem-alerta-de-risco-de-inundacoes-veja-regioes\/","url_meta":{"origin":76724,"position":2},"title":"Litoral de SP tem alerta de risco de inunda\u00e7\u00f5es; Veja regi\u00f5es","author":"noticiasribeiraopreto.com.br","date":"30 de December de 2024","format":false,"excerpt":"A Defesa Civil do Estado de S\u00e3o Paulo emitiu um alerta sonoro nos celulares dos moradores do litoral paulista na manh\u00e3 desta segunda-feira (30). Classificado como risco alto, o sistema Cell Broadcast foi utilizado de forma preventiva para alertar a popula\u00e7\u00e3o sobre o risco de enxurradas e inunda\u00e7\u00f5es. De acordo\u2026","rel":"","context":"In &quot;Not\u00edcias de Ribeir\u00e3o Preto-SP e Regi\u00e3o&quot;","block_context":{"text":"Not\u00edcias de Ribeir\u00e3o Preto-SP e Regi\u00e3o","link":"https:\/\/noticiasribeiraopreto.com.br\/index.php\/category\/noticias-de-ribeirao-preto-sp-e-regiao-ismael-colosi\/"},"img":{"alt_text":"","src":"https:\/\/i0.wp.com\/noticiasribeiraopreto.com.br\/wp-content\/uploads\/2024\/12\/1735576447_WhatsApp-Image-2023-10-11-at-13.40.59-1.jpeg?fit=1200%2C658&ssl=1&resize=350%2C200","width":350,"height":200,"srcset":"https:\/\/i0.wp.com\/noticiasribeiraopreto.com.br\/wp-content\/uploads\/2024\/12\/1735576447_WhatsApp-Image-2023-10-11-at-13.40.59-1.jpeg?fit=1200%2C658&ssl=1&resize=350%2C200 1x, https:\/\/i0.wp.com\/noticiasribeiraopreto.com.br\/wp-content\/uploads\/2024\/12\/1735576447_WhatsApp-Image-2023-10-11-at-13.40.59-1.jpeg?fit=1200%2C658&ssl=1&resize=525%2C300 1.5x, https:\/\/i0.wp.com\/noticiasribeiraopreto.com.br\/wp-content\/uploads\/2024\/12\/1735576447_WhatsApp-Image-2023-10-11-at-13.40.59-1.jpeg?fit=1200%2C658&ssl=1&resize=700%2C400 2x, https:\/\/i0.wp.com\/noticiasribeiraopreto.com.br\/wp-content\/uploads\/2024\/12\/1735576447_WhatsApp-Image-2023-10-11-at-13.40.59-1.jpeg?fit=1200%2C658&ssl=1&resize=1050%2C600 3x"},"classes":[]},{"id":61883,"url":"https:\/\/noticiasribeiraopreto.com.br\/index.php\/2024\/12\/26\/saiba-como-funciona-o-alerta-sonoro-que-a-defesa-civil-emitiu-pela-1a-vez-no-interior-de-sp\/","url_meta":{"origin":76724,"position":3},"title":"Saiba como funciona o alerta sonoro que a Defesa Civil emitiu pela\u00a01\u00aa\u00a0vez no interior de\u00a0SP","author":"noticiasribeiraopreto.com.br","date":"26 de December de 2024","format":false,"excerpt":"A Defesa Civil do Estado de S\u00e3o Paulo utilizou pela primeira vez, na noite de quarta-feira (25),\u00a0o sistema de alerta sonoro nos celulares da popula\u00e7\u00e3o. O sistema Cell Broadcast foi colocado em opera\u00e7\u00e3o para avisar sobre o risco de enxurradas e inunda\u00e7\u00f5es em Campinas, no interior de S\u00e3o Paulo. Todo\u2026","rel":"","context":"In &quot;Not\u00edcias de Ribeir\u00e3o Preto-SP e Regi\u00e3o&quot;","block_context":{"text":"Not\u00edcias de Ribeir\u00e3o Preto-SP e Regi\u00e3o","link":"https:\/\/noticiasribeiraopreto.com.br\/index.php\/category\/noticias-de-ribeirao-preto-sp-e-regiao-ismael-colosi\/"},"img":{"alt_text":"","src":"https:\/\/i0.wp.com\/noticiasribeiraopreto.com.br\/wp-content\/uploads\/2024\/12\/WhatsApp-Image-2024-12-26-at-14.27.16_2024-12-26_17-28-54_jpeg_2024-12-26_17-28-54.webp.webp?fit=1200%2C675&ssl=1&resize=350%2C200","width":350,"height":200,"srcset":"https:\/\/i0.wp.com\/noticiasribeiraopreto.com.br\/wp-content\/uploads\/2024\/12\/WhatsApp-Image-2024-12-26-at-14.27.16_2024-12-26_17-28-54_jpeg_2024-12-26_17-28-54.webp.webp?fit=1200%2C675&ssl=1&resize=350%2C200 1x, https:\/\/i0.wp.com\/noticiasribeiraopreto.com.br\/wp-content\/uploads\/2024\/12\/WhatsApp-Image-2024-12-26-at-14.27.16_2024-12-26_17-28-54_jpeg_2024-12-26_17-28-54.webp.webp?fit=1200%2C675&ssl=1&resize=525%2C300 1.5x, https:\/\/i0.wp.com\/noticiasribeiraopreto.com.br\/wp-content\/uploads\/2024\/12\/WhatsApp-Image-2024-12-26-at-14.27.16_2024-12-26_17-28-54_jpeg_2024-12-26_17-28-54.webp.webp?fit=1200%2C675&ssl=1&resize=700%2C400 2x, https:\/\/i0.wp.com\/noticiasribeiraopreto.com.br\/wp-content\/uploads\/2024\/12\/WhatsApp-Image-2024-12-26-at-14.27.16_2024-12-26_17-28-54_jpeg_2024-12-26_17-28-54.webp.webp?fit=1200%2C675&ssl=1&resize=1050%2C600 3x"},"classes":[]},{"id":68737,"url":"https:\/\/noticiasribeiraopreto.com.br\/index.php\/2025\/04\/28\/como-funciona-o-sistema-de-aviso-da-defesa-civil-em-casos-de-emergencia\/","url_meta":{"origin":76724,"position":4},"title":"Como funciona o sistema de aviso da Defesa Civil em casos de emerg\u00eancia?","author":"noticiasribeiraopreto.com.br","date":"28 de April de 2025","format":false,"excerpt":"A Defesa Civil utiliza um sistema de alerta de emerg\u00eancia via celular para avisar a popula\u00e7\u00e3o sobre riscos de desastres naturais ou provocados por a\u00e7\u00f5es humanas. O sistema envia mensagens diretamente aos celulares localizados em \u00e1reas de risco. A mensagem de texto \u00e9 exibida sobreposta \u00e0 tela do celular, interrompendo\u2026","rel":"","context":"In &quot;Not\u00edcias de Ribeir\u00e3o Preto-SP e Regi\u00e3o&quot;","block_context":{"text":"Not\u00edcias de Ribeir\u00e3o Preto-SP e Regi\u00e3o","link":"https:\/\/noticiasribeiraopreto.com.br\/index.php\/category\/noticias-de-ribeirao-preto-sp-e-regiao-ismael-colosi\/"},"img":{"alt_text":"","src":"https:\/\/i0.wp.com\/noticiasribeiraopreto.com.br\/wp-content\/uploads\/2025\/04\/Copia-de-Copia-de-Copia-de-TAMANHO-EXATO-PARA-FOTOS-NO-SISTEMA-NOVO-22_2025-04-28_18-24-22.webp.webp?fit=1200%2C675&ssl=1&resize=350%2C200","width":350,"height":200,"srcset":"https:\/\/i0.wp.com\/noticiasribeiraopreto.com.br\/wp-content\/uploads\/2025\/04\/Copia-de-Copia-de-Copia-de-TAMANHO-EXATO-PARA-FOTOS-NO-SISTEMA-NOVO-22_2025-04-28_18-24-22.webp.webp?fit=1200%2C675&ssl=1&resize=350%2C200 1x, https:\/\/i0.wp.com\/noticiasribeiraopreto.com.br\/wp-content\/uploads\/2025\/04\/Copia-de-Copia-de-Copia-de-TAMANHO-EXATO-PARA-FOTOS-NO-SISTEMA-NOVO-22_2025-04-28_18-24-22.webp.webp?fit=1200%2C675&ssl=1&resize=525%2C300 1.5x, https:\/\/i0.wp.com\/noticiasribeiraopreto.com.br\/wp-content\/uploads\/2025\/04\/Copia-de-Copia-de-Copia-de-TAMANHO-EXATO-PARA-FOTOS-NO-SISTEMA-NOVO-22_2025-04-28_18-24-22.webp.webp?fit=1200%2C675&ssl=1&resize=700%2C400 2x, https:\/\/i0.wp.com\/noticiasribeiraopreto.com.br\/wp-content\/uploads\/2025\/04\/Copia-de-Copia-de-Copia-de-TAMANHO-EXATO-PARA-FOTOS-NO-SISTEMA-NOVO-22_2025-04-28_18-24-22.webp.webp?fit=1200%2C675&ssl=1&resize=1050%2C600 3x"},"classes":[]},{"id":81699,"url":"https:\/\/noticiasribeiraopreto.com.br\/index.php\/2026\/01\/14\/recebeu-um-alerta-no-celular-entenda-o-aviso-da-defesa-civil-em-ribeirao-preto\/","url_meta":{"origin":76724,"position":5},"title":"Recebeu um alerta no celular? Entenda o aviso da Defesa Civil em Ribeir\u00e3o Preto","author":"noticiasribeiraopreto.com.br","date":"14 de January de 2026","format":false,"excerpt":"Na tarde desta ter\u00e7a-feira (13), a Defesa Civil emitiu um alerta severo por meio do sistema Cell Broadcast para Ribeir\u00e3o Preto e munic\u00edpios da regi\u00e3o. O aviso aponta a ocorr\u00eancia de chuva forte, acompanhada de raios, ventos intensos e condi\u00e7\u00e3o para queda de granizo. Segundo a notifica\u00e7\u00e3o, a instabilidade avan\u00e7a\u2026","rel":"","context":"In &quot;Not\u00edcias de Ribeir\u00e3o Preto-SP e Regi\u00e3o&quot;","block_context":{"text":"Not\u00edcias de Ribeir\u00e3o Preto-SP e Regi\u00e3o","link":"https:\/\/noticiasribeiraopreto.com.br\/index.php\/category\/noticias-de-ribeirao-preto-sp-e-regiao-ismael-colosi\/"},"img":{"alt_text":"","src":"https:\/\/i0.wp.com\/noticiasribeiraopreto.com.br\/wp-content\/uploads\/2026\/01\/domingo-41_2026-01-13_19-56-35.webp.webp?fit=1200%2C675&ssl=1&resize=350%2C200","width":350,"height":200,"srcset":"https:\/\/i0.wp.com\/noticiasribeiraopreto.com.br\/wp-content\/uploads\/2026\/01\/domingo-41_2026-01-13_19-56-35.webp.webp?fit=1200%2C675&ssl=1&resize=350%2C200 1x, https:\/\/i0.wp.com\/noticiasribeiraopreto.com.br\/wp-content\/uploads\/2026\/01\/domingo-41_2026-01-13_19-56-35.webp.webp?fit=1200%2C675&ssl=1&resize=525%2C300 1.5x, https:\/\/i0.wp.com\/noticiasribeiraopreto.com.br\/wp-content\/uploads\/2026\/01\/domingo-41_2026-01-13_19-56-35.webp.webp?fit=1200%2C675&ssl=1&resize=700%2C400 2x, https:\/\/i0.wp.com\/noticiasribeiraopreto.com.br\/wp-content\/uploads\/2026\/01\/domingo-41_2026-01-13_19-56-35.webp.webp?fit=1200%2C675&ssl=1&resize=1050%2C600 3x"},"classes":[]}],"jetpack_sharing_enabled":true,"jetpack_shortlink":"https:\/\/wp.me\/peQAOb-jXu","_links":{"self":[{"href":"https:\/\/noticiasribeiraopreto.com.br\/index.php\/wp-json\/wp\/v2\/posts\/76724","targetHints":{"allow":["GET"]}}],"collection":[{"href":"https:\/\/noticiasribeiraopreto.com.br\/index.php\/wp-json\/wp\/v2\/posts"}],"about":[{"href":"https:\/\/noticiasribeiraopreto.com.br\/index.php\/wp-json\/wp\/v2\/types\/post"}],"author":[{"embeddable":true,"href":"https:\/\/noticiasribeiraopreto.com.br\/index.php\/wp-json\/wp\/v2\/users\/1"}],"replies":[{"embeddable":true,"href":"https:\/\/noticiasribeiraopreto.com.br\/index.php\/wp-json\/wp\/v2\/comments?post=76724"}],"version-history":[{"count":0,"href":"https:\/\/noticiasribeiraopreto.com.br\/index.php\/wp-json\/wp\/v2\/posts\/76724\/revisions"}],"wp:featuredmedia":[{"embeddable":true,"href":"https:\/\/noticiasribeiraopreto.com.br\/index.php\/wp-json\/wp\/v2\/media\/76725"}],"wp:attachment":[{"href":"https:\/\/noticiasribeiraopreto.com.br\/index.php\/wp-json\/wp\/v2\/media?parent=76724"}],"wp:term":[{"taxonomy":"category","embeddable":true,"href":"https:\/\/noticiasribeiraopreto.com.br\/index.php\/wp-json\/wp\/v2\/categories?post=76724"},{"taxonomy":"post_tag","embeddable":true,"href":"https:\/\/noticiasribeiraopreto.com.br\/index.php\/wp-json\/wp\/v2\/tags?post=76724"}],"curies":[{"name":"wp","href":"https:\/\/api.w.org\/{rel}","templated":true}]}}