{"id":7674,"date":"2023-11-28T16:32:18","date_gmt":"2023-11-28T19:32:18","guid":{"rendered":"https:\/\/noticiasribeiraopreto.com.br\/index.php\/2023\/11\/28\/cnpj-excluido-por-debito-com-a-receita-tem-jeito-confira\/"},"modified":"2023-11-28T16:32:18","modified_gmt":"2023-11-28T19:32:18","slug":"cnpj-excluido-por-debito-com-a-receita-tem-jeito-confira","status":"publish","type":"post","link":"https:\/\/noticiasribeiraopreto.com.br\/index.php\/2023\/11\/28\/cnpj-excluido-por-debito-com-a-receita-tem-jeito-confira\/","title":{"rendered":"CNPJ exclu\u00eddo por d\u00e9bito com a Receita tem jeito! Confira"},"content":{"rendered":"<div class='code-block code-block-1' style='margin: 8px 0 8px auto; text-align: right; display: block; clear: both;'>\n<p><a href=\"https:\/\/wa.link\/vpicfd\"><img data-recalc-dims=\"1\" class=\"wp-image-4922\" style=\"aspect-ratio: 2.0253164556962027; width: 561px; height: auto;\" src=\"https:\/\/i0.wp.com\/ismaelcolosi.com.br\/wp-content\/uploads\/2023\/11\/grupo-de-empregos-whatsapp-e-facebook-ismael-colosi-vagas.jpg?ssl=1\" alt=\"\" \/><\/a><\/p>\n<!-- \/wp:image -->\n<\/div>\n<p> <br \/>\n<\/p>\n<div>\n<p>Microempreendedores Individuais (<a href=\"https:\/\/catracalivre.com.br\/cidadania\/mei-pode-agora-se-beneficiar-do-bolsa-familia\/\">MEI<\/a>) t\u00eam uma oportunidade crucial de evitar a exclus\u00e3o do Simples Nacional devido a d\u00edvidas e pend\u00eancias com a <a href=\"https:\/\/catracalivre.com.br\/cidadania\/atencao-mudanca-na-receita-atinge-todos-que-declaram-imposto-de-renda\/\">Receita Federal<\/a>.<\/p>\n<div id=\"attachment_2314635\" class=\"wp-caption aligncenter\">\n<div class=\"d-flex justify-content-center\" data-attachment-id=\"2314635\">\n<div class=\"position-relative d-inline-block\"><img data-recalc-dims=\"1\" data-portal-copyright=\"iSTock\" decoding=\"async\" fetchpriority=\"high\" class=\"size-large wp-image-2314635\" src=\"https:\/\/i0.wp.com\/catracalivre.com.br\/wp-content\/uploads\/2023\/11\/dividas-2-910x607.jpg?resize=910%2C607&#038;ssl=1\" alt=\"MEI: CNPJ exclu\u00eddo por d\u00e9bito com a Receita tem jeito! Confira\" width=\"910\" height=\"607\" srcset=\"https:\/\/catracalivre.com.br\/wp-content\/uploads\/2023\/11\/dividas-2-910x607.jpg 910w, https:\/\/catracalivre.com.br\/wp-content\/uploads\/2023\/11\/dividas-2-450x300.jpg 450w, https:\/\/catracalivre.com.br\/wp-content\/uploads\/2023\/11\/dividas-2-768x512.jpg 768w\" sizes=\"(max-width: 910px) 100vw, 910px\"\/><\/p>\n<p>Cr\u00e9ditos: iSTock<\/p>\n<\/div>\n<\/div>\n<p><span class=\"post-imagem__legenda\">MEI: CNPJ exclu\u00eddo por d\u00e9bito com a Receita tem jeito! Confira<\/span><\/p>\n<\/div>\n<p>O \u00f3rg\u00e3o alerta que, em todo o pa\u00eds, um total de 393.678 MEIs receberam notifica\u00e7\u00f5es para regularizar sua situa\u00e7\u00e3o financeira com o fisco, totalizando aproximadamente R$2,25 bilh\u00f5es em d\u00e9bitos.<\/p>\n<p>Manter um <a href=\"https:\/\/catracalivre.com.br\/cidadania\/mei-regularize-impostos-com-pendencias-voce-pode-ter-cnpj-excluido\/\">CNPJ<\/a> em situa\u00e7\u00e3o irregular tem implica\u00e7\u00f5es s\u00e9rias, como a impossibilidade de emitir notas fiscais, obter licen\u00e7as e at\u00e9 mesmo o cancelamento de alvar\u00e1s. Al\u00e9m disso, as d\u00edvidas assumem o nome do microempreendedor, afetando seu <a href=\"https:\/\/catracalivre.com.br\/cidadania\/mei-inadimplentes-podem-ter-cpf-negativado-veja-o-que-fazer\/\">CPF<\/a> e dificultando a obten\u00e7\u00e3o de empr\u00e9stimos e financiamentos.<\/p>\n<p>No \u00faltimo m\u00eas de setembro, a Receita Federal disponibilizou os Termos de Exclus\u00e3o do Simples Nacional e os relat\u00f3rios de pend\u00eancias dos contribuintes no Domic\u00edlio Tribut\u00e1rio Eletr\u00f4nico do Simples Nacional e MEI (Simples Nacional.<\/p>\n<p>Estas pend\u00eancias devem ser regularizadas at\u00e9 1\u00ba de janeiro de 2024, acess\u00edveis atrav\u00e9s da aba Simei-Servi\u00e7os do Portal do Simples Nacional ou pelo Portal e-CAC (eCAC \u2013 Centro Virtual de Atendimento (fazenda.gov.br) da Receita Federal do Brasil, com c\u00f3digo de acesso espec\u00edfico ou via <a href=\"https:\/\/catracalivre.com.br\/cidadania\/governo-estabelece-limite-de-acesso-ao-site-gov-br-veja-o-que-muda\/\">Gov.BR<\/a>.<\/p>\n<p>Para evitar a exclus\u00e3o, os d\u00e9bitos devem ser quitados integralmente at\u00e9 o final do ano, seja por pagamento \u00e0 vista ou parcelamento, que pode estender-se por at\u00e9 trinta meses a partir da data de ci\u00eancia do Termo de Exclus\u00e3o. \u201cA ci\u00eancia se dar\u00e1 no momento da primeira leitura, se o contribuinte acessar a mensagem dentro de 45 dias contados da disponibiliza\u00e7\u00e3o do referido Termo, ou no quadrag\u00e9simo quinto dia contado da disponibiliza\u00e7\u00e3o do Termo, caso a primeira leitura seja feita posteriormente a esse prazo\u201d, informa a RF.<\/p>\n<p>MEI que regularizar suas d\u00edvidas ver\u00e3o o Termo de Exclus\u00e3o anulado. Entretanto, aqueles que permanecerem inadimplentes ser\u00e3o exclu\u00eddos do Simples Nacional j\u00e1 no in\u00edcio de 2024, sendo automaticamente desenquadrados do Simei.<\/p>\n<p>\u00c9 de extrema import\u00e2ncia que empreendedores estejam cientes das implica\u00e7\u00f5es da exclus\u00e3o do Simples Nacional e cumpram os prazos legais, uma vez que a exclus\u00e3o pode ser prejudicial para os neg\u00f3cios.<\/p>\n<h2>Como regularizar MEI<\/h2>\n<p>Para regularizar sua situa\u00e7\u00e3o como MEI, voc\u00ea pode efetuar o pagamento ou parcelamento das d\u00edvidas diretamente no portal do Simples Nacional ou pelo aplicativo MEI, dispon\u00edvel para dispositivos Android ou iOS.<\/p>\n<p>Se suas d\u00edvidas est\u00e3o inscritas na D\u00edvida Ativa, siga as orienta\u00e7\u00f5es a seguir:<\/p>\n<ul>\n<li>O d\u00e9bito de INSS deve ser recolhido em DAS DAU, um documento espec\u00edfico para D\u00edvida Ativa da Uni\u00e3o.<\/li>\n<li>D\u00e9bitos de ISS e ICMS devem ser quitados em guias pr\u00f3prias do Estado ou munic\u00edpio respons\u00e1vel pelo tributo.<\/li>\n<li>A entrega da Declara\u00e7\u00e3o Anual do Simples Nacional do Microempreendedor Individual (DASN-SIMEI) pode ser realizada pelo <a href=\"https:\/\/www.gov.br\/receitafederal\/pt-br\/canais_atendimento\/fale-conosco\/empresa\/simples-nacional-e-microempreendedor-individual-mei\/simples-nacional\" target=\"_blank\" rel=\"noopener\">portal do Simples Nacional<\/a> ou pelo aplicativo MEI.<\/li>\n<\/ul>\n<p>Para verificar o valor de suas d\u00edvidas, acesse o <a href=\"https:\/\/www8.receita.fazenda.gov.br\/simplesnacional\/aplicacoes\/atspo\/pgmei.app\/identificacao\">Programa Gerador de DAS do Microempreendedor Individual (PGMEI)<\/a>. Em seguida, com certificado digital ou c\u00f3digo de acesso, v\u00e1 at\u00e9 a op\u00e7\u00e3o \u201cConsulta Extrato\/Pend\u00eancias &gt; Consulta Pend\u00eancias no Simei\u201d. As informa\u00e7\u00f5es sobre as d\u00edvidas tamb\u00e9m est\u00e3o dispon\u00edveis no aplicativo MEI.<\/p>\n<p>Caso voc\u00ea n\u00e3o esteja mais atuando como empreendedor e deseja encerrar suas atividades como MEI, \u00e9 importante dar baixa no CNPJ. O processo \u00e9 simples e pode ser realizado gratuitamente pelo <a href=\"https:\/\/www.gov.br\/empresas-e-negocios\/pt-br\/empreendedor\" target=\"_blank\" rel=\"noopener\">Portal do Empreendedor<\/a>.<\/p>\n<\/div>\n<p><script>\n\t\t! function(f, b, e, v, n, t, s) {\n\t\t\tif (f.fbq) return;\n\t\t\tn = f.fbq = function() {\n\t\t\t\tn.callMethod ?\n\t\t\t\t\tn.callMethod.apply(n, arguments) : n.queue.push(arguments)\n\t\t\t};\n\t\t\tif (!f._fbq) f._fbq = n;\n\t\t\tn.push = n;\n\t\t\tn.loaded = !0;\n\t\t\tn.version = '2.0';\n\t\t\tn.queue = [];\n\t\t\tt = b.createElement(e);\n\t\t\tt.async = !0;\n\t\t\tt.src = v;\n\t\t\ts = b.getElementsByTagName(e)[0];\n\t\t\ts.parentNode.insertBefore(t, s)\n\t\t}(window, document, 'script',\n\t\t\t'https:\/\/connect.facebook.net\/en_US\/fbevents.js');\n\t\tfbq('init', '338315473262380');\n\t\tfbq('track', 'PageView');\n\t<\/script><br \/>\n<br \/><br \/>\n<br \/><a href=\"https:\/\/catracalivre.com.br\/cidadania\/mei-cnpj-excluido-por-debito-com-a-receita-tem-jeito-confira\/\">Source link <\/a><\/p>\n<!-- CONTENT END 1 -->\n","protected":false},"excerpt":{"rendered":"<p>Microempreendedores Individuais (MEI) t\u00eam uma oportunidade crucial de evitar a exclus\u00e3o do Simples Nacional devido a d\u00edvidas e pend\u00eancias com a Receita Federal. Cr\u00e9ditos: iSTock&#8230;<\/p>\n","protected":false},"author":1,"featured_media":7675,"comment_status":"open","ping_status":"open","sticky":false,"template":"","format":"standard","meta":{"advanced_seo_description":"","jetpack_seo_html_title":"","jetpack_seo_noindex":false,"jetpack_post_was_ever_published":false,"_jetpack_newsletter_access":"","_jetpack_dont_email_post_to_subs":false,"_jetpack_newsletter_tier_id":0,"_jetpack_memberships_contains_paywalled_content":false,"_jetpack_memberships_contains_paid_content":false,"footnotes":"","jetpack_publicize_message":"","jetpack_publicize_feature_enabled":true,"jetpack_social_post_already_shared":true,"jetpack_social_options":{"image_generator_settings":{"template":"highway","default_image_id":0,"font":"","enabled":false},"version":2}},"categories":[19],"tags":[],"class_list":["post-7674","post","type-post","status-publish","format-standard","has-post-thumbnail","hentry","category-variedades"],"jetpack_publicize_connections":[],"jetpack_featured_media_url":"https:\/\/i0.wp.com\/noticiasribeiraopreto.com.br\/wp-content\/uploads\/2023\/11\/1701199941_dividas-2.jpg?fit=1200%2C638&ssl=1","jetpack-related-posts":[{"id":25067,"url":"https:\/\/noticiasribeiraopreto.com.br\/index.php\/2024\/01\/05\/receita-federal-de-ribeirao-tem-leilao-com-iphone-tenis-adidas-e-bicicleta-eletrica\/","url_meta":{"origin":7674,"position":0},"title":"Receita Federal de Ribeir\u00e3o tem leil\u00e3o com iPhone, t\u00eanis Adidas e bicicleta el\u00e9trica","author":"noticiasribeiraopreto.com.br","date":"5 de January de 2024","format":false,"excerpt":"O primeiro leil\u00e3o de produtos apreendidos da Receita Federal em 2024 ser\u00e1 realizado pela delegacia de Ribeir\u00e3o Preto. Ao todo, s\u00e3o 74 lotes com diversos produtos, como iPhone, t\u00eanis Adidas e bicicletas el\u00e9tricas. Podem participar do leil\u00e3o pessoas f\u00edsicas e jur\u00eddicas. As propostas poder\u00e3o ser apresentadas no per\u00edodo entre 25\u2026","rel":"","context":"In &quot;Not\u00edcias de Ribeir\u00e3o Preto-SP e Regi\u00e3o&quot;","block_context":{"text":"Not\u00edcias de Ribeir\u00e3o Preto-SP e Regi\u00e3o","link":"https:\/\/noticiasribeiraopreto.com.br\/index.php\/category\/noticias-de-ribeirao-preto-sp-e-regiao-ismael-colosi\/"},"img":{"alt_text":"","src":"https:\/\/i0.wp.com\/noticiasribeiraopreto.com.br\/wp-content\/uploads\/2024\/01\/iphone-scaled.jpg?fit=1200%2C800&ssl=1&resize=350%2C200","width":350,"height":200,"srcset":"https:\/\/i0.wp.com\/noticiasribeiraopreto.com.br\/wp-content\/uploads\/2024\/01\/iphone-scaled.jpg?fit=1200%2C800&ssl=1&resize=350%2C200 1x, https:\/\/i0.wp.com\/noticiasribeiraopreto.com.br\/wp-content\/uploads\/2024\/01\/iphone-scaled.jpg?fit=1200%2C800&ssl=1&resize=525%2C300 1.5x, https:\/\/i0.wp.com\/noticiasribeiraopreto.com.br\/wp-content\/uploads\/2024\/01\/iphone-scaled.jpg?fit=1200%2C800&ssl=1&resize=700%2C400 2x, https:\/\/i0.wp.com\/noticiasribeiraopreto.com.br\/wp-content\/uploads\/2024\/01\/iphone-scaled.jpg?fit=1200%2C800&ssl=1&resize=1050%2C600 3x"},"classes":[]},{"id":28837,"url":"https:\/\/noticiasribeiraopreto.com.br\/index.php\/2024\/01\/16\/receita-federal-tem-leilao-de-eletronicos-veiculos-e-outros-produtos-em-ribeirao-veja-como-participar\/","url_meta":{"origin":7674,"position":1},"title":"Receita Federal tem leil\u00e3o de eletr\u00f4nicos, ve\u00edculos e outros produtos em Ribeir\u00e3o; Veja como participar","author":"noticiasribeiraopreto.com.br","date":"16 de January de 2024","format":false,"excerpt":"A Delegacia da Receita Federal de Ribeir\u00e3o Preto realiza, no dia 30 de janeiro, o primeiro leil\u00e3o de mercadorias apreendidas ou abandonadas, de 2024. No total s\u00e3o 74 lotes, que incluem smartphones, smartwatches, notebooks, tablets, carros, drones e consoles de videogame. Entre os produtos est\u00e3o iPhones, t\u00eanis Adidas, bicicletas el\u00e9tricas\u2026","rel":"","context":"In &quot;Not\u00edcias de Ribeir\u00e3o Preto-SP e Regi\u00e3o&quot;","block_context":{"text":"Not\u00edcias de Ribeir\u00e3o Preto-SP e Regi\u00e3o","link":"https:\/\/noticiasribeiraopreto.com.br\/index.php\/category\/noticias-de-ribeirao-preto-sp-e-regiao-ismael-colosi\/"},"img":{"alt_text":"","src":"https:\/\/i0.wp.com\/noticiasribeiraopreto.com.br\/wp-content\/uploads\/2024\/01\/Copia-de-Copia-de-TAMANHO-EXATO-PARA-FOTOS-NO-SISTEMA-NOVO-15.jpg?fit=1200%2C675&ssl=1&resize=350%2C200","width":350,"height":200,"srcset":"https:\/\/i0.wp.com\/noticiasribeiraopreto.com.br\/wp-content\/uploads\/2024\/01\/Copia-de-Copia-de-TAMANHO-EXATO-PARA-FOTOS-NO-SISTEMA-NOVO-15.jpg?fit=1200%2C675&ssl=1&resize=350%2C200 1x, https:\/\/i0.wp.com\/noticiasribeiraopreto.com.br\/wp-content\/uploads\/2024\/01\/Copia-de-Copia-de-TAMANHO-EXATO-PARA-FOTOS-NO-SISTEMA-NOVO-15.jpg?fit=1200%2C675&ssl=1&resize=525%2C300 1.5x, https:\/\/i0.wp.com\/noticiasribeiraopreto.com.br\/wp-content\/uploads\/2024\/01\/Copia-de-Copia-de-TAMANHO-EXATO-PARA-FOTOS-NO-SISTEMA-NOVO-15.jpg?fit=1200%2C675&ssl=1&resize=700%2C400 2x, https:\/\/i0.wp.com\/noticiasribeiraopreto.com.br\/wp-content\/uploads\/2024\/01\/Copia-de-Copia-de-TAMANHO-EXATO-PARA-FOTOS-NO-SISTEMA-NOVO-15.jpg?fit=1200%2C675&ssl=1&resize=1050%2C600 3x"},"classes":[]},{"id":66056,"url":"https:\/\/noticiasribeiraopreto.com.br\/index.php\/2025\/03\/27\/leilao-da-receita-federal-acontece-nesta-sexta-tem-iphone-adidas-e-vinhos-importados\/","url_meta":{"origin":7674,"position":2},"title":"Leil\u00e3o da Receita Federal acontece nesta sexta; tem iPhone, Adidas e vinhos importados","author":"noticiasribeiraopreto.com.br","date":"27 de March de 2025","format":false,"excerpt":"O leil\u00e3o da Receita Federal acontece nesta sexta-feira (28) e conta com mais de 200 lotes com diversos itens, entre iPhones, produtos Adidas e vinhos importados. Os lances m\u00ednimos variam entre R$ 150 e R$ 120 mil. Podem participar pessoas f\u00edsicas e pessoas jur\u00eddicas, e as propostas devem ser realizadas\u2026","rel":"","context":"In &quot;Not\u00edcias de Ribeir\u00e3o Preto-SP e Regi\u00e3o&quot;","block_context":{"text":"Not\u00edcias de Ribeir\u00e3o Preto-SP e Regi\u00e3o","link":"https:\/\/noticiasribeiraopreto.com.br\/index.php\/category\/noticias-de-ribeirao-preto-sp-e-regiao-ismael-colosi\/"},"img":{"alt_text":"","src":"https:\/\/i0.wp.com\/noticiasribeiraopreto.com.br\/wp-content\/uploads\/2025\/03\/leilao-receita_2025-03-27_15-19-16_jpg_2025-03-27_15-19-16.webp.webp?fit=1200%2C633&ssl=1&resize=350%2C200","width":350,"height":200,"srcset":"https:\/\/i0.wp.com\/noticiasribeiraopreto.com.br\/wp-content\/uploads\/2025\/03\/leilao-receita_2025-03-27_15-19-16_jpg_2025-03-27_15-19-16.webp.webp?fit=1200%2C633&ssl=1&resize=350%2C200 1x, https:\/\/i0.wp.com\/noticiasribeiraopreto.com.br\/wp-content\/uploads\/2025\/03\/leilao-receita_2025-03-27_15-19-16_jpg_2025-03-27_15-19-16.webp.webp?fit=1200%2C633&ssl=1&resize=525%2C300 1.5x, https:\/\/i0.wp.com\/noticiasribeiraopreto.com.br\/wp-content\/uploads\/2025\/03\/leilao-receita_2025-03-27_15-19-16_jpg_2025-03-27_15-19-16.webp.webp?fit=1200%2C633&ssl=1&resize=700%2C400 2x, https:\/\/i0.wp.com\/noticiasribeiraopreto.com.br\/wp-content\/uploads\/2025\/03\/leilao-receita_2025-03-27_15-19-16_jpg_2025-03-27_15-19-16.webp.webp?fit=1200%2C633&ssl=1&resize=1050%2C600 3x"},"classes":[]},{"id":62334,"url":"https:\/\/noticiasribeiraopreto.com.br\/index.php\/2025\/01\/10\/pix-vai-ser-taxado-entenda-o-que-muda-com-as-novas-regras-da-receita-federal\/","url_meta":{"origin":7674,"position":3},"title":"Pix vai ser taxado? Entenda o que muda com as novas regras da Receita Federal","author":"noticiasribeiraopreto.com.br","date":"10 de January de 2025","format":false,"excerpt":"A partir de janeiro de 2025, a Receita Federal ampliou sua fiscaliza\u00e7\u00e3o sobre as transa\u00e7\u00f5es financeiras realizadas pelos contribuintes. A principal mudan\u00e7a envolve o recebimento de dados de operadoras de cart\u00f5es de cr\u00e9dito e institui\u00e7\u00f5es de pagamento, o que tem gerado preocupa\u00e7\u00f5es entre consumidores, principalmente em rela\u00e7\u00e3o a um poss\u00edvel\u2026","rel":"","context":"In &quot;Not\u00edcias de Ribeir\u00e3o Preto-SP e Regi\u00e3o&quot;","block_context":{"text":"Not\u00edcias de Ribeir\u00e3o Preto-SP e Regi\u00e3o","link":"https:\/\/noticiasribeiraopreto.com.br\/index.php\/category\/noticias-de-ribeirao-preto-sp-e-regiao-ismael-colosi\/"},"img":{"alt_text":"","src":"https:\/\/i0.wp.com\/noticiasribeiraopreto.com.br\/wp-content\/uploads\/2025\/01\/Capturar-1.jpg?fit=1138%2C633&ssl=1&resize=350%2C200","width":350,"height":200,"srcset":"https:\/\/i0.wp.com\/noticiasribeiraopreto.com.br\/wp-content\/uploads\/2025\/01\/Capturar-1.jpg?fit=1138%2C633&ssl=1&resize=350%2C200 1x, https:\/\/i0.wp.com\/noticiasribeiraopreto.com.br\/wp-content\/uploads\/2025\/01\/Capturar-1.jpg?fit=1138%2C633&ssl=1&resize=525%2C300 1.5x, https:\/\/i0.wp.com\/noticiasribeiraopreto.com.br\/wp-content\/uploads\/2025\/01\/Capturar-1.jpg?fit=1138%2C633&ssl=1&resize=700%2C400 2x, https:\/\/i0.wp.com\/noticiasribeiraopreto.com.br\/wp-content\/uploads\/2025\/01\/Capturar-1.jpg?fit=1138%2C633&ssl=1&resize=1050%2C600 3x"},"classes":[]},{"id":84952,"url":"https:\/\/noticiasribeiraopreto.com.br\/index.php\/2026\/04\/18\/cashback-na-restituicao-do-ir-veja-o-que-muda-e-quem-tem-direito\/","url_meta":{"origin":7674,"position":4},"title":"Cashback na restitui\u00e7\u00e3o do IR: veja o que muda e quem tem direito","author":"noticiasribeiraopreto.com.br","date":"18 de April de 2026","format":false,"excerpt":"Ler o resumo da not\u00edcia \r A Receita Federal lan\u00e7ar\u00e1 em 15\u202fde\u202fjulho\u202fde\u202f2024 o \u201ccashback\u201d da restitui\u00e7\u00e3o do IR para quem n\u00e3o precisou declarar em 2025, mas tem direito a at\u00e9 R$\u202f1\u202fmil.\r Para receber, o contribuinte deve ter CPF regular, dados banc\u00e1rios atualizados (chave Pix) e estar sem restri\u00e7\u00e3o na Receita.\r\u2026","rel":"","context":"In &quot;Not\u00edcias de Ribeir\u00e3o Preto-SP e Regi\u00e3o&quot;","block_context":{"text":"Not\u00edcias de Ribeir\u00e3o Preto-SP e Regi\u00e3o","link":"https:\/\/noticiasribeiraopreto.com.br\/index.php\/category\/noticias-de-ribeirao-preto-sp-e-regiao-ismael-colosi\/"},"img":{"alt_text":"","src":"https:\/\/i0.wp.com\/noticiasribeiraopreto.com.br\/wp-content\/uploads\/2026\/04\/novo_lote_1024x576_22072020125933_2026-04-18_14-28-17.webp.webp?fit=1024%2C575&ssl=1&resize=350%2C200","width":350,"height":200,"srcset":"https:\/\/i0.wp.com\/noticiasribeiraopreto.com.br\/wp-content\/uploads\/2026\/04\/novo_lote_1024x576_22072020125933_2026-04-18_14-28-17.webp.webp?fit=1024%2C575&ssl=1&resize=350%2C200 1x, https:\/\/i0.wp.com\/noticiasribeiraopreto.com.br\/wp-content\/uploads\/2026\/04\/novo_lote_1024x576_22072020125933_2026-04-18_14-28-17.webp.webp?fit=1024%2C575&ssl=1&resize=525%2C300 1.5x, https:\/\/i0.wp.com\/noticiasribeiraopreto.com.br\/wp-content\/uploads\/2026\/04\/novo_lote_1024x576_22072020125933_2026-04-18_14-28-17.webp.webp?fit=1024%2C575&ssl=1&resize=700%2C400 2x"},"classes":[]},{"id":62469,"url":"https:\/\/noticiasribeiraopreto.com.br\/index.php\/2025\/01\/15\/leilao-da-receita-federal-tem-playstation-5-por-r-100-eletronicos-e-joias-veja-como-participar\/","url_meta":{"origin":7674,"position":5},"title":"Leil\u00e3o da Receita Federal tem PlayStation 5 por R$ 100, eletr\u00f4nicos e joias; Veja como participar","author":"noticiasribeiraopreto.com.br","date":"15 de January de 2025","format":false,"excerpt":"O leil\u00e3o da Receita Federal em S\u00e3o Paulo acontece no pr\u00f3ximo dia 30 de janeiro e conta com 203 lotes com diversos produtos, como por exemplo, um PlayStation 5 por R$ 100. Al\u00e9m de videogames, os lotes incluem \u00f3culos de realidade virtual, notebooks, smartphones, joias, diamantes, ve\u00edculos, instrumentos musicais, m\u00e1quinas\u2026","rel":"","context":"In &quot;Not\u00edcias de Ribeir\u00e3o Preto-SP e Regi\u00e3o&quot;","block_context":{"text":"Not\u00edcias de Ribeir\u00e3o Preto-SP e Regi\u00e3o","link":"https:\/\/noticiasribeiraopreto.com.br\/index.php\/category\/noticias-de-ribeirao-preto-sp-e-regiao-ismael-colosi\/"},"img":{"alt_text":"","src":"https:\/\/i0.wp.com\/noticiasribeiraopreto.com.br\/wp-content\/uploads\/2025\/01\/Copia-de-Copia-de-Copia-de-TAMANHO-EXATO-PARA-FOTOS-NO-SISTEMA-NOVO-2025-01-15T115632.396_2025-01-15_14-56-37_png_2025-01-15_14-56-37.webp.webp?fit=1200%2C675&ssl=1&resize=350%2C200","width":350,"height":200,"srcset":"https:\/\/i0.wp.com\/noticiasribeiraopreto.com.br\/wp-content\/uploads\/2025\/01\/Copia-de-Copia-de-Copia-de-TAMANHO-EXATO-PARA-FOTOS-NO-SISTEMA-NOVO-2025-01-15T115632.396_2025-01-15_14-56-37_png_2025-01-15_14-56-37.webp.webp?fit=1200%2C675&ssl=1&resize=350%2C200 1x, https:\/\/i0.wp.com\/noticiasribeiraopreto.com.br\/wp-content\/uploads\/2025\/01\/Copia-de-Copia-de-Copia-de-TAMANHO-EXATO-PARA-FOTOS-NO-SISTEMA-NOVO-2025-01-15T115632.396_2025-01-15_14-56-37_png_2025-01-15_14-56-37.webp.webp?fit=1200%2C675&ssl=1&resize=525%2C300 1.5x, https:\/\/i0.wp.com\/noticiasribeiraopreto.com.br\/wp-content\/uploads\/2025\/01\/Copia-de-Copia-de-Copia-de-TAMANHO-EXATO-PARA-FOTOS-NO-SISTEMA-NOVO-2025-01-15T115632.396_2025-01-15_14-56-37_png_2025-01-15_14-56-37.webp.webp?fit=1200%2C675&ssl=1&resize=700%2C400 2x, https:\/\/i0.wp.com\/noticiasribeiraopreto.com.br\/wp-content\/uploads\/2025\/01\/Copia-de-Copia-de-Copia-de-TAMANHO-EXATO-PARA-FOTOS-NO-SISTEMA-NOVO-2025-01-15T115632.396_2025-01-15_14-56-37_png_2025-01-15_14-56-37.webp.webp?fit=1200%2C675&ssl=1&resize=1050%2C600 3x"},"classes":[]}],"jetpack_sharing_enabled":true,"jetpack_shortlink":"https:\/\/wp.me\/peQAOb-1ZM","_links":{"self":[{"href":"https:\/\/noticiasribeiraopreto.com.br\/index.php\/wp-json\/wp\/v2\/posts\/7674","targetHints":{"allow":["GET"]}}],"collection":[{"href":"https:\/\/noticiasribeiraopreto.com.br\/index.php\/wp-json\/wp\/v2\/posts"}],"about":[{"href":"https:\/\/noticiasribeiraopreto.com.br\/index.php\/wp-json\/wp\/v2\/types\/post"}],"author":[{"embeddable":true,"href":"https:\/\/noticiasribeiraopreto.com.br\/index.php\/wp-json\/wp\/v2\/users\/1"}],"replies":[{"embeddable":true,"href":"https:\/\/noticiasribeiraopreto.com.br\/index.php\/wp-json\/wp\/v2\/comments?post=7674"}],"version-history":[{"count":0,"href":"https:\/\/noticiasribeiraopreto.com.br\/index.php\/wp-json\/wp\/v2\/posts\/7674\/revisions"}],"wp:featuredmedia":[{"embeddable":true,"href":"https:\/\/noticiasribeiraopreto.com.br\/index.php\/wp-json\/wp\/v2\/media\/7675"}],"wp:attachment":[{"href":"https:\/\/noticiasribeiraopreto.com.br\/index.php\/wp-json\/wp\/v2\/media?parent=7674"}],"wp:term":[{"taxonomy":"category","embeddable":true,"href":"https:\/\/noticiasribeiraopreto.com.br\/index.php\/wp-json\/wp\/v2\/categories?post=7674"},{"taxonomy":"post_tag","embeddable":true,"href":"https:\/\/noticiasribeiraopreto.com.br\/index.php\/wp-json\/wp\/v2\/tags?post=7674"}],"curies":[{"name":"wp","href":"https:\/\/api.w.org\/{rel}","templated":true}]}}