{"id":7695,"date":"2023-11-28T17:03:09","date_gmt":"2023-11-28T20:03:09","guid":{"rendered":"https:\/\/noticiasribeiraopreto.com.br\/index.php\/2023\/11\/28\/achei-que-ele-estivesse-armado\/"},"modified":"2023-11-28T17:03:09","modified_gmt":"2023-11-28T20:03:09","slug":"achei-que-ele-estivesse-armado","status":"publish","type":"post","link":"https:\/\/noticiasribeiraopreto.com.br\/index.php\/2023\/11\/28\/achei-que-ele-estivesse-armado\/","title":{"rendered":"Achei que ele estivesse armado"},"content":{"rendered":"<div class='code-block code-block-1' style='margin: 8px 0 8px auto; text-align: right; display: block; clear: both;'>\n<p><a href=\"https:\/\/wa.link\/vpicfd\"><img data-recalc-dims=\"1\" class=\"wp-image-4922\" style=\"aspect-ratio: 2.0253164556962027; width: 561px; height: auto;\" src=\"https:\/\/i0.wp.com\/ismaelcolosi.com.br\/wp-content\/uploads\/2023\/11\/grupo-de-empregos-whatsapp-e-facebook-ismael-colosi-vagas.jpg?ssl=1\" alt=\"\" \/><\/a><\/p>\n<!-- \/wp:image -->\n<\/div>\n<p> <br \/>\n<\/p>\n<div itemprop=\"text\">\n<p>Quanto vale o amor de um f\u00e3? O p\u00fablico presente nas apresenta\u00e7\u00f5es dos artistas as vezes n\u00e3o conseguem conter a emo\u00e7\u00e3o em estar t\u00e3o pr\u00f3ximo dos seus \u00eddolos e acabam tomando atitudes que levam a s\u00e9rias consequ\u00eancias.<\/p>\n<p>Um f\u00e3 que invadiu o palco no show do cantor MC Daniel acabou entrando com uma a\u00e7\u00e3o judicial conta o cantor. Ele alegou ter sofrido agress\u00f5es dos seguran\u00e7as do cantor e ser exposto nas redes sociais do famoso.<\/p>\n<p>O caso aconteceu no ano de 2022, mas o processo entrou em vigor na 2\u00aa Vara C\u00edvel do F\u00f3rum de Santa Cruz do Rio Pardo a partir mar\u00e7o desde ano e agora haver\u00e1 uma audi\u00eancia virtual com ambas as partes no dia 29 de novembro.<\/p>\n<p>MC Daniel se pronunciou hoje, 28 de novembro, relembrando o caso. Nas palavras dele, o jovem estaria b\u00eabado e tentou puxar ele. Foi onde os seguran\u00e7as e o p\u00fablico agrediram o jovem.<\/p>\n<p><strong>\u201cDepois ele foi no hotel, achei que ele estivesse armado e falei: \u2018Deixa ele encostar para trocar umas ideias\u2019. Encostei e vi que ele n\u00e3o tava. Falei: \u2018Por que voc\u00ea fez isso?\u2019. Tenho os v\u00eddeos de tudo. Nem bati nele, n\u00e3o fiz nada. Faz tanto tempo que n\u00e3o fa\u00e7o esse tipo de coisa, que parei de ser um bad boy\u201d<\/strong>, se manifestou.<\/p>\n<p>Na a\u00e7\u00e3o, o jovem pede uma indeniza\u00e7\u00e3o aproximada no valor de R$ 91 mil reais. O jovem ainda alegou que o cantor filmou e postou momentos em que ele estaria recebendo as agress\u00f5es incentivadas por Daniel.<\/p>\n<\/div>\n<p><br \/>\n<br \/><a href=\"https:\/\/fnmais.com\/mc-daniel-intimado-audiencia-em-acao-movida-por-fa-que-pede-indenizacao-mais-r-90-mil-reais-achei-que-ele-estivesse-armado\/\">Source link <\/a><\/p>\n<!-- CONTENT END 1 -->\n","protected":false},"excerpt":{"rendered":"<p>Quanto vale o amor de um f\u00e3? O p\u00fablico presente nas apresenta\u00e7\u00f5es dos artistas as vezes n\u00e3o conseguem conter a emo\u00e7\u00e3o em estar t\u00e3o pr\u00f3ximo&#8230;<\/p>\n","protected":false},"author":1,"featured_media":7696,"comment_status":"open","ping_status":"open","sticky":false,"template":"","format":"standard","meta":{"advanced_seo_description":"","jetpack_seo_html_title":"","jetpack_seo_noindex":false,"jetpack_post_was_ever_published":false,"_jetpack_newsletter_access":"","_jetpack_dont_email_post_to_subs":false,"_jetpack_newsletter_tier_id":0,"_jetpack_memberships_contains_paywalled_content":false,"_jetpack_memberships_contains_paid_content":false,"footnotes":"","jetpack_publicize_message":"","jetpack_publicize_feature_enabled":true,"jetpack_social_post_already_shared":true,"jetpack_social_options":{"image_generator_settings":{"template":"highway","default_image_id":0,"font":"","enabled":false},"version":2}},"categories":[1],"tags":[],"class_list":["post-7695","post","type-post","status-publish","format-standard","has-post-thumbnail","hentry","category-blog"],"jetpack_publicize_connections":[],"jetpack_featured_media_url":"https:\/\/i0.wp.com\/noticiasribeiraopreto.com.br\/wp-content\/uploads\/2023\/11\/postimg-656642183b1e06088.jpg?fit=1200%2C628&ssl=1","jetpack-related-posts":[{"id":3915,"url":"https:\/\/noticiasribeiraopreto.com.br\/index.php\/2023\/11\/20\/video-mostra-confusao-e-reacao-de-mc-daniel-apos-ser-atingido-no-rosto\/","url_meta":{"origin":7695,"position":0},"title":"Video mostra confus\u00e3o e rea\u00e7\u00e3o de Mc Daniel ap\u00f3s ser atingido no rosto","author":"noticiasribeiraopreto.com.br","date":"20 de November de 2023","format":false,"excerpt":"Na madrugada do \u00faltimo domingo (19\/11), o cantor Mc Daniel usou as redes sociais para falar de um epis\u00f3dio de viol\u00eancia do qual foi v\u00edtima. Na publica\u00e7\u00e3o, ele esclareceu o que havia acontecido.Segundo Daniel, tudo estava em um clima tranquilo enquanto ele atendia f\u00e3s. Neste momento, um homem se aproximou\u2026","rel":"","context":"In &quot;Blog&quot;","block_context":{"text":"Blog","link":"https:\/\/noticiasribeiraopreto.com.br\/index.php\/category\/blog\/"},"img":{"alt_text":"","src":"https:\/\/i0.wp.com\/noticiasribeiraopreto.com.br\/wp-content\/uploads\/2023\/11\/postimg-655b829a478ac2231.jpg?fit=1200%2C628&ssl=1&resize=350%2C200","width":350,"height":200,"srcset":"https:\/\/i0.wp.com\/noticiasribeiraopreto.com.br\/wp-content\/uploads\/2023\/11\/postimg-655b829a478ac2231.jpg?fit=1200%2C628&ssl=1&resize=350%2C200 1x, https:\/\/i0.wp.com\/noticiasribeiraopreto.com.br\/wp-content\/uploads\/2023\/11\/postimg-655b829a478ac2231.jpg?fit=1200%2C628&ssl=1&resize=525%2C300 1.5x, https:\/\/i0.wp.com\/noticiasribeiraopreto.com.br\/wp-content\/uploads\/2023\/11\/postimg-655b829a478ac2231.jpg?fit=1200%2C628&ssl=1&resize=700%2C400 2x, https:\/\/i0.wp.com\/noticiasribeiraopreto.com.br\/wp-content\/uploads\/2023\/11\/postimg-655b829a478ac2231.jpg?fit=1200%2C628&ssl=1&resize=1050%2C600 3x"},"classes":[]},{"id":24208,"url":"https:\/\/noticiasribeiraopreto.com.br\/index.php\/2024\/01\/03\/chega-ao-fim-o-noivado-de-amado-batista-com-jovem-de-24-anos-ela-fez-lista-de-exigencias-para-namorar\/","url_meta":{"origin":7695,"position":1},"title":"Chega ao fim o noivado de Amado Batista com jovem de 24 anos; ela fez lista de exig\u00eancias para namorar","author":"noticiasribeiraopreto.com.br","date":"3 de January de 2024","format":false,"excerpt":"O famoso cantor Amado Batista e Layza Felizardo Bittencourt encerram o relacionamento que havia evolu\u00eddo para um noivado. Os dois tinham uma not\u00e1vel diferen\u00e7a de quarenta e oito anos de idade entre eles. O artista tem 72 anos e a jovem tinha 24 anos.A not\u00edcia foi divulgada neste \u00faltimo s\u00e1bado,\u2026","rel":"","context":"In &quot;Blog&quot;","block_context":{"text":"Blog","link":"https:\/\/noticiasribeiraopreto.com.br\/index.php\/category\/blog\/"},"img":{"alt_text":"","src":"https:\/\/i0.wp.com\/noticiasribeiraopreto.com.br\/wp-content\/uploads\/2024\/01\/postimg-6595d9133a0543244.jpg?fit=1200%2C628&ssl=1&resize=350%2C200","width":350,"height":200,"srcset":"https:\/\/i0.wp.com\/noticiasribeiraopreto.com.br\/wp-content\/uploads\/2024\/01\/postimg-6595d9133a0543244.jpg?fit=1200%2C628&ssl=1&resize=350%2C200 1x, https:\/\/i0.wp.com\/noticiasribeiraopreto.com.br\/wp-content\/uploads\/2024\/01\/postimg-6595d9133a0543244.jpg?fit=1200%2C628&ssl=1&resize=525%2C300 1.5x, https:\/\/i0.wp.com\/noticiasribeiraopreto.com.br\/wp-content\/uploads\/2024\/01\/postimg-6595d9133a0543244.jpg?fit=1200%2C628&ssl=1&resize=700%2C400 2x, https:\/\/i0.wp.com\/noticiasribeiraopreto.com.br\/wp-content\/uploads\/2024\/01\/postimg-6595d9133a0543244.jpg?fit=1200%2C628&ssl=1&resize=1050%2C600 3x"},"classes":[]},{"id":31483,"url":"https:\/\/noticiasribeiraopreto.com.br\/index.php\/2024\/01\/22\/chega-noticia-triste-sobre-o-cantor-daniel-e-assessoria-emite-comunicado\/","url_meta":{"origin":7695,"position":2},"title":"Chega not\u00edcia triste sobre o cantor Daniel e assessoria emite comunicado","author":"noticiasribeiraopreto.com.br","date":"22 de January de 2024","format":false,"excerpt":"Os f\u00e3s do cantor sertanejo Daniel receberam uma triste not\u00edcia nesta semana. \u00c9 que o artista, que \u00e9 um dos mais amados nomes da m\u00fasica brasileira, teve um show cancelado devido a um problema de sa\u00fade que o acometeu.Daniel iria se apresentador no pr\u00f3ximo dia 3 de fevereiro no evento\u2026","rel":"","context":"In &quot;Blog&quot;","block_context":{"text":"Blog","link":"https:\/\/noticiasribeiraopreto.com.br\/index.php\/category\/blog\/"},"img":{"alt_text":"","src":"https:\/\/i0.wp.com\/noticiasribeiraopreto.com.br\/wp-content\/uploads\/2024\/01\/postimg-65ae91246ac084592.jpg?fit=1200%2C628&ssl=1&resize=350%2C200","width":350,"height":200,"srcset":"https:\/\/i0.wp.com\/noticiasribeiraopreto.com.br\/wp-content\/uploads\/2024\/01\/postimg-65ae91246ac084592.jpg?fit=1200%2C628&ssl=1&resize=350%2C200 1x, https:\/\/i0.wp.com\/noticiasribeiraopreto.com.br\/wp-content\/uploads\/2024\/01\/postimg-65ae91246ac084592.jpg?fit=1200%2C628&ssl=1&resize=525%2C300 1.5x, https:\/\/i0.wp.com\/noticiasribeiraopreto.com.br\/wp-content\/uploads\/2024\/01\/postimg-65ae91246ac084592.jpg?fit=1200%2C628&ssl=1&resize=700%2C400 2x, https:\/\/i0.wp.com\/noticiasribeiraopreto.com.br\/wp-content\/uploads\/2024\/01\/postimg-65ae91246ac084592.jpg?fit=1200%2C628&ssl=1&resize=1050%2C600 3x"},"classes":[]},{"id":29780,"url":"https:\/\/noticiasribeiraopreto.com.br\/index.php\/2024\/01\/19\/chega-triste-noticia-sobre-o-cantor-belo-apos-ele-dar-entrada-em-hospital\/","url_meta":{"origin":7695,"position":3},"title":"Chega triste not\u00edcia sobre o cantor Belo ap\u00f3s ele dar entrada em hospital","author":"noticiasribeiraopreto.com.br","date":"19 de January de 2024","format":false,"excerpt":"Os f\u00e3s do cantor Belo, um dos mais queridos nomes do meio art\u00edstico brasileiro, receberam uma triste not\u00edcia a seu respeito nesta semana. \u00c9 que o famoso, que te 49 anos de idade, foi diagnosticado com um problema de sa\u00fade, que o impediu que continuar sua agenda de shows.De acordo\u2026","rel":"","context":"In &quot;Blog&quot;","block_context":{"text":"Blog","link":"https:\/\/noticiasribeiraopreto.com.br\/index.php\/category\/blog\/"},"img":{"alt_text":"","src":"https:\/\/i0.wp.com\/noticiasribeiraopreto.com.br\/wp-content\/uploads\/2024\/01\/postimg-65aa85be1c2cf5558.jpg?fit=1200%2C628&ssl=1&resize=350%2C200","width":350,"height":200,"srcset":"https:\/\/i0.wp.com\/noticiasribeiraopreto.com.br\/wp-content\/uploads\/2024\/01\/postimg-65aa85be1c2cf5558.jpg?fit=1200%2C628&ssl=1&resize=350%2C200 1x, https:\/\/i0.wp.com\/noticiasribeiraopreto.com.br\/wp-content\/uploads\/2024\/01\/postimg-65aa85be1c2cf5558.jpg?fit=1200%2C628&ssl=1&resize=525%2C300 1.5x, https:\/\/i0.wp.com\/noticiasribeiraopreto.com.br\/wp-content\/uploads\/2024\/01\/postimg-65aa85be1c2cf5558.jpg?fit=1200%2C628&ssl=1&resize=700%2C400 2x, https:\/\/i0.wp.com\/noticiasribeiraopreto.com.br\/wp-content\/uploads\/2024\/01\/postimg-65aa85be1c2cf5558.jpg?fit=1200%2C628&ssl=1&resize=1050%2C600 3x"},"classes":[]},{"id":27506,"url":"https:\/\/noticiasribeiraopreto.com.br\/index.php\/2024\/01\/12\/bbb24-destemido-davi-diz-enfrentar-paredao-com-indicacao-de-rodriguinho-nao-tenho-medo\/","url_meta":{"origin":7695,"position":4},"title":"BBB24: Destemido, Davi diz enfrentar pared\u00e3o com indica\u00e7\u00e3o de Rodriguinho: &#8221;N\u00e3o tenho medo&#8221;","author":"noticiasribeiraopreto.com.br","date":"12 de January de 2024","format":false,"excerpt":"Play no game. O jogo mal come\u00e7ou mas as estrat\u00e9gias e forma\u00e7\u00e3o de pared\u00e3o j\u00e1 est\u00e3o a todo vapor. Ap\u00f3s o cantor Rodriguinho vencer a prova do l\u00edder, Davi j\u00e1 est\u00e1 se preparando para uma poss\u00edvel indica\u00e7\u00e3o.\u201dSe eu ganhar a Prova do Anjo, eu vou dar a imunidade. Voc\u00ea est\u00e1\u2026","rel":"","context":"In &quot;Blog&quot;","block_context":{"text":"Blog","link":"https:\/\/noticiasribeiraopreto.com.br\/index.php\/category\/blog\/"},"img":{"alt_text":"","src":"https:\/\/i0.wp.com\/noticiasribeiraopreto.com.br\/wp-content\/uploads\/2024\/01\/postimg-65a162eb943c03221.jpg?fit=1200%2C628&ssl=1&resize=350%2C200","width":350,"height":200,"srcset":"https:\/\/i0.wp.com\/noticiasribeiraopreto.com.br\/wp-content\/uploads\/2024\/01\/postimg-65a162eb943c03221.jpg?fit=1200%2C628&ssl=1&resize=350%2C200 1x, https:\/\/i0.wp.com\/noticiasribeiraopreto.com.br\/wp-content\/uploads\/2024\/01\/postimg-65a162eb943c03221.jpg?fit=1200%2C628&ssl=1&resize=525%2C300 1.5x, https:\/\/i0.wp.com\/noticiasribeiraopreto.com.br\/wp-content\/uploads\/2024\/01\/postimg-65a162eb943c03221.jpg?fit=1200%2C628&ssl=1&resize=700%2C400 2x, https:\/\/i0.wp.com\/noticiasribeiraopreto.com.br\/wp-content\/uploads\/2024\/01\/postimg-65a162eb943c03221.jpg?fit=1200%2C628&ssl=1&resize=1050%2C600 3x"},"classes":[]},{"id":3896,"url":"https:\/\/noticiasribeiraopreto.com.br\/index.php\/2023\/11\/20\/cantor-e-atacado-a-tiros-por-causa-de-uma-briga-transito\/","url_meta":{"origin":7695,"position":5},"title":"Cantor \u00e9 atacado a tiros por causa de uma briga tr\u00e2nsito","author":"noticiasribeiraopreto.com.br","date":"20 de November de 2023","format":false,"excerpt":"Uma discuss\u00e3o de tr\u00e2nsito terminou em um ataque a tiros e por muito pouco n\u00e3o terminou em uma grande trag\u00e9dia.O cantor Eduardo Falc\u00e3o foi alvejado por disparos de arma de fogo ap\u00f3s um incidente de tr\u00e2nsito na cidade de Teresina, capital do estado do Piau\u00ed.Atrav\u00e9s de sua conta no Instagram,\u2026","rel":"","context":"In &quot;Blog&quot;","block_context":{"text":"Blog","link":"https:\/\/noticiasribeiraopreto.com.br\/index.php\/category\/blog\/"},"img":{"alt_text":"","src":"https:\/\/i0.wp.com\/noticiasribeiraopreto.com.br\/wp-content\/uploads\/2023\/11\/postimg-655a931dd57198170.jpg?fit=942%2C628&ssl=1&resize=350%2C200","width":350,"height":200,"srcset":"https:\/\/i0.wp.com\/noticiasribeiraopreto.com.br\/wp-content\/uploads\/2023\/11\/postimg-655a931dd57198170.jpg?fit=942%2C628&ssl=1&resize=350%2C200 1x, https:\/\/i0.wp.com\/noticiasribeiraopreto.com.br\/wp-content\/uploads\/2023\/11\/postimg-655a931dd57198170.jpg?fit=942%2C628&ssl=1&resize=525%2C300 1.5x, https:\/\/i0.wp.com\/noticiasribeiraopreto.com.br\/wp-content\/uploads\/2023\/11\/postimg-655a931dd57198170.jpg?fit=942%2C628&ssl=1&resize=700%2C400 2x"},"classes":[]}],"jetpack_sharing_enabled":true,"jetpack_shortlink":"https:\/\/wp.me\/peQAOb-207","_links":{"self":[{"href":"https:\/\/noticiasribeiraopreto.com.br\/index.php\/wp-json\/wp\/v2\/posts\/7695","targetHints":{"allow":["GET"]}}],"collection":[{"href":"https:\/\/noticiasribeiraopreto.com.br\/index.php\/wp-json\/wp\/v2\/posts"}],"about":[{"href":"https:\/\/noticiasribeiraopreto.com.br\/index.php\/wp-json\/wp\/v2\/types\/post"}],"author":[{"embeddable":true,"href":"https:\/\/noticiasribeiraopreto.com.br\/index.php\/wp-json\/wp\/v2\/users\/1"}],"replies":[{"embeddable":true,"href":"https:\/\/noticiasribeiraopreto.com.br\/index.php\/wp-json\/wp\/v2\/comments?post=7695"}],"version-history":[{"count":0,"href":"https:\/\/noticiasribeiraopreto.com.br\/index.php\/wp-json\/wp\/v2\/posts\/7695\/revisions"}],"wp:featuredmedia":[{"embeddable":true,"href":"https:\/\/noticiasribeiraopreto.com.br\/index.php\/wp-json\/wp\/v2\/media\/7696"}],"wp:attachment":[{"href":"https:\/\/noticiasribeiraopreto.com.br\/index.php\/wp-json\/wp\/v2\/media?parent=7695"}],"wp:term":[{"taxonomy":"category","embeddable":true,"href":"https:\/\/noticiasribeiraopreto.com.br\/index.php\/wp-json\/wp\/v2\/categories?post=7695"},{"taxonomy":"post_tag","embeddable":true,"href":"https:\/\/noticiasribeiraopreto.com.br\/index.php\/wp-json\/wp\/v2\/tags?post=7695"}],"curies":[{"name":"wp","href":"https:\/\/api.w.org\/{rel}","templated":true}]}}