{"id":7701,"date":"2023-11-28T17:12:36","date_gmt":"2023-11-28T20:12:36","guid":{"rendered":"https:\/\/noticiasribeiraopreto.com.br\/index.php\/2023\/11\/28\/este-fenomeno-perturbador-ocorre-com-astronautas-no-espaco\/"},"modified":"2023-11-28T17:12:36","modified_gmt":"2023-11-28T20:12:36","slug":"este-fenomeno-perturbador-ocorre-com-astronautas-no-espaco","status":"publish","type":"post","link":"https:\/\/noticiasribeiraopreto.com.br\/index.php\/2023\/11\/28\/este-fenomeno-perturbador-ocorre-com-astronautas-no-espaco\/","title":{"rendered":"este fen\u00f4meno perturbador ocorre com astronautas no espa\u00e7o"},"content":{"rendered":"<div class='code-block code-block-1' style='margin: 8px 0 8px auto; text-align: right; display: block; clear: both;'>\n<p><a href=\"https:\/\/wa.link\/vpicfd\"><img data-recalc-dims=\"1\" class=\"wp-image-4922\" style=\"aspect-ratio: 2.0253164556962027; width: 561px; height: auto;\" src=\"https:\/\/i0.wp.com\/ismaelcolosi.com.br\/wp-content\/uploads\/2023\/11\/grupo-de-empregos-whatsapp-e-facebook-ismael-colosi-vagas.jpg?ssl=1\" alt=\"\" \/><\/a><\/p>\n<!-- \/wp:image -->\n<\/div>\n<p> <br \/>\n<\/p>\n<div>\n<p>O <a href=\"https:\/\/catracalivre.com.br\/agenda\/aplicativo-nasa-tour-online-espaco\/\">espa\u00e7o<\/a> sideral pode ser um lugar que desperta muito fasc\u00ednio, mas suas condi\u00e7\u00f5es n\u00e3o s\u00e3o nada favor\u00e1veis \u00e0 sobreviv\u00eancia humana enquanto encarnada nesse corpo f\u00edsico. E isso os astronautas sentem na <a href=\"https:\/\/catracalivre.com.br\/saude-bem-estar\/este-erro-comum-pode-acelerar-o-envelhecimento-da-sua-pele-segundo-medico\/\">pele<\/a>.<\/p>\n<p>H\u00e1 um efeito que muitos deles sentem quando saem da Esta\u00e7\u00e3o Espacial Internacional (ISS, em ingl\u00eas) para dar uma volta: suas <a href=\"https:\/\/catracalivre.com.br\/saude-bem-estar\/unhas-fracas-e-mais-sinais-da-deficiencia-em-ferro-no-organismo\/\">unhas<\/a> simplesmente se descolam e caem.<\/p>\n<p>Esse fen\u00f4meno perturbador \u00e9 conhecido como onic\u00f3lise.<\/p>\n<div id=\"attachment_2314880\" class=\"wp-caption alignnone\">\n<div class=\"d-flex justify-content-center\" data-attachment-id=\"2314880\">\n<div class=\"position-relative d-inline-block\"><img data-recalc-dims=\"1\" data-portal-copyright=\"quantic69\/istock\" decoding=\"async\" fetchpriority=\"high\" class=\"size-large wp-image-2314880\" src=\"https:\/\/i0.wp.com\/catracalivre.com.br\/wp-content\/uploads\/2023\/11\/istock-1587601513-910x521.jpg?resize=910%2C521&#038;ssl=1\" alt=\"Fen\u00f4meno angustiante acontece com as unhas dos astronautas no espa\u00e7o\" width=\"910\" height=\"521\" srcset=\"https:\/\/catracalivre.com.br\/wp-content\/uploads\/2023\/11\/istock-1587601513-910x521.jpg 910w, https:\/\/catracalivre.com.br\/wp-content\/uploads\/2023\/11\/istock-1587601513-450x258.jpg 450w, https:\/\/catracalivre.com.br\/wp-content\/uploads\/2023\/11\/istock-1587601513-768x440.jpg 768w\" sizes=\"(max-width: 910px) 100vw, 910px\"\/><\/p>\n<p>Cr\u00e9ditos: quantic69\/istock<\/p>\n<\/div>\n<\/div>\n<p><span class=\"post-imagem__legenda\">Fen\u00f4meno angustiante acontece com as unhas dos astronautas no espa\u00e7o<\/span><\/p>\n<\/div>\n<p>Esse efeito j\u00e1 foi objeto de investiga\u00e7\u00e3o de v\u00e1rios estudos. O que parece \u00e9 que a baixa press\u00e3o espacial favorece essa ocorr\u00eancia.<\/p>\n<p>Para corrigir isso e garantir seguran\u00e7a para os astronautas, os trajes espaciais est\u00e3o constantemente pressurizados, mas isso n\u00e3o \u00e9 suficiente para evitar o problema.<\/p>\n<p>De acordo com cientistas da <a href=\"https:\/\/catracalivre.com.br\/agenda\/aplicativo-nasa-tour-online-espaco\/\">NASA<\/a>, \u00e9 comum os astronautas sofrerem les\u00f5es nas m\u00e3os. Isso ocorre porque as luvas com press\u00e3o restringem os movimentos, o que causa dor, fadiga muscular, redu\u00e7\u00e3o do fluxo sangu\u00edneo, danos aos tecidos e, \u00e0s vezes, les\u00f5es mais graves, como onic\u00f3lise.<\/p>\n<div id=\"attachment_2314914\" class=\"wp-caption alignnone\">\n<div class=\"d-flex justify-content-center\" data-attachment-id=\"2314914\">\n<div class=\"position-relative d-inline-block\"><img data-recalc-dims=\"1\" loading=\"lazy\" data-portal-copyright=\"lexaarts\/istock\" decoding=\"async\" class=\"size-large wp-image-2314914\" src=\"https:\/\/i0.wp.com\/catracalivre.com.br\/wp-content\/uploads\/2023\/11\/istock-626103976-910x512.jpg?resize=910%2C512&#038;ssl=1\" alt=\"Traumas nas unhas e outros ferimentos nas m\u00e3os s\u00e3o o inc\u00f4modo n\u00famero um para os caminhantes espaciais\" width=\"910\" height=\"512\" srcset=\"https:\/\/catracalivre.com.br\/wp-content\/uploads\/2023\/11\/istock-626103976-910x512.jpg 910w, https:\/\/catracalivre.com.br\/wp-content\/uploads\/2023\/11\/istock-626103976-450x253.jpg 450w, https:\/\/catracalivre.com.br\/wp-content\/uploads\/2023\/11\/istock-626103976-768x432.jpg 768w\" sizes=\"auto, (max-width: 910px) 100vw, 910px\"\/><\/p>\n<p>Cr\u00e9ditos: lexaarts\/istock<\/p>\n<\/div>\n<\/div>\n<p><span class=\"post-imagem__legenda\">Traumas nas unhas e outros ferimentos nas m\u00e3os s\u00e3o o inc\u00f4modo n\u00famero um para os caminhantes espaciais<\/span><\/p>\n<\/div>\n<h2>Estudos analisam o design do traje espacial<\/h2>\n<p>Um estudo de 2010 analisou 232 <a href=\"https:\/\/catracalivre.com.br\/saude-bem-estar\/lesoes-na-ponta-dos-dedos-pode-ser-uma-manifestacao-de-covid-19\/\">les\u00f5es nas m\u00e3os<\/a> sofridas por astronautas e descobriu que quanto mais largas as articula\u00e7\u00f5es dos dedos, maior a probabilidade deles sofrerem esses efeitos em um traje espacial.<\/p>\n<p>O estudo descobriu que quanto mais adaptadas as luvas forem ao comprimento dos dedos de cada astronauta, menor seria a probabilidade de perderem as unhas.<\/p>\n<p>Como encontrar um design de luva que minimize o risco de onic\u00f3lise, alguns astronautas se antecipam ao problema e chegam a remover suas unhas antes da miss\u00e3o espacial.<\/p>\n<\/div>\n<p><script>\n\t\t! function(f, b, e, v, n, t, s) {\n\t\t\tif (f.fbq) return;\n\t\t\tn = f.fbq = function() {\n\t\t\t\tn.callMethod ?\n\t\t\t\t\tn.callMethod.apply(n, arguments) : n.queue.push(arguments)\n\t\t\t};\n\t\t\tif (!f._fbq) f._fbq = n;\n\t\t\tn.push = n;\n\t\t\tn.loaded = !0;\n\t\t\tn.version = '2.0';\n\t\t\tn.queue = [];\n\t\t\tt = b.createElement(e);\n\t\t\tt.async = !0;\n\t\t\tt.src = v;\n\t\t\ts = b.getElementsByTagName(e)[0];\n\t\t\ts.parentNode.insertBefore(t, s)\n\t\t}(window, document, 'script',\n\t\t\t'https:\/\/connect.facebook.net\/en_US\/fbevents.js');\n\t\tfbq('init', '338315473262380');\n\t\tfbq('track', 'PageView');\n\t<\/script><br \/>\n<br \/><br \/>\n<br \/><a href=\"https:\/\/catracalivre.com.br\/saude-bem-estar\/onicolise-este-fenomeno-perturbador-ocorre-com-astronautas-no-espaco\/\">Source link <\/a><\/p>\n<!-- CONTENT END 1 -->\n","protected":false},"excerpt":{"rendered":"<p>O espa\u00e7o sideral pode ser um lugar que desperta muito fasc\u00ednio, mas suas condi\u00e7\u00f5es n\u00e3o s\u00e3o nada favor\u00e1veis \u00e0 sobreviv\u00eancia humana enquanto encarnada nesse corpo&#8230;<\/p>\n","protected":false},"author":1,"featured_media":7702,"comment_status":"open","ping_status":"open","sticky":false,"template":"","format":"standard","meta":{"advanced_seo_description":"","jetpack_seo_html_title":"","jetpack_seo_noindex":false,"jetpack_post_was_ever_published":false,"_jetpack_newsletter_access":"","_jetpack_dont_email_post_to_subs":false,"_jetpack_newsletter_tier_id":0,"_jetpack_memberships_contains_paywalled_content":false,"_jetpack_memberships_contains_paid_content":false,"footnotes":"","jetpack_publicize_message":"","jetpack_publicize_feature_enabled":true,"jetpack_social_post_already_shared":true,"jetpack_social_options":{"image_generator_settings":{"template":"highway","default_image_id":0,"font":"","enabled":false},"version":2}},"categories":[19],"tags":[],"class_list":["post-7701","post","type-post","status-publish","format-standard","has-post-thumbnail","hentry","category-variedades"],"jetpack_publicize_connections":[],"jetpack_featured_media_url":"https:\/\/i0.wp.com\/noticiasribeiraopreto.com.br\/wp-content\/uploads\/2023\/11\/istock-1587601513.jpg?fit=1200%2C638&ssl=1","jetpack-related-posts":[{"id":84349,"url":"https:\/\/noticiasribeiraopreto.com.br\/index.php\/2026\/04\/08\/missao-capta-o-por-da-terra\/","url_meta":{"origin":7701,"position":0},"title":"Miss\u00e3o capta o \u2018p\u00f4r da Terra\u2019","author":"noticiasribeiraopreto.com.br","date":"8 de April de 2026","format":false,"excerpt":"Um dia ap\u00f3s o hist\u00f3rico sobrevoo lunar, a Nasa divulgou novas imagens impressionantes feitas pela tripula\u00e7\u00e3o americana-canadense Depois de alcan\u00e7ar a maior dist\u00e2ncia j\u00e1 percorrida por humanos no espa\u00e7o,e\u00a0 ap\u00f3s contornar o lado oculto da Lua na \u00faltima segunda-feira, 6 de abril, a Artemis II iniciou a viagem de volta\u2026","rel":"","context":"In &quot;Not\u00edcias de Ribeir\u00e3o Preto-SP e Regi\u00e3o&quot;","block_context":{"text":"Not\u00edcias de Ribeir\u00e3o Preto-SP e Regi\u00e3o","link":"https:\/\/noticiasribeiraopreto.com.br\/index.php\/category\/noticias-de-ribeirao-preto-sp-e-regiao-ismael-colosi\/"},"img":{"alt_text":"","src":"https:\/\/i0.wp.com\/noticiasribeiraopreto.com.br\/wp-content\/uploads\/2026\/04\/Espaco-Divulgacao-Nasa-scaled.jpg?fit=1170%2C780&ssl=1&resize=350%2C200","width":350,"height":200,"srcset":"https:\/\/i0.wp.com\/noticiasribeiraopreto.com.br\/wp-content\/uploads\/2026\/04\/Espaco-Divulgacao-Nasa-scaled.jpg?fit=1170%2C780&ssl=1&resize=350%2C200 1x, https:\/\/i0.wp.com\/noticiasribeiraopreto.com.br\/wp-content\/uploads\/2026\/04\/Espaco-Divulgacao-Nasa-scaled.jpg?fit=1170%2C780&ssl=1&resize=525%2C300 1.5x, https:\/\/i0.wp.com\/noticiasribeiraopreto.com.br\/wp-content\/uploads\/2026\/04\/Espaco-Divulgacao-Nasa-scaled.jpg?fit=1170%2C780&ssl=1&resize=700%2C400 2x, https:\/\/i0.wp.com\/noticiasribeiraopreto.com.br\/wp-content\/uploads\/2026\/04\/Espaco-Divulgacao-Nasa-scaled.jpg?fit=1170%2C780&ssl=1&resize=1050%2C600 3x"},"classes":[]},{"id":23011,"url":"https:\/\/noticiasribeiraopreto.com.br\/index.php\/2023\/12\/31\/o-alimento-favorito-da-nasa-que-ajuda-a-emagrecer-e-criar-musculos\/","url_meta":{"origin":7701,"position":1},"title":"O alimento favorito da NASA que ajuda a emagrecer e criar m\u00fasculos","author":"noticiasribeiraopreto.com.br","date":"31 de December de 2023","format":false,"excerpt":"Os astronautas da NASA\u00a0s\u00f3 podem incluir certos alimentos em suas dietas. A ag\u00eancia espacial controla tudo o que comem com especial aten\u00e7\u00e3o desde o in\u00edcio do treinamento e, claro, durante as miss\u00f5es de explora\u00e7\u00e3o. Cr\u00e9ditos: aaronalien\/depositPhotosAlimento \u00e9 liberado para tripulantes de miss\u00f5es espaciais da NASA Entre os alimentos que a\u2026","rel":"","context":"In &quot;Variedades&quot;","block_context":{"text":"Variedades","link":"https:\/\/noticiasribeiraopreto.com.br\/index.php\/category\/variedades\/"},"img":{"alt_text":"","src":"https:\/\/i0.wp.com\/noticiasribeiraopreto.com.br\/wp-content\/uploads\/2023\/12\/depositphotos-329529488-l.jpg?fit=1200%2C638&ssl=1&resize=350%2C200","width":350,"height":200,"srcset":"https:\/\/i0.wp.com\/noticiasribeiraopreto.com.br\/wp-content\/uploads\/2023\/12\/depositphotos-329529488-l.jpg?fit=1200%2C638&ssl=1&resize=350%2C200 1x, https:\/\/i0.wp.com\/noticiasribeiraopreto.com.br\/wp-content\/uploads\/2023\/12\/depositphotos-329529488-l.jpg?fit=1200%2C638&ssl=1&resize=525%2C300 1.5x, https:\/\/i0.wp.com\/noticiasribeiraopreto.com.br\/wp-content\/uploads\/2023\/12\/depositphotos-329529488-l.jpg?fit=1200%2C638&ssl=1&resize=700%2C400 2x, https:\/\/i0.wp.com\/noticiasribeiraopreto.com.br\/wp-content\/uploads\/2023\/12\/depositphotos-329529488-l.jpg?fit=1200%2C638&ssl=1&resize=1050%2C600 3x"},"classes":[]},{"id":61786,"url":"https:\/\/noticiasribeiraopreto.com.br\/index.php\/2024\/12\/22\/como-os-condominios-podem-ser-inclusivos-com-os-portadores-de-transtorno-do-espectro-autista\/","url_meta":{"origin":7701,"position":2},"title":"Como os condom\u00ednios podem ser inclusivos com os portadores de Transtorno do Espectro Autista?","author":"noticiasribeiraopreto.com.br","date":"22 de December de 2024","format":false,"excerpt":"A conviv\u00eancia em condom\u00ednios muitas vezes traz desafios relacionados ao equil\u00edbrio entre direitos e deveres dos moradores. Entre essas quest\u00f5es, destaca-se a necessidade de promover uma conviv\u00eancia inclusiva e respeitosa para pessoas com o Transtorno do Espectro Autista (TEA). Pessoas com autismo podem apresentar comportamentos que, \u00e0 primeira vista, s\u00e3o\u2026","rel":"","context":"In &quot;Not\u00edcias de Ribeir\u00e3o Preto-SP e Regi\u00e3o&quot;","block_context":{"text":"Not\u00edcias de Ribeir\u00e3o Preto-SP e Regi\u00e3o","link":"https:\/\/noticiasribeiraopreto.com.br\/index.php\/category\/noticias-de-ribeirao-preto-sp-e-regiao-ismael-colosi\/"},"img":{"alt_text":"","src":"https:\/\/i0.wp.com\/noticiasribeiraopreto.com.br\/wp-content\/uploads\/2024\/03\/AnyConv.com__WhatsApp-Image-2024-02-29-at-15.18.26.webp.webp?fit=640%2C405&ssl=1&resize=350%2C200","width":350,"height":200,"srcset":"https:\/\/i0.wp.com\/noticiasribeiraopreto.com.br\/wp-content\/uploads\/2024\/03\/AnyConv.com__WhatsApp-Image-2024-02-29-at-15.18.26.webp.webp?fit=640%2C405&ssl=1&resize=350%2C200 1x, https:\/\/i0.wp.com\/noticiasribeiraopreto.com.br\/wp-content\/uploads\/2024\/03\/AnyConv.com__WhatsApp-Image-2024-02-29-at-15.18.26.webp.webp?fit=640%2C405&ssl=1&resize=525%2C300 1.5x"},"classes":[]},{"id":32368,"url":"https:\/\/noticiasribeiraopreto.com.br\/index.php\/2024\/01\/25\/japao-na-seleta-lista-de-potencias-espaciais\/","url_meta":{"origin":7701,"position":3},"title":"Jap\u00e3o na \u2018seleta lista\u2019 de pot\u00eancias espaciais \u00a0","author":"noticiasribeiraopreto.com.br","date":"25 de January de 2024","format":false,"excerpt":"24 de janeiro de 2024 | 17:03 0A ag\u00eancia espacial japonesa, Jaxa, confirmou no s\u00e1bado, 20 de janeiro, que a sua sonda Slim \u2013 m\u00f3dulo de pouso inteligente para investigar a Lua, na sigla em ingl\u00eas \u2013 chegou com sucesso na plan\u00edcie lunar chamada Mar do N\u00e9ctar, logo ao sul\u2026","rel":"","context":"In &quot;Not\u00edcias de Ribeir\u00e3o Preto-SP e Regi\u00e3o&quot;","block_context":{"text":"Not\u00edcias de Ribeir\u00e3o Preto-SP e Regi\u00e3o","link":"https:\/\/noticiasribeiraopreto.com.br\/index.php\/category\/noticias-de-ribeirao-preto-sp-e-regiao-ismael-colosi\/"},"img":{"alt_text":"","src":"https:\/\/i0.wp.com\/noticiasribeiraopreto.com.br\/wp-content\/uploads\/2024\/01\/Espaco-Japao-Reuters-scaled.jpg?fit=1000%2C599&ssl=1&resize=350%2C200","width":350,"height":200,"srcset":"https:\/\/i0.wp.com\/noticiasribeiraopreto.com.br\/wp-content\/uploads\/2024\/01\/Espaco-Japao-Reuters-scaled.jpg?fit=1000%2C599&ssl=1&resize=350%2C200 1x, https:\/\/i0.wp.com\/noticiasribeiraopreto.com.br\/wp-content\/uploads\/2024\/01\/Espaco-Japao-Reuters-scaled.jpg?fit=1000%2C599&ssl=1&resize=525%2C300 1.5x, https:\/\/i0.wp.com\/noticiasribeiraopreto.com.br\/wp-content\/uploads\/2024\/01\/Espaco-Japao-Reuters-scaled.jpg?fit=1000%2C599&ssl=1&resize=700%2C400 2x"},"classes":[]},{"id":21246,"url":"https:\/\/noticiasribeiraopreto.com.br\/index.php\/2023\/12\/27\/ao-ponto-que-eu-cheguei\/","url_meta":{"origin":7701,"position":4},"title":"&#8221;Ao ponto que eu cheguei&#8221;","author":"noticiasribeiraopreto.com.br","date":"27 de December de 2023","format":false,"excerpt":"Idade \u00e9 um problema? Muitas pessoas sentem uma certa dificuldade em revelar idade quando perguntada. O fato em si n\u00e3o tem uma explica\u00e7\u00e3o l\u00f3gica que resuma a atitude de todos.\u00c9 comum que boa parte da popula\u00e7\u00e3o prefira \u201ddiminuir\u201d a idade em uma conversa formal, n\u00e3o usar n\u00fameros no topo do\u2026","rel":"","context":"In &quot;Blog&quot;","block_context":{"text":"Blog","link":"https:\/\/noticiasribeiraopreto.com.br\/index.php\/category\/blog\/"},"img":{"alt_text":"","src":"https:\/\/i0.wp.com\/noticiasribeiraopreto.com.br\/wp-content\/uploads\/2023\/12\/postimg-658c3e4bcdbd18398.jpg?fit=1200%2C628&ssl=1&resize=350%2C200","width":350,"height":200,"srcset":"https:\/\/i0.wp.com\/noticiasribeiraopreto.com.br\/wp-content\/uploads\/2023\/12\/postimg-658c3e4bcdbd18398.jpg?fit=1200%2C628&ssl=1&resize=350%2C200 1x, https:\/\/i0.wp.com\/noticiasribeiraopreto.com.br\/wp-content\/uploads\/2023\/12\/postimg-658c3e4bcdbd18398.jpg?fit=1200%2C628&ssl=1&resize=525%2C300 1.5x, https:\/\/i0.wp.com\/noticiasribeiraopreto.com.br\/wp-content\/uploads\/2023\/12\/postimg-658c3e4bcdbd18398.jpg?fit=1200%2C628&ssl=1&resize=700%2C400 2x, https:\/\/i0.wp.com\/noticiasribeiraopreto.com.br\/wp-content\/uploads\/2023\/12\/postimg-658c3e4bcdbd18398.jpg?fit=1200%2C628&ssl=1&resize=1050%2C600 3x"},"classes":[]},{"id":84672,"url":"https:\/\/noticiasribeiraopreto.com.br\/index.php\/2026\/04\/14\/missao-fez-sete-mil-fotos-da-lua\/","url_meta":{"origin":7701,"position":5},"title":"Miss\u00e3o fez sete mil fotos da Lua\u2028","author":"noticiasribeiraopreto.com.br","date":"14 de April de 2026","format":false,"excerpt":"\r \r \r 14 de abril de 2026 07:5914 de abril de 2026 00:03 \r Compartilhar0 Primeiros astronautas a viajarem \u00e0 Lua, em mais de meio s\u00e9culo, retornaram \u00e0 Terra ap\u00f3s uma miss\u00e3o hist\u00f3rica a bordo do voo de teste da espa\u00e7onave Orion A miss\u00e3o Artemis II, da Nasa, registrou\u2026","rel":"","context":"In &quot;Not\u00edcias de Ribeir\u00e3o Preto-SP e Regi\u00e3o&quot;","block_context":{"text":"Not\u00edcias de Ribeir\u00e3o Preto-SP e Regi\u00e3o","link":"https:\/\/noticiasribeiraopreto.com.br\/index.php\/category\/noticias-de-ribeirao-preto-sp-e-regiao-ismael-colosi\/"},"img":{"alt_text":"","src":"https:\/\/i0.wp.com\/noticiasribeiraopreto.com.br\/wp-content\/uploads\/2026\/04\/Espaco-Divulgacao-Nasa-1-scaled.jpg?fit=1170%2C780&ssl=1&resize=350%2C200","width":350,"height":200,"srcset":"https:\/\/i0.wp.com\/noticiasribeiraopreto.com.br\/wp-content\/uploads\/2026\/04\/Espaco-Divulgacao-Nasa-1-scaled.jpg?fit=1170%2C780&ssl=1&resize=350%2C200 1x, https:\/\/i0.wp.com\/noticiasribeiraopreto.com.br\/wp-content\/uploads\/2026\/04\/Espaco-Divulgacao-Nasa-1-scaled.jpg?fit=1170%2C780&ssl=1&resize=525%2C300 1.5x, https:\/\/i0.wp.com\/noticiasribeiraopreto.com.br\/wp-content\/uploads\/2026\/04\/Espaco-Divulgacao-Nasa-1-scaled.jpg?fit=1170%2C780&ssl=1&resize=700%2C400 2x, https:\/\/i0.wp.com\/noticiasribeiraopreto.com.br\/wp-content\/uploads\/2026\/04\/Espaco-Divulgacao-Nasa-1-scaled.jpg?fit=1170%2C780&ssl=1&resize=1050%2C600 3x"},"classes":[]}],"jetpack_sharing_enabled":true,"jetpack_shortlink":"https:\/\/wp.me\/peQAOb-20d","_links":{"self":[{"href":"https:\/\/noticiasribeiraopreto.com.br\/index.php\/wp-json\/wp\/v2\/posts\/7701","targetHints":{"allow":["GET"]}}],"collection":[{"href":"https:\/\/noticiasribeiraopreto.com.br\/index.php\/wp-json\/wp\/v2\/posts"}],"about":[{"href":"https:\/\/noticiasribeiraopreto.com.br\/index.php\/wp-json\/wp\/v2\/types\/post"}],"author":[{"embeddable":true,"href":"https:\/\/noticiasribeiraopreto.com.br\/index.php\/wp-json\/wp\/v2\/users\/1"}],"replies":[{"embeddable":true,"href":"https:\/\/noticiasribeiraopreto.com.br\/index.php\/wp-json\/wp\/v2\/comments?post=7701"}],"version-history":[{"count":0,"href":"https:\/\/noticiasribeiraopreto.com.br\/index.php\/wp-json\/wp\/v2\/posts\/7701\/revisions"}],"wp:featuredmedia":[{"embeddable":true,"href":"https:\/\/noticiasribeiraopreto.com.br\/index.php\/wp-json\/wp\/v2\/media\/7702"}],"wp:attachment":[{"href":"https:\/\/noticiasribeiraopreto.com.br\/index.php\/wp-json\/wp\/v2\/media?parent=7701"}],"wp:term":[{"taxonomy":"category","embeddable":true,"href":"https:\/\/noticiasribeiraopreto.com.br\/index.php\/wp-json\/wp\/v2\/categories?post=7701"},{"taxonomy":"post_tag","embeddable":true,"href":"https:\/\/noticiasribeiraopreto.com.br\/index.php\/wp-json\/wp\/v2\/tags?post=7701"}],"curies":[{"name":"wp","href":"https:\/\/api.w.org\/{rel}","templated":true}]}}