{"id":7725,"date":"2023-11-28T16:07:03","date_gmt":"2023-11-28T19:07:03","guid":{"rendered":"https:\/\/noticiasribeiraopreto.com.br\/index.php\/2023\/11\/28\/nogueira-veta-cancelamento-de-multas-aplicadas-em-ribeirao-na-pandemia\/"},"modified":"2023-11-28T16:07:03","modified_gmt":"2023-11-28T19:07:03","slug":"nogueira-veta-cancelamento-de-multas-aplicadas-em-ribeirao-na-pandemia","status":"publish","type":"post","link":"https:\/\/noticiasribeiraopreto.com.br\/index.php\/2023\/11\/28\/nogueira-veta-cancelamento-de-multas-aplicadas-em-ribeirao-na-pandemia\/","title":{"rendered":"Nogueira veta cancelamento de multas aplicadas em Ribeir\u00e3o na pandemia"},"content":{"rendered":"<div class='code-block code-block-1' style='margin: 8px 0 8px auto; text-align: right; display: block; clear: both;'>\n<p><a href=\"https:\/\/wa.link\/vpicfd\"><img data-recalc-dims=\"1\" class=\"wp-image-4922\" style=\"aspect-ratio: 2.0253164556962027; width: 561px; height: auto;\" src=\"https:\/\/i0.wp.com\/ismaelcolosi.com.br\/wp-content\/uploads\/2023\/11\/grupo-de-empregos-whatsapp-e-facebook-ismael-colosi-vagas.jpg?ssl=1\" alt=\"\" \/><\/a><\/p>\n<!-- \/wp:image -->\n<\/div>\n<p> <br \/>\n<\/p>\n<div>\n<p><strong>O prefeito de Ribeir\u00e3o Preto, Duarte Nogueira (PSDB), vetou o projeto de lei complementar 51\/2023, que cancelava as multas administrativas aplicadas pelo munic\u00edpio durante a pandemia da covid-19. A proposta foi aprovada pela <a href=\"https:\/\/www.camararibeiraopreto.sp.gov.br\/\" target=\"_blank\" rel=\"noreferrer noopener nofollow\">C\u00e2mara Municipal <\/a>no \u00faltimo dia 26 de outubro.<\/strong><\/p>\n<p>No veto encaminhado ao Legislativo, <mark style=\"background-color:#fcb900\" class=\"has-inline-color has-black-color\">a prefeitura argumenta que a proposta tem \u201cnot\u00f3ria ren\u00fancia de receita\u201d e que n\u00e3o conta com a estimativa do impacto or\u00e7ament\u00e1rio e financeiro<\/mark>, o que configuraria a inconstitucionalidade da proposta.<\/p>\n<p>\u201c[\u2026] visualizamos a ocorr\u00eancia de inconstitucionalidade formal objetiva no projeto de lei complementar em quest\u00e3o\u201d, aponta o Executivo.<\/p>\n<p>No documento, <mark style=\"background-color:#fcb900\" class=\"has-inline-color has-black-color\">a prefeitura ainda afirma que a proposta violava o princ\u00edpio da isonomia<\/mark>, j\u00e1 que o projeto veda a devolu\u00e7\u00e3o dos valores pagos por quem havia descumprido as regras impostas na pandemia, e quitado os d\u00e9bitos com o munic\u00edpio.<\/p>\n<p>\u201cPerceba que o projeto de lei complementar, ao passo que determina o cancelamento dos d\u00e9bitos impostos em raz\u00e3o dos descumprimentos oriundos das restri\u00e7\u00f5es da Covid-19, nega o benef\u00edcio ao devedor que j\u00e1 tenha o quitado no momento pr\u00f3prio, beneficiando indevidamente os demais devedores inadimplentes\u201d, justifica a prefeitura.<\/p>\n<p>\u201cOra, in\u00fameros outros devedores se encontram em situa\u00e7\u00e3o equivalente, mas optaram pelo pagamento das multas, e nem por isso foram beneficiados pelo cancelamento, sendo a benesse restrita a um dado grupo, de forma desigual\u201d, conclui.<\/p>\n<h4 class=\"wp-block-heading\"><strong>Tramita\u00e7\u00e3o<\/strong><\/h4>\n<p>Agora, o veto do prefeito Duarte Nogueira vai para discuss\u00e3o da C\u00e2mara Municipal, que pode acatar o veto ou promulgar o projeto de lei complementar por conta pr\u00f3pria. Caso isso ocorra, o caso pode ir para na Justi\u00e7a por meio de uma <strong>Adin (A\u00e7\u00e3o Direta de Inconstitucionalidade).<\/strong><\/p>\n<p>VEJA TAMB\u00c9M<br \/>Brasileira envolvida em esc\u00e2ndalo na Espanha \u00e9 procurada pela Justi\u00e7a de Ribeir\u00e3o<\/p>\n<h4 class=\"wp-block-heading\"><strong>FIQUE ON<\/strong><\/h4>\n<p>Fique ligado em tudo que acontece em Ribeir\u00e3o Preto e regi\u00e3o. Siga os perfis do <strong>acidade on <\/strong>no <a href=\"https:\/\/www.instagram.com\/acidadeonribeirao\" target=\"_blank\" rel=\"noreferrer noopener nofollow\">Instagram<\/a> e no <a href=\"https:\/\/www.facebook.com\/acidadeonribeirao\" target=\"_blank\" rel=\"noreferrer noopener nofollow\">Facebook<\/a>.<\/p>\n<p>Receba not\u00edcias do <strong>acidade on <\/strong>no WhatsApp. <a href=\"https:\/\/chat.whatsapp.com\/Bnv2w66ZT4VDyZW3oiZ69n\" target=\"_blank\" rel=\"noreferrer noopener nofollow\">Para entrar no grupo, basta clicar aqui.<\/a><\/p>\n<p>Fa\u00e7a uma den\u00fancia ou sugira uma reportagem sobre a Ribeir\u00e3o Preto e regi\u00e3o pelo WhatsApp: (16) 99117 7802.<\/p>\n<p>LEIA MAIS<br \/><a href=\"https:\/\/www.tudoep.com\/tudo-receitas\/NOT,0,0,1868304,panquequinha-caseira-saiba-como-fazer-a-receita-da-ana-maria-braga.aspx\" target=\"_blank\" rel=\"noreferrer noopener nofollow\">Panquequinha caseira: saiba como fazer a receita da Ana Maria Braga<\/a><\/p>\n<p><!-- AI CONTENT END 1 -->\n<\/div>\n<p><script async src=\"\/\/www.instagram.com\/embed.js\"><\/script><br \/>\n<br \/><br \/>\n<br \/><a href=\"https:\/\/www.acidadeon.com\/ribeiraopreto\/politica\/nogueira-veta-cancelamento-de-multas-aplicadas-em-ribeirao-na-pandemia\/\">Source link <\/a><\/p>\n<!-- CONTENT END 1 -->\n","protected":false},"excerpt":{"rendered":"<p>O prefeito de Ribeir\u00e3o Preto, Duarte Nogueira (PSDB), vetou o projeto de lei complementar 51\/2023, que cancelava as multas administrativas aplicadas pelo munic\u00edpio durante a&#8230;<\/p>\n","protected":false},"author":1,"featured_media":7726,"comment_status":"open","ping_status":"open","sticky":false,"template":"","format":"standard","meta":{"advanced_seo_description":"","jetpack_seo_html_title":"","jetpack_seo_noindex":false,"jetpack_post_was_ever_published":false,"_jetpack_newsletter_access":"","_jetpack_dont_email_post_to_subs":false,"_jetpack_newsletter_tier_id":0,"_jetpack_memberships_contains_paywalled_content":false,"_jetpack_memberships_contains_paid_content":false,"footnotes":"","jetpack_publicize_message":"","jetpack_publicize_feature_enabled":true,"jetpack_social_post_already_shared":true,"jetpack_social_options":{"image_generator_settings":{"template":"highway","default_image_id":0,"font":"","enabled":false},"version":2}},"categories":[11],"tags":[1015,1013,1014,1012,1016,26,751],"class_list":["post-7725","post","type-post","status-publish","format-standard","has-post-thumbnail","hentry","category-noticias-de-ribeirao-preto-sp-e-regiao-ismael-colosi","tag-aplicadas","tag-cancelamento","tag-multas","tag-nogueira","tag-pandemia","tag-ribeirao","tag-veta"],"jetpack_publicize_connections":[],"jetpack_featured_media_url":"https:\/\/i0.wp.com\/noticiasribeiraopreto.com.br\/wp-content\/uploads\/2023\/11\/duarte-nogueira.jpeg?fit=1280%2C853&ssl=1","jetpack-related-posts":[{"id":47751,"url":"https:\/\/noticiasribeiraopreto.com.br\/index.php\/2024\/04\/28\/nogueira-veta-criacao-de-loteria-em-ribeirao-preto-entenda\/","url_meta":{"origin":7725,"position":0},"title":"Nogueira veta cria\u00e7\u00e3o de loteria em Ribeir\u00e3o Preto; Entenda","author":"noticiasribeiraopreto.com.br","date":"28 de April de 2024","format":false,"excerpt":"O prefeito de Ribeir\u00e3o Preto, Duarte Nogueira (PSDB), vetou o projeto de lei aprovado pela C\u00e2mara Municipal que autorizava a cria\u00e7\u00e3o de um servi\u00e7o p\u00fablico de loteria municipal. A proposta havia sido aprovada pela C\u00e2mara Municipal no \u00faltimo dia 26 de mar\u00e7o. Na ocasi\u00e3o, o substitutivo do projeto de lei\u2026","rel":"","context":"In &quot;Not\u00edcias de Ribeir\u00e3o Preto-SP e Regi\u00e3o&quot;","block_context":{"text":"Not\u00edcias de Ribeir\u00e3o Preto-SP e Regi\u00e3o","link":"https:\/\/noticiasribeiraopreto.com.br\/index.php\/category\/noticias-de-ribeirao-preto-sp-e-regiao-ismael-colosi\/"},"img":{"alt_text":"","src":"https:\/\/i0.wp.com\/noticiasribeiraopreto.com.br\/wp-content\/uploads\/2024\/04\/AnyConv.com__WhatsApp-Image-2024-04-28-at-09.09.24.webp.webp?fit=1200%2C800&ssl=1&resize=350%2C200","width":350,"height":200,"srcset":"https:\/\/i0.wp.com\/noticiasribeiraopreto.com.br\/wp-content\/uploads\/2024\/04\/AnyConv.com__WhatsApp-Image-2024-04-28-at-09.09.24.webp.webp?fit=1200%2C800&ssl=1&resize=350%2C200 1x, https:\/\/i0.wp.com\/noticiasribeiraopreto.com.br\/wp-content\/uploads\/2024\/04\/AnyConv.com__WhatsApp-Image-2024-04-28-at-09.09.24.webp.webp?fit=1200%2C800&ssl=1&resize=525%2C300 1.5x, https:\/\/i0.wp.com\/noticiasribeiraopreto.com.br\/wp-content\/uploads\/2024\/04\/AnyConv.com__WhatsApp-Image-2024-04-28-at-09.09.24.webp.webp?fit=1200%2C800&ssl=1&resize=700%2C400 2x, https:\/\/i0.wp.com\/noticiasribeiraopreto.com.br\/wp-content\/uploads\/2024\/04\/AnyConv.com__WhatsApp-Image-2024-04-28-at-09.09.24.webp.webp?fit=1200%2C800&ssl=1&resize=1050%2C600 3x"},"classes":[]},{"id":967,"url":"https:\/\/noticiasribeiraopreto.com.br\/index.php\/2023\/11\/09\/tarcisio-cancela-multas-aplicadas-durante-a-pandemia-em-sao-paulo\/","url_meta":{"origin":7725,"position":1},"title":"Tarc\u00edsio cancela multas aplicadas durante a pandemia em S\u00e3o Paulo","author":"noticiasribeiraopreto.com.br","date":"9 de November de 2023","format":false,"excerpt":"O governador de S\u00e3o Paulo, Tarc\u00edsio de Freitas (REP), sancionou a lei que cancela as multas aplicadas durante a pandemia da covid-19. Com a promulga\u00e7\u00e3o da lei, publicada no Di\u00e1rio Oficial do Estado nesta quinta-feira (9), o ex-presidente Jair Bolsonaro (PL), aliado do governador, ser\u00e1 beneficiado. O projeto de lei\u2026","rel":"","context":"In &quot;Not\u00edcias de Ribeir\u00e3o Preto-SP e Regi\u00e3o&quot;","block_context":{"text":"Not\u00edcias de Ribeir\u00e3o Preto-SP e Regi\u00e3o","link":"https:\/\/noticiasribeiraopreto.com.br\/index.php\/category\/noticias-de-ribeirao-preto-sp-e-regiao-ismael-colosi\/"},"img":{"alt_text":"","src":"https:\/\/i0.wp.com\/noticiasribeiraopreto.com.br\/wp-content\/uploads\/2023\/11\/cxpia_de_tamanho_exato_para_fotos_no_sistema_novo_x6x.png?fit=1200%2C675&ssl=1&resize=350%2C200","width":350,"height":200,"srcset":"https:\/\/i0.wp.com\/noticiasribeiraopreto.com.br\/wp-content\/uploads\/2023\/11\/cxpia_de_tamanho_exato_para_fotos_no_sistema_novo_x6x.png?fit=1200%2C675&ssl=1&resize=350%2C200 1x, https:\/\/i0.wp.com\/noticiasribeiraopreto.com.br\/wp-content\/uploads\/2023\/11\/cxpia_de_tamanho_exato_para_fotos_no_sistema_novo_x6x.png?fit=1200%2C675&ssl=1&resize=525%2C300 1.5x, https:\/\/i0.wp.com\/noticiasribeiraopreto.com.br\/wp-content\/uploads\/2023\/11\/cxpia_de_tamanho_exato_para_fotos_no_sistema_novo_x6x.png?fit=1200%2C675&ssl=1&resize=700%2C400 2x, https:\/\/i0.wp.com\/noticiasribeiraopreto.com.br\/wp-content\/uploads\/2023\/11\/cxpia_de_tamanho_exato_para_fotos_no_sistema_novo_x6x.png?fit=1200%2C675&ssl=1&resize=1050%2C600 3x"},"classes":[]},{"id":80735,"url":"https:\/\/noticiasribeiraopreto.com.br\/index.php\/2025\/12\/12\/camara-veta-terreno-para-bancar-divida\/","url_meta":{"origin":7725,"position":2},"title":"C\u00e2mara veta terreno \u2028para bancar d\u00edvida","author":"noticiasribeiraopreto.com.br","date":"12 de December de 2025","format":false,"excerpt":"\r \r \r 12 de dezembro de 2025 09:47 \r Compartilhar0 \u00c1rea com 17,9 mil metros quadrados ao lado do Morro do S\u00e3o Bento seria dada por mun\u00edcipe como pagamento de d\u00edvidas tribut\u00e1rias e n\u00e3o tribut\u00e1rias de R$ 8,6 milh\u00f5es\u2028\u2028A C\u00e2mara de Vereadores barrou o pagamento de d\u00edvidas tribut\u00e1rias e\u2026","rel":"","context":"In &quot;Not\u00edcias de Ribeir\u00e3o Preto-SP e Regi\u00e3o&quot;","block_context":{"text":"Not\u00edcias de Ribeir\u00e3o Preto-SP e Regi\u00e3o","link":"https:\/\/noticiasribeiraopreto.com.br\/index.php\/category\/noticias-de-ribeirao-preto-sp-e-regiao-ismael-colosi\/"},"img":{"alt_text":"","src":"https:\/\/i0.wp.com\/noticiasribeiraopreto.com.br\/wp-content\/uploads\/2025\/12\/Terreno-Google-Maps-01-scaled.jpg?fit=1200%2C636&ssl=1&resize=350%2C200","width":350,"height":200,"srcset":"https:\/\/i0.wp.com\/noticiasribeiraopreto.com.br\/wp-content\/uploads\/2025\/12\/Terreno-Google-Maps-01-scaled.jpg?fit=1200%2C636&ssl=1&resize=350%2C200 1x, https:\/\/i0.wp.com\/noticiasribeiraopreto.com.br\/wp-content\/uploads\/2025\/12\/Terreno-Google-Maps-01-scaled.jpg?fit=1200%2C636&ssl=1&resize=525%2C300 1.5x, https:\/\/i0.wp.com\/noticiasribeiraopreto.com.br\/wp-content\/uploads\/2025\/12\/Terreno-Google-Maps-01-scaled.jpg?fit=1200%2C636&ssl=1&resize=700%2C400 2x, https:\/\/i0.wp.com\/noticiasribeiraopreto.com.br\/wp-content\/uploads\/2025\/12\/Terreno-Google-Maps-01-scaled.jpg?fit=1200%2C636&ssl=1&resize=1050%2C600 3x"},"classes":[]},{"id":3597,"url":"https:\/\/noticiasribeiraopreto.com.br\/index.php\/2023\/11\/19\/pegar-rabeira-em-ribeirao-preto-pode-gerar-multa-de-quase-r-700\/","url_meta":{"origin":7725,"position":3},"title":"Pegar rabeira em Ribeir\u00e3o Preto pode gerar multa de quase R$ 700","author":"noticiasribeiraopreto.com.br","date":"19 de November de 2023","format":false,"excerpt":"Deu entrada na C\u00e2mara Municipal de Ribeir\u00e3o Preto um projeto de lei que pro\u00edbe pegar rabeira em ve\u00edculos. A multa para quem desobedecer a norma, caso aprovada pelo Legislativo, poder\u00e1 chegar a R$ 685,20. Segundo autor do projeto, o vereador Paulo Modas (Uni\u00e3o), a proposta tem o objetivo de prevenir\u2026","rel":"","context":"In &quot;Not\u00edcias de Ribeir\u00e3o Preto-SP e Regi\u00e3o&quot;","block_context":{"text":"Not\u00edcias de Ribeir\u00e3o Preto-SP e Regi\u00e3o","link":"https:\/\/noticiasribeiraopreto.com.br\/index.php\/category\/noticias-de-ribeirao-preto-sp-e-regiao-ismael-colosi\/"},"img":{"alt_text":"","src":"https:\/\/i0.wp.com\/noticiasribeiraopreto.com.br\/wp-content\/uploads\/2023\/11\/1700397846_Rabeira.png?fit=1200%2C623&ssl=1&resize=350%2C200","width":350,"height":200,"srcset":"https:\/\/i0.wp.com\/noticiasribeiraopreto.com.br\/wp-content\/uploads\/2023\/11\/1700397846_Rabeira.png?fit=1200%2C623&ssl=1&resize=350%2C200 1x, https:\/\/i0.wp.com\/noticiasribeiraopreto.com.br\/wp-content\/uploads\/2023\/11\/1700397846_Rabeira.png?fit=1200%2C623&ssl=1&resize=525%2C300 1.5x, https:\/\/i0.wp.com\/noticiasribeiraopreto.com.br\/wp-content\/uploads\/2023\/11\/1700397846_Rabeira.png?fit=1200%2C623&ssl=1&resize=700%2C400 2x, https:\/\/i0.wp.com\/noticiasribeiraopreto.com.br\/wp-content\/uploads\/2023\/11\/1700397846_Rabeira.png?fit=1200%2C623&ssl=1&resize=1050%2C600 3x"},"classes":[]},{"id":37619,"url":"https:\/\/noticiasribeiraopreto.com.br\/index.php\/2024\/02\/17\/camara-acata-veto-a-projeto-cultural\/","url_meta":{"origin":7725,"position":4},"title":"C\u00e2mara acata veto a projeto cultural\u00a0","author":"noticiasribeiraopreto.com.br","date":"17 de February de 2024","format":false,"excerpt":"17 de fevereiro de 2024 | 10:0016 de fevereiro de 2024 | 18:29 0Os vereadores de Ribeir\u00e3o Preto acataram o veto do prefeito Duarte Nogueira (PSDB) ao projeto de lei de Duda Hidalgo (PT) que institu\u00eda a pol\u00edtica de incentivo ao artista ribeir\u00e3o-pretano. A proposta estabelecia que em todos eventos\u2026","rel":"","context":"In &quot;Not\u00edcias de Ribeir\u00e3o Preto-SP e Regi\u00e3o&quot;","block_context":{"text":"Not\u00edcias de Ribeir\u00e3o Preto-SP e Regi\u00e3o","link":"https:\/\/noticiasribeiraopreto.com.br\/index.php\/category\/noticias-de-ribeirao-preto-sp-e-regiao-ismael-colosi\/"},"img":{"alt_text":"","src":"https:\/\/i0.wp.com\/noticiasribeiraopreto.com.br\/wp-content\/uploads\/2024\/02\/Artista-Max-Gallao-Mesquita-02-scaled.jpg?fit=970%2C645&ssl=1&resize=350%2C200","width":350,"height":200,"srcset":"https:\/\/i0.wp.com\/noticiasribeiraopreto.com.br\/wp-content\/uploads\/2024\/02\/Artista-Max-Gallao-Mesquita-02-scaled.jpg?fit=970%2C645&ssl=1&resize=350%2C200 1x, https:\/\/i0.wp.com\/noticiasribeiraopreto.com.br\/wp-content\/uploads\/2024\/02\/Artista-Max-Gallao-Mesquita-02-scaled.jpg?fit=970%2C645&ssl=1&resize=525%2C300 1.5x, https:\/\/i0.wp.com\/noticiasribeiraopreto.com.br\/wp-content\/uploads\/2024\/02\/Artista-Max-Gallao-Mesquita-02-scaled.jpg?fit=970%2C645&ssl=1&resize=700%2C400 2x"},"classes":[]},{"id":77628,"url":"https:\/\/noticiasribeiraopreto.com.br\/index.php\/2025\/09\/23\/desconto-no-iptu-e-promulgado-em-rp\/","url_meta":{"origin":7725,"position":5},"title":"Desconto no IPTU \u00e9 \u2028promulgado em RP","author":"noticiasribeiraopreto.com.br","date":"23 de September de 2025","format":false,"excerpt":"23 de setembro de 2025 08:162 Compartilhar0 O prefeito de Ribeir\u00e3o Preto, Ricardo Silva (PSD) alegou inconstitucionalidade e vetou o projeto de lei aprovado na C\u00e2mara de Vereadores que concede desconto de 5% sobre o valor do Imposto Predial e Territorial Urbano (IPTU) de propriet\u00e1rios de im\u00f3veis residenciais com ponto\u2026","rel":"","context":"In &quot;Not\u00edcias de Ribeir\u00e3o Preto-SP e Regi\u00e3o&quot;","block_context":{"text":"Not\u00edcias de Ribeir\u00e3o Preto-SP e Regi\u00e3o","link":"https:\/\/noticiasribeiraopreto.com.br\/index.php\/category\/noticias-de-ribeirao-preto-sp-e-regiao-ismael-colosi\/"},"img":{"alt_text":"","src":"https:\/\/i0.wp.com\/noticiasribeiraopreto.com.br\/wp-content\/uploads\/2025\/09\/IsencaoIPTU-Alfredo-Risk-scaled.jpg?fit=800%2C442&ssl=1&resize=350%2C200","width":350,"height":200,"srcset":"https:\/\/i0.wp.com\/noticiasribeiraopreto.com.br\/wp-content\/uploads\/2025\/09\/IsencaoIPTU-Alfredo-Risk-scaled.jpg?fit=800%2C442&ssl=1&resize=350%2C200 1x, https:\/\/i0.wp.com\/noticiasribeiraopreto.com.br\/wp-content\/uploads\/2025\/09\/IsencaoIPTU-Alfredo-Risk-scaled.jpg?fit=800%2C442&ssl=1&resize=525%2C300 1.5x, https:\/\/i0.wp.com\/noticiasribeiraopreto.com.br\/wp-content\/uploads\/2025\/09\/IsencaoIPTU-Alfredo-Risk-scaled.jpg?fit=800%2C442&ssl=1&resize=700%2C400 2x"},"classes":[]}],"jetpack_sharing_enabled":true,"jetpack_shortlink":"https:\/\/wp.me\/peQAOb-20B","_links":{"self":[{"href":"https:\/\/noticiasribeiraopreto.com.br\/index.php\/wp-json\/wp\/v2\/posts\/7725","targetHints":{"allow":["GET"]}}],"collection":[{"href":"https:\/\/noticiasribeiraopreto.com.br\/index.php\/wp-json\/wp\/v2\/posts"}],"about":[{"href":"https:\/\/noticiasribeiraopreto.com.br\/index.php\/wp-json\/wp\/v2\/types\/post"}],"author":[{"embeddable":true,"href":"https:\/\/noticiasribeiraopreto.com.br\/index.php\/wp-json\/wp\/v2\/users\/1"}],"replies":[{"embeddable":true,"href":"https:\/\/noticiasribeiraopreto.com.br\/index.php\/wp-json\/wp\/v2\/comments?post=7725"}],"version-history":[{"count":0,"href":"https:\/\/noticiasribeiraopreto.com.br\/index.php\/wp-json\/wp\/v2\/posts\/7725\/revisions"}],"wp:featuredmedia":[{"embeddable":true,"href":"https:\/\/noticiasribeiraopreto.com.br\/index.php\/wp-json\/wp\/v2\/media\/7726"}],"wp:attachment":[{"href":"https:\/\/noticiasribeiraopreto.com.br\/index.php\/wp-json\/wp\/v2\/media?parent=7725"}],"wp:term":[{"taxonomy":"category","embeddable":true,"href":"https:\/\/noticiasribeiraopreto.com.br\/index.php\/wp-json\/wp\/v2\/categories?post=7725"},{"taxonomy":"post_tag","embeddable":true,"href":"https:\/\/noticiasribeiraopreto.com.br\/index.php\/wp-json\/wp\/v2\/tags?post=7725"}],"curies":[{"name":"wp","href":"https:\/\/api.w.org\/{rel}","templated":true}]}}