{"id":7743,"date":"2023-11-28T18:38:59","date_gmt":"2023-11-28T21:38:59","guid":{"rendered":"https:\/\/noticiasribeiraopreto.com.br\/index.php\/2023\/11\/28\/fabiano-menotti-comemora-aniversario-de-casamento-e-se-declara-a-espoa\/"},"modified":"2023-11-28T18:38:59","modified_gmt":"2023-11-28T21:38:59","slug":"fabiano-menotti-comemora-aniversario-de-casamento-e-se-declara-a-espoa","status":"publish","type":"post","link":"https:\/\/noticiasribeiraopreto.com.br\/index.php\/2023\/11\/28\/fabiano-menotti-comemora-aniversario-de-casamento-e-se-declara-a-espoa\/","title":{"rendered":"Fabiano Menotti comemora anivers\u00e1rio de casamento e se declara \u00e0 espoa"},"content":{"rendered":"<div class='code-block code-block-1' style='margin: 8px 0 8px auto; text-align: right; display: block; clear: both;'>\n<p><a href=\"https:\/\/wa.link\/vpicfd\"><img data-recalc-dims=\"1\" class=\"wp-image-4922\" style=\"aspect-ratio: 2.0253164556962027; width: 561px; height: auto;\" src=\"https:\/\/i0.wp.com\/ismaelcolosi.com.br\/wp-content\/uploads\/2023\/11\/grupo-de-empregos-whatsapp-e-facebook-ismael-colosi-vagas.jpg?ssl=1\" alt=\"\" \/><\/a><\/p>\n<!-- \/wp:image -->\n<\/div>\n<p> <br \/>\n<\/p>\n<div itemprop=\"text\">\n<p>Dono de uma das carreiras mais admiradas e respeitadas do sertanejo nacional, o cantor Fabiano Menotti chamou a aten\u00e7\u00e3o de seus seguidores na \u00faltima segunda-feira (27\/11).<\/p>\n<p>O cantor esbanjou romantismo ao se declarar para a esposa, com quem completou 14 anos de uni\u00e3o. Em seu texto, Fabiano destacou a parceria que tem em seu relacionamento.<\/p>\n<p>\u201c<b>Que Deus nos permita viver o resto da nossa vida juntos, em nome de Jesus! Muito obrigado por tudo que vc faz por mim e pela nossa fam\u00edlia! Juju, o Baby que vem chegando e eu, amamos muito voc\u00ea!!! Que Deus te aben\u00e7oe sempre!<\/b>\u201c, escreveu o cantor.<\/p>\n<p>Fabiano e Gaby est\u00e3o juntos h\u00e1 18 anos, casados h\u00e1 14 e j\u00e1 s\u00e3o pais de uma menina, Juju Menotti. Aos 9 anos de idade, inclusive, a menina j\u00e1 demostrou ter talento para seguir a carreira do pai.<\/p>\n<p>Em seu perfil nas redes sociais, Gaby tamb\u00e9m deixou uma mensagem carinhosa para celebrar a data. A psic\u00f3loga tamb\u00e9m se declarou ao cantor, que chamou de \u201cmelhor escolha\u201d.<\/p>\n<blockquote class=\"instagram-media\" style=\"background: #FFF; border: 0; border-radius: 3px; box-shadow: 0 0 1px 0 rgba(0,0,0,0.5),0 1px 10px 0 rgba(0,0,0,0.15); margin: 1px; max-width: 540px; min-width: 326px; padding: 0; width: calc(100% - 2px);\" data-instgrm-permalink=\"https:\/\/www.instagram.com\/reel\/C0K1tKkrk7Y\/?utm_source=ig_embed&amp;utm_campaign=loading\" data-instgrm-version=\"14\">\n<p>\u00a0<\/p>\n<p>Ver essa foto no Instagram<\/p>\n<p>\u00a0<\/p>\n<p style=\"color: #c9c8cd; font-family: Arial,sans-serif; font-size: 14px; line-height: 17px; margin-bottom: 0; margin-top: 8px; overflow: hidden; padding: 8px 0 7px; text-align: center; text-overflow: ellipsis; white-space: nowrap;\"><a style=\"color: #c9c8cd; font-family: Arial,sans-serif; font-size: 14px; font-style: normal; font-weight: normal; line-height: 17px; text-decoration: none;\" href=\"https:\/\/www.instagram.com\/reel\/C0K1tKkrk7Y\/?utm_source=ig_embed&amp;utm_campaign=loading\" target=\"_blank\" rel=\"noopener\">Uma publica\u00e7\u00e3o compartilhada por Gabriela Menotti (@gabymenotti)<\/a><\/p>\n<\/blockquote>\n<p>Com o apoio de Gaby, Fabiano chamou a aten\u00e7\u00e3o ao longo dos \u00faltimos meses ao mostrar o resultado de uma nova rotina de h\u00e1bitos saud\u00e1veis. O cantor passou por um processo de reeduca\u00e7\u00e3o alimentar, e vem mostrando os resultados.<\/p>\n<p>Em seu instagram, Gaby falou sobre o processo e esclareceu que sempre incentivou o marido, mas nunca tentou for\u00e7ar nada, acreditando que essa mudan\u00e7a viria na hora em que o parceiro estivesse pronto.<\/p>\n<\/div>\n<p><script async src=\"\/\/www.instagram.com\/embed.js\"><\/script><br \/>\n<br \/><br \/>\n<br \/><a href=\"https:\/\/fnmais.com\/fabiano-menotti-comemora-aniversario-casamento-se-declara-espoa\/\">Source link <\/a><\/p>\n<!-- CONTENT END 1 -->\n","protected":false},"excerpt":{"rendered":"<p>Dono de uma das carreiras mais admiradas e respeitadas do sertanejo nacional, o cantor Fabiano Menotti chamou a aten\u00e7\u00e3o de seus seguidores na \u00faltima segunda-feira&#8230;<\/p>\n","protected":false},"author":1,"featured_media":7744,"comment_status":"open","ping_status":"open","sticky":false,"template":"","format":"standard","meta":{"advanced_seo_description":"","jetpack_seo_html_title":"","jetpack_seo_noindex":false,"jetpack_post_was_ever_published":false,"_jetpack_newsletter_access":"","_jetpack_dont_email_post_to_subs":false,"_jetpack_newsletter_tier_id":0,"_jetpack_memberships_contains_paywalled_content":false,"_jetpack_memberships_contains_paid_content":false,"footnotes":"","jetpack_publicize_message":"","jetpack_publicize_feature_enabled":true,"jetpack_social_post_already_shared":true,"jetpack_social_options":{"image_generator_settings":{"template":"highway","default_image_id":0,"font":"","enabled":false},"version":2}},"categories":[1],"tags":[],"class_list":["post-7743","post","type-post","status-publish","format-standard","has-post-thumbnail","hentry","category-blog"],"jetpack_publicize_connections":[],"jetpack_featured_media_url":"https:\/\/i0.wp.com\/noticiasribeiraopreto.com.br\/wp-content\/uploads\/2023\/11\/postimg-65665c0b240765536.jpg?fit=1200%2C628&ssl=1","jetpack-related-posts":[{"id":50257,"url":"https:\/\/noticiasribeiraopreto.com.br\/index.php\/2024\/05\/15\/cesar-menotti-fabiano-fazem-show-extra-com-convidados-na-festa-do-peao-de-barretos\/","url_meta":{"origin":7743,"position":0},"title":"C\u00e9sar Menotti &#038; Fabiano fazem show extra com convidados na Festa do Pe\u00e3o de Barretos","author":"noticiasribeiraopreto.com.br","date":"15 de May de 2024","format":false,"excerpt":"A dupla sertaneja C\u00e9sar Menotti & Fabiano far\u00e1 um show extra durante a 69\u00aa Festa do Pe\u00e3o de Barretos. A apresenta\u00e7\u00e3o especial com convidados , em comemora\u00e7\u00e3o aos 20 anos de carreira, ser\u00e1 no dia 21 de agosto. O show dos embaixadores, j\u00e1 anunciado anteriormente, ser\u00e1 no dia 17. Mesmo\u2026","rel":"","context":"In &quot;Not\u00edcias de Ribeir\u00e3o Preto-SP e Regi\u00e3o&quot;","block_context":{"text":"Not\u00edcias de Ribeir\u00e3o Preto-SP e Regi\u00e3o","link":"https:\/\/noticiasribeiraopreto.com.br\/index.php\/category\/noticias-de-ribeirao-preto-sp-e-regiao-ismael-colosi\/"},"img":{"alt_text":"","src":"https:\/\/i0.wp.com\/noticiasribeiraopreto.com.br\/wp-content\/uploads\/2024\/05\/WhatsApp-Image-2024-05-15-at-12.16.04-1_2024-05-15_16-01-49_jpeg_2024-05-15_16-01-49.webp.webp?fit=1200%2C800&ssl=1&resize=350%2C200","width":350,"height":200,"srcset":"https:\/\/i0.wp.com\/noticiasribeiraopreto.com.br\/wp-content\/uploads\/2024\/05\/WhatsApp-Image-2024-05-15-at-12.16.04-1_2024-05-15_16-01-49_jpeg_2024-05-15_16-01-49.webp.webp?fit=1200%2C800&ssl=1&resize=350%2C200 1x, https:\/\/i0.wp.com\/noticiasribeiraopreto.com.br\/wp-content\/uploads\/2024\/05\/WhatsApp-Image-2024-05-15-at-12.16.04-1_2024-05-15_16-01-49_jpeg_2024-05-15_16-01-49.webp.webp?fit=1200%2C800&ssl=1&resize=525%2C300 1.5x, https:\/\/i0.wp.com\/noticiasribeiraopreto.com.br\/wp-content\/uploads\/2024\/05\/WhatsApp-Image-2024-05-15-at-12.16.04-1_2024-05-15_16-01-49_jpeg_2024-05-15_16-01-49.webp.webp?fit=1200%2C800&ssl=1&resize=700%2C400 2x, https:\/\/i0.wp.com\/noticiasribeiraopreto.com.br\/wp-content\/uploads\/2024\/05\/WhatsApp-Image-2024-05-15-at-12.16.04-1_2024-05-15_16-01-49_jpeg_2024-05-15_16-01-49.webp.webp?fit=1200%2C800&ssl=1&resize=1050%2C600 3x"},"classes":[]},{"id":55607,"url":"https:\/\/noticiasribeiraopreto.com.br\/index.php\/2024\/08\/03\/apos-show-em-ribeirao-cesar-menotti-da-dupla-com-fabiano-sofre-acidente-com-onibus\/","url_meta":{"origin":7743,"position":1},"title":"Ap\u00f3s show em Ribeir\u00e3o, C\u00e9sar Menotti, da dupla com Fabiano, sofre acidente com \u00f4nibus","author":"noticiasribeiraopreto.com.br","date":"3 de August de 2024","format":false,"excerpt":"C\u00e9sar Menotti, da dupla com Fabiano, estava no \u00f4nibus da equipe que se envoveu em um acidente neste s\u00e1bado (3), em Minas Gerais. A dupla havia se apresentado na noite desta sexta-feira (2), em um show surpresa realizado em um shopping na zona Sul de Ribeir\u00e3o Preto, para divulgar a\u2026","rel":"","context":"In &quot;Not\u00edcias de Ribeir\u00e3o Preto-SP e Regi\u00e3o&quot;","block_context":{"text":"Not\u00edcias de Ribeir\u00e3o Preto-SP e Regi\u00e3o","link":"https:\/\/noticiasribeiraopreto.com.br\/index.php\/category\/noticias-de-ribeirao-preto-sp-e-regiao-ismael-colosi\/"},"img":{"alt_text":"","src":"https:\/\/i0.wp.com\/noticiasribeiraopreto.com.br\/wp-content\/uploads\/2024\/08\/ONIBUS_2024-08-03_21-09-33_jpg_2024-08-03_21-09-34.webp.webp?fit=1200%2C748&ssl=1&resize=350%2C200","width":350,"height":200,"srcset":"https:\/\/i0.wp.com\/noticiasribeiraopreto.com.br\/wp-content\/uploads\/2024\/08\/ONIBUS_2024-08-03_21-09-33_jpg_2024-08-03_21-09-34.webp.webp?fit=1200%2C748&ssl=1&resize=350%2C200 1x, https:\/\/i0.wp.com\/noticiasribeiraopreto.com.br\/wp-content\/uploads\/2024\/08\/ONIBUS_2024-08-03_21-09-33_jpg_2024-08-03_21-09-34.webp.webp?fit=1200%2C748&ssl=1&resize=525%2C300 1.5x, https:\/\/i0.wp.com\/noticiasribeiraopreto.com.br\/wp-content\/uploads\/2024\/08\/ONIBUS_2024-08-03_21-09-33_jpg_2024-08-03_21-09-34.webp.webp?fit=1200%2C748&ssl=1&resize=700%2C400 2x, https:\/\/i0.wp.com\/noticiasribeiraopreto.com.br\/wp-content\/uploads\/2024\/08\/ONIBUS_2024-08-03_21-09-33_jpg_2024-08-03_21-09-34.webp.webp?fit=1200%2C748&ssl=1&resize=1050%2C600 3x"},"classes":[]},{"id":63134,"url":"https:\/\/noticiasribeiraopreto.com.br\/index.php\/2025\/02\/03\/os-menotti-seu-jorge-e-alexandre-pires-se-apresentam-em-ribeirao-preto\/","url_meta":{"origin":7743,"position":2},"title":"Os Menotti, Seu Jorge e Alexandre Pires se apresentam em Ribeir\u00e3o\u00a0Preto","author":"noticiasribeiraopreto.com.br","date":"3 de February de 2025","format":false,"excerpt":"Na noite desta segunda-feira (3), o Multiplan Hall Ribeir\u00e3o Preto divulgou a programa\u00e7\u00e3o de shows de 2025. J\u00e1 est\u00e3o confirmados nomes como Os Menotti, Seu Jorge, Alexandre Pires, Lulu Santos, entre outros. Ao todo, foram confirmados 39 shows para este ano, no local. Importante lembrar que o show do rei\u2026","rel":"","context":"In &quot;Not\u00edcias de Ribeir\u00e3o Preto-SP e Regi\u00e3o&quot;","block_context":{"text":"Not\u00edcias de Ribeir\u00e3o Preto-SP e Regi\u00e3o","link":"https:\/\/noticiasribeiraopreto.com.br\/index.php\/category\/noticias-de-ribeirao-preto-sp-e-regiao-ismael-colosi\/"},"img":{"alt_text":"","src":"https:\/\/i0.wp.com\/noticiasribeiraopreto.com.br\/wp-content\/uploads\/2025\/02\/Copia-de-Copia-de-Copia-de-TAMANHO-EXATO-PARA-FOTOS-NO-SISTEMA-NOVO-2025-02-03T212403.251_2025-02-04_00-24-09_png_2025-02-04_00-24-09.webp.webp?fit=1200%2C675&ssl=1&resize=350%2C200","width":350,"height":200,"srcset":"https:\/\/i0.wp.com\/noticiasribeiraopreto.com.br\/wp-content\/uploads\/2025\/02\/Copia-de-Copia-de-Copia-de-TAMANHO-EXATO-PARA-FOTOS-NO-SISTEMA-NOVO-2025-02-03T212403.251_2025-02-04_00-24-09_png_2025-02-04_00-24-09.webp.webp?fit=1200%2C675&ssl=1&resize=350%2C200 1x, https:\/\/i0.wp.com\/noticiasribeiraopreto.com.br\/wp-content\/uploads\/2025\/02\/Copia-de-Copia-de-Copia-de-TAMANHO-EXATO-PARA-FOTOS-NO-SISTEMA-NOVO-2025-02-03T212403.251_2025-02-04_00-24-09_png_2025-02-04_00-24-09.webp.webp?fit=1200%2C675&ssl=1&resize=525%2C300 1.5x, https:\/\/i0.wp.com\/noticiasribeiraopreto.com.br\/wp-content\/uploads\/2025\/02\/Copia-de-Copia-de-Copia-de-TAMANHO-EXATO-PARA-FOTOS-NO-SISTEMA-NOVO-2025-02-03T212403.251_2025-02-04_00-24-09_png_2025-02-04_00-24-09.webp.webp?fit=1200%2C675&ssl=1&resize=700%2C400 2x, https:\/\/i0.wp.com\/noticiasribeiraopreto.com.br\/wp-content\/uploads\/2025\/02\/Copia-de-Copia-de-Copia-de-TAMANHO-EXATO-PARA-FOTOS-NO-SISTEMA-NOVO-2025-02-03T212403.251_2025-02-04_00-24-09_png_2025-02-04_00-24-09.webp.webp?fit=1200%2C675&ssl=1&resize=1050%2C600 3x"},"classes":[]},{"id":55581,"url":"https:\/\/noticiasribeiraopreto.com.br\/index.php\/2024\/08\/03\/cesar-menotti-e-fabiano-fazem-show-surpresa-no-ribeirao-shopping-entenda\/","url_meta":{"origin":7743,"position":3},"title":"C\u00e9sar Menotti e Fabiano fazem show surpresa no Ribeir\u00e3o Shopping; Entenda","author":"noticiasribeiraopreto.com.br","date":"3 de August de 2024","format":false,"excerpt":"A dupla C\u00e9sar Menotti e Fabiano realizou um pocket show surpresa nesta sexta-feira (2), no Ribeir\u00e3o Shopping, na zona Sul de Ribeir\u00e3o Preto. Assista ao v\u00eddeo abaixo. Ribeir\u00e3o recebeu os cantores devido a uma a\u00e7\u00e3o da campanha de divulga\u00e7\u00e3o da Festa do Pe\u00e3o de Barretos, que acontece entre os dias\u2026","rel":"","context":"In &quot;Not\u00edcias de Ribeir\u00e3o Preto-SP e Regi\u00e3o&quot;","block_context":{"text":"Not\u00edcias de Ribeir\u00e3o Preto-SP e Regi\u00e3o","link":"https:\/\/noticiasribeiraopreto.com.br\/index.php\/category\/noticias-de-ribeirao-preto-sp-e-regiao-ismael-colosi\/"},"img":{"alt_text":"","src":"https:\/\/i0.wp.com\/noticiasribeiraopreto.com.br\/wp-content\/uploads\/2024\/08\/cesar-e-fabiano-ribeiraoshopping_2024-08-03_14-05-15_jpg_2024-08-03_14-05-15.webp.webp?fit=1200%2C675&ssl=1&resize=350%2C200","width":350,"height":200,"srcset":"https:\/\/i0.wp.com\/noticiasribeiraopreto.com.br\/wp-content\/uploads\/2024\/08\/cesar-e-fabiano-ribeiraoshopping_2024-08-03_14-05-15_jpg_2024-08-03_14-05-15.webp.webp?fit=1200%2C675&ssl=1&resize=350%2C200 1x, https:\/\/i0.wp.com\/noticiasribeiraopreto.com.br\/wp-content\/uploads\/2024\/08\/cesar-e-fabiano-ribeiraoshopping_2024-08-03_14-05-15_jpg_2024-08-03_14-05-15.webp.webp?fit=1200%2C675&ssl=1&resize=525%2C300 1.5x, https:\/\/i0.wp.com\/noticiasribeiraopreto.com.br\/wp-content\/uploads\/2024\/08\/cesar-e-fabiano-ribeiraoshopping_2024-08-03_14-05-15_jpg_2024-08-03_14-05-15.webp.webp?fit=1200%2C675&ssl=1&resize=700%2C400 2x, https:\/\/i0.wp.com\/noticiasribeiraopreto.com.br\/wp-content\/uploads\/2024\/08\/cesar-e-fabiano-ribeiraoshopping_2024-08-03_14-05-15_jpg_2024-08-03_14-05-15.webp.webp?fit=1200%2C675&ssl=1&resize=1050%2C600 3x"},"classes":[]},{"id":69638,"url":"https:\/\/noticiasribeiraopreto.com.br\/index.php\/2025\/05\/07\/festa-do-peao-de-barretos-celebra-70-anos-com-musica-tema-lancada-por-grandes-nomes-do-sertanejo\/","url_meta":{"origin":7743,"position":4},"title":"Festa do Pe\u00e3o de Barretos celebra 70 anos com m\u00fasica-tema lan\u00e7ada por grandes nomes do sertanejo","author":"noticiasribeiraopreto.com.br","date":"7 de May de 2025","format":false,"excerpt":"A Festa do Pe\u00e3o de Barretos, o maior e mais tradicional evento do g\u00eanero na Am\u00e9rica Latina, completa 70 anos em 2025. E como parte da comemora\u00e7\u00e3o, nesta quinta-feira (8), o p\u00fablico poder\u00e1 conferir o lan\u00e7amento da m\u00fasica-tema \u201cBarret\u00e3o 70t\u00e3o\u201d em todas as plataformas digitais. A can\u00e7\u00e3o \u00e9 interpretada pelas\u2026","rel":"","context":"In &quot;Not\u00edcias de Ribeir\u00e3o Preto-SP e Regi\u00e3o&quot;","block_context":{"text":"Not\u00edcias de Ribeir\u00e3o Preto-SP e Regi\u00e3o","link":"https:\/\/noticiasribeiraopreto.com.br\/index.php\/category\/noticias-de-ribeirao-preto-sp-e-regiao-ismael-colosi\/"},"img":{"alt_text":"","src":"https:\/\/i0.wp.com\/noticiasribeiraopreto.com.br\/wp-content\/uploads\/2025\/05\/WhatsApp-Image-2025-05-07-at-16.01.40_2025-05-07_21-20-44.webp.webp?fit=1200%2C800&ssl=1&resize=350%2C200","width":350,"height":200,"srcset":"https:\/\/i0.wp.com\/noticiasribeiraopreto.com.br\/wp-content\/uploads\/2025\/05\/WhatsApp-Image-2025-05-07-at-16.01.40_2025-05-07_21-20-44.webp.webp?fit=1200%2C800&ssl=1&resize=350%2C200 1x, https:\/\/i0.wp.com\/noticiasribeiraopreto.com.br\/wp-content\/uploads\/2025\/05\/WhatsApp-Image-2025-05-07-at-16.01.40_2025-05-07_21-20-44.webp.webp?fit=1200%2C800&ssl=1&resize=525%2C300 1.5x, https:\/\/i0.wp.com\/noticiasribeiraopreto.com.br\/wp-content\/uploads\/2025\/05\/WhatsApp-Image-2025-05-07-at-16.01.40_2025-05-07_21-20-44.webp.webp?fit=1200%2C800&ssl=1&resize=700%2C400 2x, https:\/\/i0.wp.com\/noticiasribeiraopreto.com.br\/wp-content\/uploads\/2025\/05\/WhatsApp-Image-2025-05-07-at-16.01.40_2025-05-07_21-20-44.webp.webp?fit=1200%2C800&ssl=1&resize=1050%2C600 3x"},"classes":[]},{"id":18465,"url":"https:\/\/noticiasribeiraopreto.com.br\/index.php\/2023\/12\/20\/famoso-cantor-de-ex-mai-love-que-fez-parcerias-com-gaby-amarantos-e-fafa-de-belem-tem-falecimento-confirmado\/","url_meta":{"origin":7743,"position":5},"title":"Famoso cantor de &#8216;Ex Mai Love&#8217;, que fez parcerias com Gaby Amarantos e Faf\u00e1 de Bel\u00e9m, tem falecimento confirmado","author":"noticiasribeiraopreto.com.br","date":"20 de December de 2023","format":false,"excerpt":"Nesta ter\u00e7a-feira, dia 19 de dezembro, na regi\u00e3o de Bel\u00e9m, no Par\u00e1, foi confirmada a not\u00edcia do falecimento do cantor, compositor e poeta paraense Veloso Dias. Muitos se encontram entristecidos com a sua morte.O cantor e compositor ficou conhecido n\u00e3o apenas por sua contribui\u00e7\u00e3o para \u00e0 m\u00fasica, mas tamb\u00e9m por\u2026","rel":"","context":"In &quot;Blog&quot;","block_context":{"text":"Blog","link":"https:\/\/noticiasribeiraopreto.com.br\/index.php\/category\/blog\/"},"img":{"alt_text":"","src":"https:\/\/i0.wp.com\/noticiasribeiraopreto.com.br\/wp-content\/uploads\/2023\/12\/postimg-65830ae42e8709588.jpg?fit=1200%2C628&ssl=1&resize=350%2C200","width":350,"height":200,"srcset":"https:\/\/i0.wp.com\/noticiasribeiraopreto.com.br\/wp-content\/uploads\/2023\/12\/postimg-65830ae42e8709588.jpg?fit=1200%2C628&ssl=1&resize=350%2C200 1x, https:\/\/i0.wp.com\/noticiasribeiraopreto.com.br\/wp-content\/uploads\/2023\/12\/postimg-65830ae42e8709588.jpg?fit=1200%2C628&ssl=1&resize=525%2C300 1.5x, https:\/\/i0.wp.com\/noticiasribeiraopreto.com.br\/wp-content\/uploads\/2023\/12\/postimg-65830ae42e8709588.jpg?fit=1200%2C628&ssl=1&resize=700%2C400 2x, https:\/\/i0.wp.com\/noticiasribeiraopreto.com.br\/wp-content\/uploads\/2023\/12\/postimg-65830ae42e8709588.jpg?fit=1200%2C628&ssl=1&resize=1050%2C600 3x"},"classes":[]}],"jetpack_sharing_enabled":true,"jetpack_shortlink":"https:\/\/wp.me\/peQAOb-20T","_links":{"self":[{"href":"https:\/\/noticiasribeiraopreto.com.br\/index.php\/wp-json\/wp\/v2\/posts\/7743","targetHints":{"allow":["GET"]}}],"collection":[{"href":"https:\/\/noticiasribeiraopreto.com.br\/index.php\/wp-json\/wp\/v2\/posts"}],"about":[{"href":"https:\/\/noticiasribeiraopreto.com.br\/index.php\/wp-json\/wp\/v2\/types\/post"}],"author":[{"embeddable":true,"href":"https:\/\/noticiasribeiraopreto.com.br\/index.php\/wp-json\/wp\/v2\/users\/1"}],"replies":[{"embeddable":true,"href":"https:\/\/noticiasribeiraopreto.com.br\/index.php\/wp-json\/wp\/v2\/comments?post=7743"}],"version-history":[{"count":0,"href":"https:\/\/noticiasribeiraopreto.com.br\/index.php\/wp-json\/wp\/v2\/posts\/7743\/revisions"}],"wp:featuredmedia":[{"embeddable":true,"href":"https:\/\/noticiasribeiraopreto.com.br\/index.php\/wp-json\/wp\/v2\/media\/7744"}],"wp:attachment":[{"href":"https:\/\/noticiasribeiraopreto.com.br\/index.php\/wp-json\/wp\/v2\/media?parent=7743"}],"wp:term":[{"taxonomy":"category","embeddable":true,"href":"https:\/\/noticiasribeiraopreto.com.br\/index.php\/wp-json\/wp\/v2\/categories?post=7743"},{"taxonomy":"post_tag","embeddable":true,"href":"https:\/\/noticiasribeiraopreto.com.br\/index.php\/wp-json\/wp\/v2\/tags?post=7743"}],"curies":[{"name":"wp","href":"https:\/\/api.w.org\/{rel}","templated":true}]}}