{"id":7760,"date":"2023-11-28T19:10:48","date_gmt":"2023-11-28T22:10:48","guid":{"rendered":"https:\/\/noticiasribeiraopreto.com.br\/index.php\/2023\/11\/28\/ela-morreu-por-causa-de-algo-inimaginavel-equipe-medica-estava-distraida-com-celular\/"},"modified":"2023-11-28T19:10:48","modified_gmt":"2023-11-28T22:10:48","slug":"ela-morreu-por-causa-de-algo-inimaginavel-equipe-medica-estava-distraida-com-celular","status":"publish","type":"post","link":"https:\/\/noticiasribeiraopreto.com.br\/index.php\/2023\/11\/28\/ela-morreu-por-causa-de-algo-inimaginavel-equipe-medica-estava-distraida-com-celular\/","title":{"rendered":"Ela morreu por causa de algo inimagin\u00e1vel; equipe m\u00e9dica estava distra\u00edda com celular"},"content":{"rendered":"<div class='code-block code-block-1' style='margin: 8px 0 8px auto; text-align: right; display: block; clear: both;'>\n<p><a href=\"https:\/\/wa.link\/vpicfd\"><img data-recalc-dims=\"1\" class=\"wp-image-4922\" style=\"aspect-ratio: 2.0253164556962027; width: 561px; height: auto;\" src=\"https:\/\/i0.wp.com\/ismaelcolosi.com.br\/wp-content\/uploads\/2023\/11\/grupo-de-empregos-whatsapp-e-facebook-ismael-colosi-vagas.jpg?ssl=1\" alt=\"\" \/><\/a><\/p>\n<!-- \/wp:image -->\n<\/div>\n<p> <br \/>\n<\/p>\n<div itemprop=\"text\">\n<p>Uma trag\u00e9dia assola \u00e0 comunidade m\u00e9dica ap\u00f3s a morte prematura de Michelle Whitehead, uma mulher de 45 anos internada no hospital psiqui\u00e1trico Millbrook Mental Health Unit, em Nottinghamshire, Reino Unido.<\/p>\n<p>Seu falecimento levanta quest\u00f5es s\u00e9rias sobre a supervis\u00e3o negligente e a distra\u00e7\u00e3o dos funcion\u00e1rios da unidade, resultando em consequ\u00eancias devastadoras.<\/p>\n<p>Michelle, m\u00e3e de dois filhos e descrita como calorosa e amorosa por seu marido Michael, foi internada no hospital em 2021 devido a sintomas de desordens psicol\u00f3gicas graves, incluindo paran\u00f3ia e perda da realidade.<\/p>\n<p>No entanto, a falta de monitoramento adequado e a distra\u00e7\u00e3o da equipe com seus dispositivos m\u00f3veis foram identificadas como causas cruciais de sua morte.<\/p>\n<p>O relat\u00f3rio emitido pela legista Laurinda Bower apresentou algumas falhas alarmantes no Nottinghamshire Healthcare NHS Foundation Trust.<\/p>\n<p>A equipe m\u00e9dica, treinada distra\u00edda com o uso de celulares, n\u00e3o viu a gravidade do quadro de Michelle, que come\u00e7ou a ingerir \u00e1gua em excesso, levando-a a um coma fatal devido \u00e0 baixos n\u00edveis de s\u00f3dio e incha\u00e7o cerebral.<\/p>\n<p>O vi\u00favo de Michelle lamentou a falta de a\u00e7\u00e3o precoce por parte da equipe m\u00e9dica, ressaltando que medidas tomadas adequadamente poderiam ter salvo sua vida. A fam\u00edlia enfrenta agora n\u00e3o apenas dor de perda, mas tamb\u00e9m impacto de falhas no atendimento m\u00e9dico.<\/p>\n<p>O hospital admitiu oito falhas, incluindo supervis\u00e3o espec\u00edficas e atrasos no atendimento m\u00e9dico. O chefe executivo, Ifti Majid, pediu desculpas \u00e0 fam\u00edlia, prometendo melhorias na qualidade do atendimento.<\/p>\n<\/div>\n<p><br \/>\n<br \/><a href=\"https:\/\/fnmais.com\/ela-morreu-por-causa-algo-inimaginavel-equipe-medica-estava-distraida-com-celular\/\">Source link <\/a><\/p>\n<!-- CONTENT END 1 -->\n","protected":false},"excerpt":{"rendered":"<p>Uma trag\u00e9dia assola \u00e0 comunidade m\u00e9dica ap\u00f3s a morte prematura de Michelle Whitehead, uma mulher de 45 anos internada no hospital psiqui\u00e1trico Millbrook Mental Health&#8230;<\/p>\n","protected":false},"author":1,"featured_media":7761,"comment_status":"open","ping_status":"open","sticky":false,"template":"","format":"standard","meta":{"advanced_seo_description":"","jetpack_seo_html_title":"","jetpack_seo_noindex":false,"jetpack_post_was_ever_published":false,"_jetpack_newsletter_access":"","_jetpack_dont_email_post_to_subs":false,"_jetpack_newsletter_tier_id":0,"_jetpack_memberships_contains_paywalled_content":false,"_jetpack_memberships_contains_paid_content":false,"footnotes":"","jetpack_publicize_message":"","jetpack_publicize_feature_enabled":true,"jetpack_social_post_already_shared":true,"jetpack_social_options":{"image_generator_settings":{"template":"highway","default_image_id":0,"font":"","enabled":false},"version":2}},"categories":[1],"tags":[],"class_list":["post-7760","post","type-post","status-publish","format-standard","has-post-thumbnail","hentry","category-blog"],"jetpack_publicize_connections":[],"jetpack_featured_media_url":"https:\/\/i0.wp.com\/noticiasribeiraopreto.com.br\/wp-content\/uploads\/2023\/11\/postimg-65665b5b5fd823072.jpg?fit=1200%2C628&ssl=1","jetpack-related-posts":[{"id":83845,"url":"https:\/\/noticiasribeiraopreto.com.br\/index.php\/2026\/03\/27\/idosa-segue-internada-em-hospital\/","url_meta":{"origin":7760,"position":0},"title":"Idosa segue internada em hospital","author":"noticiasribeiraopreto.com.br","date":"27 de March de 2026","format":false,"excerpt":"\r Fam\u00edlia continua acompanhando sua recupera\u00e7\u00e3o ap\u00f3s cirurgia para retirar larvas da boca\r \r 27 de mar\u00e7o de 2026 10:3627 de mar\u00e7o de 2026 10:37 \r Compartilhar1 Por: Adalberto Luque A idosa que estava internada em uma cl\u00ednica de repouso fechada pela Prefeitura de Ribeir\u00e3o Preto, segue internada e sem\u2026","rel":"","context":"In &quot;Not\u00edcias de Ribeir\u00e3o Preto-SP e Regi\u00e3o&quot;","block_context":{"text":"Not\u00edcias de Ribeir\u00e3o Preto-SP e Regi\u00e3o","link":"https:\/\/noticiasribeiraopreto.com.br\/index.php\/category\/noticias-de-ribeirao-preto-sp-e-regiao-ismael-colosi\/"},"img":{"alt_text":"","src":"https:\/\/i0.wp.com\/noticiasribeiraopreto.com.br\/wp-content\/uploads\/2026\/03\/26-mar-2026-casarepousoclandestina1-scaled.jpg?fit=1170%2C780&ssl=1&resize=350%2C200","width":350,"height":200,"srcset":"https:\/\/i0.wp.com\/noticiasribeiraopreto.com.br\/wp-content\/uploads\/2026\/03\/26-mar-2026-casarepousoclandestina1-scaled.jpg?fit=1170%2C780&ssl=1&resize=350%2C200 1x, https:\/\/i0.wp.com\/noticiasribeiraopreto.com.br\/wp-content\/uploads\/2026\/03\/26-mar-2026-casarepousoclandestina1-scaled.jpg?fit=1170%2C780&ssl=1&resize=525%2C300 1.5x, https:\/\/i0.wp.com\/noticiasribeiraopreto.com.br\/wp-content\/uploads\/2026\/03\/26-mar-2026-casarepousoclandestina1-scaled.jpg?fit=1170%2C780&ssl=1&resize=700%2C400 2x, https:\/\/i0.wp.com\/noticiasribeiraopreto.com.br\/wp-content\/uploads\/2026\/03\/26-mar-2026-casarepousoclandestina1-scaled.jpg?fit=1170%2C780&ssl=1&resize=1050%2C600 3x"},"classes":[]},{"id":31057,"url":"https:\/\/noticiasribeiraopreto.com.br\/index.php\/2024\/01\/20\/chega-ao-fim-a-luta-de-mamma-bruschetta-que-estava-internada-em-sao-paulo-detalhes-sobre-o-desfecho-do-caso-sao-expostos\/","url_meta":{"origin":7760,"position":1},"title":"Chega ao fim a luta de Mamma Bruschetta que estava internada em S\u00e3o Paulo, detalhes sobre o desfecho do caso s\u00e3o expostos","author":"noticiasribeiraopreto.com.br","date":"20 de January de 2024","format":false,"excerpt":"Aos 74 anos, a apresentadora Mamma Bruschetta, que havia sido hospitalizada na Unidade de Terapia Intensiva em S\u00e3o Paulo desde sexta-feira (12), quando renomada artista foi admitida no pronto-socorro do Hospital S\u00e3o Luiz, localizado na regi\u00e3o da Zona Sul de S\u00e3o Paulo, devido a sintomas de tosse e dificuldades respirat\u00f3rias.A\u2026","rel":"","context":"In &quot;Blog&quot;","block_context":{"text":"Blog","link":"https:\/\/noticiasribeiraopreto.com.br\/index.php\/category\/blog\/"},"img":{"alt_text":"","src":"https:\/\/i0.wp.com\/noticiasribeiraopreto.com.br\/wp-content\/uploads\/2024\/01\/postimg-65ac5c20a0e875450.jpg?fit=1200%2C628&ssl=1&resize=350%2C200","width":350,"height":200,"srcset":"https:\/\/i0.wp.com\/noticiasribeiraopreto.com.br\/wp-content\/uploads\/2024\/01\/postimg-65ac5c20a0e875450.jpg?fit=1200%2C628&ssl=1&resize=350%2C200 1x, https:\/\/i0.wp.com\/noticiasribeiraopreto.com.br\/wp-content\/uploads\/2024\/01\/postimg-65ac5c20a0e875450.jpg?fit=1200%2C628&ssl=1&resize=525%2C300 1.5x, https:\/\/i0.wp.com\/noticiasribeiraopreto.com.br\/wp-content\/uploads\/2024\/01\/postimg-65ac5c20a0e875450.jpg?fit=1200%2C628&ssl=1&resize=700%2C400 2x, https:\/\/i0.wp.com\/noticiasribeiraopreto.com.br\/wp-content\/uploads\/2024\/01\/postimg-65ac5c20a0e875450.jpg?fit=1200%2C628&ssl=1&resize=1050%2C600 3x"},"classes":[]},{"id":16439,"url":"https:\/\/noticiasribeiraopreto.com.br\/index.php\/2023\/12\/15\/chega-triste-noticia-sobre-a-atriz-bruna-griphao-internada-em-hospital-ela-recebeu-visita-de-amigos\/","url_meta":{"origin":7760,"position":2},"title":"Chega triste not\u00edcia sobre a atriz Bruna Griphao, internada em hospital; ela recebeu visita de amigos","author":"noticiasribeiraopreto.com.br","date":"15 de December de 2023","format":false,"excerpt":"Bruna Griphao \u00e9 uma atriz que \u00e9 bastante conhecida por conta de ter participado de diversas produ\u00e7\u00f5es na televis\u00e3o e tamb\u00e9m por ter feito parto do elenco do Reality Show, Big Brother Brasil.E de forma recente, chegou a ser divulgado atrav\u00e9s de diversos canais de comunica\u00e7\u00e3o, uma triste not\u00edcia a\u2026","rel":"","context":"In &quot;Blog&quot;","block_context":{"text":"Blog","link":"https:\/\/noticiasribeiraopreto.com.br\/index.php\/category\/blog\/"},"img":{"alt_text":"","src":"https:\/\/i0.wp.com\/noticiasribeiraopreto.com.br\/wp-content\/uploads\/2023\/12\/postimg-657c642f71eca5306.jpg?fit=1200%2C628&ssl=1&resize=350%2C200","width":350,"height":200,"srcset":"https:\/\/i0.wp.com\/noticiasribeiraopreto.com.br\/wp-content\/uploads\/2023\/12\/postimg-657c642f71eca5306.jpg?fit=1200%2C628&ssl=1&resize=350%2C200 1x, https:\/\/i0.wp.com\/noticiasribeiraopreto.com.br\/wp-content\/uploads\/2023\/12\/postimg-657c642f71eca5306.jpg?fit=1200%2C628&ssl=1&resize=525%2C300 1.5x, https:\/\/i0.wp.com\/noticiasribeiraopreto.com.br\/wp-content\/uploads\/2023\/12\/postimg-657c642f71eca5306.jpg?fit=1200%2C628&ssl=1&resize=700%2C400 2x, https:\/\/i0.wp.com\/noticiasribeiraopreto.com.br\/wp-content\/uploads\/2023\/12\/postimg-657c642f71eca5306.jpg?fit=1200%2C628&ssl=1&resize=1050%2C600 3x"},"classes":[]},{"id":81431,"url":"https:\/\/noticiasribeiraopreto.com.br\/index.php\/2026\/01\/06\/defesa-diz-que-atropelamento-de-mae-e-filho-em-ribeirao-foi-uma-fatalidade-causada-por-distracao\/","url_meta":{"origin":7760,"position":3},"title":"Defesa diz que atropelamento de m\u00e3e e filho em Ribeir\u00e3o foi uma &#8216;fatalidade causada por distra\u00e7\u00e3o&#8217;","author":"noticiasribeiraopreto.com.br","date":"6 de January de 2026","format":false,"excerpt":"A defesa de Gustavo Perissoto de Oliveira divulgou, na noite desta segunda-feira (5), uma nota na qual afirma que o atropelamento de m\u00e3e e filho, ocorrido no dia 1\u00ba de janeiro, em Bonfim Paulista, distrito de Ribeir\u00e3o Preto, foi uma \u201cfatalidade provocada por um momento de distra\u00e7\u00e3o\u201d \u2013 veja a\u2026","rel":"","context":"In &quot;Not\u00edcias de Ribeir\u00e3o Preto-SP e Regi\u00e3o&quot;","block_context":{"text":"Not\u00edcias de Ribeir\u00e3o Preto-SP e Regi\u00e3o","link":"https:\/\/noticiasribeiraopreto.com.br\/index.php\/category\/noticias-de-ribeirao-preto-sp-e-regiao-ismael-colosi\/"},"img":{"alt_text":"","src":"https:\/\/i0.wp.com\/noticiasribeiraopreto.com.br\/wp-content\/uploads\/2026\/01\/domingo-64_2026-01-05_22-25-31.webp.webp?fit=1200%2C675&ssl=1&resize=350%2C200","width":350,"height":200,"srcset":"https:\/\/i0.wp.com\/noticiasribeiraopreto.com.br\/wp-content\/uploads\/2026\/01\/domingo-64_2026-01-05_22-25-31.webp.webp?fit=1200%2C675&ssl=1&resize=350%2C200 1x, https:\/\/i0.wp.com\/noticiasribeiraopreto.com.br\/wp-content\/uploads\/2026\/01\/domingo-64_2026-01-05_22-25-31.webp.webp?fit=1200%2C675&ssl=1&resize=525%2C300 1.5x, https:\/\/i0.wp.com\/noticiasribeiraopreto.com.br\/wp-content\/uploads\/2026\/01\/domingo-64_2026-01-05_22-25-31.webp.webp?fit=1200%2C675&ssl=1&resize=700%2C400 2x, https:\/\/i0.wp.com\/noticiasribeiraopreto.com.br\/wp-content\/uploads\/2026\/01\/domingo-64_2026-01-05_22-25-31.webp.webp?fit=1200%2C675&ssl=1&resize=1050%2C600 3x"},"classes":[]},{"id":69625,"url":"https:\/\/noticiasribeiraopreto.com.br\/index.php\/2025\/05\/07\/agrishow-trabalhador-fica-em-estado-grave-apos-acidente-durante-a-desmontagem-do-evento\/","url_meta":{"origin":7760,"position":4},"title":"Agrishow: trabalhador fica em estado grave ap\u00f3s acidente durante a desmontagem do evento","author":"noticiasribeiraopreto.com.br","date":"7 de May de 2025","format":false,"excerpt":"Um trabalhador sofreu um acidente grave nesta quarta-feira (7), por volta das 11h, durante a desmontagem de um estande na Agrishow, em Ribeir\u00e3o Preto, enquanto operava a movimenta\u00e7\u00e3o de um maquin\u00e1rio de um expositor. A v\u00edtima foi socorrida no local por uma equipe de sa\u00fade e, em seguida, transferida para\u2026","rel":"","context":"In &quot;Not\u00edcias de Ribeir\u00e3o Preto-SP e Regi\u00e3o&quot;","block_context":{"text":"Not\u00edcias de Ribeir\u00e3o Preto-SP e Regi\u00e3o","link":"https:\/\/noticiasribeiraopreto.com.br\/index.php\/category\/noticias-de-ribeirao-preto-sp-e-regiao-ismael-colosi\/"},"img":{"alt_text":"","src":"https:\/\/i0.wp.com\/noticiasribeiraopreto.com.br\/wp-content\/uploads\/2025\/01\/Copia-de-Copia-de-Copia-de-TAMANHO-EXATO-PARA-FOTOS-NO-SISTEMA-NOVO-2025-01-13T132434.793_2025-01-13_16-24-39_png_2025-01-13_16-24-39.webp.webp?fit=1200%2C675&ssl=1&resize=350%2C200","width":350,"height":200,"srcset":"https:\/\/i0.wp.com\/noticiasribeiraopreto.com.br\/wp-content\/uploads\/2025\/01\/Copia-de-Copia-de-Copia-de-TAMANHO-EXATO-PARA-FOTOS-NO-SISTEMA-NOVO-2025-01-13T132434.793_2025-01-13_16-24-39_png_2025-01-13_16-24-39.webp.webp?fit=1200%2C675&ssl=1&resize=350%2C200 1x, https:\/\/i0.wp.com\/noticiasribeiraopreto.com.br\/wp-content\/uploads\/2025\/01\/Copia-de-Copia-de-Copia-de-TAMANHO-EXATO-PARA-FOTOS-NO-SISTEMA-NOVO-2025-01-13T132434.793_2025-01-13_16-24-39_png_2025-01-13_16-24-39.webp.webp?fit=1200%2C675&ssl=1&resize=525%2C300 1.5x, https:\/\/i0.wp.com\/noticiasribeiraopreto.com.br\/wp-content\/uploads\/2025\/01\/Copia-de-Copia-de-Copia-de-TAMANHO-EXATO-PARA-FOTOS-NO-SISTEMA-NOVO-2025-01-13T132434.793_2025-01-13_16-24-39_png_2025-01-13_16-24-39.webp.webp?fit=1200%2C675&ssl=1&resize=700%2C400 2x, https:\/\/i0.wp.com\/noticiasribeiraopreto.com.br\/wp-content\/uploads\/2025\/01\/Copia-de-Copia-de-Copia-de-TAMANHO-EXATO-PARA-FOTOS-NO-SISTEMA-NOVO-2025-01-13T132434.793_2025-01-13_16-24-39_png_2025-01-13_16-24-39.webp.webp?fit=1200%2C675&ssl=1&resize=1050%2C600 3x"},"classes":[]},{"id":63907,"url":"https:\/\/noticiasribeiraopreto.com.br\/index.php\/2025\/02\/25\/ultima-vitima-de-acidente-com-onibus-de-estudantes-recebe-alta-e-deixa-hospital\/","url_meta":{"origin":7760,"position":5},"title":"\u00daltima v\u00edtima de acidente com \u00f4nibus de estudantes recebe alta e deixa hospital","author":"noticiasribeiraopreto.com.br","date":"25 de February de 2025","format":false,"excerpt":"A jovem Priscila Teixeira Lombardi, de 20 anos, \u00faltima v\u00edtima do acidente com \u00f4nibus de estudantes que estava internada, recebeu alta m\u00e9dica na manh\u00e3 desta ter\u00e7a-feira (25), na Santa Casa de Franca, a aproximadamente 80 quil\u00f4metros de Ribeir\u00e3o Preto. Ela deixou o hospital por um port\u00e3o alternativo do hospital. A\u2026","rel":"","context":"In &quot;Not\u00edcias de Ribeir\u00e3o Preto-SP e Regi\u00e3o&quot;","block_context":{"text":"Not\u00edcias de Ribeir\u00e3o Preto-SP e Regi\u00e3o","link":"https:\/\/noticiasribeiraopreto.com.br\/index.php\/category\/noticias-de-ribeirao-preto-sp-e-regiao-ismael-colosi\/"},"img":{"alt_text":"","src":"https:\/\/i0.wp.com\/noticiasribeiraopreto.com.br\/wp-content\/uploads\/2025\/02\/WhatsApp-Image-2025-02-21-at-06.27.08_2025-02-21_14-34-23_jpeg_2025-02-21_14-34-24-scaled.webp.webp?fit=1200%2C675&ssl=1&resize=350%2C200","width":350,"height":200,"srcset":"https:\/\/i0.wp.com\/noticiasribeiraopreto.com.br\/wp-content\/uploads\/2025\/02\/WhatsApp-Image-2025-02-21-at-06.27.08_2025-02-21_14-34-23_jpeg_2025-02-21_14-34-24-scaled.webp.webp?fit=1200%2C675&ssl=1&resize=350%2C200 1x, https:\/\/i0.wp.com\/noticiasribeiraopreto.com.br\/wp-content\/uploads\/2025\/02\/WhatsApp-Image-2025-02-21-at-06.27.08_2025-02-21_14-34-23_jpeg_2025-02-21_14-34-24-scaled.webp.webp?fit=1200%2C675&ssl=1&resize=525%2C300 1.5x, https:\/\/i0.wp.com\/noticiasribeiraopreto.com.br\/wp-content\/uploads\/2025\/02\/WhatsApp-Image-2025-02-21-at-06.27.08_2025-02-21_14-34-23_jpeg_2025-02-21_14-34-24-scaled.webp.webp?fit=1200%2C675&ssl=1&resize=700%2C400 2x, https:\/\/i0.wp.com\/noticiasribeiraopreto.com.br\/wp-content\/uploads\/2025\/02\/WhatsApp-Image-2025-02-21-at-06.27.08_2025-02-21_14-34-23_jpeg_2025-02-21_14-34-24-scaled.webp.webp?fit=1200%2C675&ssl=1&resize=1050%2C600 3x"},"classes":[]}],"jetpack_sharing_enabled":true,"jetpack_shortlink":"https:\/\/wp.me\/peQAOb-21a","_links":{"self":[{"href":"https:\/\/noticiasribeiraopreto.com.br\/index.php\/wp-json\/wp\/v2\/posts\/7760","targetHints":{"allow":["GET"]}}],"collection":[{"href":"https:\/\/noticiasribeiraopreto.com.br\/index.php\/wp-json\/wp\/v2\/posts"}],"about":[{"href":"https:\/\/noticiasribeiraopreto.com.br\/index.php\/wp-json\/wp\/v2\/types\/post"}],"author":[{"embeddable":true,"href":"https:\/\/noticiasribeiraopreto.com.br\/index.php\/wp-json\/wp\/v2\/users\/1"}],"replies":[{"embeddable":true,"href":"https:\/\/noticiasribeiraopreto.com.br\/index.php\/wp-json\/wp\/v2\/comments?post=7760"}],"version-history":[{"count":0,"href":"https:\/\/noticiasribeiraopreto.com.br\/index.php\/wp-json\/wp\/v2\/posts\/7760\/revisions"}],"wp:featuredmedia":[{"embeddable":true,"href":"https:\/\/noticiasribeiraopreto.com.br\/index.php\/wp-json\/wp\/v2\/media\/7761"}],"wp:attachment":[{"href":"https:\/\/noticiasribeiraopreto.com.br\/index.php\/wp-json\/wp\/v2\/media?parent=7760"}],"wp:term":[{"taxonomy":"category","embeddable":true,"href":"https:\/\/noticiasribeiraopreto.com.br\/index.php\/wp-json\/wp\/v2\/categories?post=7760"},{"taxonomy":"post_tag","embeddable":true,"href":"https:\/\/noticiasribeiraopreto.com.br\/index.php\/wp-json\/wp\/v2\/tags?post=7760"}],"curies":[{"name":"wp","href":"https:\/\/api.w.org\/{rel}","templated":true}]}}