{"id":7770,"date":"2023-11-28T19:40:26","date_gmt":"2023-11-28T22:40:26","guid":{"rendered":"https:\/\/noticiasribeiraopreto.com.br\/index.php\/2023\/11\/28\/ovos-grudados-na-panela-este-truque-vai-deixar-os-ovos-com-as-gemas-perfeitas\/"},"modified":"2023-11-28T19:40:26","modified_gmt":"2023-11-28T22:40:26","slug":"ovos-grudados-na-panela-este-truque-vai-deixar-os-ovos-com-as-gemas-perfeitas","status":"publish","type":"post","link":"https:\/\/noticiasribeiraopreto.com.br\/index.php\/2023\/11\/28\/ovos-grudados-na-panela-este-truque-vai-deixar-os-ovos-com-as-gemas-perfeitas\/","title":{"rendered":"Ovos grudados na panela? Este truque vai deixar os ovos com as gemas perfeitas"},"content":{"rendered":"<div class='code-block code-block-1' style='margin: 8px 0 8px auto; text-align: right; display: block; clear: both;'>\n<p><a href=\"https:\/\/wa.link\/vpicfd\"><img data-recalc-dims=\"1\" class=\"wp-image-4922\" style=\"aspect-ratio: 2.0253164556962027; width: 561px; height: auto;\" src=\"https:\/\/i0.wp.com\/ismaelcolosi.com.br\/wp-content\/uploads\/2023\/11\/grupo-de-empregos-whatsapp-e-facebook-ismael-colosi-vagas.jpg?ssl=1\" alt=\"\" \/><\/a><\/p>\n<!-- \/wp:image -->\n<\/div>\n<p> <br \/>\n<\/p>\n<div itemprop=\"text\">\n<p>Fritar ovo perfeitamente \u00e9 uma arte acess\u00edvel e deliciosa. Para come\u00e7ar, escolha uma frigideira antiaderente, um aliado essencial neste processo. O calor deve ser m\u00e9dio ou baixo, criando o ambiente ideal para um cozimento uniforme.<\/p>\n<p>Inicialmente, aque\u00e7a levemente um toque de \u00f3leo na frigideira. Este passo \u00e9 crucial para garantir que o ovo n\u00e3o grude. Assim que o \u00f3leo estiver quente, \u00e9 hora de adicionar o ovo.<\/p>\n<p>A t\u00e9cnica aqui \u00e9 simples, mas eficaz: deixe a parte branca do ovo, ou clara, fluir suavemente para a frigideira, formando uma base uniforme. Em seguida, com cuidado, deixe a gema cair exatamente no meio da clara.<\/p>\n<p>O segredo est\u00e1 na paci\u00eancia e na observa\u00e7\u00e3o. Observe como a clara se transforma, passando de transl\u00facida para um branco opaco, indicando que est\u00e1 cozida.<\/p>\n<p>O objetivo \u00e9 alcan\u00e7ar uma clara perfeitamente cozida \u2013 firme, mas n\u00e3o borrachuda \u2013 enquanto a gema permanece delicadamente macia e levemente cozida.<\/p>\n<p>Para alguns, a gema ideal \u00e9 aquela que ainda flui ao cortar, mas isso pode variar de acordo com a prefer\u00eancia pessoal.<\/p>\n<p>A chave para um ovo frito perfeito est\u00e1 no equil\u00edbrio entre a textura da clara e a consist\u00eancia da gema. Com essa t\u00e9cnica, voc\u00ea pode esperar um resultado satisfat\u00f3rio: um ovo frito com a clara perfeitamente cozida e uma gema suave, tornando cada mordida um deleite.<\/p>\n<p>Experimente e ajuste conforme necess\u00e1rio, pois cada fog\u00e3o e frigideira pode comportar-se de maneira ligeiramente diferente. Para elevar a experi\u00eancia do ovo frito, considere experimentar com temperos. Uma pitada de sal e pimenta, adicionados logo ap\u00f3s colocar o ovo na frigideira, podem real\u00e7ar seu sabor natural<\/p>\n<p>Al\u00e9m de saborosos, os ovos s\u00e3o muito nutritivos e podem fazer parte de v\u00e1rias receitas e de in\u00fameros card\u00e1pios. Milh\u00f5es de ovos s\u00e3o consumidos diariamente em todo o mundo.<\/p>\n<\/div>\n<p><br \/>\n<br \/><a href=\"https:\/\/fnmais.com\/ovos-grudados-na-panela-este-truque-vai-deixar-ovos-com-gemas-perfeitas\/\">Source link <\/a><\/p>\n<!-- CONTENT END 1 -->\n","protected":false},"excerpt":{"rendered":"<p>Fritar ovo perfeitamente \u00e9 uma arte acess\u00edvel e deliciosa. Para come\u00e7ar, escolha uma frigideira antiaderente, um aliado essencial neste processo. O calor deve ser m\u00e9dio&#8230;<\/p>\n","protected":false},"author":1,"featured_media":7771,"comment_status":"open","ping_status":"open","sticky":false,"template":"","format":"standard","meta":{"advanced_seo_description":"","jetpack_seo_html_title":"","jetpack_seo_noindex":false,"jetpack_post_was_ever_published":false,"_jetpack_newsletter_access":"","_jetpack_dont_email_post_to_subs":false,"_jetpack_newsletter_tier_id":0,"_jetpack_memberships_contains_paywalled_content":false,"_jetpack_memberships_contains_paid_content":false,"footnotes":"","jetpack_publicize_message":"","jetpack_publicize_feature_enabled":true,"jetpack_social_post_already_shared":true,"jetpack_social_options":{"image_generator_settings":{"template":"highway","default_image_id":0,"font":"","enabled":false},"version":2}},"categories":[1],"tags":[],"class_list":["post-7770","post","type-post","status-publish","format-standard","has-post-thumbnail","hentry","category-blog"],"jetpack_publicize_connections":[],"jetpack_featured_media_url":"https:\/\/i0.wp.com\/noticiasribeiraopreto.com.br\/wp-content\/uploads\/2023\/11\/postimg-656662460607e4528.jpg?fit=1200%2C628&ssl=1","jetpack-related-posts":[{"id":65997,"url":"https:\/\/noticiasribeiraopreto.com.br\/index.php\/2025\/03\/26\/jornal-da-franca-veja-como-voce-pode-usar-as-cascas-de-ovos-para-limpar-sua-panela-queimada\/","url_meta":{"origin":7770,"position":0},"title":"Jornal da Franca &#8211; Veja como voc\u00ea pode usar as cascas de ovos para limpar sua panela queimada","author":"noticiasribeiraopreto.com.br","date":"26 de March de 2025","format":false,"excerpt":"compartilhar no whatsapp compartilhar no telegram compartilhar no facebook compartilhar no linkedin Seja para cuidar das plantas, limpar as ferramentas ou fortalecer as unhas, essa dica caseira \u00e9 f\u00e1cil de aplicar e traz \u00f3timos resultados A casca de ovo, que normalmente descartamos sem pensar, possui propriedades incr\u00edveis e pode ser\u2026","rel":"","context":"In &quot;Not\u00edcias de Franca-SP&quot;","block_context":{"text":"Not\u00edcias de Franca-SP","link":"https:\/\/noticiasribeiraopreto.com.br\/index.php\/category\/noticias-de-ribeirao-preto-sp-e-regiao-ismael-colosi\/noticias-franca-sp\/"},"img":{"alt_text":"","src":"https:\/\/i0.wp.com\/noticiasribeiraopreto.com.br\/wp-content\/uploads\/2025\/03\/2147.jpg?fit=1000%2C662&ssl=1&resize=350%2C200","width":350,"height":200,"srcset":"https:\/\/i0.wp.com\/noticiasribeiraopreto.com.br\/wp-content\/uploads\/2025\/03\/2147.jpg?fit=1000%2C662&ssl=1&resize=350%2C200 1x, https:\/\/i0.wp.com\/noticiasribeiraopreto.com.br\/wp-content\/uploads\/2025\/03\/2147.jpg?fit=1000%2C662&ssl=1&resize=525%2C300 1.5x, https:\/\/i0.wp.com\/noticiasribeiraopreto.com.br\/wp-content\/uploads\/2025\/03\/2147.jpg?fit=1000%2C662&ssl=1&resize=700%2C400 2x"},"classes":[]},{"id":83043,"url":"https:\/\/noticiasribeiraopreto.com.br\/index.php\/2026\/03\/07\/torta-salgada-saudavel-lanche-facil-e-saboroso-2\/","url_meta":{"origin":7770,"position":1},"title":"Torta Salgada Saud\u00e1vel: Lanche F\u00e1cil e Saboroso","author":"noticiasribeiraopreto.com.br","date":"7 de March de 2026","format":false,"excerpt":"Para aquele lanche r\u00e1pido que agrada todo mundo, o Momento da Fam\u00edlia traz uma receita especial e super pr\u00e1tica: a deliciosa Torta Salgada Saud\u00e1vel. Feita com poucos ingredientes e preparada na frigideira, ela \u00e9 ideal para quem busca sabor e leveza no dia a dia. \ud83d\udcdd Ingredientes (aproximados):\ud83e\udd5b 50ml de\u2026","rel":"","context":"In &quot;Not\u00edcias de Ribeir\u00e3o Preto-SP e Regi\u00e3o&quot;","block_context":{"text":"Not\u00edcias de Ribeir\u00e3o Preto-SP e Regi\u00e3o","link":"https:\/\/noticiasribeiraopreto.com.br\/index.php\/category\/noticias-de-ribeirao-preto-sp-e-regiao-ismael-colosi\/"},"img":{"alt_text":"","src":"https:\/\/i0.wp.com\/noticiasribeiraopreto.com.br\/wp-content\/uploads\/2026\/03\/Torta-de-Frango-com-Tapioca_2026-03-06_19-16-36.webp.webp?fit=972%2C548&ssl=1&resize=350%2C200","width":350,"height":200,"srcset":"https:\/\/i0.wp.com\/noticiasribeiraopreto.com.br\/wp-content\/uploads\/2026\/03\/Torta-de-Frango-com-Tapioca_2026-03-06_19-16-36.webp.webp?fit=972%2C548&ssl=1&resize=350%2C200 1x, https:\/\/i0.wp.com\/noticiasribeiraopreto.com.br\/wp-content\/uploads\/2026\/03\/Torta-de-Frango-com-Tapioca_2026-03-06_19-16-36.webp.webp?fit=972%2C548&ssl=1&resize=525%2C300 1.5x, https:\/\/i0.wp.com\/noticiasribeiraopreto.com.br\/wp-content\/uploads\/2026\/03\/Torta-de-Frango-com-Tapioca_2026-03-06_19-16-36.webp.webp?fit=972%2C548&ssl=1&resize=700%2C400 2x"},"classes":[]},{"id":82956,"url":"https:\/\/noticiasribeiraopreto.com.br\/index.php\/2026\/03\/04\/torta-salgada-saudavel-lanche-facil-e-saboroso\/","url_meta":{"origin":7770,"position":2},"title":"Torta Salgada Saud\u00e1vel: Lanche F\u00e1cil e Saboroso","author":"noticiasribeiraopreto.com.br","date":"4 de March de 2026","format":false,"excerpt":"Para aquele lanche r\u00e1pido que agrada todo mundo, o Momento da Fam\u00edlia traz uma receita especial e super pr\u00e1tica: a deliciosa Torta Salgada Saud\u00e1vel. Feita com poucos ingredientes e preparada na frigideira, ela \u00e9 ideal para quem busca sabor e leveza no dia a dia. \ud83d\udcdd Ingredientes (aproximados):\ud83e\udd5b 50ml de\u2026","rel":"","context":"In &quot;Not\u00edcias de Ribeir\u00e3o Preto-SP e Regi\u00e3o&quot;","block_context":{"text":"Not\u00edcias de Ribeir\u00e3o Preto-SP e Regi\u00e3o","link":"https:\/\/noticiasribeiraopreto.com.br\/index.php\/category\/noticias-de-ribeirao-preto-sp-e-regiao-ismael-colosi\/"},"img":{"alt_text":"","src":"https:\/\/i0.wp.com\/noticiasribeiraopreto.com.br\/wp-content\/uploads\/2026\/03\/informe-g1-17_2026-03-03_20-50-03.webp.webp?fit=1200%2C675&ssl=1&resize=350%2C200","width":350,"height":200,"srcset":"https:\/\/i0.wp.com\/noticiasribeiraopreto.com.br\/wp-content\/uploads\/2026\/03\/informe-g1-17_2026-03-03_20-50-03.webp.webp?fit=1200%2C675&ssl=1&resize=350%2C200 1x, https:\/\/i0.wp.com\/noticiasribeiraopreto.com.br\/wp-content\/uploads\/2026\/03\/informe-g1-17_2026-03-03_20-50-03.webp.webp?fit=1200%2C675&ssl=1&resize=525%2C300 1.5x, https:\/\/i0.wp.com\/noticiasribeiraopreto.com.br\/wp-content\/uploads\/2026\/03\/informe-g1-17_2026-03-03_20-50-03.webp.webp?fit=1200%2C675&ssl=1&resize=700%2C400 2x, https:\/\/i0.wp.com\/noticiasribeiraopreto.com.br\/wp-content\/uploads\/2026\/03\/informe-g1-17_2026-03-03_20-50-03.webp.webp?fit=1200%2C675&ssl=1&resize=1050%2C600 3x"},"classes":[]},{"id":13080,"url":"https:\/\/noticiasribeiraopreto.com.br\/index.php\/2023\/12\/09\/um-classico-para-o-seu-cafe-da-manha\/","url_meta":{"origin":7770,"position":3},"title":"um cl\u00e1ssico para o seu caf\u00e9 da manh\u00e3","author":"noticiasribeiraopreto.com.br","date":"9 de December de 2023","format":false,"excerpt":"Cr\u00e9ditos: IStockReceita de panquecas americanasSe voc\u00ea est\u00e1 em busca de uma receita para um caf\u00e9 da manh\u00e3 delicioso e reconfortante, as panquecas americanas s\u00e3o a escolha perfeita. Com uma textura fofinha e sabor irresist\u00edvel, essa receita cl\u00e1ssica \u00e9 f\u00e1cil de fazer e vai deixar o seu dia mais especial.Prepara\u00e7\u00e3o dos\u2026","rel":"","context":"In &quot;Variedades&quot;","block_context":{"text":"Variedades","link":"https:\/\/noticiasribeiraopreto.com.br\/index.php\/category\/variedades\/"},"img":{"alt_text":"","src":"https:\/\/i0.wp.com\/noticiasribeiraopreto.com.br\/wp-content\/uploads\/2023\/12\/istock-487521442.jpg?fit=1200%2C638&ssl=1&resize=350%2C200","width":350,"height":200,"srcset":"https:\/\/i0.wp.com\/noticiasribeiraopreto.com.br\/wp-content\/uploads\/2023\/12\/istock-487521442.jpg?fit=1200%2C638&ssl=1&resize=350%2C200 1x, https:\/\/i0.wp.com\/noticiasribeiraopreto.com.br\/wp-content\/uploads\/2023\/12\/istock-487521442.jpg?fit=1200%2C638&ssl=1&resize=525%2C300 1.5x, https:\/\/i0.wp.com\/noticiasribeiraopreto.com.br\/wp-content\/uploads\/2023\/12\/istock-487521442.jpg?fit=1200%2C638&ssl=1&resize=700%2C400 2x, https:\/\/i0.wp.com\/noticiasribeiraopreto.com.br\/wp-content\/uploads\/2023\/12\/istock-487521442.jpg?fit=1200%2C638&ssl=1&resize=1050%2C600 3x"},"classes":[]},{"id":65247,"url":"https:\/\/noticiasribeiraopreto.com.br\/index.php\/2025\/03\/18\/jornal-da-franca-sabe-fazer-pao-caseiro-aprenda-uma-receita-que-e-facil-e-fica-uma-delicia\/","url_meta":{"origin":7770,"position":4},"title":"Jornal da Franca &#8211; Sabe fazer p\u00e3o caseiro? Aprenda uma receita que \u00e9 f\u00e1cil e fica uma del\u00edcia","author":"noticiasribeiraopreto.com.br","date":"18 de March de 2025","format":false,"excerpt":"compartilhar no whatsapp compartilhar no telegram compartilhar no facebook compartilhar no linkedin P\u00e3ezinhos ficam leves e combinam com recheios salgados e doces P\u00e3ezinhos ficam leves e combinam com recheios salgados e doces Aprenda agora mesmo a fazer essa maravilha de P\u00e3o de Frigideira que eu, Chef Delicatessen, deixei bem explicado,\u2026","rel":"","context":"In &quot;Not\u00edcias de Franca-SP&quot;","block_context":{"text":"Not\u00edcias de Franca-SP","link":"https:\/\/noticiasribeiraopreto.com.br\/index.php\/category\/noticias-de-ribeirao-preto-sp-e-regiao-ismael-colosi\/noticias-franca-sp\/"},"img":{"alt_text":"","src":"https:\/\/i0.wp.com\/noticiasribeiraopreto.com.br\/wp-content\/uploads\/2025\/03\/pao-de-frigideira-pronto-1.jpg?fit=1200%2C630&ssl=1&resize=350%2C200","width":350,"height":200,"srcset":"https:\/\/i0.wp.com\/noticiasribeiraopreto.com.br\/wp-content\/uploads\/2025\/03\/pao-de-frigideira-pronto-1.jpg?fit=1200%2C630&ssl=1&resize=350%2C200 1x, https:\/\/i0.wp.com\/noticiasribeiraopreto.com.br\/wp-content\/uploads\/2025\/03\/pao-de-frigideira-pronto-1.jpg?fit=1200%2C630&ssl=1&resize=525%2C300 1.5x, https:\/\/i0.wp.com\/noticiasribeiraopreto.com.br\/wp-content\/uploads\/2025\/03\/pao-de-frigideira-pronto-1.jpg?fit=1200%2C630&ssl=1&resize=700%2C400 2x, https:\/\/i0.wp.com\/noticiasribeiraopreto.com.br\/wp-content\/uploads\/2025\/03\/pao-de-frigideira-pronto-1.jpg?fit=1200%2C630&ssl=1&resize=1050%2C600 3x"},"classes":[]},{"id":20152,"url":"https:\/\/noticiasribeiraopreto.com.br\/index.php\/2023\/12\/24\/delicia-de-natal-com-menos-oleo-e-muito-sabor\/","url_meta":{"origin":7770,"position":5},"title":"del\u00edcia de Natal com menos \u00f3leo e muito sabor","author":"noticiasribeiraopreto.com.br","date":"24 de December de 2023","format":false,"excerpt":"Com a aproxima\u00e7\u00e3o do Natal, muitas fam\u00edlias j\u00e1 come\u00e7am a organizar o cortejo das receitas tradicionais que ornamentam a mesa nessa \u00e9poca. Uma das iguarias que mais desperta o paladar dos brasileiros \u00e9 a rabanada. Por\u00e9m, h\u00e1 quem resista \u00e0 tenta\u00e7\u00e3o por conta do m\u00e9todo de preparo usual, que consiste\u2026","rel":"","context":"In &quot;Variedades&quot;","block_context":{"text":"Variedades","link":"https:\/\/noticiasribeiraopreto.com.br\/index.php\/category\/variedades\/"},"img":{"alt_text":"","src":"https:\/\/i0.wp.com\/noticiasribeiraopreto.com.br\/wp-content\/uploads\/2023\/12\/doces-de-natal-rabanada.jpg?fit=1200%2C638&ssl=1&resize=350%2C200","width":350,"height":200,"srcset":"https:\/\/i0.wp.com\/noticiasribeiraopreto.com.br\/wp-content\/uploads\/2023\/12\/doces-de-natal-rabanada.jpg?fit=1200%2C638&ssl=1&resize=350%2C200 1x, https:\/\/i0.wp.com\/noticiasribeiraopreto.com.br\/wp-content\/uploads\/2023\/12\/doces-de-natal-rabanada.jpg?fit=1200%2C638&ssl=1&resize=525%2C300 1.5x, https:\/\/i0.wp.com\/noticiasribeiraopreto.com.br\/wp-content\/uploads\/2023\/12\/doces-de-natal-rabanada.jpg?fit=1200%2C638&ssl=1&resize=700%2C400 2x, https:\/\/i0.wp.com\/noticiasribeiraopreto.com.br\/wp-content\/uploads\/2023\/12\/doces-de-natal-rabanada.jpg?fit=1200%2C638&ssl=1&resize=1050%2C600 3x"},"classes":[]}],"jetpack_sharing_enabled":true,"jetpack_shortlink":"https:\/\/wp.me\/peQAOb-21k","_links":{"self":[{"href":"https:\/\/noticiasribeiraopreto.com.br\/index.php\/wp-json\/wp\/v2\/posts\/7770","targetHints":{"allow":["GET"]}}],"collection":[{"href":"https:\/\/noticiasribeiraopreto.com.br\/index.php\/wp-json\/wp\/v2\/posts"}],"about":[{"href":"https:\/\/noticiasribeiraopreto.com.br\/index.php\/wp-json\/wp\/v2\/types\/post"}],"author":[{"embeddable":true,"href":"https:\/\/noticiasribeiraopreto.com.br\/index.php\/wp-json\/wp\/v2\/users\/1"}],"replies":[{"embeddable":true,"href":"https:\/\/noticiasribeiraopreto.com.br\/index.php\/wp-json\/wp\/v2\/comments?post=7770"}],"version-history":[{"count":0,"href":"https:\/\/noticiasribeiraopreto.com.br\/index.php\/wp-json\/wp\/v2\/posts\/7770\/revisions"}],"wp:featuredmedia":[{"embeddable":true,"href":"https:\/\/noticiasribeiraopreto.com.br\/index.php\/wp-json\/wp\/v2\/media\/7771"}],"wp:attachment":[{"href":"https:\/\/noticiasribeiraopreto.com.br\/index.php\/wp-json\/wp\/v2\/media?parent=7770"}],"wp:term":[{"taxonomy":"category","embeddable":true,"href":"https:\/\/noticiasribeiraopreto.com.br\/index.php\/wp-json\/wp\/v2\/categories?post=7770"},{"taxonomy":"post_tag","embeddable":true,"href":"https:\/\/noticiasribeiraopreto.com.br\/index.php\/wp-json\/wp\/v2\/tags?post=7770"}],"curies":[{"name":"wp","href":"https:\/\/api.w.org\/{rel}","templated":true}]}}