{"id":78145,"date":"2025-10-02T20:28:54","date_gmt":"2025-10-02T23:28:54","guid":{"rendered":"https:\/\/noticiasribeiraopreto.com.br\/index.php\/2025\/10\/02\/usp-ribeirao-preto-tem-39-pesquisadores-entre-os-mais-influentes-do-mundo-veja-quem-sao\/"},"modified":"2025-10-02T20:28:54","modified_gmt":"2025-10-02T23:28:54","slug":"usp-ribeirao-preto-tem-39-pesquisadores-entre-os-mais-influentes-do-mundo-veja-quem-sao","status":"publish","type":"post","link":"https:\/\/noticiasribeiraopreto.com.br\/index.php\/2025\/10\/02\/usp-ribeirao-preto-tem-39-pesquisadores-entre-os-mais-influentes-do-mundo-veja-quem-sao\/","title":{"rendered":"USP Ribeir\u00e3o Preto tem 39 pesquisadores entre os mais influentes do mundo; Veja quem s\u00e3o"},"content":{"rendered":"<div class='code-block code-block-1' style='margin: 8px 0 8px auto; text-align: right; display: block; clear: both;'>\n<p><a href=\"https:\/\/wa.link\/vpicfd\"><img data-recalc-dims=\"1\" class=\"wp-image-4922\" style=\"aspect-ratio: 2.0253164556962027; width: 561px; height: auto;\" src=\"https:\/\/i0.wp.com\/ismaelcolosi.com.br\/wp-content\/uploads\/2023\/11\/grupo-de-empregos-whatsapp-e-facebook-ismael-colosi-vagas.jpg?ssl=1\" alt=\"\" \/><\/a><\/p>\n<!-- \/wp:image -->\n<\/div>\n<p> <br \/>\n<\/p>\n<div data-td-block-uid=\"tdi_95\">\n<div class=\"tdb-block-inner td-fix-index\">\n<p>Um total de <strong>39 cientistas da USP (Universidade de S\u00e3o Paulo) de Ribeir\u00e3o Preto<\/strong> foram reconhecidos no ranking dos <strong>pesquisadores mais influentes do mundo<\/strong> em 2024.<\/p>\n<p>O levantamento \u00e9 publicado todos os anos pelo pesquisador <strong>John Ioannidis<\/strong>, da <strong>Universidade Stanford (EUA)<\/strong> \u2013 veja quem s\u00e3o os pesquisadores abaixo.<\/p>\n<p>A lista utiliza m\u00e9tricas de cita\u00e7\u00f5es padronizadas para medir o impacto da produ\u00e7\u00e3o cient\u00edfica, levando em conta n\u00e3o apenas o volume de publica\u00e7\u00f5es, <strong>mas tamb\u00e9m a relev\u00e2ncia da autoria<\/strong>, <strong>a colabora\u00e7\u00e3o<\/strong> e a <strong>consist\u00eancia das contribui\u00e7\u00f5es ao longo da carreira<\/strong>.<\/p>\n<p>No campus de <strong>Ribeir\u00e3o Preto<\/strong>, os destaques se dividem da seguinte forma:<\/p>\n<ul class=\"wp-block-list\">\n<li>24 da <strong>Faculdade de Medicina (FMRP)<\/strong>;<\/li>\n<li>4 da<strong> Faculdade de Odontologia (FORP)<\/strong>;<\/li>\n<li>6 da <strong>Faculdade de Filosofia, Ci\u00eancias e Letras (FFCLRP)<\/strong>;<\/li>\n<li>5 da <strong>Faculdade de Ci\u00eancias Farmac\u00eauticas (FCFRP)<\/strong>.<\/li>\n<\/ul>\n<div class=\"wp-block-image\">\n<figure class=\"aligncenter size-large is-resized\"><img data-recalc-dims=\"1\" fetchpriority=\"high\" decoding=\"async\" width=\"1024\" height=\"683\" src=\"https:\/\/i0.wp.com\/cdn.media-acidadeon.com.br\/ribeiraopreto\/wp-content\/uploads\/sites\/3\/2023\/10\/CAMPUS-DA-USP-DE-RIBEIRAO-PRETO-1024x683.jpg?resize=1024%2C683&#038;ssl=1\" alt=\"Campus da USP de Ribeir\u00e3o Preto - Foto: Divulga\u00e7\u00e3o.\" class=\"wp-image-59090\" style=\"width:654px\" title=\"USP Ribeir\u00e3o Preto tem 39 pesquisadores entre os mais influentes do mundo; Veja quem s\u00e3o 1\" srcset=\"https:\/\/cdn.media-acidadeon.com.br\/ribeiraopreto\/wp-content\/uploads\/sites\/3\/2023\/10\/CAMPUS-DA-USP-DE-RIBEIRAO-PRETO-1024x683.jpg 1024w, https:\/\/cdn.media-acidadeon.com.br\/ribeiraopreto\/wp-content\/uploads\/sites\/3\/2023\/10\/CAMPUS-DA-USP-DE-RIBEIRAO-PRETO-300x200.jpg 300w, https:\/\/cdn.media-acidadeon.com.br\/ribeiraopreto\/wp-content\/uploads\/sites\/3\/2023\/10\/CAMPUS-DA-USP-DE-RIBEIRAO-PRETO-768x512.jpg 768w, https:\/\/cdn.media-acidadeon.com.br\/ribeiraopreto\/wp-content\/uploads\/sites\/3\/2023\/10\/CAMPUS-DA-USP-DE-RIBEIRAO-PRETO-1536x1024.jpg 1536w, https:\/\/cdn.media-acidadeon.com.br\/ribeiraopreto\/wp-content\/uploads\/sites\/3\/2023\/10\/CAMPUS-DA-USP-DE-RIBEIRAO-PRETO-2048x1366.jpg 2048w, https:\/\/cdn.media-acidadeon.com.br\/ribeiraopreto\/wp-content\/uploads\/sites\/3\/2023\/10\/CAMPUS-DA-USP-DE-RIBEIRAO-PRETO-696x464.jpg 696w, https:\/\/cdn.media-acidadeon.com.br\/ribeiraopreto\/wp-content\/uploads\/sites\/3\/2023\/10\/CAMPUS-DA-USP-DE-RIBEIRAO-PRETO-1068x712.jpg 1068w, https:\/\/cdn.media-acidadeon.com.br\/ribeiraopreto\/wp-content\/uploads\/sites\/3\/2023\/10\/CAMPUS-DA-USP-DE-RIBEIRAO-PRETO-1920x1280.jpg 1920w\" sizes=\"(max-width: 1024px) 100vw, 1024px\"\/><figcaption class=\"wp-element-caption\">Campus da USP de Ribeir\u00e3o Preto \u2013 Foto: Divulga\u00e7\u00e3o.<\/figcaption><\/figure>\n<\/div>\n<h2 class=\"wp-block-heading\"><strong>Pesquisadores da USP<\/strong><\/h2>\n<p>No total, a <strong>USP <\/strong>teve <strong>286 pesquisadores reconhecidos no levantamento<\/strong>. <mark style=\"background-color:#fcb900\" class=\"has-inline-color\">O n\u00famero representa um aumento de 11,3% em rela\u00e7\u00e3o ao levantamento anterior (249 nomes em 2023), com um ganho real de participa\u00e7\u00e3o mundial de cerca de 5%.<\/mark><\/p>\n<figure class=\"wp-block-pullquote\">\n<blockquote>\n<p>Considerando a s\u00e9rie hist\u00f3rica, a USP teve um crescimento acumulado de cerca de 23% em sua participa\u00e7\u00e3o global nos \u00faltimos cinco anos<\/p>\n<p><cite>Universidade de S\u00e3o Paulo<\/cite><\/p><\/blockquote>\n<\/figure>\n<p>Entre os 1.461 pesquisadores brasileiros reconhecidos no ranking mundial, quase <strong>20% t\u00eam v\u00ednculo com a USP<\/strong>. No estado, tamb\u00e9m se destacaram a <strong>Unicmapo (Universidade Estadual de Campinas)<\/strong>, com 106 nomes; e a <strong>Unesp (Universidade Estadual Paulista)<\/strong>, com 80.<\/p>\n<h2 class=\"wp-block-heading\"><strong>Quem s\u00e3o os pesquisadores da USP Ribeir\u00e3o Preto?<\/strong><\/h2>\n<h3 class=\"wp-block-heading\"><strong>Faculdade de Ci\u00eancias Farmac\u00eauticas<\/strong><\/h3>\n<ul class=\"wp-block-list\">\n<li>Barbosa Junior, Fernando da Silva<\/li>\n<li>Lopes, Norberto Peporine<\/li>\n<li>Bastos, Jairo Kennup<\/li>\n<li>Braga, Gilberto U. L.<\/li>\n<li>Maia Campos, Patricia Maria Berardo C.<\/li>\n<\/ul>\n<div class=\"wp-block-image\">\n<figure class=\"aligncenter size-large is-resized\"><img data-recalc-dims=\"1\" loading=\"lazy\" decoding=\"async\" width=\"1024\" height=\"576\" src=\"https:\/\/i0.wp.com\/cdn.media-acidadeon.com.br\/ribeiraopreto\/wp-content\/uploads\/sites\/3\/2024\/04\/AnyConv.com__usp-faculdade-de-farmacia-1024x576.webp?resize=1024%2C576&#038;ssl=1\" alt=\"Faculdade de Ci\u00eancias Farmac\u00eauticas de Ribeir\u00e3o Preto da USP - Foto: Marcos Santos\/ USP.\" class=\"wp-image-79376\" style=\"width:654px\" title=\"USP Ribeir\u00e3o Preto tem 39 pesquisadores entre os mais influentes do mundo; Veja quem s\u00e3o 2\" srcset=\"https:\/\/cdn.media-acidadeon.com.br\/ribeiraopreto\/wp-content\/uploads\/sites\/3\/2024\/04\/AnyConv.com__usp-faculdade-de-farmacia-1024x576.webp 1024w, https:\/\/cdn.media-acidadeon.com.br\/ribeiraopreto\/wp-content\/uploads\/sites\/3\/2024\/04\/AnyConv.com__usp-faculdade-de-farmacia-300x169.webp 300w, https:\/\/cdn.media-acidadeon.com.br\/ribeiraopreto\/wp-content\/uploads\/sites\/3\/2024\/04\/AnyConv.com__usp-faculdade-de-farmacia-768x432.webp 768w, https:\/\/cdn.media-acidadeon.com.br\/ribeiraopreto\/wp-content\/uploads\/sites\/3\/2024\/04\/AnyConv.com__usp-faculdade-de-farmacia-696x392.webp 696w, https:\/\/cdn.media-acidadeon.com.br\/ribeiraopreto\/wp-content\/uploads\/sites\/3\/2024\/04\/AnyConv.com__usp-faculdade-de-farmacia-1068x601.webp 1068w, https:\/\/cdn.media-acidadeon.com.br\/ribeiraopreto\/wp-content\/uploads\/sites\/3\/2024\/04\/AnyConv.com__usp-faculdade-de-farmacia.webp 1200w\" sizes=\"auto, (max-width: 1024px) 100vw, 1024px\"\/><figcaption class=\"wp-element-caption\">Faculdade de Ci\u00eancias Farmac\u00eauticas de Ribeir\u00e3o Preto da USP \u2013 Foto: Marcos Santos\/ USP.<\/figcaption><\/figure>\n<\/div>\n<h3 class=\"wp-block-heading\"><strong>Faculdade de Filosofia, Ci\u00eancias e Letras<\/strong><\/h3>\n<ul class=\"wp-block-list\">\n<li>Langer, M. C.<\/li>\n<li>Hern\u00e1ndez Morales, Eduardo M.<\/li>\n<li>Ramos, A. P.<\/li>\n<li>Tedesco, Antonio Claudio<\/li>\n<li>McNamara, John Campbell<\/li>\n<li>Castro, Ricardo M. C.<\/li>\n<\/ul>\n<h3 class=\"wp-block-heading\"><strong>Faculdade de Odontologia<\/strong><\/h3>\n<ul class=\"wp-block-list\">\n<li>Sousa-Neto, Manoel D.<\/li>\n<li>Novaes Junior, Arthur Bel\u00e9m<\/li>\n<li>P\u00e9cora, Jesus Djalma<\/li>\n<li>Reis, Andrea Candido dos<\/li>\n<\/ul>\n<div class=\"wp-block-image\">\n<figure class=\"aligncenter size-large is-resized\"><img data-recalc-dims=\"1\" loading=\"lazy\" decoding=\"async\" width=\"1024\" height=\"576\" src=\"https:\/\/i0.wp.com\/cdn.media-acidadeon.com.br\/ribeiraopreto\/wp-content\/uploads\/sites\/3\/2024\/03\/AnyConv.com__faculdade-odontologia-usp-ribeirao-preto-1024x576.webp?resize=1024%2C576&#038;ssl=1\" alt=\"Faculdade de Odontologia de Ribeir\u00e3o Preto da USP - Foto: divulga\u00e7\u00e3o\/ USP Imagens.\" class=\"wp-image-73176\" style=\"width:654px\" title=\"USP Ribeir\u00e3o Preto tem 39 pesquisadores entre os mais influentes do mundo; Veja quem s\u00e3o 3\" srcset=\"https:\/\/cdn.media-acidadeon.com.br\/ribeiraopreto\/wp-content\/uploads\/sites\/3\/2024\/03\/AnyConv.com__faculdade-odontologia-usp-ribeirao-preto-1024x576.webp 1024w, https:\/\/cdn.media-acidadeon.com.br\/ribeiraopreto\/wp-content\/uploads\/sites\/3\/2024\/03\/AnyConv.com__faculdade-odontologia-usp-ribeirao-preto-300x169.webp 300w, https:\/\/cdn.media-acidadeon.com.br\/ribeiraopreto\/wp-content\/uploads\/sites\/3\/2024\/03\/AnyConv.com__faculdade-odontologia-usp-ribeirao-preto-768x432.webp 768w, https:\/\/cdn.media-acidadeon.com.br\/ribeiraopreto\/wp-content\/uploads\/sites\/3\/2024\/03\/AnyConv.com__faculdade-odontologia-usp-ribeirao-preto-1536x864.webp 1536w, https:\/\/cdn.media-acidadeon.com.br\/ribeiraopreto\/wp-content\/uploads\/sites\/3\/2024\/03\/AnyConv.com__faculdade-odontologia-usp-ribeirao-preto-696x392.webp 696w, https:\/\/cdn.media-acidadeon.com.br\/ribeiraopreto\/wp-content\/uploads\/sites\/3\/2024\/03\/AnyConv.com__faculdade-odontologia-usp-ribeirao-preto-1068x601.webp 1068w, https:\/\/cdn.media-acidadeon.com.br\/ribeiraopreto\/wp-content\/uploads\/sites\/3\/2024\/03\/AnyConv.com__faculdade-odontologia-usp-ribeirao-preto.webp 1920w\" sizes=\"auto, (max-width: 1024px) 100vw, 1024px\"\/><figcaption class=\"wp-element-caption\">Faculdade de Odontologia de Ribeir\u00e3o Preto da USP \u2013 Foto: divulga\u00e7\u00e3o\/ USP Imagens.<\/figcaption><\/figure>\n<\/div>\n<h3 class=\"wp-block-heading\"><strong>Faculdade de Medicina<\/strong><\/h3>\n<ul class=\"wp-block-list\">\n<li>Almeida, Fausto Bruno Dos Reis<\/li>\n<li>Alves-Filho, J. C.<\/li>\n<li>Calado, Rodrigo Tocantins<\/li>\n<li>Crippa, Jos\u00e9 Alexandre de Souza<\/li>\n<li>Cruz, Ant\u00f4nio Augusto Velasco E.<\/li>\n<li>Cunha, Fernando Queiroz<\/li>\n<li>Cunha, Thiago Mattar<\/li>\n<li>Dos Santos, Rafael G.<\/li>\n<li>Ferreira, S\u00e9rgio Henrique<\/li>\n<li>Figueiredo, Lu\u00edz Tadeu Moraes<\/li>\n<li>Furtado, Jo\u00e3o M.<\/li>\n<li>Graeff, F. G.<\/li>\n<li>Guimar\u00e3es, F. S.<\/li>\n<li>Hallak, Jaime E. C.<\/li>\n<li>Hartfelder, Klaus Hartmann<\/li>\n<li>Marin-Neto, Jos\u00e9 Antonio<\/li>\n<li>Mussi-Pinhata, Marisa M\u00e1rcia<\/li>\n<li>Rocha, Eduardo Melani<\/li>\n<li>Santos, Jos\u00e9 Sebasti\u00e3o dos<\/li>\n<li>Souza, Jo\u00e3o Paulo<\/li>\n<li>Squire, Jeremy Andrew<\/li>\n<li>Tostes, Rita de C\u00e1ssia Aleixo<\/li>\n<li>Zamboni, Dario S.<\/li>\n<li>Zuardi, A. W.<\/li>\n<\/ul>\n<p><em>*Com informa\u00e7\u00f5es do Jornal da USP Ribeir\u00e3o <\/em><\/p>\n<hr class=\"wp-block-separator has-alpha-channel-opacity\"\/>\n<p>SAIBA MAIS<\/p>\n<p>ChatGPT aponta suposta conex\u00e3o de Messi com Ribeir\u00e3o; Entenda<\/p>\n<h2 class=\"wp-block-heading\"><strong>FIQUE ON<\/strong><\/h2>\n<p>Fique ligado em tudo que acontece em Ribeir\u00e3o Preto e regi\u00e3o. Siga os perfis do\u00a0<strong>acidade on<\/strong>\u00a0no<a href=\"https:\/\/www.instagram.com\/acidadeonribeirao\" target=\"_blank\" rel=\"noreferrer noopener\">\u00a0Instagram\u00a0<\/a>e no\u00a0<a href=\"https:\/\/www.facebook.com\/acidadeonribeirao\/\" target=\"_blank\" rel=\"noreferrer noopener\">Facebook<\/a>.<\/p>\n<p>Receba not\u00edcias do<strong>\u00a0acidade on<\/strong>\u00a0no WhatsApp. Para entrar no grupo,\u00a0basta\u00a0<a href=\"https:\/\/chat.whatsapp.com\/I4nieTEMKlf50pJ28aMemC?mode=ac_t\" target=\"_blank\" rel=\"noreferrer noopener\">clicar aqui<\/a>. Ou, acesse o nosso\u00a0Canal\u00a0<a href=\"https:\/\/whatsapp.com\/channel\/0029Vb6IQl1JENyAeS57fk2p\" target=\"_blank\" rel=\"noreferrer noopener\">clicando aqui<\/a>.<\/p>\n<p>Fa\u00e7a uma den\u00fancia ou sugira uma reportagem sobre Ribeir\u00e3o Preto e regi\u00e3o pelo WhatsApp: 16 99117 7802.<\/p>\n<p>VEJA TAMB\u00c9M<\/p>\n<p>Razer expande a tecnologia para teclados Blackwidow<\/p>\n<p><!-- AI CONTENT END 1 -->\n<\/div>\n<\/div>\n<p><script async src=\"\/\/www.instagram.com\/embed.js\"><\/script><br \/>\n<br \/><br \/>\n<br \/><a href=\"https:\/\/www.acidadeon.com\/ribeiraopreto\/cotidiano\/usp-ribeirao-preto-tem-39-pesquisadores-entre-os-mais-influentes-do-mundo-veja-quem-sao\/\">Source link <\/a><\/p>\n<!-- CONTENT END 1 -->\n","protected":false},"excerpt":{"rendered":"<p>Um total de 39 cientistas da USP (Universidade de S\u00e3o Paulo) de Ribeir\u00e3o Preto foram reconhecidos no ranking dos pesquisadores mais influentes do mundo em&#8230;<\/p>\n","protected":false},"author":1,"featured_media":77381,"comment_status":"open","ping_status":"open","sticky":false,"template":"","format":"standard","meta":{"advanced_seo_description":"","jetpack_seo_html_title":"","jetpack_seo_noindex":false,"jetpack_post_was_ever_published":false,"_jetpack_newsletter_access":"","_jetpack_dont_email_post_to_subs":false,"_jetpack_newsletter_tier_id":0,"_jetpack_memberships_contains_paywalled_content":false,"_jetpack_memberships_contains_paid_content":false,"footnotes":"","jetpack_publicize_message":"","jetpack_publicize_feature_enabled":true,"jetpack_social_post_already_shared":true,"jetpack_social_options":{"image_generator_settings":{"template":"highway","default_image_id":0,"font":"","enabled":false},"version":2}},"categories":[11],"tags":[],"class_list":["post-78145","post","type-post","status-publish","format-standard","has-post-thumbnail","hentry","category-noticias-de-ribeirao-preto-sp-e-regiao-ismael-colosi"],"jetpack_publicize_connections":[],"jetpack_featured_media_url":"https:\/\/i0.wp.com\/noticiasribeiraopreto.com.br\/wp-content\/uploads\/2025\/09\/20210909_usp_fachada-1024x538-1_2025-09-17_18-42-07.webp.webp?fit=1024%2C538&ssl=1","jetpack-related-posts":[{"id":58321,"url":"https:\/\/noticiasribeiraopreto.com.br\/index.php\/2024\/09\/24\/conheca-o-pesquisador-de-ribeirao-que-esta-entre-os-mais-influentes-do-mundo\/","url_meta":{"origin":78145,"position":0},"title":"Conhe\u00e7a o pesquisador de Ribeir\u00e3o que est\u00e1 entre os mais influentes do mundo","author":"noticiasribeiraopreto.com.br","date":"24 de September de 2024","format":false,"excerpt":"O pesquisador Rodrigo Calado, da Faculdade de Medicina de Ribeir\u00e3o Preto da Universidade de S\u00e3o Paulo (FMRP-USP) integra a lista dos pesquisadores mais influentes do mundo. O levantamento \u00e9 publicado todos os anos pelo pesquisador John Ioannidis, da Universidade Stanford (EUA), em parceria com Elsevier, maior editora cient\u00edfica do mundo.\u2026","rel":"","context":"In &quot;Not\u00edcias de Ribeir\u00e3o Preto-SP e Regi\u00e3o&quot;","block_context":{"text":"Not\u00edcias de Ribeir\u00e3o Preto-SP e Regi\u00e3o","link":"https:\/\/noticiasribeiraopreto.com.br\/index.php\/category\/noticias-de-ribeirao-preto-sp-e-regiao-ismael-colosi\/"},"img":{"alt_text":"","src":"https:\/\/i0.wp.com\/noticiasribeiraopreto.com.br\/wp-content\/uploads\/2024\/09\/Copia-de-Copia-de-Copia-de-TAMANHO-EXATO-PARA-FOTOS-NO-SISTEMA-NOVO-74_2024-09-24_22-40-49_png_2024-09-24_22-40-49.webp.webp?fit=1200%2C675&ssl=1&resize=350%2C200","width":350,"height":200,"srcset":"https:\/\/i0.wp.com\/noticiasribeiraopreto.com.br\/wp-content\/uploads\/2024\/09\/Copia-de-Copia-de-Copia-de-TAMANHO-EXATO-PARA-FOTOS-NO-SISTEMA-NOVO-74_2024-09-24_22-40-49_png_2024-09-24_22-40-49.webp.webp?fit=1200%2C675&ssl=1&resize=350%2C200 1x, https:\/\/i0.wp.com\/noticiasribeiraopreto.com.br\/wp-content\/uploads\/2024\/09\/Copia-de-Copia-de-Copia-de-TAMANHO-EXATO-PARA-FOTOS-NO-SISTEMA-NOVO-74_2024-09-24_22-40-49_png_2024-09-24_22-40-49.webp.webp?fit=1200%2C675&ssl=1&resize=525%2C300 1.5x, https:\/\/i0.wp.com\/noticiasribeiraopreto.com.br\/wp-content\/uploads\/2024\/09\/Copia-de-Copia-de-Copia-de-TAMANHO-EXATO-PARA-FOTOS-NO-SISTEMA-NOVO-74_2024-09-24_22-40-49_png_2024-09-24_22-40-49.webp.webp?fit=1200%2C675&ssl=1&resize=700%2C400 2x, https:\/\/i0.wp.com\/noticiasribeiraopreto.com.br\/wp-content\/uploads\/2024\/09\/Copia-de-Copia-de-Copia-de-TAMANHO-EXATO-PARA-FOTOS-NO-SISTEMA-NOVO-74_2024-09-24_22-40-49_png_2024-09-24_22-40-49.webp.webp?fit=1200%2C675&ssl=1&resize=1050%2C600 3x"},"classes":[]},{"id":78019,"url":"https:\/\/noticiasribeiraopreto.com.br\/index.php\/2025\/09\/30\/usp-precisa-de-voluntarios-para-estudo-sobre-gordura-nos-rins-saiba-como-participar\/","url_meta":{"origin":78145,"position":1},"title":"USP precisa de volunt\u00e1rios para estudo sobre gordura nos rins; Saiba como participar","author":"noticiasribeiraopreto.com.br","date":"30 de September de 2025","format":false,"excerpt":"A Faculdade de Medicina de Ribeir\u00e3o Preto da USP (Universidade de S\u00e3o Paulo) est\u00e1 em busca de volunt\u00e1rios para uma pesquisa cl\u00ednica sobre ac\u00famulo de gordura nos rins em pacientes com obesidade grau um. O intuito do estudo \u00e9 avaliar as potenciais consequ\u00eancias desse ac\u00famulo na fun\u00e7\u00e3o renal, na perda\u2026","rel":"","context":"In &quot;Not\u00edcias de Ribeir\u00e3o Preto-SP e Regi\u00e3o&quot;","block_context":{"text":"Not\u00edcias de Ribeir\u00e3o Preto-SP e Regi\u00e3o","link":"https:\/\/noticiasribeiraopreto.com.br\/index.php\/category\/noticias-de-ribeirao-preto-sp-e-regiao-ismael-colosi\/"},"img":{"alt_text":"","src":"https:\/\/i0.wp.com\/noticiasribeiraopreto.com.br\/wp-content\/uploads\/2025\/06\/20170216_00_campus_ribeirao1.webp.webp?fit=800%2C420&ssl=1&resize=350%2C200","width":350,"height":200,"srcset":"https:\/\/i0.wp.com\/noticiasribeiraopreto.com.br\/wp-content\/uploads\/2025\/06\/20170216_00_campus_ribeirao1.webp.webp?fit=800%2C420&ssl=1&resize=350%2C200 1x, https:\/\/i0.wp.com\/noticiasribeiraopreto.com.br\/wp-content\/uploads\/2025\/06\/20170216_00_campus_ribeirao1.webp.webp?fit=800%2C420&ssl=1&resize=525%2C300 1.5x, https:\/\/i0.wp.com\/noticiasribeiraopreto.com.br\/wp-content\/uploads\/2025\/06\/20170216_00_campus_ribeirao1.webp.webp?fit=800%2C420&ssl=1&resize=700%2C400 2x"},"classes":[]},{"id":51924,"url":"https:\/\/noticiasribeiraopreto.com.br\/index.php\/2024\/06\/01\/pesquisadores-da-usp-ribeirao-criam-canudo-ecologico-que-identifica-bebida-vencida-entenda\/","url_meta":{"origin":78145,"position":2},"title":"Pesquisadores da USP Ribeir\u00e3o criam canudo ecol\u00f3gico que identifica bebida vencida; Entenda","author":"noticiasribeiraopreto.com.br","date":"1 de June de 2024","format":false,"excerpt":"Pesquisadores da Faculdade de Filosofia, Ci\u00eancias e Letras de Ribeir\u00e3o Preto (FFCLRP) da USP (Universidade de S\u00e3o Paulo) desenvolveram um canudo ecol\u00f3gico de baba\u00e7u, que muda de cor caso a bebida esteja vencida. Em busca de alternativas para reduzir o uso de pl\u00e1sticos sint\u00e9ticos, os pesquisadores desenvolvem solu\u00e7\u00f5es ecol\u00f3gicas biodegrad\u00e1veis\u2026","rel":"","context":"In &quot;Not\u00edcias de Ribeir\u00e3o Preto-SP e Regi\u00e3o&quot;","block_context":{"text":"Not\u00edcias de Ribeir\u00e3o Preto-SP e Regi\u00e3o","link":"https:\/\/noticiasribeiraopreto.com.br\/index.php\/category\/noticias-de-ribeirao-preto-sp-e-regiao-ismael-colosi\/"},"img":{"alt_text":"","src":"https:\/\/i0.wp.com\/noticiasribeiraopreto.com.br\/wp-content\/uploads\/2024\/06\/Copia-de-Copia-de-TAMANHO-EXATO-PARA-FOTOS-NO-SISTEMA-NOVO-61_2024-06-01_14-35-06_png_2024-06-01_14-35-06.webp.webp?fit=1200%2C675&ssl=1&resize=350%2C200","width":350,"height":200,"srcset":"https:\/\/i0.wp.com\/noticiasribeiraopreto.com.br\/wp-content\/uploads\/2024\/06\/Copia-de-Copia-de-TAMANHO-EXATO-PARA-FOTOS-NO-SISTEMA-NOVO-61_2024-06-01_14-35-06_png_2024-06-01_14-35-06.webp.webp?fit=1200%2C675&ssl=1&resize=350%2C200 1x, https:\/\/i0.wp.com\/noticiasribeiraopreto.com.br\/wp-content\/uploads\/2024\/06\/Copia-de-Copia-de-TAMANHO-EXATO-PARA-FOTOS-NO-SISTEMA-NOVO-61_2024-06-01_14-35-06_png_2024-06-01_14-35-06.webp.webp?fit=1200%2C675&ssl=1&resize=525%2C300 1.5x, https:\/\/i0.wp.com\/noticiasribeiraopreto.com.br\/wp-content\/uploads\/2024\/06\/Copia-de-Copia-de-TAMANHO-EXATO-PARA-FOTOS-NO-SISTEMA-NOVO-61_2024-06-01_14-35-06_png_2024-06-01_14-35-06.webp.webp?fit=1200%2C675&ssl=1&resize=700%2C400 2x, https:\/\/i0.wp.com\/noticiasribeiraopreto.com.br\/wp-content\/uploads\/2024\/06\/Copia-de-Copia-de-TAMANHO-EXATO-PARA-FOTOS-NO-SISTEMA-NOVO-61_2024-06-01_14-35-06_png_2024-06-01_14-35-06.webp.webp?fit=1200%2C675&ssl=1&resize=1050%2C600 3x"},"classes":[]},{"id":50523,"url":"https:\/\/noticiasribeiraopreto.com.br\/index.php\/2024\/05\/16\/pesquisador-da-usp-ribeirao-recebe-premio-internacional-sobre-estudo-contra-o-cancer\/","url_meta":{"origin":78145,"position":3},"title":"Pesquisador da USP Ribeir\u00e3o recebe pr\u00eamio internacional sobre estudo contra o c\u00e2ncer","author":"noticiasribeiraopreto.com.br","date":"16 de May de 2024","format":false,"excerpt":"O pesquisador Alison Felipe Bordini Biggi, da Faculdade de Medicina de Ribeir\u00e3o Preto da USP (Universidade de S\u00e3o Paulo), foi o vencedor do pr\u00eamio Top Scoring Emerging Economy Abstract Award, em raz\u00e3o do estudo de uma c\u00e9lula que pode combater o c\u00e2ncer. A pesquisa foi realizada no Hemocentro de Ribeir\u00e3o\u2026","rel":"","context":"In &quot;Not\u00edcias de Ribeir\u00e3o Preto-SP e Regi\u00e3o&quot;","block_context":{"text":"Not\u00edcias de Ribeir\u00e3o Preto-SP e Regi\u00e3o","link":"https:\/\/noticiasribeiraopreto.com.br\/index.php\/category\/noticias-de-ribeirao-preto-sp-e-regiao-ismael-colosi\/"},"img":{"alt_text":"","src":"https:\/\/i0.wp.com\/noticiasribeiraopreto.com.br\/wp-content\/uploads\/2024\/05\/1715881826_acidadeon_logos_Prancheta-1-copia-12_edited.jpg?fit=1199%2C1200&ssl=1&resize=350%2C200","width":350,"height":200,"srcset":"https:\/\/i0.wp.com\/noticiasribeiraopreto.com.br\/wp-content\/uploads\/2024\/05\/1715881826_acidadeon_logos_Prancheta-1-copia-12_edited.jpg?fit=1199%2C1200&ssl=1&resize=350%2C200 1x, https:\/\/i0.wp.com\/noticiasribeiraopreto.com.br\/wp-content\/uploads\/2024\/05\/1715881826_acidadeon_logos_Prancheta-1-copia-12_edited.jpg?fit=1199%2C1200&ssl=1&resize=525%2C300 1.5x, https:\/\/i0.wp.com\/noticiasribeiraopreto.com.br\/wp-content\/uploads\/2024\/05\/1715881826_acidadeon_logos_Prancheta-1-copia-12_edited.jpg?fit=1199%2C1200&ssl=1&resize=700%2C400 2x, https:\/\/i0.wp.com\/noticiasribeiraopreto.com.br\/wp-content\/uploads\/2024\/05\/1715881826_acidadeon_logos_Prancheta-1-copia-12_edited.jpg?fit=1199%2C1200&ssl=1&resize=1050%2C600 3x"},"classes":[]},{"id":61223,"url":"https:\/\/noticiasribeiraopreto.com.br\/index.php\/2024\/12\/06\/professor-da-usp-ribeirao-e-eleito-membro-da-academia-brasileira-de-ciencia\/","url_meta":{"origin":78145,"position":4},"title":"Professor da USP Ribeir\u00e3o \u00e9 eleito membro da Academia Brasileira de Ci\u00eancia","author":"noticiasribeiraopreto.com.br","date":"6 de December de 2024","format":false,"excerpt":"O professor Fausto Almeida, da Faculdade de Medicina de Ribeir\u00e3o Preto (FMRP) da USP (Universidade de S\u00e3o Paulo), foi eleito Membro Afiliado da Academia Brasileira de Ci\u00eancias (ABC) para a \u00e1rea de Ci\u00eancias Biom\u00e9dicas. A categoria reconhece pesquisadores promissores de at\u00e9 40 anos, para mandatos de cinco anos. De acordo\u2026","rel":"","context":"In &quot;Not\u00edcias de Ribeir\u00e3o Preto-SP e Regi\u00e3o&quot;","block_context":{"text":"Not\u00edcias de Ribeir\u00e3o Preto-SP e Regi\u00e3o","link":"https:\/\/noticiasribeiraopreto.com.br\/index.php\/category\/noticias-de-ribeirao-preto-sp-e-regiao-ismael-colosi\/"},"img":{"alt_text":"","src":"https:\/\/i0.wp.com\/noticiasribeiraopreto.com.br\/wp-content\/uploads\/2024\/12\/Copia-de-Copia-de-Copia-de-TAMANHO-EXATO-PARA-FOTOS-NO-SISTEMA-NOVO-2024-12-06T123114.185_2024-12-06_15-31-40_png_2024-12-06_15-31-40.webp.webp?fit=1200%2C675&ssl=1&resize=350%2C200","width":350,"height":200,"srcset":"https:\/\/i0.wp.com\/noticiasribeiraopreto.com.br\/wp-content\/uploads\/2024\/12\/Copia-de-Copia-de-Copia-de-TAMANHO-EXATO-PARA-FOTOS-NO-SISTEMA-NOVO-2024-12-06T123114.185_2024-12-06_15-31-40_png_2024-12-06_15-31-40.webp.webp?fit=1200%2C675&ssl=1&resize=350%2C200 1x, https:\/\/i0.wp.com\/noticiasribeiraopreto.com.br\/wp-content\/uploads\/2024\/12\/Copia-de-Copia-de-Copia-de-TAMANHO-EXATO-PARA-FOTOS-NO-SISTEMA-NOVO-2024-12-06T123114.185_2024-12-06_15-31-40_png_2024-12-06_15-31-40.webp.webp?fit=1200%2C675&ssl=1&resize=525%2C300 1.5x, https:\/\/i0.wp.com\/noticiasribeiraopreto.com.br\/wp-content\/uploads\/2024\/12\/Copia-de-Copia-de-Copia-de-TAMANHO-EXATO-PARA-FOTOS-NO-SISTEMA-NOVO-2024-12-06T123114.185_2024-12-06_15-31-40_png_2024-12-06_15-31-40.webp.webp?fit=1200%2C675&ssl=1&resize=700%2C400 2x, https:\/\/i0.wp.com\/noticiasribeiraopreto.com.br\/wp-content\/uploads\/2024\/12\/Copia-de-Copia-de-Copia-de-TAMANHO-EXATO-PARA-FOTOS-NO-SISTEMA-NOVO-2024-12-06T123114.185_2024-12-06_15-31-40_png_2024-12-06_15-31-40.webp.webp?fit=1200%2C675&ssl=1&resize=1050%2C600 3x"},"classes":[]},{"id":37804,"url":"https:\/\/noticiasribeiraopreto.com.br\/index.php\/2024\/02\/18\/pesquisa-da-usp-ribeirao-mostra-que-dinossauros-carnivoros-dominavam-a-area-central-da-america-do-sul\/","url_meta":{"origin":78145,"position":5},"title":"Pesquisa da USP Ribeir\u00e3o mostra que dinossauros carn\u00edvoros dominavam a \u00e1rea central da Am\u00e9rica do Sul","author":"noticiasribeiraopreto.com.br","date":"18 de February de 2024","format":false,"excerpt":"Uma pesquisa da Faculdade de Filosofia, Ci\u00eancias e Letras de Ribeir\u00e3o Preto (FFCLRP) da USP (Universidade de S\u00e3o Paulo) aponta que dinossauros do grupo ter\u00f3podes (b\u00edpedes, geralmente carn\u00edvoros ou omn\u00edvoros), eram predominantes na \u00e1rea central do continente sul-americano. A descoberta foi realizada por meio de uma reavalia\u00e7\u00e3o de 179 dentes\u2026","rel":"","context":"In &quot;Not\u00edcias de Ribeir\u00e3o Preto-SP e Regi\u00e3o&quot;","block_context":{"text":"Not\u00edcias de Ribeir\u00e3o Preto-SP e Regi\u00e3o","link":"https:\/\/noticiasribeiraopreto.com.br\/index.php\/category\/noticias-de-ribeirao-preto-sp-e-regiao-ismael-colosi\/"},"img":{"alt_text":"","src":"https:\/\/i0.wp.com\/noticiasribeiraopreto.com.br\/wp-content\/uploads\/2024\/02\/20240215_abelissauros_1200x630-e1708112989199.png?fit=945%2C630&ssl=1&resize=350%2C200","width":350,"height":200,"srcset":"https:\/\/i0.wp.com\/noticiasribeiraopreto.com.br\/wp-content\/uploads\/2024\/02\/20240215_abelissauros_1200x630-e1708112989199.png?fit=945%2C630&ssl=1&resize=350%2C200 1x, https:\/\/i0.wp.com\/noticiasribeiraopreto.com.br\/wp-content\/uploads\/2024\/02\/20240215_abelissauros_1200x630-e1708112989199.png?fit=945%2C630&ssl=1&resize=525%2C300 1.5x, https:\/\/i0.wp.com\/noticiasribeiraopreto.com.br\/wp-content\/uploads\/2024\/02\/20240215_abelissauros_1200x630-e1708112989199.png?fit=945%2C630&ssl=1&resize=700%2C400 2x"},"classes":[]}],"jetpack_sharing_enabled":true,"jetpack_shortlink":"https:\/\/wp.me\/peQAOb-kkp","_links":{"self":[{"href":"https:\/\/noticiasribeiraopreto.com.br\/index.php\/wp-json\/wp\/v2\/posts\/78145","targetHints":{"allow":["GET"]}}],"collection":[{"href":"https:\/\/noticiasribeiraopreto.com.br\/index.php\/wp-json\/wp\/v2\/posts"}],"about":[{"href":"https:\/\/noticiasribeiraopreto.com.br\/index.php\/wp-json\/wp\/v2\/types\/post"}],"author":[{"embeddable":true,"href":"https:\/\/noticiasribeiraopreto.com.br\/index.php\/wp-json\/wp\/v2\/users\/1"}],"replies":[{"embeddable":true,"href":"https:\/\/noticiasribeiraopreto.com.br\/index.php\/wp-json\/wp\/v2\/comments?post=78145"}],"version-history":[{"count":0,"href":"https:\/\/noticiasribeiraopreto.com.br\/index.php\/wp-json\/wp\/v2\/posts\/78145\/revisions"}],"wp:featuredmedia":[{"embeddable":true,"href":"https:\/\/noticiasribeiraopreto.com.br\/index.php\/wp-json\/wp\/v2\/media\/77381"}],"wp:attachment":[{"href":"https:\/\/noticiasribeiraopreto.com.br\/index.php\/wp-json\/wp\/v2\/media?parent=78145"}],"wp:term":[{"taxonomy":"category","embeddable":true,"href":"https:\/\/noticiasribeiraopreto.com.br\/index.php\/wp-json\/wp\/v2\/categories?post=78145"},{"taxonomy":"post_tag","embeddable":true,"href":"https:\/\/noticiasribeiraopreto.com.br\/index.php\/wp-json\/wp\/v2\/tags?post=78145"}],"curies":[{"name":"wp","href":"https:\/\/api.w.org\/{rel}","templated":true}]}}