{"id":78146,"date":"2025-10-02T20:38:23","date_gmt":"2025-10-02T23:38:23","guid":{"rendered":"https:\/\/noticiasribeiraopreto.com.br\/index.php\/2025\/10\/02\/atencao-na-pista-entenda-obras-na-anhanguera-e-na-antonio-machado-santanna\/"},"modified":"2025-10-02T20:38:23","modified_gmt":"2025-10-02T23:38:23","slug":"atencao-na-pista-entenda-obras-na-anhanguera-e-na-antonio-machado-santanna","status":"publish","type":"post","link":"https:\/\/noticiasribeiraopreto.com.br\/index.php\/2025\/10\/02\/atencao-na-pista-entenda-obras-na-anhanguera-e-na-antonio-machado-santanna\/","title":{"rendered":"Aten\u00e7\u00e3o na pista: Entenda obras na Anhanguera e na Ant\u00f4nio Machado Sant\u2019Anna"},"content":{"rendered":"<div class='code-block code-block-1' style='margin: 8px 0 8px auto; text-align: right; display: block; clear: both;'>\n<p><a href=\"https:\/\/wa.link\/vpicfd\"><img data-recalc-dims=\"1\" class=\"wp-image-4922\" style=\"aspect-ratio: 2.0253164556962027; width: 561px; height: auto;\" src=\"https:\/\/i0.wp.com\/ismaelcolosi.com.br\/wp-content\/uploads\/2023\/11\/grupo-de-empregos-whatsapp-e-facebook-ismael-colosi-vagas.jpg?ssl=1\" alt=\"\" \/><\/a><\/p>\n<!-- \/wp:image -->\n<\/div>\n<p> <br \/>\n<\/p>\n<div>\n<p>A<strong> Arteris\/ViaPaulista<\/strong> informou que at\u00e9 o dia 31 de outubro vai realizar obras de recupera\u00e7\u00e3o de pavimento na<strong> rodovia Anhanguera (SP-330)<\/strong> no trecho entre os quil\u00f4metros 240 e 306, que vai de Santa Rita do Passa Quatro a <strong>Ribeir\u00e3o Preto<\/strong>, passando ainda pelos munic\u00edpios de<strong> S\u00e3o Sim\u00e3o <\/strong>e <strong>Cravinhos<\/strong>.<\/p>\n<p>As interven\u00e7\u00f5es, que integram o Ciclo de Conserva Especial da concession\u00e1ria, ocorrem nos sentidos Sul e Norte, com bloqueios parciais e alternados das faixas. Em alguns casos, al\u00e7as de acesso e dispositivos tamb\u00e9m ser\u00e3o interditados pontualmente.<\/p>\n<p>\u201cO objetivo da interven\u00e7\u00e3o \u00e9 a revitaliza\u00e7\u00e3o total do pavimento sob gest\u00e3o da empresa, melhorar a trafegabilidade e a seguran\u00e7a vi\u00e1ria\u201d, informa.<\/p>\n<h2 class=\"wp-block-heading\"><strong>Sentido Sul<\/strong><\/h2>\n<p>Entre os quil\u00f4metros 240 e 249, na serra de Santa Rita do Passa Quatro, os trabalhos est\u00e3o concentrados no sentido Sul (capital) com a interdi\u00e7\u00e3o das faixas 1, 2 e acostamento. A Arteris ViaPaulista alerta que neste trecho de serra \u00e9 necess\u00e1rio que motoristas redobrem a aten\u00e7\u00e3o devido a grande presen\u00e7a de caminh\u00f5es e aclive.<\/p>\n<figure class=\"wp-block-image size-full\"><img data-recalc-dims=\"1\" fetchpriority=\"high\" decoding=\"async\" width=\"600\" height=\"800\" src=\"https:\/\/i0.wp.com\/cdn.media-acidadeon.com.br\/ribeiraopreto\/wp-content\/uploads\/sites\/3\/2025\/10\/obra-anhanguera_2025-10-02_20-27-20.webp?resize=600%2C800&#038;ssl=1\" alt=\"obra anhanguera 2025 10 02 20 27 20\" class=\"wp-image-131105\" title=\"Aten\u00e7\u00e3o na pista: Entenda obras na Anhanguera e na Ant\u00f4nio Machado Sant\u2019Anna 1\" srcset=\"https:\/\/cdn.media-acidadeon.com.br\/ribeiraopreto\/wp-content\/uploads\/sites\/3\/2025\/10\/obra-anhanguera_2025-10-02_20-27-20.webp 600w, https:\/\/cdn.media-acidadeon.com.br\/ribeiraopreto\/wp-content\/uploads\/sites\/3\/2025\/10\/obra-anhanguera_2025-10-02_20-27-20-225x300.webp 225w\" sizes=\"(max-width: 600px) 100vw, 600px\"\/><figcaption class=\"wp-element-caption\">Obras acontecem diariamente no per\u00edodo entre 7h e 17h (Foto: divulga\u00e7\u00e3o)<\/figcaption><\/figure>\n<h2 class=\"wp-block-heading\"><strong>Rodovia Ant\u00f4nio Machado Sant\u2019Anna<\/strong><\/h2>\n<p>Os servi\u00e7os de recupera\u00e7\u00e3o de pavimento tamb\u00e9m ser\u00e3o realizados na Rodovia Ant\u00f4nio Machado Sant\u2019Anna (SP-255), entre os quil\u00f4metros 15 e 25, em Cravinhos, nos sentidos Norte e Sul.<\/p>\n<p>O investimento total do Ciclo de Conserva\u00e7\u00e3o na SP-330 \u00e9 em torno de R$ 159 milh\u00f5es.<\/p>\n<p>Eventualmente, a programa\u00e7\u00e3o poder\u00e1 ser alterada de acordo com as condi\u00e7\u00f5es clim\u00e1ticas e de tr\u00e1fego, que ser\u00e1 monitorado com o apoio da equipe da concession\u00e1ria e por meio do Centro de Controle Operacional (CCO).<\/p>\n<h2 class=\"wp-block-heading\"><strong>Din\u00e2mica dos servi\u00e7os<\/strong><\/h2>\n<p>Para os servi\u00e7os de conserva especial do pavimento quatro equipes realizam as interven\u00e7\u00f5es diariamente, em hor\u00e1rio comercial, entre 7h e 17h.<\/p>\n<p>No per\u00edodo das interven\u00e7\u00f5es, motoristas dever\u00e3o redobrar a aten\u00e7\u00e3o, obedecer \u00e0 sinaliza\u00e7\u00e3o indicativa instalada na rodovia e reduzir a velocidade nestes trechos, mantendo sempre uma dist\u00e2ncia segura do ve\u00edculo \u00e0 frente para evitar colis\u00f5es traseiras.<\/p>\n<p>SAIBA MAIS<br \/>Ribeir\u00e3o Preto segue em alerta para baixa umidade e risco de queimadas<\/p>\n<h2 class=\"wp-block-heading\"><strong>FIQUE ON<\/strong><\/h2>\n<p>Fique ligado em tudo que acontece em Ribeir\u00e3o Preto e regi\u00e3o. Siga os perfis do<strong>\u00a0acidade on<\/strong>\u00a0no<a href=\"https:\/\/www.instagram.com\/acidadeonribeirao\" target=\"_blank\" rel=\"noreferrer noopener\">\u00a0Instagram<\/a>\u00a0e no\u00a0<a href=\"https:\/\/www.facebook.com\/acidadeonribeirao\/\" target=\"_blank\" rel=\"noreferrer noopener\">Facebook<\/a>.<\/p>\n<p>Receba not\u00edcias do<strong>\u00a0acidade on\u00a0<\/strong>no WhatsApp. Para entrar no grupo,\u00a0basta<a href=\"https:\/\/chat.whatsapp.com\/I4nieTEMKlf50pJ28aMemC?mode=ac_t\" target=\"_blank\" rel=\"noreferrer noopener\">\u00a0clicar aqui<\/a>. Ou, acesse o nosso\u00a0Canal\u00a0<a href=\"https:\/\/whatsapp.com\/channel\/0029Vb6IQl1JENyAeS57fk2p\" target=\"_blank\" rel=\"noreferrer noopener\">clicando aqui<\/a>.<\/p>\n<p>Fa\u00e7a uma den\u00fancia ou sugira uma reportagem sobre Ribeir\u00e3o Preto e regi\u00e3o pelo WhatsApp: 16 99117 7802.<\/p>\n<p>VEJA TAMB\u00c9M<br \/>Quando come\u00e7a a valer a isen\u00e7\u00e3o do IR?<\/p>\n<p><!-- AI CONTENT END 1 -->\n<\/div>\n<p><script async src=\"\/\/www.instagram.com\/embed.js\"><\/script><br \/>\n<br \/><br \/>\n<br \/><a href=\"https:\/\/www.acidadeon.com\/ribeiraopreto\/cotidiano\/atencao-na-pista-entenda-obras-na-anhanguera-e-na-antonio-machado-santanna\/\">Source link <\/a><\/p>\n<!-- CONTENT END 1 -->\n","protected":false},"excerpt":{"rendered":"<p>A Arteris\/ViaPaulista informou que at\u00e9 o dia 31 de outubro vai realizar obras de recupera\u00e7\u00e3o de pavimento na rodovia Anhanguera (SP-330) no trecho entre os&#8230;<\/p>\n","protected":false},"author":1,"featured_media":78147,"comment_status":"open","ping_status":"open","sticky":false,"template":"","format":"standard","meta":{"advanced_seo_description":"","jetpack_seo_html_title":"","jetpack_seo_noindex":false,"jetpack_post_was_ever_published":false,"_jetpack_newsletter_access":"","_jetpack_dont_email_post_to_subs":false,"_jetpack_newsletter_tier_id":0,"_jetpack_memberships_contains_paywalled_content":false,"_jetpack_memberships_contains_paid_content":false,"footnotes":"","jetpack_publicize_message":"","jetpack_publicize_feature_enabled":true,"jetpack_social_post_already_shared":true,"jetpack_social_options":{"image_generator_settings":{"template":"highway","default_image_id":0,"font":"","enabled":false},"version":2}},"categories":[11],"tags":[],"class_list":["post-78146","post","type-post","status-publish","format-standard","has-post-thumbnail","hentry","category-noticias-de-ribeirao-preto-sp-e-regiao-ismael-colosi"],"jetpack_publicize_connections":[],"jetpack_featured_media_url":"https:\/\/i0.wp.com\/noticiasribeiraopreto.com.br\/wp-content\/uploads\/2025\/10\/obra-anhanguera-1_2025-10-02_20-26-30.webp.webp?fit=1200%2C675&ssl=1","jetpack-related-posts":[{"id":70853,"url":"https:\/\/noticiasribeiraopreto.com.br\/index.php\/2025\/05\/30\/anhanguera-tera-trecho-em-obras-na-regiao-de-rp\/","url_meta":{"origin":78146,"position":0},"title":"Anhanguera ter\u00e1 trecho em obras na regi\u00e3o de RP","author":"noticiasribeiraopreto.com.br","date":"30 de May de 2025","format":false,"excerpt":"Al\u00e7as de acesso ser\u00e3o interditadas para obras de pavimenta\u00e7\u00e3o asf\u00e1ltica 30 de maio de 2025 15:2030 de maio de 2025 15:213 Compartilhar0 A concession\u00e1ria Arteris ViaPaulista informa que realizar\u00e1 a interdi\u00e7\u00e3o do dispositivo de acesso \u00e0 marginal da Rodovia Anhanguera (SP-330) em Cravinhos, no km 297, distrito industrial, das 7h\u2026","rel":"","context":"In &quot;Not\u00edcias de Ribeir\u00e3o Preto-SP e Regi\u00e3o&quot;","block_context":{"text":"Not\u00edcias de Ribeir\u00e3o Preto-SP e Regi\u00e3o","link":"https:\/\/noticiasribeiraopreto.com.br\/index.php\/category\/noticias-de-ribeirao-preto-sp-e-regiao-ismael-colosi\/"},"img":{"alt_text":"","src":"https:\/\/i0.wp.com\/noticiasribeiraopreto.com.br\/wp-content\/uploads\/2025\/05\/30-mai-2025-obrasanhanguera.jpg?fit=800%2C533&ssl=1&resize=350%2C200","width":350,"height":200,"srcset":"https:\/\/i0.wp.com\/noticiasribeiraopreto.com.br\/wp-content\/uploads\/2025\/05\/30-mai-2025-obrasanhanguera.jpg?fit=800%2C533&ssl=1&resize=350%2C200 1x, https:\/\/i0.wp.com\/noticiasribeiraopreto.com.br\/wp-content\/uploads\/2025\/05\/30-mai-2025-obrasanhanguera.jpg?fit=800%2C533&ssl=1&resize=525%2C300 1.5x, https:\/\/i0.wp.com\/noticiasribeiraopreto.com.br\/wp-content\/uploads\/2025\/05\/30-mai-2025-obrasanhanguera.jpg?fit=800%2C533&ssl=1&resize=700%2C400 2x"},"classes":[]},{"id":65126,"url":"https:\/\/noticiasribeiraopreto.com.br\/index.php\/2025\/03\/16\/jornal-da-franca-rodovias-candido-portinari-e-ronan-rocha-vao-receber-obras-de-recuperacao-do-asfalto\/","url_meta":{"origin":78146,"position":1},"title":"Jornal da Franca &#8211; Rodovias C\u00e2ndido Portinari e Ronan Rocha v\u00e3o receber obras de recupera\u00e7\u00e3o do asfalto","author":"noticiasribeiraopreto.com.br","date":"16 de March de 2025","format":false,"excerpt":"compartilhar no whatsapp compartilhar no telegram compartilhar no facebook compartilhar no linkedin Com as obras, motoristas dever\u00e3o redobrar a aten\u00e7\u00e3o, obedecer \u00e0 sinaliza\u00e7\u00e3o instalada nas rodovias e reduzir a velocidade nestes trechos A Rodovia C\u00e2ndido Portinari vai receber obras de conserva\u00e7\u00e3o e recupera\u00e7\u00e3o do asfalto, em um trecho de 88\u2026","rel":"","context":"In &quot;Not\u00edcias de Franca-SP&quot;","block_context":{"text":"Not\u00edcias de Franca-SP","link":"https:\/\/noticiasribeiraopreto.com.br\/index.php\/category\/noticias-de-ribeirao-preto-sp-e-regiao-ismael-colosi\/noticias-franca-sp\/"},"img":{"alt_text":"","src":"https:\/\/i0.wp.com\/noticiasribeiraopreto.com.br\/wp-content\/uploads\/2025\/03\/Candido-Portinari-proximo-shopping.jpg?fit=1024%2C768&ssl=1&resize=350%2C200","width":350,"height":200,"srcset":"https:\/\/i0.wp.com\/noticiasribeiraopreto.com.br\/wp-content\/uploads\/2025\/03\/Candido-Portinari-proximo-shopping.jpg?fit=1024%2C768&ssl=1&resize=350%2C200 1x, https:\/\/i0.wp.com\/noticiasribeiraopreto.com.br\/wp-content\/uploads\/2025\/03\/Candido-Portinari-proximo-shopping.jpg?fit=1024%2C768&ssl=1&resize=525%2C300 1.5x, https:\/\/i0.wp.com\/noticiasribeiraopreto.com.br\/wp-content\/uploads\/2025\/03\/Candido-Portinari-proximo-shopping.jpg?fit=1024%2C768&ssl=1&resize=700%2C400 2x"},"classes":[]},{"id":70926,"url":"https:\/\/noticiasribeiraopreto.com.br\/index.php\/2025\/05\/31\/saiba-por-que-alcas-de-acesso-na-rodovia-anhanguera-foram-interditadas\/","url_meta":{"origin":78146,"position":2},"title":"Saiba por que al\u00e7as de acesso na rodovia Anhanguera foram interditadas","author":"noticiasribeiraopreto.com.br","date":"31 de May de 2025","format":false,"excerpt":"O acesso \u00e0 marginal da rodovia Anhanguera (SP-330) em Cravinhos, cidade na regi\u00e3o de Ribeir\u00e3o Preto, no km 297, foram interditadas na manh\u00e3 deste s\u00e1bado (31). De acordo com a Arteris ViaPaulista, concession\u00e1ria respons\u00e1vel pela via, a interdi\u00e7\u00e3o come\u00e7ou \u00e0s 7h e deve seguir at\u00e9 o final da tarde, \u00e0s\u2026","rel":"","context":"In &quot;Not\u00edcias de Ribeir\u00e3o Preto-SP e Regi\u00e3o&quot;","block_context":{"text":"Not\u00edcias de Ribeir\u00e3o Preto-SP e Regi\u00e3o","link":"https:\/\/noticiasribeiraopreto.com.br\/index.php\/category\/noticias-de-ribeirao-preto-sp-e-regiao-ismael-colosi\/"},"img":{"alt_text":"","src":"https:\/\/i0.wp.com\/noticiasribeiraopreto.com.br\/wp-content\/uploads\/2025\/05\/DJI_0662.width-800_2025-05-31_15-06-11.webp.webp?fit=800%2C533&ssl=1&resize=350%2C200","width":350,"height":200,"srcset":"https:\/\/i0.wp.com\/noticiasribeiraopreto.com.br\/wp-content\/uploads\/2025\/05\/DJI_0662.width-800_2025-05-31_15-06-11.webp.webp?fit=800%2C533&ssl=1&resize=350%2C200 1x, https:\/\/i0.wp.com\/noticiasribeiraopreto.com.br\/wp-content\/uploads\/2025\/05\/DJI_0662.width-800_2025-05-31_15-06-11.webp.webp?fit=800%2C533&ssl=1&resize=525%2C300 1.5x, https:\/\/i0.wp.com\/noticiasribeiraopreto.com.br\/wp-content\/uploads\/2025\/05\/DJI_0662.width-800_2025-05-31_15-06-11.webp.webp?fit=800%2C533&ssl=1&resize=700%2C400 2x"},"classes":[]},{"id":47776,"url":"https:\/\/noticiasribeiraopreto.com.br\/index.php\/2024\/04\/28\/carreta-pega-fogo-apos-acidente-na-rodovia-anhanguera-na-regiao-de-ribeirao-preto\/","url_meta":{"origin":78146,"position":3},"title":"Carreta pega fogo ap\u00f3s acidente na rodovia Anhanguera na regi\u00e3o de Ribeir\u00e3o Preto","author":"noticiasribeiraopreto.com.br","date":"28 de April de 2024","format":false,"excerpt":"Um acidente ocorrido no final da manh\u00e3 deste domingo (28) provocou a interdi\u00e7\u00e3o da rodovia Anhanguera (SP-330) pr\u00f3ximo ao km 240, em Santa Rita do Passa Quatro, cidade a aproximadamente 80 quil\u00f4metros de Ribeir\u00e3o Preto. De acordo com a concession\u00e1ria ViaPaulista, equipes foram acionadas para atender uma ocorr\u00eancia de choque\u2026","rel":"","context":"In &quot;Not\u00edcias de Ribeir\u00e3o Preto-SP e Regi\u00e3o&quot;","block_context":{"text":"Not\u00edcias de Ribeir\u00e3o Preto-SP e Regi\u00e3o","link":"https:\/\/noticiasribeiraopreto.com.br\/index.php\/category\/noticias-de-ribeirao-preto-sp-e-regiao-ismael-colosi\/"},"img":{"alt_text":"","src":"https:\/\/i0.wp.com\/noticiasribeiraopreto.com.br\/wp-content\/uploads\/2024\/04\/Copia-de-Copia-de-TAMANHO-EXATO-PARA-FOTOS-NO-SISTEMA-NOVO-16_2024-04-28_17-42-16_png.webp.webp?fit=1200%2C675&ssl=1&resize=350%2C200","width":350,"height":200,"srcset":"https:\/\/i0.wp.com\/noticiasribeiraopreto.com.br\/wp-content\/uploads\/2024\/04\/Copia-de-Copia-de-TAMANHO-EXATO-PARA-FOTOS-NO-SISTEMA-NOVO-16_2024-04-28_17-42-16_png.webp.webp?fit=1200%2C675&ssl=1&resize=350%2C200 1x, https:\/\/i0.wp.com\/noticiasribeiraopreto.com.br\/wp-content\/uploads\/2024\/04\/Copia-de-Copia-de-TAMANHO-EXATO-PARA-FOTOS-NO-SISTEMA-NOVO-16_2024-04-28_17-42-16_png.webp.webp?fit=1200%2C675&ssl=1&resize=525%2C300 1.5x, https:\/\/i0.wp.com\/noticiasribeiraopreto.com.br\/wp-content\/uploads\/2024\/04\/Copia-de-Copia-de-TAMANHO-EXATO-PARA-FOTOS-NO-SISTEMA-NOVO-16_2024-04-28_17-42-16_png.webp.webp?fit=1200%2C675&ssl=1&resize=700%2C400 2x, https:\/\/i0.wp.com\/noticiasribeiraopreto.com.br\/wp-content\/uploads\/2024\/04\/Copia-de-Copia-de-TAMANHO-EXATO-PARA-FOTOS-NO-SISTEMA-NOVO-16_2024-04-28_17-42-16_png.webp.webp?fit=1200%2C675&ssl=1&resize=1050%2C600 3x"},"classes":[]},{"id":808,"url":"https:\/\/noticiasribeiraopreto.com.br\/index.php\/2023\/11\/09\/motorista-morre-apos-colisao-entre-duas-carretas-em-santa-rita-do-passa-quatro-x-tudo-ribeirao\/","url_meta":{"origin":78146,"position":4},"title":"Motorista morre ap\u00f3s colis\u00e3o entre duas carretas em Santa Rita do Passa Quatro \u2013 X Tudo Ribeir\u00e3o","author":"noticiasribeiraopreto.com.br","date":"9 de November de 2023","format":false,"excerpt":"Um motorista morreu ap\u00f3s a colis\u00e3o envolvendo duas carretas na tarde desta quarta-feira (8\/11), no km 254 da rodovia Anhanguera, em Santa Rita do Passa Quatro.\u00a0 Segundo informa\u00e7\u00f5es da Pol\u00edcia Militar Rodovi\u00e1ria, os ve\u00edculos seguia no sentido Capital Paulista \u2013 Ribeir\u00e3o Preto, quando por motivos desconhecidos ocorreu a colis\u00e3o. O\u2026","rel":"","context":"In &quot;Not\u00edcias de Ribeir\u00e3o Preto-SP e Regi\u00e3o&quot;","block_context":{"text":"Not\u00edcias de Ribeir\u00e3o Preto-SP e Regi\u00e3o","link":"https:\/\/noticiasribeiraopreto.com.br\/index.php\/category\/noticias-de-ribeirao-preto-sp-e-regiao-ismael-colosi\/"},"img":{"alt_text":"","src":"https:\/\/i0.wp.com\/noticiasribeiraopreto.com.br\/wp-content\/uploads\/2023\/11\/WhatsApp-Image-2023-11-09-at-09.50.27-1.jpeg?fit=868%2C1156&ssl=1&resize=350%2C200","width":350,"height":200,"srcset":"https:\/\/i0.wp.com\/noticiasribeiraopreto.com.br\/wp-content\/uploads\/2023\/11\/WhatsApp-Image-2023-11-09-at-09.50.27-1.jpeg?fit=868%2C1156&ssl=1&resize=350%2C200 1x, https:\/\/i0.wp.com\/noticiasribeiraopreto.com.br\/wp-content\/uploads\/2023\/11\/WhatsApp-Image-2023-11-09-at-09.50.27-1.jpeg?fit=868%2C1156&ssl=1&resize=525%2C300 1.5x, https:\/\/i0.wp.com\/noticiasribeiraopreto.com.br\/wp-content\/uploads\/2023\/11\/WhatsApp-Image-2023-11-09-at-09.50.27-1.jpeg?fit=868%2C1156&ssl=1&resize=700%2C400 2x"},"classes":[]},{"id":67592,"url":"https:\/\/noticiasribeiraopreto.com.br\/index.php\/2025\/04\/16\/novo-radar-vai-comecar-a-funcionar-na-anhanguera-veja-quando-e-a-localizacao\/","url_meta":{"origin":78146,"position":5},"title":"Novo radar vai come\u00e7ar a funcionar na Anhanguera; Veja quando e a localiza\u00e7\u00e3o","author":"noticiasribeiraopreto.com.br","date":"16 de April de 2025","format":false,"excerpt":"Um novo radar fixo entrar\u00e1 em opera\u00e7\u00e3o na rodovia Anhanguera (SP-330), na altura do km 247+800, no sentido Sul (Capital), em Santa Rita do Passa Quatro, cidade a aproximadamente 80 quil\u00f4metros de Ribeir\u00e3o Preto. Segundo a concession\u00e1ria Arteris ViaPaulista, o equipameto come\u00e7a a autuar os motoristas por excesso\u00a0de velocidade a\u2026","rel":"","context":"In &quot;Not\u00edcias de Ribeir\u00e3o Preto-SP e Regi\u00e3o&quot;","block_context":{"text":"Not\u00edcias de Ribeir\u00e3o Preto-SP e Regi\u00e3o","link":"https:\/\/noticiasribeiraopreto.com.br\/index.php\/category\/noticias-de-ribeirao-preto-sp-e-regiao-ismael-colosi\/"},"img":{"alt_text":"","src":"https:\/\/i0.wp.com\/noticiasribeiraopreto.com.br\/wp-content\/uploads\/2025\/04\/WhatsApp-Image-2025-04-16-at-10.44.25_2025-04-16_14-15-40_jpeg_2025-04-16_14-15-41.webp.webp?fit=1200%2C540&ssl=1&resize=350%2C200","width":350,"height":200,"srcset":"https:\/\/i0.wp.com\/noticiasribeiraopreto.com.br\/wp-content\/uploads\/2025\/04\/WhatsApp-Image-2025-04-16-at-10.44.25_2025-04-16_14-15-40_jpeg_2025-04-16_14-15-41.webp.webp?fit=1200%2C540&ssl=1&resize=350%2C200 1x, https:\/\/i0.wp.com\/noticiasribeiraopreto.com.br\/wp-content\/uploads\/2025\/04\/WhatsApp-Image-2025-04-16-at-10.44.25_2025-04-16_14-15-40_jpeg_2025-04-16_14-15-41.webp.webp?fit=1200%2C540&ssl=1&resize=525%2C300 1.5x, https:\/\/i0.wp.com\/noticiasribeiraopreto.com.br\/wp-content\/uploads\/2025\/04\/WhatsApp-Image-2025-04-16-at-10.44.25_2025-04-16_14-15-40_jpeg_2025-04-16_14-15-41.webp.webp?fit=1200%2C540&ssl=1&resize=700%2C400 2x, https:\/\/i0.wp.com\/noticiasribeiraopreto.com.br\/wp-content\/uploads\/2025\/04\/WhatsApp-Image-2025-04-16-at-10.44.25_2025-04-16_14-15-40_jpeg_2025-04-16_14-15-41.webp.webp?fit=1200%2C540&ssl=1&resize=1050%2C600 3x"},"classes":[]}],"jetpack_sharing_enabled":true,"jetpack_shortlink":"https:\/\/wp.me\/peQAOb-kkq","_links":{"self":[{"href":"https:\/\/noticiasribeiraopreto.com.br\/index.php\/wp-json\/wp\/v2\/posts\/78146","targetHints":{"allow":["GET"]}}],"collection":[{"href":"https:\/\/noticiasribeiraopreto.com.br\/index.php\/wp-json\/wp\/v2\/posts"}],"about":[{"href":"https:\/\/noticiasribeiraopreto.com.br\/index.php\/wp-json\/wp\/v2\/types\/post"}],"author":[{"embeddable":true,"href":"https:\/\/noticiasribeiraopreto.com.br\/index.php\/wp-json\/wp\/v2\/users\/1"}],"replies":[{"embeddable":true,"href":"https:\/\/noticiasribeiraopreto.com.br\/index.php\/wp-json\/wp\/v2\/comments?post=78146"}],"version-history":[{"count":0,"href":"https:\/\/noticiasribeiraopreto.com.br\/index.php\/wp-json\/wp\/v2\/posts\/78146\/revisions"}],"wp:featuredmedia":[{"embeddable":true,"href":"https:\/\/noticiasribeiraopreto.com.br\/index.php\/wp-json\/wp\/v2\/media\/78147"}],"wp:attachment":[{"href":"https:\/\/noticiasribeiraopreto.com.br\/index.php\/wp-json\/wp\/v2\/media?parent=78146"}],"wp:term":[{"taxonomy":"category","embeddable":true,"href":"https:\/\/noticiasribeiraopreto.com.br\/index.php\/wp-json\/wp\/v2\/categories?post=78146"},{"taxonomy":"post_tag","embeddable":true,"href":"https:\/\/noticiasribeiraopreto.com.br\/index.php\/wp-json\/wp\/v2\/tags?post=78146"}],"curies":[{"name":"wp","href":"https:\/\/api.w.org\/{rel}","templated":true}]}}