{"id":78148,"date":"2025-10-03T00:06:01","date_gmt":"2025-10-03T03:06:01","guid":{"rendered":"https:\/\/noticiasribeiraopreto.com.br\/index.php\/2025\/10\/03\/mesmo-com-um-a-menos-sao-paulo-supera-fortaleza\/"},"modified":"2025-10-03T00:06:01","modified_gmt":"2025-10-03T03:06:01","slug":"mesmo-com-um-a-menos-sao-paulo-supera-fortaleza","status":"publish","type":"post","link":"https:\/\/noticiasribeiraopreto.com.br\/index.php\/2025\/10\/03\/mesmo-com-um-a-menos-sao-paulo-supera-fortaleza\/","title":{"rendered":"Mesmo com um a menos, S\u00e3o Paulo supera Fortaleza"},"content":{"rendered":"<p> <br \/>\n<\/p>\n<div>\n<p><em>Tricolor Paulista quebra sequ\u00eancia de derrotas com direito a gol de Luciano<\/em><\/p>\n<p>O S\u00e3o Paulo colocou fim ao seu pior momento na temporada ao vencer o Fortaleza por 2 a 0 nesta quinta-feira (2), ap\u00f3s perder para Santos e Cear\u00e1 no Brasileir\u00e3o e duas vezes para a LDU nos jogos que custaram a elimina\u00e7\u00e3o da Libertadores. No Castel\u00e3o, pela 26\u00aa rodada do nacional, Tapia abriu o placar antes de Rigoni ser expulso, ainda no primeiro tempo, e Luciano marcou no final da etapa derradeira.<\/p>\n<p>Mesmo com um a menos, os jogadores comandados por Hern\u00e1n Crespo mostraram n\u00edveis de concentra\u00e7\u00e3o e entrega que n\u00e3o foram vistos na s\u00e9rie de quatro derrotas. Tal postura ajudou o time a chegar a 38 pontos, na s\u00e9tima coloca\u00e7\u00e3o, com dois pontos a menos que o sexto colocado Bahia.<\/p>\n<p>O resultado tamb\u00e9m foi importante para recuperar a confian\u00e7a antes do cl\u00e1ssico com o Palmeiras, marcado para as 16h de domingo. O Fortaleza, por sua vez, permanece na vice-lanterna, com 21 pontos.<\/p>\n<p>Crespo teve de buscar solu\u00e7\u00f5es ao longo da semana por causa da s\u00e9rie de desfalques no setor defensivo. Os zagueiros Rafael Tol\u00f3i, com les\u00e3o muscular, e Arboleda, suspenso por ter recebido o terceiro cart\u00e3o amarelo, se juntaram ao companheiro de posi\u00e7\u00e3o Ferraresi, fora desde a rodada passada por causa de uma les\u00e3o na coxa como desfalques.<\/p>\n<p>Restou ao treinador argentino apenas Sabino como zagueiro de origem para escalar o time. Mesmo assim, ele n\u00e3o abriu m\u00e3o da forma\u00e7\u00e3o com tr\u00eas na retaguarda. Revela\u00e7\u00e3o de Cotia, o volante Felipe Negrucci foi a campo para seu terceiro jogo como profissional para compor o trio defensivo.<\/p>\n<p>O outro nome da trinca foi o tamb\u00e9m volante Luiz Gustavo, recuperado de um tromboembolismo pulmonar, diagnosticado no dia 5 de abril. Ele passou por um rigoroso protocolo m\u00e9dico, com repouso, medica\u00e7\u00e3o e retorno gradual aos treinamentos. Embora relacionado para as duas \u00faltimas partidas, ainda n\u00e3o havia entrado em campo.<\/p>\n<p>Foi bom o desempenho com o trio improvisado, que passou seguran\u00e7a desde o in\u00edcio da partida. Bem protegido, o S\u00e3o Paulo abriu o placar em um lance de troca de passes, aos 10 minutos, com passe de C\u00e9dric para Tapia marcar ap\u00f3s movimenta\u00e7\u00e3o inteligente dentro da \u00e1rea.<\/p>\n<p>Da metade do primeiro tempo para frente, o time de Hern\u00e1n Crespo jogou com um homem a menos em campo depois que Rigoni foi expulso por entrada em Deyverson. Mesmo em desvantagem num\u00e9rica, os s\u00e3o-paulinos conseguiram manter a organiza\u00e7\u00e3o t\u00e1tica e a defesa se destacou ainda mais.<\/p>\n<p>Fechado, o S\u00e3o Paulo manteve o jogo sob o controle durante o in\u00edcio do segundo tempo e ainda foi capaz de encaixar alguns contra-ataques para buscar o segundo gol. A partir dos 15 minutos, por\u00e9m, o time da casa passou a encontrar mais espa\u00e7os e se tornou perigoso, mas cometia muitos erros.<\/p>\n<p>Passados alguns sustos, a equipe visitante passou a maior parte do tempo restante no campo de defesa, com linhas bem definidas, e neutralizou as investidas do advers\u00e1rio. O Tricolor Paulista teve poucas oportunidades de responder, mas o controverso Luciano encerrou seu jejum de gols e garantiu a vit\u00f3ria s\u00e3o-paulina ao ficar de frente para o gol vazio depois de assist\u00eancia de Enzo D\u00edaz, que havia recebido belo passe de Bobadilla.<\/p>\n<p>\u00a0<\/p>\n<p><!-- CONTENT END 3 -->\n<\/div>\n<p><br \/>\n<br \/><a href=\"https:\/\/www.tribunaribeirao.com.br\/mesmo-com-um-a-menos-sao-paulo-supera-fortaleza\/\">Source link <\/a><\/p>\n","protected":false},"excerpt":{"rendered":"<p>Tricolor Paulista quebra sequ\u00eancia de derrotas com direito a gol de Luciano O S\u00e3o Paulo colocou fim ao seu pior momento na temporada ao vencer&#8230;<\/p>\n","protected":false},"author":1,"featured_media":78149,"comment_status":"open","ping_status":"open","sticky":false,"template":"","format":"standard","meta":{"advanced_seo_description":"","jetpack_seo_html_title":"","jetpack_seo_noindex":false,"jetpack_post_was_ever_published":false,"_jetpack_newsletter_access":"","_jetpack_dont_email_post_to_subs":false,"_jetpack_newsletter_tier_id":0,"_jetpack_memberships_contains_paywalled_content":false,"_jetpack_memberships_contains_paid_content":false,"footnotes":"","jetpack_publicize_message":"","jetpack_publicize_feature_enabled":true,"jetpack_social_post_already_shared":true,"jetpack_social_options":{"image_generator_settings":{"template":"highway","default_image_id":0,"font":"","enabled":false},"version":2}},"categories":[11],"tags":[],"class_list":["post-78148","post","type-post","status-publish","format-standard","has-post-thumbnail","hentry","category-noticias-de-ribeirao-preto-sp-e-regiao-ismael-colosi"],"jetpack_publicize_connections":[],"jetpack_featured_media_url":"https:\/\/i0.wp.com\/noticiasribeiraopreto.com.br\/wp-content\/uploads\/2025\/10\/1-Sao-Paulo-x-Fortaleza-Rubens-Chiri_Sao-Paulo-FC.jpg?fit=800%2C568&ssl=1","jetpack-related-posts":[{"id":79193,"url":"https:\/\/noticiasribeiraopreto.com.br\/index.php\/2025\/10\/27\/lider-palmeiras-empata-e-termina-rodada-um-ponto-a-frente-do-flamengo\/","url_meta":{"origin":78148,"position":0},"title":"L\u00edder Palmeiras empata e termina rodada um ponto \u00e0 frente do Flamengo","author":"noticiasribeiraopreto.com.br","date":"27 de October de 2025","format":false,"excerpt":"\u00a0 O Palmeiras teve a chance de abrir tr\u00eas pontos para o Flamengo na lideran\u00e7a do Campeonato Brasileiro. N\u00e3o aproveitou como gostaria, mas pelo menos colocou um ponto de vantagem sobre o rival direto. Na partida que encerrou a 30\u00aa rodada da competi\u00e7\u00e3o, na noite do \u00faltimo domingo (26), o\u2026","rel":"","context":"In &quot;Not\u00edcias de Ribeir\u00e3o Preto-SP e Regi\u00e3o&quot;","block_context":{"text":"Not\u00edcias de Ribeir\u00e3o Preto-SP e Regi\u00e3o","link":"https:\/\/noticiasribeiraopreto.com.br\/index.php\/category\/noticias-de-ribeirao-preto-sp-e-regiao-ismael-colosi\/"},"img":{"alt_text":"","src":"https:\/\/i0.wp.com\/noticiasribeiraopreto.com.br\/wp-content\/uploads\/2025\/10\/palmeiras-cruzeiro-750x375-1.webp.webp?fit=750%2C375&ssl=1&resize=350%2C200","width":350,"height":200,"srcset":"https:\/\/i0.wp.com\/noticiasribeiraopreto.com.br\/wp-content\/uploads\/2025\/10\/palmeiras-cruzeiro-750x375-1.webp.webp?fit=750%2C375&ssl=1&resize=350%2C200 1x, https:\/\/i0.wp.com\/noticiasribeiraopreto.com.br\/wp-content\/uploads\/2025\/10\/palmeiras-cruzeiro-750x375-1.webp.webp?fit=750%2C375&ssl=1&resize=525%2C300 1.5x, https:\/\/i0.wp.com\/noticiasribeiraopreto.com.br\/wp-content\/uploads\/2025\/10\/palmeiras-cruzeiro-750x375-1.webp.webp?fit=750%2C375&ssl=1&resize=700%2C400 2x"},"classes":[]},{"id":82362,"url":"https:\/\/noticiasribeiraopreto.com.br\/index.php\/2026\/02\/12\/sao-paulo-convence-derrota-o-gremio-e-vira-lider-provisorio-do-brasileirao\/","url_meta":{"origin":78148,"position":1},"title":"S\u00e3o Paulo convence, derrota o Gr\u00eamio e vira l\u00edder provis\u00f3rio do Brasileir\u00e3o","author":"noticiasribeiraopreto.com.br","date":"12 de February de 2026","format":false,"excerpt":"O S\u00e3o Paulo n\u00e3o encontrou dificuldade para derrotar o Gr\u00eamio no MorumBis nesta quarta-feira. O time de Hern\u00e1n Crespo consolidou a boa fase com mais uma apresenta\u00e7\u00e3o em alto n\u00edvel e ganhou dos ga\u00fachos por 2 a 0 em duelo da terceira rodada do Brasileir\u00e3o. N\u00e3o fossem as muitas chances\u2026","rel":"","context":"In &quot;Not\u00edcias de Ribeir\u00e3o Preto-SP e Regi\u00e3o&quot;","block_context":{"text":"Not\u00edcias de Ribeir\u00e3o Preto-SP e Regi\u00e3o","link":"https:\/\/noticiasribeiraopreto.com.br\/index.php\/category\/noticias-de-ribeirao-preto-sp-e-regiao-ismael-colosi\/"},"img":{"alt_text":"","src":"https:\/\/i0.wp.com\/noticiasribeiraopreto.com.br\/wp-content\/uploads\/2026\/02\/55091435024_49cf6d8ff9_c.jpg?fit=800%2C534&ssl=1&resize=350%2C200","width":350,"height":200,"srcset":"https:\/\/i0.wp.com\/noticiasribeiraopreto.com.br\/wp-content\/uploads\/2026\/02\/55091435024_49cf6d8ff9_c.jpg?fit=800%2C534&ssl=1&resize=350%2C200 1x, https:\/\/i0.wp.com\/noticiasribeiraopreto.com.br\/wp-content\/uploads\/2026\/02\/55091435024_49cf6d8ff9_c.jpg?fit=800%2C534&ssl=1&resize=525%2C300 1.5x, https:\/\/i0.wp.com\/noticiasribeiraopreto.com.br\/wp-content\/uploads\/2026\/02\/55091435024_49cf6d8ff9_c.jpg?fit=800%2C534&ssl=1&resize=700%2C400 2x"},"classes":[]},{"id":68551,"url":"https:\/\/noticiasribeiraopreto.com.br\/index.php\/2025\/04\/26\/sao-paulo-visita-ceara-pelo-brasileirao\/","url_meta":{"origin":78148,"position":2},"title":"S\u00e3o Paulo visita Cear\u00e1 pelo Brasileir\u00e3o\u00a0","author":"noticiasribeiraopreto.com.br","date":"26 de April de 2025","format":false,"excerpt":"26 de abril de 2025 12:3025 de abril de 2025 19:487 Compartilhar0 Por Hugo Luque\u00a0 O S\u00e3o Paulo enfrenta o Cear\u00e1 neste s\u00e1bado (26), \u00e0s 18h30, na Arena Castel\u00e3o, em Fortaleza (CE), pela sexta rodada do Campeonato Brasileiro. O Tricolor vem de uma importante vit\u00f3ria na Copa Libertadores e busca\u2026","rel":"","context":"In &quot;Not\u00edcias de Ribeir\u00e3o Preto-SP e Regi\u00e3o&quot;","block_context":{"text":"Not\u00edcias de Ribeir\u00e3o Preto-SP e Regi\u00e3o","link":"https:\/\/noticiasribeiraopreto.com.br\/index.php\/category\/noticias-de-ribeirao-preto-sp-e-regiao-ismael-colosi\/"},"img":{"alt_text":"","src":"https:\/\/i0.wp.com\/noticiasribeiraopreto.com.br\/wp-content\/uploads\/2025\/04\/1-Libertad-x-Sao-Paulo-Rubens-Chiri_Sao-Paulo-FC.jpg?fit=749%2C500&ssl=1&resize=350%2C200","width":350,"height":200,"srcset":"https:\/\/i0.wp.com\/noticiasribeiraopreto.com.br\/wp-content\/uploads\/2025\/04\/1-Libertad-x-Sao-Paulo-Rubens-Chiri_Sao-Paulo-FC.jpg?fit=749%2C500&ssl=1&resize=350%2C200 1x, https:\/\/i0.wp.com\/noticiasribeiraopreto.com.br\/wp-content\/uploads\/2025\/04\/1-Libertad-x-Sao-Paulo-Rubens-Chiri_Sao-Paulo-FC.jpg?fit=749%2C500&ssl=1&resize=525%2C300 1.5x, https:\/\/i0.wp.com\/noticiasribeiraopreto.com.br\/wp-content\/uploads\/2025\/04\/1-Libertad-x-Sao-Paulo-Rubens-Chiri_Sao-Paulo-FC.jpg?fit=749%2C500&ssl=1&resize=700%2C400 2x"},"classes":[]},{"id":69448,"url":"https:\/\/noticiasribeiraopreto.com.br\/index.php\/2025\/05\/06\/sao-paulo-visita-alianza-lima-pela-libertadores\/","url_meta":{"origin":78148,"position":3},"title":"S\u00e3o Paulo visita Alianza Lima pela Libertadores\u00a0","author":"noticiasribeiraopreto.com.br","date":"6 de May de 2025","format":false,"excerpt":"Por Hugo Luque\u00a0 O S\u00e3o Paulo encara o Alianza Lima nesta ter\u00e7a-feira (6), \u00e0s 19h (de Bras\u00edlia), pela quarta rodada do Grupo D da Copa Libertadores. L\u00edder da chave, com sete pontos, o Tricolor contar\u00e1 com um importante retorno entre os relacionados.\u00a0 O zagueiro Arboleda est\u00e1 liberado para voltar a\u2026","rel":"","context":"In &quot;Not\u00edcias de Ribeir\u00e3o Preto-SP e Regi\u00e3o&quot;","block_context":{"text":"Not\u00edcias de Ribeir\u00e3o Preto-SP e Regi\u00e3o","link":"https:\/\/noticiasribeiraopreto.com.br\/index.php\/category\/noticias-de-ribeirao-preto-sp-e-regiao-ismael-colosi\/"},"img":{"alt_text":"","src":"https:\/\/i0.wp.com\/noticiasribeiraopreto.com.br\/wp-content\/uploads\/2025\/05\/1-Sao-Paulo-x-Alianza-Lima-Divulgacao_Sao-Paulo-FC.jpg?fit=800%2C591&ssl=1&resize=350%2C200","width":350,"height":200,"srcset":"https:\/\/i0.wp.com\/noticiasribeiraopreto.com.br\/wp-content\/uploads\/2025\/05\/1-Sao-Paulo-x-Alianza-Lima-Divulgacao_Sao-Paulo-FC.jpg?fit=800%2C591&ssl=1&resize=350%2C200 1x, https:\/\/i0.wp.com\/noticiasribeiraopreto.com.br\/wp-content\/uploads\/2025\/05\/1-Sao-Paulo-x-Alianza-Lima-Divulgacao_Sao-Paulo-FC.jpg?fit=800%2C591&ssl=1&resize=525%2C300 1.5x, https:\/\/i0.wp.com\/noticiasribeiraopreto.com.br\/wp-content\/uploads\/2025\/05\/1-Sao-Paulo-x-Alianza-Lima-Divulgacao_Sao-Paulo-FC.jpg?fit=800%2C591&ssl=1&resize=700%2C400 2x"},"classes":[]},{"id":70394,"url":"https:\/\/noticiasribeiraopreto.com.br\/index.php\/2025\/05\/25\/confira-a-10a-rodada-do-brasileirao-palmeiras-decepciona-em-casa\/","url_meta":{"origin":78148,"position":4},"title":"Confira a 10\u00aa rodada do Brasileir\u00e3o: Palmeiras decepciona em casa","author":"noticiasribeiraopreto.com.br","date":"25 de May de 2025","format":false,"excerpt":"A 10\u00aa rodada do Campeonato Brasileiro 2025 trouxe confrontos equilibrados e defini\u00e7\u00f5es importantes na luta pela ponta da tabela e pela fuga da zona de rebaixamento. No s\u00e1bado (24), o Fluminense superou o Vasco por 2 a 1, em jogo disputado no Rio de Janeiro. No Morumbi, o Mirassol conseguiu\u2026","rel":"","context":"In &quot;Not\u00edcias de Ribeir\u00e3o Preto-SP e Regi\u00e3o&quot;","block_context":{"text":"Not\u00edcias de Ribeir\u00e3o Preto-SP e Regi\u00e3o","link":"https:\/\/noticiasribeiraopreto.com.br\/index.php\/category\/noticias-de-ribeirao-preto-sp-e-regiao-ismael-colosi\/"},"img":{"alt_text":"","src":"https:\/\/i0.wp.com\/noticiasribeiraopreto.com.br\/wp-content\/uploads\/2025\/05\/palmeiras.jpg?fit=1200%2C675&ssl=1&resize=350%2C200","width":350,"height":200,"srcset":"https:\/\/i0.wp.com\/noticiasribeiraopreto.com.br\/wp-content\/uploads\/2025\/05\/palmeiras.jpg?fit=1200%2C675&ssl=1&resize=350%2C200 1x, https:\/\/i0.wp.com\/noticiasribeiraopreto.com.br\/wp-content\/uploads\/2025\/05\/palmeiras.jpg?fit=1200%2C675&ssl=1&resize=525%2C300 1.5x, https:\/\/i0.wp.com\/noticiasribeiraopreto.com.br\/wp-content\/uploads\/2025\/05\/palmeiras.jpg?fit=1200%2C675&ssl=1&resize=700%2C400 2x, https:\/\/i0.wp.com\/noticiasribeiraopreto.com.br\/wp-content\/uploads\/2025\/05\/palmeiras.jpg?fit=1200%2C675&ssl=1&resize=1050%2C600 3x"},"classes":[]},{"id":77820,"url":"https:\/\/noticiasribeiraopreto.com.br\/index.php\/2025\/09\/26\/sao-paulo-e-eliminado-da-libertadores\/","url_meta":{"origin":78148,"position":5},"title":"S\u00e3o Paulo \u00e9 eliminado da Libertadores","author":"noticiasribeiraopreto.com.br","date":"26 de September de 2025","format":false,"excerpt":"Tricolor joga mal perde da LDU e transforma festa da torcida em clima de \u2018vel\u00f3rio\u2019 O S\u00e3o Paulo se despediu da Copa Libertadores nesta quinta-feira (25). Depois da derrota por 2 a 0 para a LDU em Quito, no jogo de idas quartas de final, o Tricolor foi eliminado em\u2026","rel":"","context":"In &quot;Not\u00edcias de Ribeir\u00e3o Preto-SP e Regi\u00e3o&quot;","block_context":{"text":"Not\u00edcias de Ribeir\u00e3o Preto-SP e Regi\u00e3o","link":"https:\/\/noticiasribeiraopreto.com.br\/index.php\/category\/noticias-de-ribeirao-preto-sp-e-regiao-ismael-colosi\/"},"img":{"alt_text":"","src":"https:\/\/i0.wp.com\/noticiasribeiraopreto.com.br\/wp-content\/uploads\/2025\/09\/1-Sao-Paulo-x-LDU-Rubens-Chiri_Sao-Paulo-FC.jpg?fit=800%2C545&ssl=1&resize=350%2C200","width":350,"height":200,"srcset":"https:\/\/i0.wp.com\/noticiasribeiraopreto.com.br\/wp-content\/uploads\/2025\/09\/1-Sao-Paulo-x-LDU-Rubens-Chiri_Sao-Paulo-FC.jpg?fit=800%2C545&ssl=1&resize=350%2C200 1x, https:\/\/i0.wp.com\/noticiasribeiraopreto.com.br\/wp-content\/uploads\/2025\/09\/1-Sao-Paulo-x-LDU-Rubens-Chiri_Sao-Paulo-FC.jpg?fit=800%2C545&ssl=1&resize=525%2C300 1.5x, https:\/\/i0.wp.com\/noticiasribeiraopreto.com.br\/wp-content\/uploads\/2025\/09\/1-Sao-Paulo-x-LDU-Rubens-Chiri_Sao-Paulo-FC.jpg?fit=800%2C545&ssl=1&resize=700%2C400 2x"},"classes":[]}],"jetpack_sharing_enabled":true,"jetpack_shortlink":"https:\/\/wp.me\/peQAOb-kks","_links":{"self":[{"href":"https:\/\/noticiasribeiraopreto.com.br\/index.php\/wp-json\/wp\/v2\/posts\/78148","targetHints":{"allow":["GET"]}}],"collection":[{"href":"https:\/\/noticiasribeiraopreto.com.br\/index.php\/wp-json\/wp\/v2\/posts"}],"about":[{"href":"https:\/\/noticiasribeiraopreto.com.br\/index.php\/wp-json\/wp\/v2\/types\/post"}],"author":[{"embeddable":true,"href":"https:\/\/noticiasribeiraopreto.com.br\/index.php\/wp-json\/wp\/v2\/users\/1"}],"replies":[{"embeddable":true,"href":"https:\/\/noticiasribeiraopreto.com.br\/index.php\/wp-json\/wp\/v2\/comments?post=78148"}],"version-history":[{"count":0,"href":"https:\/\/noticiasribeiraopreto.com.br\/index.php\/wp-json\/wp\/v2\/posts\/78148\/revisions"}],"wp:featuredmedia":[{"embeddable":true,"href":"https:\/\/noticiasribeiraopreto.com.br\/index.php\/wp-json\/wp\/v2\/media\/78149"}],"wp:attachment":[{"href":"https:\/\/noticiasribeiraopreto.com.br\/index.php\/wp-json\/wp\/v2\/media?parent=78148"}],"wp:term":[{"taxonomy":"category","embeddable":true,"href":"https:\/\/noticiasribeiraopreto.com.br\/index.php\/wp-json\/wp\/v2\/categories?post=78148"},{"taxonomy":"post_tag","embeddable":true,"href":"https:\/\/noticiasribeiraopreto.com.br\/index.php\/wp-json\/wp\/v2\/tags?post=78148"}],"curies":[{"name":"wp","href":"https:\/\/api.w.org\/{rel}","templated":true}]}}