{"id":78150,"date":"2025-10-03T08:12:36","date_gmt":"2025-10-03T11:12:36","guid":{"rendered":"https:\/\/noticiasribeiraopreto.com.br\/index.php\/2025\/10\/03\/coordenador-de-upa-sera-indenizado-em-r-25-mil\/"},"modified":"2025-10-03T08:12:36","modified_gmt":"2025-10-03T11:12:36","slug":"coordenador-de-upa-sera-indenizado-em-r-25-mil","status":"publish","type":"post","link":"https:\/\/noticiasribeiraopreto.com.br\/index.php\/2025\/10\/03\/coordenador-de-upa-sera-indenizado-em-r-25-mil\/","title":{"rendered":"Coordenador de UPA ser\u00e1 \u2028indenizado em R$ 25 mil"},"content":{"rendered":"<p> <br \/>\n<\/p>\n<div id=\"\">\n<p>\n\t\t\t\t\t\t\t\t\t<span class=\"entry-meta-item penci-posted-on\"><i class=\"fa fa-clock-o\"\/><time class=\"entry-date published updated\" datetime=\"2025-10-03T08:11:11-03:00\">3 de outubro de 2025 08:11<\/time><\/span><span class=\"entry-meta-item penci-post-countview\"><span class=\"entry-meta-item penci-post-countview penci_post-meta_item\"><i class=\"fa fa-eye\"\/><span class=\"penci-post-countview-number penci-post-countview-p441379\">2<\/span><\/span><\/span>\t\t\t\t\t\t\t\t<\/p>\n<p><!-- .entry-meta --><br \/>\n\t\t\t\t\t\t\t\t<span class=\"penci-social-buttons penci-social-share-footer\"><span class=\"penci-social-share-text\">Compartilhar<\/span><a href=\"#\" class=\"penci-post-like penci_post-meta_item  single-like-button penci-social-item like\" data-post_id=\"441379\" title=\"Like\" data-like=\"Like\" data-unlike=\"Unlike\"><i class=\"fa fa-thumbs-o-up\"\/><span class=\"penci-share-number\">0<\/span><\/a><i class=\"fa fa-facebook\"\/><a class=\"penci-social-item twitter\" target=\"_blank\" rel=\"noopener\" title=\"\" href=\"https:\/\/twitter.com\/intent\/tweet?text=Coordenador%20de%20UPA%20ser\u00e1%20\u2028indenizado%20em%20R$%2025%20mil%20-%20https:\/\/www.tribunaribeirao.com.br\/coordenador-de-upa-sera-indenizado-em-r-25-mil\/\"><i class=\"fa fa-twitter\"\/><\/a><i class=\"fa fa-linkedin\"\/><i class=\"fa fa-whatsapp\"\/><i class=\"fa fa-telegram\"\/><i class=\"fa fa-envelope\"\/><\/span>\t\t\t\t\t\t\t<\/div>\n<div>\n<p><em>Demiss\u00e3o aconteceu um 8 de janeiro durante vistoria na Unidade de Pronto Atendimento do Sumarezinho e foi anunciada nas redes sociais pelo prefeito<\/em><\/p>\n<p>A Funda\u00e7\u00e3o Santa Lydia, respons\u00e1vel pelo gerenciamento de tr\u00eas Unidades de Pronto Atendimento e da Unidade B\u00e1sica Distrital de Sa\u00fade (UBDS) Doutor Marco Ant\u00f4nio Sah\u00e3o, na Vila Virg\u00ednia, chamada da UPA Sul, fechou acordo na Justi\u00e7a do Trabalho em que se compromete a pagar R$ 25 mil a um ex-coordenador administrativo da UPA Doutor Jo\u00e3o Jos\u00e9 Carneiro (Oeste), no Sumarezinho.\u2028\u2028A demiss\u00e3o do coordenador foi anunciada nas redes sociais pelo prefeito Ricardo Silva (PSD), em 8 de janeiro.<\/p>\n<p>O v\u00eddeo mostra o chefe do Executivo em visita a UPA. Ap\u00f3s vistoria no equipamento, ele anuncia a demiss\u00e3o do funcion\u00e1rio. Na grava\u00e7\u00e3o, o prefeito, ao lado do secret\u00e1rio de Sa\u00fade, Maur\u00edcio Godinho, indica que equipes da ger\u00eancia n\u00e3o est\u00e3o presentes na unidade.<\/p>\n<p>Por isso, est\u00e3o demitidos.\u2028\u2028A audi\u00eancia do acordo ocorreu no fim de agosto e foi homologada pela ju\u00edza Claudia Bueno Rocha Chiuzuli, da 3\u00aa Vara do Trabalho de Ribeir\u00e3o Preto. Faz parte de uma a\u00e7\u00e3o por danos morais movida pelo ex-funcion\u00e1rio contra a administra\u00e7\u00e3o municipal.<\/p>\n<p>O ex-coordenador atuava havia 36 anos em administra\u00e7\u00e3o de hospitais, oito deles para a Funda\u00e7\u00e3o Santa Lydia, e desde 2021 era um dos gestores da UPA do Sumarezinho, mas n\u00e3o respondia pela \u00e1rea m\u00e9dica e pela enfermagem.\u2028\u2028Na \u00e9poca, ele afirmou que j\u00e1 tinha assinado a demiss\u00e3o junto ao departamento de recursos humanos da funda\u00e7\u00e3o, gestora da UPA, duas horas antes da visita do prefeito e que o v\u00eddeo o exp\u00f4s de uma maneira indevida e desnecess\u00e1ria.<\/p>\n<p>A Funda\u00e7\u00e3o Santa Lydia confirmou o acordo.\u2028\u2028As outras duas UPAs s\u00e3o a Doutor Luis At\u00edlio Losi Viana (UPA Leste, avenida Treze de Maio n\u00ba 353, Jardim Paulistano) e a Nelson Mandela (UPA Norte, no Adelino Simioni, avenida General Euclides de Figueiredo n\u00ba 295<\/p>\n<p><!-- CONTENT END 3 -->\n<\/div>\n<p><script async src=\"\/\/platform.twitter.com\/widgets.js\" charset=\"utf-8\"><\/script><br \/>\n<br \/><br \/>\n<br \/><a href=\"https:\/\/www.tribunaribeirao.com.br\/coordenador-de-upa-sera-indenizado-em-r-25-mil\/\">Source link <\/a><\/p>\n","protected":false},"excerpt":{"rendered":"<p>3 de outubro de 2025 08:112 Compartilhar0 Demiss\u00e3o aconteceu um 8 de janeiro durante vistoria na Unidade de Pronto Atendimento do Sumarezinho e foi anunciada&#8230;<\/p>\n","protected":false},"author":1,"featured_media":78151,"comment_status":"open","ping_status":"open","sticky":false,"template":"","format":"standard","meta":{"advanced_seo_description":"","jetpack_seo_html_title":"","jetpack_seo_noindex":false,"jetpack_post_was_ever_published":false,"_jetpack_newsletter_access":"","_jetpack_dont_email_post_to_subs":false,"_jetpack_newsletter_tier_id":0,"_jetpack_memberships_contains_paywalled_content":false,"_jetpack_memberships_contains_paid_content":false,"footnotes":"","jetpack_publicize_message":"","jetpack_publicize_feature_enabled":true,"jetpack_social_post_already_shared":true,"jetpack_social_options":{"image_generator_settings":{"template":"highway","default_image_id":0,"font":"","enabled":false},"version":2}},"categories":[11],"tags":[],"class_list":["post-78150","post","type-post","status-publish","format-standard","has-post-thumbnail","hentry","category-noticias-de-ribeirao-preto-sp-e-regiao-ismael-colosi"],"jetpack_publicize_connections":[],"jetpack_featured_media_url":"https:\/\/i0.wp.com\/noticiasribeiraopreto.com.br\/wp-content\/uploads\/2025\/10\/SaudeUPA-0SaudeTCE-UPA-Alfredo-Risk-scaled.jpg?fit=1200%2C652&ssl=1","jetpack-related-posts":[{"id":57988,"url":"https:\/\/noticiasribeiraopreto.com.br\/index.php\/2024\/09\/16\/camara-no-interior-de-sp-abre-concurso-publico-com-salarios-de-r-7-mil\/","url_meta":{"origin":78150,"position":0},"title":"C\u00e2mara no interior de SP abre concurso p\u00fablico com sal\u00e1rios de R$ 7 mil","author":"noticiasribeiraopreto.com.br","date":"16 de September de 2024","format":false,"excerpt":"A C\u00e2mara Municipal de S\u00e3o Sim\u00e3o, no interior de S\u00e3o Paulo, abriu concurso p\u00fablico com quatro vagas de n\u00edvel m\u00e9dio e superior, al\u00e9m de oportunidades para cadastro de reserva. Os sal\u00e1rios para as fun\u00e7\u00f5es variam entre R$ 3 mil e R$ 7 mil. As inscri\u00e7\u00f5es devem ser realizadas pela internet\u2026","rel":"","context":"In &quot;Not\u00edcias de Ribeir\u00e3o Preto-SP e Regi\u00e3o&quot;","block_context":{"text":"Not\u00edcias de Ribeir\u00e3o Preto-SP e Regi\u00e3o","link":"https:\/\/noticiasribeiraopreto.com.br\/index.php\/category\/noticias-de-ribeirao-preto-sp-e-regiao-ismael-colosi\/"},"img":{"alt_text":"","src":"https:\/\/i0.wp.com\/noticiasribeiraopreto.com.br\/wp-content\/uploads\/2024\/08\/concurso-publico-ribeirao-preto_2024-08-13_10-44-40_jpg_2024-08-13_10-44-40.webp.webp?fit=1200%2C800&ssl=1&resize=350%2C200","width":350,"height":200,"srcset":"https:\/\/i0.wp.com\/noticiasribeiraopreto.com.br\/wp-content\/uploads\/2024\/08\/concurso-publico-ribeirao-preto_2024-08-13_10-44-40_jpg_2024-08-13_10-44-40.webp.webp?fit=1200%2C800&ssl=1&resize=350%2C200 1x, https:\/\/i0.wp.com\/noticiasribeiraopreto.com.br\/wp-content\/uploads\/2024\/08\/concurso-publico-ribeirao-preto_2024-08-13_10-44-40_jpg_2024-08-13_10-44-40.webp.webp?fit=1200%2C800&ssl=1&resize=525%2C300 1.5x, https:\/\/i0.wp.com\/noticiasribeiraopreto.com.br\/wp-content\/uploads\/2024\/08\/concurso-publico-ribeirao-preto_2024-08-13_10-44-40_jpg_2024-08-13_10-44-40.webp.webp?fit=1200%2C800&ssl=1&resize=700%2C400 2x, https:\/\/i0.wp.com\/noticiasribeiraopreto.com.br\/wp-content\/uploads\/2024\/08\/concurso-publico-ribeirao-preto_2024-08-13_10-44-40_jpg_2024-08-13_10-44-40.webp.webp?fit=1200%2C800&ssl=1&resize=1050%2C600 3x"},"classes":[]},{"id":55406,"url":"https:\/\/noticiasribeiraopreto.com.br\/index.php\/2024\/08\/01\/motociclista-sera-indenizado-apos-acidente-provocado-por-cachorro-no-interior-de-sp\/","url_meta":{"origin":78150,"position":1},"title":"Motociclista ser\u00e1 indenizado ap\u00f3s acidente provocado por cachorro\u00a0no interior de SP","author":"noticiasribeiraopreto.com.br","date":"1 de August de 2024","format":false,"excerpt":"O Tribunal de Justi\u00e7a de S\u00e3o Paulo (TJ-SP) manteve, parcialmente, a condena\u00e7\u00e3o a uma empresa e tutores de um cachorro a indenizar um motociclista que se envolveu em acidente causado pelo animal em Colina, cidade no interior de S\u00e3o Paulo, a aproximadamente 100 quil\u00f4metros de Ribeir\u00e3o Preto. A indeniza\u00e7\u00e3o por\u2026","rel":"","context":"In &quot;Not\u00edcias de Ribeir\u00e3o Preto-SP e Regi\u00e3o&quot;","block_context":{"text":"Not\u00edcias de Ribeir\u00e3o Preto-SP e Regi\u00e3o","link":"https:\/\/noticiasribeiraopreto.com.br\/index.php\/category\/noticias-de-ribeirao-preto-sp-e-regiao-ismael-colosi\/"},"img":{"alt_text":"","src":"https:\/\/i0.wp.com\/noticiasribeiraopreto.com.br\/wp-content\/uploads\/2024\/08\/biker-407123_1920.jpg?fit=1200%2C885&ssl=1&resize=350%2C200","width":350,"height":200,"srcset":"https:\/\/i0.wp.com\/noticiasribeiraopreto.com.br\/wp-content\/uploads\/2024\/08\/biker-407123_1920.jpg?fit=1200%2C885&ssl=1&resize=350%2C200 1x, https:\/\/i0.wp.com\/noticiasribeiraopreto.com.br\/wp-content\/uploads\/2024\/08\/biker-407123_1920.jpg?fit=1200%2C885&ssl=1&resize=525%2C300 1.5x, https:\/\/i0.wp.com\/noticiasribeiraopreto.com.br\/wp-content\/uploads\/2024\/08\/biker-407123_1920.jpg?fit=1200%2C885&ssl=1&resize=700%2C400 2x, https:\/\/i0.wp.com\/noticiasribeiraopreto.com.br\/wp-content\/uploads\/2024\/08\/biker-407123_1920.jpg?fit=1200%2C885&ssl=1&resize=1050%2C600 3x"},"classes":[]},{"id":36227,"url":"https:\/\/noticiasribeiraopreto.com.br\/index.php\/2024\/02\/08\/prefeitura-investira-r-147-milhoes-na-construcao-da-upa-ribeirao-verde\/","url_meta":{"origin":78150,"position":2},"title":"Prefeitura investir\u00e1 R$ 14,7 milh\u00f5es na constru\u00e7\u00e3o da UPA Ribeir\u00e3o Verde","author":"noticiasribeiraopreto.com.br","date":"8 de February de 2024","format":false,"excerpt":"8 de fevereiro de 2024 | 16:42 0A UPA Ribeir\u00e3o Verde, primeira unidade municipal de pronto atendimento, ser\u00e1 constru\u00edda pela empresa Laforma Com\u00e9rcio e Servi\u00e7o Ltda., pelo valor global de R$ 14.765.131,91, uma economia de 10,35% em rela\u00e7\u00e3o ao previsto inicialmente, R$ 16.471.198,12. O processo licitat\u00f3rio, aberto em dezembro, foi\u2026","rel":"","context":"In &quot;Not\u00edcias de Ribeir\u00e3o Preto-SP e Regi\u00e3o&quot;","block_context":{"text":"Not\u00edcias de Ribeir\u00e3o Preto-SP e Regi\u00e3o","link":"https:\/\/noticiasribeiraopreto.com.br\/index.php\/category\/noticias-de-ribeirao-preto-sp-e-regiao-ismael-colosi\/"},"img":{"alt_text":"","src":"https:\/\/i0.wp.com\/noticiasribeiraopreto.com.br\/wp-content\/uploads\/2024\/02\/upa_ribeirao_verde_6-scaled.jpeg?fit=912%2C645&ssl=1&resize=350%2C200","width":350,"height":200,"srcset":"https:\/\/i0.wp.com\/noticiasribeiraopreto.com.br\/wp-content\/uploads\/2024\/02\/upa_ribeirao_verde_6-scaled.jpeg?fit=912%2C645&ssl=1&resize=350%2C200 1x, https:\/\/i0.wp.com\/noticiasribeiraopreto.com.br\/wp-content\/uploads\/2024\/02\/upa_ribeirao_verde_6-scaled.jpeg?fit=912%2C645&ssl=1&resize=525%2C300 1.5x, https:\/\/i0.wp.com\/noticiasribeiraopreto.com.br\/wp-content\/uploads\/2024\/02\/upa_ribeirao_verde_6-scaled.jpeg?fit=912%2C645&ssl=1&resize=700%2C400 2x"},"classes":[]},{"id":16064,"url":"https:\/\/noticiasribeiraopreto.com.br\/index.php\/2023\/12\/14\/upa-do-ribeirao-verde-cinco-empresas-disputam-obra-de-r-16-milhoes\/","url_meta":{"origin":78150,"position":3},"title":"UPA do Ribeir\u00e3o Verde: cinco empresas disputam obra de R$ 16 milh\u00f5es","author":"noticiasribeiraopreto.com.br","date":"14 de December de 2023","format":false,"excerpt":"A Prefeitura de Ribeir\u00e3o Preto publicou no Di\u00e1rio Oficial do Munic\u00edpio, desta quinta-feira (14), o processo licitat\u00f3rio para a constru\u00e7\u00e3o da UPA (Unidade de Pronto Atendimento) do Ribeir\u00e3o Verde, na zona Leste. De acordo com a Administra\u00e7\u00e3o Municipal, dez empresas se inscreveram para participar da licita\u00e7\u00e3o, contudo, apenas cinco foram\u2026","rel":"","context":"In &quot;Not\u00edcias de Ribeir\u00e3o Preto-SP e Regi\u00e3o&quot;","block_context":{"text":"Not\u00edcias de Ribeir\u00e3o Preto-SP e Regi\u00e3o","link":"https:\/\/noticiasribeiraopreto.com.br\/index.php\/category\/noticias-de-ribeirao-preto-sp-e-regiao-ismael-colosi\/"},"img":{"alt_text":"","src":"https:\/\/i0.wp.com\/noticiasribeiraopreto.com.br\/wp-content\/uploads\/2023\/12\/projeto-UPA-Ribeirao-verde.jpeg?fit=1200%2C849&ssl=1&resize=350%2C200","width":350,"height":200,"srcset":"https:\/\/i0.wp.com\/noticiasribeiraopreto.com.br\/wp-content\/uploads\/2023\/12\/projeto-UPA-Ribeirao-verde.jpeg?fit=1200%2C849&ssl=1&resize=350%2C200 1x, https:\/\/i0.wp.com\/noticiasribeiraopreto.com.br\/wp-content\/uploads\/2023\/12\/projeto-UPA-Ribeirao-verde.jpeg?fit=1200%2C849&ssl=1&resize=525%2C300 1.5x, https:\/\/i0.wp.com\/noticiasribeiraopreto.com.br\/wp-content\/uploads\/2023\/12\/projeto-UPA-Ribeirao-verde.jpeg?fit=1200%2C849&ssl=1&resize=700%2C400 2x, https:\/\/i0.wp.com\/noticiasribeiraopreto.com.br\/wp-content\/uploads\/2023\/12\/projeto-UPA-Ribeirao-verde.jpeg?fit=1200%2C849&ssl=1&resize=1050%2C600 3x"},"classes":[]},{"id":76232,"url":"https:\/\/noticiasribeiraopreto.com.br\/index.php\/2025\/08\/25\/concurso-publico-do-trf-tem-28-vagas-e-salarios-de-r-37-mil\/","url_meta":{"origin":78150,"position":4},"title":"Concurso p\u00fablico do TRF tem 28 vagas e sal\u00e1rios de R$ 37 mil","author":"noticiasribeiraopreto.com.br","date":"25 de August de 2025","format":false,"excerpt":"O TRF-6 (Tribunal Regional Federal da 6\u00aa Regi\u00e3o) publicou nesta segunda-feira (25) edital de concurso p\u00fablico com 28 vagas para o cargo de juiz federal substituto. Os sal\u00e1rios para o cargo de juiz federal substituto s\u00e3o de R$ 37.765,55. As inscri\u00e7\u00f5es devem ser realizadas pelo site da FGV (clique aqui)\u2026","rel":"","context":"In &quot;Not\u00edcias de Ribeir\u00e3o Preto-SP e Regi\u00e3o&quot;","block_context":{"text":"Not\u00edcias de Ribeir\u00e3o Preto-SP e Regi\u00e3o","link":"https:\/\/noticiasribeiraopreto.com.br\/index.php\/category\/noticias-de-ribeirao-preto-sp-e-regiao-ismael-colosi\/"},"img":{"alt_text":"","src":"https:\/\/i0.wp.com\/noticiasribeiraopreto.com.br\/wp-content\/uploads\/2025\/07\/concurso-publico_2025-07-09_13-50-45.webp.webp?fit=1200%2C798&ssl=1&resize=350%2C200","width":350,"height":200,"srcset":"https:\/\/i0.wp.com\/noticiasribeiraopreto.com.br\/wp-content\/uploads\/2025\/07\/concurso-publico_2025-07-09_13-50-45.webp.webp?fit=1200%2C798&ssl=1&resize=350%2C200 1x, https:\/\/i0.wp.com\/noticiasribeiraopreto.com.br\/wp-content\/uploads\/2025\/07\/concurso-publico_2025-07-09_13-50-45.webp.webp?fit=1200%2C798&ssl=1&resize=525%2C300 1.5x, https:\/\/i0.wp.com\/noticiasribeiraopreto.com.br\/wp-content\/uploads\/2025\/07\/concurso-publico_2025-07-09_13-50-45.webp.webp?fit=1200%2C798&ssl=1&resize=700%2C400 2x, https:\/\/i0.wp.com\/noticiasribeiraopreto.com.br\/wp-content\/uploads\/2025\/07\/concurso-publico_2025-07-09_13-50-45.webp.webp?fit=1200%2C798&ssl=1&resize=1050%2C600 3x"},"classes":[]},{"id":37927,"url":"https:\/\/noticiasribeiraopreto.com.br\/index.php\/2024\/02\/19\/pedreiro-vai-receber-r-13-mil-apos-ser-atacado-por-pitbull-em-ribeirao-preto\/","url_meta":{"origin":78150,"position":5},"title":"Pedreiro vai receber R$ 13 mil ap\u00f3s ser atacado por pitbull em Ribeir\u00e3o Preto","author":"noticiasribeiraopreto.com.br","date":"19 de February de 2024","format":false,"excerpt":"Um pedreiro vai ser indenizado em R$ 13 mil ap\u00f3s ter sido atacado por um c\u00e3o da ra\u00e7a pitbull, em Ribeir\u00e3o Preto. O caso aconteceu em 2016, mas s\u00f3 foi julgado pelo TJ-SP (Tribunal de Justi\u00e7a de S\u00e3o Paulo) no \u00faltimo m\u00eas de janeiro. A v\u00edtima foi atacada quando a\u2026","rel":"","context":"In &quot;Not\u00edcias de Ribeir\u00e3o Preto-SP e Regi\u00e3o&quot;","block_context":{"text":"Not\u00edcias de Ribeir\u00e3o Preto-SP e Regi\u00e3o","link":"https:\/\/noticiasribeiraopreto.com.br\/index.php\/category\/noticias-de-ribeirao-preto-sp-e-regiao-ismael-colosi\/"},"img":{"alt_text":"","src":"https:\/\/i0.wp.com\/noticiasribeiraopreto.com.br\/wp-content\/uploads\/2024\/02\/homem-atacado-pitbull.jpg?fit=1200%2C798&ssl=1&resize=350%2C200","width":350,"height":200,"srcset":"https:\/\/i0.wp.com\/noticiasribeiraopreto.com.br\/wp-content\/uploads\/2024\/02\/homem-atacado-pitbull.jpg?fit=1200%2C798&ssl=1&resize=350%2C200 1x, https:\/\/i0.wp.com\/noticiasribeiraopreto.com.br\/wp-content\/uploads\/2024\/02\/homem-atacado-pitbull.jpg?fit=1200%2C798&ssl=1&resize=525%2C300 1.5x, https:\/\/i0.wp.com\/noticiasribeiraopreto.com.br\/wp-content\/uploads\/2024\/02\/homem-atacado-pitbull.jpg?fit=1200%2C798&ssl=1&resize=700%2C400 2x, https:\/\/i0.wp.com\/noticiasribeiraopreto.com.br\/wp-content\/uploads\/2024\/02\/homem-atacado-pitbull.jpg?fit=1200%2C798&ssl=1&resize=1050%2C600 3x"},"classes":[]}],"jetpack_sharing_enabled":true,"jetpack_shortlink":"https:\/\/wp.me\/peQAOb-kku","_links":{"self":[{"href":"https:\/\/noticiasribeiraopreto.com.br\/index.php\/wp-json\/wp\/v2\/posts\/78150","targetHints":{"allow":["GET"]}}],"collection":[{"href":"https:\/\/noticiasribeiraopreto.com.br\/index.php\/wp-json\/wp\/v2\/posts"}],"about":[{"href":"https:\/\/noticiasribeiraopreto.com.br\/index.php\/wp-json\/wp\/v2\/types\/post"}],"author":[{"embeddable":true,"href":"https:\/\/noticiasribeiraopreto.com.br\/index.php\/wp-json\/wp\/v2\/users\/1"}],"replies":[{"embeddable":true,"href":"https:\/\/noticiasribeiraopreto.com.br\/index.php\/wp-json\/wp\/v2\/comments?post=78150"}],"version-history":[{"count":0,"href":"https:\/\/noticiasribeiraopreto.com.br\/index.php\/wp-json\/wp\/v2\/posts\/78150\/revisions"}],"wp:featuredmedia":[{"embeddable":true,"href":"https:\/\/noticiasribeiraopreto.com.br\/index.php\/wp-json\/wp\/v2\/media\/78151"}],"wp:attachment":[{"href":"https:\/\/noticiasribeiraopreto.com.br\/index.php\/wp-json\/wp\/v2\/media?parent=78150"}],"wp:term":[{"taxonomy":"category","embeddable":true,"href":"https:\/\/noticiasribeiraopreto.com.br\/index.php\/wp-json\/wp\/v2\/categories?post=78150"},{"taxonomy":"post_tag","embeddable":true,"href":"https:\/\/noticiasribeiraopreto.com.br\/index.php\/wp-json\/wp\/v2\/tags?post=78150"}],"curies":[{"name":"wp","href":"https:\/\/api.w.org\/{rel}","templated":true}]}}