{"id":78152,"date":"2025-10-03T08:22:59","date_gmt":"2025-10-03T11:22:59","guid":{"rendered":"https:\/\/noticiasribeiraopreto.com.br\/index.php\/2025\/10\/03\/fogo-atinge-vegetacao-ao-lado-de-casas-na-regiao-de-ribeirao-preto-video\/"},"modified":"2025-10-03T08:22:59","modified_gmt":"2025-10-03T11:22:59","slug":"fogo-atinge-vegetacao-ao-lado-de-casas-na-regiao-de-ribeirao-preto-video","status":"publish","type":"post","link":"https:\/\/noticiasribeiraopreto.com.br\/index.php\/2025\/10\/03\/fogo-atinge-vegetacao-ao-lado-de-casas-na-regiao-de-ribeirao-preto-video\/","title":{"rendered":"Fogo atinge vegeta\u00e7\u00e3o ao lado de casas na regi\u00e3o de Ribeir\u00e3o Preto; V\u00eddeo"},"content":{"rendered":"<div class='code-block code-block-1' style='margin: 8px 0 8px auto; text-align: right; display: block; clear: both;'>\n<p><a href=\"https:\/\/wa.link\/vpicfd\"><img data-recalc-dims=\"1\" class=\"wp-image-4922\" style=\"aspect-ratio: 2.0253164556962027; width: 561px; height: auto;\" src=\"https:\/\/i0.wp.com\/ismaelcolosi.com.br\/wp-content\/uploads\/2023\/11\/grupo-de-empregos-whatsapp-e-facebook-ismael-colosi-vagas.jpg?ssl=1\" alt=\"\" \/><\/a><\/p>\n<!-- \/wp:image -->\n<\/div>\n<p> <br \/>\n<\/p>\n<p><strong>Um inc\u00eandio atingiu uma \u00e1rea de vegeta\u00e7\u00e3o perto de casas na noite desta quinta-feira (2), em Guar\u00e1, a 80 quil\u00f4metros de Ribeir\u00e3o Preto.<\/strong><\/p>\n<p>O <strong>Corpo de Bombeiros<\/strong> de <strong>Ituverava <\/strong>atuou no <strong>combate <\/strong>\u00e0s <strong>chamas <\/strong>por aproximadamente<strong> uma hora e meia<\/strong>, entre 18h30 e 20h. Um <strong>caminh\u00e3o-pipa<\/strong> tamb\u00e9m ajudou na a\u00e7\u00e3o.<\/p>\n<p>Apesar do susto e da destrui\u00e7\u00e3o, inclusive de \u00e1rvores, n\u00e3o houve registro de feridos.<\/p>\n<p>As causas ainda dever\u00e3o ser apuradas.<\/p>\n<p>A regi\u00e3o est\u00e1 em alerta para o risco de queimadas devido ao tempo seco.<\/p>\n<blockquote class=\"instagram-media\" data-instgrm-permalink=\"https:\/\/www.instagram.com\/reel\/DPWEP2yDvhD\/?utm_source=ig_embed&amp;utm_campaign=loading\" data-instgrm-version=\"14\" style=\"background:#FFF;border:0;border-radius:3px;margin: 1px;max-width:540px;min-width:326px;padding:0;width:99.375%;width:-webkit-calc(100% - 2px);width:calc(100% - 2px)\">\n<div style=\"padding:16px\"> <a href=\"https:\/\/www.instagram.com\/reel\/DPWEP2yDvhD\/?utm_source=ig_embed&amp;utm_campaign=loading\" style=\"background:#FFFFFF;line-height:0;padding:0 0;text-align:center;text-decoration:none;width:100%\" target=\"_blank\" rel=\"noopener\"> <\/p>\n<div style=\"flex-direction: row;align-items: center\">\n<div style=\"background-color: #F4F4F4;border-radius: 50%;flex-grow: 0;height: 40px;margin-right: 14px;width: 40px\"><\/div>\n<div style=\"flex-direction: column;flex-grow: 1;justify-content: center\">\n<div style=\"background-color: #F4F4F4;border-radius: 4px;flex-grow: 0;height: 14px;margin-bottom: 6px;width: 100px\"><\/div>\n<div style=\"background-color: #F4F4F4;border-radius: 4px;flex-grow: 0;height: 14px;width: 60px\"><\/div>\n<\/div>\n<\/div>\n<div style=\"padding: 19% 0\"><\/div>\n<div style=\"height:50px;margin:0 auto 12px;width:50px\"><\/div>\n<div style=\"padding-top: 8px\">\n<div style=\"color:#3897f0;font-family:Arial,sans-serif;font-size:14px;font-style:normal;font-weight:550;line-height:18px\">Ver essa foto no Instagram<\/div>\n<\/div>\n<div style=\"padding: 12.5% 0\"><\/div>\n<div style=\"flex-direction: row;margin-bottom: 14px;align-items: center\">\n<div>\n<div style=\"background-color: #F4F4F4;border-radius: 50%;height: 12.5px;width: 12.5px\"><\/div>\n<div style=\"background-color: #F4F4F4;height: 12.5px;width: 12.5px;flex-grow: 0;margin-right: 14px;margin-left: 2px\"><\/div>\n<div style=\"background-color: #F4F4F4;border-radius: 50%;height: 12.5px;width: 12.5px\"><\/div>\n<\/div>\n<div style=\"margin-left: 8px\">\n<div style=\"background-color: #F4F4F4;border-radius: 50%;flex-grow: 0;height: 20px;width: 20px\"><\/div>\n<div style=\"width: 0;height: 0;border-top: 2px solid transparent;border-left: 6px solid #f4f4f4;border-bottom: 2px solid transparent\"><\/div>\n<\/div>\n<div style=\"margin-left: auto\">\n<div style=\"width: 0px;border-top: 8px solid #F4F4F4;border-right: 8px solid transparent\"><\/div>\n<div style=\"background-color: #F4F4F4;flex-grow: 0;height: 12px;width: 16px\"><\/div>\n<div style=\"width: 0;height: 0;border-top: 8px solid #F4F4F4;border-left: 8px solid transparent\"><\/div>\n<\/div>\n<\/div>\n<div style=\"flex-direction: column;flex-grow: 1;justify-content: center;margin-bottom: 24px\">\n<div style=\"background-color: #F4F4F4;border-radius: 4px;flex-grow: 0;height: 14px;margin-bottom: 6px;width: 224px\"><\/div>\n<div style=\"background-color: #F4F4F4;border-radius: 4px;flex-grow: 0;height: 14px;width: 144px\"><\/div>\n<\/div>\n<p><\/a><\/p>\n<p style=\"color:#c9c8cd;font-family:Arial,sans-serif;font-size:14px;line-height:17px;margin-bottom:0;margin-top:8px;overflow:hidden;padding:8px 0 7px;text-align:center\"><a href=\"https:\/\/www.instagram.com\/reel\/DPWEP2yDvhD\/?utm_source=ig_embed&amp;utm_campaign=loading\" style=\"color:#c9c8cd;font-family:Arial,sans-serif;font-size:14px;font-style:normal;font-weight:normal;line-height:17px;text-decoration:none\" target=\"_blank\" rel=\"noopener\">Uma publica\u00e7\u00e3o compartilhada por acidade on Ribeir\u00e3o (@acidadeonribeirao)<\/a><\/p>\n<\/div>\n<\/blockquote>\n<p>O post Fogo atinge vegeta\u00e7\u00e3o ao lado de casas na regi\u00e3o de Ribeir\u00e3o Preto; V\u00eddeo apareceu primeiro em ACidade ON Ribeir\u00e3o Preto.<\/p>\n<p><script async src=\"\/\/www.instagram.com\/embed.js\"><\/script><br \/>\n<br \/><br \/>\n<br \/><a href=\"https:\/\/www.acidadeon.com\/ribeiraopreto\/cotidiano\/fogo-atinge-vegetacao-ao-lado-de-casas-na-regiao-de-ribeirao-preto-video\/\">Source link <\/a><\/p>\n<!-- CONTENT END 1 -->\n","protected":false},"excerpt":{"rendered":"<p>Um inc\u00eandio atingiu uma \u00e1rea de vegeta\u00e7\u00e3o perto de casas na noite desta quinta-feira (2), em Guar\u00e1, a 80 quil\u00f4metros de Ribeir\u00e3o Preto. O Corpo&#8230;<\/p>\n","protected":false},"author":1,"featured_media":78153,"comment_status":"open","ping_status":"open","sticky":false,"template":"","format":"standard","meta":{"advanced_seo_description":"","jetpack_seo_html_title":"","jetpack_seo_noindex":false,"jetpack_post_was_ever_published":false,"_jetpack_newsletter_access":"","_jetpack_dont_email_post_to_subs":false,"_jetpack_newsletter_tier_id":0,"_jetpack_memberships_contains_paywalled_content":false,"_jetpack_memberships_contains_paid_content":false,"footnotes":"","jetpack_publicize_message":"","jetpack_publicize_feature_enabled":true,"jetpack_social_post_already_shared":true,"jetpack_social_options":{"image_generator_settings":{"template":"highway","default_image_id":0,"font":"","enabled":false},"version":2}},"categories":[11],"tags":[],"class_list":["post-78152","post","type-post","status-publish","format-standard","has-post-thumbnail","hentry","category-noticias-de-ribeirao-preto-sp-e-regiao-ismael-colosi"],"jetpack_publicize_connections":[],"jetpack_featured_media_url":"https:\/\/i0.wp.com\/noticiasribeiraopreto.com.br\/wp-content\/uploads\/2025\/10\/WhatsApp-Image-2025-10-03-at-08.16.07_2025-10-03_11-20-32.webp.webp?fit=1200%2C675&ssl=1","jetpack-related-posts":[{"id":48620,"url":"https:\/\/noticiasribeiraopreto.com.br\/index.php\/2024\/05\/04\/incendio-atinge-area-com-vegetacao-ao-lado-de-casas-na-regiao-de-ribeirao-veja-video\/","url_meta":{"origin":78152,"position":0},"title":"Inc\u00eandio atinge \u00e1rea com vegeta\u00e7\u00e3o ao lado de casas na regi\u00e3o de Ribeir\u00e3o; Veja v\u00eddeo","author":"noticiasribeiraopreto.com.br","date":"4 de May de 2024","format":false,"excerpt":"Um inc\u00eandio atinge uma \u00e1rea com vegeta\u00e7\u00e3o pr\u00f3xima de casas neste s\u00e1bado (4), no bairro City Petr\u00f3polis, em Franca, cidade a aproximadamente 80 quil\u00f4metros de Ribeir\u00e3o Preto. Assista ao v\u00eddeo abaixo. O Corpo de Bombeiros informou que faz o combate ao fogo no in\u00edcio desta tarde e que n\u00e3o h\u00e1\u2026","rel":"","context":"In &quot;Not\u00edcias de Ribeir\u00e3o Preto-SP e Regi\u00e3o&quot;","block_context":{"text":"Not\u00edcias de Ribeir\u00e3o Preto-SP e Regi\u00e3o","link":"https:\/\/noticiasribeiraopreto.com.br\/index.php\/category\/noticias-de-ribeirao-preto-sp-e-regiao-ismael-colosi\/"},"img":{"alt_text":"","src":"https:\/\/i0.wp.com\/noticiasribeiraopreto.com.br\/wp-content\/uploads\/2024\/05\/WhatsApp-Image-2024-05-04-at-13.29.30_2024-05-04_16-31-00_jpeg_2024-05-04_16-31-00.webp.webp?fit=1200%2C675&ssl=1&resize=350%2C200","width":350,"height":200,"srcset":"https:\/\/i0.wp.com\/noticiasribeiraopreto.com.br\/wp-content\/uploads\/2024\/05\/WhatsApp-Image-2024-05-04-at-13.29.30_2024-05-04_16-31-00_jpeg_2024-05-04_16-31-00.webp.webp?fit=1200%2C675&ssl=1&resize=350%2C200 1x, https:\/\/i0.wp.com\/noticiasribeiraopreto.com.br\/wp-content\/uploads\/2024\/05\/WhatsApp-Image-2024-05-04-at-13.29.30_2024-05-04_16-31-00_jpeg_2024-05-04_16-31-00.webp.webp?fit=1200%2C675&ssl=1&resize=525%2C300 1.5x, https:\/\/i0.wp.com\/noticiasribeiraopreto.com.br\/wp-content\/uploads\/2024\/05\/WhatsApp-Image-2024-05-04-at-13.29.30_2024-05-04_16-31-00_jpeg_2024-05-04_16-31-00.webp.webp?fit=1200%2C675&ssl=1&resize=700%2C400 2x, https:\/\/i0.wp.com\/noticiasribeiraopreto.com.br\/wp-content\/uploads\/2024\/05\/WhatsApp-Image-2024-05-04-at-13.29.30_2024-05-04_16-31-00_jpeg_2024-05-04_16-31-00.webp.webp?fit=1200%2C675&ssl=1&resize=1050%2C600 3x"},"classes":[]},{"id":77232,"url":"https:\/\/noticiasribeiraopreto.com.br\/index.php\/2025\/09\/14\/incendio-em-area-de-preservacao-e-extinto-na-regiao-de-ribeirao-preto-video\/","url_meta":{"origin":78152,"position":1},"title":"Inc\u00eandio em \u00e1rea de preserva\u00e7\u00e3o \u00e9 extinto na regi\u00e3o de Ribeir\u00e3o Preto; V\u00eddeo","author":"noticiasribeiraopreto.com.br","date":"14 de September de 2025","format":false,"excerpt":"*Not\u00edcia atualizada \u00e0s 14h50 de 14 de setembro de 2025.A Defesa Civil de S\u00e3o Paulo informou que neste domingo (14) seguem as ocorr\u00eancias de inc\u00eandio em vegeta\u00e7\u00e3o no estado. Mas, as chamas em uma APP (\u00c1rea de Preserva\u00e7\u00e3o Permanente) de Cajuru, na regi\u00e3o de Ribeir\u00e3o Preto, foram extintas por volta\u2026","rel":"","context":"In &quot;Not\u00edcias de Ribeir\u00e3o Preto-SP e Regi\u00e3o&quot;","block_context":{"text":"Not\u00edcias de Ribeir\u00e3o Preto-SP e Regi\u00e3o","link":"https:\/\/noticiasribeiraopreto.com.br\/index.php\/category\/noticias-de-ribeirao-preto-sp-e-regiao-ismael-colosi\/"},"img":{"alt_text":"","src":"https:\/\/i0.wp.com\/noticiasribeiraopreto.com.br\/wp-content\/uploads\/2025\/09\/app-cajuru_2025-09-14_16-57-56.webp.webp?fit=1200%2C774&ssl=1&resize=350%2C200","width":350,"height":200,"srcset":"https:\/\/i0.wp.com\/noticiasribeiraopreto.com.br\/wp-content\/uploads\/2025\/09\/app-cajuru_2025-09-14_16-57-56.webp.webp?fit=1200%2C774&ssl=1&resize=350%2C200 1x, https:\/\/i0.wp.com\/noticiasribeiraopreto.com.br\/wp-content\/uploads\/2025\/09\/app-cajuru_2025-09-14_16-57-56.webp.webp?fit=1200%2C774&ssl=1&resize=525%2C300 1.5x, https:\/\/i0.wp.com\/noticiasribeiraopreto.com.br\/wp-content\/uploads\/2025\/09\/app-cajuru_2025-09-14_16-57-56.webp.webp?fit=1200%2C774&ssl=1&resize=700%2C400 2x, https:\/\/i0.wp.com\/noticiasribeiraopreto.com.br\/wp-content\/uploads\/2025\/09\/app-cajuru_2025-09-14_16-57-56.webp.webp?fit=1200%2C774&ssl=1&resize=1050%2C600 3x"},"classes":[]},{"id":52210,"url":"https:\/\/noticiasribeiraopreto.com.br\/index.php\/2024\/06\/05\/fogo-atinge-40-mil-metros-quadrados-de-vegetacao-na-regiao-de-ribeirao-preto\/","url_meta":{"origin":78152,"position":2},"title":"Fogo atinge 40 mil metros quadrados de vegeta\u00e7\u00e3o na regi\u00e3o de Ribeir\u00e3o Preto","author":"noticiasribeiraopreto.com.br","date":"5 de June de 2024","format":false,"excerpt":"Um inc\u00eandio atingiu aproximadamente 40 mil metros quadrados de uma \u00e1rea de vegeta\u00e7\u00e3o entre a noite desta ter\u00e7a-feira (4) e a madrugada desta quarta-feira (5), em Batatais, cidade a 40 quil\u00f4metros de Ribeir\u00e3o Preto. A \u00e1rea destru\u00edda equivale a cinco campos de futebol. O Corpo de Bombeiros fez o combate\u2026","rel":"","context":"In &quot;Not\u00edcias de Ribeir\u00e3o Preto-SP e Regi\u00e3o&quot;","block_context":{"text":"Not\u00edcias de Ribeir\u00e3o Preto-SP e Regi\u00e3o","link":"https:\/\/noticiasribeiraopreto.com.br\/index.php\/category\/noticias-de-ribeirao-preto-sp-e-regiao-ismael-colosi\/"},"img":{"alt_text":"","src":"https:\/\/i0.wp.com\/noticiasribeiraopreto.com.br\/wp-content\/uploads\/2024\/06\/FOGO-MATO_2024-06-05_09-58-53_jpg_2024-06-05_09-58-53.webp.webp?fit=1200%2C862&ssl=1&resize=350%2C200","width":350,"height":200,"srcset":"https:\/\/i0.wp.com\/noticiasribeiraopreto.com.br\/wp-content\/uploads\/2024\/06\/FOGO-MATO_2024-06-05_09-58-53_jpg_2024-06-05_09-58-53.webp.webp?fit=1200%2C862&ssl=1&resize=350%2C200 1x, https:\/\/i0.wp.com\/noticiasribeiraopreto.com.br\/wp-content\/uploads\/2024\/06\/FOGO-MATO_2024-06-05_09-58-53_jpg_2024-06-05_09-58-53.webp.webp?fit=1200%2C862&ssl=1&resize=525%2C300 1.5x, https:\/\/i0.wp.com\/noticiasribeiraopreto.com.br\/wp-content\/uploads\/2024\/06\/FOGO-MATO_2024-06-05_09-58-53_jpg_2024-06-05_09-58-53.webp.webp?fit=1200%2C862&ssl=1&resize=700%2C400 2x, https:\/\/i0.wp.com\/noticiasribeiraopreto.com.br\/wp-content\/uploads\/2024\/06\/FOGO-MATO_2024-06-05_09-58-53_jpg_2024-06-05_09-58-53.webp.webp?fit=1200%2C862&ssl=1&resize=1050%2C600 3x"},"classes":[]},{"id":77504,"url":"https:\/\/noticiasribeiraopreto.com.br\/index.php\/2025\/09\/19\/incendio-de-grandes-proporcoes-atinge-area-de-vegetacao-em-cidade-na-regiao-de-ribeirao-veja-video\/","url_meta":{"origin":78152,"position":3},"title":"Inc\u00eandio de grandes propor\u00e7\u00f5es atinge \u00e1rea de vegeta\u00e7\u00e3o em cidade na regi\u00e3o de Ribeir\u00e3o; Veja v\u00eddeo","author":"noticiasribeiraopreto.com.br","date":"19 de September de 2025","format":false,"excerpt":"Um inc\u00eandio de grandes propor\u00e7\u00f5es atinge uma \u00e1rea de vegeta\u00e7\u00e3o em Morro Agudo, cidade na regi\u00e3o de Ribeir\u00e3o Preto, na tarde desta sexta-feira (19). De acordo com as informa\u00e7\u00f5es da Defesa Civil da cidade, brigadas de inc\u00eandio de usinas e produtores rurais est\u00e3o no local auxiliando no combate \u00e0s chamas.\u2026","rel":"","context":"In &quot;Not\u00edcias de Ribeir\u00e3o Preto-SP e Regi\u00e3o&quot;","block_context":{"text":"Not\u00edcias de Ribeir\u00e3o Preto-SP e Regi\u00e3o","link":"https:\/\/noticiasribeiraopreto.com.br\/index.php\/category\/noticias-de-ribeirao-preto-sp-e-regiao-ismael-colosi\/"},"img":{"alt_text":"","src":"https:\/\/i0.wp.com\/noticiasribeiraopreto.com.br\/wp-content\/uploads\/2025\/09\/WhatsApp-Image-2025-09-19-at-16.36.30_2025-09-19_19-52-43.webp.webp?fit=1200%2C900&ssl=1&resize=350%2C200","width":350,"height":200,"srcset":"https:\/\/i0.wp.com\/noticiasribeiraopreto.com.br\/wp-content\/uploads\/2025\/09\/WhatsApp-Image-2025-09-19-at-16.36.30_2025-09-19_19-52-43.webp.webp?fit=1200%2C900&ssl=1&resize=350%2C200 1x, https:\/\/i0.wp.com\/noticiasribeiraopreto.com.br\/wp-content\/uploads\/2025\/09\/WhatsApp-Image-2025-09-19-at-16.36.30_2025-09-19_19-52-43.webp.webp?fit=1200%2C900&ssl=1&resize=525%2C300 1.5x, https:\/\/i0.wp.com\/noticiasribeiraopreto.com.br\/wp-content\/uploads\/2025\/09\/WhatsApp-Image-2025-09-19-at-16.36.30_2025-09-19_19-52-43.webp.webp?fit=1200%2C900&ssl=1&resize=700%2C400 2x, https:\/\/i0.wp.com\/noticiasribeiraopreto.com.br\/wp-content\/uploads\/2025\/09\/WhatsApp-Image-2025-09-19-at-16.36.30_2025-09-19_19-52-43.webp.webp?fit=1200%2C900&ssl=1&resize=1050%2C600 3x"},"classes":[]},{"id":50048,"url":"https:\/\/noticiasribeiraopreto.com.br\/index.php\/2024\/05\/14\/incendio-atinge-area-de-vegetacao-e-provoca-muita-fumaca-na-regiao-de-ribeirao-video\/","url_meta":{"origin":78152,"position":4},"title":"Inc\u00eandio atinge \u00e1rea de vegeta\u00e7\u00e3o e provoca muita fuma\u00e7a na regi\u00e3o de Ribeir\u00e3o; V\u00eddeo","author":"noticiasribeiraopreto.com.br","date":"14 de May de 2024","format":false,"excerpt":"Um inc\u00eandio de grandes propor\u00e7\u00f5es atingiu uma \u00e1rea de vegeta\u00e7\u00e3o, em Franca, na regi\u00e3o de Ribeir\u00e3o Preto, na tarde desta ter\u00e7a-feira (14) \u2013 veja o v\u00eddeo abaixo. O caso foi registrado na Vila Imperador, na zona Norte de Franca. N\u00e3o h\u00e1 informa\u00e7\u00f5es sobre feridos. De acordo com a EPTV, o\u2026","rel":"","context":"In &quot;Not\u00edcias de Ribeir\u00e3o Preto-SP e Regi\u00e3o&quot;","block_context":{"text":"Not\u00edcias de Ribeir\u00e3o Preto-SP e Regi\u00e3o","link":"https:\/\/noticiasribeiraopreto.com.br\/index.php\/category\/noticias-de-ribeirao-preto-sp-e-regiao-ismael-colosi\/"},"img":{"alt_text":"","src":"https:\/\/i0.wp.com\/noticiasribeiraopreto.com.br\/wp-content\/uploads\/2024\/05\/AnyConv.com__incendio-franca_2024-05-14_17-27-10.webp.webp?fit=1200%2C672&ssl=1&resize=350%2C200","width":350,"height":200,"srcset":"https:\/\/i0.wp.com\/noticiasribeiraopreto.com.br\/wp-content\/uploads\/2024\/05\/AnyConv.com__incendio-franca_2024-05-14_17-27-10.webp.webp?fit=1200%2C672&ssl=1&resize=350%2C200 1x, https:\/\/i0.wp.com\/noticiasribeiraopreto.com.br\/wp-content\/uploads\/2024\/05\/AnyConv.com__incendio-franca_2024-05-14_17-27-10.webp.webp?fit=1200%2C672&ssl=1&resize=525%2C300 1.5x, https:\/\/i0.wp.com\/noticiasribeiraopreto.com.br\/wp-content\/uploads\/2024\/05\/AnyConv.com__incendio-franca_2024-05-14_17-27-10.webp.webp?fit=1200%2C672&ssl=1&resize=700%2C400 2x, https:\/\/i0.wp.com\/noticiasribeiraopreto.com.br\/wp-content\/uploads\/2024\/05\/AnyConv.com__incendio-franca_2024-05-14_17-27-10.webp.webp?fit=1200%2C672&ssl=1&resize=1050%2C600 3x"},"classes":[]},{"id":77117,"url":"https:\/\/noticiasribeiraopreto.com.br\/index.php\/2025\/09\/11\/aguia-da-pm-atua-no-combate-a-incendio-na-regiao-de-ribeirao-preto-veja-o-video\/","url_meta":{"origin":78152,"position":5},"title":"\u00c1guia da PM atua no combate a inc\u00eandio na regi\u00e3o de Ribeir\u00e3o Preto; Veja o v\u00eddeo","author":"noticiasribeiraopreto.com.br","date":"11 de September de 2025","format":false,"excerpt":"A Defesa Civil de S\u00e3o Paulo atua no combate aos inc\u00eandios que atingem \u00e1reas de vegeta\u00e7\u00e3o na regi\u00e3o de Ribeir\u00e3o Preto nesta quinta-feira (11)- veja o v\u00eddeo abaixo. Os agentes atuam em C\u00e1ssia dos Coqueiros e Cajuru, inclusive com o aux\u00edlio de aeronaves, como o helic\u00f3ptero \u00c1guia, da Pol\u00edcia Militar.\u2026","rel":"","context":"In &quot;Not\u00edcias de Ribeir\u00e3o Preto-SP e Regi\u00e3o&quot;","block_context":{"text":"Not\u00edcias de Ribeir\u00e3o Preto-SP e Regi\u00e3o","link":"https:\/\/noticiasribeiraopreto.com.br\/index.php\/category\/noticias-de-ribeirao-preto-sp-e-regiao-ismael-colosi\/"},"img":{"alt_text":"","src":"https:\/\/i0.wp.com\/noticiasribeiraopreto.com.br\/wp-content\/uploads\/2025\/09\/aguia-cassia-dos-coqueiros_2025-09-11_19-44-24.webp.webp?fit=840%2C471&ssl=1&resize=350%2C200","width":350,"height":200,"srcset":"https:\/\/i0.wp.com\/noticiasribeiraopreto.com.br\/wp-content\/uploads\/2025\/09\/aguia-cassia-dos-coqueiros_2025-09-11_19-44-24.webp.webp?fit=840%2C471&ssl=1&resize=350%2C200 1x, https:\/\/i0.wp.com\/noticiasribeiraopreto.com.br\/wp-content\/uploads\/2025\/09\/aguia-cassia-dos-coqueiros_2025-09-11_19-44-24.webp.webp?fit=840%2C471&ssl=1&resize=525%2C300 1.5x, https:\/\/i0.wp.com\/noticiasribeiraopreto.com.br\/wp-content\/uploads\/2025\/09\/aguia-cassia-dos-coqueiros_2025-09-11_19-44-24.webp.webp?fit=840%2C471&ssl=1&resize=700%2C400 2x"},"classes":[]}],"jetpack_sharing_enabled":true,"jetpack_shortlink":"https:\/\/wp.me\/peQAOb-kkw","_links":{"self":[{"href":"https:\/\/noticiasribeiraopreto.com.br\/index.php\/wp-json\/wp\/v2\/posts\/78152","targetHints":{"allow":["GET"]}}],"collection":[{"href":"https:\/\/noticiasribeiraopreto.com.br\/index.php\/wp-json\/wp\/v2\/posts"}],"about":[{"href":"https:\/\/noticiasribeiraopreto.com.br\/index.php\/wp-json\/wp\/v2\/types\/post"}],"author":[{"embeddable":true,"href":"https:\/\/noticiasribeiraopreto.com.br\/index.php\/wp-json\/wp\/v2\/users\/1"}],"replies":[{"embeddable":true,"href":"https:\/\/noticiasribeiraopreto.com.br\/index.php\/wp-json\/wp\/v2\/comments?post=78152"}],"version-history":[{"count":0,"href":"https:\/\/noticiasribeiraopreto.com.br\/index.php\/wp-json\/wp\/v2\/posts\/78152\/revisions"}],"wp:featuredmedia":[{"embeddable":true,"href":"https:\/\/noticiasribeiraopreto.com.br\/index.php\/wp-json\/wp\/v2\/media\/78153"}],"wp:attachment":[{"href":"https:\/\/noticiasribeiraopreto.com.br\/index.php\/wp-json\/wp\/v2\/media?parent=78152"}],"wp:term":[{"taxonomy":"category","embeddable":true,"href":"https:\/\/noticiasribeiraopreto.com.br\/index.php\/wp-json\/wp\/v2\/categories?post=78152"},{"taxonomy":"post_tag","embeddable":true,"href":"https:\/\/noticiasribeiraopreto.com.br\/index.php\/wp-json\/wp\/v2\/tags?post=78152"}],"curies":[{"name":"wp","href":"https:\/\/api.w.org\/{rel}","templated":true}]}}