{"id":78154,"date":"2025-10-03T08:29:44","date_gmt":"2025-10-03T11:29:44","guid":{"rendered":"https:\/\/noticiasribeiraopreto.com.br\/index.php\/2025\/10\/03\/milton-nascimento-esta-com-demencia\/"},"modified":"2025-10-03T08:29:44","modified_gmt":"2025-10-03T11:29:44","slug":"milton-nascimento-esta-com-demencia","status":"publish","type":"post","link":"https:\/\/noticiasribeiraopreto.com.br\/index.php\/2025\/10\/03\/milton-nascimento-esta-com-demencia\/","title":{"rendered":"Milton Nascimento est\u00e1 com dem\u00eancia"},"content":{"rendered":"<p> <br \/>\n<\/p>\n<div>\n<p><em>DCL \u00e9 o terceiro tipo mais comum de dem\u00eancia, tem sintomas parecidos com os do mal de Alzheimer e, no que diz respeito \u00e0s quest\u00f5es motoras, ao Parkinson.\u2028<\/em><\/p>\n<p><em>\u2028<\/em>O cantor Milton Nascimento, 82 anos, foi diagnosticado com dem\u00eancia, revelou seu filho, o empres\u00e1rio Augusto Nascimento, em seu perfil no Instagram. Afirma que comportamentos diferentes come\u00e7aram a ser notados no final do ano passado, mas nada que fosse alarmante. \u2028\u2028Com o tempo, entretanto, as altera\u00e7\u00f5es foram se acentuando.<\/p>\n<p>\u201cO Parkinson, diagnosticado em 2022, avan\u00e7ando, e as pequenas atividades do dia a dia sofrendo impacto.\u201d Augusto revela que fez uma viagem de motorhome com o pai, em maio. \u2028\u2028\u201dRodamos aproximadamente 4.000 km, eu dirigia com ele sempre ao meu lado de copiloto e escolhendo as m\u00fasicas \u2013 tal qual sempre fizemos em nossas boas viagens pelo mundo.<\/p>\n<p>De alguma forma, eu sabia que aquela viagem seria uma despedida desses momentos\u201d, afirmou o filho, destacando que, dentro das limita\u00e7\u00f5es, Milton se divertiu muito e costumava dizer que aquela \u201chavia sido a melhor viagem da vida dele.<\/p>\n<p>\u201c\u2028\u2028De volta ao Brasil, Augusto afirma que estava em uma viagem a trabalho quando foi obrigado a retornar para casa \u00e0s pressas. Milton precisava de apoio por causa de uma desidrata\u00e7\u00e3o, fruto da dificuldade que ele vem tendo de tomar l\u00edquido e se alimentar.<\/p>\n<p>\u201cDali para frente, entramos em uma montanha russa, e absolutamente tudo mudou de forma extremamente r\u00e1pida: veio, ent\u00e3o, o duro diagn\u00f3stico de dem\u00eancia\u201d, declarou o filho.\u2028\u2028\u201dNossos di\u00e1logos, desde ent\u00e3o, t\u00eam sido, em sua maioria, silenciosos ou um pouco confusos. Meu pai me chama e tenta falar comigo, mas nem sempre consegue se expressar\u201d, disse.<\/p>\n<p>\u201cAs in\u00fameras liga\u00e7\u00f5es a cada vez que eu viajo para trabalhar, j\u00e1 n\u00e3o existem mais, nem mesmo a curiosidade por boas fofocas da vida, ou a espera ansiosa por cada vez que eu retorno para casa em que ele me aguardava com uma camiseta com a nossa foto, ou a curiosidade travessa de me perguntar se eu tinha batido em todo mundo nas voltas dos treinos de jiu-j\u00edtsu\u201d, relatou Augusto.<\/p>\n<p>Em entrevista \u00e0 revista Piau\u00ed, Augusto revelou que o diagn\u00f3stico do pai, ap\u00f3s diversos exames e testes cl\u00ednico, \u00e9 dem\u00eancia por corpos de Lewy (DCL), um dist\u00farbio neurodegenerativo caracterizado por decl\u00ednio nas fun\u00e7\u00f5es de pensamento, movimento, comportamento, cogni\u00e7\u00e3o e humor.<\/p>\n<p>A DCL \u00e9 o terceiro tipo mais comum de dem\u00eancia, tem sintomas parecidos com os do mal de Alzheimer e, no que diz respeito \u00e0s quest\u00f5es motoras, ao Parkinson.\u2028\u2028Segundo Ana Carolina Gomes, neurologista do Hospital Alem\u00e3o Oswaldo Cruz especializada em mem\u00f3ria, as dem\u00eancias, de modo geral, se caracterizam por um decl\u00ednio cognitivo, causado pela altera\u00e7\u00e3o na fun\u00e7\u00e3o cerebral.<\/p>\n<p>Esse decl\u00ednio afeta a mem\u00f3ria, a fun\u00e7\u00e3o executiva e a capacidade de se orientar no espa\u00e7o e no tempo, al\u00e9m de estar associado \u00e0 perda de funcionalidade.<\/p>\n<p>\u201cOu seja, coisas que o paciente conseguia fazer antes, agora ele passa a ter dificuldade\u201d, explica.\u2028\u2028 A dem\u00eancia por corpos de Lewy, por\u00e9m, tem uma caracter\u00edstica muito particular. \u201cAl\u00e9m do decl\u00ednio cognitivo, tamb\u00e9m h\u00e1 sintomas de s\u00edndrome parkinsoniana, que \u00e9 muito parecida com a doen\u00e7a de Parkinson.<\/p>\n<p>O paciente pode ter tremor, rigidez e dificuldade e lentid\u00e3o para andar, al\u00e9m da instabilidade postural\u201d, adiciona.\u2028\u2028Outra caracter\u00edstica \u00e9 que o decl\u00ednio cognitivo e os sintomas parkinsonianos acontecem de forma concomitante. Eles surgem juntos ou com um intervalo de, no m\u00e1ximo, um ano. O quadro tamb\u00e9m causa alucina\u00e7\u00f5es visuais recorrentes.<\/p>\n<p>\u201cElas s\u00e3o muito frequentes e bem caracter\u00edsticas. O paciente enxerga pessoas ou animais que n\u00e3o existem. Outra caracter\u00edstica s\u00e3o as ilus\u00f5es. Muitas vezes, ele v\u00ea um objeto, mas enxerga outro. Por exemplo, o paciente pode olhar para uma cortina e interpretar que aquilo \u00e9 um animal\u201d, detalha Ana.\u2028\u2028Esses sintomas podem ocorrer com outros tipos de dem\u00eancias, mas no caso da DCL eles acontecem de forma precoce e bem marcada.<\/p>\n<p>Charlys Barbosa Nogueira, geriatra e membro da Comiss\u00e3o de Inova\u00e7\u00e3o em Doen\u00e7a de Alzheimer e Dem\u00eancias da Sociedade Brasileira de Geriatria e Gerontologia (SBGG), acrescenta que os pacientes tamb\u00e9m podem apresentar del\u00edrios de persegui\u00e7\u00e3o e quadros de agita\u00e7\u00e3o psicomotora.<\/p>\n<p>\u201cTais sintomas devem ser controlados, pois provocam muito estresse. Tanto para o paciente quanto para os familiares\u201d, pontua. Nogueira destaca que os fatores de risco ainda n\u00e3o s\u00e3o muito conhecidos, mas costumam se assemelhar aos de outras formas de dem\u00eancia, incluindo idade avan\u00e7ada, baixa escolaridade, problemas cardiovasculares, perda auditiva ou visual, solid\u00e3o e inatividade f\u00edsica, entre outros. Um ponto importante \u00e9 que os homens apresentam maior propens\u00e3o a desenvolver a condi\u00e7\u00e3o. Al\u00e9m disso, o hist\u00f3rico familiar tamb\u00e9m merece aten\u00e7\u00e3o.<\/p>\n<p><!-- CONTENT END 3 -->\n<\/div>\n<p><br \/>\n<br \/><a href=\"https:\/\/www.tribunaribeirao.com.br\/milton-nascimento-esta-com-demencia\/\">Source link <\/a><\/p>\n","protected":false},"excerpt":{"rendered":"<p>DCL \u00e9 o terceiro tipo mais comum de dem\u00eancia, tem sintomas parecidos com os do mal de Alzheimer e, no que diz respeito \u00e0s quest\u00f5es&#8230;<\/p>\n","protected":false},"author":1,"featured_media":78155,"comment_status":"open","ping_status":"open","sticky":false,"template":"","format":"standard","meta":{"advanced_seo_description":"","jetpack_seo_html_title":"","jetpack_seo_noindex":false,"jetpack_post_was_ever_published":false,"_jetpack_newsletter_access":"","_jetpack_dont_email_post_to_subs":false,"_jetpack_newsletter_tier_id":0,"_jetpack_memberships_contains_paywalled_content":false,"_jetpack_memberships_contains_paid_content":false,"footnotes":"","jetpack_publicize_message":"","jetpack_publicize_feature_enabled":true,"jetpack_social_post_already_shared":true,"jetpack_social_options":{"image_generator_settings":{"template":"highway","default_image_id":0,"font":"","enabled":false},"version":2}},"categories":[11],"tags":[],"class_list":["post-78154","post","type-post","status-publish","format-standard","has-post-thumbnail","hentry","category-noticias-de-ribeirao-preto-sp-e-regiao-ismael-colosi"],"jetpack_publicize_connections":[],"jetpack_featured_media_url":"https:\/\/i0.wp.com\/noticiasribeiraopreto.com.br\/wp-content\/uploads\/2025\/10\/Milton-Reproducao-Instagram.jpg?fit=729%2C700&ssl=1","jetpack-related-posts":[{"id":78133,"url":"https:\/\/noticiasribeiraopreto.com.br\/index.php\/2025\/10\/02\/entenda-o-que-e-a-demencia-por-corpos-de-lewy-doenca-diagnosticada-em-milton-nascimento\/","url_meta":{"origin":78154,"position":0},"title":"Entenda o que \u00e9 a Dem\u00eancia por corpos de Lewy, doen\u00e7a diagnosticada em Milton Nascimento","author":"noticiasribeiraopreto.com.br","date":"2 de October de 2025","format":false,"excerpt":"O cantor Milton Nascimento, de 82 anos, foi diagnosticado com dem\u00eancia por corpos de Lewy (DCL), um dos tipos mais comuns da doen\u00e7a. A revela\u00e7\u00e3o foi feita pelo filho do artista, Augusto Nascimento, em entrevista publicada pela Revista Piau\u00ed nesta quinta-feira (2). Segundo Ana Carolina Gomes, neurologista do Hospital Alem\u00e3o\u2026","rel":"","context":"In &quot;Not\u00edcias de Ribeir\u00e3o Preto-SP e Regi\u00e3o&quot;","block_context":{"text":"Not\u00edcias de Ribeir\u00e3o Preto-SP e Regi\u00e3o","link":"https:\/\/noticiasribeiraopreto.com.br\/index.php\/category\/noticias-de-ribeirao-preto-sp-e-regiao-ismael-colosi\/"},"img":{"alt_text":"","src":"https:\/\/i0.wp.com\/noticiasribeiraopreto.com.br\/wp-content\/uploads\/2025\/10\/milton-nascimento_2025-10-02_18-11-37.webp.webp?fit=1170%2C700&ssl=1&resize=350%2C200","width":350,"height":200,"srcset":"https:\/\/i0.wp.com\/noticiasribeiraopreto.com.br\/wp-content\/uploads\/2025\/10\/milton-nascimento_2025-10-02_18-11-37.webp.webp?fit=1170%2C700&ssl=1&resize=350%2C200 1x, https:\/\/i0.wp.com\/noticiasribeiraopreto.com.br\/wp-content\/uploads\/2025\/10\/milton-nascimento_2025-10-02_18-11-37.webp.webp?fit=1170%2C700&ssl=1&resize=525%2C300 1.5x, https:\/\/i0.wp.com\/noticiasribeiraopreto.com.br\/wp-content\/uploads\/2025\/10\/milton-nascimento_2025-10-02_18-11-37.webp.webp?fit=1170%2C700&ssl=1&resize=700%2C400 2x, https:\/\/i0.wp.com\/noticiasribeiraopreto.com.br\/wp-content\/uploads\/2025\/10\/milton-nascimento_2025-10-02_18-11-37.webp.webp?fit=1170%2C700&ssl=1&resize=1050%2C600 3x"},"classes":[]},{"id":23973,"url":"https:\/\/noticiasribeiraopreto.com.br\/index.php\/2024\/01\/03\/em-video-raro-milton-nascimento-reaparece-com-o-filho-e-surpreende-fas\/","url_meta":{"origin":78154,"position":1},"title":"Em v\u00eddeo raro, Milton Nascimento reaparece com o filho e surpreende f\u00e3s","author":"noticiasribeiraopreto.com.br","date":"3 de January de 2024","format":false,"excerpt":"O lend\u00e1rio cantor e compositor brasileiro, Milton Nascimento, iniciou o ano novo de maneira inesquec\u00edvel, emocionando seus f\u00e3s com um gesto simb\u00f3lico.Em um v\u00eddeo compartilhado nas redes sociais, o \u00edcone musical foi visto em uma \u00e1rea paradis\u00edaca\u00a0ao som de \u201cTudo o que Voc\u00ea Podia Ser\u201d, encantando seus seguidores com sua\u2026","rel":"","context":"In &quot;Blog&quot;","block_context":{"text":"Blog","link":"https:\/\/noticiasribeiraopreto.com.br\/index.php\/category\/blog\/"},"img":{"alt_text":"","src":"https:\/\/i0.wp.com\/noticiasribeiraopreto.com.br\/wp-content\/uploads\/2024\/01\/postimg-65956869c34456709.jpg?fit=1200%2C628&ssl=1&resize=350%2C200","width":350,"height":200,"srcset":"https:\/\/i0.wp.com\/noticiasribeiraopreto.com.br\/wp-content\/uploads\/2024\/01\/postimg-65956869c34456709.jpg?fit=1200%2C628&ssl=1&resize=350%2C200 1x, https:\/\/i0.wp.com\/noticiasribeiraopreto.com.br\/wp-content\/uploads\/2024\/01\/postimg-65956869c34456709.jpg?fit=1200%2C628&ssl=1&resize=525%2C300 1.5x, https:\/\/i0.wp.com\/noticiasribeiraopreto.com.br\/wp-content\/uploads\/2024\/01\/postimg-65956869c34456709.jpg?fit=1200%2C628&ssl=1&resize=700%2C400 2x, https:\/\/i0.wp.com\/noticiasribeiraopreto.com.br\/wp-content\/uploads\/2024\/01\/postimg-65956869c34456709.jpg?fit=1200%2C628&ssl=1&resize=1050%2C600 3x"},"classes":[]},{"id":17519,"url":"https:\/\/noticiasribeiraopreto.com.br\/index.php\/2023\/12\/18\/ter-esse-tipo-de-doenca-antes-dos-45-anos-aumenta-risco-de-demencia\/","url_meta":{"origin":78154,"position":2},"title":"Ter esse tipo de doen\u00e7a antes dos 45 anos aumenta risco de dem\u00eancia","author":"noticiasribeiraopreto.com.br","date":"18 de December de 2023","format":false,"excerpt":"Um estudo publicado no Journal of the American Heart Association revela que desenvolver doen\u00e7as card\u00edacas antes dos 45 anos de idade aumenta muito mais risco de dem\u00eancia mais tarde. Pesquisadores que analisaram dados de mais de 430 mil brit\u00e2nicos descobriram que os participantes que tinham doen\u00e7a coronariana antes dessa idade\u2026","rel":"","context":"In &quot;Variedades&quot;","block_context":{"text":"Variedades","link":"https:\/\/noticiasribeiraopreto.com.br\/index.php\/category\/variedades\/"},"img":{"alt_text":"","src":"https:\/\/i0.wp.com\/noticiasribeiraopreto.com.br\/wp-content\/uploads\/2023\/12\/depositphotos-44401723-l.jpg?fit=1200%2C638&ssl=1&resize=350%2C200","width":350,"height":200,"srcset":"https:\/\/i0.wp.com\/noticiasribeiraopreto.com.br\/wp-content\/uploads\/2023\/12\/depositphotos-44401723-l.jpg?fit=1200%2C638&ssl=1&resize=350%2C200 1x, https:\/\/i0.wp.com\/noticiasribeiraopreto.com.br\/wp-content\/uploads\/2023\/12\/depositphotos-44401723-l.jpg?fit=1200%2C638&ssl=1&resize=525%2C300 1.5x, https:\/\/i0.wp.com\/noticiasribeiraopreto.com.br\/wp-content\/uploads\/2023\/12\/depositphotos-44401723-l.jpg?fit=1200%2C638&ssl=1&resize=700%2C400 2x, https:\/\/i0.wp.com\/noticiasribeiraopreto.com.br\/wp-content\/uploads\/2023\/12\/depositphotos-44401723-l.jpg?fit=1200%2C638&ssl=1&resize=1050%2C600 3x"},"classes":[]},{"id":16717,"url":"https:\/\/noticiasribeiraopreto.com.br\/index.php\/2023\/12\/16\/estudo-destaca-3-medicamentos-que-aumentam-o-risco-de-demencia\/","url_meta":{"origin":78154,"position":3},"title":"Estudo destaca 3 medicamentos que aumentam o risco de dem\u00eancia","author":"noticiasribeiraopreto.com.br","date":"16 de December de 2023","format":false,"excerpt":"Cr\u00e9ditos: haydenbird\/istockEstudo observou efeitos de medicamentos usados para dormir associados ao risco de dem\u00eancia \u2013 iStock\/Getty Images O uso frequente de medicamentos para dormir, como zolpidem, clonazepam, diazepam e antidepressivos, pode aumentar consideravelmente o risco de dem\u00eancia em at\u00e9 79%, indica recente pesquisa conduzida pela Universidade da Calif\u00f3rnia-S\u00e3o Francisco e\u2026","rel":"","context":"In &quot;Variedades&quot;","block_context":{"text":"Variedades","link":"https:\/\/noticiasribeiraopreto.com.br\/index.php\/category\/variedades\/"},"img":{"alt_text":"","src":"https:\/\/i0.wp.com\/noticiasribeiraopreto.com.br\/wp-content\/uploads\/2023\/12\/istock-97873871-1.jpg?fit=1200%2C638&ssl=1&resize=350%2C200","width":350,"height":200,"srcset":"https:\/\/i0.wp.com\/noticiasribeiraopreto.com.br\/wp-content\/uploads\/2023\/12\/istock-97873871-1.jpg?fit=1200%2C638&ssl=1&resize=350%2C200 1x, https:\/\/i0.wp.com\/noticiasribeiraopreto.com.br\/wp-content\/uploads\/2023\/12\/istock-97873871-1.jpg?fit=1200%2C638&ssl=1&resize=525%2C300 1.5x, https:\/\/i0.wp.com\/noticiasribeiraopreto.com.br\/wp-content\/uploads\/2023\/12\/istock-97873871-1.jpg?fit=1200%2C638&ssl=1&resize=700%2C400 2x, https:\/\/i0.wp.com\/noticiasribeiraopreto.com.br\/wp-content\/uploads\/2023\/12\/istock-97873871-1.jpg?fit=1200%2C638&ssl=1&resize=1050%2C600 3x"},"classes":[]},{"id":5025,"url":"https:\/\/noticiasribeiraopreto.com.br\/index.php\/2023\/11\/22\/novo-sintoma-de-demencia-que-ajuda-a-detecta-la-precocemente\/","url_meta":{"origin":78154,"position":4},"title":"Novo sintoma de dem\u00eancia que ajuda a detect\u00e1-la precocemente","author":"noticiasribeiraopreto.com.br","date":"22 de November de 2023","format":false,"excerpt":"Uma pesquisa realizada pela Monash University, na Austr\u00e1lia, e pela University of Minnesota, nos Estados Unidos, descobriu um novo sinal de dem\u00eancia que pode facilitar a detec\u00e7\u00e3o precoce. O resultado foi publicado na pela revista acad\u00eamica JAMA Network. No estudo, os pesquisadores acompanharam o comportamento de 17 mil pessoas com\u2026","rel":"","context":"In &quot;Variedades&quot;","block_context":{"text":"Variedades","link":"https:\/\/noticiasribeiraopreto.com.br\/index.php\/category\/variedades\/"},"img":{"alt_text":"","src":"https:\/\/i0.wp.com\/noticiasribeiraopreto.com.br\/wp-content\/uploads\/2023\/11\/istock-1434989791.jpg?fit=1200%2C638&ssl=1&resize=350%2C200","width":350,"height":200,"srcset":"https:\/\/i0.wp.com\/noticiasribeiraopreto.com.br\/wp-content\/uploads\/2023\/11\/istock-1434989791.jpg?fit=1200%2C638&ssl=1&resize=350%2C200 1x, https:\/\/i0.wp.com\/noticiasribeiraopreto.com.br\/wp-content\/uploads\/2023\/11\/istock-1434989791.jpg?fit=1200%2C638&ssl=1&resize=525%2C300 1.5x, https:\/\/i0.wp.com\/noticiasribeiraopreto.com.br\/wp-content\/uploads\/2023\/11\/istock-1434989791.jpg?fit=1200%2C638&ssl=1&resize=700%2C400 2x, https:\/\/i0.wp.com\/noticiasribeiraopreto.com.br\/wp-content\/uploads\/2023\/11\/istock-1434989791.jpg?fit=1200%2C638&ssl=1&resize=1050%2C600 3x"},"classes":[]},{"id":21702,"url":"https:\/\/noticiasribeiraopreto.com.br\/index.php\/2023\/12\/28\/4-habitos-que-devem-ser-evitados-para-diminuir-o-risco-de-demencia\/","url_meta":{"origin":78154,"position":5},"title":"4 h\u00e1bitos que devem ser evitados para diminuir o risco de dem\u00eancia","author":"noticiasribeiraopreto.com.br","date":"28 de December de 2023","format":false,"excerpt":"Cr\u00e9ditos: MarcBruxelle\/istockMudan\u00e7as de h\u00e1bito podem ajudar a diminuir risco de dem\u00eancia \u2013 iStock\/Getty Images Ao menos 1,76 milh\u00e3o de brasileiros com mais de 60 anos vivem com alguma forma de dem\u00eancia, um termo abrangente que envolve, entre muitos sintomas, dificuldade em lembrar informa\u00e7\u00f5es recentes e frequentes lapsos de mem\u00f3ria. Existem,\u2026","rel":"","context":"In &quot;Variedades&quot;","block_context":{"text":"Variedades","link":"https:\/\/noticiasribeiraopreto.com.br\/index.php\/category\/variedades\/"},"img":{"alt_text":"","src":"https:\/\/i0.wp.com\/noticiasribeiraopreto.com.br\/wp-content\/uploads\/2023\/12\/1703770165_cigarro.jpg?fit=1200%2C638&ssl=1&resize=350%2C200","width":350,"height":200,"srcset":"https:\/\/i0.wp.com\/noticiasribeiraopreto.com.br\/wp-content\/uploads\/2023\/12\/1703770165_cigarro.jpg?fit=1200%2C638&ssl=1&resize=350%2C200 1x, https:\/\/i0.wp.com\/noticiasribeiraopreto.com.br\/wp-content\/uploads\/2023\/12\/1703770165_cigarro.jpg?fit=1200%2C638&ssl=1&resize=525%2C300 1.5x, https:\/\/i0.wp.com\/noticiasribeiraopreto.com.br\/wp-content\/uploads\/2023\/12\/1703770165_cigarro.jpg?fit=1200%2C638&ssl=1&resize=700%2C400 2x, https:\/\/i0.wp.com\/noticiasribeiraopreto.com.br\/wp-content\/uploads\/2023\/12\/1703770165_cigarro.jpg?fit=1200%2C638&ssl=1&resize=1050%2C600 3x"},"classes":[]}],"jetpack_sharing_enabled":true,"jetpack_shortlink":"https:\/\/wp.me\/peQAOb-kky","_links":{"self":[{"href":"https:\/\/noticiasribeiraopreto.com.br\/index.php\/wp-json\/wp\/v2\/posts\/78154","targetHints":{"allow":["GET"]}}],"collection":[{"href":"https:\/\/noticiasribeiraopreto.com.br\/index.php\/wp-json\/wp\/v2\/posts"}],"about":[{"href":"https:\/\/noticiasribeiraopreto.com.br\/index.php\/wp-json\/wp\/v2\/types\/post"}],"author":[{"embeddable":true,"href":"https:\/\/noticiasribeiraopreto.com.br\/index.php\/wp-json\/wp\/v2\/users\/1"}],"replies":[{"embeddable":true,"href":"https:\/\/noticiasribeiraopreto.com.br\/index.php\/wp-json\/wp\/v2\/comments?post=78154"}],"version-history":[{"count":0,"href":"https:\/\/noticiasribeiraopreto.com.br\/index.php\/wp-json\/wp\/v2\/posts\/78154\/revisions"}],"wp:featuredmedia":[{"embeddable":true,"href":"https:\/\/noticiasribeiraopreto.com.br\/index.php\/wp-json\/wp\/v2\/media\/78155"}],"wp:attachment":[{"href":"https:\/\/noticiasribeiraopreto.com.br\/index.php\/wp-json\/wp\/v2\/media?parent=78154"}],"wp:term":[{"taxonomy":"category","embeddable":true,"href":"https:\/\/noticiasribeiraopreto.com.br\/index.php\/wp-json\/wp\/v2\/categories?post=78154"},{"taxonomy":"post_tag","embeddable":true,"href":"https:\/\/noticiasribeiraopreto.com.br\/index.php\/wp-json\/wp\/v2\/tags?post=78154"}],"curies":[{"name":"wp","href":"https:\/\/api.w.org\/{rel}","templated":true}]}}