{"id":78156,"date":"2025-10-03T08:33:36","date_gmt":"2025-10-03T11:33:36","guid":{"rendered":"https:\/\/noticiasribeiraopreto.com.br\/index.php\/2025\/10\/03\/veja-como-fica-o-tempo-no-fim-de-semana-em-ribeirao-preto-2\/"},"modified":"2025-10-03T08:33:36","modified_gmt":"2025-10-03T11:33:36","slug":"veja-como-fica-o-tempo-no-fim-de-semana-em-ribeirao-preto-2","status":"publish","type":"post","link":"https:\/\/noticiasribeiraopreto.com.br\/index.php\/2025\/10\/03\/veja-como-fica-o-tempo-no-fim-de-semana-em-ribeirao-preto-2\/","title":{"rendered":"Veja como fica o tempo no fim de semana em Ribeir\u00e3o Preto"},"content":{"rendered":"<div class='code-block code-block-1' style='margin: 8px 0 8px auto; text-align: right; display: block; clear: both;'>\n<p><a href=\"https:\/\/wa.link\/vpicfd\"><img data-recalc-dims=\"1\" class=\"wp-image-4922\" style=\"aspect-ratio: 2.0253164556962027; width: 561px; height: auto;\" src=\"https:\/\/i0.wp.com\/ismaelcolosi.com.br\/wp-content\/uploads\/2023\/11\/grupo-de-empregos-whatsapp-e-facebook-ismael-colosi-vagas.jpg?ssl=1\" alt=\"\" \/><\/a><\/p>\n<!-- \/wp:image -->\n<\/div>\n<p> <br \/>\n<\/p>\n<div data-td-block-uid=\"tdi_95\">\n<div class=\"tdb-block-inner td-fix-index\">\n<p><strong>Ribeir\u00e3o Preto segue com previs\u00e3o de calor e n\u00edveis baixos de umidade relativa do ar.<\/strong> <\/p>\n<p>A\u00a0<strong>Defesa Civil <\/strong>publicou um <strong>alerta <\/strong>de\u00a0<strong>calor intenso<\/strong>, <strong>baixa umidade<\/strong> e <strong>risco de inc\u00eandios<\/strong> para o\u00a0<strong>interior de S\u00e3o Paulo<\/strong>\u00a0at\u00e9 o pr\u00f3ximo <strong>domingo (5)<\/strong>.<\/p>\n<h2 class=\"wp-block-heading\"><strong>Vem chuva?<\/strong><\/h2>\n<p>Nesta sexta-feira (3), um cavado meteorol\u00f3gico \u2013 \u00e1rea de instabilidade que favorece a forma\u00e7\u00e3o de nuvens de tempestade \u2013 pode trazer pancada de chuva isolada para a regi\u00e3o de Ribeir\u00e3o Preto, com previs\u00e3o para as cidades de Orl\u00e2ndia e Morro Agudo.<\/p>\n<p>No s\u00e1bado (4), o predom\u00ednio deve ser de sol entre nuvens, mas sem previs\u00e3o de chuva na regi\u00e3o. As temperaturas devem permanecer altas e a umidade mais baixa.<\/p>\n<h3 class=\"wp-block-heading\"><strong>Veja a previs\u00e3o do tempo em Ribeir\u00e3o Preto:<\/strong><\/h3>\n<p>22\u00b0C \/ 34\u00b0C<br \/>Chuva: 0 mm \/ 0%<br \/>Umidade do ar: 29% \/ 60%<\/p>\n<p>21\u00b0C \/ 31\u00b0C<br \/>Chuva: 0 mm \/ 0%<br \/>Umidade do ar: 30% \/ 51%<\/p>\n<p>21\u00b0C \/ 34\u00b0C<br \/>Chuva: 0 mm \/ 0%<br \/>Umidade do ar: 27% \/ 59%<\/p>\n<p>Fonte: Climatempo<\/p>\n<p>SAIBA MAIS<\/p>\n<p>Interior de SP tem alerta de calor intenso; temperaturas superam os 35\u00b0C<\/p>\n<h4 class=\"wp-block-heading\"><strong>FIQUE ON<\/strong><\/h4>\n<p>Fique ligado em tudo que acontece em Ribeir\u00e3o Preto e regi\u00e3o. Siga os perfis do<strong>\u00a0acidade on<\/strong>\u00a0no<a href=\"https:\/\/www.instagram.com\/acidadeonribeirao\" target=\"_blank\" rel=\"noreferrer noopener\">\u00a0Instagram<\/a>\u00a0e no\u00a0<a href=\"https:\/\/www.facebook.com\/acidadeonribeirao\/\" target=\"_blank\" rel=\"noreferrer noopener\">Facebook<\/a>.<\/p>\n<p>Receba not\u00edcias do<strong>\u00a0acidade on\u00a0<\/strong>no WhatsApp. Para entrar no grupo,\u00a0basta<a href=\"https:\/\/chat.whatsapp.com\/I4nieTEMKlf50pJ28aMemC?mode=ac_t\" target=\"_blank\" rel=\"noreferrer noopener\">\u00a0clicar aqui<\/a>. Ou, acesse o nosso\u00a0Canal\u00a0<a href=\"https:\/\/whatsapp.com\/channel\/0029Vb6IQl1JENyAeS57fk2p\" target=\"_blank\" rel=\"noreferrer noopener\">clicando aqui<\/a>.<\/p>\n<p>Fa\u00e7a uma den\u00fancia ou sugira uma reportagem sobre Ribeir\u00e3o Preto e regi\u00e3o pelo WhatsApp: 16 99117 7802.<\/p>\n<p>VEJA TAMB\u00c9M<\/p>\n<p>Quando come\u00e7a a valer a isen\u00e7\u00e3o do IR?<\/p>\n<p><!-- AI CONTENT END 1 -->\n<\/div>\n<\/div>\n<p><script async src=\"\/\/www.instagram.com\/embed.js\"><\/script><br \/>\n<br \/><br \/>\n<br \/><a href=\"https:\/\/www.acidadeon.com\/ribeiraopreto\/cotidiano\/veja-como-fica-o-tempo-no-fim-de-semana-em-ribeirao-preto-3\/\">Source link <\/a><\/p>\n<!-- CONTENT END 1 -->\n","protected":false},"excerpt":{"rendered":"<p>Ribeir\u00e3o Preto segue com previs\u00e3o de calor e n\u00edveis baixos de umidade relativa do ar. A\u00a0Defesa Civil publicou um alerta de\u00a0calor intenso, baixa umidade e&#8230;<\/p>\n","protected":false},"author":1,"featured_media":72469,"comment_status":"open","ping_status":"open","sticky":false,"template":"","format":"standard","meta":{"advanced_seo_description":"","jetpack_seo_html_title":"","jetpack_seo_noindex":false,"jetpack_post_was_ever_published":false,"_jetpack_newsletter_access":"","_jetpack_dont_email_post_to_subs":false,"_jetpack_newsletter_tier_id":0,"_jetpack_memberships_contains_paywalled_content":false,"_jetpack_memberships_contains_paid_content":false,"footnotes":"","jetpack_publicize_message":"","jetpack_publicize_feature_enabled":true,"jetpack_social_post_already_shared":true,"jetpack_social_options":{"image_generator_settings":{"template":"highway","default_image_id":0,"font":"","enabled":false},"version":2}},"categories":[11],"tags":[],"class_list":["post-78156","post","type-post","status-publish","format-standard","has-post-thumbnail","hentry","category-noticias-de-ribeirao-preto-sp-e-regiao-ismael-colosi"],"jetpack_publicize_connections":[],"jetpack_featured_media_url":"https:\/\/i0.wp.com\/noticiasribeiraopreto.com.br\/wp-content\/uploads\/2025\/06\/WhatsApp-Image-2025-06-17-at-14.27.19_2025-06-17_17-29-48.webp.webp?fit=1200%2C540&ssl=1","jetpack-related-posts":[{"id":62347,"url":"https:\/\/noticiasribeiraopreto.com.br\/index.php\/2025\/01\/11\/o-calor-vai-continuar-veja-a-previsao-do-tempo-para-este-final-de-semana-em-ribeirao\/","url_meta":{"origin":78156,"position":0},"title":"O calor vai continuar? Veja a previs\u00e3o do tempo para este final de semana em Ribeir\u00e3o","author":"noticiasribeiraopreto.com.br","date":"11 de January de 2025","format":false,"excerpt":"A previs\u00e3o do tempo para este s\u00e1bado (11), na regi\u00e3o de Ribeir\u00e3o Preto, \u00e9 de\u00a0sol entre nuvens e possibilidade de chuva passageira ao longo do dia. Al\u00e9m disso, as pancadas de chuva podem vir\u00a0acompanhadas de rajadas de vento forte, raios e granizo. Isso acontece devido a combina\u00e7\u00e3o de calor e\u2026","rel":"","context":"In &quot;Not\u00edcias de Ribeir\u00e3o Preto-SP e Regi\u00e3o&quot;","block_context":{"text":"Not\u00edcias de Ribeir\u00e3o Preto-SP e Regi\u00e3o","link":"https:\/\/noticiasribeiraopreto.com.br\/index.php\/category\/noticias-de-ribeirao-preto-sp-e-regiao-ismael-colosi\/"},"img":{"alt_text":"","src":"https:\/\/i0.wp.com\/noticiasribeiraopreto.com.br\/wp-content\/uploads\/2024\/12\/chuva-ribeirao-preto_2024-12-15_20-55-28_jpeg_2024-12-15_20-55-29.webp.webp?fit=1200%2C900&ssl=1&resize=350%2C200","width":350,"height":200,"srcset":"https:\/\/i0.wp.com\/noticiasribeiraopreto.com.br\/wp-content\/uploads\/2024\/12\/chuva-ribeirao-preto_2024-12-15_20-55-28_jpeg_2024-12-15_20-55-29.webp.webp?fit=1200%2C900&ssl=1&resize=350%2C200 1x, https:\/\/i0.wp.com\/noticiasribeiraopreto.com.br\/wp-content\/uploads\/2024\/12\/chuva-ribeirao-preto_2024-12-15_20-55-28_jpeg_2024-12-15_20-55-29.webp.webp?fit=1200%2C900&ssl=1&resize=525%2C300 1.5x, https:\/\/i0.wp.com\/noticiasribeiraopreto.com.br\/wp-content\/uploads\/2024\/12\/chuva-ribeirao-preto_2024-12-15_20-55-28_jpeg_2024-12-15_20-55-29.webp.webp?fit=1200%2C900&ssl=1&resize=700%2C400 2x, https:\/\/i0.wp.com\/noticiasribeiraopreto.com.br\/wp-content\/uploads\/2024\/12\/chuva-ribeirao-preto_2024-12-15_20-55-28_jpeg_2024-12-15_20-55-29.webp.webp?fit=1200%2C900&ssl=1&resize=1050%2C600 3x"},"classes":[]},{"id":64197,"url":"https:\/\/noticiasribeiraopreto.com.br\/index.php\/2025\/03\/05\/com-onda-de-calor-prolongada-veja-como-ficam-as-temperaturas-em-ribeirao-preto\/","url_meta":{"origin":78156,"position":1},"title":"Com onda de calor prolongada, veja como ficam as temperaturas em Ribeir\u00e3o Preto","author":"noticiasribeiraopreto.com.br","date":"5 de March de 2025","format":false,"excerpt":"A onda de calor que atinge o estado de S\u00e3o Paulo deve manter as temperaturas elevadas nos pr\u00f3ximos dias. A previs\u00e3o \u00e9 que esse bloqueio atmosf\u00e9rico, que causa a onda de calor, dure pelo menos at\u00e9 o pr\u00f3ximo domingo (9). Vem chuva? Segundo a Climatempo, nesta quarta-feira (5), devido ao\u2026","rel":"","context":"In &quot;Not\u00edcias de Ribeir\u00e3o Preto-SP e Regi\u00e3o&quot;","block_context":{"text":"Not\u00edcias de Ribeir\u00e3o Preto-SP e Regi\u00e3o","link":"https:\/\/noticiasribeiraopreto.com.br\/index.php\/category\/noticias-de-ribeirao-preto-sp-e-regiao-ismael-colosi\/"},"img":{"alt_text":"","src":"https:\/\/i0.wp.com\/noticiasribeiraopreto.com.br\/wp-content\/uploads\/2025\/03\/VaifazercalornoferiadoVejacomovaificarotempoemRibeiroPreto_Tamanho_2_image.jpg?fit=1200%2C900&ssl=1&resize=350%2C200","width":350,"height":200,"srcset":"https:\/\/i0.wp.com\/noticiasribeiraopreto.com.br\/wp-content\/uploads\/2025\/03\/VaifazercalornoferiadoVejacomovaificarotempoemRibeiroPreto_Tamanho_2_image.jpg?fit=1200%2C900&ssl=1&resize=350%2C200 1x, https:\/\/i0.wp.com\/noticiasribeiraopreto.com.br\/wp-content\/uploads\/2025\/03\/VaifazercalornoferiadoVejacomovaificarotempoemRibeiroPreto_Tamanho_2_image.jpg?fit=1200%2C900&ssl=1&resize=525%2C300 1.5x, https:\/\/i0.wp.com\/noticiasribeiraopreto.com.br\/wp-content\/uploads\/2025\/03\/VaifazercalornoferiadoVejacomovaificarotempoemRibeiroPreto_Tamanho_2_image.jpg?fit=1200%2C900&ssl=1&resize=700%2C400 2x, https:\/\/i0.wp.com\/noticiasribeiraopreto.com.br\/wp-content\/uploads\/2025\/03\/VaifazercalornoferiadoVejacomovaificarotempoemRibeiroPreto_Tamanho_2_image.jpg?fit=1200%2C900&ssl=1&resize=1050%2C600 3x"},"classes":[]},{"id":49064,"url":"https:\/\/noticiasribeiraopreto.com.br\/index.php\/2024\/05\/08\/cidade-da-regiao-de-ribeirao-preto-registra-chuva-veja-video-e-saiba-a-previsao-do-tempo\/","url_meta":{"origin":78156,"position":2},"title":"Cidade da regi\u00e3o de Ribeir\u00e3o Preto registra chuva; Veja v\u00eddeo e saiba a previs\u00e3o do tempo","author":"noticiasribeiraopreto.com.br","date":"8 de May de 2024","format":false,"excerpt":"A regi\u00e3o de Ribeir\u00e3o Preto registrou chuva na noite desta ter\u00e7a-feira (7), contrariando a previs\u00e3o da meteorologia. A chuva ocorreu de forma fraca por volta das 20h30 em Viradouro, cidade a aproximadamente 70 quil\u00f4metros de Ribeir\u00e3o. A dona de casa Luciana Fabro disse que o tempo fechou rapidamente na cidade\u2026","rel":"","context":"In &quot;Not\u00edcias de Ribeir\u00e3o Preto-SP e Regi\u00e3o&quot;","block_context":{"text":"Not\u00edcias de Ribeir\u00e3o Preto-SP e Regi\u00e3o","link":"https:\/\/noticiasribeiraopreto.com.br\/index.php\/category\/noticias-de-ribeirao-preto-sp-e-regiao-ismael-colosi\/"},"img":{"alt_text":"","src":"https:\/\/i0.wp.com\/noticiasribeiraopreto.com.br\/wp-content\/uploads\/2024\/05\/WhatsApp-Image-2024-05-08-at-10.59.05_2024-05-08_13-59-23_jpeg_2024-05-08_13-59-23.webp.webp?fit=455%2C342&ssl=1&resize=350%2C200","width":350,"height":200},"classes":[]},{"id":83838,"url":"https:\/\/noticiasribeiraopreto.com.br\/index.php\/2026\/03\/27\/saiba-a-previsao-do-tempo-para-ribeirao-preto-no-fim-de-semana\/","url_meta":{"origin":78156,"position":3},"title":"Saiba a previs\u00e3o do tempo para Ribeir\u00e3o Preto no fim de semana","author":"noticiasribeiraopreto.com.br","date":"27 de March de 2026","format":false,"excerpt":"A regi\u00e3o de Ribeir\u00e3o Preto tem previs\u00e3o de sol entre nuvens no in\u00edcio desta sexta-feira (27) e, segundo a Climatempo, o calor e a umidade ainda podem favorecer uma chuva fraca a partir do per\u00edodo da tarde. J\u00e1 no s\u00e1bado (28), a previs\u00e3o \u00e9 de tempo est\u00e1vel devido a um\u2026","rel":"","context":"In &quot;Not\u00edcias de Ribeir\u00e3o Preto-SP e Regi\u00e3o&quot;","block_context":{"text":"Not\u00edcias de Ribeir\u00e3o Preto-SP e Regi\u00e3o","link":"https:\/\/noticiasribeiraopreto.com.br\/index.php\/category\/noticias-de-ribeirao-preto-sp-e-regiao-ismael-colosi\/"},"img":{"alt_text":"","src":"https:\/\/i0.wp.com\/noticiasribeiraopreto.com.br\/wp-content\/uploads\/2026\/03\/WhatsApp-Image-2025-10-21-at-06.51.39_2025-10-21_09-55-25.webp.webp?fit=1200%2C900&ssl=1&resize=350%2C200","width":350,"height":200,"srcset":"https:\/\/i0.wp.com\/noticiasribeiraopreto.com.br\/wp-content\/uploads\/2026\/03\/WhatsApp-Image-2025-10-21-at-06.51.39_2025-10-21_09-55-25.webp.webp?fit=1200%2C900&ssl=1&resize=350%2C200 1x, https:\/\/i0.wp.com\/noticiasribeiraopreto.com.br\/wp-content\/uploads\/2026\/03\/WhatsApp-Image-2025-10-21-at-06.51.39_2025-10-21_09-55-25.webp.webp?fit=1200%2C900&ssl=1&resize=525%2C300 1.5x, https:\/\/i0.wp.com\/noticiasribeiraopreto.com.br\/wp-content\/uploads\/2026\/03\/WhatsApp-Image-2025-10-21-at-06.51.39_2025-10-21_09-55-25.webp.webp?fit=1200%2C900&ssl=1&resize=700%2C400 2x, https:\/\/i0.wp.com\/noticiasribeiraopreto.com.br\/wp-content\/uploads\/2026\/03\/WhatsApp-Image-2025-10-21-at-06.51.39_2025-10-21_09-55-25.webp.webp?fit=1200%2C900&ssl=1&resize=1050%2C600 3x"},"classes":[]},{"id":60845,"url":"https:\/\/noticiasribeiraopreto.com.br\/index.php\/2024\/11\/27\/interior-de-sp-tem-mudanca-no-tempo-ainda-nesta-semana-veja-previsao\/","url_meta":{"origin":78156,"position":4},"title":"Interior de SP tem mudan\u00e7a no tempo ainda nesta semana; Veja previs\u00e3o","author":"noticiasribeiraopreto.com.br","date":"27 de November de 2024","format":false,"excerpt":"Parte do interior de S\u00e3o Paulo est\u00e1 em risco para baixa umidade do ar nesta quarta-feira (27), devido a uma alta press\u00e3o que ainda mant\u00e9m o tempo seco. Segundo a Climatempo, o n\u00edvel de umidade pode ficar abaixo de 30% na regi\u00e3o de Ribeir\u00e3o Preto, nos hor\u00e1rios mais quentes. \u201cNesta\u2026","rel":"","context":"In &quot;Not\u00edcias de Ribeir\u00e3o Preto-SP e Regi\u00e3o&quot;","block_context":{"text":"Not\u00edcias de Ribeir\u00e3o Preto-SP e Regi\u00e3o","link":"https:\/\/noticiasribeiraopreto.com.br\/index.php\/category\/noticias-de-ribeirao-preto-sp-e-regiao-ismael-colosi\/"},"img":{"alt_text":"","src":"https:\/\/i0.wp.com\/noticiasribeiraopreto.com.br\/wp-content\/uploads\/2024\/11\/1732706803_20230222_161620-scaled.jpg?fit=1200%2C900&ssl=1&resize=350%2C200","width":350,"height":200,"srcset":"https:\/\/i0.wp.com\/noticiasribeiraopreto.com.br\/wp-content\/uploads\/2024\/11\/1732706803_20230222_161620-scaled.jpg?fit=1200%2C900&ssl=1&resize=350%2C200 1x, https:\/\/i0.wp.com\/noticiasribeiraopreto.com.br\/wp-content\/uploads\/2024\/11\/1732706803_20230222_161620-scaled.jpg?fit=1200%2C900&ssl=1&resize=525%2C300 1.5x, https:\/\/i0.wp.com\/noticiasribeiraopreto.com.br\/wp-content\/uploads\/2024\/11\/1732706803_20230222_161620-scaled.jpg?fit=1200%2C900&ssl=1&resize=700%2C400 2x, https:\/\/i0.wp.com\/noticiasribeiraopreto.com.br\/wp-content\/uploads\/2024\/11\/1732706803_20230222_161620-scaled.jpg?fit=1200%2C900&ssl=1&resize=1050%2C600 3x"},"classes":[]},{"id":83954,"url":"https:\/\/noticiasribeiraopreto.com.br\/index.php\/2026\/03\/30\/vem-chuva-confira-a-previsao-do-tempo-para-esta-semana-em-ribeirao-preto\/","url_meta":{"origin":78156,"position":5},"title":"Vem chuva? Confira a previs\u00e3o do tempo para esta semana em Ribeir\u00e3o Preto","author":"noticiasribeiraopreto.com.br","date":"30 de March de 2026","format":false,"excerpt":"Um novo V\u00f3rtice Cicl\u00f4nico em Alto N\u00edveis (VCAN) deve mudar o tempo nesta semana no estado de S\u00e3o Paulo. A segunda-feira (30) come\u00e7a com sol entre nuvens, mas h\u00e1 possibilidade de chuvas fracas e isoladas na regi\u00e3o de Ribeir\u00e3o Preto. De acordo com a Climatempo, o VCAN \u2013 um sistema\u2026","rel":"","context":"In &quot;Not\u00edcias de Ribeir\u00e3o Preto-SP e Regi\u00e3o&quot;","block_context":{"text":"Not\u00edcias de Ribeir\u00e3o Preto-SP e Regi\u00e3o","link":"https:\/\/noticiasribeiraopreto.com.br\/index.php\/category\/noticias-de-ribeirao-preto-sp-e-regiao-ismael-colosi\/"},"img":{"alt_text":"","src":"https:\/\/i0.wp.com\/noticiasribeiraopreto.com.br\/wp-content\/uploads\/2026\/03\/WhatsApp-Image-2025-10-21-at-06.51.40_2025-10-21_10-00-03.webp.webp?fit=1200%2C900&ssl=1&resize=350%2C200","width":350,"height":200,"srcset":"https:\/\/i0.wp.com\/noticiasribeiraopreto.com.br\/wp-content\/uploads\/2026\/03\/WhatsApp-Image-2025-10-21-at-06.51.40_2025-10-21_10-00-03.webp.webp?fit=1200%2C900&ssl=1&resize=350%2C200 1x, https:\/\/i0.wp.com\/noticiasribeiraopreto.com.br\/wp-content\/uploads\/2026\/03\/WhatsApp-Image-2025-10-21-at-06.51.40_2025-10-21_10-00-03.webp.webp?fit=1200%2C900&ssl=1&resize=525%2C300 1.5x, https:\/\/i0.wp.com\/noticiasribeiraopreto.com.br\/wp-content\/uploads\/2026\/03\/WhatsApp-Image-2025-10-21-at-06.51.40_2025-10-21_10-00-03.webp.webp?fit=1200%2C900&ssl=1&resize=700%2C400 2x, https:\/\/i0.wp.com\/noticiasribeiraopreto.com.br\/wp-content\/uploads\/2026\/03\/WhatsApp-Image-2025-10-21-at-06.51.40_2025-10-21_10-00-03.webp.webp?fit=1200%2C900&ssl=1&resize=1050%2C600 3x"},"classes":[]}],"jetpack_sharing_enabled":true,"jetpack_shortlink":"https:\/\/wp.me\/peQAOb-kkA","_links":{"self":[{"href":"https:\/\/noticiasribeiraopreto.com.br\/index.php\/wp-json\/wp\/v2\/posts\/78156","targetHints":{"allow":["GET"]}}],"collection":[{"href":"https:\/\/noticiasribeiraopreto.com.br\/index.php\/wp-json\/wp\/v2\/posts"}],"about":[{"href":"https:\/\/noticiasribeiraopreto.com.br\/index.php\/wp-json\/wp\/v2\/types\/post"}],"author":[{"embeddable":true,"href":"https:\/\/noticiasribeiraopreto.com.br\/index.php\/wp-json\/wp\/v2\/users\/1"}],"replies":[{"embeddable":true,"href":"https:\/\/noticiasribeiraopreto.com.br\/index.php\/wp-json\/wp\/v2\/comments?post=78156"}],"version-history":[{"count":0,"href":"https:\/\/noticiasribeiraopreto.com.br\/index.php\/wp-json\/wp\/v2\/posts\/78156\/revisions"}],"wp:featuredmedia":[{"embeddable":true,"href":"https:\/\/noticiasribeiraopreto.com.br\/index.php\/wp-json\/wp\/v2\/media\/72469"}],"wp:attachment":[{"href":"https:\/\/noticiasribeiraopreto.com.br\/index.php\/wp-json\/wp\/v2\/media?parent=78156"}],"wp:term":[{"taxonomy":"category","embeddable":true,"href":"https:\/\/noticiasribeiraopreto.com.br\/index.php\/wp-json\/wp\/v2\/categories?post=78156"},{"taxonomy":"post_tag","embeddable":true,"href":"https:\/\/noticiasribeiraopreto.com.br\/index.php\/wp-json\/wp\/v2\/tags?post=78156"}],"curies":[{"name":"wp","href":"https:\/\/api.w.org\/{rel}","templated":true}]}}