{"id":78157,"date":"2025-10-03T11:10:31","date_gmt":"2025-10-03T14:10:31","guid":{"rendered":"https:\/\/noticiasribeiraopreto.com.br\/index.php\/2025\/10\/03\/homem-e-preso-suspeito-de-vender-bebidas-falsificadas\/"},"modified":"2025-10-03T11:10:31","modified_gmt":"2025-10-03T14:10:31","slug":"homem-e-preso-suspeito-de-vender-bebidas-falsificadas","status":"publish","type":"post","link":"https:\/\/noticiasribeiraopreto.com.br\/index.php\/2025\/10\/03\/homem-e-preso-suspeito-de-vender-bebidas-falsificadas\/","title":{"rendered":"Homem \u00e9 preso suspeito de vender bebidas falsificadas"},"content":{"rendered":"<p> <br \/>\n<\/p>\n<div id=\"post-441438\">\n<header class=\"entry-header penci-entry-header penci-title-center\">\n<h2 class=\"penci-post-subtitle\">No local, que fica na regi\u00e3o, tamb\u00e9m foram encontrados cigarros contrabandeados do Paraguai<\/h2>\n<p>\n\t\t\t\t\t\t\t\t\t<span class=\"entry-meta-item penci-posted-on\"><i class=\"fa fa-clock-o\"\/><time class=\"entry-date published updated\" datetime=\"2025-10-03T11:07:48-03:00\">3 de outubro de 2025 11:07<\/time><\/span><span class=\"entry-meta-item penci-post-countview\"><span class=\"entry-meta-item penci-post-countview penci_post-meta_item\"><i class=\"fa fa-eye\"\/><span class=\"penci-post-countview-number penci-post-countview-p441438\">0<\/span><\/span><\/span>\t\t\t\t\t\t\t\t<\/p>\n<p><!-- .entry-meta --><br \/>\n\t\t\t\t\t\t\t\t<span class=\"penci-social-buttons penci-social-share-footer\"><span class=\"penci-social-share-text\">Compartilhar<\/span><a href=\"#\" class=\"penci-post-like penci_post-meta_item  single-like-button penci-social-item like\" data-post_id=\"441438\" title=\"Like\" data-like=\"Like\" data-unlike=\"Unlike\"><i class=\"fa fa-thumbs-o-up\"\/><span class=\"penci-share-number\">0<\/span><\/a><i class=\"fa fa-facebook\"\/><a class=\"penci-social-item twitter\" target=\"_blank\" rel=\"noopener\" title=\"\" href=\"https:\/\/twitter.com\/intent\/tweet?text=Homem%20\u00e9%20preso%20suspeito%20de%20vender%20bebidas%20falsificadas%20-%20https:\/\/www.tribunaribeirao.com.br\/homem-e-preso-suspeito-de-vender-bebidas-falsificadas\/\"><i class=\"fa fa-twitter\"\/><\/a><i class=\"fa fa-linkedin\"\/><i class=\"fa fa-whatsapp\"\/><i class=\"fa fa-telegram\"\/><i class=\"fa fa-envelope\"\/><\/span>\t\t\t\t\t\t\t<\/header>\n<p><!-- .entry-header --><\/p>\n<div class=\"entry-media penci-entry-media\">\n<p><iframe loading=\"lazy\" title=\"Bebidas Jaboticabal\" width=\"500\" height=\"281\" src=\"https:\/\/www.youtube.com\/embed\/07PdDveklfc?feature=oembed\" frameborder=\"0\" allow=\"accelerometer; autoplay; clipboard-write; encrypted-media; gyroscope; picture-in-picture; web-share\" referrerpolicy=\"strict-origin-when-cross-origin\" allowfullscreen><\/iframe><\/p>\n<\/p><\/div>\n<div class=\"penci-entry-content entry-content\">\n<p>Por: Adalberto Luque<\/p>\n<p>Um homem foi preso na tarde desta quinta-feira (2) por comercializar bebidas alco\u00f3licas com ind\u00edcios de falsifica\u00e7\u00e3o, durante uma opera\u00e7\u00e3o conjunta entre policiais civis e militares, al\u00e9m de agentes da vigil\u00e2ncia sanit\u00e1ria. A pris\u00e3o e a apreens\u00e3o dos produtos suspeitos ocorreram na rua S\u00e3o Jo\u00e3o, Jaboticabal, regi\u00e3o metropolitana de Ribeir\u00e3o Preto.<\/p>\n<p>No local, durante vistoria, foram encontradas milhares de garrafas de bebidas alco\u00f3licas com ind\u00edcios de falsifica\u00e7\u00e3o, al\u00e9m de dezenas de ma\u00e7os de cigarros contrabandeados do Paraguai.<\/p>\n<figure id=\"attachment_441440\" aria-describedby=\"caption-attachment-441440\" style=\"width: 996px\" class=\"wp-caption alignnone\"><img data-recalc-dims=\"1\" loading=\"lazy\" decoding=\"async\" class=\"size-full wp-image-441440 lazyload\" src=\"https:\/\/i0.wp.com\/www.tribunaribeirao.com.br\/wp-content\/uploads\/2025\/10\/03-out-2025-bebidasjaboticabal2.jpg?resize=996%2C604&#038;ssl=1\" alt=\"\" width=\"996\" height=\"604\" srcset=\"https:\/\/www.tribunaribeirao.com.br\/wp-content\/uploads\/2025\/10\/03-out-2025-bebidasjaboticabal2.jpg 996w, https:\/\/www.tribunaribeirao.com.br\/wp-content\/uploads\/2025\/10\/03-out-2025-bebidasjaboticabal2-300x182.jpg 300w, https:\/\/www.tribunaribeirao.com.br\/wp-content\/uploads\/2025\/10\/03-out-2025-bebidasjaboticabal2-768x466.jpg 768w, https:\/\/www.tribunaribeirao.com.br\/wp-content\/uploads\/2025\/10\/03-out-2025-bebidasjaboticabal2-960x582.jpg 960w, https:\/\/www.tribunaribeirao.com.br\/wp-content\/uploads\/2025\/10\/03-out-2025-bebidasjaboticabal2-660x400.jpg 660w, https:\/\/www.tribunaribeirao.com.br\/wp-content\/uploads\/2025\/10\/03-out-2025-bebidasjaboticabal2-585x355.jpg 585w\" data-sizes=\"(max-width: 996px) 100vw, 996px\" style=\"--smush-placeholder-width: 996px; --smush-placeholder-aspect-ratio: 996\/604;\"\/><figcaption id=\"caption-attachment-441440\" class=\"wp-caption-text\">Cerca de 1.350 garrafas com ind\u00edcios de falsifica\u00e7\u00e3o ou viola\u00e7\u00e3o foram apreendidas e ser\u00e3o examinadas para constatar se h\u00e1 ou n\u00e3o metanol misturado (Foto: Divulga\u00e7\u00e3o)<\/figcaption><\/figure>\n<p>Os agentes apreenderam 1.350 garrafas de bebidas \u2013 algumas de proced\u00eancia duvidosa, outras com sinais de falsifica\u00e7\u00e3o e adultera\u00e7\u00e3o, al\u00e9m de \u00e1lcool em condi\u00e7\u00e3o anti-higi\u00eanica e solvente, n\u00e3o sendo poss\u00edvel precisar se eram utilizados na fabrica\u00e7\u00e3o ou no processo de adultera\u00e7\u00e3o das garrafas. A per\u00edcia ser\u00e1 respons\u00e1vel por verificar a presen\u00e7a ou n\u00e3o de metanol nas bebidas. Os agentes policiais apreenderam ainda 150 ma\u00e7os de cigarro sem comprova\u00e7\u00e3o de proced\u00eancia.<\/p>\n<p>O dono do estabelecimento foi preso em flagrante pela pr\u00e1tica dos crimes de venda de bebidas alco\u00f3licas falsificadas e contrabando. Ele foi conduzido ao Distrito Policial de Jaboticabal, juntamente com os materiais apreendidos, para a elabora\u00e7\u00e3o da ocorr\u00eancia.<\/p>\n<figure id=\"attachment_441441\" aria-describedby=\"caption-attachment-441441\" style=\"width: 1200px\" class=\"wp-caption alignnone\"><img data-recalc-dims=\"1\" loading=\"lazy\" decoding=\"async\" class=\"size-full wp-image-441441 lazyload\" src=\"https:\/\/i0.wp.com\/www.tribunaribeirao.com.br\/wp-content\/uploads\/2025\/10\/03-out-2025-bebidasjaboticabal3-scaled.jpg?resize=1200%2C667&#038;ssl=1\" alt=\"\" width=\"1200\" height=\"667\" srcset=\"https:\/\/www.tribunaribeirao.com.br\/wp-content\/uploads\/2025\/10\/03-out-2025-bebidasjaboticabal3-scaled.jpg 1200w, https:\/\/www.tribunaribeirao.com.br\/wp-content\/uploads\/2025\/10\/03-out-2025-bebidasjaboticabal3-300x167.jpg 300w, https:\/\/www.tribunaribeirao.com.br\/wp-content\/uploads\/2025\/10\/03-out-2025-bebidasjaboticabal3-1024x569.jpg 1024w, https:\/\/www.tribunaribeirao.com.br\/wp-content\/uploads\/2025\/10\/03-out-2025-bebidasjaboticabal3-768x427.jpg 768w, https:\/\/www.tribunaribeirao.com.br\/wp-content\/uploads\/2025\/10\/03-out-2025-bebidasjaboticabal3-1536x853.jpg 1536w, https:\/\/www.tribunaribeirao.com.br\/wp-content\/uploads\/2025\/10\/03-out-2025-bebidasjaboticabal3-960x533.jpg 960w, https:\/\/www.tribunaribeirao.com.br\/wp-content\/uploads\/2025\/10\/03-out-2025-bebidasjaboticabal3-720x400.jpg 720w, https:\/\/www.tribunaribeirao.com.br\/wp-content\/uploads\/2025\/10\/03-out-2025-bebidasjaboticabal3-585x325.jpg 585w\" data-sizes=\"(max-width: 1200px) 100vw, 1200px\" style=\"--smush-placeholder-width: 1200px; --smush-placeholder-aspect-ratio: 1200\/667;\"\/><figcaption id=\"caption-attachment-441441\" class=\"wp-caption-text\">Al\u00e9m das bebidas, dono do estabelecimento foi preso por contrabando de cigarros do Paraguai (Foto: Divulga\u00e7\u00e3o)<\/figcaption><\/figure>\n<p>O empres\u00e1rio preso negou a comercializa\u00e7\u00e3o de garrafas falsificadas e informou que apresentar\u00e1 as notas fiscais dos produtos. Entretanto, confirmou que os pacotes de cigarros encontrados eram contrabandeados e declarou que colaborar\u00e1 com as investiga\u00e7\u00f5es. Ap\u00f3s o flagrante, ele foi levado para a cadeia p\u00fablica de Prad\u00f3polis, ficando \u00e0 disposi\u00e7\u00e3o da Justi\u00e7a.<\/p>\n<p><!-- CONTENT END 3 -->\n<\/div>\n<p><!-- .entry-content --><\/p>\n<footer class=\"penci-entry-footer\">\n\t\t\t\t\t\t\t\t<span class=\"penci-social-buttons penci-social-share-footer\"><span class=\"penci-social-share-text\">Compartilhar<\/span><a href=\"#\" class=\"penci-post-like penci_post-meta_item  single-like-button penci-social-item like\" data-post_id=\"441438\" title=\"Like\" data-like=\"Like\" data-unlike=\"Unlike\"><i class=\"fa fa-thumbs-o-up\"\/><span class=\"penci-share-number\">0<\/span><\/a><i class=\"fa fa-facebook\"\/><a class=\"penci-social-item twitter\" target=\"_blank\" rel=\"noopener\" title=\"\" href=\"https:\/\/twitter.com\/intent\/tweet?text=Homem%20\u00e9%20preso%20suspeito%20de%20vender%20bebidas%20falsificadas%20-%20https:\/\/www.tribunaribeirao.com.br\/homem-e-preso-suspeito-de-vender-bebidas-falsificadas\/\"><i class=\"fa fa-twitter\"\/><\/a><i class=\"fa fa-linkedin\"\/><i class=\"fa fa-whatsapp\"\/><i class=\"fa fa-telegram\"\/><i class=\"fa fa-envelope\"\/><\/span>\t\t\t\t\t\t\t<\/footer>\n<p><!-- .entry-footer -->\n\t\t\t\t\t\t<\/div>\n<p><script async src=\"\/\/platform.twitter.com\/widgets.js\" charset=\"utf-8\"><\/script><br \/>\n<br \/><br \/>\n<br \/><a href=\"https:\/\/www.tribunaribeirao.com.br\/homem-e-preso-suspeito-de-vender-bebidas-falsificadas\/\">Source link <\/a><\/p>\n","protected":false},"excerpt":{"rendered":"<p>No local, que fica na regi\u00e3o, tamb\u00e9m foram encontrados cigarros contrabandeados do Paraguai 3 de outubro de 2025 11:070 Compartilhar0 Por: Adalberto Luque Um homem&#8230;<\/p>\n","protected":false},"author":1,"featured_media":78159,"comment_status":"open","ping_status":"open","sticky":false,"template":"","format":"standard","meta":{"advanced_seo_description":"","jetpack_seo_html_title":"","jetpack_seo_noindex":false,"jetpack_post_was_ever_published":false,"_jetpack_newsletter_access":"","_jetpack_dont_email_post_to_subs":false,"_jetpack_newsletter_tier_id":0,"_jetpack_memberships_contains_paywalled_content":false,"_jetpack_memberships_contains_paid_content":false,"footnotes":"","jetpack_publicize_message":"","jetpack_publicize_feature_enabled":true,"jetpack_social_post_already_shared":true,"jetpack_social_options":{"image_generator_settings":{"template":"highway","default_image_id":0,"font":"","enabled":false},"version":2}},"categories":[11],"tags":[],"class_list":["post-78157","post","type-post","status-publish","format-standard","has-post-thumbnail","hentry","category-noticias-de-ribeirao-preto-sp-e-regiao-ismael-colosi"],"jetpack_publicize_connections":[],"jetpack_featured_media_url":"https:\/\/i0.wp.com\/noticiasribeiraopreto.com.br\/wp-content\/uploads\/2025\/10\/03-out-2025-bebidasjaboticabal1.jpg?fit=811%2C461&ssl=1","jetpack-related-posts":[{"id":76675,"url":"https:\/\/noticiasribeiraopreto.com.br\/index.php\/2025\/09\/03\/pm-tem-novo-comandante-na-regiao\/","url_meta":{"origin":78157,"position":0},"title":"PM tem novo comandante na regi\u00e3o","author":"noticiasribeiraopreto.com.br","date":"3 de September de 2025","format":false,"excerpt":"Coronel Rodrigo Quintino assume o comando da Pol\u00edcia Militar em 93 cidades da regi\u00e3o de Ribeir\u00e3o Preto, no lugar do coronel Beltrami 3 de setembro de 2025 11:183 Compartilhar1 Por: Adalberto Luque A Pol\u00edcia Militar est\u00e1 com um novo comandante na regi\u00e3o de Ribeir\u00e3o Preto. O coronel Rodrigo Quintino est\u00e1\u2026","rel":"","context":"In &quot;Not\u00edcias de Ribeir\u00e3o Preto-SP e Regi\u00e3o&quot;","block_context":{"text":"Not\u00edcias de Ribeir\u00e3o Preto-SP e Regi\u00e3o","link":"https:\/\/noticiasribeiraopreto.com.br\/index.php\/category\/noticias-de-ribeirao-preto-sp-e-regiao-ismael-colosi\/"},"img":{"alt_text":"","src":"https:\/\/i0.wp.com\/noticiasribeiraopreto.com.br\/wp-content\/uploads\/2025\/09\/03-set-2025-celpmquintino.jpg?fit=556%2C640&ssl=1&resize=350%2C200","width":350,"height":200,"srcset":"https:\/\/i0.wp.com\/noticiasribeiraopreto.com.br\/wp-content\/uploads\/2025\/09\/03-set-2025-celpmquintino.jpg?fit=556%2C640&ssl=1&resize=350%2C200 1x, https:\/\/i0.wp.com\/noticiasribeiraopreto.com.br\/wp-content\/uploads\/2025\/09\/03-set-2025-celpmquintino.jpg?fit=556%2C640&ssl=1&resize=525%2C300 1.5x"},"classes":[]},{"id":62000,"url":"https:\/\/noticiasribeiraopreto.com.br\/index.php\/2024\/12\/31\/virada-do-ano-sera-marcada-por-calor-e-pancadas-de-chuva-para-todo-estado-de-sp\/","url_meta":{"origin":78157,"position":1},"title":"Virada do ano ser\u00e1 marcada por calor e pancadas de chuva para todo estado de SP","author":"noticiasribeiraopreto.com.br","date":"31 de December de 2024","format":false,"excerpt":"A virada de ano entre 31 de dezembro e 1\u00ba de janeiro de 2025 ser\u00e1 marcada por caracter\u00edsticas t\u00edpicas do ver\u00e3o em todo o estado de S\u00e3o Paulo, segundo a Defesa Civil. O sol predominar\u00e1 durante boa parte do dia, garantindo altas temperaturas e sensa\u00e7\u00e3o de abafamento. Contudo, o calor\u2026","rel":"","context":"In &quot;Not\u00edcias de Ribeir\u00e3o Preto-SP e Regi\u00e3o&quot;","block_context":{"text":"Not\u00edcias de Ribeir\u00e3o Preto-SP e Regi\u00e3o","link":"https:\/\/noticiasribeiraopreto.com.br\/index.php\/category\/noticias-de-ribeirao-preto-sp-e-regiao-ismael-colosi\/"},"img":{"alt_text":"","src":"https:\/\/i0.wp.com\/noticiasribeiraopreto.com.br\/wp-content\/uploads\/2024\/12\/RIBEIRAO-PRETO-1.jpg?fit=1200%2C656&ssl=1&resize=350%2C200","width":350,"height":200,"srcset":"https:\/\/i0.wp.com\/noticiasribeiraopreto.com.br\/wp-content\/uploads\/2024\/12\/RIBEIRAO-PRETO-1.jpg?fit=1200%2C656&ssl=1&resize=350%2C200 1x, https:\/\/i0.wp.com\/noticiasribeiraopreto.com.br\/wp-content\/uploads\/2024\/12\/RIBEIRAO-PRETO-1.jpg?fit=1200%2C656&ssl=1&resize=525%2C300 1.5x, https:\/\/i0.wp.com\/noticiasribeiraopreto.com.br\/wp-content\/uploads\/2024\/12\/RIBEIRAO-PRETO-1.jpg?fit=1200%2C656&ssl=1&resize=700%2C400 2x, https:\/\/i0.wp.com\/noticiasribeiraopreto.com.br\/wp-content\/uploads\/2024\/12\/RIBEIRAO-PRETO-1.jpg?fit=1200%2C656&ssl=1&resize=1050%2C600 3x"},"classes":[]},{"id":59284,"url":"https:\/\/noticiasribeiraopreto.com.br\/index.php\/2024\/10\/19\/animais-vitimas-de-incendios-na-regiao-de-ribeirao-sao-devolvidos-a-natureza\/","url_meta":{"origin":78157,"position":2},"title":"Animais v\u00edtimas de inc\u00eandios na regi\u00e3o de Ribeir\u00e3o s\u00e3o devolvidos \u00e0 natureza","author":"noticiasribeiraopreto.com.br","date":"19 de October de 2024","format":false,"excerpt":"Dois animais v\u00edtimas dos inc\u00eandios que atingiram a regi\u00e3o de Ribeir\u00e3o Preto foram soltos, nesta sexta-feira (18), em uma \u00e1rea verde no munic\u00edpio de Guatapar\u00e1. O Bugio Preto e o Gato Mourisco fazem parte da pesquisa iniciada pelos t\u00e9cnicos do Centro de Triagem e Reabilita\u00e7\u00e3o de Animais Silvestres (Cetras) Morro\u2026","rel":"","context":"In &quot;Not\u00edcias de Ribeir\u00e3o Preto-SP e Regi\u00e3o&quot;","block_context":{"text":"Not\u00edcias de Ribeir\u00e3o Preto-SP e Regi\u00e3o","link":"https:\/\/noticiasribeiraopreto.com.br\/index.php\/category\/noticias-de-ribeirao-preto-sp-e-regiao-ismael-colosi\/"},"img":{"alt_text":"","src":"https:\/\/i0.wp.com\/noticiasribeiraopreto.com.br\/wp-content\/uploads\/2024\/10\/Sem-titulo_2024-10-19_17-39-24_png_2024-10-19_17-39-25.webp.webp?fit=1200%2C634&ssl=1&resize=350%2C200","width":350,"height":200,"srcset":"https:\/\/i0.wp.com\/noticiasribeiraopreto.com.br\/wp-content\/uploads\/2024\/10\/Sem-titulo_2024-10-19_17-39-24_png_2024-10-19_17-39-25.webp.webp?fit=1200%2C634&ssl=1&resize=350%2C200 1x, https:\/\/i0.wp.com\/noticiasribeiraopreto.com.br\/wp-content\/uploads\/2024\/10\/Sem-titulo_2024-10-19_17-39-24_png_2024-10-19_17-39-25.webp.webp?fit=1200%2C634&ssl=1&resize=525%2C300 1.5x, https:\/\/i0.wp.com\/noticiasribeiraopreto.com.br\/wp-content\/uploads\/2024\/10\/Sem-titulo_2024-10-19_17-39-24_png_2024-10-19_17-39-25.webp.webp?fit=1200%2C634&ssl=1&resize=700%2C400 2x, https:\/\/i0.wp.com\/noticiasribeiraopreto.com.br\/wp-content\/uploads\/2024\/10\/Sem-titulo_2024-10-19_17-39-24_png_2024-10-19_17-39-25.webp.webp?fit=1200%2C634&ssl=1&resize=1050%2C600 3x"},"classes":[]},{"id":45519,"url":"https:\/\/noticiasribeiraopreto.com.br\/index.php\/2024\/04\/04\/regiao-de-ribeirao-preto-e-a-9a-mais-rica-do-estado-de-sao-paulo\/","url_meta":{"origin":78157,"position":3},"title":"Regi\u00e3o de Ribeir\u00e3o Preto \u00e9 a 9\u00aa mais rica do Estado de S\u00e3o Paulo","author":"noticiasribeiraopreto.com.br","date":"4 de April de 2024","format":false,"excerpt":"A regi\u00e3o de Ribeir\u00e3o Preto, composta por 25 munic\u00edpios, \u00e9 a 9\u00aa colocada no ranking do PIB (Produto Interno Bruto) do Estado de S\u00e3o Paulo, segundo a Funda\u00e7\u00e3o Seade. Segundo levantamento divulgado nesta quinta-feira (4), a regi\u00e3o \u00e9 respons\u00e1vel por 2,6% dos bens e servi\u00e7os produzidos em S\u00e3o Paulo no\u2026","rel":"","context":"In &quot;Not\u00edcias de Ribeir\u00e3o Preto-SP e Regi\u00e3o&quot;","block_context":{"text":"Not\u00edcias de Ribeir\u00e3o Preto-SP e Regi\u00e3o","link":"https:\/\/noticiasribeiraopreto.com.br\/index.php\/category\/noticias-de-ribeirao-preto-sp-e-regiao-ismael-colosi\/"},"img":{"alt_text":"","src":"https:\/\/i0.wp.com\/noticiasribeiraopreto.com.br\/wp-content\/uploads\/2024\/04\/Copia-de-Copia-de-TAMANHO-EXATO-PARA-FOTOS-NO-SISTEMA-NOVO-29.jpg?fit=1200%2C675&ssl=1&resize=350%2C200","width":350,"height":200,"srcset":"https:\/\/i0.wp.com\/noticiasribeiraopreto.com.br\/wp-content\/uploads\/2024\/04\/Copia-de-Copia-de-TAMANHO-EXATO-PARA-FOTOS-NO-SISTEMA-NOVO-29.jpg?fit=1200%2C675&ssl=1&resize=350%2C200 1x, https:\/\/i0.wp.com\/noticiasribeiraopreto.com.br\/wp-content\/uploads\/2024\/04\/Copia-de-Copia-de-TAMANHO-EXATO-PARA-FOTOS-NO-SISTEMA-NOVO-29.jpg?fit=1200%2C675&ssl=1&resize=525%2C300 1.5x, https:\/\/i0.wp.com\/noticiasribeiraopreto.com.br\/wp-content\/uploads\/2024\/04\/Copia-de-Copia-de-TAMANHO-EXATO-PARA-FOTOS-NO-SISTEMA-NOVO-29.jpg?fit=1200%2C675&ssl=1&resize=700%2C400 2x, https:\/\/i0.wp.com\/noticiasribeiraopreto.com.br\/wp-content\/uploads\/2024\/04\/Copia-de-Copia-de-TAMANHO-EXATO-PARA-FOTOS-NO-SISTEMA-NOVO-29.jpg?fit=1200%2C675&ssl=1&resize=1050%2C600 3x"},"classes":[]},{"id":81287,"url":"https:\/\/noticiasribeiraopreto.com.br\/index.php\/2025\/12\/31\/cidade-na-regiao-de-ribeirao-preto-comemora-titulo-de-estancia-turistica-e-projeta-empregos\/","url_meta":{"origin":78157,"position":4},"title":"Cidade na regi\u00e3o de Ribeir\u00e3o Preto comemora t\u00edtulo de est\u00e2ncia tur\u00edstica e projeta empregos","author":"noticiasribeiraopreto.com.br","date":"31 de December de 2025","format":false,"excerpt":"A cidade de Sert\u00e3ozinho, na regi\u00e3o de Ribeir\u00e3o Preto, conquistou oficialmente o t\u00edtulo de est\u00e2ncia tur\u00edstica com a publica\u00e7\u00e3o no Di\u00e1rio Oficial do Estado, no \u00faltimo dia 26 de dezembro. Ap\u00f3s o projeto de lei do Governo de S\u00e3o Paulo ser aprovado pela Assembleia Legislativa, a cidade passa a integrar\u2026","rel":"","context":"In &quot;Not\u00edcias de Ribeir\u00e3o Preto-SP e Regi\u00e3o&quot;","block_context":{"text":"Not\u00edcias de Ribeir\u00e3o Preto-SP e Regi\u00e3o","link":"https:\/\/noticiasribeiraopreto.com.br\/index.php\/category\/noticias-de-ribeirao-preto-sp-e-regiao-ismael-colosi\/"},"img":{"alt_text":"","src":"https:\/\/i0.wp.com\/noticiasribeiraopreto.com.br\/wp-content\/uploads\/2025\/12\/WhatsApp-Image-2025-12-30-at-14.26.57_2025-12-30_18-58-40.webp.webp?fit=1200%2C675&ssl=1&resize=350%2C200","width":350,"height":200,"srcset":"https:\/\/i0.wp.com\/noticiasribeiraopreto.com.br\/wp-content\/uploads\/2025\/12\/WhatsApp-Image-2025-12-30-at-14.26.57_2025-12-30_18-58-40.webp.webp?fit=1200%2C675&ssl=1&resize=350%2C200 1x, https:\/\/i0.wp.com\/noticiasribeiraopreto.com.br\/wp-content\/uploads\/2025\/12\/WhatsApp-Image-2025-12-30-at-14.26.57_2025-12-30_18-58-40.webp.webp?fit=1200%2C675&ssl=1&resize=525%2C300 1.5x, https:\/\/i0.wp.com\/noticiasribeiraopreto.com.br\/wp-content\/uploads\/2025\/12\/WhatsApp-Image-2025-12-30-at-14.26.57_2025-12-30_18-58-40.webp.webp?fit=1200%2C675&ssl=1&resize=700%2C400 2x, https:\/\/i0.wp.com\/noticiasribeiraopreto.com.br\/wp-content\/uploads\/2025\/12\/WhatsApp-Image-2025-12-30-at-14.26.57_2025-12-30_18-58-40.webp.webp?fit=1200%2C675&ssl=1&resize=1050%2C600 3x"},"classes":[]},{"id":61146,"url":"https:\/\/noticiasribeiraopreto.com.br\/index.php\/2024\/12\/04\/corpo-e-encontrado-em-lagoa-na-regiao-de-ribeirao-preto\/","url_meta":{"origin":78157,"position":5},"title":"Corpo \u00e9 encontrado em lagoa na regi\u00e3o de Ribeir\u00e3o Preto","author":"noticiasribeiraopreto.com.br","date":"4 de December de 2024","format":false,"excerpt":"Na tarde desta quarta-feira (4), um corpo foi encontrado em um brejo pr\u00f3ximo a lagoa de tratamento de esgoto de Sert\u00e3ozinho, na regi\u00e3o de Ribeir\u00e3o Preto. A Pol\u00edcia Militar e o Corpo de Bombeiros est\u00e3o no local. O corpo j\u00e1 est\u00e1 em decomposi\u00e7\u00e3o e ainda n\u00e3o foi identificado. Mat\u00e9ria em\u2026","rel":"","context":"In &quot;Not\u00edcias de Ribeir\u00e3o Preto-SP e Regi\u00e3o&quot;","block_context":{"text":"Not\u00edcias de Ribeir\u00e3o Preto-SP e Regi\u00e3o","link":"https:\/\/noticiasribeiraopreto.com.br\/index.php\/category\/noticias-de-ribeirao-preto-sp-e-regiao-ismael-colosi\/"},"img":{"alt_text":"","src":"https:\/\/i0.wp.com\/noticiasribeiraopreto.com.br\/wp-content\/uploads\/2024\/12\/Copia-de-Copia-de-Copia-de-TAMANHO-EXATO-PARA-FOTOS-NO-SISTEMA-NOVO-2024-12-04T162028.093_2024-12-04_19-21-20_png_2024-12-04_19-21-21.webp.webp?fit=1200%2C675&ssl=1&resize=350%2C200","width":350,"height":200,"srcset":"https:\/\/i0.wp.com\/noticiasribeiraopreto.com.br\/wp-content\/uploads\/2024\/12\/Copia-de-Copia-de-Copia-de-TAMANHO-EXATO-PARA-FOTOS-NO-SISTEMA-NOVO-2024-12-04T162028.093_2024-12-04_19-21-20_png_2024-12-04_19-21-21.webp.webp?fit=1200%2C675&ssl=1&resize=350%2C200 1x, https:\/\/i0.wp.com\/noticiasribeiraopreto.com.br\/wp-content\/uploads\/2024\/12\/Copia-de-Copia-de-Copia-de-TAMANHO-EXATO-PARA-FOTOS-NO-SISTEMA-NOVO-2024-12-04T162028.093_2024-12-04_19-21-20_png_2024-12-04_19-21-21.webp.webp?fit=1200%2C675&ssl=1&resize=525%2C300 1.5x, https:\/\/i0.wp.com\/noticiasribeiraopreto.com.br\/wp-content\/uploads\/2024\/12\/Copia-de-Copia-de-Copia-de-TAMANHO-EXATO-PARA-FOTOS-NO-SISTEMA-NOVO-2024-12-04T162028.093_2024-12-04_19-21-20_png_2024-12-04_19-21-21.webp.webp?fit=1200%2C675&ssl=1&resize=700%2C400 2x, https:\/\/i0.wp.com\/noticiasribeiraopreto.com.br\/wp-content\/uploads\/2024\/12\/Copia-de-Copia-de-Copia-de-TAMANHO-EXATO-PARA-FOTOS-NO-SISTEMA-NOVO-2024-12-04T162028.093_2024-12-04_19-21-20_png_2024-12-04_19-21-21.webp.webp?fit=1200%2C675&ssl=1&resize=1050%2C600 3x"},"classes":[]}],"jetpack_sharing_enabled":true,"jetpack_shortlink":"https:\/\/wp.me\/peQAOb-kkB","_links":{"self":[{"href":"https:\/\/noticiasribeiraopreto.com.br\/index.php\/wp-json\/wp\/v2\/posts\/78157","targetHints":{"allow":["GET"]}}],"collection":[{"href":"https:\/\/noticiasribeiraopreto.com.br\/index.php\/wp-json\/wp\/v2\/posts"}],"about":[{"href":"https:\/\/noticiasribeiraopreto.com.br\/index.php\/wp-json\/wp\/v2\/types\/post"}],"author":[{"embeddable":true,"href":"https:\/\/noticiasribeiraopreto.com.br\/index.php\/wp-json\/wp\/v2\/users\/1"}],"replies":[{"embeddable":true,"href":"https:\/\/noticiasribeiraopreto.com.br\/index.php\/wp-json\/wp\/v2\/comments?post=78157"}],"version-history":[{"count":0,"href":"https:\/\/noticiasribeiraopreto.com.br\/index.php\/wp-json\/wp\/v2\/posts\/78157\/revisions"}],"wp:featuredmedia":[{"embeddable":true,"href":"https:\/\/noticiasribeiraopreto.com.br\/index.php\/wp-json\/wp\/v2\/media\/78159"}],"wp:attachment":[{"href":"https:\/\/noticiasribeiraopreto.com.br\/index.php\/wp-json\/wp\/v2\/media?parent=78157"}],"wp:term":[{"taxonomy":"category","embeddable":true,"href":"https:\/\/noticiasribeiraopreto.com.br\/index.php\/wp-json\/wp\/v2\/categories?post=78157"},{"taxonomy":"post_tag","embeddable":true,"href":"https:\/\/noticiasribeiraopreto.com.br\/index.php\/wp-json\/wp\/v2\/tags?post=78157"}],"curies":[{"name":"wp","href":"https:\/\/api.w.org\/{rel}","templated":true}]}}