{"id":78160,"date":"2025-10-03T11:28:03","date_gmt":"2025-10-03T14:28:03","guid":{"rendered":"https:\/\/noticiasribeiraopreto.com.br\/index.php\/2025\/10\/03\/tarcisio-autoriza-licitacao-para-concessao-da-rodovia-abrao-assed\/"},"modified":"2025-10-03T11:28:03","modified_gmt":"2025-10-03T14:28:03","slug":"tarcisio-autoriza-licitacao-para-concessao-da-rodovia-abrao-assed","status":"publish","type":"post","link":"https:\/\/noticiasribeiraopreto.com.br\/index.php\/2025\/10\/03\/tarcisio-autoriza-licitacao-para-concessao-da-rodovia-abrao-assed\/","title":{"rendered":"Tarc\u00edsio autoriza licita\u00e7\u00e3o para concess\u00e3o da rodovia Abr\u00e3o Assed"},"content":{"rendered":"<div class='code-block code-block-1' style='margin: 8px 0 8px auto; text-align: right; display: block; clear: both;'>\n<p><a href=\"https:\/\/wa.link\/vpicfd\"><img data-recalc-dims=\"1\" class=\"wp-image-4922\" style=\"aspect-ratio: 2.0253164556962027; width: 561px; height: auto;\" src=\"https:\/\/i0.wp.com\/ismaelcolosi.com.br\/wp-content\/uploads\/2023\/11\/grupo-de-empregos-whatsapp-e-facebook-ismael-colosi-vagas.jpg?ssl=1\" alt=\"\" \/><\/a><\/p>\n<!-- \/wp:image -->\n<\/div>\n<p> <br \/>\n<\/p>\n<div>\n<p>O governador de S\u00e3o Paulo, <strong>Tarc\u00edsio de Freitas (REP)<\/strong>, autorizou a abertura da licita\u00e7\u00e3o para concess\u00e3o das rodovias do lote <strong>Rota Mogiana<\/strong>, entre elas, a <strong>rodovia Abr\u00e3o Assed (SP-333)<\/strong>, uma das principais da regi\u00e3o de <strong>Ribeir\u00e3o Preto<\/strong>. O decreto que permite a abertura da licita\u00e7\u00e3o foi publicado no <a href=\"https:\/\/doe.sp.gov.br\/executivo\/decretos\/decreto-n-69927-de-1-de-outubro-de-2025-202510011182021377732\" data-type=\"link\" data-id=\"https:\/\/doe.sp.gov.br\/executivo\/decretos\/decreto-n-69927-de-1-de-outubro-de-2025-202510011182021377732\" target=\"_blank\" rel=\"noopener\">Di\u00e1rio Oficial do Estado <\/a>na \u00faltima quinta-feira (2).<\/p>\n<p>O prazo da concess\u00e3o ser\u00e1 de 30 anos e a tarifa de ped\u00e1gio, assim como os crit\u00e9rios e a periodicidade de sua atualiza\u00e7\u00e3o e as condi\u00e7\u00f5es de sua revis\u00e3o ser\u00e3o fixadas no contrato.<\/p>\n<h2 class=\"wp-block-heading\"><strong>Entenda o projeto<\/strong><\/h2>\n<p>O projeto da Rota Mogiana integra os 1,8 mil quil\u00f4metros de rodovias qualificados no PPI-SP (Programa de Parcerias de Investimentos). A modelagem re\u00fane trechos hoje operados pela Renovias e novas vias do DER-SP.<\/p>\n<figure class=\"wp-block-image size-full\"><img data-recalc-dims=\"1\" fetchpriority=\"high\" decoding=\"async\" width=\"859\" height=\"724\" src=\"https:\/\/i0.wp.com\/cdn.media-acidadeon.com.br\/ribeiraopreto\/wp-content\/uploads\/sites\/3\/2025\/03\/abrao-assed_2025-03-23_19-03-10_jpg_2025-03-23_19-03-10.webp?resize=859%2C724&#038;ssl=1\" alt=\"Rodovia Abr\u00e3o Assed vai receber obras para implanta\u00e7\u00e3o da terceira faixa (Imagem: divulga\u00e7\u00e3o)\" class=\"wp-image-111374\" title=\"Tarc\u00edsio autoriza licita\u00e7\u00e3o para concess\u00e3o da rodovia Abr\u00e3o Assed 1\" srcset=\"https:\/\/cdn.media-acidadeon.com.br\/ribeiraopreto\/wp-content\/uploads\/sites\/3\/2025\/03\/abrao-assed_2025-03-23_19-03-10_jpg_2025-03-23_19-03-10.webp 859w, https:\/\/cdn.media-acidadeon.com.br\/ribeiraopreto\/wp-content\/uploads\/sites\/3\/2025\/03\/abrao-assed_2025-03-23_19-03-10_jpg_2025-03-23_19-03-10-300x253.webp 300w, https:\/\/cdn.media-acidadeon.com.br\/ribeiraopreto\/wp-content\/uploads\/sites\/3\/2025\/03\/abrao-assed_2025-03-23_19-03-10_jpg_2025-03-23_19-03-10-768x647.webp 768w, https:\/\/cdn.media-acidadeon.com.br\/ribeiraopreto\/wp-content\/uploads\/sites\/3\/2025\/03\/abrao-assed_2025-03-23_19-03-10_jpg_2025-03-23_19-03-10-696x587.webp 696w\" sizes=\"(max-width: 859px) 100vw, 859px\"\/><figcaption class=\"wp-element-caption\">Rodovia Abr\u00e3o Assed vai receber obras para implanta\u00e7\u00e3o da terceira faixa (Imagem: divulga\u00e7\u00e3o)<\/figcaption><\/figure>\n<p>De acordo com as informa\u00e7\u00f5es, est\u00e3o previstas a duplica\u00e7\u00e3o de 217 quil\u00f4metros, implanta\u00e7\u00e3o de terceiras faixas, marginais, passarelas, pontos de \u00f4nibus, acostamentos e dispositivos de seguran\u00e7a vi\u00e1ria, ampliando a mobilidade e a seguran\u00e7a de motoristas e pedestres.<\/p>\n<h2 class=\"wp-block-heading\"><strong>Consulta p\u00fablica<\/strong><\/h2>\n<p>Em mar\u00e7o deste ano, chegou ao fim a consulta p\u00fablica sobre a concess\u00e3o das rodovias da Rota Mogiana, onde devem ser instalados p\u00f3rticos de ped\u00e1gio free flow. No trecho que inclui a rodovia Abr\u00e3o Assed, entre Ribeir\u00e3o Preto e Cajuru, devem ser instalados dois p\u00f3rticos.<\/p>\n<p>SAIBA MAIS<br \/>USP Ribeir\u00e3o Preto tem 39 pesquisadores entre os mais influentes do mundo; Veja quem s\u00e3o<\/p>\n<h2 class=\"wp-block-heading\"><strong>FIQUE ON<\/strong><\/h2>\n<p>Fique ligado em tudo que acontece em Ribeir\u00e3o Preto e regi\u00e3o. Siga os perfis do\u00a0<strong>acidade on<\/strong>\u00a0no<a href=\"https:\/\/www.instagram.com\/acidadeonribeirao\" target=\"_blank\" rel=\"noreferrer noopener\">\u00a0Instagram<\/a>\u00a0e no<a href=\"https:\/\/www.facebook.com\/acidadeonribeirao\/\" target=\"_blank\" rel=\"noreferrer noopener\">\u00a0Facebook<\/a>.<\/p>\n<p>Receba not\u00edcias do<strong>\u00a0acidade on<\/strong>\u00a0no WhatsApp. Para entrar no grupo,\u00a0basta\u00a0<a href=\"https:\/\/chat.whatsapp.com\/I4nieTEMKlf50pJ28aMemC?mode=ac_t\" target=\"_blank\" rel=\"noreferrer noopener\">clicar aqui<\/a>. Ou, acesse o nosso<a href=\"https:\/\/whatsapp.com\/channel\/0029Vb6IQl1JENyAeS57fk2p\" target=\"_blank\" rel=\"noreferrer noopener\">\u00a0Canal clicando aqui<\/a>.<\/p>\n<p>Fa\u00e7a uma den\u00fancia ou sugira uma reportagem sobre Ribeir\u00e3o Preto e regi\u00e3o pelo WhatsApp: 16 99117 7802.<\/p>\n<p>VEJA TAMB\u00c9M<br \/>Qual \u00e9 a pena para falsifica\u00e7\u00e3o de bebidas alco\u00f3licas?<\/p>\n<p><!-- AI CONTENT END 1 -->\n<\/div>\n<p><script async src=\"\/\/www.instagram.com\/embed.js\"><\/script><br \/>\n<br \/><br \/>\n<br \/><a href=\"https:\/\/www.acidadeon.com\/ribeiraopreto\/politica\/tarcisio-autoriza-licitacao-para-concessao-da-rodovia-abrao-assed\/\">Source link <\/a><\/p>\n<!-- CONTENT END 1 -->\n","protected":false},"excerpt":{"rendered":"<p>O governador de S\u00e3o Paulo, Tarc\u00edsio de Freitas (REP), autorizou a abertura da licita\u00e7\u00e3o para concess\u00e3o das rodovias do lote Rota Mogiana, entre elas, a&#8230;<\/p>\n","protected":false},"author":1,"featured_media":78161,"comment_status":"open","ping_status":"open","sticky":false,"template":"","format":"standard","meta":{"advanced_seo_description":"","jetpack_seo_html_title":"","jetpack_seo_noindex":false,"jetpack_post_was_ever_published":false,"_jetpack_newsletter_access":"","_jetpack_dont_email_post_to_subs":false,"_jetpack_newsletter_tier_id":0,"_jetpack_memberships_contains_paywalled_content":false,"_jetpack_memberships_contains_paid_content":false,"footnotes":"","jetpack_publicize_message":"","jetpack_publicize_feature_enabled":true,"jetpack_social_post_already_shared":true,"jetpack_social_options":{"image_generator_settings":{"template":"highway","default_image_id":0,"font":"","enabled":false},"version":2}},"categories":[11],"tags":[],"class_list":["post-78160","post","type-post","status-publish","format-standard","has-post-thumbnail","hentry","category-noticias-de-ribeirao-preto-sp-e-regiao-ismael-colosi"],"jetpack_publicize_connections":[],"jetpack_featured_media_url":"https:\/\/i0.wp.com\/noticiasribeiraopreto.com.br\/wp-content\/uploads\/2025\/10\/rodovia-abrao-assed_2025-03-12_15-14-15_jpg_2025-03-12_15-14-15.webp.webp?fit=1207%2C820&ssl=1","jetpack-related-posts":[{"id":77524,"url":"https:\/\/noticiasribeiraopreto.com.br\/index.php\/2025\/09\/20\/governo-de-sp-aprova-edital-de-concessao-da-rota-mogiana-que-inclui-rodovia-na-regiao-de-ribeirao\/","url_meta":{"origin":78160,"position":0},"title":"Governo de SP aprova edital de concess\u00e3o da Rota Mogiana, que inclui rodovia na regi\u00e3o de Ribeir\u00e3o","author":"noticiasribeiraopreto.com.br","date":"20 de September de 2025","format":false,"excerpt":"O Governo de S\u00e3o Paulo aprovou na sexta-feira (19), a modelagem e a autoriza\u00e7\u00e3o para publica\u00e7\u00e3o do edital de licita\u00e7\u00e3o da Rota Mogiana, que prev\u00ea a concess\u00e3o de 532 km de rodovias no interior paulista. O pacote inclui a rodovia Abr\u00e3o Assed, uma das principais da regi\u00e3o de Ribeir\u00e3o Preto.\u2026","rel":"","context":"In &quot;Not\u00edcias de Ribeir\u00e3o Preto-SP e Regi\u00e3o&quot;","block_context":{"text":"Not\u00edcias de Ribeir\u00e3o Preto-SP e Regi\u00e3o","link":"https:\/\/noticiasribeiraopreto.com.br\/index.php\/category\/noticias-de-ribeirao-preto-sp-e-regiao-ismael-colosi\/"},"img":{"alt_text":"","src":"https:\/\/i0.wp.com\/noticiasribeiraopreto.com.br\/wp-content\/uploads\/2025\/09\/Copia-de-Copia-de-Copia-de-TAMANHO-EXATO-PARA-FOTOS-NO-SISTEMA-NOVO-2025-09-20T124643.684_2025-09-20_15-46-49.webp.webp?fit=1200%2C675&ssl=1&resize=350%2C200","width":350,"height":200,"srcset":"https:\/\/i0.wp.com\/noticiasribeiraopreto.com.br\/wp-content\/uploads\/2025\/09\/Copia-de-Copia-de-Copia-de-TAMANHO-EXATO-PARA-FOTOS-NO-SISTEMA-NOVO-2025-09-20T124643.684_2025-09-20_15-46-49.webp.webp?fit=1200%2C675&ssl=1&resize=350%2C200 1x, https:\/\/i0.wp.com\/noticiasribeiraopreto.com.br\/wp-content\/uploads\/2025\/09\/Copia-de-Copia-de-Copia-de-TAMANHO-EXATO-PARA-FOTOS-NO-SISTEMA-NOVO-2025-09-20T124643.684_2025-09-20_15-46-49.webp.webp?fit=1200%2C675&ssl=1&resize=525%2C300 1.5x, https:\/\/i0.wp.com\/noticiasribeiraopreto.com.br\/wp-content\/uploads\/2025\/09\/Copia-de-Copia-de-Copia-de-TAMANHO-EXATO-PARA-FOTOS-NO-SISTEMA-NOVO-2025-09-20T124643.684_2025-09-20_15-46-49.webp.webp?fit=1200%2C675&ssl=1&resize=700%2C400 2x, https:\/\/i0.wp.com\/noticiasribeiraopreto.com.br\/wp-content\/uploads\/2025\/09\/Copia-de-Copia-de-Copia-de-TAMANHO-EXATO-PARA-FOTOS-NO-SISTEMA-NOVO-2025-09-20T124643.684_2025-09-20_15-46-49.webp.webp?fit=1200%2C675&ssl=1&resize=1050%2C600 3x"},"classes":[]},{"id":77630,"url":"https:\/\/noticiasribeiraopreto.com.br\/index.php\/2025\/09\/23\/terceirizacao-da-abrao-assed-avanca\/","url_meta":{"origin":78160,"position":1},"title":"Terceiriza\u00e7\u00e3o da Abr\u00e3o \u2028Assed avan\u00e7a","author":"noticiasribeiraopreto.com.br","date":"23 de September de 2025","format":false,"excerpt":"23 de setembro de 2025 08:292 Compartilhar0 Concess\u00e3o para a iniciativa privada ser\u00e1 feita entre as cidades de Cajuru e Ribeir\u00e3o Preto e entre Mococa e Cajuru\u2028\u2028 A modelagem e a autoriza\u00e7\u00e3o para publica\u00e7\u00e3o do edital de licita\u00e7\u00e3o da Rota Mogiana, que prev\u00ea a concess\u00e3o de 532 quil\u00f4metros de rodovias\u2026","rel":"","context":"In &quot;Not\u00edcias de Ribeir\u00e3o Preto-SP e Regi\u00e3o&quot;","block_context":{"text":"Not\u00edcias de Ribeir\u00e3o Preto-SP e Regi\u00e3o","link":"https:\/\/noticiasribeiraopreto.com.br\/index.php\/category\/noticias-de-ribeirao-preto-sp-e-regiao-ismael-colosi\/"},"img":{"alt_text":"","src":"https:\/\/i0.wp.com\/noticiasribeiraopreto.com.br\/wp-content\/uploads\/2025\/09\/Abrao-Alfredo-Risk-Arquivo-scaled.jpg?fit=1200%2C625&ssl=1&resize=350%2C200","width":350,"height":200,"srcset":"https:\/\/i0.wp.com\/noticiasribeiraopreto.com.br\/wp-content\/uploads\/2025\/09\/Abrao-Alfredo-Risk-Arquivo-scaled.jpg?fit=1200%2C625&ssl=1&resize=350%2C200 1x, https:\/\/i0.wp.com\/noticiasribeiraopreto.com.br\/wp-content\/uploads\/2025\/09\/Abrao-Alfredo-Risk-Arquivo-scaled.jpg?fit=1200%2C625&ssl=1&resize=525%2C300 1.5x, https:\/\/i0.wp.com\/noticiasribeiraopreto.com.br\/wp-content\/uploads\/2025\/09\/Abrao-Alfredo-Risk-Arquivo-scaled.jpg?fit=1200%2C625&ssl=1&resize=700%2C400 2x, https:\/\/i0.wp.com\/noticiasribeiraopreto.com.br\/wp-content\/uploads\/2025\/09\/Abrao-Alfredo-Risk-Arquivo-scaled.jpg?fit=1200%2C625&ssl=1&resize=1050%2C600 3x"},"classes":[]},{"id":79170,"url":"https:\/\/noticiasribeiraopreto.com.br\/index.php\/2025\/10\/25\/governo-de-sp-publica-licitacao-da-rota-mogiana-com-trecho-na-regiao-de-ribeirao-preto\/","url_meta":{"origin":78160,"position":2},"title":"Governo de SP publica licita\u00e7\u00e3o da Rota Mogiana, com trecho na regi\u00e3o de Ribeir\u00e3o Preto","author":"noticiasribeiraopreto.com.br","date":"25 de October de 2025","format":false,"excerpt":"O Governo do Estado de S\u00e3o Paulo publicou no Di\u00e1rio Oficial desta sexta-feira (24) a licita\u00e7\u00e3o de concess\u00e3o da Rota Mogiana. O pacote inclui a rodovia Abr\u00e3o Assed, uma das principais da regi\u00e3o de Ribeir\u00e3o Preto. O projeto prev\u00ea a moderniza\u00e7\u00e3o de mais de 500 quil\u00f4metros de rodovias no interior\u2026","rel":"","context":"In &quot;Not\u00edcias de Ribeir\u00e3o Preto-SP e Regi\u00e3o&quot;","block_context":{"text":"Not\u00edcias de Ribeir\u00e3o Preto-SP e Regi\u00e3o","link":"https:\/\/noticiasribeiraopreto.com.br\/index.php\/category\/noticias-de-ribeirao-preto-sp-e-regiao-ismael-colosi\/"},"img":{"alt_text":"","src":"https:\/\/i0.wp.com\/noticiasribeiraopreto.com.br\/wp-content\/uploads\/2025\/10\/rodovia-abrao-assed_2025-03-12_15-14-15_jpg_2025-03-12_15-14-15.webp.webp?fit=1200%2C815&ssl=1&resize=350%2C200","width":350,"height":200,"srcset":"https:\/\/i0.wp.com\/noticiasribeiraopreto.com.br\/wp-content\/uploads\/2025\/10\/rodovia-abrao-assed_2025-03-12_15-14-15_jpg_2025-03-12_15-14-15.webp.webp?fit=1200%2C815&ssl=1&resize=350%2C200 1x, https:\/\/i0.wp.com\/noticiasribeiraopreto.com.br\/wp-content\/uploads\/2025\/10\/rodovia-abrao-assed_2025-03-12_15-14-15_jpg_2025-03-12_15-14-15.webp.webp?fit=1200%2C815&ssl=1&resize=525%2C300 1.5x, https:\/\/i0.wp.com\/noticiasribeiraopreto.com.br\/wp-content\/uploads\/2025\/10\/rodovia-abrao-assed_2025-03-12_15-14-15_jpg_2025-03-12_15-14-15.webp.webp?fit=1200%2C815&ssl=1&resize=700%2C400 2x, https:\/\/i0.wp.com\/noticiasribeiraopreto.com.br\/wp-content\/uploads\/2025\/10\/rodovia-abrao-assed_2025-03-12_15-14-15_jpg_2025-03-12_15-14-15.webp.webp?fit=1200%2C815&ssl=1&resize=1050%2C600 3x"},"classes":[]},{"id":81449,"url":"https:\/\/noticiasribeiraopreto.com.br\/index.php\/2026\/01\/06\/republicado-edital-de-concessao-da-abrao-assed\/","url_meta":{"origin":78160,"position":3},"title":"Republicado edital de concess\u00e3o da Abr\u00e3o Assed","author":"noticiasribeiraopreto.com.br","date":"6 de January de 2026","format":false,"excerpt":"\r \r \r 6 de janeiro de 2026 10:39 \r Compartilhar0 O Governo de S\u00e3o Paulo republicou o edital da concess\u00e3o das rodovias do Lote Rota Mogiana, que interligam a regi\u00e3o de Ribeir\u00e3o Preto, incluindo a Rodovia Abr\u00e3o Assed entre as cidades de Cajuru e Santa Cruz da Esperan\u00e7a. A\u2026","rel":"","context":"In &quot;Not\u00edcias de Ribeir\u00e3o Preto-SP e Regi\u00e3o&quot;","block_context":{"text":"Not\u00edcias de Ribeir\u00e3o Preto-SP e Regi\u00e3o","link":"https:\/\/noticiasribeiraopreto.com.br\/index.php\/category\/noticias-de-ribeirao-preto-sp-e-regiao-ismael-colosi\/"},"img":{"alt_text":"","src":"https:\/\/i0.wp.com\/noticiasribeiraopreto.com.br\/wp-content\/uploads\/2026\/01\/2-abraao-assed.jpg?fit=702%2C439&ssl=1&resize=350%2C200","width":350,"height":200,"srcset":"https:\/\/i0.wp.com\/noticiasribeiraopreto.com.br\/wp-content\/uploads\/2026\/01\/2-abraao-assed.jpg?fit=702%2C439&ssl=1&resize=350%2C200 1x, https:\/\/i0.wp.com\/noticiasribeiraopreto.com.br\/wp-content\/uploads\/2026\/01\/2-abraao-assed.jpg?fit=702%2C439&ssl=1&resize=525%2C300 1.5x, https:\/\/i0.wp.com\/noticiasribeiraopreto.com.br\/wp-content\/uploads\/2026\/01\/2-abraao-assed.jpg?fit=702%2C439&ssl=1&resize=700%2C400 2x"},"classes":[]},{"id":65726,"url":"https:\/\/noticiasribeiraopreto.com.br\/index.php\/2025\/03\/23\/entenda-o-projeto-de-concessao-que-pode-incluir-novos-pedagios-na-abrao-assed\/","url_meta":{"origin":78160,"position":4},"title":"Entenda o projeto de concess\u00e3o que pode incluir novos ped\u00e1gios na Abr\u00e3o Assed","author":"noticiasribeiraopreto.com.br","date":"23 de March de 2025","format":false,"excerpt":"Terminou na \u00faltima sexta-feira (21) a consulta p\u00fablica sobre a concess\u00e3o das rodovias da Rota Mogiana. O pacote inclui a rodovia Abr\u00e3o Assed, uma das principais da regi\u00e3o de Ribeir\u00e3o Preto, onde devem ser instalados dois p\u00f3rticos de ped\u00e1gio free flow no trecho entre Ribeir\u00e3o Preto e Cajuru. Segundo a\u2026","rel":"","context":"In &quot;Not\u00edcias de Ribeir\u00e3o Preto-SP e Regi\u00e3o&quot;","block_context":{"text":"Not\u00edcias de Ribeir\u00e3o Preto-SP e Regi\u00e3o","link":"https:\/\/noticiasribeiraopreto.com.br\/index.php\/category\/noticias-de-ribeirao-preto-sp-e-regiao-ismael-colosi\/"},"img":{"alt_text":"","src":"https:\/\/i0.wp.com\/noticiasribeiraopreto.com.br\/wp-content\/uploads\/2025\/03\/abrao-assed_2025-03-23_19-03-10_jpg_2025-03-23_19-03-10.webp.webp?fit=859%2C724&ssl=1&resize=350%2C200","width":350,"height":200,"srcset":"https:\/\/i0.wp.com\/noticiasribeiraopreto.com.br\/wp-content\/uploads\/2025\/03\/abrao-assed_2025-03-23_19-03-10_jpg_2025-03-23_19-03-10.webp.webp?fit=859%2C724&ssl=1&resize=350%2C200 1x, https:\/\/i0.wp.com\/noticiasribeiraopreto.com.br\/wp-content\/uploads\/2025\/03\/abrao-assed_2025-03-23_19-03-10_jpg_2025-03-23_19-03-10.webp.webp?fit=859%2C724&ssl=1&resize=525%2C300 1.5x, https:\/\/i0.wp.com\/noticiasribeiraopreto.com.br\/wp-content\/uploads\/2025\/03\/abrao-assed_2025-03-23_19-03-10_jpg_2025-03-23_19-03-10.webp.webp?fit=859%2C724&ssl=1&resize=700%2C400 2x"},"classes":[]},{"id":64783,"url":"https:\/\/noticiasribeiraopreto.com.br\/index.php\/2025\/03\/12\/rodovia-abrao-assed-sera-concedida-e-podera-ter-pedagio-free-flow-em-ribeirao-preto\/","url_meta":{"origin":78160,"position":5},"title":"Rodovia Abr\u00e3o Assed ser\u00e1 concedida e poder\u00e1 ter ped\u00e1gio free flow em Ribeir\u00e3o Preto","author":"noticiasribeiraopreto.com.br","date":"12 de March de 2025","format":false,"excerpt":"A rodovia Abr\u00e3o Assed, uma das principais de Ribeir\u00e3o Preto e regi\u00e3o, faz parte do lote da Rota Mogiana, que est\u00e1 em fase de concess\u00e3o pelo Governo de S\u00e3o Paulo. De acordo com a proposta, a rodovia administrada, atualmente, pelo DER-SP (Departamento de Estradas de Rodagem de S\u00e3o Paulo), poder\u00e1\u2026","rel":"","context":"In &quot;Not\u00edcias de Ribeir\u00e3o Preto-SP e Regi\u00e3o&quot;","block_context":{"text":"Not\u00edcias de Ribeir\u00e3o Preto-SP e Regi\u00e3o","link":"https:\/\/noticiasribeiraopreto.com.br\/index.php\/category\/noticias-de-ribeirao-preto-sp-e-regiao-ismael-colosi\/"},"img":{"alt_text":"","src":"https:\/\/i0.wp.com\/noticiasribeiraopreto.com.br\/wp-content\/uploads\/2025\/03\/rodovia-abrao-assed_2025-03-12_15-14-15_jpg_2025-03-12_15-14-15.webp.webp?fit=1200%2C815&ssl=1&resize=350%2C200","width":350,"height":200,"srcset":"https:\/\/i0.wp.com\/noticiasribeiraopreto.com.br\/wp-content\/uploads\/2025\/03\/rodovia-abrao-assed_2025-03-12_15-14-15_jpg_2025-03-12_15-14-15.webp.webp?fit=1200%2C815&ssl=1&resize=350%2C200 1x, https:\/\/i0.wp.com\/noticiasribeiraopreto.com.br\/wp-content\/uploads\/2025\/03\/rodovia-abrao-assed_2025-03-12_15-14-15_jpg_2025-03-12_15-14-15.webp.webp?fit=1200%2C815&ssl=1&resize=525%2C300 1.5x, https:\/\/i0.wp.com\/noticiasribeiraopreto.com.br\/wp-content\/uploads\/2025\/03\/rodovia-abrao-assed_2025-03-12_15-14-15_jpg_2025-03-12_15-14-15.webp.webp?fit=1200%2C815&ssl=1&resize=700%2C400 2x, https:\/\/i0.wp.com\/noticiasribeiraopreto.com.br\/wp-content\/uploads\/2025\/03\/rodovia-abrao-assed_2025-03-12_15-14-15_jpg_2025-03-12_15-14-15.webp.webp?fit=1200%2C815&ssl=1&resize=1050%2C600 3x"},"classes":[]}],"jetpack_sharing_enabled":true,"jetpack_shortlink":"https:\/\/wp.me\/peQAOb-kkE","_links":{"self":[{"href":"https:\/\/noticiasribeiraopreto.com.br\/index.php\/wp-json\/wp\/v2\/posts\/78160","targetHints":{"allow":["GET"]}}],"collection":[{"href":"https:\/\/noticiasribeiraopreto.com.br\/index.php\/wp-json\/wp\/v2\/posts"}],"about":[{"href":"https:\/\/noticiasribeiraopreto.com.br\/index.php\/wp-json\/wp\/v2\/types\/post"}],"author":[{"embeddable":true,"href":"https:\/\/noticiasribeiraopreto.com.br\/index.php\/wp-json\/wp\/v2\/users\/1"}],"replies":[{"embeddable":true,"href":"https:\/\/noticiasribeiraopreto.com.br\/index.php\/wp-json\/wp\/v2\/comments?post=78160"}],"version-history":[{"count":0,"href":"https:\/\/noticiasribeiraopreto.com.br\/index.php\/wp-json\/wp\/v2\/posts\/78160\/revisions"}],"wp:featuredmedia":[{"embeddable":true,"href":"https:\/\/noticiasribeiraopreto.com.br\/index.php\/wp-json\/wp\/v2\/media\/78161"}],"wp:attachment":[{"href":"https:\/\/noticiasribeiraopreto.com.br\/index.php\/wp-json\/wp\/v2\/media?parent=78160"}],"wp:term":[{"taxonomy":"category","embeddable":true,"href":"https:\/\/noticiasribeiraopreto.com.br\/index.php\/wp-json\/wp\/v2\/categories?post=78160"},{"taxonomy":"post_tag","embeddable":true,"href":"https:\/\/noticiasribeiraopreto.com.br\/index.php\/wp-json\/wp\/v2\/tags?post=78160"}],"curies":[{"name":"wp","href":"https:\/\/api.w.org\/{rel}","templated":true}]}}