{"id":78162,"date":"2025-10-03T11:34:41","date_gmt":"2025-10-03T14:34:41","guid":{"rendered":"https:\/\/noticiasribeiraopreto.com.br\/index.php\/2025\/10\/03\/pai-de-crianca-que-pilotava-moto-e-denunciado-por-maus-tratos\/"},"modified":"2025-10-03T11:34:41","modified_gmt":"2025-10-03T14:34:41","slug":"pai-de-crianca-que-pilotava-moto-e-denunciado-por-maus-tratos","status":"publish","type":"post","link":"https:\/\/noticiasribeiraopreto.com.br\/index.php\/2025\/10\/03\/pai-de-crianca-que-pilotava-moto-e-denunciado-por-maus-tratos\/","title":{"rendered":"Pai de crian\u00e7a que pilotava moto \u00e9 denunciado por maus-tratos"},"content":{"rendered":"<p> <br \/>\n<\/p>\n<div id=\"\">\n<h2 class=\"penci-post-subtitle\">Den\u00fancia foi enviada pelo Minist\u00e9rio P\u00fablico para Juizado Especial Criminal de Ribeir\u00e3o Preto<\/h2>\n<p>\n\t\t\t\t\t\t\t\t\t<span class=\"entry-meta-item penci-posted-on\"><i class=\"fa fa-clock-o\"\/><time class=\"entry-date published updated\" datetime=\"2025-10-03T11:30:28-03:00\">3 de outubro de 2025 11:30<\/time><\/span><span class=\"entry-meta-item penci-post-countview\"><span class=\"entry-meta-item penci-post-countview penci_post-meta_item\"><i class=\"fa fa-eye\"\/><span class=\"penci-post-countview-number penci-post-countview-p441454\">5<\/span><\/span><\/span>\t\t\t\t\t\t\t\t<\/p>\n<p><!-- .entry-meta --><br \/>\n\t\t\t\t\t\t\t\t<span class=\"penci-social-buttons penci-social-share-footer\"><span class=\"penci-social-share-text\">Compartilhar<\/span><a href=\"#\" class=\"penci-post-like penci_post-meta_item  single-like-button penci-social-item like\" data-post_id=\"441454\" title=\"Like\" data-like=\"Like\" data-unlike=\"Unlike\"><i class=\"fa fa-thumbs-o-up\"\/><span class=\"penci-share-number\">1<\/span><\/a><i class=\"fa fa-facebook\"\/><a class=\"penci-social-item twitter\" target=\"_blank\" rel=\"noopener\" title=\"\" href=\"https:\/\/twitter.com\/intent\/tweet?text=Pai%20de%20crian\u00e7a%20que%20pilotava%20moto%20\u00e9%20denunciado%20por%20maus-tratos%20-%20https:\/\/www.tribunaribeirao.com.br\/pai-de-crianca-que-pilotava-moto-e-denunciado-por-maus-tratos\/\"><i class=\"fa fa-twitter\"\/><\/a><i class=\"fa fa-linkedin\"\/><i class=\"fa fa-whatsapp\"\/><i class=\"fa fa-telegram\"\/><i class=\"fa fa-envelope\"\/><\/span>\t\t\t\t\t\t\t<\/div>\n<div>\n<p>Por: Adalberto Luque<\/p>\n<p>O pai da crian\u00e7a de 10 anos que foi flagrada pilotando e fazendo acrobacias em uma motocicleta foi denunciado pelo Minist\u00e9rio P\u00fablico de S\u00e3o Paulo (MPSP). A den\u00fancia foi feita pelo promotor Paulo Jos\u00e9 Freire Teot\u00f4nio junto ao Juizado Especial Criminal de Ribeir\u00e3o Preto.<\/p>\n<p>De acordo com o promotor, Luiz Dias Filho, que estaria gravando o filho de 10 anos em manobras arriscadas para postar na internet deve responder por maus-tratos e corrup\u00e7\u00e3o de menores. A Pol\u00edcia Civil investigava a infra\u00e7\u00e3o penal de entregar dire\u00e7\u00e3o de ve\u00edculo automotor a pessoa n\u00e3o habilitada, mas o MP entendeu que a situa\u00e7\u00e3o seria mais grave.<\/p>\n<p>O objetivo da filmagem das manobras arriscadas da crian\u00e7a era postar em um perfil de rede social com mais de meio milh\u00e3o de seguidores. Os v\u00eddeos s\u00e3o monetizados, raz\u00e3o pela qual o promotor entendeu que estaria submetendo o filho a trabalho inadequado, ganhando dinheiro nas redes sociais.<\/p>\n<p>Por se tratar de uma crian\u00e7a menor de 14 anos, a pena, em caso de condena\u00e7\u00e3o, poder\u00e1 ser agravada. A reportagem do Tribuna n\u00e3o conseguiu contato com a defesa do homem denunciado pelo MP.<\/p>\n<p><strong>Relembre o caso<\/strong><\/p>\n<p>Um menino de 10 anos foi flagrado no dia 17 de agosto por equipes da Guarda Civil Metropolitana e da RP Mobi em ruas de Bonfim Paulista, na zona Sul de Ribeir\u00e3o Preto. Ele fazia manobras arriscadas como empinar a moto (popularmente chamado de grau).<\/p>\n<p>Ao ser abordado pela GCM e RP Mobi, o garoto indicou o pai, pr\u00f3ximo, que estaria filmando as manobras para redes sociais. O homem admitiu a pr\u00e1tica. A moto foi apreendida, junto a outras de pessoas que tamb\u00e9m faziam manobras.<\/p>\n<p><!-- CONTENT END 3 -->\n<\/div>\n<p><script async src=\"\/\/platform.twitter.com\/widgets.js\" charset=\"utf-8\"><\/script><br \/>\n<br \/><br \/>\n<br \/><a href=\"https:\/\/www.tribunaribeirao.com.br\/pai-de-crianca-que-pilotava-moto-e-denunciado-por-maus-tratos\/\">Source link <\/a><\/p>\n","protected":false},"excerpt":{"rendered":"<p>Den\u00fancia foi enviada pelo Minist\u00e9rio P\u00fablico para Juizado Especial Criminal de Ribeir\u00e3o Preto 3 de outubro de 2025 11:305 Compartilhar1 Por: Adalberto Luque O pai&#8230;<\/p>\n","protected":false},"author":1,"featured_media":78163,"comment_status":"open","ping_status":"open","sticky":false,"template":"","format":"standard","meta":{"advanced_seo_description":"","jetpack_seo_html_title":"","jetpack_seo_noindex":false,"jetpack_post_was_ever_published":false,"_jetpack_newsletter_access":"","_jetpack_dont_email_post_to_subs":false,"_jetpack_newsletter_tier_id":0,"_jetpack_memberships_contains_paywalled_content":false,"_jetpack_memberships_contains_paid_content":false,"footnotes":"","jetpack_publicize_message":"","jetpack_publicize_feature_enabled":true,"jetpack_social_post_already_shared":true,"jetpack_social_options":{"image_generator_settings":{"template":"highway","default_image_id":0,"font":"","enabled":false},"version":2}},"categories":[11],"tags":[],"class_list":["post-78162","post","type-post","status-publish","format-standard","has-post-thumbnail","hentry","category-noticias-de-ribeirao-preto-sp-e-regiao-ismael-colosi"],"jetpack_publicize_connections":[],"jetpack_featured_media_url":"https:\/\/i0.wp.com\/noticiasribeiraopreto.com.br\/wp-content\/uploads\/2025\/10\/18-ago-2025-motoqueiromaluco1.jpg?fit=709%2C368&ssl=1","jetpack-related-posts":[{"id":29795,"url":"https:\/\/noticiasribeiraopreto.com.br\/index.php\/2024\/01\/19\/atendente-e-sac-13\/","url_meta":{"origin":78162,"position":0},"title":"Atendente e SAC","author":"noticiasribeiraopreto.com.br","date":"19 de January de 2024","format":false,"excerpt":"Atendente e SAC Ribeir\u00e3o Preto (SP)View JobGerente de Marketing e Relacionamento Ribeir\u00e3o Preto e Regi\u00e3o View JobGerente Industrial \/ Produ\u00e7\u00e3o Regi\u00e3o do ABC \u2013 S\u00e3o Paulo View JobGerente de Vendas Externo S\u00e3o Paulo Capital e Grande S\u00e3o PauloView JobDIRETOR(A) DE SUSTENBALIDADE Ribeir\u00e3o Preto (SP)View JobCONTROLLER \u2013 INGL\u00caS FLUENTERibeir\u00e3o Preto (SP)View\u2026","rel":"","context":"In &quot;Vagas de Emprego em Ribeir\u00e3o Preto-SP&quot;","block_context":{"text":"Vagas de Emprego em Ribeir\u00e3o Preto-SP","link":"https:\/\/noticiasribeiraopreto.com.br\/index.php\/category\/empregos-classificados-vagas-trabalho\/vagas-de-empregos-em-ribeirao-preto-regiao-brasil\/"},"img":{"alt_text":"","src":"","width":0,"height":0},"classes":[]},{"id":31467,"url":"https:\/\/noticiasribeiraopreto.com.br\/index.php\/2024\/01\/22\/atendente-e-sac-14\/","url_meta":{"origin":78162,"position":1},"title":"Atendente e SAC","author":"noticiasribeiraopreto.com.br","date":"22 de January de 2024","format":false,"excerpt":"Atendente e SAC Ribeir\u00e3o Preto (SP)View JobGerente de Marketing e Relacionamento Ribeir\u00e3o Preto e Regi\u00e3o View JobGerente Industrial \/ Produ\u00e7\u00e3o Regi\u00e3o do ABC \u2013 S\u00e3o Paulo View JobGerente de Vendas Externo S\u00e3o Paulo Capital e Grande S\u00e3o PauloView JobDIRETOR(A) DE SUSTENBALIDADE Ribeir\u00e3o Preto (SP)View JobCONTROLLER \u2013 INGL\u00caS FLUENTERibeir\u00e3o Preto (SP)View\u2026","rel":"","context":"In &quot;Vagas de Emprego em Ribeir\u00e3o Preto-SP&quot;","block_context":{"text":"Vagas de Emprego em Ribeir\u00e3o Preto-SP","link":"https:\/\/noticiasribeiraopreto.com.br\/index.php\/category\/empregos-classificados-vagas-trabalho\/vagas-de-empregos-em-ribeirao-preto-regiao-brasil\/"},"img":{"alt_text":"","src":"","width":0,"height":0},"classes":[]},{"id":28656,"url":"https:\/\/noticiasribeiraopreto.com.br\/index.php\/2024\/01\/16\/atendente-e-sac-12\/","url_meta":{"origin":78162,"position":2},"title":"Atendente e SAC","author":"noticiasribeiraopreto.com.br","date":"16 de January de 2024","format":false,"excerpt":"Atendente e SAC Ribeir\u00e3o Preto (SP)View JobGerente de Marketing e Relacionamento Ribeir\u00e3o Preto e Regi\u00e3o View JobGerente Industrial \/ Produ\u00e7\u00e3o Regi\u00e3o do ABC \u2013 S\u00e3o Paulo View JobGerente de Vendas Externo S\u00e3o Paulo Capital e Grande S\u00e3o PauloView JobDIRETOR(A) DE SUSTENBALIDADE Ribeir\u00e3o Preto (SP)View JobCONTROLLER \u2013 INGL\u00caS FLUENTERibeir\u00e3o Preto (SP)View\u2026","rel":"","context":"In &quot;Vagas de Emprego em Ribeir\u00e3o Preto-SP&quot;","block_context":{"text":"Vagas de Emprego em Ribeir\u00e3o Preto-SP","link":"https:\/\/noticiasribeiraopreto.com.br\/index.php\/category\/empregos-classificados-vagas-trabalho\/vagas-de-empregos-em-ribeirao-preto-regiao-brasil\/"},"img":{"alt_text":"","src":"","width":0,"height":0},"classes":[]},{"id":23108,"url":"https:\/\/noticiasribeiraopreto.com.br\/index.php\/2024\/01\/01\/atendente-e-sac-8\/","url_meta":{"origin":78162,"position":3},"title":"Atendente e SAC","author":"noticiasribeiraopreto.com.br","date":"1 de January de 2024","format":false,"excerpt":"Atendente e SAC Ribeir\u00e3o Preto (SP)View JobGerente de Marketing e Relacionamento Ribeir\u00e3o Preto e Regi\u00e3o View JobGerente Industrial \/ Produ\u00e7\u00e3o Regi\u00e3o do ABC \u2013 S\u00e3o Paulo View JobGerente de Vendas Externo S\u00e3o Paulo Capital e Grande S\u00e3o PauloView JobDIRETOR(A) DE SUSTENBALIDADE Ribeir\u00e3o Preto (SP)View JobCONTROLLER \u2013 INGL\u00caS FLUENTERibeir\u00e3o Preto (SP)View\u2026","rel":"","context":"In &quot;Vagas de Emprego em Ribeir\u00e3o Preto-SP&quot;","block_context":{"text":"Vagas de Emprego em Ribeir\u00e3o Preto-SP","link":"https:\/\/noticiasribeiraopreto.com.br\/index.php\/category\/empregos-classificados-vagas-trabalho\/vagas-de-empregos-em-ribeirao-preto-regiao-brasil\/"},"img":{"alt_text":"","src":"","width":0,"height":0},"classes":[]},{"id":24424,"url":"https:\/\/noticiasribeiraopreto.com.br\/index.php\/2024\/01\/04\/atendente-e-sac-9\/","url_meta":{"origin":78162,"position":4},"title":"Atendente e SAC","author":"noticiasribeiraopreto.com.br","date":"4 de January de 2024","format":false,"excerpt":"Atendente e SAC Ribeir\u00e3o Preto (SP)View JobGerente de Marketing e Relacionamento Ribeir\u00e3o Preto e Regi\u00e3o View JobGerente Industrial \/ Produ\u00e7\u00e3o Regi\u00e3o do ABC \u2013 S\u00e3o Paulo View JobGerente de Vendas Externo S\u00e3o Paulo Capital e Grande S\u00e3o PauloView JobDIRETOR(A) DE SUSTENBALIDADE Ribeir\u00e3o Preto (SP)View JobCONTROLLER \u2013 INGL\u00caS FLUENTERibeir\u00e3o Preto (SP)View\u2026","rel":"","context":"In &quot;Vagas de Emprego em Ribeir\u00e3o Preto-SP&quot;","block_context":{"text":"Vagas de Emprego em Ribeir\u00e3o Preto-SP","link":"https:\/\/noticiasribeiraopreto.com.br\/index.php\/category\/empregos-classificados-vagas-trabalho\/vagas-de-empregos-em-ribeirao-preto-regiao-brasil\/"},"img":{"alt_text":"","src":"","width":0,"height":0},"classes":[]},{"id":26597,"url":"https:\/\/noticiasribeiraopreto.com.br\/index.php\/2024\/01\/10\/atendente-e-sac-10\/","url_meta":{"origin":78162,"position":5},"title":"Atendente e SAC","author":"noticiasribeiraopreto.com.br","date":"10 de January de 2024","format":false,"excerpt":"Atendente e SAC Ribeir\u00e3o Preto (SP)View JobGerente de Marketing e Relacionamento Ribeir\u00e3o Preto e Regi\u00e3o View JobGerente Industrial \/ Produ\u00e7\u00e3o Regi\u00e3o do ABC \u2013 S\u00e3o Paulo View JobGerente de Vendas Externo S\u00e3o Paulo Capital e Grande S\u00e3o PauloView JobDIRETOR(A) DE SUSTENBALIDADE Ribeir\u00e3o Preto (SP)View JobCONTROLLER \u2013 INGL\u00caS FLUENTERibeir\u00e3o Preto (SP)View\u2026","rel":"","context":"In &quot;Vagas de Emprego em Ribeir\u00e3o Preto-SP&quot;","block_context":{"text":"Vagas de Emprego em Ribeir\u00e3o Preto-SP","link":"https:\/\/noticiasribeiraopreto.com.br\/index.php\/category\/empregos-classificados-vagas-trabalho\/vagas-de-empregos-em-ribeirao-preto-regiao-brasil\/"},"img":{"alt_text":"","src":"","width":0,"height":0},"classes":[]}],"jetpack_sharing_enabled":true,"jetpack_shortlink":"https:\/\/wp.me\/peQAOb-kkG","_links":{"self":[{"href":"https:\/\/noticiasribeiraopreto.com.br\/index.php\/wp-json\/wp\/v2\/posts\/78162","targetHints":{"allow":["GET"]}}],"collection":[{"href":"https:\/\/noticiasribeiraopreto.com.br\/index.php\/wp-json\/wp\/v2\/posts"}],"about":[{"href":"https:\/\/noticiasribeiraopreto.com.br\/index.php\/wp-json\/wp\/v2\/types\/post"}],"author":[{"embeddable":true,"href":"https:\/\/noticiasribeiraopreto.com.br\/index.php\/wp-json\/wp\/v2\/users\/1"}],"replies":[{"embeddable":true,"href":"https:\/\/noticiasribeiraopreto.com.br\/index.php\/wp-json\/wp\/v2\/comments?post=78162"}],"version-history":[{"count":0,"href":"https:\/\/noticiasribeiraopreto.com.br\/index.php\/wp-json\/wp\/v2\/posts\/78162\/revisions"}],"wp:featuredmedia":[{"embeddable":true,"href":"https:\/\/noticiasribeiraopreto.com.br\/index.php\/wp-json\/wp\/v2\/media\/78163"}],"wp:attachment":[{"href":"https:\/\/noticiasribeiraopreto.com.br\/index.php\/wp-json\/wp\/v2\/media?parent=78162"}],"wp:term":[{"taxonomy":"category","embeddable":true,"href":"https:\/\/noticiasribeiraopreto.com.br\/index.php\/wp-json\/wp\/v2\/categories?post=78162"},{"taxonomy":"post_tag","embeddable":true,"href":"https:\/\/noticiasribeiraopreto.com.br\/index.php\/wp-json\/wp\/v2\/tags?post=78162"}],"curies":[{"name":"wp","href":"https:\/\/api.w.org\/{rel}","templated":true}]}}