{"id":78164,"date":"2025-10-03T11:38:58","date_gmt":"2025-10-03T14:38:58","guid":{"rendered":"https:\/\/noticiasribeiraopreto.com.br\/index.php\/2025\/10\/03\/saude-envia-ampolas-de-antidoto-contra-metanol-para-o-hc-ribeirao-preto\/"},"modified":"2025-10-03T11:38:58","modified_gmt":"2025-10-03T14:38:58","slug":"saude-envia-ampolas-de-antidoto-contra-metanol-para-o-hc-ribeirao-preto","status":"publish","type":"post","link":"https:\/\/noticiasribeiraopreto.com.br\/index.php\/2025\/10\/03\/saude-envia-ampolas-de-antidoto-contra-metanol-para-o-hc-ribeirao-preto\/","title":{"rendered":"Sa\u00fade envia ampolas de ant\u00eddoto contra metanol para o HC Ribeir\u00e3o Preto"},"content":{"rendered":"<div class='code-block code-block-1' style='margin: 8px 0 8px auto; text-align: right; display: block; clear: both;'>\n<p><a href=\"https:\/\/wa.link\/vpicfd\"><img data-recalc-dims=\"1\" class=\"wp-image-4922\" style=\"aspect-ratio: 2.0253164556962027; width: 561px; height: auto;\" src=\"https:\/\/i0.wp.com\/ismaelcolosi.com.br\/wp-content\/uploads\/2023\/11\/grupo-de-empregos-whatsapp-e-facebook-ismael-colosi-vagas.jpg?ssl=1\" alt=\"\" \/><\/a><\/p>\n<!-- \/wp:image -->\n<\/div>\n<p> <br \/>\n<\/p>\n<div>\n<p>A<strong> Secretaria de Estado da Sa\u00fade de S\u00e3o Paulo<\/strong> informou que vai enviar, a partir desta sexta-feira (3), ampolas de<strong> \u00e1lcool et\u00edlico<\/strong>, o ant\u00eddoto contra o metanol, para o<strong> Hospital das Cl\u00ednicas de Ribeir\u00e3o Preto<\/strong>, um dos centros de refer\u00eancia, junto com os Hospitais das Cl\u00ednicas de Campinas e de S\u00e3o Paulo.<\/p>\n<p>Conforme nota t\u00e9cnica do Centro de Vigil\u00e2ncia Epidemiol\u00f3gica de S\u00e3o Paulo, compartilhada com os 645 munic\u00edpios e equipamentos de sa\u00fade, \u00e9 necess\u00e1rio que os servi\u00e7os de sa\u00fade entrem em contato com os centros de refer\u00eancia com c\u00f3pia da ficha de notifica\u00e7\u00e3o do caso relacionado ao consumo de metanol.<\/p>\n<p>Ao todo, foram adquiridas 2 mil novas ampolas de \u00e1lcool et\u00edlico absoluto para o tratamento de pacientes com intoxica\u00e7\u00e3o por metanol. Al\u00e9m desse refor\u00e7o, j\u00e1 havia 500 unidades em estoque nos servi\u00e7os de refer\u00eancia do Estado, assegurando a manuten\u00e7\u00e3o de uma reserva adequada para atender necessidades assistenciais.<\/p>\n<p>\u201cAs primeiras horas ap\u00f3s a ingest\u00e3o de bebida alco\u00f3lica contaminada s\u00e3o decisivas para salvar vidas e o Estado de S\u00e3o Paulo est\u00e1 preparado com estoque do ant\u00eddoto contra intoxica\u00e7\u00e3o por metanol\u201d, ressaltou o secret\u00e1rio de Estado da Sa\u00fade, Eleuses Paiva.<\/p>\n<h2 class=\"wp-block-heading\"><strong>Estrutura laboratorial<\/strong><\/h2>\n<p>Al\u00e9m do ant\u00eddoto, a rede estadual refor\u00e7ou a estrutura laboratorial para confirmar a presen\u00e7a da subst\u00e2ncia no organismo.<\/p>\n<p>O novo protocolo do Estado prev\u00ea que as amostras de sangue ou urina coletadas em casos suspeitos sejam analisadas em at\u00e9 uma hora pelo Laborat\u00f3rio de Toxicologia Anal\u00edtica Forense (LATOF) do Departamento de Qu\u00edmica da Universidade de S\u00e3o Paulo de Ribeir\u00e3o Preto, por meio de cromatografia gasosa, m\u00e9todo considerado padr\u00e3o ouro para detec\u00e7\u00e3o de metanol.<\/p>\n<p>A coleta \u00e9 feita nas unidades de sa\u00fade e o Instituto Adolfo Lutz coordena a log\u00edstica de transporte das amostras at\u00e9 o laborat\u00f3rio.<\/p>\n<p>De acordo com a Secretaria da Sa\u00fade, o Estado j\u00e1 confirmou, at\u00e9 esta quinta (2), 11 casos de intoxica\u00e7\u00e3o por metanol, incluindo um \u00f3bito. Para enfrentar a cen\u00e1rio, o governo paulista mant\u00e9m um gabinete de crise e a\u00e7\u00f5es conjuntas entre as secretarias da Sa\u00fade, Seguran\u00e7a P\u00fablica, Fazenda e Justi\u00e7a.<\/p>\n<p>SAIBA MAIS<br \/>USP Ribeir\u00e3o Preto tem 39 pesquisadores entre os mais influentes do mundo; Veja quem s\u00e3o<\/p>\n<h2 class=\"wp-block-heading\"><strong>FIQUE ON<\/strong><\/h2>\n<p>Fique ligado em tudo que acontece em Ribeir\u00e3o Preto e regi\u00e3o. Siga os perfis do\u00a0<strong>acidade on<\/strong>\u00a0no<a href=\"https:\/\/www.instagram.com\/acidadeonribeirao\" data-type=\"link\" data-id=\"https:\/\/www.instagram.com\/acidadeonribeirao\" target=\"_blank\" rel=\"noopener\">\u00a0Instagram<\/a>\u00a0e no<a href=\"https:\/\/www.facebook.com\/acidadeonribeirao\/\" data-type=\"link\" data-id=\"https:\/\/www.facebook.com\/acidadeonribeirao\/\" target=\"_blank\" rel=\"noopener\">\u00a0Facebook<\/a>.<\/p>\n<p>Receba not\u00edcias do<strong>\u00a0acidade on<\/strong>\u00a0no WhatsApp. Para entrar no grupo,\u00a0basta <a href=\"https:\/\/chat.whatsapp.com\/I4nieTEMKlf50pJ28aMemC?mode=ac_t\" data-type=\"link\" data-id=\"https:\/\/chat.whatsapp.com\/I4nieTEMKlf50pJ28aMemC?mode=ac_t\" target=\"_blank\" rel=\"noopener\">clicar aqui<\/a>. Ou, acesse o nosso<a href=\"https:\/\/whatsapp.com\/channel\/0029Vb6IQl1JENyAeS57fk2p\" data-type=\"link\" data-id=\"https:\/\/whatsapp.com\/channel\/0029Vb6IQl1JENyAeS57fk2p\" target=\"_blank\" rel=\"noopener\">\u00a0Canal clicando aqui<\/a>.<\/p>\n<p>Fa\u00e7a uma den\u00fancia ou sugira uma reportagem sobre Ribeir\u00e3o Preto e regi\u00e3o pelo WhatsApp: 16 99117 7802.<\/p>\n<p>VEJA TAMB\u00c9M<br \/>Qual \u00e9 a pena para falsifica\u00e7\u00e3o de bebidas alco\u00f3licas?<\/p>\n<p><!-- AI CONTENT END 1 -->\n<\/div>\n<p><script async src=\"\/\/www.instagram.com\/embed.js\"><\/script><br \/>\n<br \/><br \/>\n<br \/><a href=\"https:\/\/www.acidadeon.com\/ribeiraopreto\/cotidiano\/saude-envia-ampolas-de-antidoto-contra-metanol-para-o-hc-ribeirao-preto\/\">Source link <\/a><\/p>\n<!-- CONTENT END 1 -->\n","protected":false},"excerpt":{"rendered":"<p>A Secretaria de Estado da Sa\u00fade de S\u00e3o Paulo informou que vai enviar, a partir desta sexta-feira (3), ampolas de \u00e1lcool et\u00edlico, o ant\u00eddoto contra&#8230;<\/p>\n","protected":false},"author":1,"featured_media":74244,"comment_status":"open","ping_status":"open","sticky":false,"template":"","format":"standard","meta":{"advanced_seo_description":"","jetpack_seo_html_title":"","jetpack_seo_noindex":false,"jetpack_post_was_ever_published":false,"_jetpack_newsletter_access":"","_jetpack_dont_email_post_to_subs":false,"_jetpack_newsletter_tier_id":0,"_jetpack_memberships_contains_paywalled_content":false,"_jetpack_memberships_contains_paid_content":false,"footnotes":"","jetpack_publicize_message":"","jetpack_publicize_feature_enabled":true,"jetpack_social_post_already_shared":true,"jetpack_social_options":{"image_generator_settings":{"template":"highway","default_image_id":0,"font":"","enabled":false},"version":2}},"categories":[11],"tags":[],"class_list":["post-78164","post","type-post","status-publish","format-standard","has-post-thumbnail","hentry","category-noticias-de-ribeirao-preto-sp-e-regiao-ismael-colosi"],"jetpack_publicize_connections":[],"jetpack_featured_media_url":"https:\/\/i0.wp.com\/noticiasribeiraopreto.com.br\/wp-content\/uploads\/2025\/07\/Copia-de-Copia-de-TAMANHO-EXATO-PARA-FOTOS-NO-SISTEMA-NOVO_2024-07-10_14-29-47_jpg_2024-07-10_14-29-47.webp.webp?fit=1200%2C675&ssl=1","jetpack-related-posts":[{"id":78336,"url":"https:\/\/noticiasribeiraopreto.com.br\/index.php\/2025\/10\/08\/hospital-das-clinicas-de-ribeirao-preto-descarta-suspeitas-de-intoxicacao-por-metanol\/","url_meta":{"origin":78164,"position":0},"title":"Hospital das Cl\u00ednicas de Ribeir\u00e3o Preto descarta suspeitas de intoxica\u00e7\u00e3o por metanol","author":"noticiasribeiraopreto.com.br","date":"8 de October de 2025","format":false,"excerpt":"O Hospital das Cl\u00ednicas de Ribeir\u00e3o Preto informou, na tarde desta sexta-feira (3), que dois casos suspeitos de intoxica\u00e7\u00e3o por metanol foram descartados. Segundo a institui\u00e7\u00e3o, os exames realizados nas amostras de sangue dos pacientes n\u00e3o identificaram a presen\u00e7a da subst\u00e2ncia. O HC tamb\u00e9m atualizou as an\u00e1lises relacionadas \u00e0s mortes\u2026","rel":"","context":"In &quot;Not\u00edcias de Ribeir\u00e3o Preto-SP e Regi\u00e3o&quot;","block_context":{"text":"Not\u00edcias de Ribeir\u00e3o Preto-SP e Regi\u00e3o","link":"https:\/\/noticiasribeiraopreto.com.br\/index.php\/category\/noticias-de-ribeirao-preto-sp-e-regiao-ismael-colosi\/"},"img":{"alt_text":"","src":"https:\/\/i0.wp.com\/noticiasribeiraopreto.com.br\/wp-content\/uploads\/2025\/10\/Copia-de-Copia-de-TAMANHO-EXATO-PARA-FOTOS-NO-SISTEMA-NOVO-2_2024-05-12_20-35-47_jpg_2024-05-12_20-35-47.webp.webp?fit=1200%2C675&ssl=1&resize=350%2C200","width":350,"height":200,"srcset":"https:\/\/i0.wp.com\/noticiasribeiraopreto.com.br\/wp-content\/uploads\/2025\/10\/Copia-de-Copia-de-TAMANHO-EXATO-PARA-FOTOS-NO-SISTEMA-NOVO-2_2024-05-12_20-35-47_jpg_2024-05-12_20-35-47.webp.webp?fit=1200%2C675&ssl=1&resize=350%2C200 1x, https:\/\/i0.wp.com\/noticiasribeiraopreto.com.br\/wp-content\/uploads\/2025\/10\/Copia-de-Copia-de-TAMANHO-EXATO-PARA-FOTOS-NO-SISTEMA-NOVO-2_2024-05-12_20-35-47_jpg_2024-05-12_20-35-47.webp.webp?fit=1200%2C675&ssl=1&resize=525%2C300 1.5x, https:\/\/i0.wp.com\/noticiasribeiraopreto.com.br\/wp-content\/uploads\/2025\/10\/Copia-de-Copia-de-TAMANHO-EXATO-PARA-FOTOS-NO-SISTEMA-NOVO-2_2024-05-12_20-35-47_jpg_2024-05-12_20-35-47.webp.webp?fit=1200%2C675&ssl=1&resize=700%2C400 2x, https:\/\/i0.wp.com\/noticiasribeiraopreto.com.br\/wp-content\/uploads\/2025\/10\/Copia-de-Copia-de-TAMANHO-EXATO-PARA-FOTOS-NO-SISTEMA-NOVO-2_2024-05-12_20-35-47_jpg_2024-05-12_20-35-47.webp.webp?fit=1200%2C675&ssl=1&resize=1050%2C600 3x"},"classes":[]},{"id":78180,"url":"https:\/\/noticiasribeiraopreto.com.br\/index.php\/2025\/10\/03\/hc-ribeirao-preto-descarta-caso-suspeito-de-intoxicacao-por-metanol\/","url_meta":{"origin":78164,"position":1},"title":"HC Ribeir\u00e3o Preto descarta caso suspeito de intoxica\u00e7\u00e3o por metanol","author":"noticiasribeiraopreto.com.br","date":"3 de October de 2025","format":false,"excerpt":"O Hospital das Cl\u00ednicas de Ribeir\u00e3o Preto informou na tarde desta sexta-feira (3) que o paciente de Barrinha, que havia sido internado por suspeita de intoxica\u00e7\u00e3o por metanol, teve o diagn\u00f3stico descartado e j\u00e1 recebeu alta. Contudo, o hospital informou que ainda investiga a situa\u00e7\u00e3o de um segundo paciente sob\u2026","rel":"","context":"In &quot;Not\u00edcias de Ribeir\u00e3o Preto-SP e Regi\u00e3o&quot;","block_context":{"text":"Not\u00edcias de Ribeir\u00e3o Preto-SP e Regi\u00e3o","link":"https:\/\/noticiasribeiraopreto.com.br\/index.php\/category\/noticias-de-ribeirao-preto-sp-e-regiao-ismael-colosi\/"},"img":{"alt_text":"","src":"https:\/\/i0.wp.com\/noticiasribeiraopreto.com.br\/wp-content\/uploads\/2025\/09\/vodka-metanol_2025-09-27_18-26-58.webp.webp?fit=1200%2C800&ssl=1&resize=350%2C200","width":350,"height":200,"srcset":"https:\/\/i0.wp.com\/noticiasribeiraopreto.com.br\/wp-content\/uploads\/2025\/09\/vodka-metanol_2025-09-27_18-26-58.webp.webp?fit=1200%2C800&ssl=1&resize=350%2C200 1x, https:\/\/i0.wp.com\/noticiasribeiraopreto.com.br\/wp-content\/uploads\/2025\/09\/vodka-metanol_2025-09-27_18-26-58.webp.webp?fit=1200%2C800&ssl=1&resize=525%2C300 1.5x, https:\/\/i0.wp.com\/noticiasribeiraopreto.com.br\/wp-content\/uploads\/2025\/09\/vodka-metanol_2025-09-27_18-26-58.webp.webp?fit=1200%2C800&ssl=1&resize=700%2C400 2x, https:\/\/i0.wp.com\/noticiasribeiraopreto.com.br\/wp-content\/uploads\/2025\/09\/vodka-metanol_2025-09-27_18-26-58.webp.webp?fit=1200%2C800&ssl=1&resize=1050%2C600 3x"},"classes":[]},{"id":78168,"url":"https:\/\/noticiasribeiraopreto.com.br\/index.php\/2025\/10\/03\/hc-recebe-antidoto-contra-metanol\/","url_meta":{"origin":78164,"position":2},"title":"HC recebe ant\u00eddoto contra metanol","author":"noticiasribeiraopreto.com.br","date":"3 de October de 2025","format":false,"excerpt":"Casos suspeitos de intoxica\u00e7\u00e3o por metanol ser\u00e3o analisados em at\u00e9 uma hora por laborat\u00f3rio do Departamento de Qu\u00edmica da USP de Ribeir\u00e3o Preto A Secretaria de Estado da Sa\u00fade de S\u00e3o Paulo disponibilizou nesta sexta-feira, 3 de outubro, 2.000 novas ampolas de \u00e1lcool et\u00edlico absoluto para o tratamento de pacientes\u2026","rel":"","context":"In &quot;Not\u00edcias de Ribeir\u00e3o Preto-SP e Regi\u00e3o&quot;","block_context":{"text":"Not\u00edcias de Ribeir\u00e3o Preto-SP e Regi\u00e3o","link":"https:\/\/noticiasribeiraopreto.com.br\/index.php\/category\/noticias-de-ribeirao-preto-sp-e-regiao-ismael-colosi\/"},"img":{"alt_text":"","src":"https:\/\/i0.wp.com\/noticiasribeiraopreto.com.br\/wp-content\/uploads\/2025\/10\/hc.jpeg?fit=1117%2C581&ssl=1&resize=350%2C200","width":350,"height":200,"srcset":"https:\/\/i0.wp.com\/noticiasribeiraopreto.com.br\/wp-content\/uploads\/2025\/10\/hc.jpeg?fit=1117%2C581&ssl=1&resize=350%2C200 1x, https:\/\/i0.wp.com\/noticiasribeiraopreto.com.br\/wp-content\/uploads\/2025\/10\/hc.jpeg?fit=1117%2C581&ssl=1&resize=525%2C300 1.5x, https:\/\/i0.wp.com\/noticiasribeiraopreto.com.br\/wp-content\/uploads\/2025\/10\/hc.jpeg?fit=1117%2C581&ssl=1&resize=700%2C400 2x, https:\/\/i0.wp.com\/noticiasribeiraopreto.com.br\/wp-content\/uploads\/2025\/10\/hc.jpeg?fit=1117%2C581&ssl=1&resize=1050%2C600 3x"},"classes":[]},{"id":78508,"url":"https:\/\/noticiasribeiraopreto.com.br\/index.php\/2025\/10\/12\/entenda-o-passo-a-passo-de-como-e-feita-a-analise-laboratorial-de-intoxicacao-por-metanol-em-ribeirao\/","url_meta":{"origin":78164,"position":3},"title":"Entenda o passo a passo de como \u00e9 feita a an\u00e1lise laboratorial de intoxica\u00e7\u00e3o por metanol em Ribeir\u00e3o","author":"noticiasribeiraopreto.com.br","date":"12 de October de 2025","format":false,"excerpt":"Em Ribeir\u00e3o Preto, o Latof-USP (Laborat\u00f3rio de Toxicologia Anal\u00edtica Forense da Universidade de S\u00e3o Paulo) desempenha papel central na confirma\u00e7\u00e3o ou descarte de casos de intoxica\u00e7\u00e3o por metanol entre pacientes de todo o estado de S\u00e3o Paulo. At\u00e9 a \u00faltima sexta-feira (10), 189 casos foram descartados ap\u00f3s an\u00e1lises cl\u00ednicas, enquanto\u2026","rel":"","context":"In &quot;Not\u00edcias de Ribeir\u00e3o Preto-SP e Regi\u00e3o&quot;","block_context":{"text":"Not\u00edcias de Ribeir\u00e3o Preto-SP e Regi\u00e3o","link":"https:\/\/noticiasribeiraopreto.com.br\/index.php\/category\/noticias-de-ribeirao-preto-sp-e-regiao-ismael-colosi\/"},"img":{"alt_text":"","src":"https:\/\/i0.wp.com\/noticiasribeiraopreto.com.br\/wp-content\/uploads\/2025\/10\/PIC-03-1024x578-1_2025-10-12_15-07-08.webp.webp?fit=1024%2C578&ssl=1&resize=350%2C200","width":350,"height":200,"srcset":"https:\/\/i0.wp.com\/noticiasribeiraopreto.com.br\/wp-content\/uploads\/2025\/10\/PIC-03-1024x578-1_2025-10-12_15-07-08.webp.webp?fit=1024%2C578&ssl=1&resize=350%2C200 1x, https:\/\/i0.wp.com\/noticiasribeiraopreto.com.br\/wp-content\/uploads\/2025\/10\/PIC-03-1024x578-1_2025-10-12_15-07-08.webp.webp?fit=1024%2C578&ssl=1&resize=525%2C300 1.5x, https:\/\/i0.wp.com\/noticiasribeiraopreto.com.br\/wp-content\/uploads\/2025\/10\/PIC-03-1024x578-1_2025-10-12_15-07-08.webp.webp?fit=1024%2C578&ssl=1&resize=700%2C400 2x"},"classes":[]},{"id":78214,"url":"https:\/\/noticiasribeiraopreto.com.br\/index.php\/2025\/10\/04\/jovem-da-regiao-de-ribeirao-morre-e-caso-e-investigado-por-suspeita-de-intoxicacao-por-metanol\/","url_meta":{"origin":78164,"position":4},"title":"Jovem da regi\u00e3o de Ribeir\u00e3o morre e caso \u00e9 investigado por suspeita de intoxica\u00e7\u00e3o por metanol","author":"noticiasribeiraopreto.com.br","date":"4 de October de 2025","format":false,"excerpt":"O estado de S\u00e3o Paulo informou que oito mortes s\u00e3o investigadas por suspeita de intoxica\u00e7\u00e3o por metanol nesta sexta-feira (3). Entre os casos, est\u00e1 um jovem de 27 anos de Cajuru, cidade da regi\u00e3o de Ribeir\u00e3o Preto. Segundo apura\u00e7\u00e3o da EPTV, a v\u00edtima morreu em 27 de setembro e, de\u2026","rel":"","context":"In &quot;Not\u00edcias de Ribeir\u00e3o Preto-SP e Regi\u00e3o&quot;","block_context":{"text":"Not\u00edcias de Ribeir\u00e3o Preto-SP e Regi\u00e3o","link":"https:\/\/noticiasribeiraopreto.com.br\/index.php\/category\/noticias-de-ribeirao-preto-sp-e-regiao-ismael-colosi\/"},"img":{"alt_text":"","src":"https:\/\/i0.wp.com\/noticiasribeiraopreto.com.br\/wp-content\/uploads\/2025\/10\/male-bartender-serving-glass-clear-drink_2025-10-04_19-54-13.webp.webp?fit=1200%2C900&ssl=1&resize=350%2C200","width":350,"height":200,"srcset":"https:\/\/i0.wp.com\/noticiasribeiraopreto.com.br\/wp-content\/uploads\/2025\/10\/male-bartender-serving-glass-clear-drink_2025-10-04_19-54-13.webp.webp?fit=1200%2C900&ssl=1&resize=350%2C200 1x, https:\/\/i0.wp.com\/noticiasribeiraopreto.com.br\/wp-content\/uploads\/2025\/10\/male-bartender-serving-glass-clear-drink_2025-10-04_19-54-13.webp.webp?fit=1200%2C900&ssl=1&resize=525%2C300 1.5x, https:\/\/i0.wp.com\/noticiasribeiraopreto.com.br\/wp-content\/uploads\/2025\/10\/male-bartender-serving-glass-clear-drink_2025-10-04_19-54-13.webp.webp?fit=1200%2C900&ssl=1&resize=700%2C400 2x, https:\/\/i0.wp.com\/noticiasribeiraopreto.com.br\/wp-content\/uploads\/2025\/10\/male-bartender-serving-glass-clear-drink_2025-10-04_19-54-13.webp.webp?fit=1200%2C900&ssl=1&resize=1050%2C600 3x"},"classes":[]},{"id":78246,"url":"https:\/\/noticiasribeiraopreto.com.br\/index.php\/2025\/10\/07\/secretaria-de-saude-de-cidade-na-regiao-de-ribeirao-investiga-nova-morte-suspeita-de-intoxicacao-por-metanol\/","url_meta":{"origin":78164,"position":5},"title":"Secretaria de Sa\u00fade de cidade na regi\u00e3o de Ribeir\u00e3o investiga nova morte suspeita de intoxica\u00e7\u00e3o por metanol","author":"noticiasribeiraopreto.com.br","date":"7 de October de 2025","format":false,"excerpt":"A Secretaria de Sa\u00fade de Cajuru, cidade na regi\u00e3o de Ribeir\u00e3o Preto, investiga uma nova morte por suspeita de intoxica\u00e7\u00e3o por metanol. A informa\u00e7\u00e3o foi divulgada nesta segunda-feira (6). De acordo com as informa\u00e7\u00f5es da EPTV, a v\u00edtima \u00e9 uma mulher de 42 anos que foi encontrada morta dentro de\u2026","rel":"","context":"In &quot;Not\u00edcias de Ribeir\u00e3o Preto-SP e Regi\u00e3o&quot;","block_context":{"text":"Not\u00edcias de Ribeir\u00e3o Preto-SP e Regi\u00e3o","link":"https:\/\/noticiasribeiraopreto.com.br\/index.php\/category\/noticias-de-ribeirao-preto-sp-e-regiao-ismael-colosi\/"},"img":{"alt_text":"","src":"https:\/\/i0.wp.com\/noticiasribeiraopreto.com.br\/wp-content\/uploads\/2025\/10\/Copia-de-Copia-de-Copia-de-TAMANHO-EXATO-PARA-FOTOS-NO-SISTEMA-NOVO-2025-10-06T204623.707_2025-10-06_23-53-28.webp.webp?fit=1200%2C675&ssl=1&resize=350%2C200","width":350,"height":200,"srcset":"https:\/\/i0.wp.com\/noticiasribeiraopreto.com.br\/wp-content\/uploads\/2025\/10\/Copia-de-Copia-de-Copia-de-TAMANHO-EXATO-PARA-FOTOS-NO-SISTEMA-NOVO-2025-10-06T204623.707_2025-10-06_23-53-28.webp.webp?fit=1200%2C675&ssl=1&resize=350%2C200 1x, https:\/\/i0.wp.com\/noticiasribeiraopreto.com.br\/wp-content\/uploads\/2025\/10\/Copia-de-Copia-de-Copia-de-TAMANHO-EXATO-PARA-FOTOS-NO-SISTEMA-NOVO-2025-10-06T204623.707_2025-10-06_23-53-28.webp.webp?fit=1200%2C675&ssl=1&resize=525%2C300 1.5x, https:\/\/i0.wp.com\/noticiasribeiraopreto.com.br\/wp-content\/uploads\/2025\/10\/Copia-de-Copia-de-Copia-de-TAMANHO-EXATO-PARA-FOTOS-NO-SISTEMA-NOVO-2025-10-06T204623.707_2025-10-06_23-53-28.webp.webp?fit=1200%2C675&ssl=1&resize=700%2C400 2x, https:\/\/i0.wp.com\/noticiasribeiraopreto.com.br\/wp-content\/uploads\/2025\/10\/Copia-de-Copia-de-Copia-de-TAMANHO-EXATO-PARA-FOTOS-NO-SISTEMA-NOVO-2025-10-06T204623.707_2025-10-06_23-53-28.webp.webp?fit=1200%2C675&ssl=1&resize=1050%2C600 3x"},"classes":[]}],"jetpack_sharing_enabled":true,"jetpack_shortlink":"https:\/\/wp.me\/peQAOb-kkI","_links":{"self":[{"href":"https:\/\/noticiasribeiraopreto.com.br\/index.php\/wp-json\/wp\/v2\/posts\/78164","targetHints":{"allow":["GET"]}}],"collection":[{"href":"https:\/\/noticiasribeiraopreto.com.br\/index.php\/wp-json\/wp\/v2\/posts"}],"about":[{"href":"https:\/\/noticiasribeiraopreto.com.br\/index.php\/wp-json\/wp\/v2\/types\/post"}],"author":[{"embeddable":true,"href":"https:\/\/noticiasribeiraopreto.com.br\/index.php\/wp-json\/wp\/v2\/users\/1"}],"replies":[{"embeddable":true,"href":"https:\/\/noticiasribeiraopreto.com.br\/index.php\/wp-json\/wp\/v2\/comments?post=78164"}],"version-history":[{"count":0,"href":"https:\/\/noticiasribeiraopreto.com.br\/index.php\/wp-json\/wp\/v2\/posts\/78164\/revisions"}],"wp:featuredmedia":[{"embeddable":true,"href":"https:\/\/noticiasribeiraopreto.com.br\/index.php\/wp-json\/wp\/v2\/media\/74244"}],"wp:attachment":[{"href":"https:\/\/noticiasribeiraopreto.com.br\/index.php\/wp-json\/wp\/v2\/media?parent=78164"}],"wp:term":[{"taxonomy":"category","embeddable":true,"href":"https:\/\/noticiasribeiraopreto.com.br\/index.php\/wp-json\/wp\/v2\/categories?post=78164"},{"taxonomy":"post_tag","embeddable":true,"href":"https:\/\/noticiasribeiraopreto.com.br\/index.php\/wp-json\/wp\/v2\/tags?post=78164"}],"curies":[{"name":"wp","href":"https:\/\/api.w.org\/{rel}","templated":true}]}}