{"id":78165,"date":"2025-10-03T11:46:21","date_gmt":"2025-10-03T14:46:21","guid":{"rendered":"https:\/\/noticiasribeiraopreto.com.br\/index.php\/2025\/10\/03\/mp-denuncia-pai-que-postava-filho-de-10-anos-em-manobras-com-moto\/"},"modified":"2025-10-03T11:46:21","modified_gmt":"2025-10-03T14:46:21","slug":"mp-denuncia-pai-que-postava-filho-de-10-anos-em-manobras-com-moto","status":"publish","type":"post","link":"https:\/\/noticiasribeiraopreto.com.br\/index.php\/2025\/10\/03\/mp-denuncia-pai-que-postava-filho-de-10-anos-em-manobras-com-moto\/","title":{"rendered":"MP denuncia pai que postava filho de 10 anos em manobras com moto"},"content":{"rendered":"<div class='code-block code-block-1' style='margin: 8px 0 8px auto; text-align: right; display: block; clear: both;'>\n<p><a href=\"https:\/\/wa.link\/vpicfd\"><img data-recalc-dims=\"1\" class=\"wp-image-4922\" style=\"aspect-ratio: 2.0253164556962027; width: 561px; height: auto;\" src=\"https:\/\/i0.wp.com\/ismaelcolosi.com.br\/wp-content\/uploads\/2023\/11\/grupo-de-empregos-whatsapp-e-facebook-ismael-colosi-vagas.jpg?ssl=1\" alt=\"\" \/><\/a><\/p>\n<!-- \/wp:image -->\n<\/div>\n<p> <br \/>\n<\/p>\n<div data-td-block-uid=\"tdi_95\">\n<div class=\"tdb-block-inner td-fix-index\">\n<p><strong>O Minist\u00e9rio P\u00fablico (MP) denunciou ao Juizado Especial Criminal o homem que gravava e postava v\u00eddeos do filho de 10 anos, durante manobras perigosas com moto em Ribeir\u00e3o Preto, conhecidas com grau.<\/strong> <strong>Luiz Dias Filho<\/strong> pode <strong>responder <\/strong>por <strong>maus-tratos e corrup\u00e7\u00e3o de menores<\/strong>, segundo a <strong>den\u00fancia <\/strong>confirmada nesta quinta-feira (2) pelo <strong>promotor Paulo Jos\u00e9 Freire Teot\u00f4nio<\/strong>.<\/p>\n<p><mark style=\"background-color:#fcb900\" class=\"has-inline-color has-black-color\">O promotor disse que, com base nos v\u00eddeos, outros crimes foram relacionados ao pai da crian\u00e7a.<\/mark> Inicialmente, a <strong>infra\u00e7\u00e3o <\/strong>atribu\u00edda ao homem pela <strong>Pol\u00edcia Civil<\/strong> seria a de <strong>entregar dire\u00e7\u00e3o de um ve\u00edculo a pessoa n\u00e3o habilitada<\/strong>.<\/p>\n<figure class=\"wp-block-pullquote\">\n<blockquote>\n<p>Pelo que a gente estudou, n\u00e3o \u00e9 s\u00f3 isso. N\u00f3s temos ali maus-tratos e corrup\u00e7\u00e3o de menores, porque o pai influenciou para que o filho cometesse a infra\u00e7\u00e3o. N\u00e3o que o filho estava sujeito a infra\u00e7\u00e3o, mas o pai, ao fazer isso, corrompeu o filho <\/p>\n<p><cite><strong>Promotor Paulo Jos\u00e9 Freire Teot\u00f4nio<\/strong><\/cite><\/p><\/blockquote>\n<\/figure>\n<p>O promotor tamb\u00e9m disse que investiga o fato de o homem monetizar o conte\u00fado nas redes sociais.<\/p>\n<p>A crian\u00e7a soma mais de 500 mil seguidores.<\/p>\n<h3 class=\"wp-block-heading\"><strong>O caso<\/strong><\/h3>\n<p>Em agosto deste ano, agentes da RP Mobi e GCM (Guarda Civil Metropolitana) apreenderam uma moto que estava sendo conduzida por um menino de 10 anos enquanto fazia manobras em Bonfim Paulista, distrito de Ribeir\u00e3o Preto.<\/p>\n<p>Na ocasi\u00e3o, a crian\u00e7a obedeceu \u00e0 ordem de parada e disse aos agentes que o pai filmava as manobras para produzir conte\u00fado na internet. O pai estava pr\u00f3ximo, disse que era influenciador e confirmou que postava as imagens nas redes sociais.<\/p>\n<h4 class=\"wp-block-heading\"><strong>Outro lado<\/strong><\/h4>\n<p>A produ\u00e7\u00e3o da EPTV procurou a defesa do pai da crian\u00e7a, mas ainda n\u00e3o obteve retorno. (Com EPTV)<\/p>\n<p>SAIBA MAIS<\/p>\n<p>Ladr\u00f5es abordam motociclista em sem\u00e1foro e roubam moto em Ribeir\u00e3o Preto<\/p>\n<h5 class=\"wp-block-heading\"><strong>FIQUE ON<\/strong><\/h5>\n<p>Fique ligado em tudo que acontece em Ribeir\u00e3o Preto e regi\u00e3o. Siga os perfis do<strong>\u00a0acidade on<\/strong>\u00a0no<a href=\"https:\/\/www.instagram.com\/acidadeonribeirao\" target=\"_blank\" rel=\"noreferrer noopener\">\u00a0Instagram<\/a>\u00a0e no\u00a0<a href=\"https:\/\/www.facebook.com\/acidadeonribeirao\/\" target=\"_blank\" rel=\"noreferrer noopener\">Facebook<\/a>.<\/p>\n<p>Receba not\u00edcias do<strong>\u00a0acidade on\u00a0<\/strong>no WhatsApp. Para entrar no grupo,\u00a0basta<a href=\"https:\/\/chat.whatsapp.com\/I4nieTEMKlf50pJ28aMemC?mode=ac_t\" target=\"_blank\" rel=\"noreferrer noopener\">\u00a0clicar aqui<\/a>. Ou, acesse o nosso\u00a0Canal\u00a0<a href=\"https:\/\/whatsapp.com\/channel\/0029Vb6IQl1JENyAeS57fk2p\" target=\"_blank\" rel=\"noreferrer noopener\">clicando aqui<\/a>.<\/p>\n<p>Fa\u00e7a uma den\u00fancia ou sugira uma reportagem sobre Ribeir\u00e3o Preto e regi\u00e3o pelo WhatsApp: 16 99117 7802.<\/p>\n<p>VEJA TAMB\u00c9M<\/p>\n<p>Quando come\u00e7a a valer a isen\u00e7\u00e3o do IR?<\/p>\n<p><!-- AI CONTENT END 1 -->\n<\/div>\n<\/div>\n<p><script async src=\"\/\/www.instagram.com\/embed.js\"><\/script><br \/>\n<br \/><br \/>\n<br \/><a href=\"https:\/\/www.acidadeon.com\/ribeiraopreto\/cotidiano\/mp-denuncia-pai-que-postava-filho-de-10-anos-em-manobras-com-moto\/\">Source link <\/a><\/p>\n<!-- CONTENT END 1 -->\n","protected":false},"excerpt":{"rendered":"<p>O Minist\u00e9rio P\u00fablico (MP) denunciou ao Juizado Especial Criminal o homem que gravava e postava v\u00eddeos do filho de 10 anos, durante manobras perigosas com&#8230;<\/p>\n","protected":false},"author":1,"featured_media":78166,"comment_status":"open","ping_status":"open","sticky":false,"template":"","format":"standard","meta":{"advanced_seo_description":"","jetpack_seo_html_title":"","jetpack_seo_noindex":false,"jetpack_post_was_ever_published":false,"_jetpack_newsletter_access":"","_jetpack_dont_email_post_to_subs":false,"_jetpack_newsletter_tier_id":0,"_jetpack_memberships_contains_paywalled_content":false,"_jetpack_memberships_contains_paid_content":false,"footnotes":"","jetpack_publicize_message":"","jetpack_publicize_feature_enabled":true,"jetpack_social_post_already_shared":true,"jetpack_social_options":{"image_generator_settings":{"template":"highway","default_image_id":0,"font":"","enabled":false},"version":2}},"categories":[11],"tags":[],"class_list":["post-78165","post","type-post","status-publish","format-standard","has-post-thumbnail","hentry","category-noticias-de-ribeirao-preto-sp-e-regiao-ismael-colosi"],"jetpack_publicize_connections":[],"jetpack_featured_media_url":"https:\/\/i0.wp.com\/noticiasribeiraopreto.com.br\/wp-content\/uploads\/2025\/10\/MOTO_2025-10-03_13-18-11.webp.webp?fit=1200%2C700&ssl=1","jetpack-related-posts":[{"id":78162,"url":"https:\/\/noticiasribeiraopreto.com.br\/index.php\/2025\/10\/03\/pai-de-crianca-que-pilotava-moto-e-denunciado-por-maus-tratos\/","url_meta":{"origin":78165,"position":0},"title":"Pai de crian\u00e7a que pilotava moto \u00e9 denunciado por maus-tratos","author":"noticiasribeiraopreto.com.br","date":"3 de October de 2025","format":false,"excerpt":"Den\u00fancia foi enviada pelo Minist\u00e9rio P\u00fablico para Juizado Especial Criminal de Ribeir\u00e3o Preto 3 de outubro de 2025 11:305 Compartilhar1 Por: Adalberto Luque O pai da crian\u00e7a de 10 anos que foi flagrada pilotando e fazendo acrobacias em uma motocicleta foi denunciado pelo Minist\u00e9rio P\u00fablico de S\u00e3o Paulo (MPSP). A\u2026","rel":"","context":"In &quot;Not\u00edcias de Ribeir\u00e3o Preto-SP e Regi\u00e3o&quot;","block_context":{"text":"Not\u00edcias de Ribeir\u00e3o Preto-SP e Regi\u00e3o","link":"https:\/\/noticiasribeiraopreto.com.br\/index.php\/category\/noticias-de-ribeirao-preto-sp-e-regiao-ismael-colosi\/"},"img":{"alt_text":"","src":"https:\/\/i0.wp.com\/noticiasribeiraopreto.com.br\/wp-content\/uploads\/2025\/10\/18-ago-2025-motoqueiromaluco1.jpg?fit=709%2C368&ssl=1&resize=350%2C200","width":350,"height":200,"srcset":"https:\/\/i0.wp.com\/noticiasribeiraopreto.com.br\/wp-content\/uploads\/2025\/10\/18-ago-2025-motoqueiromaluco1.jpg?fit=709%2C368&ssl=1&resize=350%2C200 1x, https:\/\/i0.wp.com\/noticiasribeiraopreto.com.br\/wp-content\/uploads\/2025\/10\/18-ago-2025-motoqueiromaluco1.jpg?fit=709%2C368&ssl=1&resize=525%2C300 1.5x, https:\/\/i0.wp.com\/noticiasribeiraopreto.com.br\/wp-content\/uploads\/2025\/10\/18-ago-2025-motoqueiromaluco1.jpg?fit=709%2C368&ssl=1&resize=700%2C400 2x"},"classes":[]},{"id":80658,"url":"https:\/\/noticiasribeiraopreto.com.br\/index.php\/2025\/12\/10\/influenciador-teria-recebido-ate-r-50-mil-por-postagem-com-manobras-ilegais-diz-mp\/","url_meta":{"origin":78165,"position":1},"title":"Influenciador teria recebido at\u00e9 R$ 50 mil por postagem com manobras ilegais, diz MP","author":"noticiasribeiraopreto.com.br","date":"10 de December de 2025","format":false,"excerpt":"O Minist\u00e9rio P\u00fablico (MP) afirmou nesta ter\u00e7a-feira (9) que o influenciador Alexandre de Jesus Santos, conhecido como \u201cXuxa Grau\u201d, de 20 anos, lucrava at\u00e9 R$ 50 mil por v\u00eddeo ao mostrar manobras criminosas de moto em rodovias de Ribeir\u00e3o Preto. Promotores e policiais apontam que ele comandava uma associa\u00e7\u00e3o criminosa\u2026","rel":"","context":"In &quot;Not\u00edcias de Ribeir\u00e3o Preto-SP e Regi\u00e3o&quot;","block_context":{"text":"Not\u00edcias de Ribeir\u00e3o Preto-SP e Regi\u00e3o","link":"https:\/\/noticiasribeiraopreto.com.br\/index.php\/category\/noticias-de-ribeirao-preto-sp-e-regiao-ismael-colosi\/"},"img":{"alt_text":"","src":"https:\/\/i0.wp.com\/noticiasribeiraopreto.com.br\/wp-content\/uploads\/2025\/12\/XUXA-GRAU_2025-12-09_17-29-30.webp.webp?fit=1200%2C794&ssl=1&resize=350%2C200","width":350,"height":200,"srcset":"https:\/\/i0.wp.com\/noticiasribeiraopreto.com.br\/wp-content\/uploads\/2025\/12\/XUXA-GRAU_2025-12-09_17-29-30.webp.webp?fit=1200%2C794&ssl=1&resize=350%2C200 1x, https:\/\/i0.wp.com\/noticiasribeiraopreto.com.br\/wp-content\/uploads\/2025\/12\/XUXA-GRAU_2025-12-09_17-29-30.webp.webp?fit=1200%2C794&ssl=1&resize=525%2C300 1.5x, https:\/\/i0.wp.com\/noticiasribeiraopreto.com.br\/wp-content\/uploads\/2025\/12\/XUXA-GRAU_2025-12-09_17-29-30.webp.webp?fit=1200%2C794&ssl=1&resize=700%2C400 2x, https:\/\/i0.wp.com\/noticiasribeiraopreto.com.br\/wp-content\/uploads\/2025\/12\/XUXA-GRAU_2025-12-09_17-29-30.webp.webp?fit=1200%2C794&ssl=1&resize=1050%2C600 3x"},"classes":[]},{"id":78172,"url":"https:\/\/noticiasribeiraopreto.com.br\/index.php\/2025\/10\/03\/idoso-de-80-anos-e-preso-por-agredir-cachorra-na-regiao-de-ribeirao-preto\/","url_meta":{"origin":78165,"position":2},"title":"Idoso de 80 anos \u00e9 preso por agredir cachorra na regi\u00e3o de Ribeir\u00e3o Preto","author":"noticiasribeiraopreto.com.br","date":"3 de October de 2025","format":false,"excerpt":"Um homem de 80 anos foi preso suspeito de agredir uma cachorra na tarde desta quinta-feira (2), em Aramina, a 120 quil\u00f4metros de Ribeir\u00e3o Preto. O animal foi socorrido e recebeu\u00a0 atendimento veterin\u00e1rio. Segundo o boletim de ocorr\u00eancia (BO), o idoso teria amarrado a cachorra, que vive pelas ruas, e\u2026","rel":"","context":"In &quot;Not\u00edcias de Ribeir\u00e3o Preto-SP e Regi\u00e3o&quot;","block_context":{"text":"Not\u00edcias de Ribeir\u00e3o Preto-SP e Regi\u00e3o","link":"https:\/\/noticiasribeiraopreto.com.br\/index.php\/category\/noticias-de-ribeirao-preto-sp-e-regiao-ismael-colosi\/"},"img":{"alt_text":"","src":"https:\/\/i0.wp.com\/noticiasribeiraopreto.com.br\/wp-content\/uploads\/2025\/10\/WhatsApp-Image-2025-10-03-at-12.07.55_2025-10-03_15-32-52.webp.webp?fit=1200%2C675&ssl=1&resize=350%2C200","width":350,"height":200,"srcset":"https:\/\/i0.wp.com\/noticiasribeiraopreto.com.br\/wp-content\/uploads\/2025\/10\/WhatsApp-Image-2025-10-03-at-12.07.55_2025-10-03_15-32-52.webp.webp?fit=1200%2C675&ssl=1&resize=350%2C200 1x, https:\/\/i0.wp.com\/noticiasribeiraopreto.com.br\/wp-content\/uploads\/2025\/10\/WhatsApp-Image-2025-10-03-at-12.07.55_2025-10-03_15-32-52.webp.webp?fit=1200%2C675&ssl=1&resize=525%2C300 1.5x, https:\/\/i0.wp.com\/noticiasribeiraopreto.com.br\/wp-content\/uploads\/2025\/10\/WhatsApp-Image-2025-10-03-at-12.07.55_2025-10-03_15-32-52.webp.webp?fit=1200%2C675&ssl=1&resize=700%2C400 2x, https:\/\/i0.wp.com\/noticiasribeiraopreto.com.br\/wp-content\/uploads\/2025\/10\/WhatsApp-Image-2025-10-03-at-12.07.55_2025-10-03_15-32-52.webp.webp?fit=1200%2C675&ssl=1&resize=1050%2C600 3x"},"classes":[]},{"id":75982,"url":"https:\/\/noticiasribeiraopreto.com.br\/index.php\/2025\/08\/19\/menino-de-7-anos-aparece-em-videos-fazendo-manobras-de-moto-na-regiao-de-ribeirao\/","url_meta":{"origin":78165,"position":3},"title":"Menino de 7 anos aparece em v\u00eddeos fazendo manobras de moto na regi\u00e3o de Ribeir\u00e3o","author":"noticiasribeiraopreto.com.br","date":"19 de August de 2025","format":false,"excerpt":"Dois dias ap\u00f3s a apreens\u00e3o de uma motocicleta conduzida por um menino de 10 anos em Bonfim Paulista, distrito de Ribeir\u00e3o Preto, outra crian\u00e7a chamou a aten\u00e7\u00e3o ao mostrar manobras conhecidas como \u201cgrau\u201d em Sert\u00e3ozinho, cidade na regi\u00e3o. Nas redes sociais, o menino de 7 anos acumula mais de 500\u2026","rel":"","context":"In &quot;Not\u00edcias de Ribeir\u00e3o Preto-SP e Regi\u00e3o&quot;","block_context":{"text":"Not\u00edcias de Ribeir\u00e3o Preto-SP e Regi\u00e3o","link":"https:\/\/noticiasribeiraopreto.com.br\/index.php\/category\/noticias-de-ribeirao-preto-sp-e-regiao-ismael-colosi\/"},"img":{"alt_text":"","src":"https:\/\/i0.wp.com\/noticiasribeiraopreto.com.br\/wp-content\/uploads\/2025\/08\/Copia-de-Copia-de-Copia-de-TAMANHO-EXATO-PARA-FOTOS-NO-SISTEMA-NOVO-2025-08-19T204030.948_2025-08-19_23-40-39.webp.webp?fit=1200%2C675&ssl=1&resize=350%2C200","width":350,"height":200,"srcset":"https:\/\/i0.wp.com\/noticiasribeiraopreto.com.br\/wp-content\/uploads\/2025\/08\/Copia-de-Copia-de-Copia-de-TAMANHO-EXATO-PARA-FOTOS-NO-SISTEMA-NOVO-2025-08-19T204030.948_2025-08-19_23-40-39.webp.webp?fit=1200%2C675&ssl=1&resize=350%2C200 1x, https:\/\/i0.wp.com\/noticiasribeiraopreto.com.br\/wp-content\/uploads\/2025\/08\/Copia-de-Copia-de-Copia-de-TAMANHO-EXATO-PARA-FOTOS-NO-SISTEMA-NOVO-2025-08-19T204030.948_2025-08-19_23-40-39.webp.webp?fit=1200%2C675&ssl=1&resize=525%2C300 1.5x, https:\/\/i0.wp.com\/noticiasribeiraopreto.com.br\/wp-content\/uploads\/2025\/08\/Copia-de-Copia-de-Copia-de-TAMANHO-EXATO-PARA-FOTOS-NO-SISTEMA-NOVO-2025-08-19T204030.948_2025-08-19_23-40-39.webp.webp?fit=1200%2C675&ssl=1&resize=700%2C400 2x, https:\/\/i0.wp.com\/noticiasribeiraopreto.com.br\/wp-content\/uploads\/2025\/08\/Copia-de-Copia-de-Copia-de-TAMANHO-EXATO-PARA-FOTOS-NO-SISTEMA-NOVO-2025-08-19T204030.948_2025-08-19_23-40-39.webp.webp?fit=1200%2C675&ssl=1&resize=1050%2C600 3x"},"classes":[]},{"id":26716,"url":"https:\/\/noticiasribeiraopreto.com.br\/index.php\/2024\/01\/10\/resgate-de-idosos-mantidos-em-condicoes-sub-humanas-pelo-proprio-filho-causa-comocao-em-bombeiros\/","url_meta":{"origin":78165,"position":4},"title":"Resgate de idosos mantidos em condi\u00e7\u00f5es sub-humanas pelo pr\u00f3prio filho causa como\u00e7\u00e3o em bombeiros","author":"noticiasribeiraopreto.com.br","date":"10 de January de 2024","format":false,"excerpt":"Casos de viol\u00eancia e maus-tratos contra grupos vulner\u00e1veis s\u00e3o sempre muito dif\u00edceis de se digerir. Nesta semana, at\u00e9 mesmo bombeiros treinados acabaram se emocionando com um caso registrado no estado de Goi\u00e1s.De acordo com informa\u00e7\u00f5es da pol\u00edcia civil, um casal de idosos foi resgatado de maus-tratos impostos pelo pr\u00f3prio filho.\u2026","rel":"","context":"In &quot;Blog&quot;","block_context":{"text":"Blog","link":"https:\/\/noticiasribeiraopreto.com.br\/index.php\/category\/blog\/"},"img":{"alt_text":"","src":"https:\/\/i0.wp.com\/noticiasribeiraopreto.com.br\/wp-content\/uploads\/2024\/01\/postimg-659edf09836336007.jpg?fit=1200%2C628&ssl=1&resize=350%2C200","width":350,"height":200,"srcset":"https:\/\/i0.wp.com\/noticiasribeiraopreto.com.br\/wp-content\/uploads\/2024\/01\/postimg-659edf09836336007.jpg?fit=1200%2C628&ssl=1&resize=350%2C200 1x, https:\/\/i0.wp.com\/noticiasribeiraopreto.com.br\/wp-content\/uploads\/2024\/01\/postimg-659edf09836336007.jpg?fit=1200%2C628&ssl=1&resize=525%2C300 1.5x, https:\/\/i0.wp.com\/noticiasribeiraopreto.com.br\/wp-content\/uploads\/2024\/01\/postimg-659edf09836336007.jpg?fit=1200%2C628&ssl=1&resize=700%2C400 2x, https:\/\/i0.wp.com\/noticiasribeiraopreto.com.br\/wp-content\/uploads\/2024\/01\/postimg-659edf09836336007.jpg?fit=1200%2C628&ssl=1&resize=1050%2C600 3x"},"classes":[]},{"id":70471,"url":"https:\/\/noticiasribeiraopreto.com.br\/index.php\/2025\/05\/26\/pai-e-preso-apos-mandar-filho-adolescente-atirar-em-familia-no-interior-de-sp\/","url_meta":{"origin":78165,"position":5},"title":"Pai \u00e9 preso ap\u00f3s mandar filho adolescente atirar em fam\u00edlia no interior de SP","author":"noticiasribeiraopreto.com.br","date":"26 de May de 2025","format":false,"excerpt":"A pol\u00edcia prendeu em flagrante, na manh\u00e3 desta segunda-feira (26), um homem de 46 anos que mandou o filho adolescente atirar em uma fam\u00edlia, em um dep\u00f3sito de sucata, em Barretos, no interior de S\u00e3o Paulo. De acordo com a Pol\u00edcia Militar e a Pol\u00edcia Civil, depois de uma briga\u2026","rel":"","context":"In &quot;Not\u00edcias de Ribeir\u00e3o Preto-SP e Regi\u00e3o&quot;","block_context":{"text":"Not\u00edcias de Ribeir\u00e3o Preto-SP e Regi\u00e3o","link":"https:\/\/noticiasribeiraopreto.com.br\/index.php\/category\/noticias-de-ribeirao-preto-sp-e-regiao-ismael-colosi\/"},"img":{"alt_text":"","src":"https:\/\/i0.wp.com\/noticiasribeiraopreto.com.br\/wp-content\/uploads\/2025\/05\/Copia-de-Copia-de-Copia-de-TAMANHO-EXATO-PARA-FOTOS-NO-SISTEMA-NOVO-2025-05-26T193519.173_2025-05-26_22-35-24.webp.webp?fit=1200%2C675&ssl=1&resize=350%2C200","width":350,"height":200,"srcset":"https:\/\/i0.wp.com\/noticiasribeiraopreto.com.br\/wp-content\/uploads\/2025\/05\/Copia-de-Copia-de-Copia-de-TAMANHO-EXATO-PARA-FOTOS-NO-SISTEMA-NOVO-2025-05-26T193519.173_2025-05-26_22-35-24.webp.webp?fit=1200%2C675&ssl=1&resize=350%2C200 1x, https:\/\/i0.wp.com\/noticiasribeiraopreto.com.br\/wp-content\/uploads\/2025\/05\/Copia-de-Copia-de-Copia-de-TAMANHO-EXATO-PARA-FOTOS-NO-SISTEMA-NOVO-2025-05-26T193519.173_2025-05-26_22-35-24.webp.webp?fit=1200%2C675&ssl=1&resize=525%2C300 1.5x, https:\/\/i0.wp.com\/noticiasribeiraopreto.com.br\/wp-content\/uploads\/2025\/05\/Copia-de-Copia-de-Copia-de-TAMANHO-EXATO-PARA-FOTOS-NO-SISTEMA-NOVO-2025-05-26T193519.173_2025-05-26_22-35-24.webp.webp?fit=1200%2C675&ssl=1&resize=700%2C400 2x, https:\/\/i0.wp.com\/noticiasribeiraopreto.com.br\/wp-content\/uploads\/2025\/05\/Copia-de-Copia-de-Copia-de-TAMANHO-EXATO-PARA-FOTOS-NO-SISTEMA-NOVO-2025-05-26T193519.173_2025-05-26_22-35-24.webp.webp?fit=1200%2C675&ssl=1&resize=1050%2C600 3x"},"classes":[]}],"jetpack_sharing_enabled":true,"jetpack_shortlink":"https:\/\/wp.me\/peQAOb-kkJ","_links":{"self":[{"href":"https:\/\/noticiasribeiraopreto.com.br\/index.php\/wp-json\/wp\/v2\/posts\/78165","targetHints":{"allow":["GET"]}}],"collection":[{"href":"https:\/\/noticiasribeiraopreto.com.br\/index.php\/wp-json\/wp\/v2\/posts"}],"about":[{"href":"https:\/\/noticiasribeiraopreto.com.br\/index.php\/wp-json\/wp\/v2\/types\/post"}],"author":[{"embeddable":true,"href":"https:\/\/noticiasribeiraopreto.com.br\/index.php\/wp-json\/wp\/v2\/users\/1"}],"replies":[{"embeddable":true,"href":"https:\/\/noticiasribeiraopreto.com.br\/index.php\/wp-json\/wp\/v2\/comments?post=78165"}],"version-history":[{"count":0,"href":"https:\/\/noticiasribeiraopreto.com.br\/index.php\/wp-json\/wp\/v2\/posts\/78165\/revisions"}],"wp:featuredmedia":[{"embeddable":true,"href":"https:\/\/noticiasribeiraopreto.com.br\/index.php\/wp-json\/wp\/v2\/media\/78166"}],"wp:attachment":[{"href":"https:\/\/noticiasribeiraopreto.com.br\/index.php\/wp-json\/wp\/v2\/media?parent=78165"}],"wp:term":[{"taxonomy":"category","embeddable":true,"href":"https:\/\/noticiasribeiraopreto.com.br\/index.php\/wp-json\/wp\/v2\/categories?post=78165"},{"taxonomy":"post_tag","embeddable":true,"href":"https:\/\/noticiasribeiraopreto.com.br\/index.php\/wp-json\/wp\/v2\/tags?post=78165"}],"curies":[{"name":"wp","href":"https:\/\/api.w.org\/{rel}","templated":true}]}}