{"id":78168,"date":"2025-10-03T13:23:58","date_gmt":"2025-10-03T16:23:58","guid":{"rendered":"https:\/\/noticiasribeiraopreto.com.br\/index.php\/2025\/10\/03\/hc-recebe-antidoto-contra-metanol\/"},"modified":"2025-10-03T13:23:58","modified_gmt":"2025-10-03T16:23:58","slug":"hc-recebe-antidoto-contra-metanol","status":"publish","type":"post","link":"https:\/\/noticiasribeiraopreto.com.br\/index.php\/2025\/10\/03\/hc-recebe-antidoto-contra-metanol\/","title":{"rendered":"HC recebe ant\u00eddoto contra metanol"},"content":{"rendered":"<p> <br \/>\n<\/p>\n<div>\n<p><em>Casos suspeitos de intoxica\u00e7\u00e3o por metanol ser\u00e3o analisados em at\u00e9 uma hora por laborat\u00f3rio do Departamento de Qu\u00edmica da USP de Ribeir\u00e3o Preto<\/em><\/p>\n<p>A Secretaria de Estado da Sa\u00fade de S\u00e3o Paulo disponibilizou nesta sexta-feira, 3 de outubro, 2.000 novas ampolas de \u00e1lcool et\u00edlico absoluto para o tratamento de pacientes com intoxica\u00e7\u00e3o por metanol. Al\u00e9m desse refor\u00e7o, j\u00e1 havia 500 unidades em estoque nos servi\u00e7os de refer\u00eancia do Estado, assegurando a manuten\u00e7\u00e3o de uma reserva adequada para atender necessidades assistenciais. S\u00e3o 2.500 no total<\/p>\n<p>\u201cAs primeiras horas ap\u00f3s a ingest\u00e3o de bebida alco\u00f3lica contaminada s\u00e3o decisivas para salvar vidas e o Estado de S\u00e3o Paulo est\u00e1 preparado com estoque do ant\u00eddoto contra intoxica\u00e7\u00e3o por metanol\u201d, ressaltou o secret\u00e1rio de Estado da Sa\u00fade, Eleuses Paiva.<\/p>\n<p>A aquisi\u00e7\u00e3o foi realizada pela Secretaria de Estado e destinada aos centros de refer\u00eancia estaduais: Hospital das Cl\u00ednicas da Faculdade de Medicina de Ribeir\u00e3o Preto, ligado \u00e0 Universidade de S\u00e3o Paulo (HCFMRP-USP), HC de Campinas e de S\u00e3o Paulo.<\/p>\n<p>Conforme nota t\u00e9cnica do Centro de Vigil\u00e2ncia Epidemiol\u00f3gica de S\u00e3o Paulo, compartilhada com os 645 munic\u00edpios e equipamentos de sa\u00fade, para obten\u00e7\u00e3o de ampolas de \u00e1lcool et\u00edlico absoluto, os servi\u00e7os de sa\u00fade devem entrar em contato com os centros de refer\u00eancia com c\u00f3pia da ficha de notifica\u00e7\u00e3o do caso relacionado ao consumo de metanol.<\/p>\n<p>Al\u00e9m do ant\u00eddoto, a rede estadual refor\u00e7ou a estrutura laboratorial para confirmar a presen\u00e7a da subst\u00e2ncia no organismo. O novo protocolo do Estado prev\u00ea que as amostras de sangue ou urina coletadas em casos suspeitos sejam analisadas em at\u00e9 uma hora pelo Laborat\u00f3rio de Toxicologia Anal\u00edtica Forense (Latof) do Departamento de Qu\u00edmica da Universidade de S\u00e3o Paulo de Ribeir\u00e3o Preto, por meio de cromatografia gasosa, m\u00e9todo considerado padr\u00e3o ouro para detec\u00e7\u00e3o de metanol.<\/p>\n<p>A coleta \u00e9 feita nas unidades de sa\u00fade e o Instituto Adolfo Lutz coordena a log\u00edstica de transporte das amostras at\u00e9 o laborat\u00f3rio. De acordo com a Secretaria da Sa\u00fade, o Estado j\u00e1 confirmou, at\u00e9 quinta-feira (2), onze casos de intoxica\u00e7\u00e3o por metanol, incluindo um \u00f3bito. Para enfrentar a cen\u00e1rio, o governo paulista mant\u00e9m um gabinete de crise e a\u00e7\u00f5es conjuntas entre as secretarias da Sa\u00fade, Seguran\u00e7a P\u00fablica, Fazenda e Justi\u00e7a.<\/p>\n<p>A Funda\u00e7\u00e3o Procon de S\u00e3o Paulo criou um atalho em seu site para receber den\u00fancias sobre bebidas com suspeitas de adultera\u00e7\u00e3o, ap\u00f3s casos de intoxica\u00e7\u00e3o por metanol. Os consumidores que identificarem casos de bebidas suspeitas em mercados, bares, restaurantes e outros estabelecimentos podem formalizar as queixas no site www.procon.sp.gov.br.<\/p>\n<p>O \u00f3rg\u00e3o refor\u00e7a que \u00e9 importante guardar os comprovantes da compra do produto para apresentar no registro da den\u00fancia, que pode ser feita de forma an\u00f4nima. Ao receber a notifica\u00e7\u00e3o, o \u00f3rg\u00e3o faz uma varredura na documenta\u00e7\u00e3o do estabelecimento e manda uma equipe de fiscaliza\u00e7\u00e3o ao local.<\/p>\n<p>Entre as medidas adotadas, est\u00e3o a interdi\u00e7\u00e3o cautelar do estabelecimento, a segrega\u00e7\u00e3o de bebidas suspeitas e multas que podem chegar a R$ 14 milh\u00f5es. No Estado de S\u00e3o Paulo, nove estabelecimentos foram interditados at\u00e9 a tarde desta sexta-feira. O n\u00famero de pris\u00f5es no ano subiu para 24. No total, mais de mil garrafas foram apreendidas para an\u00e1lise nas opera\u00e7\u00f5es desta semana.<\/p>\n<p>Na quinta-feira (2), 1,8 mil lacres falsos foram apreendidos na capital. Al\u00e9m disso, foram localizadas 17,7 mil unidades em uma f\u00e1brica clandestina em Americana na ter\u00e7a-feira, 30 de setembro. Em Barueri, um lote de 128 mil garrafas foi lacrado na quarta-feira (1\u00ba) por aus\u00eancia de documenta\u00e7\u00e3o.<\/p>\n<p>Somente em 2024, mais de 50 mil garrafas j\u00e1 haviam sido recolhidas pela pol\u00edcia em a\u00e7\u00f5es de combate \u00e0 falsifica\u00e7\u00e3o de bebidas alco\u00f3licas. A Secretaria de Estado da Sa\u00fade confirma onze casos de contamina\u00e7\u00e3o por metanol no Estado de S\u00e3o Paulo, sendo um \u00f3bito, de um morador de S\u00e3o Paulo. Outros seis est\u00e3o em investiga\u00e7\u00e3o, totalizando seis mortes \u2013 tr\u00eas na capital paulista e dois em S\u00e3o Bernardo do Campo. S\u00e3o 52 ocorr\u00eancias, 41 em apura\u00e7\u00e3o em investiga\u00e7\u00e3o.<\/p>\n<p>Duas mulheres, de 23 e 34 anos, foram presas na noite de quarta-feira com 162 garrafas de bebidas alco\u00f3licas falsificadas. As duas trafegavam em um Kia Sportage conduzido pela mais jovem, na Rodovia Brigadeiro Faria Lima (SP-326), altura do km 310, entre Dobrada e Mat\u00e3o, cerca de 100 quil\u00f4metros de Ribeir\u00e3o Preto.<\/p>\n<p>Durante a revista no ve\u00edculo, a Pol\u00edcia Militar Rodovi\u00e1ria (PMRv) encontrou 162 garrafas de u\u00edsque de diversas marcas, entre elas Red Label, Black Label, Double Black, Buchanan\u2019s, Old Parr, White Horse, Chivas e diferentes r\u00f3tulos de Jack Daniel\u2019s.<\/p>\n<p>Nenhuma das mercadorias possu\u00eda documenta\u00e7\u00e3o fiscal e todas apresentavam sinais de falsifica\u00e7\u00e3o. Tamb\u00e9m foram apreendidos v\u00e1rios r\u00f3tulos. As ocupantes relataram que compraram os produtos em uma tabacaria na Galeria Pag\u00e9, regi\u00e3o da rua Vinte Cinco de Mar\u00e7o, Centro de S\u00e3o Paulo, pelo valor de R$ 9.760, e que o destino final seria uma adega em Guariba e eventos em Jaboticabal, na regi\u00e3o metropolitana.<\/p>\n<p>Representantes da Alliance Against Counterfeit Spirits (AACS) e da Associa\u00e7\u00e3o Brasileira de Bebidas (Abrabe) foram acionados e confirmaram a falsifica\u00e7\u00e3o ap\u00f3s an\u00e1lise das imagens das garrafas e r\u00f3tulos, destacando que alguns sequer s\u00e3o comercializados no Brasil.<\/p>\n<p>Diante da constata\u00e7\u00e3o, o delegado de plant\u00e3o autuou as duas mulheres em flagrante com base no artigo 272 do C\u00f3digo Penal. O material apreendido ser\u00e1 submetido a exames no Instituto Criminalista de Araraquara, inclusive para detectar se cont\u00e9m metanol.<\/p>\n<p>Em Jaboticabal, mais de mil garrafas de u\u00edsque e vodca foram apreendidas pela Pol\u00edcia Civil e Vigil\u00e2ncia Sanit\u00e1ria em uma adega e um supermercado, nesta quinta-feira, por suspeita de adultera\u00e7\u00e3o e falsifica\u00e7\u00e3o. O dono foi preso porque tamb\u00e9m vendia cigarros contrabandeados. Amostras dos produtos confiscados ontem ser\u00e3o analisadas pelo Instituto de Criminal\u00edstica para confirmar se houve \u00e0 fraude e se havia metanol.<\/p>\n<p>A colora\u00e7\u00e3o e os lacres de alguns itens chamaram a aten\u00e7\u00e3o dos policiais. Havia bebidas alco\u00f3licas em gal\u00f5es. O dono dos estabelecimentos diz que tem nota fiscal dos produtos apreendidos. Sobre os cigarros, informou que tr\u00eas pacotes foram apreendidos e que n\u00e3o trabalha mais com esse tipo de mercadoria<\/p>\n<p><strong>Barrinha<\/strong> \u2013 Ainda na quarta-feira, a Pol\u00edcia Civil de Ribeir\u00e3o Preto e a Secretaria Municipal de Sa\u00fade fizeram uma fiscaliza\u00e7\u00e3o em uma distribuidora na Zona Oeste da cidade ap\u00f3s um morador de Barrinha, na regi\u00e3o metropolitana, dar entrada no Hospital das Cl\u00ednicas por suspeita de intoxica\u00e7\u00e3o por metanol. Ele j\u00e1 teve alta.<\/p>\n<p>Segundo as investiga\u00e7\u00f5es preliminares, o homem contou que consumiu u\u00edsque em um bar de Barrinha e passou mal. A Vigil\u00e2ncia Sanit\u00e1ria esteve no local e o propriet\u00e1rio informou que comprava bebidas de uma distribuidora de Ribeir\u00e3o Preto.<\/p>\n<p>Durante a a\u00e7\u00e3o, nada de suspeito foi encontrado no local. As bebidas tinham nota fiscal e estavam lacradas. Amostras de sangue do paciente internado no HC foram coletadas e devem ser analisadas para confirmar ou descartar a presen\u00e7a de metanol.<\/p>\n<p>\u00a0<\/p>\n<p><!-- CONTENT END 3 -->\n<\/div>\n<p><br \/>\n<br \/><a href=\"https:\/\/www.tribunaribeirao.com.br\/hc-recebe-antidoto-contra-metanol\/\">Source link <\/a><\/p>\n","protected":false},"excerpt":{"rendered":"<p>Casos suspeitos de intoxica\u00e7\u00e3o por metanol ser\u00e3o analisados em at\u00e9 uma hora por laborat\u00f3rio do Departamento de Qu\u00edmica da USP de Ribeir\u00e3o Preto A Secretaria&#8230;<\/p>\n","protected":false},"author":1,"featured_media":78169,"comment_status":"open","ping_status":"open","sticky":false,"template":"","format":"standard","meta":{"advanced_seo_description":"","jetpack_seo_html_title":"","jetpack_seo_noindex":false,"jetpack_post_was_ever_published":false,"_jetpack_newsletter_access":"","_jetpack_dont_email_post_to_subs":false,"_jetpack_newsletter_tier_id":0,"_jetpack_memberships_contains_paywalled_content":false,"_jetpack_memberships_contains_paid_content":false,"footnotes":"","jetpack_publicize_message":"","jetpack_publicize_feature_enabled":true,"jetpack_social_post_already_shared":true,"jetpack_social_options":{"image_generator_settings":{"template":"highway","default_image_id":0,"font":"","enabled":false},"version":2}},"categories":[11],"tags":[],"class_list":["post-78168","post","type-post","status-publish","format-standard","has-post-thumbnail","hentry","category-noticias-de-ribeirao-preto-sp-e-regiao-ismael-colosi"],"jetpack_publicize_connections":[],"jetpack_featured_media_url":"https:\/\/i0.wp.com\/noticiasribeiraopreto.com.br\/wp-content\/uploads\/2025\/10\/hc.jpeg?fit=1117%2C581&ssl=1","jetpack-related-posts":[{"id":78164,"url":"https:\/\/noticiasribeiraopreto.com.br\/index.php\/2025\/10\/03\/saude-envia-ampolas-de-antidoto-contra-metanol-para-o-hc-ribeirao-preto\/","url_meta":{"origin":78168,"position":0},"title":"Sa\u00fade envia ampolas de ant\u00eddoto contra metanol para o HC Ribeir\u00e3o Preto","author":"noticiasribeiraopreto.com.br","date":"3 de October de 2025","format":false,"excerpt":"A Secretaria de Estado da Sa\u00fade de S\u00e3o Paulo informou que vai enviar, a partir desta sexta-feira (3), ampolas de \u00e1lcool et\u00edlico, o ant\u00eddoto contra o metanol, para o Hospital das Cl\u00ednicas de Ribeir\u00e3o Preto, um dos centros de refer\u00eancia, junto com os Hospitais das Cl\u00ednicas de Campinas e de\u2026","rel":"","context":"In &quot;Not\u00edcias de Ribeir\u00e3o Preto-SP e Regi\u00e3o&quot;","block_context":{"text":"Not\u00edcias de Ribeir\u00e3o Preto-SP e Regi\u00e3o","link":"https:\/\/noticiasribeiraopreto.com.br\/index.php\/category\/noticias-de-ribeirao-preto-sp-e-regiao-ismael-colosi\/"},"img":{"alt_text":"","src":"https:\/\/i0.wp.com\/noticiasribeiraopreto.com.br\/wp-content\/uploads\/2025\/07\/Copia-de-Copia-de-TAMANHO-EXATO-PARA-FOTOS-NO-SISTEMA-NOVO_2024-07-10_14-29-47_jpg_2024-07-10_14-29-47.webp.webp?fit=1200%2C675&ssl=1&resize=350%2C200","width":350,"height":200,"srcset":"https:\/\/i0.wp.com\/noticiasribeiraopreto.com.br\/wp-content\/uploads\/2025\/07\/Copia-de-Copia-de-TAMANHO-EXATO-PARA-FOTOS-NO-SISTEMA-NOVO_2024-07-10_14-29-47_jpg_2024-07-10_14-29-47.webp.webp?fit=1200%2C675&ssl=1&resize=350%2C200 1x, https:\/\/i0.wp.com\/noticiasribeiraopreto.com.br\/wp-content\/uploads\/2025\/07\/Copia-de-Copia-de-TAMANHO-EXATO-PARA-FOTOS-NO-SISTEMA-NOVO_2024-07-10_14-29-47_jpg_2024-07-10_14-29-47.webp.webp?fit=1200%2C675&ssl=1&resize=525%2C300 1.5x, https:\/\/i0.wp.com\/noticiasribeiraopreto.com.br\/wp-content\/uploads\/2025\/07\/Copia-de-Copia-de-TAMANHO-EXATO-PARA-FOTOS-NO-SISTEMA-NOVO_2024-07-10_14-29-47_jpg_2024-07-10_14-29-47.webp.webp?fit=1200%2C675&ssl=1&resize=700%2C400 2x, https:\/\/i0.wp.com\/noticiasribeiraopreto.com.br\/wp-content\/uploads\/2025\/07\/Copia-de-Copia-de-TAMANHO-EXATO-PARA-FOTOS-NO-SISTEMA-NOVO_2024-07-10_14-29-47_jpg_2024-07-10_14-29-47.webp.webp?fit=1200%2C675&ssl=1&resize=1050%2C600 3x"},"classes":[]},{"id":78336,"url":"https:\/\/noticiasribeiraopreto.com.br\/index.php\/2025\/10\/08\/hospital-das-clinicas-de-ribeirao-preto-descarta-suspeitas-de-intoxicacao-por-metanol\/","url_meta":{"origin":78168,"position":1},"title":"Hospital das Cl\u00ednicas de Ribeir\u00e3o Preto descarta suspeitas de intoxica\u00e7\u00e3o por metanol","author":"noticiasribeiraopreto.com.br","date":"8 de October de 2025","format":false,"excerpt":"O Hospital das Cl\u00ednicas de Ribeir\u00e3o Preto informou, na tarde desta sexta-feira (3), que dois casos suspeitos de intoxica\u00e7\u00e3o por metanol foram descartados. Segundo a institui\u00e7\u00e3o, os exames realizados nas amostras de sangue dos pacientes n\u00e3o identificaram a presen\u00e7a da subst\u00e2ncia. O HC tamb\u00e9m atualizou as an\u00e1lises relacionadas \u00e0s mortes\u2026","rel":"","context":"In &quot;Not\u00edcias de Ribeir\u00e3o Preto-SP e Regi\u00e3o&quot;","block_context":{"text":"Not\u00edcias de Ribeir\u00e3o Preto-SP e Regi\u00e3o","link":"https:\/\/noticiasribeiraopreto.com.br\/index.php\/category\/noticias-de-ribeirao-preto-sp-e-regiao-ismael-colosi\/"},"img":{"alt_text":"","src":"https:\/\/i0.wp.com\/noticiasribeiraopreto.com.br\/wp-content\/uploads\/2025\/10\/Copia-de-Copia-de-TAMANHO-EXATO-PARA-FOTOS-NO-SISTEMA-NOVO-2_2024-05-12_20-35-47_jpg_2024-05-12_20-35-47.webp.webp?fit=1200%2C675&ssl=1&resize=350%2C200","width":350,"height":200,"srcset":"https:\/\/i0.wp.com\/noticiasribeiraopreto.com.br\/wp-content\/uploads\/2025\/10\/Copia-de-Copia-de-TAMANHO-EXATO-PARA-FOTOS-NO-SISTEMA-NOVO-2_2024-05-12_20-35-47_jpg_2024-05-12_20-35-47.webp.webp?fit=1200%2C675&ssl=1&resize=350%2C200 1x, https:\/\/i0.wp.com\/noticiasribeiraopreto.com.br\/wp-content\/uploads\/2025\/10\/Copia-de-Copia-de-TAMANHO-EXATO-PARA-FOTOS-NO-SISTEMA-NOVO-2_2024-05-12_20-35-47_jpg_2024-05-12_20-35-47.webp.webp?fit=1200%2C675&ssl=1&resize=525%2C300 1.5x, https:\/\/i0.wp.com\/noticiasribeiraopreto.com.br\/wp-content\/uploads\/2025\/10\/Copia-de-Copia-de-TAMANHO-EXATO-PARA-FOTOS-NO-SISTEMA-NOVO-2_2024-05-12_20-35-47_jpg_2024-05-12_20-35-47.webp.webp?fit=1200%2C675&ssl=1&resize=700%2C400 2x, https:\/\/i0.wp.com\/noticiasribeiraopreto.com.br\/wp-content\/uploads\/2025\/10\/Copia-de-Copia-de-TAMANHO-EXATO-PARA-FOTOS-NO-SISTEMA-NOVO-2_2024-05-12_20-35-47_jpg_2024-05-12_20-35-47.webp.webp?fit=1200%2C675&ssl=1&resize=1050%2C600 3x"},"classes":[]},{"id":78180,"url":"https:\/\/noticiasribeiraopreto.com.br\/index.php\/2025\/10\/03\/hc-ribeirao-preto-descarta-caso-suspeito-de-intoxicacao-por-metanol\/","url_meta":{"origin":78168,"position":2},"title":"HC Ribeir\u00e3o Preto descarta caso suspeito de intoxica\u00e7\u00e3o por metanol","author":"noticiasribeiraopreto.com.br","date":"3 de October de 2025","format":false,"excerpt":"O Hospital das Cl\u00ednicas de Ribeir\u00e3o Preto informou na tarde desta sexta-feira (3) que o paciente de Barrinha, que havia sido internado por suspeita de intoxica\u00e7\u00e3o por metanol, teve o diagn\u00f3stico descartado e j\u00e1 recebeu alta. Contudo, o hospital informou que ainda investiga a situa\u00e7\u00e3o de um segundo paciente sob\u2026","rel":"","context":"In &quot;Not\u00edcias de Ribeir\u00e3o Preto-SP e Regi\u00e3o&quot;","block_context":{"text":"Not\u00edcias de Ribeir\u00e3o Preto-SP e Regi\u00e3o","link":"https:\/\/noticiasribeiraopreto.com.br\/index.php\/category\/noticias-de-ribeirao-preto-sp-e-regiao-ismael-colosi\/"},"img":{"alt_text":"","src":"https:\/\/i0.wp.com\/noticiasribeiraopreto.com.br\/wp-content\/uploads\/2025\/09\/vodka-metanol_2025-09-27_18-26-58.webp.webp?fit=1200%2C800&ssl=1&resize=350%2C200","width":350,"height":200,"srcset":"https:\/\/i0.wp.com\/noticiasribeiraopreto.com.br\/wp-content\/uploads\/2025\/09\/vodka-metanol_2025-09-27_18-26-58.webp.webp?fit=1200%2C800&ssl=1&resize=350%2C200 1x, https:\/\/i0.wp.com\/noticiasribeiraopreto.com.br\/wp-content\/uploads\/2025\/09\/vodka-metanol_2025-09-27_18-26-58.webp.webp?fit=1200%2C800&ssl=1&resize=525%2C300 1.5x, https:\/\/i0.wp.com\/noticiasribeiraopreto.com.br\/wp-content\/uploads\/2025\/09\/vodka-metanol_2025-09-27_18-26-58.webp.webp?fit=1200%2C800&ssl=1&resize=700%2C400 2x, https:\/\/i0.wp.com\/noticiasribeiraopreto.com.br\/wp-content\/uploads\/2025\/09\/vodka-metanol_2025-09-27_18-26-58.webp.webp?fit=1200%2C800&ssl=1&resize=1050%2C600 3x"},"classes":[]},{"id":78508,"url":"https:\/\/noticiasribeiraopreto.com.br\/index.php\/2025\/10\/12\/entenda-o-passo-a-passo-de-como-e-feita-a-analise-laboratorial-de-intoxicacao-por-metanol-em-ribeirao\/","url_meta":{"origin":78168,"position":3},"title":"Entenda o passo a passo de como \u00e9 feita a an\u00e1lise laboratorial de intoxica\u00e7\u00e3o por metanol em Ribeir\u00e3o","author":"noticiasribeiraopreto.com.br","date":"12 de October de 2025","format":false,"excerpt":"Em Ribeir\u00e3o Preto, o Latof-USP (Laborat\u00f3rio de Toxicologia Anal\u00edtica Forense da Universidade de S\u00e3o Paulo) desempenha papel central na confirma\u00e7\u00e3o ou descarte de casos de intoxica\u00e7\u00e3o por metanol entre pacientes de todo o estado de S\u00e3o Paulo. At\u00e9 a \u00faltima sexta-feira (10), 189 casos foram descartados ap\u00f3s an\u00e1lises cl\u00ednicas, enquanto\u2026","rel":"","context":"In &quot;Not\u00edcias de Ribeir\u00e3o Preto-SP e Regi\u00e3o&quot;","block_context":{"text":"Not\u00edcias de Ribeir\u00e3o Preto-SP e Regi\u00e3o","link":"https:\/\/noticiasribeiraopreto.com.br\/index.php\/category\/noticias-de-ribeirao-preto-sp-e-regiao-ismael-colosi\/"},"img":{"alt_text":"","src":"https:\/\/i0.wp.com\/noticiasribeiraopreto.com.br\/wp-content\/uploads\/2025\/10\/PIC-03-1024x578-1_2025-10-12_15-07-08.webp.webp?fit=1024%2C578&ssl=1&resize=350%2C200","width":350,"height":200,"srcset":"https:\/\/i0.wp.com\/noticiasribeiraopreto.com.br\/wp-content\/uploads\/2025\/10\/PIC-03-1024x578-1_2025-10-12_15-07-08.webp.webp?fit=1024%2C578&ssl=1&resize=350%2C200 1x, https:\/\/i0.wp.com\/noticiasribeiraopreto.com.br\/wp-content\/uploads\/2025\/10\/PIC-03-1024x578-1_2025-10-12_15-07-08.webp.webp?fit=1024%2C578&ssl=1&resize=525%2C300 1.5x, https:\/\/i0.wp.com\/noticiasribeiraopreto.com.br\/wp-content\/uploads\/2025\/10\/PIC-03-1024x578-1_2025-10-12_15-07-08.webp.webp?fit=1024%2C578&ssl=1&resize=700%2C400 2x"},"classes":[]},{"id":78214,"url":"https:\/\/noticiasribeiraopreto.com.br\/index.php\/2025\/10\/04\/jovem-da-regiao-de-ribeirao-morre-e-caso-e-investigado-por-suspeita-de-intoxicacao-por-metanol\/","url_meta":{"origin":78168,"position":4},"title":"Jovem da regi\u00e3o de Ribeir\u00e3o morre e caso \u00e9 investigado por suspeita de intoxica\u00e7\u00e3o por metanol","author":"noticiasribeiraopreto.com.br","date":"4 de October de 2025","format":false,"excerpt":"O estado de S\u00e3o Paulo informou que oito mortes s\u00e3o investigadas por suspeita de intoxica\u00e7\u00e3o por metanol nesta sexta-feira (3). Entre os casos, est\u00e1 um jovem de 27 anos de Cajuru, cidade da regi\u00e3o de Ribeir\u00e3o Preto. Segundo apura\u00e7\u00e3o da EPTV, a v\u00edtima morreu em 27 de setembro e, de\u2026","rel":"","context":"In &quot;Not\u00edcias de Ribeir\u00e3o Preto-SP e Regi\u00e3o&quot;","block_context":{"text":"Not\u00edcias de Ribeir\u00e3o Preto-SP e Regi\u00e3o","link":"https:\/\/noticiasribeiraopreto.com.br\/index.php\/category\/noticias-de-ribeirao-preto-sp-e-regiao-ismael-colosi\/"},"img":{"alt_text":"","src":"https:\/\/i0.wp.com\/noticiasribeiraopreto.com.br\/wp-content\/uploads\/2025\/10\/male-bartender-serving-glass-clear-drink_2025-10-04_19-54-13.webp.webp?fit=1200%2C900&ssl=1&resize=350%2C200","width":350,"height":200,"srcset":"https:\/\/i0.wp.com\/noticiasribeiraopreto.com.br\/wp-content\/uploads\/2025\/10\/male-bartender-serving-glass-clear-drink_2025-10-04_19-54-13.webp.webp?fit=1200%2C900&ssl=1&resize=350%2C200 1x, https:\/\/i0.wp.com\/noticiasribeiraopreto.com.br\/wp-content\/uploads\/2025\/10\/male-bartender-serving-glass-clear-drink_2025-10-04_19-54-13.webp.webp?fit=1200%2C900&ssl=1&resize=525%2C300 1.5x, https:\/\/i0.wp.com\/noticiasribeiraopreto.com.br\/wp-content\/uploads\/2025\/10\/male-bartender-serving-glass-clear-drink_2025-10-04_19-54-13.webp.webp?fit=1200%2C900&ssl=1&resize=700%2C400 2x, https:\/\/i0.wp.com\/noticiasribeiraopreto.com.br\/wp-content\/uploads\/2025\/10\/male-bartender-serving-glass-clear-drink_2025-10-04_19-54-13.webp.webp?fit=1200%2C900&ssl=1&resize=1050%2C600 3x"},"classes":[]},{"id":78246,"url":"https:\/\/noticiasribeiraopreto.com.br\/index.php\/2025\/10\/07\/secretaria-de-saude-de-cidade-na-regiao-de-ribeirao-investiga-nova-morte-suspeita-de-intoxicacao-por-metanol\/","url_meta":{"origin":78168,"position":5},"title":"Secretaria de Sa\u00fade de cidade na regi\u00e3o de Ribeir\u00e3o investiga nova morte suspeita de intoxica\u00e7\u00e3o por metanol","author":"noticiasribeiraopreto.com.br","date":"7 de October de 2025","format":false,"excerpt":"A Secretaria de Sa\u00fade de Cajuru, cidade na regi\u00e3o de Ribeir\u00e3o Preto, investiga uma nova morte por suspeita de intoxica\u00e7\u00e3o por metanol. A informa\u00e7\u00e3o foi divulgada nesta segunda-feira (6). De acordo com as informa\u00e7\u00f5es da EPTV, a v\u00edtima \u00e9 uma mulher de 42 anos que foi encontrada morta dentro de\u2026","rel":"","context":"In &quot;Not\u00edcias de Ribeir\u00e3o Preto-SP e Regi\u00e3o&quot;","block_context":{"text":"Not\u00edcias de Ribeir\u00e3o Preto-SP e Regi\u00e3o","link":"https:\/\/noticiasribeiraopreto.com.br\/index.php\/category\/noticias-de-ribeirao-preto-sp-e-regiao-ismael-colosi\/"},"img":{"alt_text":"","src":"https:\/\/i0.wp.com\/noticiasribeiraopreto.com.br\/wp-content\/uploads\/2025\/10\/Copia-de-Copia-de-Copia-de-TAMANHO-EXATO-PARA-FOTOS-NO-SISTEMA-NOVO-2025-10-06T204623.707_2025-10-06_23-53-28.webp.webp?fit=1200%2C675&ssl=1&resize=350%2C200","width":350,"height":200,"srcset":"https:\/\/i0.wp.com\/noticiasribeiraopreto.com.br\/wp-content\/uploads\/2025\/10\/Copia-de-Copia-de-Copia-de-TAMANHO-EXATO-PARA-FOTOS-NO-SISTEMA-NOVO-2025-10-06T204623.707_2025-10-06_23-53-28.webp.webp?fit=1200%2C675&ssl=1&resize=350%2C200 1x, https:\/\/i0.wp.com\/noticiasribeiraopreto.com.br\/wp-content\/uploads\/2025\/10\/Copia-de-Copia-de-Copia-de-TAMANHO-EXATO-PARA-FOTOS-NO-SISTEMA-NOVO-2025-10-06T204623.707_2025-10-06_23-53-28.webp.webp?fit=1200%2C675&ssl=1&resize=525%2C300 1.5x, https:\/\/i0.wp.com\/noticiasribeiraopreto.com.br\/wp-content\/uploads\/2025\/10\/Copia-de-Copia-de-Copia-de-TAMANHO-EXATO-PARA-FOTOS-NO-SISTEMA-NOVO-2025-10-06T204623.707_2025-10-06_23-53-28.webp.webp?fit=1200%2C675&ssl=1&resize=700%2C400 2x, https:\/\/i0.wp.com\/noticiasribeiraopreto.com.br\/wp-content\/uploads\/2025\/10\/Copia-de-Copia-de-Copia-de-TAMANHO-EXATO-PARA-FOTOS-NO-SISTEMA-NOVO-2025-10-06T204623.707_2025-10-06_23-53-28.webp.webp?fit=1200%2C675&ssl=1&resize=1050%2C600 3x"},"classes":[]}],"jetpack_sharing_enabled":true,"jetpack_shortlink":"https:\/\/wp.me\/peQAOb-kkM","_links":{"self":[{"href":"https:\/\/noticiasribeiraopreto.com.br\/index.php\/wp-json\/wp\/v2\/posts\/78168","targetHints":{"allow":["GET"]}}],"collection":[{"href":"https:\/\/noticiasribeiraopreto.com.br\/index.php\/wp-json\/wp\/v2\/posts"}],"about":[{"href":"https:\/\/noticiasribeiraopreto.com.br\/index.php\/wp-json\/wp\/v2\/types\/post"}],"author":[{"embeddable":true,"href":"https:\/\/noticiasribeiraopreto.com.br\/index.php\/wp-json\/wp\/v2\/users\/1"}],"replies":[{"embeddable":true,"href":"https:\/\/noticiasribeiraopreto.com.br\/index.php\/wp-json\/wp\/v2\/comments?post=78168"}],"version-history":[{"count":0,"href":"https:\/\/noticiasribeiraopreto.com.br\/index.php\/wp-json\/wp\/v2\/posts\/78168\/revisions"}],"wp:featuredmedia":[{"embeddable":true,"href":"https:\/\/noticiasribeiraopreto.com.br\/index.php\/wp-json\/wp\/v2\/media\/78169"}],"wp:attachment":[{"href":"https:\/\/noticiasribeiraopreto.com.br\/index.php\/wp-json\/wp\/v2\/media?parent=78168"}],"wp:term":[{"taxonomy":"category","embeddable":true,"href":"https:\/\/noticiasribeiraopreto.com.br\/index.php\/wp-json\/wp\/v2\/categories?post=78168"},{"taxonomy":"post_tag","embeddable":true,"href":"https:\/\/noticiasribeiraopreto.com.br\/index.php\/wp-json\/wp\/v2\/tags?post=78168"}],"curies":[{"name":"wp","href":"https:\/\/api.w.org\/{rel}","templated":true}]}}