{"id":78170,"date":"2025-10-03T14:31:04","date_gmt":"2025-10-03T17:31:04","guid":{"rendered":"https:\/\/noticiasribeiraopreto.com.br\/index.php\/2025\/10\/03\/interior-de-sp-tem-alerta-de-perigo-potencial-veja-as-areas-afetadas\/"},"modified":"2025-10-03T14:31:04","modified_gmt":"2025-10-03T17:31:04","slug":"interior-de-sp-tem-alerta-de-perigo-potencial-veja-as-areas-afetadas","status":"publish","type":"post","link":"https:\/\/noticiasribeiraopreto.com.br\/index.php\/2025\/10\/03\/interior-de-sp-tem-alerta-de-perigo-potencial-veja-as-areas-afetadas\/","title":{"rendered":"Interior de SP tem alerta de perigo potencial; Veja as \u00e1reas afetadas"},"content":{"rendered":"<div class='code-block code-block-1' style='margin: 8px 0 8px auto; text-align: right; display: block; clear: both;'>\n<p><a href=\"https:\/\/wa.link\/vpicfd\"><img data-recalc-dims=\"1\" class=\"wp-image-4922\" style=\"aspect-ratio: 2.0253164556962027; width: 561px; height: auto;\" src=\"https:\/\/i0.wp.com\/ismaelcolosi.com.br\/wp-content\/uploads\/2023\/11\/grupo-de-empregos-whatsapp-e-facebook-ismael-colosi-vagas.jpg?ssl=1\" alt=\"\" \/><\/a><\/p>\n<!-- \/wp:image -->\n<\/div>\n<p> <br \/>\n<\/p>\n<p>O <strong><a href=\"https:\/\/alertas2.inmet.gov.br\/51843\" data-type=\"link\" data-id=\"https:\/\/alertas2.inmet.gov.br\/51843\" target=\"_blank\" rel=\"noopener\">Inmet (Instituto Nacional de Meteorologia)<\/a><\/strong> publicou um alerta de perigo potencial para baixa umidade no<strong> interior de S\u00e3o Paulo <\/strong>na tarde desta sexta-feira (3). O aviso \u00e9 v\u00e1lido at\u00e9 as 20h.<\/p>\n<p>Segundo o Inmet, a umidade relativa do ar deve variar entre 20% e 30%. As \u00e1reas afetadas s\u00e3o:<\/p>\n<ul class=\"wp-block-list\">\n<li><strong>Ribeir\u00e3o Preto<\/strong>, <strong>S\u00e3o Jos\u00e9 do Rio Preto<\/strong>, <strong>Ara\u00e7atuba<\/strong>, <strong>Campinas<\/strong>, <strong>Araraquara <\/strong>e <strong>Borborema<\/strong>.<\/li>\n<\/ul>\n<h2 class=\"wp-block-heading\"><strong>Instru\u00e7\u00f5es:<\/strong><\/h2>\n<ul class=\"wp-block-list\">\n<li>Beba bastante l\u00edquido.<\/li>\n<\/ul>\n<ul class=\"wp-block-list\">\n<li>Evite desgaste f\u00edsico nas horas mais secas.<\/li>\n<\/ul>\n<ul class=\"wp-block-list\">\n<li>Evite exposi\u00e7\u00e3o ao sol nas horas mais quentes do dia.<\/li>\n<\/ul>\n<p>Obtenha mais informa\u00e7\u00f5es junto \u00e0 Defesa Civil (telefone 199) e ao Corpo de Bombeiros (telefone 193).<\/p>\n<p>SAIBA MAIS<br \/>USP Ribeir\u00e3o Preto tem 39 pesquisadores entre os mais influentes do mundo; Veja quem s\u00e3o<\/p>\n<h2 class=\"wp-block-heading\"><strong>FIQUE ON<\/strong><\/h2>\n<p>Fique ligado em tudo que acontece em Ribeir\u00e3o Preto e regi\u00e3o. Siga os perfis do&nbsp;<strong>acidade on<\/strong>&nbsp;no<a href=\"https:\/\/www.instagram.com\/acidadeonribeirao\" target=\"_blank\" rel=\"noreferrer noopener\">&nbsp;Instagram<\/a>&nbsp;e no<a href=\"https:\/\/www.facebook.com\/acidadeonribeirao\/\" target=\"_blank\" rel=\"noreferrer noopener\">&nbsp;Facebook<\/a>.<\/p>\n<p>Receba not\u00edcias do<strong>&nbsp;acidade on<\/strong>&nbsp;no WhatsApp. Para entrar no grupo,&nbsp;basta&nbsp;<a href=\"https:\/\/chat.whatsapp.com\/I4nieTEMKlf50pJ28aMemC?mode=ac_t\" target=\"_blank\" rel=\"noreferrer noopener\">clicar aqui<\/a>. Ou, acesse o nosso<a href=\"https:\/\/whatsapp.com\/channel\/0029Vb6IQl1JENyAeS57fk2p\" target=\"_blank\" rel=\"noreferrer noopener\">&nbsp;Canal clicando aqui<\/a>.<\/p>\n<p>Fa\u00e7a uma den\u00fancia ou sugira uma reportagem sobre Ribeir\u00e3o Preto e regi\u00e3o pelo WhatsApp: 16 99117 7802.<\/p>\n<p>VEJA TAMB\u00c9M<br \/>Qual \u00e9 a pena para falsifica\u00e7\u00e3o de bebidas alco\u00f3licas?<\/p>\n<p>O post Interior de SP tem alerta de perigo potencial; Veja as \u00e1reas afetadas apareceu primeiro em ACidade ON Ribeir\u00e3o Preto.<\/p>\n<p><script async src=\"\/\/www.instagram.com\/embed.js\"><\/script><br \/>\n<br \/><br \/>\n<br \/><a href=\"https:\/\/www.acidadeon.com\/ribeiraopreto\/cotidiano\/interior-de-sp-tem-alerta-de-perigo-potencial-veja-as-areas-afetadas\/\">Source link <\/a><\/p>\n<!-- CONTENT END 1 -->\n","protected":false},"excerpt":{"rendered":"<p>O Inmet (Instituto Nacional de Meteorologia) publicou um alerta de perigo potencial para baixa umidade no interior de S\u00e3o Paulo na tarde desta sexta-feira (3)&#8230;.<\/p>\n","protected":false},"author":1,"featured_media":78171,"comment_status":"open","ping_status":"open","sticky":false,"template":"","format":"standard","meta":{"advanced_seo_description":"","jetpack_seo_html_title":"","jetpack_seo_noindex":false,"jetpack_post_was_ever_published":false,"_jetpack_newsletter_access":"","_jetpack_dont_email_post_to_subs":false,"_jetpack_newsletter_tier_id":0,"_jetpack_memberships_contains_paywalled_content":false,"_jetpack_memberships_contains_paid_content":false,"footnotes":"","jetpack_publicize_message":"","jetpack_publicize_feature_enabled":true,"jetpack_social_post_already_shared":true,"jetpack_social_options":{"image_generator_settings":{"template":"highway","default_image_id":0,"font":"","enabled":false},"version":2}},"categories":[11],"tags":[],"class_list":["post-78170","post","type-post","status-publish","format-standard","has-post-thumbnail","hentry","category-noticias-de-ribeirao-preto-sp-e-regiao-ismael-colosi"],"jetpack_publicize_connections":[],"jetpack_featured_media_url":"https:\/\/i0.wp.com\/noticiasribeiraopreto.com.br\/wp-content\/uploads\/2025\/10\/inmet_2025-10-03_16-43-43.webp.webp?fit=1200%2C750&ssl=1","jetpack-related-posts":[{"id":74856,"url":"https:\/\/noticiasribeiraopreto.com.br\/index.php\/2025\/07\/30\/alerta-de-perigo-potencial-e-emitido-para-o-interior-de-sp-veja-cidades-afetadas\/","url_meta":{"origin":78170,"position":0},"title":"Alerta de perigo potencial \u00e9 emitido para o interior de SP; Veja cidades afetadas","author":"noticiasribeiraopreto.com.br","date":"30 de July de 2025","format":false,"excerpt":"O Inmet (Instituto Nacional de Meteorologia) publicou um alerta de \u201cperigo potencial\u201d para baixa umidade no interior de S\u00e3o Paulo. Ribeir\u00e3o Preto e cidades da regi\u00e3o est\u00e3o inclu\u00eddas na faixa amarela, a primeira em uma escala at\u00e9 tr\u00eas n\u00edveis de severidade, que abrange grande parte do estado paulista. O aviso\u2026","rel":"","context":"In &quot;Not\u00edcias de Ribeir\u00e3o Preto-SP e Regi\u00e3o&quot;","block_context":{"text":"Not\u00edcias de Ribeir\u00e3o Preto-SP e Regi\u00e3o","link":"https:\/\/noticiasribeiraopreto.com.br\/index.php\/category\/noticias-de-ribeirao-preto-sp-e-regiao-ismael-colosi\/"},"img":{"alt_text":"","src":"https:\/\/i0.wp.com\/noticiasribeiraopreto.com.br\/wp-content\/uploads\/2025\/07\/1753887463_20230711_174150-scaled.jpg?fit=1200%2C540&ssl=1&resize=350%2C200","width":350,"height":200,"srcset":"https:\/\/i0.wp.com\/noticiasribeiraopreto.com.br\/wp-content\/uploads\/2025\/07\/1753887463_20230711_174150-scaled.jpg?fit=1200%2C540&ssl=1&resize=350%2C200 1x, https:\/\/i0.wp.com\/noticiasribeiraopreto.com.br\/wp-content\/uploads\/2025\/07\/1753887463_20230711_174150-scaled.jpg?fit=1200%2C540&ssl=1&resize=525%2C300 1.5x, https:\/\/i0.wp.com\/noticiasribeiraopreto.com.br\/wp-content\/uploads\/2025\/07\/1753887463_20230711_174150-scaled.jpg?fit=1200%2C540&ssl=1&resize=700%2C400 2x, https:\/\/i0.wp.com\/noticiasribeiraopreto.com.br\/wp-content\/uploads\/2025\/07\/1753887463_20230711_174150-scaled.jpg?fit=1200%2C540&ssl=1&resize=1050%2C600 3x"},"classes":[]},{"id":55346,"url":"https:\/\/noticiasribeiraopreto.com.br\/index.php\/2024\/07\/31\/interior-de-sp-tem-alerta-do-inmet-de-perigo-potencial-veja-as-cidades\/","url_meta":{"origin":78170,"position":1},"title":"Interior de SP tem alerta do Inmet de perigo potencial; Veja as cidades","author":"noticiasribeiraopreto.com.br","date":"31 de July de 2024","format":false,"excerpt":"O Inmet (Instituto Nacional de Meteorologia) emitiu um novo alerta que coloca Ribeir\u00e3o Preto e outras cidades do interior de S\u00e3o Paulo em estado de alerta de perigo potencial, por conta da baixa umidade do ar. O aviso \u00e9 v\u00e1lido das 11h \u00e0s 19h desta quinta-feira (1) e os \u00edndices\u2026","rel":"","context":"In &quot;Not\u00edcias de Ribeir\u00e3o Preto-SP e Regi\u00e3o&quot;","block_context":{"text":"Not\u00edcias de Ribeir\u00e3o Preto-SP e Regi\u00e3o","link":"https:\/\/noticiasribeiraopreto.com.br\/index.php\/category\/noticias-de-ribeirao-preto-sp-e-regiao-ismael-colosi\/"},"img":{"alt_text":"","src":"https:\/\/i0.wp.com\/noticiasribeiraopreto.com.br\/wp-content\/uploads\/2024\/07\/Copia-de-Copia-de-TAMANHO-EXATO-PARA-FOTOS-NO-SISTEMA-NOVO-1_2024-08-01_00-38-03_png_2024-08-01_00-38-03.webp.webp?fit=1200%2C675&ssl=1&resize=350%2C200","width":350,"height":200,"srcset":"https:\/\/i0.wp.com\/noticiasribeiraopreto.com.br\/wp-content\/uploads\/2024\/07\/Copia-de-Copia-de-TAMANHO-EXATO-PARA-FOTOS-NO-SISTEMA-NOVO-1_2024-08-01_00-38-03_png_2024-08-01_00-38-03.webp.webp?fit=1200%2C675&ssl=1&resize=350%2C200 1x, https:\/\/i0.wp.com\/noticiasribeiraopreto.com.br\/wp-content\/uploads\/2024\/07\/Copia-de-Copia-de-TAMANHO-EXATO-PARA-FOTOS-NO-SISTEMA-NOVO-1_2024-08-01_00-38-03_png_2024-08-01_00-38-03.webp.webp?fit=1200%2C675&ssl=1&resize=525%2C300 1.5x, https:\/\/i0.wp.com\/noticiasribeiraopreto.com.br\/wp-content\/uploads\/2024\/07\/Copia-de-Copia-de-TAMANHO-EXATO-PARA-FOTOS-NO-SISTEMA-NOVO-1_2024-08-01_00-38-03_png_2024-08-01_00-38-03.webp.webp?fit=1200%2C675&ssl=1&resize=700%2C400 2x, https:\/\/i0.wp.com\/noticiasribeiraopreto.com.br\/wp-content\/uploads\/2024\/07\/Copia-de-Copia-de-TAMANHO-EXATO-PARA-FOTOS-NO-SISTEMA-NOVO-1_2024-08-01_00-38-03_png_2024-08-01_00-38-03.webp.webp?fit=1200%2C675&ssl=1&resize=1050%2C600 3x"},"classes":[]},{"id":85086,"url":"https:\/\/noticiasribeiraopreto.com.br\/index.php\/2026\/04\/21\/inmet-emite-alerta-para-o-interior-de-sp-veja-cidades-afetadas\/","url_meta":{"origin":78170,"position":2},"title":"Inmet emite alerta para o interior de SP; Veja cidades afetadas","author":"noticiasribeiraopreto.com.br","date":"21 de April de 2026","format":false,"excerpt":"Ler o resumo da not\u00edcia \r INMET emitiu alerta de calor intenso para o interior de S\u00e3o\u202fPaulo, v\u00e1lido at\u00e9 domingo,\u202f26\u202fde\u202fabril.\r Bloqueio atmosf\u00e9rico mant\u00e9m tempo firme e sem chuva, com umidade relativa entre 20\u202f% e 30\u202f%.\r Cidades afetadas incluem Ribeir\u00e3o\u202fPreto, Presidente\u202fPrudente, Campinas, Bauru, Piracicaba e outras da regi\u00e3o.\r O alerta orienta\u2026","rel":"","context":"In &quot;Not\u00edcias de Ribeir\u00e3o Preto-SP e Regi\u00e3o&quot;","block_context":{"text":"Not\u00edcias de Ribeir\u00e3o Preto-SP e Regi\u00e3o","link":"https:\/\/noticiasribeiraopreto.com.br\/index.php\/category\/noticias-de-ribeirao-preto-sp-e-regiao-ismael-colosi\/"},"img":{"alt_text":"","src":"https:\/\/i0.wp.com\/noticiasribeiraopreto.com.br\/wp-content\/uploads\/2026\/04\/mapa_2026-04-21_14-09-29.webp.webp?fit=1200%2C858&ssl=1&resize=350%2C200","width":350,"height":200,"srcset":"https:\/\/i0.wp.com\/noticiasribeiraopreto.com.br\/wp-content\/uploads\/2026\/04\/mapa_2026-04-21_14-09-29.webp.webp?fit=1200%2C858&ssl=1&resize=350%2C200 1x, https:\/\/i0.wp.com\/noticiasribeiraopreto.com.br\/wp-content\/uploads\/2026\/04\/mapa_2026-04-21_14-09-29.webp.webp?fit=1200%2C858&ssl=1&resize=525%2C300 1.5x, https:\/\/i0.wp.com\/noticiasribeiraopreto.com.br\/wp-content\/uploads\/2026\/04\/mapa_2026-04-21_14-09-29.webp.webp?fit=1200%2C858&ssl=1&resize=700%2C400 2x, https:\/\/i0.wp.com\/noticiasribeiraopreto.com.br\/wp-content\/uploads\/2026\/04\/mapa_2026-04-21_14-09-29.webp.webp?fit=1200%2C858&ssl=1&resize=1050%2C600 3x"},"classes":[]},{"id":75725,"url":"https:\/\/noticiasribeiraopreto.com.br\/index.php\/2025\/08\/14\/inmet-publica-alerta-de-grande-perigo-veja-cidades-afetadas-no-interior-de-sp\/","url_meta":{"origin":78170,"position":3},"title":"Inmet publica alerta de grande perigo; Veja cidades afetadas no interior de SP","author":"noticiasribeiraopreto.com.br","date":"14 de August de 2025","format":false,"excerpt":"O\u00a0Inmet (Instituto Nacional de Meteorologia)\u00a0emitiu um alerta de \u201cgrande perigo\u201d para baixa umidade no interior de S\u00e3o Paulo. Cidades da regi\u00e3o oeste e noroeste foram inclu\u00eddas na faixa vermelha, a mais extrema em uma escala at\u00e9 tr\u00eas n\u00edveis de severidade. Clique aqui\u00a0e veja todos os munic\u00edpios. Tamb\u00e9m no estado de\u2026","rel":"","context":"In &quot;Not\u00edcias de Ribeir\u00e3o Preto-SP e Regi\u00e3o&quot;","block_context":{"text":"Not\u00edcias de Ribeir\u00e3o Preto-SP e Regi\u00e3o","link":"https:\/\/noticiasribeiraopreto.com.br\/index.php\/category\/noticias-de-ribeirao-preto-sp-e-regiao-ismael-colosi\/"},"img":{"alt_text":"","src":"https:\/\/i0.wp.com\/noticiasribeiraopreto.com.br\/wp-content\/uploads\/2025\/08\/ALERTA_2025-08-14_14-33-38.webp.webp?fit=1200%2C899&ssl=1&resize=350%2C200","width":350,"height":200,"srcset":"https:\/\/i0.wp.com\/noticiasribeiraopreto.com.br\/wp-content\/uploads\/2025\/08\/ALERTA_2025-08-14_14-33-38.webp.webp?fit=1200%2C899&ssl=1&resize=350%2C200 1x, https:\/\/i0.wp.com\/noticiasribeiraopreto.com.br\/wp-content\/uploads\/2025\/08\/ALERTA_2025-08-14_14-33-38.webp.webp?fit=1200%2C899&ssl=1&resize=525%2C300 1.5x, https:\/\/i0.wp.com\/noticiasribeiraopreto.com.br\/wp-content\/uploads\/2025\/08\/ALERTA_2025-08-14_14-33-38.webp.webp?fit=1200%2C899&ssl=1&resize=700%2C400 2x, https:\/\/i0.wp.com\/noticiasribeiraopreto.com.br\/wp-content\/uploads\/2025\/08\/ALERTA_2025-08-14_14-33-38.webp.webp?fit=1200%2C899&ssl=1&resize=1050%2C600 3x"},"classes":[]},{"id":85013,"url":"https:\/\/noticiasribeiraopreto.com.br\/index.php\/2026\/04\/20\/semana-comeca-com-alerta-do-inmet-para-risco-de-baixa-umidade-no-interior-de-sp\/","url_meta":{"origin":78170,"position":4},"title":"Semana come\u00e7a com alerta do Inmet para risco de baixa umidade no interior de SP","author":"noticiasribeiraopreto.com.br","date":"20 de April de 2026","format":false,"excerpt":"Ler o resumo da not\u00edcia O Inmet emitiu alerta para risco de baixa umidade no interior de SP nesta semana. Climatempo indica que ar seco predominar\u00e1 devido a um sistema de alta press\u00e3o em n\u00edveis m\u00e9dios. As cidades afetadas incluem Presidente Prudente, S\u00e3o Jos\u00e9 do Rio Preto, Campinas, Bauru, Piracicaba,\u2026","rel":"","context":"In &quot;Not\u00edcias de Ribeir\u00e3o Preto-SP e Regi\u00e3o&quot;","block_context":{"text":"Not\u00edcias de Ribeir\u00e3o Preto-SP e Regi\u00e3o","link":"https:\/\/noticiasribeiraopreto.com.br\/index.php\/category\/noticias-de-ribeirao-preto-sp-e-regiao-ismael-colosi\/"},"img":{"alt_text":"","src":"https:\/\/i0.wp.com\/noticiasribeiraopreto.com.br\/wp-content\/uploads\/2026\/04\/mapa-sp_2026-04-20_11-27-58.webp.webp?fit=1200%2C875&ssl=1&resize=350%2C200","width":350,"height":200,"srcset":"https:\/\/i0.wp.com\/noticiasribeiraopreto.com.br\/wp-content\/uploads\/2026\/04\/mapa-sp_2026-04-20_11-27-58.webp.webp?fit=1200%2C875&ssl=1&resize=350%2C200 1x, https:\/\/i0.wp.com\/noticiasribeiraopreto.com.br\/wp-content\/uploads\/2026\/04\/mapa-sp_2026-04-20_11-27-58.webp.webp?fit=1200%2C875&ssl=1&resize=525%2C300 1.5x, https:\/\/i0.wp.com\/noticiasribeiraopreto.com.br\/wp-content\/uploads\/2026\/04\/mapa-sp_2026-04-20_11-27-58.webp.webp?fit=1200%2C875&ssl=1&resize=700%2C400 2x, https:\/\/i0.wp.com\/noticiasribeiraopreto.com.br\/wp-content\/uploads\/2026\/04\/mapa-sp_2026-04-20_11-27-58.webp.webp?fit=1200%2C875&ssl=1&resize=1050%2C600 3x"},"classes":[]},{"id":76057,"url":"https:\/\/noticiasribeiraopreto.com.br\/index.php\/2025\/08\/21\/interior-de-sp-tem-alerta-de-perigo-potencial-veja-os-locais-afetados\/","url_meta":{"origin":78170,"position":5},"title":"Interior de SP tem alerta de \u2018perigo potencial\u2019; Veja os locais afetados","author":"noticiasribeiraopreto.com.br","date":"21 de August de 2025","format":false,"excerpt":"O Inmet (Instituto Nacional de Meteorologia) publicou um novo alerta de \u201cperigo potencial\u201d para baixa umidade para o interior de S\u00e3o Paulo. O aviso \u00e9 v\u00e1lido para o per\u00edodo entre 12h desta quinta-feira (21) e 20h de sexta-feira (22). Segundo o Inmet, a umidade relativa do ar deve variar entre\u2026","rel":"","context":"In &quot;Not\u00edcias de Ribeir\u00e3o Preto-SP e Regi\u00e3o&quot;","block_context":{"text":"Not\u00edcias de Ribeir\u00e3o Preto-SP e Regi\u00e3o","link":"https:\/\/noticiasribeiraopreto.com.br\/index.php\/category\/noticias-de-ribeirao-preto-sp-e-regiao-ismael-colosi\/"},"img":{"alt_text":"","src":"https:\/\/i0.wp.com\/noticiasribeiraopreto.com.br\/wp-content\/uploads\/2025\/08\/alerta-baixa-umidade_2025-08-21_14-17-53.webp.webp?fit=1200%2C684&ssl=1&resize=350%2C200","width":350,"height":200,"srcset":"https:\/\/i0.wp.com\/noticiasribeiraopreto.com.br\/wp-content\/uploads\/2025\/08\/alerta-baixa-umidade_2025-08-21_14-17-53.webp.webp?fit=1200%2C684&ssl=1&resize=350%2C200 1x, https:\/\/i0.wp.com\/noticiasribeiraopreto.com.br\/wp-content\/uploads\/2025\/08\/alerta-baixa-umidade_2025-08-21_14-17-53.webp.webp?fit=1200%2C684&ssl=1&resize=525%2C300 1.5x, https:\/\/i0.wp.com\/noticiasribeiraopreto.com.br\/wp-content\/uploads\/2025\/08\/alerta-baixa-umidade_2025-08-21_14-17-53.webp.webp?fit=1200%2C684&ssl=1&resize=700%2C400 2x, https:\/\/i0.wp.com\/noticiasribeiraopreto.com.br\/wp-content\/uploads\/2025\/08\/alerta-baixa-umidade_2025-08-21_14-17-53.webp.webp?fit=1200%2C684&ssl=1&resize=1050%2C600 3x"},"classes":[]}],"jetpack_sharing_enabled":true,"jetpack_shortlink":"https:\/\/wp.me\/peQAOb-kkO","_links":{"self":[{"href":"https:\/\/noticiasribeiraopreto.com.br\/index.php\/wp-json\/wp\/v2\/posts\/78170","targetHints":{"allow":["GET"]}}],"collection":[{"href":"https:\/\/noticiasribeiraopreto.com.br\/index.php\/wp-json\/wp\/v2\/posts"}],"about":[{"href":"https:\/\/noticiasribeiraopreto.com.br\/index.php\/wp-json\/wp\/v2\/types\/post"}],"author":[{"embeddable":true,"href":"https:\/\/noticiasribeiraopreto.com.br\/index.php\/wp-json\/wp\/v2\/users\/1"}],"replies":[{"embeddable":true,"href":"https:\/\/noticiasribeiraopreto.com.br\/index.php\/wp-json\/wp\/v2\/comments?post=78170"}],"version-history":[{"count":0,"href":"https:\/\/noticiasribeiraopreto.com.br\/index.php\/wp-json\/wp\/v2\/posts\/78170\/revisions"}],"wp:featuredmedia":[{"embeddable":true,"href":"https:\/\/noticiasribeiraopreto.com.br\/index.php\/wp-json\/wp\/v2\/media\/78171"}],"wp:attachment":[{"href":"https:\/\/noticiasribeiraopreto.com.br\/index.php\/wp-json\/wp\/v2\/media?parent=78170"}],"wp:term":[{"taxonomy":"category","embeddable":true,"href":"https:\/\/noticiasribeiraopreto.com.br\/index.php\/wp-json\/wp\/v2\/categories?post=78170"},{"taxonomy":"post_tag","embeddable":true,"href":"https:\/\/noticiasribeiraopreto.com.br\/index.php\/wp-json\/wp\/v2\/tags?post=78170"}],"curies":[{"name":"wp","href":"https:\/\/api.w.org\/{rel}","templated":true}]}}