{"id":78172,"date":"2025-10-03T14:38:46","date_gmt":"2025-10-03T17:38:46","guid":{"rendered":"https:\/\/noticiasribeiraopreto.com.br\/index.php\/2025\/10\/03\/idoso-de-80-anos-e-preso-por-agredir-cachorra-na-regiao-de-ribeirao-preto\/"},"modified":"2025-10-03T14:38:46","modified_gmt":"2025-10-03T17:38:46","slug":"idoso-de-80-anos-e-preso-por-agredir-cachorra-na-regiao-de-ribeirao-preto","status":"publish","type":"post","link":"https:\/\/noticiasribeiraopreto.com.br\/index.php\/2025\/10\/03\/idoso-de-80-anos-e-preso-por-agredir-cachorra-na-regiao-de-ribeirao-preto\/","title":{"rendered":"Idoso de 80 anos \u00e9 preso por agredir cachorra na regi\u00e3o de Ribeir\u00e3o Preto"},"content":{"rendered":"<div class='code-block code-block-1' style='margin: 8px 0 8px auto; text-align: right; display: block; clear: both;'>\n<p><a href=\"https:\/\/wa.link\/vpicfd\"><img data-recalc-dims=\"1\" class=\"wp-image-4922\" style=\"aspect-ratio: 2.0253164556962027; width: 561px; height: auto;\" src=\"https:\/\/i0.wp.com\/ismaelcolosi.com.br\/wp-content\/uploads\/2023\/11\/grupo-de-empregos-whatsapp-e-facebook-ismael-colosi-vagas.jpg?ssl=1\" alt=\"\" \/><\/a><\/p>\n<!-- \/wp:image -->\n<\/div>\n<p> <br \/>\n<\/p>\n<div data-td-block-uid=\"tdi_95\">\n<div class=\"tdb-block-inner td-fix-index\">\n<p><strong>Um homem de 80 anos foi preso suspeito de agredir uma cachorra na tarde desta quinta-feira (2), em Aramina, a 120 quil\u00f4metros de Ribeir\u00e3o Preto. <\/strong>O <strong>animal <\/strong>foi <strong>socorrido <\/strong>e recebeu\u00a0 <strong>atendimento veterin\u00e1rio<\/strong>.<\/p>\n<p><mark style=\"background-color:#fcb900\" class=\"has-inline-color has-black-color\">Segundo o boletim de ocorr\u00eancia (BO), o idoso teria amarrado a cachorra, que vive pelas ruas, e utilizado um galho de \u00e1rvore para bater contra a cabe\u00e7a do animal.<\/mark> O fato ocorreu na rua Ars\u00eanio Rodrigues Rosa, no bairro Brej\u00e3o.<\/p>\n<p>Ainda conforme o registro, o homem teria alegado que a cachorra havia atacado e matado galinhas de sua propriedade, que circulavam soltas pela via p\u00fablica.<\/p>\n<p>Tamb\u00e9m consta no BO que n\u00e3o foram encontradas galinhas mortas nas proximidades do local.<\/p>\n<p>Conforme o registro, diante da como\u00e7\u00e3o de populares e do choro de crian\u00e7as, o idoso desamarrou a cachorra e teria afirmado que a levaria para o mato, mas foi impedido pelos moradores.<\/p>\n<p>Um veterin\u00e1rio municipal prestou socorro ao animal, que segue em recupera\u00e7\u00e3o.<\/p>\n<p>O caso foi registrado na Delegacia Seccional de Franca como praticar ato de abuso a animais.<\/p>\n<p>O homem foi encaminhado \u00e0 cadeia p\u00fablica do Jardim Guanabara, em Franca, e ainda dever\u00e1 passar por audi\u00eancia de cust\u00f3dia.<\/p>\n<p>SAIBA MAIS<\/p>\n<p>MP denuncia pai que postava filho de 10 anos em manobras com moto<\/p>\n<h2 class=\"wp-block-heading\"><strong>FIQUE ON<\/strong><\/h2>\n<p>Fique ligado em tudo que acontece em Ribeir\u00e3o Preto e regi\u00e3o. Siga os perfis do<strong>\u00a0acidade on<\/strong>\u00a0no<a href=\"https:\/\/www.instagram.com\/acidadeonribeirao\" target=\"_blank\" rel=\"noreferrer noopener\">\u00a0Instagram<\/a>\u00a0e no\u00a0<a href=\"https:\/\/www.facebook.com\/acidadeonribeirao\/\" target=\"_blank\" rel=\"noreferrer noopener\">Facebook<\/a>.<\/p>\n<p>Receba not\u00edcias do<strong>\u00a0acidade on\u00a0<\/strong>no WhatsApp. Para entrar no grupo,\u00a0basta<a href=\"https:\/\/chat.whatsapp.com\/I4nieTEMKlf50pJ28aMemC?mode=ac_t\" target=\"_blank\" rel=\"noreferrer noopener\">\u00a0clicar aqui<\/a>. Ou, acesse o nosso\u00a0Canal\u00a0<a href=\"https:\/\/whatsapp.com\/channel\/0029Vb6IQl1JENyAeS57fk2p\" target=\"_blank\" rel=\"noreferrer noopener\">clicando aqui<\/a>.<\/p>\n<p>Fa\u00e7a uma den\u00fancia ou sugira uma reportagem sobre Ribeir\u00e3o Preto e regi\u00e3o pelo WhatsApp: 16 99117 7802.<\/p>\n<p>VEJA TAMB\u00c9M<\/p>\n<p>Quando come\u00e7a a valer a isen\u00e7\u00e3o do IR?<\/p>\n<p><!-- AI CONTENT END 1 -->\n<\/div>\n<\/div>\n<p><script async src=\"\/\/www.instagram.com\/embed.js\"><\/script><br \/>\n<br \/><br \/>\n<br \/><a href=\"https:\/\/www.acidadeon.com\/ribeiraopreto\/cotidiano\/idoso-de-80-anos-e-preso-por-agredir-cachorra-na-regiao-de-ribeirao-preto\/\">Source link <\/a><\/p>\n<!-- CONTENT END 1 -->\n","protected":false},"excerpt":{"rendered":"<p>Um homem de 80 anos foi preso suspeito de agredir uma cachorra na tarde desta quinta-feira (2), em Aramina, a 120 quil\u00f4metros de Ribeir\u00e3o Preto&#8230;.<\/p>\n","protected":false},"author":1,"featured_media":78173,"comment_status":"open","ping_status":"open","sticky":false,"template":"","format":"standard","meta":{"advanced_seo_description":"","jetpack_seo_html_title":"","jetpack_seo_noindex":false,"jetpack_post_was_ever_published":false,"_jetpack_newsletter_access":"","_jetpack_dont_email_post_to_subs":false,"_jetpack_newsletter_tier_id":0,"_jetpack_memberships_contains_paywalled_content":false,"_jetpack_memberships_contains_paid_content":false,"footnotes":"","jetpack_publicize_message":"","jetpack_publicize_feature_enabled":true,"jetpack_social_post_already_shared":true,"jetpack_social_options":{"image_generator_settings":{"template":"highway","default_image_id":0,"font":"","enabled":false},"version":2}},"categories":[11],"tags":[],"class_list":["post-78172","post","type-post","status-publish","format-standard","has-post-thumbnail","hentry","category-noticias-de-ribeirao-preto-sp-e-regiao-ismael-colosi"],"jetpack_publicize_connections":[],"jetpack_featured_media_url":"https:\/\/i0.wp.com\/noticiasribeiraopreto.com.br\/wp-content\/uploads\/2025\/10\/WhatsApp-Image-2025-10-03-at-12.07.55_2025-10-03_15-32-52.webp.webp?fit=1200%2C675&ssl=1","jetpack-related-posts":[{"id":81822,"url":"https:\/\/noticiasribeiraopreto.com.br\/index.php\/2026\/01\/27\/homem-e-preso-na-regiao-acusado-de-ter-arrastado-cachorra-prenha-ate-a-morte\/","url_meta":{"origin":78172,"position":0},"title":"Homem \u00e9 preso na regi\u00e3o acusado de ter arrastado cachorra prenha at\u00e9 a morte","author":"noticiasribeiraopreto.com.br","date":"27 de January de 2026","format":false,"excerpt":"\r Al\u00e9m da cachorra, os 10 filhotes que estavam sendo gestados tamb\u00e9m morreram na a\u00e7\u00e3o; homem foi preso em flagrante\r \r 26 de janeiro de 2026 11:4126 de janeiro de 2026 11:52 \r Compartilhar5 Por: Adalberto Luque \u2013 Um homem de 65 anos, foi preso em flagrante, ap\u00f3s ter arrastado\u2026","rel":"","context":"In &quot;Not\u00edcias de Ribeir\u00e3o Preto-SP e Regi\u00e3o&quot;","block_context":{"text":"Not\u00edcias de Ribeir\u00e3o Preto-SP e Regi\u00e3o","link":"https:\/\/noticiasribeiraopreto.com.br\/index.php\/category\/noticias-de-ribeirao-preto-sp-e-regiao-ismael-colosi\/"},"img":{"alt_text":"","src":"https:\/\/i0.wp.com\/noticiasribeiraopreto.com.br\/wp-content\/uploads\/2026\/01\/26-jan-2025-arrastoucachorra0-scaled.jpg?fit=1200%2C675&ssl=1&resize=350%2C200","width":350,"height":200,"srcset":"https:\/\/i0.wp.com\/noticiasribeiraopreto.com.br\/wp-content\/uploads\/2026\/01\/26-jan-2025-arrastoucachorra0-scaled.jpg?fit=1200%2C675&ssl=1&resize=350%2C200 1x, https:\/\/i0.wp.com\/noticiasribeiraopreto.com.br\/wp-content\/uploads\/2026\/01\/26-jan-2025-arrastoucachorra0-scaled.jpg?fit=1200%2C675&ssl=1&resize=525%2C300 1.5x, https:\/\/i0.wp.com\/noticiasribeiraopreto.com.br\/wp-content\/uploads\/2026\/01\/26-jan-2025-arrastoucachorra0-scaled.jpg?fit=1200%2C675&ssl=1&resize=700%2C400 2x, https:\/\/i0.wp.com\/noticiasribeiraopreto.com.br\/wp-content\/uploads\/2026\/01\/26-jan-2025-arrastoucachorra0-scaled.jpg?fit=1200%2C675&ssl=1&resize=1050%2C600 3x"},"classes":[]},{"id":39421,"url":"https:\/\/noticiasribeiraopreto.com.br\/index.php\/2024\/02\/26\/idoso-e-preso-suspeito-de-agredir-e-atropelar-vizinhas-durante-confusao-em-ribeirao\/","url_meta":{"origin":78172,"position":1},"title":"Idoso \u00e9 preso suspeito de agredir e atropelar vizinhas durante confus\u00e3o em Ribeir\u00e3o","author":"noticiasribeiraopreto.com.br","date":"26 de February de 2024","format":false,"excerpt":"Um homem de 72 anos foi preso neste s\u00e1bado (24), suspeito de agredir e atropelar vizinhas durante uma confus\u00e3o, na Vila Abranches, zona Leste de Ribeir\u00e3o Preto. De acordo com o\u00a0boletim de ocorr\u00eancia (BO), uma equipe da\u00a0PM (Pol\u00edcia Militar)\u00a0foi acionada por volta das 1h para atender a um chamado por\u2026","rel":"","context":"In &quot;Not\u00edcias de Ribeir\u00e3o Preto-SP e Regi\u00e3o&quot;","block_context":{"text":"Not\u00edcias de Ribeir\u00e3o Preto-SP e Regi\u00e3o","link":"https:\/\/noticiasribeiraopreto.com.br\/index.php\/category\/noticias-de-ribeirao-preto-sp-e-regiao-ismael-colosi\/"},"img":{"alt_text":"","src":"https:\/\/i0.wp.com\/noticiasribeiraopreto.com.br\/wp-content\/uploads\/2024\/02\/1708953228_HomemmorreapscairdeandaimeenquantotrabalhavaemRibeiroPreto_Tamanho_2_image.jpg?fit=1200%2C900&ssl=1&resize=350%2C200","width":350,"height":200,"srcset":"https:\/\/i0.wp.com\/noticiasribeiraopreto.com.br\/wp-content\/uploads\/2024\/02\/1708953228_HomemmorreapscairdeandaimeenquantotrabalhavaemRibeiroPreto_Tamanho_2_image.jpg?fit=1200%2C900&ssl=1&resize=350%2C200 1x, https:\/\/i0.wp.com\/noticiasribeiraopreto.com.br\/wp-content\/uploads\/2024\/02\/1708953228_HomemmorreapscairdeandaimeenquantotrabalhavaemRibeiroPreto_Tamanho_2_image.jpg?fit=1200%2C900&ssl=1&resize=525%2C300 1.5x, https:\/\/i0.wp.com\/noticiasribeiraopreto.com.br\/wp-content\/uploads\/2024\/02\/1708953228_HomemmorreapscairdeandaimeenquantotrabalhavaemRibeiroPreto_Tamanho_2_image.jpg?fit=1200%2C900&ssl=1&resize=700%2C400 2x, https:\/\/i0.wp.com\/noticiasribeiraopreto.com.br\/wp-content\/uploads\/2024\/02\/1708953228_HomemmorreapscairdeandaimeenquantotrabalhavaemRibeiroPreto_Tamanho_2_image.jpg?fit=1200%2C900&ssl=1&resize=1050%2C600 3x"},"classes":[]},{"id":78426,"url":"https:\/\/noticiasribeiraopreto.com.br\/index.php\/2025\/10\/10\/cachorra-morre-apos-ser-resgatada-e-tutor-e-preso-por-maus-tratos\/","url_meta":{"origin":78172,"position":2},"title":"Cachorra morre ap\u00f3s ser resgatada e tutor \u00e9 preso por maus-tratos","author":"noticiasribeiraopreto.com.br","date":"10 de October de 2025","format":false,"excerpt":"Um homem foi preso por maus-tratos a uma cachorra em um s\u00edtio localizado na zona rural de Cristais Paulista, a 100 quil\u00f4metros de Ribeir\u00e3o Preto. O animal, chamado de Lola, chegou a ser resgatado e levado a uma cl\u00ednica, mas n\u00e3o resistiu e morreu. A Pol\u00edcia Civil informou que a\u2026","rel":"","context":"In &quot;Not\u00edcias de Ribeir\u00e3o Preto-SP e Regi\u00e3o&quot;","block_context":{"text":"Not\u00edcias de Ribeir\u00e3o Preto-SP e Regi\u00e3o","link":"https:\/\/noticiasribeiraopreto.com.br\/index.php\/category\/noticias-de-ribeirao-preto-sp-e-regiao-ismael-colosi\/"},"img":{"alt_text":"","src":"https:\/\/i0.wp.com\/noticiasribeiraopreto.com.br\/wp-content\/uploads\/2025\/10\/cachorra_2025-10-10_13-11-53.webp.webp?fit=1200%2C738&ssl=1&resize=350%2C200","width":350,"height":200,"srcset":"https:\/\/i0.wp.com\/noticiasribeiraopreto.com.br\/wp-content\/uploads\/2025\/10\/cachorra_2025-10-10_13-11-53.webp.webp?fit=1200%2C738&ssl=1&resize=350%2C200 1x, https:\/\/i0.wp.com\/noticiasribeiraopreto.com.br\/wp-content\/uploads\/2025\/10\/cachorra_2025-10-10_13-11-53.webp.webp?fit=1200%2C738&ssl=1&resize=525%2C300 1.5x, https:\/\/i0.wp.com\/noticiasribeiraopreto.com.br\/wp-content\/uploads\/2025\/10\/cachorra_2025-10-10_13-11-53.webp.webp?fit=1200%2C738&ssl=1&resize=700%2C400 2x, https:\/\/i0.wp.com\/noticiasribeiraopreto.com.br\/wp-content\/uploads\/2025\/10\/cachorra_2025-10-10_13-11-53.webp.webp?fit=1200%2C738&ssl=1&resize=1050%2C600 3x"},"classes":[]},{"id":74695,"url":"https:\/\/noticiasribeiraopreto.com.br\/index.php\/2025\/07\/27\/tutora-e-cachorra-ficam-feridas-apos-ataque-de-pit-bull-em-praca-na-zona-sul-de-ribeirao-preto-video\/","url_meta":{"origin":78172,"position":3},"title":"Tutora e cachorra ficam feridas ap\u00f3s ataque de pit bull em pra\u00e7a na zona Sul de Ribeir\u00e3o Preto; V\u00eddeo","author":"noticiasribeiraopreto.com.br","date":"27 de July de 2025","format":false,"excerpt":"Uma tutora e a sua cachorra ficaram feridas ap\u00f3s o ataque de um c\u00e3o da ra\u00e7a pit bull em uma pra\u00e7a no Alto da Boa Vista, zona Sul de Ribeir\u00e3o Preto. Assista ao v\u00eddeo abaixo. A v\u00edtima fazia um passeio com o sua cachorra, quando o pit bull teria escapado\u2026","rel":"","context":"In &quot;Not\u00edcias de Ribeir\u00e3o Preto-SP e Regi\u00e3o&quot;","block_context":{"text":"Not\u00edcias de Ribeir\u00e3o Preto-SP e Regi\u00e3o","link":"https:\/\/noticiasribeiraopreto.com.br\/index.php\/category\/noticias-de-ribeirao-preto-sp-e-regiao-ismael-colosi\/"},"img":{"alt_text":"","src":"https:\/\/i0.wp.com\/noticiasribeiraopreto.com.br\/wp-content\/uploads\/2025\/07\/WhatsApp-Image-2025-07-27-at-13.09.09_2025-07-27_16-10-40.webp.webp?fit=1200%2C703&ssl=1&resize=350%2C200","width":350,"height":200,"srcset":"https:\/\/i0.wp.com\/noticiasribeiraopreto.com.br\/wp-content\/uploads\/2025\/07\/WhatsApp-Image-2025-07-27-at-13.09.09_2025-07-27_16-10-40.webp.webp?fit=1200%2C703&ssl=1&resize=350%2C200 1x, https:\/\/i0.wp.com\/noticiasribeiraopreto.com.br\/wp-content\/uploads\/2025\/07\/WhatsApp-Image-2025-07-27-at-13.09.09_2025-07-27_16-10-40.webp.webp?fit=1200%2C703&ssl=1&resize=525%2C300 1.5x, https:\/\/i0.wp.com\/noticiasribeiraopreto.com.br\/wp-content\/uploads\/2025\/07\/WhatsApp-Image-2025-07-27-at-13.09.09_2025-07-27_16-10-40.webp.webp?fit=1200%2C703&ssl=1&resize=700%2C400 2x, https:\/\/i0.wp.com\/noticiasribeiraopreto.com.br\/wp-content\/uploads\/2025\/07\/WhatsApp-Image-2025-07-27-at-13.09.09_2025-07-27_16-10-40.webp.webp?fit=1200%2C703&ssl=1&resize=1050%2C600 3x"},"classes":[]},{"id":63677,"url":"https:\/\/noticiasribeiraopreto.com.br\/index.php\/2025\/02\/19\/idoso-e-preso-por-embriaguez-apos-bater-o-carro-na-regiao-de-ribeirao-preto\/","url_meta":{"origin":78172,"position":4},"title":"Idoso \u00e9 preso por embriaguez ap\u00f3s bater o carro na regi\u00e3o de Ribeir\u00e3o Preto","author":"noticiasribeiraopreto.com.br","date":"19 de February de 2025","format":false,"excerpt":"Um homem de 71 anos foi preso por embriaguez ao volante na noite desta ter\u00e7a-feira (18), ap\u00f3s bater o carro em Brodowski, na regi\u00e3o de Ribeir\u00e3o Preto. Segundo o boletim de ocorr\u00eancia (BO), o motorista invadiu a faixa contr\u00e1ria da rua Capit\u00e3o Jo\u00e3o Pereira Ramos e atingiu outro carro que\u2026","rel":"","context":"In &quot;Not\u00edcias de Ribeir\u00e3o Preto-SP e Regi\u00e3o&quot;","block_context":{"text":"Not\u00edcias de Ribeir\u00e3o Preto-SP e Regi\u00e3o","link":"https:\/\/noticiasribeiraopreto.com.br\/index.php\/category\/noticias-de-ribeirao-preto-sp-e-regiao-ismael-colosi\/"},"img":{"alt_text":"","src":"https:\/\/noticiasribeiraopreto.com.br\/wp-content\/uploads\/2025\/02\/plantao-policial-saocarlos.jpe","width":350,"height":200,"srcset":"https:\/\/noticiasribeiraopreto.com.br\/wp-content\/uploads\/2025\/02\/plantao-policial-saocarlos.jpe 1x, https:\/\/noticiasribeiraopreto.com.br\/wp-content\/uploads\/2025\/02\/plantao-policial-saocarlos.jpe 1.5x, https:\/\/noticiasribeiraopreto.com.br\/wp-content\/uploads\/2025\/02\/plantao-policial-saocarlos.jpe 2x, https:\/\/noticiasribeiraopreto.com.br\/wp-content\/uploads\/2025\/02\/plantao-policial-saocarlos.jpe 3x"},"classes":[]},{"id":81387,"url":"https:\/\/noticiasribeiraopreto.com.br\/index.php\/2026\/01\/04\/policia-identifica-motorista-que-atropelou-e-matou-cachorra-na-regiao-de-ribeirao-preto-video\/","url_meta":{"origin":78172,"position":5},"title":"Pol\u00edcia identifica motorista que atropelou e matou cachorra na regi\u00e3o de Ribeir\u00e3o Preto; V\u00eddeo","author":"noticiasribeiraopreto.com.br","date":"4 de January de 2026","format":false,"excerpt":"A Pol\u00edcia Civil identificou o motorista que atropelou e matou uma cachorra no Jardim Boa Vista, em Sales Oliveira, a 50 quil\u00f4metros de Ribeir\u00e3o Preto. O atropelamento da cadela Pipoca ocorreu no \u00faltimo dia 28 de dezembro e o condutor foi identificado neste s\u00e1bado (3). Assista ao v\u00eddeo abaixo. Imagens\u2026","rel":"","context":"In &quot;Not\u00edcias de Ribeir\u00e3o Preto-SP e Regi\u00e3o&quot;","block_context":{"text":"Not\u00edcias de Ribeir\u00e3o Preto-SP e Regi\u00e3o","link":"https:\/\/noticiasribeiraopreto.com.br\/index.php\/category\/noticias-de-ribeirao-preto-sp-e-regiao-ismael-colosi\/"},"img":{"alt_text":"","src":"https:\/\/i0.wp.com\/noticiasribeiraopreto.com.br\/wp-content\/uploads\/2026\/01\/WhatsApp-Image-2026-01-03-at-14.21.24_2026-01-03_21-53-57-e1767477261343.webp.webp?fit=1200%2C892&ssl=1&resize=350%2C200","width":350,"height":200,"srcset":"https:\/\/i0.wp.com\/noticiasribeiraopreto.com.br\/wp-content\/uploads\/2026\/01\/WhatsApp-Image-2026-01-03-at-14.21.24_2026-01-03_21-53-57-e1767477261343.webp.webp?fit=1200%2C892&ssl=1&resize=350%2C200 1x, https:\/\/i0.wp.com\/noticiasribeiraopreto.com.br\/wp-content\/uploads\/2026\/01\/WhatsApp-Image-2026-01-03-at-14.21.24_2026-01-03_21-53-57-e1767477261343.webp.webp?fit=1200%2C892&ssl=1&resize=525%2C300 1.5x, https:\/\/i0.wp.com\/noticiasribeiraopreto.com.br\/wp-content\/uploads\/2026\/01\/WhatsApp-Image-2026-01-03-at-14.21.24_2026-01-03_21-53-57-e1767477261343.webp.webp?fit=1200%2C892&ssl=1&resize=700%2C400 2x, https:\/\/i0.wp.com\/noticiasribeiraopreto.com.br\/wp-content\/uploads\/2026\/01\/WhatsApp-Image-2026-01-03-at-14.21.24_2026-01-03_21-53-57-e1767477261343.webp.webp?fit=1200%2C892&ssl=1&resize=1050%2C600 3x"},"classes":[]}],"jetpack_sharing_enabled":true,"jetpack_shortlink":"https:\/\/wp.me\/peQAOb-kkQ","_links":{"self":[{"href":"https:\/\/noticiasribeiraopreto.com.br\/index.php\/wp-json\/wp\/v2\/posts\/78172","targetHints":{"allow":["GET"]}}],"collection":[{"href":"https:\/\/noticiasribeiraopreto.com.br\/index.php\/wp-json\/wp\/v2\/posts"}],"about":[{"href":"https:\/\/noticiasribeiraopreto.com.br\/index.php\/wp-json\/wp\/v2\/types\/post"}],"author":[{"embeddable":true,"href":"https:\/\/noticiasribeiraopreto.com.br\/index.php\/wp-json\/wp\/v2\/users\/1"}],"replies":[{"embeddable":true,"href":"https:\/\/noticiasribeiraopreto.com.br\/index.php\/wp-json\/wp\/v2\/comments?post=78172"}],"version-history":[{"count":0,"href":"https:\/\/noticiasribeiraopreto.com.br\/index.php\/wp-json\/wp\/v2\/posts\/78172\/revisions"}],"wp:featuredmedia":[{"embeddable":true,"href":"https:\/\/noticiasribeiraopreto.com.br\/index.php\/wp-json\/wp\/v2\/media\/78173"}],"wp:attachment":[{"href":"https:\/\/noticiasribeiraopreto.com.br\/index.php\/wp-json\/wp\/v2\/media?parent=78172"}],"wp:term":[{"taxonomy":"category","embeddable":true,"href":"https:\/\/noticiasribeiraopreto.com.br\/index.php\/wp-json\/wp\/v2\/categories?post=78172"},{"taxonomy":"post_tag","embeddable":true,"href":"https:\/\/noticiasribeiraopreto.com.br\/index.php\/wp-json\/wp\/v2\/tags?post=78172"}],"curies":[{"name":"wp","href":"https:\/\/api.w.org\/{rel}","templated":true}]}}