{"id":78174,"date":"2025-10-03T14:45:46","date_gmt":"2025-10-03T17:45:46","guid":{"rendered":"https:\/\/noticiasribeiraopreto.com.br\/index.php\/2025\/10\/03\/musica-teatro-e-solidariedade-confira-o-que-acontece-neste-fim-de-semana-em-ribeirao-preto\/"},"modified":"2025-10-03T14:45:46","modified_gmt":"2025-10-03T17:45:46","slug":"musica-teatro-e-solidariedade-confira-o-que-acontece-neste-fim-de-semana-em-ribeirao-preto","status":"publish","type":"post","link":"https:\/\/noticiasribeiraopreto.com.br\/index.php\/2025\/10\/03\/musica-teatro-e-solidariedade-confira-o-que-acontece-neste-fim-de-semana-em-ribeirao-preto\/","title":{"rendered":"M\u00fasica, teatro e solidariedade: confira o que acontece neste fim de semana em Ribeir\u00e3o Preto"},"content":{"rendered":"<div class='code-block code-block-1' style='margin: 8px 0 8px auto; text-align: right; display: block; clear: both;'>\n<p><a href=\"https:\/\/wa.link\/vpicfd\"><img data-recalc-dims=\"1\" class=\"wp-image-4922\" style=\"aspect-ratio: 2.0253164556962027; width: 561px; height: auto;\" src=\"https:\/\/i0.wp.com\/ismaelcolosi.com.br\/wp-content\/uploads\/2023\/11\/grupo-de-empregos-whatsapp-e-facebook-ismael-colosi-vagas.jpg?ssl=1\" alt=\"\" \/><\/a><\/p>\n<!-- \/wp:image -->\n<\/div>\n<p> <br \/>\n<\/p>\n<div>\n<p><strong>Ribeir\u00e3o Preto<\/strong> oferece diversas op\u00e7\u00f5es para aproveitar o fim de semana com a fam\u00edlia e amigos. A agenda cultural conta com atividades pagas e gratuitas, que v\u00e3o de shows, pe\u00e7as de teatro, evento solid\u00e1rio e muito mais.<\/p>\n<h2 class=\"wp-block-heading\"><strong>Tit\u00e3s<\/strong><\/h2>\n<p>A banda\u00a0<strong>Tit\u00e3s<\/strong>\u00a0se apresenta neste\u00a0<strong>s\u00e1bado (4)<\/strong>, no\u00a0<strong>Multiplan Hall<\/strong>, do\u00a0<strong>Ribeir\u00e3o Shopping<\/strong>, a partir das\u00a0<strong>21h<\/strong>. O repert\u00f3rio do show celebra as quatro d\u00e9cadas da banda de rock nacional, com sucessos como \u201cHomem Primata\u201d, \u201cBichos Escrotos\u201d, \u201cPol\u00edcia\u201d, \u201cFlores\u201d, \u201cCabe\u00e7a Dinossauro\u201d, \u201cSon\u00edfera Ilha\u201d, \u201cEpit\u00e1fio\u201d, \u201cIsso\u201d, \u201cEnquanto Houver Sol\u201d, \u201cPorque Eu Sei Que \u00e9 Amor\u201d, entre muitos outros.<\/p>\n<p>Ainda h\u00e1 ingressos dispon\u00edveis para a apresenta\u00e7\u00e3o, e podem ser adquiridos\u00a0<strong>on-line\u00a0<a href=\"https:\/\/www.ticketmaster.com.br\/event\/titas-ribeirao-preto\" target=\"_blank\" rel=\"noreferrer noopener\">(clique aqui)<\/a><\/strong>, ou na bilheteria oficial do\u00a0<strong>Multiplan Hall<\/strong>. Os pre\u00e7os variam entre\u00a0<strong>R$ 155,25<\/strong>\u00a0e\u00a0<strong>R$ 410<\/strong>.<\/p>\n<p><strong>Quando:<\/strong>\u00a04 de outubro, s\u00e1bado<br \/><strong>Hor\u00e1rio:\u00a0<\/strong>Abertura de port\u00f5es \u00e0s 19h e show \u00e0s 21h<br \/><strong>Local:\u00a0<\/strong>Multiplan Hall, Ribeir\u00e3o Shopping | avenida Coronel Fernando Ferreira Leite, 1540 \u2013 Ribeir\u00e3o Preto<br \/><strong>Ingressos:\u00a0<\/strong>A partir de R$ 155,25<\/p>\n<h2 class=\"wp-block-heading\"><strong>Confus\u00e3o no S\u00edtio, A Cuca se Deu Mal<\/strong><\/h2>\n<p>O\u00a0<strong>Teatro Municipal de Ribeir\u00e3o Preto<\/strong>\u00a0recebe no domingo (5), a partir das 15h, a pe\u00e7a com personagens do\u00a0<strong>S\u00edtio do Pica-Pau Amarelo\u00a0<\/strong>em uma nova aventura. No enredo,\u00a0<strong>Dona Benta<\/strong>,\u00a0<strong>Narizinho<\/strong>\u00a0e\u00a0<strong>Pedrinho<\/strong>\u00a0foram \u00e0 cidade e deixaram o\u00a0<strong>Visconde de Sabugosa<\/strong>\u00a0respons\u00e1vel pela casa. E ent\u00e3o, a\u00a0<strong>Cuca<\/strong>\u00a0decide colocar seu plano em pr\u00e1tica com a colabora\u00e7\u00e3o do\u00a0<strong>Saci<\/strong>. Os ingressos podem ser adquiridos\u00a0<strong>on-line\u00a0<\/strong>atrav\u00e9s do site\u00a0<strong>(<a href=\"https:\/\/megabilheteria.com\/\" target=\"_blank\" rel=\"noreferrer noopener\">clique aqui<\/a>)<\/strong>\u00a0ou ent\u00e3o na\u00a0<strong>loja Baby Center<\/strong>, na\u00a0<strong>rua Couto Magalh\u00e3es, 150<\/strong>. Os pre\u00e7os variam entre\u00a0<strong>R$ 40\u00a0<\/strong>a\u00a0<strong>R$ 60<\/strong>.<\/p>\n<p><strong>Quando:<\/strong>\u00a05 de outubro, domingo<br \/><strong>Hor\u00e1rio:\u00a0<\/strong>15h<br \/><strong>Local:<\/strong>\u00a0Teatro Municipal | Jardim Mosteiro \u2013 Ribeir\u00e3o Preto<br \/><strong>Ingressos:<\/strong>\u00a0A partir de R$ 40<\/p>\n<h2 class=\"wp-block-heading\"><strong>Brinquedo Rock<\/strong><\/h2>\n<p>Neste fim de semana acontece o <strong>Brinquedo Rock<\/strong><strong>, <\/strong>evento beneficente que une m\u00fasica ao vivo, gastronomia e solidariedade no\u00a0<strong>Espa\u00e7o Pantanal<\/strong>, no bairro\u00a0<strong>Recreio das Ac\u00e1cias<\/strong>. A programa\u00e7\u00e3o oferece shows de <strong>Creedence Cover Ribeir\u00e3o<\/strong>,\u00a0<strong>Ur\u00e2nio<\/strong>\u00a0e\u00a0<strong>Filth Factures<\/strong>, food trucks, sorteio de brindes exposi\u00e7\u00e3o de carros antigos, mostra de bikes da cultural lowbikes e feira de artesanato.<\/p>\n<p><strong>Quando:<\/strong>\u00a04 de outubro, s\u00e1bado<br \/><strong>Hor\u00e1rio:<\/strong>\u00a0A partir das 10h<br \/><strong>Local:\u00a0<\/strong>Espa\u00e7o Pantanal | rua Caetano Spadaro Cropanese, 730 \u2013 Recreio das Ac\u00e1cias \u2013 Ribeir\u00e3o Preto<br \/><strong>Entrada solid\u00e1ria\u00a0<\/strong>mediante doa\u00e7\u00e3o de um brinquedo<strong\/><\/p>\n<h2 class=\"wp-block-heading\"><strong>C\u00e3ominhada<\/strong><\/h2>\n<p>A 2\u00aa edi\u00e7\u00e3o da\u00a0<strong>C\u00e3ominhada <\/strong><strong>acontece <\/strong>neste domingo (5), com concentra\u00e7\u00e3o no\u00a0<strong>Shopping Santa \u00darsula<\/strong>, em Ribeir\u00e3o Preto, a partir das 8h30, com sa\u00edda programada para as 9h. Nesta edi\u00e7\u00e3o, ser\u00e3o disponibilizados 600 kits exclusivos, compostos por camiseta e sacola. A retirada poder\u00e1 ser feita mediante a doa\u00e7\u00e3o de 1 kg de ra\u00e7\u00e3o, no s\u00e1bado (4), das 14h \u00e0s 19h, na loja Cobasi da avenida Presidente Vargas, ou enquanto durarem os kits.<strong\/><\/p>\n<p><strong>Quando: <\/strong>5 de outubro, domingo<strong><br \/>Hor\u00e1rio: <\/strong>A partir das 9h<strong><br \/>Local: <\/strong>Concentra\u00e7\u00e3o no Shopping Santa \u00darsula | rua S\u00e3o Jos\u00e9, 933 \u2013 Higien\u00f3polis \u2013 Ribeir\u00e3o Preto<strong><br \/><\/strong>A retirada dos kits poder\u00e1 ser feita no s\u00e1bado, 4 de outubro, das 14h \u00e0s 19h, na loja Cobasi da avenida Presidente Vargas, mediante a doa\u00e7\u00e3o de 1 kg de ra\u00e7\u00e3o.<\/p>\n<h2 class=\"wp-block-heading\"><strong>Canta Girasonhos<\/strong><\/h2>\n<p>No\u00a0<strong>domingo (5)<\/strong>, \u00e0s\u00a0<strong>19h<\/strong>, a crian\u00e7ada poder\u00e1 se divertir com o espet\u00e1culo musical do grupo\u00a0<strong>Girasonhos<\/strong>. A apresenta\u00e7\u00e3o traz as principais m\u00fasicas, vinhetas e poesias compostas para os personagens do grupo, com \u201c<strong>Olha que eu Vi<\/strong>\u201d, \u201c<strong>Jurutai<\/strong>\u201d, \u201c<strong>Pipoca Silvia<\/strong>\u201d, \u201c<strong>Tesouro de Outros Ouros<\/strong>\u201d e muitas outras. Os ingressos devem ser reservados pelo site\u00a0<a href=\"https:\/\/outlook.office.com\/mail\/inbox\/id\/AAQkAGQxZDE4NTk4LTcxMzAtNDRkNC04ODQzLWU2MjRlN2NkNGYyYwAQANccNAlbTVdElEBMmuboc2g%3D\" target=\"_blank\" rel=\"noreferrer noopener\">(clique aqui).<\/a><\/p>\n<p><strong>Quando: <\/strong>5 de outubro, domingo<strong><br \/>Hor\u00e1rio: <\/strong>19h <strong><br \/>Local: <\/strong>Sesi Ribeir\u00e3o Preto | Jardim Castelo Branco \u00a0\u00a0<br \/><strong>Entrada gratuita<\/strong><\/p>\n<h2 class=\"wp-block-heading\"><strong>Oktoberfest Vila Dion\u00edsio<\/strong><\/h2>\n<p>O\u00a0<strong>Shopping Iguatemi<\/strong>, na zona Sul de\u00a0<strong>Ribeir\u00e3o Preto<\/strong>,<strong> realiza mais<\/strong> um fim de semana do\u00a0<strong>Oktoberfest Vila Dion\u00edsio<\/strong>. Com\u00a0<strong>entrada gratuita<\/strong>, o evento acontece no estacionamento da Tok&amp;Stok e promete\u00a0<strong>gastronomia<\/strong>,\u00a0<strong>cervejas especiais<\/strong>,\u00a0<strong>shows\u00a0<\/strong>e muita divers\u00e3o para toda a fam\u00edlia. Nesta sexta-feira, a programa\u00e7\u00e3o come\u00e7a \u00e0s 17h, enquanto no s\u00e1bado e domingo, as atividades iniciam a partir das 12h.<\/p>\n<p>Entre os dias 3 a 5 de outubro, o evento recebe shows de Acaso Mans\u00e3o, Nil Guimar\u00e3es, Go Back, Rock 1990, Cometz, Cometz Queen Cover, Beto Leoneti, Space Loops e Paradise.<\/p>\n<p><strong>Quando:<\/strong> 25 a 28 de setembro e 02 a 05 de outubro<br \/><strong>Hor\u00e1rio:<\/strong> Quinta e sexta, a partir das 17h\/ S\u00e1bado e domingo, a partir das 12h<br \/><strong>Local:<\/strong> estacionamento em frente \u00e0 Tok&amp;Stok do Shopping Iguatemi \u2013 avenida Luiz Eduardo Toledo Prado, 900 \u2013 Vila do Golfe \u2013 Ribeir\u00e3o Preto<br \/><strong>Entrada ao evento gratuita<\/strong>. Consumo pago.<\/p>\n<h2 class=\"wp-block-heading\"><strong>Concertos USP na Catedral<\/strong><\/h2>\n<p>A<strong> Catedral Metropolitana<\/strong> recebe neste <strong>domingo (5)<\/strong>, \u00e0s <strong>20h<\/strong>, mais uma edi\u00e7\u00e3o do <strong>Concertos USP na Catedral<\/strong>. Os alunos de gradua\u00e7\u00e3o do Departamento de M\u00fasica da Faculdade de Filosofia, Ci\u00eancias e Letras da USP de Ribeir\u00e3o Preto (FFCLRP-USP).<\/p>\n<p>O repert\u00f3rio trar\u00e1 obras de nomes consagrados como Johann Sebastian Bach, Geoger Philipp Telemann, Grazyna Bacewicz e Pixinguinha, al\u00e9m de pe\u00e7as in\u00e9ditas da compositora C\u00e1ssia Carrascoza. A entrada \u00e9 gratuita.<\/p>\n<p><strong>Quando:\u00a0<\/strong>5 de outubro, domingo<strong><br \/>Hor\u00e1rio:\u00a0<\/strong>20h<strong><br \/>Local:\u00a0<\/strong>Catedral Metropolitana de Ribeir\u00e3o Preto | rua Flor\u00eancio de Abreu, s\/n \u2013 Centro \u00a0\u2013 Ribeir\u00e3o Preto<strong><br \/>Entrada gratuita<\/strong><\/p>\n<h2 class=\"wp-block-heading\"><strong>Projeto Tocando a Vida<\/strong><\/h2>\n<p>Alunos e professores do <strong>Projeto Tocando a Vida<\/strong> apresentam uma homenagem ao padre <strong>Jo\u00e3o R\u00edpolli<\/strong>. O concerto acontece no Frasol, localizado na rua Floriano Leite Ribeiro, 345, no Parque Ribeir\u00e3o.<\/p>\n<p><strong>Quando: <\/strong>3 de outubro, sexta-feira \u00a0<br \/><strong>Hor\u00e1rio: <\/strong>11h30<strong><br \/>Local: <\/strong>Frasol | rua Floriano Leite Ribeiro, 345 \u2013 Parque Ribeir\u00e3o  \u2013 Ribeir\u00e3o Preto<br \/><strong>Entrada gratuita <\/strong>\u00a0\u00a0<\/p>\n<h2 class=\"wp-block-heading\"><strong>A Vingan\u00e7a do Judeu<\/strong><\/h2>\n<p>A pe\u00e7a \u201cA Vingan\u00e7a do Judeu\u201d chega ao palco do\u00a0<strong>Teatro Municipal de Ribeir\u00e3o Preto<\/strong>\u00a0neste domingo (5), \u00e0s 19h. A adapta\u00e7\u00e3o teatral retrata a influ\u00eancia do\u00a0<strong>Espiritismo<\/strong>\u00a0na sociedade. Os ingressos est\u00e3o dispon\u00edveis e podem ser adquiridos\u00a0<strong>on-line<\/strong>\u00a0<strong><a href=\"https:\/\/megabilheteria.com\/evento?id=20250222115448\" target=\"_blank\" rel=\"noreferrer noopener\">(clique aqui)<\/a><\/strong>\u00a0 e\u00a0<strong>presencialmente <\/strong>na\u00a0<strong>CNA<\/strong>\u00a0da\u00a0<strong>rua Campos Salles, 730<\/strong>. Os pre\u00e7os variam entre\u00a0<strong>R$ 80\u00a0<\/strong>(inteira),\u00a0<strong>R$ 60\u00a0<\/strong>(meia solid\u00e1ria) e\u00a0<strong>R$ 40\u00a0<\/strong>(meia-entrada).<\/p>\n<p><strong>Quando:<\/strong>\u00a05 de outubro, domingo<br \/><strong>Hor\u00e1rio:\u00a0<\/strong>19h<br \/><strong>Local:\u00a0<\/strong>Theatro Pedro II | rua \u00c1lvares Cabral, 370 \u2013 Centro \u2013 Ribeir\u00e3o Preto<br \/><strong>Ingressos:\u00a0<\/strong>A partir de R$ 40<\/p>\n<h2 class=\"wp-block-heading\"><strong>Sarau da Biblioteca<\/strong><\/h2>\n<p><strong>Maria H. R. de Oliveira <\/strong>e<strong> Emaye Natalia Marques <\/strong>promovem nesta<strong> sexta-feira (3) <\/strong>um sarau,<strong> na Biblioteca do Sesc.<\/strong> A iniciativa promove a diversifica\u00e7\u00e3o em formas art\u00edstica, ligadas \u00e0 oralidade, homenageando um grupo ou artista local, celebrando a cultura e a criatividade regional.<\/p>\n<p><strong>Quando: <\/strong>3 de outubro, sexta-feira<br \/><strong>Hor\u00e1rio: <\/strong>A partir das 19h <strong><br \/>Local: <\/strong>Sesc Ribeir\u00e3o Preto | rua Tibiri\u00e7\u00e1, 50 \u2013 Centro \u2013 Ribeir\u00e3o Preto<br \/><strong>Gratuita<\/strong><\/p>\n<h2 class=\"wp-block-heading\"><strong>Concerto Internacional \u2013 \u00cdmpeto e Tempestade<\/strong><\/h2>\n<p>A Orquestra Sinf\u00f4nica de Ribeir\u00e3o Preto apresenta neste s\u00e1bado (4) ao lado flautista S\u00e9rgio Cerri, o \u201cConcerto Internacional \u2013 \u00cdmpeto e Tempestade\u201d, no Theatro Pedro II, a partir das 19h30.<\/p>\n<p><strong>Quando: <\/strong>4 de outubro, s\u00e1bado<br \/><strong>Hor\u00e1rio: <\/strong>A partir das19h30<br \/><strong>Local: <\/strong>Theatro Pedro II | rua Tibiri\u00e7\u00e1, 70 \u2013 Centro \u2013 Ribeir\u00e3o Preto<strong><br \/>Entrada gratuita<\/strong><\/p>\n<h2 class=\"wp-block-heading\"><strong>Feira Veg<\/strong><\/h2>\n<p>A avenida <strong>Nove de Julho<\/strong> recebe mais uma edi\u00e7\u00e3o da <strong>Feira Veg<\/strong>, a partir das 9h. O evento contar\u00e1 com diversos expositores com cosm\u00e9ticos artesanais e naturais, moda sustent\u00e1vel, alimenta\u00e7\u00e3o e cal\u00e7ados artesanais, todos livres de ingredientes de origem animal ou teste em animais.<\/p>\n<p><strong>Quando: <\/strong>5 de outubro, domingo<br \/><strong>Hor\u00e1rio: <\/strong>A partir das 9h<br \/><strong>Local: <\/strong>Avenida Nove de Julho, 299 \u2013 Ribeir\u00e3o Preto<strong><br \/>Entrada gratuita<\/strong><\/p>\n<h2 class=\"wp-block-heading\"><strong>Raouf Jemni<\/strong><\/h2>\n<p>O show apresenta uma imers\u00e3o na m\u00fasica \u00e1rabe, apresentando sonoridade de instrumentos como Kanun. O repert\u00f3rio conta com m\u00fasicas tradicionais de v\u00e1rios pa\u00edses \u00e1rabes, mescladas com composi\u00e7\u00f5es autorais de Raouf.<\/p>\n<p><strong>Quando: <\/strong>5 de outubro, domingo<br \/><strong>Hor\u00e1rio: <\/strong>16h<br \/><strong>Local: <\/strong>Sesc Ribeir\u00e3o Preto | rua Tibiri\u00e7\u00e1, 50 \u2013 Centro \u2013 Ribeir\u00e3o Preto<strong><br \/>Entrada gratuita<\/strong><\/p>\n<h2 class=\"wp-block-heading\"><strong>S\u00e9rie Juventude Tem Concerto<\/strong><\/h2>\n<p>A Orquestra Sinf\u00f4nica de Ribeir\u00e3o Preto apresenta um concerto gratuito na manh\u00e3 deste domingo (5), a partir das 10h.<\/p>\n<p><strong>Quando: <\/strong>5 de outubro, domingo<br \/><strong>Hor\u00e1rio: <\/strong>10h<br \/><strong>Local: <\/strong>Theatro Pedro II | rua \u00c1lvares Cabral, 370 \u2013 Centro \u2013 Ribeir\u00e3o Preto<strong><br \/>Entrada gratuita<\/strong><\/p>\n<h2 class=\"wp-block-heading\"><strong>Baile do Naldo<\/strong><\/h2>\n<p>Naldo se apresenta no Evva Club, na zona Sul de Ribeir\u00e3o Preto neste s\u00e1bado (4). A abertura da casa est\u00e1 prevista para \u00e0s 23h. Participam do evento os artistas Muraca, EmyJ, Gabriel Guerra e Roveri. Os ingressos podem ser adquiridos on-line (clique aqui), a partir de R$ 30.<\/p>\n<p><strong>Quando: <\/strong>4 de outubro, s\u00e1bado <br \/><strong>Hor\u00e1rio: <\/strong>23h<br \/><strong>Local: <\/strong>Evva Club | avenida Itatiaia, 1050 \u2013 Alto da Boa Vista \u2013 Ribeir\u00e3o Preto<strong><br \/>Ingressos: <\/strong>A partir de R$ 30<\/p>\n<p>SAIBA MAIS<br \/>Sa\u00fade envia ampolas de ant\u00eddoto contra metanol para o HC Ribeir\u00e3o Preto<\/p>\n<h2 class=\"wp-block-heading\"><strong>FIQUE ON<\/strong><\/h2>\n<p>Fique ligado em tudo que acontece em Ribeir\u00e3o Preto e regi\u00e3o. Siga os perfis do\u00a0<strong>acidade on<\/strong>\u00a0no<a href=\"https:\/\/www.instagram.com\/acidadeonribeirao\" target=\"_blank\" rel=\"noreferrer noopener\">\u00a0Instagram\u00a0<\/a>e no\u00a0<a href=\"https:\/\/www.facebook.com\/acidadeonribeirao\/\" target=\"_blank\" rel=\"noreferrer noopener\">Facebook<\/a>.<\/p>\n<p>Receba not\u00edcias do<strong>\u00a0acidade on<\/strong>\u00a0no WhatsApp. Para entrar no grupo,\u00a0basta\u00a0<a href=\"https:\/\/chat.whatsapp.com\/I4nieTEMKlf50pJ28aMemC?mode=ac_t\" target=\"_blank\" rel=\"noreferrer noopener\">clicar aqui<\/a>. Ou, acesse o nosso\u00a0Canal\u00a0<a href=\"https:\/\/whatsapp.com\/channel\/0029Vb6IQl1JENyAeS57fk2p\" target=\"_blank\" rel=\"noreferrer noopener\">clicando aqui<\/a>.<\/p>\n<p>Fa\u00e7a uma den\u00fancia ou sugira uma reportagem sobre Ribeir\u00e3o Preto e regi\u00e3o pelo WhatsApp: 16 99117 7802.<\/p>\n<p>VEJA TAMB\u00c9M<br \/>Porque 3 de outubro \u00e9 o dia das \u2018Meninas Malvadas\u2019?<\/p>\n<p><!-- AI CONTENT END 1 -->\n<\/div>\n<p><script async src=\"\/\/www.instagram.com\/embed.js\"><\/script><br \/>\n<br \/><br \/>\n<br \/><a href=\"https:\/\/www.acidadeon.com\/ribeiraopreto\/lazer-e-cultura\/musica-teatro-e-solidariedade-confira-o-que-acontece-neste-fim-de-semana-em-ribeirao-preto\/\">Source link <\/a><\/p>\n<!-- CONTENT END 1 -->\n","protected":false},"excerpt":{"rendered":"<p>Ribeir\u00e3o Preto oferece diversas op\u00e7\u00f5es para aproveitar o fim de semana com a fam\u00edlia e amigos. A agenda cultural conta com atividades pagas e gratuitas,&#8230;<\/p>\n","protected":false},"author":1,"featured_media":78175,"comment_status":"open","ping_status":"open","sticky":false,"template":"","format":"standard","meta":{"advanced_seo_description":"","jetpack_seo_html_title":"","jetpack_seo_noindex":false,"jetpack_post_was_ever_published":false,"_jetpack_newsletter_access":"","_jetpack_dont_email_post_to_subs":false,"_jetpack_newsletter_tier_id":0,"_jetpack_memberships_contains_paywalled_content":false,"_jetpack_memberships_contains_paid_content":false,"footnotes":"","jetpack_publicize_message":"","jetpack_publicize_feature_enabled":true,"jetpack_social_post_already_shared":true,"jetpack_social_options":{"image_generator_settings":{"template":"highway","default_image_id":0,"font":"","enabled":false},"version":2}},"categories":[11],"tags":[],"class_list":["post-78174","post","type-post","status-publish","format-standard","has-post-thumbnail","hentry","category-noticias-de-ribeirao-preto-sp-e-regiao-ismael-colosi"],"jetpack_publicize_connections":[],"jetpack_featured_media_url":"https:\/\/i0.wp.com\/noticiasribeiraopreto.com.br\/wp-content\/uploads\/2025\/10\/Titas-2024-credito-para-Dantas-Jr-Fotografia-68_2024-05-07_21-14-59_jpg_2024-05-07_21-15-00.webp.webp?fit=1618%2C1080&ssl=1","jetpack-related-posts":[{"id":78066,"url":"https:\/\/noticiasribeiraopreto.com.br\/index.php\/2025\/10\/01\/ribeirao-recebe-show-dos-titas-neste-fim-de-semana-ainda-ha-ingressos-disponiveis\/","url_meta":{"origin":78174,"position":0},"title":"Ribeir\u00e3o recebe show dos Tit\u00e3s neste fim de semana; ainda h\u00e1 ingressos dispon\u00edveis","author":"noticiasribeiraopreto.com.br","date":"1 de October de 2025","format":false,"excerpt":"A banda Tit\u00e3s se apresenta neste s\u00e1bado (4), no Multiplan Hall, do Ribeir\u00e3o Shopping, a partir das 21h. O repert\u00f3rio do show celebra as quatro d\u00e9cadas da banda de rock nacional. Ainda h\u00e1 ingressos dispon\u00edveis para a apresenta\u00e7\u00e3o. O show ser\u00e1 conduzido por S\u00e9rgio Britto (voz e teclado), Branco Mello\u2026","rel":"","context":"In &quot;Not\u00edcias de Ribeir\u00e3o Preto-SP e Regi\u00e3o&quot;","block_context":{"text":"Not\u00edcias de Ribeir\u00e3o Preto-SP e Regi\u00e3o","link":"https:\/\/noticiasribeiraopreto.com.br\/index.php\/category\/noticias-de-ribeirao-preto-sp-e-regiao-ismael-colosi\/"},"img":{"alt_text":"","src":"https:\/\/i0.wp.com\/noticiasribeiraopreto.com.br\/wp-content\/uploads\/2025\/10\/Tita-771s-Eletrico-Dantas-Jr-Fotografia-149_2025-10-01_12-16-50.webp.webp?fit=1200%2C800&ssl=1&resize=350%2C200","width":350,"height":200,"srcset":"https:\/\/i0.wp.com\/noticiasribeiraopreto.com.br\/wp-content\/uploads\/2025\/10\/Tita-771s-Eletrico-Dantas-Jr-Fotografia-149_2025-10-01_12-16-50.webp.webp?fit=1200%2C800&ssl=1&resize=350%2C200 1x, https:\/\/i0.wp.com\/noticiasribeiraopreto.com.br\/wp-content\/uploads\/2025\/10\/Tita-771s-Eletrico-Dantas-Jr-Fotografia-149_2025-10-01_12-16-50.webp.webp?fit=1200%2C800&ssl=1&resize=525%2C300 1.5x, https:\/\/i0.wp.com\/noticiasribeiraopreto.com.br\/wp-content\/uploads\/2025\/10\/Tita-771s-Eletrico-Dantas-Jr-Fotografia-149_2025-10-01_12-16-50.webp.webp?fit=1200%2C800&ssl=1&resize=700%2C400 2x, https:\/\/i0.wp.com\/noticiasribeiraopreto.com.br\/wp-content\/uploads\/2025\/10\/Tita-771s-Eletrico-Dantas-Jr-Fotografia-149_2025-10-01_12-16-50.webp.webp?fit=1200%2C800&ssl=1&resize=1050%2C600 3x"},"classes":[]},{"id":82831,"url":"https:\/\/noticiasribeiraopreto.com.br\/index.php\/2026\/02\/28\/ribeirao-preto-recebe-show-especial-com-integrantes-dos-titas-saiba-onde\/","url_meta":{"origin":78174,"position":1},"title":"Ribeir\u00e3o Preto recebe show especial com integrantes dos Tit\u00e3s; Saiba onde","author":"noticiasribeiraopreto.com.br","date":"28 de February de 2026","format":false,"excerpt":"O Bar Maltesa \u2013 Iraj\u00e1, recebe nesta quinta-feira (27) o projeto \u201cAmigos do Rock\u201d, reunindo integrantes da banda Tit\u00e3s, artistas que constru\u00edram suas carreiras em turn\u00eas, est\u00fadios e grandes festivais. O evento come\u00e7a \u00e0s 20h, com show de Rodolfo Ruiz. J\u00e1 \u00e0s 21h45, \u00e9 a vez de subir ao palco:\u2026","rel":"","context":"In &quot;Not\u00edcias de Ribeir\u00e3o Preto-SP e Regi\u00e3o&quot;","block_context":{"text":"Not\u00edcias de Ribeir\u00e3o Preto-SP e Regi\u00e3o","link":"https:\/\/noticiasribeiraopreto.com.br\/index.php\/category\/noticias-de-ribeirao-preto-sp-e-regiao-ismael-colosi\/"},"img":{"alt_text":"","src":"https:\/\/i0.wp.com\/noticiasribeiraopreto.com.br\/wp-content\/uploads\/2026\/02\/hostile-886029_1280_2024-09-12_13-24-43_jpg_2024-09-12_13-24-43.webp.webp?fit=1200%2C800&ssl=1&resize=350%2C200","width":350,"height":200,"srcset":"https:\/\/i0.wp.com\/noticiasribeiraopreto.com.br\/wp-content\/uploads\/2026\/02\/hostile-886029_1280_2024-09-12_13-24-43_jpg_2024-09-12_13-24-43.webp.webp?fit=1200%2C800&ssl=1&resize=350%2C200 1x, https:\/\/i0.wp.com\/noticiasribeiraopreto.com.br\/wp-content\/uploads\/2026\/02\/hostile-886029_1280_2024-09-12_13-24-43_jpg_2024-09-12_13-24-43.webp.webp?fit=1200%2C800&ssl=1&resize=525%2C300 1.5x, https:\/\/i0.wp.com\/noticiasribeiraopreto.com.br\/wp-content\/uploads\/2026\/02\/hostile-886029_1280_2024-09-12_13-24-43_jpg_2024-09-12_13-24-43.webp.webp?fit=1200%2C800&ssl=1&resize=700%2C400 2x, https:\/\/i0.wp.com\/noticiasribeiraopreto.com.br\/wp-content\/uploads\/2026\/02\/hostile-886029_1280_2024-09-12_13-24-43_jpg_2024-09-12_13-24-43.webp.webp?fit=1200%2C800&ssl=1&resize=1050%2C600 3x"},"classes":[]},{"id":53584,"url":"https:\/\/noticiasribeiraopreto.com.br\/index.php\/2024\/06\/21\/raimundos-e-encontro-de-fuscas-veja-a-programacao-do-fim-de-semana-em-ribeirao\/","url_meta":{"origin":78174,"position":2},"title":"Raimundos e Encontro de Fuscas: Veja a programa\u00e7\u00e3o do fim de semana em Ribeir\u00e3o","author":"noticiasribeiraopreto.com.br","date":"21 de June de 2024","format":false,"excerpt":"A programa\u00e7\u00e3o cultural deste fim de semana em Ribeir\u00e3o Preto recebe atividades para toda curtir com a fam\u00edlia e amigos, al\u00e9m de diversos eventos gratuitos. Entre os destaques est\u00e3o: Show dos Raimundos e Encontro de Fuscas. Confira o que fazer neste fim de semana em Ribeir\u00e3o Preto: Raimundos A banda\u2026","rel":"","context":"In &quot;Not\u00edcias de Ribeir\u00e3o Preto-SP e Regi\u00e3o&quot;","block_context":{"text":"Not\u00edcias de Ribeir\u00e3o Preto-SP e Regi\u00e3o","link":"https:\/\/noticiasribeiraopreto.com.br\/index.php\/category\/noticias-de-ribeirao-preto-sp-e-regiao-ismael-colosi\/"},"img":{"alt_text":"","src":"https:\/\/i0.wp.com\/noticiasribeiraopreto.com.br\/wp-content\/uploads\/2024\/06\/Copia-de-Copia-de-TAMANHO-EXATO-PARA-FOTOS-NO-SISTEMA-NOVO-15_2024-06-21_12-55-47_jpg_2024-06-21_12-55-47.webp.webp?fit=1200%2C675&ssl=1&resize=350%2C200","width":350,"height":200,"srcset":"https:\/\/i0.wp.com\/noticiasribeiraopreto.com.br\/wp-content\/uploads\/2024\/06\/Copia-de-Copia-de-TAMANHO-EXATO-PARA-FOTOS-NO-SISTEMA-NOVO-15_2024-06-21_12-55-47_jpg_2024-06-21_12-55-47.webp.webp?fit=1200%2C675&ssl=1&resize=350%2C200 1x, https:\/\/i0.wp.com\/noticiasribeiraopreto.com.br\/wp-content\/uploads\/2024\/06\/Copia-de-Copia-de-TAMANHO-EXATO-PARA-FOTOS-NO-SISTEMA-NOVO-15_2024-06-21_12-55-47_jpg_2024-06-21_12-55-47.webp.webp?fit=1200%2C675&ssl=1&resize=525%2C300 1.5x, https:\/\/i0.wp.com\/noticiasribeiraopreto.com.br\/wp-content\/uploads\/2024\/06\/Copia-de-Copia-de-TAMANHO-EXATO-PARA-FOTOS-NO-SISTEMA-NOVO-15_2024-06-21_12-55-47_jpg_2024-06-21_12-55-47.webp.webp?fit=1200%2C675&ssl=1&resize=700%2C400 2x, https:\/\/i0.wp.com\/noticiasribeiraopreto.com.br\/wp-content\/uploads\/2024\/06\/Copia-de-Copia-de-TAMANHO-EXATO-PARA-FOTOS-NO-SISTEMA-NOVO-15_2024-06-21_12-55-47_jpg_2024-06-21_12-55-47.webp.webp?fit=1200%2C675&ssl=1&resize=1050%2C600 3x"},"classes":[]},{"id":56043,"url":"https:\/\/noticiasribeiraopreto.com.br\/index.php\/2024\/08\/09\/henrique-e-juliano-rodrigo-bocardi-e-muito-rock-veja-a-programacao-do-fim-de-semana-em-ribeirao-preto\/","url_meta":{"origin":78174,"position":3},"title":"Henrique e Juliano, Rodrigo Bocardi e muito rock: Veja a programa\u00e7\u00e3o do fim de semana em Ribeir\u00e3o Preto","author":"noticiasribeiraopreto.com.br","date":"9 de August de 2024","format":false,"excerpt":"Ribeir\u00e3o Preto conta com uma agenda cultural recheada de op\u00e7\u00f5es para quem quer aproveitar o fim de semana. Henrique e Juliano, Rodrigo Bocardi e shows de diversas bandas de rock marcam presen\u00e7a na programa\u00e7\u00e3o. Confira: Henrique e Juliano A dupla se apresenta neste s\u00e1bado (10), no Parque Permanente de Exposi\u00e7\u00f5es,\u2026","rel":"","context":"In &quot;Not\u00edcias de Ribeir\u00e3o Preto-SP e Regi\u00e3o&quot;","block_context":{"text":"Not\u00edcias de Ribeir\u00e3o Preto-SP e Regi\u00e3o","link":"https:\/\/noticiasribeiraopreto.com.br\/index.php\/category\/noticias-de-ribeirao-preto-sp-e-regiao-ismael-colosi\/"},"img":{"alt_text":"","src":"https:\/\/i0.wp.com\/noticiasribeiraopreto.com.br\/wp-content\/uploads\/2024\/08\/Copia-de-Copia-de-TAMANHO-EXATO-PARA-FOTOS-NO-SISTEMA-NOVO-39_2024-08-09_12-48-12_jpg_2024-08-09_12-48-12.webp.webp?fit=1200%2C675&ssl=1&resize=350%2C200","width":350,"height":200,"srcset":"https:\/\/i0.wp.com\/noticiasribeiraopreto.com.br\/wp-content\/uploads\/2024\/08\/Copia-de-Copia-de-TAMANHO-EXATO-PARA-FOTOS-NO-SISTEMA-NOVO-39_2024-08-09_12-48-12_jpg_2024-08-09_12-48-12.webp.webp?fit=1200%2C675&ssl=1&resize=350%2C200 1x, https:\/\/i0.wp.com\/noticiasribeiraopreto.com.br\/wp-content\/uploads\/2024\/08\/Copia-de-Copia-de-TAMANHO-EXATO-PARA-FOTOS-NO-SISTEMA-NOVO-39_2024-08-09_12-48-12_jpg_2024-08-09_12-48-12.webp.webp?fit=1200%2C675&ssl=1&resize=525%2C300 1.5x, https:\/\/i0.wp.com\/noticiasribeiraopreto.com.br\/wp-content\/uploads\/2024\/08\/Copia-de-Copia-de-TAMANHO-EXATO-PARA-FOTOS-NO-SISTEMA-NOVO-39_2024-08-09_12-48-12_jpg_2024-08-09_12-48-12.webp.webp?fit=1200%2C675&ssl=1&resize=700%2C400 2x, https:\/\/i0.wp.com\/noticiasribeiraopreto.com.br\/wp-content\/uploads\/2024\/08\/Copia-de-Copia-de-TAMANHO-EXATO-PARA-FOTOS-NO-SISTEMA-NOVO-39_2024-08-09_12-48-12_jpg_2024-08-09_12-48-12.webp.webp?fit=1200%2C675&ssl=1&resize=1050%2C600 3x"},"classes":[]},{"id":48964,"url":"https:\/\/noticiasribeiraopreto.com.br\/index.php\/2024\/05\/07\/show-do-titas-em-ribeirao-preto-tem-ingresso-solidario-para-ajudar-vitimas-das-chuvas-no-rs\/","url_meta":{"origin":78174,"position":4},"title":"Show do Tit\u00e3s em Ribeir\u00e3o Preto tem ingresso solid\u00e1rio para ajudar v\u00edtimas das chuvas no RS","author":"noticiasribeiraopreto.com.br","date":"7 de May de 2024","format":false,"excerpt":"Em solidariedade \u00e0s v\u00edtimas das chuvas no Rio Grande do Sul, foi lan\u00e7ado nesta ter\u00e7a-feira (7), um lote solid\u00e1rio de ingressos para o show \u201cTit\u00e3s Microfonado\u201d, que acontece em Ribeir\u00e3o Preto. A apresenta\u00e7\u00e3o musical da banda de rock ser\u00e1 no s\u00e1bado (11), no Multiplan Hall, espa\u00e7o que fica dentro do\u2026","rel":"","context":"In &quot;Not\u00edcias de Ribeir\u00e3o Preto-SP e Regi\u00e3o&quot;","block_context":{"text":"Not\u00edcias de Ribeir\u00e3o Preto-SP e Regi\u00e3o","link":"https:\/\/noticiasribeiraopreto.com.br\/index.php\/category\/noticias-de-ribeirao-preto-sp-e-regiao-ismael-colosi\/"},"img":{"alt_text":"","src":"https:\/\/i0.wp.com\/noticiasribeiraopreto.com.br\/wp-content\/uploads\/2024\/05\/Titas-2024-credito-para-Dantas-Jr-Fotografia-68_2024-05-07_21-14-59_jpg_2024-05-07_21-15-00.webp.webp?fit=1200%2C801&ssl=1&resize=350%2C200","width":350,"height":200,"srcset":"https:\/\/i0.wp.com\/noticiasribeiraopreto.com.br\/wp-content\/uploads\/2024\/05\/Titas-2024-credito-para-Dantas-Jr-Fotografia-68_2024-05-07_21-14-59_jpg_2024-05-07_21-15-00.webp.webp?fit=1200%2C801&ssl=1&resize=350%2C200 1x, https:\/\/i0.wp.com\/noticiasribeiraopreto.com.br\/wp-content\/uploads\/2024\/05\/Titas-2024-credito-para-Dantas-Jr-Fotografia-68_2024-05-07_21-14-59_jpg_2024-05-07_21-15-00.webp.webp?fit=1200%2C801&ssl=1&resize=525%2C300 1.5x, https:\/\/i0.wp.com\/noticiasribeiraopreto.com.br\/wp-content\/uploads\/2024\/05\/Titas-2024-credito-para-Dantas-Jr-Fotografia-68_2024-05-07_21-14-59_jpg_2024-05-07_21-15-00.webp.webp?fit=1200%2C801&ssl=1&resize=700%2C400 2x, https:\/\/i0.wp.com\/noticiasribeiraopreto.com.br\/wp-content\/uploads\/2024\/05\/Titas-2024-credito-para-Dantas-Jr-Fotografia-68_2024-05-07_21-14-59_jpg_2024-05-07_21-15-00.webp.webp?fit=1200%2C801&ssl=1&resize=1050%2C600 3x"},"classes":[]},{"id":49346,"url":"https:\/\/noticiasribeiraopreto.com.br\/index.php\/2024\/05\/10\/o-que-fazer-em-ribeirao-preto-programacao-do-final-de-semana-tem-di-ferrero-veigh-e-titas\/","url_meta":{"origin":78174,"position":5},"title":"O que fazer em Ribeir\u00e3o Preto? Programa\u00e7\u00e3o do final de semana tem Di Ferrero, Veigh e Tit\u00e3s","author":"noticiasribeiraopreto.com.br","date":"10 de May de 2024","format":false,"excerpt":"O final de semana conta com uma programa\u00e7\u00e3o cultural para quem n\u00e3o quer ficar em casa. Di Ferrero, Veigh, Tit\u00e3s e at\u00e9 mesmo um tributo ao rei do pop, Michael Jackson s\u00e3o alguns dos nomes que chegam a Ribeir\u00e3o Preto. Veja o que fazer neste final de semana em Ribeir\u00e3o:\u2026","rel":"","context":"In &quot;Not\u00edcias de Ribeir\u00e3o Preto-SP e Regi\u00e3o&quot;","block_context":{"text":"Not\u00edcias de Ribeir\u00e3o Preto-SP e Regi\u00e3o","link":"https:\/\/noticiasribeiraopreto.com.br\/index.php\/category\/noticias-de-ribeirao-preto-sp-e-regiao-ismael-colosi\/"},"img":{"alt_text":"","src":"https:\/\/i0.wp.com\/noticiasribeiraopreto.com.br\/wp-content\/uploads\/2024\/05\/titas-veigh-di-ferrero-ribeirao-preto_2024-05-10_13-14-27_jpeg_2024-05-10_13-14-27.webp.webp?fit=1200%2C675&ssl=1&resize=350%2C200","width":350,"height":200,"srcset":"https:\/\/i0.wp.com\/noticiasribeiraopreto.com.br\/wp-content\/uploads\/2024\/05\/titas-veigh-di-ferrero-ribeirao-preto_2024-05-10_13-14-27_jpeg_2024-05-10_13-14-27.webp.webp?fit=1200%2C675&ssl=1&resize=350%2C200 1x, https:\/\/i0.wp.com\/noticiasribeiraopreto.com.br\/wp-content\/uploads\/2024\/05\/titas-veigh-di-ferrero-ribeirao-preto_2024-05-10_13-14-27_jpeg_2024-05-10_13-14-27.webp.webp?fit=1200%2C675&ssl=1&resize=525%2C300 1.5x, https:\/\/i0.wp.com\/noticiasribeiraopreto.com.br\/wp-content\/uploads\/2024\/05\/titas-veigh-di-ferrero-ribeirao-preto_2024-05-10_13-14-27_jpeg_2024-05-10_13-14-27.webp.webp?fit=1200%2C675&ssl=1&resize=700%2C400 2x, https:\/\/i0.wp.com\/noticiasribeiraopreto.com.br\/wp-content\/uploads\/2024\/05\/titas-veigh-di-ferrero-ribeirao-preto_2024-05-10_13-14-27_jpeg_2024-05-10_13-14-27.webp.webp?fit=1200%2C675&ssl=1&resize=1050%2C600 3x"},"classes":[]}],"jetpack_sharing_enabled":true,"jetpack_shortlink":"https:\/\/wp.me\/peQAOb-kkS","_links":{"self":[{"href":"https:\/\/noticiasribeiraopreto.com.br\/index.php\/wp-json\/wp\/v2\/posts\/78174","targetHints":{"allow":["GET"]}}],"collection":[{"href":"https:\/\/noticiasribeiraopreto.com.br\/index.php\/wp-json\/wp\/v2\/posts"}],"about":[{"href":"https:\/\/noticiasribeiraopreto.com.br\/index.php\/wp-json\/wp\/v2\/types\/post"}],"author":[{"embeddable":true,"href":"https:\/\/noticiasribeiraopreto.com.br\/index.php\/wp-json\/wp\/v2\/users\/1"}],"replies":[{"embeddable":true,"href":"https:\/\/noticiasribeiraopreto.com.br\/index.php\/wp-json\/wp\/v2\/comments?post=78174"}],"version-history":[{"count":0,"href":"https:\/\/noticiasribeiraopreto.com.br\/index.php\/wp-json\/wp\/v2\/posts\/78174\/revisions"}],"wp:featuredmedia":[{"embeddable":true,"href":"https:\/\/noticiasribeiraopreto.com.br\/index.php\/wp-json\/wp\/v2\/media\/78175"}],"wp:attachment":[{"href":"https:\/\/noticiasribeiraopreto.com.br\/index.php\/wp-json\/wp\/v2\/media?parent=78174"}],"wp:term":[{"taxonomy":"category","embeddable":true,"href":"https:\/\/noticiasribeiraopreto.com.br\/index.php\/wp-json\/wp\/v2\/categories?post=78174"},{"taxonomy":"post_tag","embeddable":true,"href":"https:\/\/noticiasribeiraopreto.com.br\/index.php\/wp-json\/wp\/v2\/tags?post=78174"}],"curies":[{"name":"wp","href":"https:\/\/api.w.org\/{rel}","templated":true}]}}