{"id":78176,"date":"2025-10-03T14:53:45","date_gmt":"2025-10-03T17:53:45","guid":{"rendered":"https:\/\/noticiasribeiraopreto.com.br\/index.php\/2025\/10\/03\/construtora-oferece-75-vagas-de-emprego-em-obras-de-ribeirao-preto\/"},"modified":"2025-10-03T14:53:45","modified_gmt":"2025-10-03T17:53:45","slug":"construtora-oferece-75-vagas-de-emprego-em-obras-de-ribeirao-preto","status":"publish","type":"post","link":"https:\/\/noticiasribeiraopreto.com.br\/index.php\/2025\/10\/03\/construtora-oferece-75-vagas-de-emprego-em-obras-de-ribeirao-preto\/","title":{"rendered":"Construtora oferece 75 vagas de emprego em obras de Ribeir\u00e3o Preto"},"content":{"rendered":"<div class='code-block code-block-1' style='margin: 8px 0 8px auto; text-align: right; display: block; clear: both;'>\n<p><a href=\"https:\/\/wa.link\/vpicfd\"><img data-recalc-dims=\"1\" class=\"wp-image-4922\" style=\"aspect-ratio: 2.0253164556962027; width: 561px; height: auto;\" src=\"https:\/\/i0.wp.com\/ismaelcolosi.com.br\/wp-content\/uploads\/2023\/11\/grupo-de-empregos-whatsapp-e-facebook-ismael-colosi-vagas.jpg?ssl=1\" alt=\"\" \/><\/a><\/p>\n<!-- \/wp:image -->\n<\/div>\n<p> <br \/>\n<\/p>\n<div>\n<p><strong>A construtora MRV oferece 75 vagas para trabalho em obras de Ribeir\u00e3o Preto. <\/strong>As <strong>oportunidades <\/strong>s\u00e3o para <strong>fun\u00e7\u00f5es <\/strong>como <strong>servente<\/strong>, <strong>pintor<\/strong>, <strong>pedreiro<\/strong>, <strong>gesseiro<\/strong>, entre outras. \u00a0<\/p>\n<p>Todas as <strong>vagas <\/strong>estar\u00e3o <strong>dispon\u00edveis <\/strong>em uma <strong>Feira de Empregabilidade em Serrana<\/strong>, na <strong>regi\u00e3o <\/strong>de <strong>Ribeir\u00e3o<\/strong>, que acontecer\u00e1 na pr\u00f3xima <strong>segunda-feira (6)<\/strong>, das <strong>9h \u00e0s 16h<\/strong>, no <strong>PAT (Posto de Atendimento ao Trabalhador)<\/strong> do munic\u00edpio, localizado na <strong>avenida Ars\u00eanio Ramos Martins, 207, no Centro<\/strong>.<\/p>\n<h2 class=\"wp-block-heading\"><strong>Veja as vagas e quantidade por fun\u00e7\u00e3o:<\/strong><\/h2>\n<ul class=\"wp-block-list\">\n<li>Montador de formas\/auxiliar de montador \u2013 15<\/li>\n<li>Servente \u2013 9<\/li>\n<li>Pintor \u2013 8<\/li>\n<li>Pedreiro \u2013 12<\/li>\n<li>Pedreiro\/bloqueiro \u2013 4<\/li>\n<li>Auxiliar de servi\u00e7os gerais \u2013 6<\/li>\n<li>Armadores \u2013 3<\/li>\n<li>Gesseiro \u2013 6<\/li>\n<li>Pintor interno \u2013 8<\/li>\n<li>Pintor externo \u2013 4<\/li>\n<\/ul>\n<h3 class=\"wp-block-heading\"><strong>O que fazer?<\/strong><\/h3>\n<p>Para participar do processo seletivo, os interessados devem comparecer ao evento com o curr\u00edculo atualizado, carteira de trabalho (f\u00edsica ou digital) e documentos pessoais, como RG, CPF e comprovante de resid\u00eancia.<\/p>\n<p>A empresa divulgou que oferece remunera\u00e7\u00e3o compat\u00edvel com o mercado, al\u00e9m de benef\u00edcios como vale-transporte e vale-refei\u00e7\u00e3o.<\/p>\n<h4 class=\"wp-block-heading\"><strong>Servi\u00e7o<\/strong><\/h4>\n<p><em>Feira de Empregabilidade com 75 vagas na constru\u00e7\u00e3o civil em Ribeir\u00e3o Preto<\/em><\/p>\n<p>Quando: 6 de outubro (segunda-feira)<br \/>Hor\u00e1rio: Das 9h \u00e0s 16h<br \/>Onde: PAT (Posto de Atendimento ao Trabalhador) de Serrana, na avenida Ars\u00eanio Ramos Martins, 207, Centro<br \/>Mais informa\u00e7\u00f5es: (16) 98121-0225<\/p>\n<p>SAIBA MAIS<\/p>\n<p>Mutir\u00e3o do emprego em Ribeir\u00e3o Preto tem quase 4\u00a0 mil vagas; Veja como participar<\/p>\n<h5 class=\"wp-block-heading\"><strong>FIQUE ON<\/strong><\/h5>\n<p>Fique ligado em tudo que acontece em Ribeir\u00e3o Preto e regi\u00e3o. Siga os perfis do<strong>\u00a0acidade on<\/strong>\u00a0no<a href=\"https:\/\/www.instagram.com\/acidadeonribeirao\" target=\"_blank\" rel=\"noreferrer noopener\">\u00a0Instagram<\/a>\u00a0e no\u00a0<a href=\"https:\/\/www.facebook.com\/acidadeonribeirao\/\" target=\"_blank\" rel=\"noreferrer noopener\">Facebook<\/a>.<\/p>\n<p>Receba not\u00edcias do<strong>\u00a0acidade on\u00a0<\/strong>no WhatsApp. Para entrar no grupo,\u00a0basta<a href=\"https:\/\/chat.whatsapp.com\/I4nieTEMKlf50pJ28aMemC?mode=ac_t\" target=\"_blank\" rel=\"noreferrer noopener\">\u00a0clicar aqui<\/a>. Ou, acesse o nosso\u00a0Canal\u00a0<a href=\"https:\/\/whatsapp.com\/channel\/0029Vb6IQl1JENyAeS57fk2p\" target=\"_blank\" rel=\"noreferrer noopener\">clicando aqui<\/a>.<\/p>\n<p>Fa\u00e7a uma den\u00fancia ou sugira uma reportagem sobre Ribeir\u00e3o Preto e regi\u00e3o pelo WhatsApp: 16 99117 7802.<\/p>\n<p>VEJA TAMB\u00c9M<\/p>\n<p>Quando come\u00e7a a valer a isen\u00e7\u00e3o do IR?<\/p>\n<p><!-- AI CONTENT END 1 -->\n<\/div>\n<p><script async src=\"\/\/www.instagram.com\/embed.js\"><\/script><br \/>\n<br \/><br \/>\n<br \/><a href=\"https:\/\/www.acidadeon.com\/ribeiraopreto\/economia\/construtora-oferece-75-vagas-de-emprego-em-obras-de-ribeirao-preto\/\">Source link <\/a><\/p>\n<!-- CONTENT END 1 -->\n","protected":false},"excerpt":{"rendered":"<p>A construtora MRV oferece 75 vagas para trabalho em obras de Ribeir\u00e3o Preto. As oportunidades s\u00e3o para fun\u00e7\u00f5es como servente, pintor, pedreiro, gesseiro, entre outras&#8230;.<\/p>\n","protected":false},"author":1,"featured_media":78177,"comment_status":"open","ping_status":"open","sticky":false,"template":"","format":"standard","meta":{"advanced_seo_description":"","jetpack_seo_html_title":"","jetpack_seo_noindex":false,"jetpack_post_was_ever_published":false,"_jetpack_newsletter_access":"","_jetpack_dont_email_post_to_subs":false,"_jetpack_newsletter_tier_id":0,"_jetpack_memberships_contains_paywalled_content":false,"_jetpack_memberships_contains_paid_content":false,"footnotes":"","jetpack_publicize_message":"","jetpack_publicize_feature_enabled":true,"jetpack_social_post_already_shared":true,"jetpack_social_options":{"image_generator_settings":{"template":"highway","default_image_id":0,"font":"","enabled":false},"version":2}},"categories":[11],"tags":[],"class_list":["post-78176","post","type-post","status-publish","format-standard","has-post-thumbnail","hentry","category-noticias-de-ribeirao-preto-sp-e-regiao-ismael-colosi"],"jetpack_publicize_connections":[],"jetpack_featured_media_url":"https:\/\/i0.wp.com\/noticiasribeiraopreto.com.br\/wp-content\/uploads\/2025\/10\/970_2025-04-01_15-07-46_jpg_2025-04-01_15-07-46.webp.webp?fit=2000%2C1333&ssl=1","jetpack-related-posts":[{"id":80270,"url":"https:\/\/noticiasribeiraopreto.com.br\/index.php\/2025\/11\/18\/construtora-realiza-feirao-de-emprego-com-100-vagas-de-inicio-imediato-em-ribeirao\/","url_meta":{"origin":78176,"position":0},"title":"Construtora realiza feir\u00e3o de emprego com 100 vagas de in\u00edcio imediato em Ribeir\u00e3o","author":"noticiasribeiraopreto.com.br","date":"18 de November de 2025","format":false,"excerpt":"Ribeir\u00e3o Preto recebe nesta sexta-feira (21), um feir\u00e3o de empregos da construtora MRV com aproximadamente 100 oportunidades dispon\u00edveis para atua\u00e7\u00e3o em obras no munic\u00edpio. A iniciativa acontece das 9h \u00e0s 11h30 e das 13h \u00e0s 16h, na obra de um dos empreendimentos da empresa, localizado na avenida Norma Val\u00e9rio Corr\u00eaa,\u2026","rel":"","context":"In &quot;Not\u00edcias de Ribeir\u00e3o Preto-SP e Regi\u00e3o&quot;","block_context":{"text":"Not\u00edcias de Ribeir\u00e3o Preto-SP e Regi\u00e3o","link":"https:\/\/noticiasribeiraopreto.com.br\/index.php\/category\/noticias-de-ribeirao-preto-sp-e-regiao-ismael-colosi\/"},"img":{"alt_text":"","src":"https:\/\/i0.wp.com\/noticiasribeiraopreto.com.br\/wp-content\/uploads\/2025\/11\/AnyConv.com__emprego-mrv_2024-06-28_14-12-13-1024x683.webp.webp?fit=1024%2C683&ssl=1&resize=350%2C200","width":350,"height":200,"srcset":"https:\/\/i0.wp.com\/noticiasribeiraopreto.com.br\/wp-content\/uploads\/2025\/11\/AnyConv.com__emprego-mrv_2024-06-28_14-12-13-1024x683.webp.webp?fit=1024%2C683&ssl=1&resize=350%2C200 1x, https:\/\/i0.wp.com\/noticiasribeiraopreto.com.br\/wp-content\/uploads\/2025\/11\/AnyConv.com__emprego-mrv_2024-06-28_14-12-13-1024x683.webp.webp?fit=1024%2C683&ssl=1&resize=525%2C300 1.5x, https:\/\/i0.wp.com\/noticiasribeiraopreto.com.br\/wp-content\/uploads\/2025\/11\/AnyConv.com__emprego-mrv_2024-06-28_14-12-13-1024x683.webp.webp?fit=1024%2C683&ssl=1&resize=700%2C400 2x"},"classes":[]},{"id":66454,"url":"https:\/\/noticiasribeiraopreto.com.br\/index.php\/2025\/04\/01\/ribeirao-preto-tem-53-vagas-de-emprego-na-construcao-civil-confira\/","url_meta":{"origin":78176,"position":1},"title":"Ribeir\u00e3o Preto tem 53 vagas de emprego na constru\u00e7\u00e3o civil; Confira","author":"noticiasribeiraopreto.com.br","date":"1 de April de 2025","format":false,"excerpt":"Ribeir\u00e3o Preto oferece 53 vagas de emprego para atua\u00e7\u00e3o em diferentes \u00e1reas na constru\u00e7\u00e3o civil. As oportunidades s\u00e3o para montador de formas met\u00e1licas, auxiliar de montador de formas met\u00e1licas, armador, auxiliar de armador, pedreiro, servente, encarregado de obras, al\u00e9m de estagi\u00e1rio. Os interessados devem cadastrar o curr\u00edculo pela internet (clique\u2026","rel":"","context":"In &quot;Not\u00edcias de Ribeir\u00e3o Preto-SP e Regi\u00e3o&quot;","block_context":{"text":"Not\u00edcias de Ribeir\u00e3o Preto-SP e Regi\u00e3o","link":"https:\/\/noticiasribeiraopreto.com.br\/index.php\/category\/noticias-de-ribeirao-preto-sp-e-regiao-ismael-colosi\/"},"img":{"alt_text":"","src":"https:\/\/i0.wp.com\/noticiasribeiraopreto.com.br\/wp-content\/uploads\/2025\/04\/970_2025-04-01_15-07-46_jpg_2025-04-01_15-07-46.webp.webp?fit=1200%2C800&ssl=1&resize=350%2C200","width":350,"height":200,"srcset":"https:\/\/i0.wp.com\/noticiasribeiraopreto.com.br\/wp-content\/uploads\/2025\/04\/970_2025-04-01_15-07-46_jpg_2025-04-01_15-07-46.webp.webp?fit=1200%2C800&ssl=1&resize=350%2C200 1x, https:\/\/i0.wp.com\/noticiasribeiraopreto.com.br\/wp-content\/uploads\/2025\/04\/970_2025-04-01_15-07-46_jpg_2025-04-01_15-07-46.webp.webp?fit=1200%2C800&ssl=1&resize=525%2C300 1.5x, https:\/\/i0.wp.com\/noticiasribeiraopreto.com.br\/wp-content\/uploads\/2025\/04\/970_2025-04-01_15-07-46_jpg_2025-04-01_15-07-46.webp.webp?fit=1200%2C800&ssl=1&resize=700%2C400 2x, https:\/\/i0.wp.com\/noticiasribeiraopreto.com.br\/wp-content\/uploads\/2025\/04\/970_2025-04-01_15-07-46_jpg_2025-04-01_15-07-46.webp.webp?fit=1200%2C800&ssl=1&resize=1050%2C600 3x"},"classes":[]},{"id":76353,"url":"https:\/\/noticiasribeiraopreto.com.br\/index.php\/2025\/08\/27\/ribeirao-preto-tem-52-vagas-de-emprego-na-construcao-civil-veja-como-se-inscrever\/","url_meta":{"origin":78176,"position":2},"title":"Ribeir\u00e3o Preto tem 52 vagas de emprego na constru\u00e7\u00e3o civil; Veja como se inscrever","author":"noticiasribeiraopreto.com.br","date":"27 de August de 2025","format":false,"excerpt":"Ribeir\u00e3o Preto est\u00e1 com 52 oportunidades de trabalho para diferentes cargos na \u00e1rea da constru\u00e7\u00e3o civil. Entre as vagas dispon\u00edveis est\u00e3o 25 postos abertos para a fun\u00e7\u00e3o de montador, 08 vagas para pedreiro, 07 para servente, entre outras oportunidades para trabalhar como pintor e armador. Como se inscrever? Os interessados\u2026","rel":"","context":"In &quot;Not\u00edcias de Ribeir\u00e3o Preto-SP e Regi\u00e3o&quot;","block_context":{"text":"Not\u00edcias de Ribeir\u00e3o Preto-SP e Regi\u00e3o","link":"https:\/\/noticiasribeiraopreto.com.br\/index.php\/category\/noticias-de-ribeirao-preto-sp-e-regiao-ismael-colosi\/"},"img":{"alt_text":"","src":"https:\/\/i0.wp.com\/noticiasribeiraopreto.com.br\/wp-content\/uploads\/2025\/08\/WhatsApp-Image-2025-08-27-at-10.43.44_2025-08-27_15-19-31.webp.webp?fit=1200%2C800&ssl=1&resize=350%2C200","width":350,"height":200,"srcset":"https:\/\/i0.wp.com\/noticiasribeiraopreto.com.br\/wp-content\/uploads\/2025\/08\/WhatsApp-Image-2025-08-27-at-10.43.44_2025-08-27_15-19-31.webp.webp?fit=1200%2C800&ssl=1&resize=350%2C200 1x, https:\/\/i0.wp.com\/noticiasribeiraopreto.com.br\/wp-content\/uploads\/2025\/08\/WhatsApp-Image-2025-08-27-at-10.43.44_2025-08-27_15-19-31.webp.webp?fit=1200%2C800&ssl=1&resize=525%2C300 1.5x, https:\/\/i0.wp.com\/noticiasribeiraopreto.com.br\/wp-content\/uploads\/2025\/08\/WhatsApp-Image-2025-08-27-at-10.43.44_2025-08-27_15-19-31.webp.webp?fit=1200%2C800&ssl=1&resize=700%2C400 2x, https:\/\/i0.wp.com\/noticiasribeiraopreto.com.br\/wp-content\/uploads\/2025\/08\/WhatsApp-Image-2025-08-27-at-10.43.44_2025-08-27_15-19-31.webp.webp?fit=1200%2C800&ssl=1&resize=1050%2C600 3x"},"classes":[]},{"id":45319,"url":"https:\/\/noticiasribeiraopreto.com.br\/index.php\/2024\/04\/03\/a-procura-de-emprego-regiao-de-ribeirao-preto-esta-com-684-vagas-abertas-ribeirao-preto-e-franca-g1\/","url_meta":{"origin":78176,"position":3},"title":"\u00c0 procura de emprego? Regi\u00e3o de Ribeir\u00e3o Preto est\u00e1 com 684 vagas abertas | Ribeir\u00e3o Preto e Franca | G1","author":"noticiasribeiraopreto.com.br","date":"3 de April de 2024","format":false,"excerpt":"\u00c0 procura de emprego? Regi\u00e3o de Ribeir\u00e3o Preto est\u00e1 com 684 vagas abertas 1 de 1 Carteira de trabalho, em imagem de arquivo \u2014 Foto: Ag\u00eancia Bras\u00edlia Carteira de trabalho, em imagem de arquivo \u2014 Foto: Ag\u00eancia Bras\u00edlia Dez cidades das regi\u00f5es de Ribeir\u00e3o Preto (SP) e Franca (SP) est\u00e3o\u2026","rel":"","context":"In &quot;Vagas de Emprego em Ribeir\u00e3o Preto-SP&quot;","block_context":{"text":"Vagas de Emprego em Ribeir\u00e3o Preto-SP","link":"https:\/\/noticiasribeiraopreto.com.br\/index.php\/category\/empregos-classificados-vagas-trabalho\/vagas-de-empregos-em-ribeirao-preto-regiao-brasil\/"},"img":{"alt_text":"","src":"","width":0,"height":0},"classes":[]},{"id":42155,"url":"https:\/\/noticiasribeiraopreto.com.br\/index.php\/2024\/03\/13\/em-busca-de-emprego-ribeirao-preto-e-regiao-tem-803-vagas-abertas-veja-como-se-candidatar-ribeirao-preto-e-franca-g1-4\/","url_meta":{"origin":78176,"position":4},"title":"Em busca de emprego? Ribeir\u00e3o Preto e regi\u00e3o t\u00eam 803 vagas abertas; veja como se candidatar | Ribeir\u00e3o Preto e Franca | G1","author":"noticiasribeiraopreto.com.br","date":"13 de March de 2024","format":false,"excerpt":"Em busca de emprego? Ribeir\u00e3o Preto e regi\u00e3o t\u00eam 803 vagas abertas; veja como se candidatar 1 de 1 Carteira de Trabalho \u2014 Foto: Divulga\u00e7\u00e3o Seteq Carteira de Trabalho \u2014 Foto: Divulga\u00e7\u00e3o Seteq Dez cidades das regi\u00f5es de Ribeir\u00e3o Preto (SP) e Franca (SP) est\u00e3o com 803 vagas de emprego\u2026","rel":"","context":"In &quot;Vagas de Emprego em Ribeir\u00e3o Preto-SP&quot;","block_context":{"text":"Vagas de Emprego em Ribeir\u00e3o Preto-SP","link":"https:\/\/noticiasribeiraopreto.com.br\/index.php\/category\/empregos-classificados-vagas-trabalho\/vagas-de-empregos-em-ribeirao-preto-regiao-brasil\/"},"img":{"alt_text":"","src":"","width":0,"height":0},"classes":[]},{"id":41842,"url":"https:\/\/noticiasribeiraopreto.com.br\/index.php\/2024\/03\/11\/em-busca-de-emprego-ribeirao-preto-e-regiao-tem-803-vagas-abertas-veja-como-se-candidatar-ribeirao-preto-e-franca-g1-2\/","url_meta":{"origin":78176,"position":5},"title":"Em busca de emprego? Ribeir\u00e3o Preto e regi\u00e3o t\u00eam 803 vagas abertas; veja como se candidatar | Ribeir\u00e3o Preto e Franca | G1","author":"noticiasribeiraopreto.com.br","date":"11 de March de 2024","format":false,"excerpt":"Em busca de emprego? Ribeir\u00e3o Preto e regi\u00e3o t\u00eam 803 vagas abertas; veja como se candidatar 1 de 1 Carteira de Trabalho \u2014 Foto: Divulga\u00e7\u00e3o Seteq Carteira de Trabalho \u2014 Foto: Divulga\u00e7\u00e3o Seteq Dez cidades das regi\u00f5es de Ribeir\u00e3o Preto (SP) e Franca (SP) est\u00e3o com 803 vagas de emprego\u2026","rel":"","context":"In &quot;Vagas de Emprego em Ribeir\u00e3o Preto-SP&quot;","block_context":{"text":"Vagas de Emprego em Ribeir\u00e3o Preto-SP","link":"https:\/\/noticiasribeiraopreto.com.br\/index.php\/category\/empregos-classificados-vagas-trabalho\/vagas-de-empregos-em-ribeirao-preto-regiao-brasil\/"},"img":{"alt_text":"","src":"","width":0,"height":0},"classes":[]}],"jetpack_sharing_enabled":true,"jetpack_shortlink":"https:\/\/wp.me\/peQAOb-kkU","_links":{"self":[{"href":"https:\/\/noticiasribeiraopreto.com.br\/index.php\/wp-json\/wp\/v2\/posts\/78176","targetHints":{"allow":["GET"]}}],"collection":[{"href":"https:\/\/noticiasribeiraopreto.com.br\/index.php\/wp-json\/wp\/v2\/posts"}],"about":[{"href":"https:\/\/noticiasribeiraopreto.com.br\/index.php\/wp-json\/wp\/v2\/types\/post"}],"author":[{"embeddable":true,"href":"https:\/\/noticiasribeiraopreto.com.br\/index.php\/wp-json\/wp\/v2\/users\/1"}],"replies":[{"embeddable":true,"href":"https:\/\/noticiasribeiraopreto.com.br\/index.php\/wp-json\/wp\/v2\/comments?post=78176"}],"version-history":[{"count":0,"href":"https:\/\/noticiasribeiraopreto.com.br\/index.php\/wp-json\/wp\/v2\/posts\/78176\/revisions"}],"wp:featuredmedia":[{"embeddable":true,"href":"https:\/\/noticiasribeiraopreto.com.br\/index.php\/wp-json\/wp\/v2\/media\/78177"}],"wp:attachment":[{"href":"https:\/\/noticiasribeiraopreto.com.br\/index.php\/wp-json\/wp\/v2\/media?parent=78176"}],"wp:term":[{"taxonomy":"category","embeddable":true,"href":"https:\/\/noticiasribeiraopreto.com.br\/index.php\/wp-json\/wp\/v2\/categories?post=78176"},{"taxonomy":"post_tag","embeddable":true,"href":"https:\/\/noticiasribeiraopreto.com.br\/index.php\/wp-json\/wp\/v2\/tags?post=78176"}],"curies":[{"name":"wp","href":"https:\/\/api.w.org\/{rel}","templated":true}]}}