{"id":78178,"date":"2025-10-03T17:35:31","date_gmt":"2025-10-03T20:35:31","guid":{"rendered":"https:\/\/noticiasribeiraopreto.com.br\/index.php\/2025\/10\/03\/hospital-santa-lydia-divulga-edital-de-processo-seletivo-com-salarios-de-ate-r-87-mil-veja-vagas\/"},"modified":"2025-10-03T17:35:31","modified_gmt":"2025-10-03T20:35:31","slug":"hospital-santa-lydia-divulga-edital-de-processo-seletivo-com-salarios-de-ate-r-87-mil-veja-vagas","status":"publish","type":"post","link":"https:\/\/noticiasribeiraopreto.com.br\/index.php\/2025\/10\/03\/hospital-santa-lydia-divulga-edital-de-processo-seletivo-com-salarios-de-ate-r-87-mil-veja-vagas\/","title":{"rendered":"Hospital Santa Lydia divulga edital de processo seletivo com sal\u00e1rios de at\u00e9 R$ 8,7 mil; Veja vagas"},"content":{"rendered":"<div class='code-block code-block-1' style='margin: 8px 0 8px auto; text-align: right; display: block; clear: both;'>\n<p><a href=\"https:\/\/wa.link\/vpicfd\"><img data-recalc-dims=\"1\" class=\"wp-image-4922\" style=\"aspect-ratio: 2.0253164556962027; width: 561px; height: auto;\" src=\"https:\/\/i0.wp.com\/ismaelcolosi.com.br\/wp-content\/uploads\/2023\/11\/grupo-de-empregos-whatsapp-e-facebook-ismael-colosi-vagas.jpg?ssl=1\" alt=\"\" \/><\/a><\/p>\n<!-- \/wp:image -->\n<\/div>\n<p> <br \/>\n<\/p>\n<div data-td-block-uid=\"tdi_95\">\n<div class=\"tdb-block-inner td-fix-index\">\n<p>A<strong><a href=\"https:\/\/www.hospitalsantalydia.com.br\/\" target=\"_blank\" data-type=\"link\" data-id=\"https:\/\/www.hospitalsantalydia.com.br\/\" rel=\"noreferrer noopener\"> Funda\u00e7\u00e3o Hospital Santa Lydia de Ribeir\u00e3o Preto<\/a><\/strong> publicou, nesta sexta-feira (3), edital de <strong>processo seletivo<\/strong> para contrata\u00e7\u00e3o de profissionais de n\u00edvel m\u00e9dio e superior \u2013 veja as vagas abaixo.<\/p>\n<p>De acordo com o edital, <strong>s\u00e3o quatro vagas dispon\u00edveis<\/strong>, al\u00e9m de cadastro reserva. <mark style=\"background-color:#fcb900\" class=\"has-inline-color\">Os sal\u00e1rios variam entre <strong>R$ 3,1 mil e R$ 8,7 mil<\/strong>.<\/mark> A carga hor\u00e1ria varia entre 36 e 40 horas semanais.<\/p>\n<h2 class=\"wp-block-heading\"><strong>Como se inscrever?<\/strong><\/h2>\n<p>Os interessados em participar do <strong>processo seletivo do Hospital Santa Lydia<\/strong> devem se inscrever de forma online (<a href=\"https:\/\/www.hospitalsantalydia.com.br\/noticias\/editais\/processo-seletivo\/0092025\/20251003160215\" target=\"_blank\" data-type=\"link\" data-id=\"https:\/\/www.hospitalsantalydia.com.br\/noticias\/editais\/processo-seletivo\/0092025\/20251003160215\" rel=\"noreferrer noopener\">clique aqui<\/a>), a partir das 13h do dia 06 de outubro de 2025 at\u00e9 as 23h59 do dia 15 de outubro de 2025.<\/p>\n<p>A taxa de inscri\u00e7\u00e3o varia entre R$ 22,10 e R$ 22,62. O edital completo pode ser conferido no site da institui\u00e7\u00e3o \u2013 <a href=\"https:\/\/www.hospitalsantalydia.com.br\/noticias\/editais\/processo-seletivo\/0092025\/20251003160215\" target=\"_blank\" data-type=\"link\" data-id=\"https:\/\/www.hospitalsantalydia.com.br\/noticias\/editais\/processo-seletivo\/0092025\/20251003160215\" rel=\"noreferrer noopener\">clique aqui para acessar.<\/a><\/p>\n<h2 class=\"wp-block-heading\"><strong>Confira as vagas dispon\u00edveis<\/strong><\/h2>\n<ul class=\"wp-block-list\">\n<li><strong>Motorista socorrista <\/strong>\u2013 1 vaga + cadastro reserva (CR) | Sal\u00e1rio: R$ 3.186,92<\/li>\n<\/ul>\n<ul class=\"wp-block-list\">\n<li><strong>T\u00e9cnico de Enfermagem Socorrista<\/strong> \u2013 1 vaga + cadastro reserva (CR) | Sal\u00e1rio: R$ 3.347,72<\/li>\n<\/ul>\n<ul class=\"wp-block-list\">\n<li><strong>Enfermeiro Socorrista<\/strong> \u2013 1 vaga + cadastro reserva (CR) | Sal\u00e1rio: R$ 5.609,40<\/li>\n<\/ul>\n<ul class=\"wp-block-list\">\n<li><strong>Gerente de Enfermagem \u2013 Operacional<\/strong> \u2013 1 vaga + cadastro reserva (CR) | Sal\u00e1rio: R$ 8.725,74<\/li>\n<\/ul>\n<hr class=\"wp-block-separator has-alpha-channel-opacity\"\/>\n<p>SAIBA MAIS<\/p>\n<p>RP Mobi altera hor\u00e1rios de 11 linhas de \u00f4nibus a partir deste s\u00e1bado; Confira<\/p>\n<h2 class=\"wp-block-heading\"><strong>FIQUE ON<\/strong><\/h2>\n<p>Fique ligado em tudo que acontece em Ribeir\u00e3o Preto e regi\u00e3o. Siga os perfis do\u00a0<strong>acidade on<\/strong>\u00a0no<a href=\"https:\/\/www.instagram.com\/acidadeonribeirao\" target=\"_blank\" rel=\"noreferrer noopener\">\u00a0Instagram<\/a>\u00a0e no<a href=\"https:\/\/www.facebook.com\/acidadeonribeirao\/\" target=\"_blank\" rel=\"noreferrer noopener\">\u00a0Facebook<\/a>.<\/p>\n<p>Receba not\u00edcias do<strong>\u00a0acidade on<\/strong>\u00a0no WhatsApp. Para entrar no grupo,\u00a0basta\u00a0<a href=\"https:\/\/chat.whatsapp.com\/I4nieTEMKlf50pJ28aMemC?mode=ac_t\" target=\"_blank\" rel=\"noreferrer noopener\">clicar aqui<\/a>. Ou, acesse o nosso<a href=\"https:\/\/whatsapp.com\/channel\/0029Vb6IQl1JENyAeS57fk2p\" target=\"_blank\" rel=\"noreferrer noopener\">\u00a0Canal clicando aqui<\/a>.<\/p>\n<p>Fa\u00e7a uma den\u00fancia ou sugira uma reportagem sobre Ribeir\u00e3o Preto e regi\u00e3o pelo WhatsApp: 16 99117 7802.<\/p>\n<p>VEJA TAMB\u00c9M<\/p>\n<p>Qual \u00e9 o projeto que vai reunir estrelas da One Direction?<\/p>\n<p><!-- AI CONTENT END 1 -->\n<\/div>\n<\/div>\n<p><script async src=\"\/\/www.instagram.com\/embed.js\"><\/script><br \/>\n<br \/><br \/>\n<br \/><a href=\"https:\/\/www.acidadeon.com\/ribeiraopreto\/economia\/hospital-santa-lydia-divulga-edital-de-processo-seletivo-com-salarios-de-ate-r-87-mil\/\">Source link <\/a><\/p>\n<!-- CONTENT END 1 -->\n","protected":false},"excerpt":{"rendered":"<p>A Funda\u00e7\u00e3o Hospital Santa Lydia de Ribeir\u00e3o Preto publicou, nesta sexta-feira (3), edital de processo seletivo para contrata\u00e7\u00e3o de profissionais de n\u00edvel m\u00e9dio e superior&#8230;<\/p>\n","protected":false},"author":1,"featured_media":78179,"comment_status":"open","ping_status":"open","sticky":false,"template":"","format":"standard","meta":{"advanced_seo_description":"","jetpack_seo_html_title":"","jetpack_seo_noindex":false,"jetpack_post_was_ever_published":false,"_jetpack_newsletter_access":"","_jetpack_dont_email_post_to_subs":false,"_jetpack_newsletter_tier_id":0,"_jetpack_memberships_contains_paywalled_content":false,"_jetpack_memberships_contains_paid_content":false,"footnotes":"","jetpack_publicize_message":"","jetpack_publicize_feature_enabled":true,"jetpack_social_post_already_shared":true,"jetpack_social_options":{"image_generator_settings":{"template":"highway","default_image_id":0,"font":"","enabled":false},"version":2}},"categories":[11],"tags":[],"class_list":["post-78178","post","type-post","status-publish","format-standard","has-post-thumbnail","hentry","category-noticias-de-ribeirao-preto-sp-e-regiao-ismael-colosi"],"jetpack_publicize_connections":[],"jetpack_featured_media_url":"https:\/\/i0.wp.com\/noticiasribeiraopreto.com.br\/wp-content\/uploads\/2025\/10\/xandao_2025-10-03_20-26-49.webp.webp?fit=1200%2C800&ssl=1","jetpack-related-posts":[{"id":17588,"url":"https:\/\/noticiasribeiraopreto.com.br\/index.php\/2023\/12\/18\/hospital-santa-lydia-abre-processo-seletivo-com-salarios-de-r-10-mil\/","url_meta":{"origin":78178,"position":0},"title":"Hospital Santa Lydia abre processo seletivo com sal\u00e1rios de R$ 10 mil","author":"noticiasribeiraopreto.com.br","date":"18 de December de 2023","format":false,"excerpt":"A Funda\u00e7\u00e3o Hospital Santa Lydia de Ribeir\u00e3o Preto abriu processo seletivo com seis vagas de n\u00edvel fundamental, m\u00e9dio e superior com sal\u00e1rios entre R$ 1,4 mil R$ 10,6 mil. Tamb\u00e9m h\u00e1 oportunidades para cadastro de reserva. As inscri\u00e7\u00f5es devem ser realizadas at\u00e9 o dia 15 de janeiro de 2024 pela\u2026","rel":"","context":"In &quot;Not\u00edcias de Ribeir\u00e3o Preto-SP e Regi\u00e3o&quot;","block_context":{"text":"Not\u00edcias de Ribeir\u00e3o Preto-SP e Regi\u00e3o","link":"https:\/\/noticiasribeiraopreto.com.br\/index.php\/category\/noticias-de-ribeirao-preto-sp-e-regiao-ismael-colosi\/"},"img":{"alt_text":"","src":"https:\/\/i0.wp.com\/noticiasribeiraopreto.com.br\/wp-content\/uploads\/2023\/12\/santa-lydia.jpg?fit=1200%2C800&ssl=1&resize=350%2C200","width":350,"height":200,"srcset":"https:\/\/i0.wp.com\/noticiasribeiraopreto.com.br\/wp-content\/uploads\/2023\/12\/santa-lydia.jpg?fit=1200%2C800&ssl=1&resize=350%2C200 1x, https:\/\/i0.wp.com\/noticiasribeiraopreto.com.br\/wp-content\/uploads\/2023\/12\/santa-lydia.jpg?fit=1200%2C800&ssl=1&resize=525%2C300 1.5x, https:\/\/i0.wp.com\/noticiasribeiraopreto.com.br\/wp-content\/uploads\/2023\/12\/santa-lydia.jpg?fit=1200%2C800&ssl=1&resize=700%2C400 2x, https:\/\/i0.wp.com\/noticiasribeiraopreto.com.br\/wp-content\/uploads\/2023\/12\/santa-lydia.jpg?fit=1200%2C800&ssl=1&resize=1050%2C600 3x"},"classes":[]},{"id":81662,"url":"https:\/\/noticiasribeiraopreto.com.br\/index.php\/2026\/01\/13\/processo-seletivo-de-hospital-oferece-vagas-com-salarios-de-ate-r-109-mil-veja-ate-quando-se-inscrever\/","url_meta":{"origin":78178,"position":1},"title":"Processo seletivo de hospital oferece vagas com sal\u00e1rios de at\u00e9 R$ 10,9 mil; Veja at\u00e9 quando se inscrever","author":"noticiasribeiraopreto.com.br","date":"13 de January de 2026","format":false,"excerpt":"A Funda\u00e7\u00e3o Hospital Santa Lydia, em Ribeir\u00e3o Preto, continua com as inscri\u00e7\u00f5es abertas para um processo seletivo que pretende contratar profissionais de n\u00edvel fundamental, m\u00e9dio e superior. As vagas s\u00e3o para diferentes cargos, com sal\u00e1rios entre R$ 1,2 mil e R$ 10,9 mil, para jornadas que v\u00e3o de 20 a\u2026","rel":"","context":"In &quot;Not\u00edcias de Ribeir\u00e3o Preto-SP e Regi\u00e3o&quot;","block_context":{"text":"Not\u00edcias de Ribeir\u00e3o Preto-SP e Regi\u00e3o","link":"https:\/\/noticiasribeiraopreto.com.br\/index.php\/category\/noticias-de-ribeirao-preto-sp-e-regiao-ismael-colosi\/"},"img":{"alt_text":"","src":"https:\/\/i0.wp.com\/noticiasribeiraopreto.com.br\/wp-content\/uploads\/2026\/01\/santa-lydia-1024x683-1_2024-10-31_21-06-50_jpg_2024-10-31_21-06-50.webp.webp?fit=1024%2C683&ssl=1&resize=350%2C200","width":350,"height":200,"srcset":"https:\/\/i0.wp.com\/noticiasribeiraopreto.com.br\/wp-content\/uploads\/2026\/01\/santa-lydia-1024x683-1_2024-10-31_21-06-50_jpg_2024-10-31_21-06-50.webp.webp?fit=1024%2C683&ssl=1&resize=350%2C200 1x, https:\/\/i0.wp.com\/noticiasribeiraopreto.com.br\/wp-content\/uploads\/2026\/01\/santa-lydia-1024x683-1_2024-10-31_21-06-50_jpg_2024-10-31_21-06-50.webp.webp?fit=1024%2C683&ssl=1&resize=525%2C300 1.5x, https:\/\/i0.wp.com\/noticiasribeiraopreto.com.br\/wp-content\/uploads\/2026\/01\/santa-lydia-1024x683-1_2024-10-31_21-06-50_jpg_2024-10-31_21-06-50.webp.webp?fit=1024%2C683&ssl=1&resize=700%2C400 2x"},"classes":[]},{"id":79497,"url":"https:\/\/noticiasribeiraopreto.com.br\/index.php\/2025\/11\/02\/hospital-santa-lydia-abre-processo-seletivo-com-salarios-de-ate-r-4-mil\/","url_meta":{"origin":78178,"position":2},"title":"Hospital Santa Lydia abre processo seletivo com sal\u00e1rios de at\u00e9 R$ 4 mil","author":"noticiasribeiraopreto.com.br","date":"2 de November de 2025","format":false,"excerpt":"A Funda\u00e7\u00e3o Hospital Santa Lydia de Ribeir\u00e3o Preto abriu processo seletivo com quatro vagas e sal\u00e1rios que variam entre R$ 1.885,97 e R$ 4.096,98. As oportunidades s\u00e3o de n\u00edvel m\u00e9dio e superior e tamb\u00e9m contam com cadastro de reserva. As inscri\u00e7\u00f5es devem ser realizadas no per\u00edodo entre 3 de novembro\u2026","rel":"","context":"In &quot;Not\u00edcias de Ribeir\u00e3o Preto-SP e Regi\u00e3o&quot;","block_context":{"text":"Not\u00edcias de Ribeir\u00e3o Preto-SP e Regi\u00e3o","link":"https:\/\/noticiasribeiraopreto.com.br\/index.php\/category\/noticias-de-ribeirao-preto-sp-e-regiao-ismael-colosi\/"},"img":{"alt_text":"","src":"https:\/\/i0.wp.com\/noticiasribeiraopreto.com.br\/wp-content\/uploads\/2025\/11\/santa-lydia.jpg?fit=1200%2C800&ssl=1&resize=350%2C200","width":350,"height":200,"srcset":"https:\/\/i0.wp.com\/noticiasribeiraopreto.com.br\/wp-content\/uploads\/2025\/11\/santa-lydia.jpg?fit=1200%2C800&ssl=1&resize=350%2C200 1x, https:\/\/i0.wp.com\/noticiasribeiraopreto.com.br\/wp-content\/uploads\/2025\/11\/santa-lydia.jpg?fit=1200%2C800&ssl=1&resize=525%2C300 1.5x, https:\/\/i0.wp.com\/noticiasribeiraopreto.com.br\/wp-content\/uploads\/2025\/11\/santa-lydia.jpg?fit=1200%2C800&ssl=1&resize=700%2C400 2x, https:\/\/i0.wp.com\/noticiasribeiraopreto.com.br\/wp-content\/uploads\/2025\/11\/santa-lydia.jpg?fit=1200%2C800&ssl=1&resize=1050%2C600 3x"},"classes":[]},{"id":48033,"url":"https:\/\/noticiasribeiraopreto.com.br\/index.php\/2024\/04\/30\/hospital-santa-lydia-abre-processo-seletivo-emergencial-em-ribeirao-veja-as-vagas\/","url_meta":{"origin":78178,"position":3},"title":"Hospital Santa Lydia abre processo seletivo emergencial em Ribeir\u00e3o; Veja as vagas","author":"noticiasribeiraopreto.com.br","date":"30 de April de 2024","format":false,"excerpt":"A Funda\u00e7\u00e3o Hospital Santa Lydia de Ribeir\u00e3o Preto abriu um processo seletivo emergencial com duas vagas de n\u00edvel m\u00e9dio e t\u00e9cnico com sal\u00e1rios que variam de R$ 1,4 mil e R$ 2,3 mil. Os interessados em participar da sele\u00e7\u00e3o devem se inscrever at\u00e9 \u00e0s 16h do dia 13 de maio\u2026","rel":"","context":"In &quot;Not\u00edcias de Ribeir\u00e3o Preto-SP e Regi\u00e3o&quot;","block_context":{"text":"Not\u00edcias de Ribeir\u00e3o Preto-SP e Regi\u00e3o","link":"https:\/\/noticiasribeiraopreto.com.br\/index.php\/category\/noticias-de-ribeirao-preto-sp-e-regiao-ismael-colosi\/"},"img":{"alt_text":"","src":"https:\/\/i0.wp.com\/noticiasribeiraopreto.com.br\/wp-content\/uploads\/2024\/04\/Hospital-Santa-Lydia.jpg?fit=1200%2C799&ssl=1&resize=350%2C200","width":350,"height":200,"srcset":"https:\/\/i0.wp.com\/noticiasribeiraopreto.com.br\/wp-content\/uploads\/2024\/04\/Hospital-Santa-Lydia.jpg?fit=1200%2C799&ssl=1&resize=350%2C200 1x, https:\/\/i0.wp.com\/noticiasribeiraopreto.com.br\/wp-content\/uploads\/2024\/04\/Hospital-Santa-Lydia.jpg?fit=1200%2C799&ssl=1&resize=525%2C300 1.5x, https:\/\/i0.wp.com\/noticiasribeiraopreto.com.br\/wp-content\/uploads\/2024\/04\/Hospital-Santa-Lydia.jpg?fit=1200%2C799&ssl=1&resize=700%2C400 2x, https:\/\/i0.wp.com\/noticiasribeiraopreto.com.br\/wp-content\/uploads\/2024\/04\/Hospital-Santa-Lydia.jpg?fit=1200%2C799&ssl=1&resize=1050%2C600 3x"},"classes":[]},{"id":46587,"url":"https:\/\/noticiasribeiraopreto.com.br\/index.php\/2024\/04\/12\/hospital-santa-lydia-de-ribeirao-preto-tem-processo-seletivo-com-salarios-de-r-4-mil\/","url_meta":{"origin":78178,"position":4},"title":"Hospital Santa Lydia de Ribeir\u00e3o Preto tem processo seletivo com sal\u00e1rios de R$ 4 mil","author":"noticiasribeiraopreto.com.br","date":"12 de April de 2024","format":false,"excerpt":"A Funda\u00e7\u00e3o Hospital Santa Lydia de Ribeir\u00e3o Preto abriu processo seletivo com seis vagas, al\u00e9m de oportunidades para o cadastro de reserva. As vagas s\u00e3o de n\u00edvel fundamental, m\u00e9dio e superior e os sal\u00e1rios variam entre R$ 1.426,98 e R$ 4.096,98. S\u00e3o dois editais e o valor da taxa de\u2026","rel":"","context":"In &quot;Not\u00edcias de Ribeir\u00e3o Preto-SP e Regi\u00e3o&quot;","block_context":{"text":"Not\u00edcias de Ribeir\u00e3o Preto-SP e Regi\u00e3o","link":"https:\/\/noticiasribeiraopreto.com.br\/index.php\/category\/noticias-de-ribeirao-preto-sp-e-regiao-ismael-colosi\/"},"img":{"alt_text":"","src":"https:\/\/i0.wp.com\/noticiasribeiraopreto.com.br\/wp-content\/uploads\/2024\/04\/santa-lydia.jpg?fit=1200%2C800&ssl=1&resize=350%2C200","width":350,"height":200,"srcset":"https:\/\/i0.wp.com\/noticiasribeiraopreto.com.br\/wp-content\/uploads\/2024\/04\/santa-lydia.jpg?fit=1200%2C800&ssl=1&resize=350%2C200 1x, https:\/\/i0.wp.com\/noticiasribeiraopreto.com.br\/wp-content\/uploads\/2024\/04\/santa-lydia.jpg?fit=1200%2C800&ssl=1&resize=525%2C300 1.5x, https:\/\/i0.wp.com\/noticiasribeiraopreto.com.br\/wp-content\/uploads\/2024\/04\/santa-lydia.jpg?fit=1200%2C800&ssl=1&resize=700%2C400 2x, https:\/\/i0.wp.com\/noticiasribeiraopreto.com.br\/wp-content\/uploads\/2024\/04\/santa-lydia.jpg?fit=1200%2C800&ssl=1&resize=1050%2C600 3x"},"classes":[]},{"id":53983,"url":"https:\/\/noticiasribeiraopreto.com.br\/index.php\/2024\/06\/26\/hospital-santa-lydia-de-ribeirao-abre-processo-seletivo-emergencial-com-salario-de-r-7-mil\/","url_meta":{"origin":78178,"position":5},"title":"Hospital Santa Lydia de Ribeir\u00e3o abre processo seletivo emergencial com sal\u00e1rio de R$ 7 mil","author":"noticiasribeiraopreto.com.br","date":"26 de June de 2024","format":false,"excerpt":"A Funda\u00e7\u00e3o Hospital Santa Lydia de Ribeir\u00e3o Preto publicou edital de processo seletivo para contrata\u00e7\u00e3o emergencial de um profissional de ensino superior. A vaga \u00e9 para a fun\u00e7\u00e3o de Coordenador de Contabilidade e o sal\u00e1rio \u00e9 de R$ 7.954,91 para 40 horas semanais. A sele\u00e7\u00e3o acontece por an\u00e1lise de curr\u00edculo.\u2026","rel":"","context":"In &quot;Not\u00edcias de Ribeir\u00e3o Preto-SP e Regi\u00e3o&quot;","block_context":{"text":"Not\u00edcias de Ribeir\u00e3o Preto-SP e Regi\u00e3o","link":"https:\/\/noticiasribeiraopreto.com.br\/index.php\/category\/noticias-de-ribeirao-preto-sp-e-regiao-ismael-colosi\/"},"img":{"alt_text":"","src":"https:\/\/i0.wp.com\/noticiasribeiraopreto.com.br\/wp-content\/uploads\/2024\/06\/santa-lydia.jpg?fit=1200%2C800&ssl=1&resize=350%2C200","width":350,"height":200,"srcset":"https:\/\/i0.wp.com\/noticiasribeiraopreto.com.br\/wp-content\/uploads\/2024\/06\/santa-lydia.jpg?fit=1200%2C800&ssl=1&resize=350%2C200 1x, https:\/\/i0.wp.com\/noticiasribeiraopreto.com.br\/wp-content\/uploads\/2024\/06\/santa-lydia.jpg?fit=1200%2C800&ssl=1&resize=525%2C300 1.5x, https:\/\/i0.wp.com\/noticiasribeiraopreto.com.br\/wp-content\/uploads\/2024\/06\/santa-lydia.jpg?fit=1200%2C800&ssl=1&resize=700%2C400 2x, https:\/\/i0.wp.com\/noticiasribeiraopreto.com.br\/wp-content\/uploads\/2024\/06\/santa-lydia.jpg?fit=1200%2C800&ssl=1&resize=1050%2C600 3x"},"classes":[]}],"jetpack_sharing_enabled":true,"jetpack_shortlink":"https:\/\/wp.me\/peQAOb-kkW","_links":{"self":[{"href":"https:\/\/noticiasribeiraopreto.com.br\/index.php\/wp-json\/wp\/v2\/posts\/78178","targetHints":{"allow":["GET"]}}],"collection":[{"href":"https:\/\/noticiasribeiraopreto.com.br\/index.php\/wp-json\/wp\/v2\/posts"}],"about":[{"href":"https:\/\/noticiasribeiraopreto.com.br\/index.php\/wp-json\/wp\/v2\/types\/post"}],"author":[{"embeddable":true,"href":"https:\/\/noticiasribeiraopreto.com.br\/index.php\/wp-json\/wp\/v2\/users\/1"}],"replies":[{"embeddable":true,"href":"https:\/\/noticiasribeiraopreto.com.br\/index.php\/wp-json\/wp\/v2\/comments?post=78178"}],"version-history":[{"count":0,"href":"https:\/\/noticiasribeiraopreto.com.br\/index.php\/wp-json\/wp\/v2\/posts\/78178\/revisions"}],"wp:featuredmedia":[{"embeddable":true,"href":"https:\/\/noticiasribeiraopreto.com.br\/index.php\/wp-json\/wp\/v2\/media\/78179"}],"wp:attachment":[{"href":"https:\/\/noticiasribeiraopreto.com.br\/index.php\/wp-json\/wp\/v2\/media?parent=78178"}],"wp:term":[{"taxonomy":"category","embeddable":true,"href":"https:\/\/noticiasribeiraopreto.com.br\/index.php\/wp-json\/wp\/v2\/categories?post=78178"},{"taxonomy":"post_tag","embeddable":true,"href":"https:\/\/noticiasribeiraopreto.com.br\/index.php\/wp-json\/wp\/v2\/tags?post=78178"}],"curies":[{"name":"wp","href":"https:\/\/api.w.org\/{rel}","templated":true}]}}