{"id":78180,"date":"2025-10-03T17:44:04","date_gmt":"2025-10-03T20:44:04","guid":{"rendered":"https:\/\/noticiasribeiraopreto.com.br\/index.php\/2025\/10\/03\/hc-ribeirao-preto-descarta-caso-suspeito-de-intoxicacao-por-metanol\/"},"modified":"2025-10-03T17:44:04","modified_gmt":"2025-10-03T20:44:04","slug":"hc-ribeirao-preto-descarta-caso-suspeito-de-intoxicacao-por-metanol","status":"publish","type":"post","link":"https:\/\/noticiasribeiraopreto.com.br\/index.php\/2025\/10\/03\/hc-ribeirao-preto-descarta-caso-suspeito-de-intoxicacao-por-metanol\/","title":{"rendered":"HC Ribeir\u00e3o Preto descarta caso suspeito de intoxica\u00e7\u00e3o por metanol"},"content":{"rendered":"<div class='code-block code-block-1' style='margin: 8px 0 8px auto; text-align: right; display: block; clear: both;'>\n<p><a href=\"https:\/\/wa.link\/vpicfd\"><img data-recalc-dims=\"1\" class=\"wp-image-4922\" style=\"aspect-ratio: 2.0253164556962027; width: 561px; height: auto;\" src=\"https:\/\/i0.wp.com\/ismaelcolosi.com.br\/wp-content\/uploads\/2023\/11\/grupo-de-empregos-whatsapp-e-facebook-ismael-colosi-vagas.jpg?ssl=1\" alt=\"\" \/><\/a><\/p>\n<!-- \/wp:image -->\n<\/div>\n<p> <br \/>\n<\/p>\n<div data-td-block-uid=\"tdi_95\">\n<div class=\"tdb-block-inner td-fix-index\">\n<p>O<strong> Hospital das Cl\u00ednicas de Ribeir\u00e3o Preto<\/strong> informou na tarde desta sexta-feira (3) que o paciente de <strong>Barrinha<\/strong>, que havia sido internado por suspeita de intoxica\u00e7\u00e3o por metanol, <mark style=\"background-color:#fcb900\" class=\"has-inline-color has-black-color\">teve o diagn\u00f3stico descartado e j\u00e1 recebeu alta.<\/mark><\/p>\n<p>Contudo, o hospital informou que ainda investiga a situa\u00e7\u00e3o de um segundo paciente sob suspeita de consumo de bebida adulterada. O paciente \u00e9 morador de Ribeir\u00e3o Preto e tem 50 anos e segue sob avalia\u00e7\u00e3o neste momento.<\/p>\n<figure class=\"wp-block-image size-large\"><img data-recalc-dims=\"1\" fetchpriority=\"high\" decoding=\"async\" width=\"1024\" height=\"576\" src=\"https:\/\/i0.wp.com\/cdn.media-acidadeon.com.br\/ribeiraopreto\/wp-content\/uploads\/sites\/3\/2024\/05\/Copia-de-Copia-de-TAMANHO-EXATO-PARA-FOTOS-NO-SISTEMA-NOVO-3_2024-05-29_14-32-31_png_2024-05-29_14-32-31-1024x576.webp?resize=1024%2C576&#038;ssl=1\" alt=\"Unidade de Emerg\u00eancia do Hospital das Cl\u00ednicas atende pacientes de Ribeir\u00e3o Preto e regi\u00e3o - Foto: Divulga\u00e7\u00e3o.\" class=\"wp-image-82911\" title=\"HC Ribeir\u00e3o Preto descarta caso suspeito de intoxica\u00e7\u00e3o por metanol 1\" srcset=\"https:\/\/cdn.media-acidadeon.com.br\/ribeiraopreto\/wp-content\/uploads\/sites\/3\/2024\/05\/Copia-de-Copia-de-TAMANHO-EXATO-PARA-FOTOS-NO-SISTEMA-NOVO-3_2024-05-29_14-32-31_png_2024-05-29_14-32-31-1024x576.webp 1024w, https:\/\/cdn.media-acidadeon.com.br\/ribeiraopreto\/wp-content\/uploads\/sites\/3\/2024\/05\/Copia-de-Copia-de-TAMANHO-EXATO-PARA-FOTOS-NO-SISTEMA-NOVO-3_2024-05-29_14-32-31_png_2024-05-29_14-32-31-300x169.webp 300w, https:\/\/cdn.media-acidadeon.com.br\/ribeiraopreto\/wp-content\/uploads\/sites\/3\/2024\/05\/Copia-de-Copia-de-TAMANHO-EXATO-PARA-FOTOS-NO-SISTEMA-NOVO-3_2024-05-29_14-32-31_png_2024-05-29_14-32-31-768x432.webp 768w, https:\/\/cdn.media-acidadeon.com.br\/ribeiraopreto\/wp-content\/uploads\/sites\/3\/2024\/05\/Copia-de-Copia-de-TAMANHO-EXATO-PARA-FOTOS-NO-SISTEMA-NOVO-3_2024-05-29_14-32-31_png_2024-05-29_14-32-31-696x392.webp 696w, https:\/\/cdn.media-acidadeon.com.br\/ribeiraopreto\/wp-content\/uploads\/sites\/3\/2024\/05\/Copia-de-Copia-de-TAMANHO-EXATO-PARA-FOTOS-NO-SISTEMA-NOVO-3_2024-05-29_14-32-31_png_2024-05-29_14-32-31-1068x601.webp 1068w, https:\/\/cdn.media-acidadeon.com.br\/ribeiraopreto\/wp-content\/uploads\/sites\/3\/2024\/05\/Copia-de-Copia-de-TAMANHO-EXATO-PARA-FOTOS-NO-SISTEMA-NOVO-3_2024-05-29_14-32-31_png_2024-05-29_14-32-31.webp 1200w\" sizes=\"(max-width: 1024px) 100vw, 1024px\"\/><figcaption class=\"wp-element-caption\">Paciente est\u00e1 na Unidade de Emerg\u00eancia do Hospital das Cl\u00ednicas atende pacientes de Ribeir\u00e3o Preto e regi\u00e3o \u2013 Foto: Divulga\u00e7\u00e3o.<\/figcaption><\/figure>\n<h2 class=\"wp-block-heading\"><strong>Centro de refer\u00eancia<\/strong><\/h2>\n<p>O Hospital das Cl\u00ednicas de Ribeir\u00e3o Preto \u00e9 um dos tr\u00eas centros de refer\u00eancia no Estado de S\u00e3o Paulo para detec\u00e7\u00e3o e tratamento de pacientes intoxicados por metanol. A unidade j\u00e1 conta com ampolas de \u00e1lcool et\u00edlico, utilizado como ant\u00eddoto para o metanol.<\/p>\n<p>Al\u00e9m do ant\u00eddoto, a rede estadual refor\u00e7ou a estrutura laboratorial para confirmar a presen\u00e7a da subst\u00e2ncia no organismo.<\/p>\n<p>O novo protocolo do Estado prev\u00ea que as amostras de sangue ou urina coletadas em casos suspeitos sejam analisadas em at\u00e9 uma hora pelo Laborat\u00f3rio de Toxicologia Anal\u00edtica Forense (LATOF) do Departamento de Qu\u00edmica da Universidade de S\u00e3o Paulo de Ribeir\u00e3o Preto, por meio de cromatografia gasosa, m\u00e9todo considerado padr\u00e3o ouro para detec\u00e7\u00e3o de metanol.<\/p>\n<p>A coleta \u00e9 feita nas unidades de sa\u00fade e o Instituto Adolfo Lutz coordena a log\u00edstica de transporte das amostras at\u00e9 o laborat\u00f3rio.<\/p>\n<p>SAIBA MAIS<br \/>USP Ribeir\u00e3o Preto tem 39 pesquisadores entre os mais influentes do mundo; Veja quem s\u00e3o<\/p>\n<h2 class=\"wp-block-heading\"><strong>FIQUE ON<\/strong><\/h2>\n<p>Fique ligado em tudo que acontece em Ribeir\u00e3o Preto e regi\u00e3o. Siga os perfis do\u00a0<strong>acidade on<\/strong>\u00a0no<a href=\"https:\/\/www.instagram.com\/acidadeonribeirao\" target=\"_blank\" rel=\"noreferrer noopener\">\u00a0Instagram<\/a>\u00a0e no<a href=\"https:\/\/www.facebook.com\/acidadeonribeirao\/\" target=\"_blank\" rel=\"noreferrer noopener\">\u00a0Facebook<\/a>.<\/p>\n<p>Receba not\u00edcias do<strong>\u00a0acidade on<\/strong>\u00a0no WhatsApp. Para entrar no grupo,\u00a0basta\u00a0<a href=\"https:\/\/chat.whatsapp.com\/I4nieTEMKlf50pJ28aMemC?mode=ac_t\" target=\"_blank\" rel=\"noreferrer noopener\">clicar aqui<\/a>. Ou, acesse o nosso<a href=\"https:\/\/whatsapp.com\/channel\/0029Vb6IQl1JENyAeS57fk2p\" target=\"_blank\" rel=\"noreferrer noopener\">\u00a0Canal clicando aqui<\/a>.<\/p>\n<p>Fa\u00e7a uma den\u00fancia ou sugira uma reportagem sobre Ribeir\u00e3o Preto e regi\u00e3o pelo WhatsApp: 16 99117 7802.<\/p>\n<p>VEJA TAMB\u00c9M<br \/>Qual \u00e9 a pena para falsifica\u00e7\u00e3o de bebidas alco\u00f3licas?<\/p>\n<p><!-- AI CONTENT END 1 -->\n<\/div>\n<\/div>\n<p><script async src=\"\/\/www.instagram.com\/embed.js\"><\/script><br \/>\n<br \/><br \/>\n<br \/><a href=\"https:\/\/www.acidadeon.com\/ribeiraopreto\/cotidiano\/hc-ribeirao-preto-descarta-suspeito-de-intoxicacao-por-metanol\/\">Source link <\/a><\/p>\n<!-- CONTENT END 1 -->\n","protected":false},"excerpt":{"rendered":"<p>O Hospital das Cl\u00ednicas de Ribeir\u00e3o Preto informou na tarde desta sexta-feira (3) que o paciente de Barrinha, que havia sido internado por suspeita de&#8230;<\/p>\n","protected":false},"author":1,"featured_media":77886,"comment_status":"open","ping_status":"open","sticky":false,"template":"","format":"standard","meta":{"advanced_seo_description":"","jetpack_seo_html_title":"","jetpack_seo_noindex":false,"jetpack_post_was_ever_published":false,"_jetpack_newsletter_access":"","_jetpack_dont_email_post_to_subs":false,"_jetpack_newsletter_tier_id":0,"_jetpack_memberships_contains_paywalled_content":false,"_jetpack_memberships_contains_paid_content":false,"footnotes":"","jetpack_publicize_message":"","jetpack_publicize_feature_enabled":true,"jetpack_social_post_already_shared":true,"jetpack_social_options":{"image_generator_settings":{"template":"highway","default_image_id":0,"font":"","enabled":false},"version":2}},"categories":[11],"tags":[],"class_list":["post-78180","post","type-post","status-publish","format-standard","has-post-thumbnail","hentry","category-noticias-de-ribeirao-preto-sp-e-regiao-ismael-colosi"],"jetpack_publicize_connections":[],"jetpack_featured_media_url":"https:\/\/i0.wp.com\/noticiasribeiraopreto.com.br\/wp-content\/uploads\/2025\/09\/vodka-metanol_2025-09-27_18-26-58.webp.webp?fit=1200%2C800&ssl=1","jetpack-related-posts":[{"id":78214,"url":"https:\/\/noticiasribeiraopreto.com.br\/index.php\/2025\/10\/04\/jovem-da-regiao-de-ribeirao-morre-e-caso-e-investigado-por-suspeita-de-intoxicacao-por-metanol\/","url_meta":{"origin":78180,"position":0},"title":"Jovem da regi\u00e3o de Ribeir\u00e3o morre e caso \u00e9 investigado por suspeita de intoxica\u00e7\u00e3o por metanol","author":"noticiasribeiraopreto.com.br","date":"4 de October de 2025","format":false,"excerpt":"O estado de S\u00e3o Paulo informou que oito mortes s\u00e3o investigadas por suspeita de intoxica\u00e7\u00e3o por metanol nesta sexta-feira (3). Entre os casos, est\u00e1 um jovem de 27 anos de Cajuru, cidade da regi\u00e3o de Ribeir\u00e3o Preto. Segundo apura\u00e7\u00e3o da EPTV, a v\u00edtima morreu em 27 de setembro e, de\u2026","rel":"","context":"In &quot;Not\u00edcias de Ribeir\u00e3o Preto-SP e Regi\u00e3o&quot;","block_context":{"text":"Not\u00edcias de Ribeir\u00e3o Preto-SP e Regi\u00e3o","link":"https:\/\/noticiasribeiraopreto.com.br\/index.php\/category\/noticias-de-ribeirao-preto-sp-e-regiao-ismael-colosi\/"},"img":{"alt_text":"","src":"https:\/\/i0.wp.com\/noticiasribeiraopreto.com.br\/wp-content\/uploads\/2025\/10\/male-bartender-serving-glass-clear-drink_2025-10-04_19-54-13.webp.webp?fit=1200%2C900&ssl=1&resize=350%2C200","width":350,"height":200,"srcset":"https:\/\/i0.wp.com\/noticiasribeiraopreto.com.br\/wp-content\/uploads\/2025\/10\/male-bartender-serving-glass-clear-drink_2025-10-04_19-54-13.webp.webp?fit=1200%2C900&ssl=1&resize=350%2C200 1x, https:\/\/i0.wp.com\/noticiasribeiraopreto.com.br\/wp-content\/uploads\/2025\/10\/male-bartender-serving-glass-clear-drink_2025-10-04_19-54-13.webp.webp?fit=1200%2C900&ssl=1&resize=525%2C300 1.5x, https:\/\/i0.wp.com\/noticiasribeiraopreto.com.br\/wp-content\/uploads\/2025\/10\/male-bartender-serving-glass-clear-drink_2025-10-04_19-54-13.webp.webp?fit=1200%2C900&ssl=1&resize=700%2C400 2x, https:\/\/i0.wp.com\/noticiasribeiraopreto.com.br\/wp-content\/uploads\/2025\/10\/male-bartender-serving-glass-clear-drink_2025-10-04_19-54-13.webp.webp?fit=1200%2C900&ssl=1&resize=1050%2C600 3x"},"classes":[]},{"id":78091,"url":"https:\/\/noticiasribeiraopreto.com.br\/index.php\/2025\/10\/01\/paciente-e-internado-no-hc-de-ribeirao-por-suspeita-de-intoxicacao-por-metanol\/","url_meta":{"origin":78180,"position":1},"title":"Paciente \u00e9 internado no HC de Ribeir\u00e3o por suspeita de intoxica\u00e7\u00e3o por metanol","author":"noticiasribeiraopreto.com.br","date":"1 de October de 2025","format":false,"excerpt":"Um paciente de Barrinha, cidade na regi\u00e3o de Ribeir\u00e3o Preto, deu entrada no HC-RP (Hospital das Cl\u00ednicas de Ribeir\u00e3o Preto) com suspeita de intoxica\u00e7\u00e3o por metanol nesta quarta-feira (1\u00ba). De acordo com a apura\u00e7\u00e3o da EPTV, ele apresentou sintomas leves ap\u00f3s consumir u\u00edsque em um bar da cidade a cerca\u2026","rel":"","context":"In &quot;Not\u00edcias de Ribeir\u00e3o Preto-SP e Regi\u00e3o&quot;","block_context":{"text":"Not\u00edcias de Ribeir\u00e3o Preto-SP e Regi\u00e3o","link":"https:\/\/noticiasribeiraopreto.com.br\/index.php\/category\/noticias-de-ribeirao-preto-sp-e-regiao-ismael-colosi\/"},"img":{"alt_text":"","src":"https:\/\/i0.wp.com\/noticiasribeiraopreto.com.br\/wp-content\/uploads\/2025\/10\/53408978572_b00e8879d4_k-1024x683.jpg?fit=1024%2C683&ssl=1&resize=350%2C200","width":350,"height":200,"srcset":"https:\/\/i0.wp.com\/noticiasribeiraopreto.com.br\/wp-content\/uploads\/2025\/10\/53408978572_b00e8879d4_k-1024x683.jpg?fit=1024%2C683&ssl=1&resize=350%2C200 1x, https:\/\/i0.wp.com\/noticiasribeiraopreto.com.br\/wp-content\/uploads\/2025\/10\/53408978572_b00e8879d4_k-1024x683.jpg?fit=1024%2C683&ssl=1&resize=525%2C300 1.5x, https:\/\/i0.wp.com\/noticiasribeiraopreto.com.br\/wp-content\/uploads\/2025\/10\/53408978572_b00e8879d4_k-1024x683.jpg?fit=1024%2C683&ssl=1&resize=700%2C400 2x"},"classes":[]},{"id":78336,"url":"https:\/\/noticiasribeiraopreto.com.br\/index.php\/2025\/10\/08\/hospital-das-clinicas-de-ribeirao-preto-descarta-suspeitas-de-intoxicacao-por-metanol\/","url_meta":{"origin":78180,"position":2},"title":"Hospital das Cl\u00ednicas de Ribeir\u00e3o Preto descarta suspeitas de intoxica\u00e7\u00e3o por metanol","author":"noticiasribeiraopreto.com.br","date":"8 de October de 2025","format":false,"excerpt":"O Hospital das Cl\u00ednicas de Ribeir\u00e3o Preto informou, na tarde desta sexta-feira (3), que dois casos suspeitos de intoxica\u00e7\u00e3o por metanol foram descartados. Segundo a institui\u00e7\u00e3o, os exames realizados nas amostras de sangue dos pacientes n\u00e3o identificaram a presen\u00e7a da subst\u00e2ncia. O HC tamb\u00e9m atualizou as an\u00e1lises relacionadas \u00e0s mortes\u2026","rel":"","context":"In &quot;Not\u00edcias de Ribeir\u00e3o Preto-SP e Regi\u00e3o&quot;","block_context":{"text":"Not\u00edcias de Ribeir\u00e3o Preto-SP e Regi\u00e3o","link":"https:\/\/noticiasribeiraopreto.com.br\/index.php\/category\/noticias-de-ribeirao-preto-sp-e-regiao-ismael-colosi\/"},"img":{"alt_text":"","src":"https:\/\/i0.wp.com\/noticiasribeiraopreto.com.br\/wp-content\/uploads\/2025\/10\/Copia-de-Copia-de-TAMANHO-EXATO-PARA-FOTOS-NO-SISTEMA-NOVO-2_2024-05-12_20-35-47_jpg_2024-05-12_20-35-47.webp.webp?fit=1200%2C675&ssl=1&resize=350%2C200","width":350,"height":200,"srcset":"https:\/\/i0.wp.com\/noticiasribeiraopreto.com.br\/wp-content\/uploads\/2025\/10\/Copia-de-Copia-de-TAMANHO-EXATO-PARA-FOTOS-NO-SISTEMA-NOVO-2_2024-05-12_20-35-47_jpg_2024-05-12_20-35-47.webp.webp?fit=1200%2C675&ssl=1&resize=350%2C200 1x, https:\/\/i0.wp.com\/noticiasribeiraopreto.com.br\/wp-content\/uploads\/2025\/10\/Copia-de-Copia-de-TAMANHO-EXATO-PARA-FOTOS-NO-SISTEMA-NOVO-2_2024-05-12_20-35-47_jpg_2024-05-12_20-35-47.webp.webp?fit=1200%2C675&ssl=1&resize=525%2C300 1.5x, https:\/\/i0.wp.com\/noticiasribeiraopreto.com.br\/wp-content\/uploads\/2025\/10\/Copia-de-Copia-de-TAMANHO-EXATO-PARA-FOTOS-NO-SISTEMA-NOVO-2_2024-05-12_20-35-47_jpg_2024-05-12_20-35-47.webp.webp?fit=1200%2C675&ssl=1&resize=700%2C400 2x, https:\/\/i0.wp.com\/noticiasribeiraopreto.com.br\/wp-content\/uploads\/2025\/10\/Copia-de-Copia-de-TAMANHO-EXATO-PARA-FOTOS-NO-SISTEMA-NOVO-2_2024-05-12_20-35-47_jpg_2024-05-12_20-35-47.webp.webp?fit=1200%2C675&ssl=1&resize=1050%2C600 3x"},"classes":[]},{"id":78246,"url":"https:\/\/noticiasribeiraopreto.com.br\/index.php\/2025\/10\/07\/secretaria-de-saude-de-cidade-na-regiao-de-ribeirao-investiga-nova-morte-suspeita-de-intoxicacao-por-metanol\/","url_meta":{"origin":78180,"position":3},"title":"Secretaria de Sa\u00fade de cidade na regi\u00e3o de Ribeir\u00e3o investiga nova morte suspeita de intoxica\u00e7\u00e3o por metanol","author":"noticiasribeiraopreto.com.br","date":"7 de October de 2025","format":false,"excerpt":"A Secretaria de Sa\u00fade de Cajuru, cidade na regi\u00e3o de Ribeir\u00e3o Preto, investiga uma nova morte por suspeita de intoxica\u00e7\u00e3o por metanol. A informa\u00e7\u00e3o foi divulgada nesta segunda-feira (6). De acordo com as informa\u00e7\u00f5es da EPTV, a v\u00edtima \u00e9 uma mulher de 42 anos que foi encontrada morta dentro de\u2026","rel":"","context":"In &quot;Not\u00edcias de Ribeir\u00e3o Preto-SP e Regi\u00e3o&quot;","block_context":{"text":"Not\u00edcias de Ribeir\u00e3o Preto-SP e Regi\u00e3o","link":"https:\/\/noticiasribeiraopreto.com.br\/index.php\/category\/noticias-de-ribeirao-preto-sp-e-regiao-ismael-colosi\/"},"img":{"alt_text":"","src":"https:\/\/i0.wp.com\/noticiasribeiraopreto.com.br\/wp-content\/uploads\/2025\/10\/Copia-de-Copia-de-Copia-de-TAMANHO-EXATO-PARA-FOTOS-NO-SISTEMA-NOVO-2025-10-06T204623.707_2025-10-06_23-53-28.webp.webp?fit=1200%2C675&ssl=1&resize=350%2C200","width":350,"height":200,"srcset":"https:\/\/i0.wp.com\/noticiasribeiraopreto.com.br\/wp-content\/uploads\/2025\/10\/Copia-de-Copia-de-Copia-de-TAMANHO-EXATO-PARA-FOTOS-NO-SISTEMA-NOVO-2025-10-06T204623.707_2025-10-06_23-53-28.webp.webp?fit=1200%2C675&ssl=1&resize=350%2C200 1x, https:\/\/i0.wp.com\/noticiasribeiraopreto.com.br\/wp-content\/uploads\/2025\/10\/Copia-de-Copia-de-Copia-de-TAMANHO-EXATO-PARA-FOTOS-NO-SISTEMA-NOVO-2025-10-06T204623.707_2025-10-06_23-53-28.webp.webp?fit=1200%2C675&ssl=1&resize=525%2C300 1.5x, https:\/\/i0.wp.com\/noticiasribeiraopreto.com.br\/wp-content\/uploads\/2025\/10\/Copia-de-Copia-de-Copia-de-TAMANHO-EXATO-PARA-FOTOS-NO-SISTEMA-NOVO-2025-10-06T204623.707_2025-10-06_23-53-28.webp.webp?fit=1200%2C675&ssl=1&resize=700%2C400 2x, https:\/\/i0.wp.com\/noticiasribeiraopreto.com.br\/wp-content\/uploads\/2025\/10\/Copia-de-Copia-de-Copia-de-TAMANHO-EXATO-PARA-FOTOS-NO-SISTEMA-NOVO-2025-10-06T204623.707_2025-10-06_23-53-28.webp.webp?fit=1200%2C675&ssl=1&resize=1050%2C600 3x"},"classes":[]},{"id":78508,"url":"https:\/\/noticiasribeiraopreto.com.br\/index.php\/2025\/10\/12\/entenda-o-passo-a-passo-de-como-e-feita-a-analise-laboratorial-de-intoxicacao-por-metanol-em-ribeirao\/","url_meta":{"origin":78180,"position":4},"title":"Entenda o passo a passo de como \u00e9 feita a an\u00e1lise laboratorial de intoxica\u00e7\u00e3o por metanol em Ribeir\u00e3o","author":"noticiasribeiraopreto.com.br","date":"12 de October de 2025","format":false,"excerpt":"Em Ribeir\u00e3o Preto, o Latof-USP (Laborat\u00f3rio de Toxicologia Anal\u00edtica Forense da Universidade de S\u00e3o Paulo) desempenha papel central na confirma\u00e7\u00e3o ou descarte de casos de intoxica\u00e7\u00e3o por metanol entre pacientes de todo o estado de S\u00e3o Paulo. At\u00e9 a \u00faltima sexta-feira (10), 189 casos foram descartados ap\u00f3s an\u00e1lises cl\u00ednicas, enquanto\u2026","rel":"","context":"In &quot;Not\u00edcias de Ribeir\u00e3o Preto-SP e Regi\u00e3o&quot;","block_context":{"text":"Not\u00edcias de Ribeir\u00e3o Preto-SP e Regi\u00e3o","link":"https:\/\/noticiasribeiraopreto.com.br\/index.php\/category\/noticias-de-ribeirao-preto-sp-e-regiao-ismael-colosi\/"},"img":{"alt_text":"","src":"https:\/\/i0.wp.com\/noticiasribeiraopreto.com.br\/wp-content\/uploads\/2025\/10\/PIC-03-1024x578-1_2025-10-12_15-07-08.webp.webp?fit=1024%2C578&ssl=1&resize=350%2C200","width":350,"height":200,"srcset":"https:\/\/i0.wp.com\/noticiasribeiraopreto.com.br\/wp-content\/uploads\/2025\/10\/PIC-03-1024x578-1_2025-10-12_15-07-08.webp.webp?fit=1024%2C578&ssl=1&resize=350%2C200 1x, https:\/\/i0.wp.com\/noticiasribeiraopreto.com.br\/wp-content\/uploads\/2025\/10\/PIC-03-1024x578-1_2025-10-12_15-07-08.webp.webp?fit=1024%2C578&ssl=1&resize=525%2C300 1.5x, https:\/\/i0.wp.com\/noticiasribeiraopreto.com.br\/wp-content\/uploads\/2025\/10\/PIC-03-1024x578-1_2025-10-12_15-07-08.webp.webp?fit=1024%2C578&ssl=1&resize=700%2C400 2x"},"classes":[]},{"id":78141,"url":"https:\/\/noticiasribeiraopreto.com.br\/index.php\/2025\/10\/02\/laboratorio-da-usp-ribeirao-vai-receber-amostras-de-pacientes-com-suspeita-de-intoxicacao-por-metanol-para-analise\/","url_meta":{"origin":78180,"position":5},"title":"Laborat\u00f3rio da USP Ribeir\u00e3o vai receber amostras de pacientes com suspeita de intoxica\u00e7\u00e3o por metanol para an\u00e1lise","author":"noticiasribeiraopreto.com.br","date":"2 de October de 2025","format":false,"excerpt":"A USP (Universidade de S\u00e3o Paulo) de Ribeir\u00e3o Preto vai auxiliar na an\u00e1lise de amostras de pacientes com suspeita de intoxica\u00e7\u00e3o por metanol no estado de S\u00e3o Paulo. A expectativa \u00e9 de que pelo menos dez amostras cheguem ao laborat\u00f3rio da institui\u00e7\u00e3o nos pr\u00f3ximos dias. Um balan\u00e7o divulgado nesta quinta-feira\u2026","rel":"","context":"In &quot;Not\u00edcias de Ribeir\u00e3o Preto-SP e Regi\u00e3o&quot;","block_context":{"text":"Not\u00edcias de Ribeir\u00e3o Preto-SP e Regi\u00e3o","link":"https:\/\/noticiasribeiraopreto.com.br\/index.php\/category\/noticias-de-ribeirao-preto-sp-e-regiao-ismael-colosi\/"},"img":{"alt_text":"","src":"https:\/\/i0.wp.com\/noticiasribeiraopreto.com.br\/wp-content\/uploads\/2025\/10\/Copia-de-Copia-de-Copia-de-TAMANHO-EXATO-PARA-FOTOS-NO-SISTEMA-NOVO-2025-10-02T200753.488_2025-10-02_23-08-02.webp.webp?fit=1200%2C675&ssl=1&resize=350%2C200","width":350,"height":200,"srcset":"https:\/\/i0.wp.com\/noticiasribeiraopreto.com.br\/wp-content\/uploads\/2025\/10\/Copia-de-Copia-de-Copia-de-TAMANHO-EXATO-PARA-FOTOS-NO-SISTEMA-NOVO-2025-10-02T200753.488_2025-10-02_23-08-02.webp.webp?fit=1200%2C675&ssl=1&resize=350%2C200 1x, https:\/\/i0.wp.com\/noticiasribeiraopreto.com.br\/wp-content\/uploads\/2025\/10\/Copia-de-Copia-de-Copia-de-TAMANHO-EXATO-PARA-FOTOS-NO-SISTEMA-NOVO-2025-10-02T200753.488_2025-10-02_23-08-02.webp.webp?fit=1200%2C675&ssl=1&resize=525%2C300 1.5x, https:\/\/i0.wp.com\/noticiasribeiraopreto.com.br\/wp-content\/uploads\/2025\/10\/Copia-de-Copia-de-Copia-de-TAMANHO-EXATO-PARA-FOTOS-NO-SISTEMA-NOVO-2025-10-02T200753.488_2025-10-02_23-08-02.webp.webp?fit=1200%2C675&ssl=1&resize=700%2C400 2x, https:\/\/i0.wp.com\/noticiasribeiraopreto.com.br\/wp-content\/uploads\/2025\/10\/Copia-de-Copia-de-Copia-de-TAMANHO-EXATO-PARA-FOTOS-NO-SISTEMA-NOVO-2025-10-02T200753.488_2025-10-02_23-08-02.webp.webp?fit=1200%2C675&ssl=1&resize=1050%2C600 3x"},"classes":[]}],"jetpack_sharing_enabled":true,"jetpack_shortlink":"https:\/\/wp.me\/peQAOb-kkY","_links":{"self":[{"href":"https:\/\/noticiasribeiraopreto.com.br\/index.php\/wp-json\/wp\/v2\/posts\/78180","targetHints":{"allow":["GET"]}}],"collection":[{"href":"https:\/\/noticiasribeiraopreto.com.br\/index.php\/wp-json\/wp\/v2\/posts"}],"about":[{"href":"https:\/\/noticiasribeiraopreto.com.br\/index.php\/wp-json\/wp\/v2\/types\/post"}],"author":[{"embeddable":true,"href":"https:\/\/noticiasribeiraopreto.com.br\/index.php\/wp-json\/wp\/v2\/users\/1"}],"replies":[{"embeddable":true,"href":"https:\/\/noticiasribeiraopreto.com.br\/index.php\/wp-json\/wp\/v2\/comments?post=78180"}],"version-history":[{"count":0,"href":"https:\/\/noticiasribeiraopreto.com.br\/index.php\/wp-json\/wp\/v2\/posts\/78180\/revisions"}],"wp:featuredmedia":[{"embeddable":true,"href":"https:\/\/noticiasribeiraopreto.com.br\/index.php\/wp-json\/wp\/v2\/media\/77886"}],"wp:attachment":[{"href":"https:\/\/noticiasribeiraopreto.com.br\/index.php\/wp-json\/wp\/v2\/media?parent=78180"}],"wp:term":[{"taxonomy":"category","embeddable":true,"href":"https:\/\/noticiasribeiraopreto.com.br\/index.php\/wp-json\/wp\/v2\/categories?post=78180"},{"taxonomy":"post_tag","embeddable":true,"href":"https:\/\/noticiasribeiraopreto.com.br\/index.php\/wp-json\/wp\/v2\/tags?post=78180"}],"curies":[{"name":"wp","href":"https:\/\/api.w.org\/{rel}","templated":true}]}}